{"id":46159,"date":"2021-04-29T11:46:37","date_gmt":"2021-04-29T14:46:37","guid":{"rendered":"https:\/\/regiaonews.net.br\/2022\/?p=46159"},"modified":"2021-04-29T11:49:09","modified_gmt":"2021-04-29T14:49:09","slug":"policia-civil-de-barretos-desencadeia-operacao-de-combate-a-roubos-armados-a-residencias","status":"publish","type":"post","link":"https:\/\/regiaonews.net.br\/2022\/2021\/04\/29\/policia-civil-de-barretos-desencadeia-operacao-de-combate-a-roubos-armados-a-residencias\/","title":{"rendered":"Pol\u00edcia Civil de Barretos desencadeou opera\u00e7\u00e3o de combate a roubos armados em resid\u00eancias"},"content":{"rendered":"<p><a href=\"https:\/\/regiaonews.net.br\/2022\/wp-content\/uploads\/2021\/04\/67406915-1220-442f-92c7-1e84a3cc2abf.jpg\"><img loading=\"lazy\" decoding=\"async\" class=\"alignnone size-medium wp-image-46160\" src=\"https:\/\/regiaonews.net.br\/2022\/wp-content\/uploads\/2021\/04\/67406915-1220-442f-92c7-1e84a3cc2abf-300x225.jpg\" alt=\"\" width=\"300\" height=\"225\" \/><\/a><\/p>\n<p>A Pol\u00edcia Civil de Barretos, por interm\u00e9dio da DIG\/DISE, com apoio de policiais civis de outras unidades subordinadas \u00e0 Delegacia Seccional de Barretos, assim como da Pol\u00edcia Civil de Minas Gerais (Delegacias Regionais de Uberaba e de Araguari), desencadeou, na manh\u00e3 desta quinta-feira (29), a chamada opera\u00e7\u00e3o \u201cExternus\u201d, destinada a prender indiv\u00edduos que praticaram, nos meses de fevereiro e mar\u00e7o de 2021, ao menos dois roubos armados a resid\u00eancias na cidade de Barretos.<br \/>\nEm ambos os roubos, os indiv\u00edduos estavam armados com rev\u00f3lveres e pistolas, tendo eles invadido as resid\u00eancias e mantido seus moradores com a liberdade restrita. Ap\u00f3s manter as v\u00edtimas ref\u00e9ns, eles subtra\u00edram os objetos do im\u00f3vel, a exemplo de televisores, joias, perfumes e dinheiro, colocando os objetos nos pr\u00f3prios ve\u00edculos das v\u00edtimas, os quais tamb\u00e9m eram subtra\u00eddos.<br \/>\nNo primeiro roubo, al\u00e9m dos objetos que foram subtra\u00eddos do im\u00f3vel, os investigados levaram um ve\u00edculo GM\/Corsa. J\u00e1 no segundo roubo, os indiv\u00edduos subtra\u00edram dinheiro, perfumes e uma caminhonete TOYOTA\/HILUX, a qual foi posteriormente localizada abandonada em Uberaba.<br \/>\nLogo ap\u00f3s os roubos, foram realizadas diversas dilig\u00eancias pelos policiais civis, os quais, atrav\u00e9s de investiga\u00e7\u00e3o e troca de informa\u00e7\u00f5es com as pol\u00edcias mineiras, possibilitaram a identifica\u00e7\u00e3o dos roubadores. Assim, a autoridade policial que preside o feito, solicitou ao Judici\u00e1rio a expedi\u00e7\u00e3o de mandados de pris\u00e3o tempor\u00e1ria e de busca e apreens\u00e3o.<br \/>\nVinte e seis policiais paulistas sa\u00edram \u00e0s ruas para cumprir 3 (tr\u00eas) mandados de pris\u00e3o tempor\u00e1ria e 9 (nove) mandados de busca e apreens\u00e3o na cidade mineira de Uberaba e 1 (um) mandado de busca e apreens\u00e3o na cidade de Araguari\/MG, munic\u00edpios onde residem os investigados. Os mandados foram cumpridos com apoio da Pol\u00edcia Civil de Uberaba e de Araguari\/MG.<br \/>\nUm indiv\u00edduo foi preso e outros dois permanecem foragidos. V\u00e1rios objetos roubados, incluindo uma televis\u00e3o, foram recuperados.<\/p>\n","protected":false},"excerpt":{"rendered":"<p>A Pol\u00edcia Civil de Barretos, por interm\u00e9dio da DIG\/DISE, com<\/p>\n","protected":false},"author":2,"featured_media":46160,"comment_status":"open","ping_status":"open","sticky":false,"template":"","format":"standard","meta":{"footnotes":""},"categories":[14,25,23],"tags":[],"class_list":["post-46159","post","type-post","status-publish","format-standard","has-post-thumbnail","hentry","category-barretos","category-cidades","category-policia"],"yoast_head":"<!-- This site is optimized with the Yoast SEO plugin v27.4 - https:\/\/yoast.com\/product\/yoast-seo-wordpress\/ -->\n<title>Pol\u00edcia Civil de Barretos desencadeou opera\u00e7\u00e3o de combate a roubos armados em resid\u00eancias - Regi\u00e3o News<\/title>\n<meta name=\"robots\" content=\"index, follow, max-snippet:-1, max-image-preview:large, max-video-preview:-1\" \/>\n<link rel=\"canonical\" href=\"https:\/\/regiaonews.net.br\/2022\/2021\/04\/29\/policia-civil-de-barretos-desencadeia-operacao-de-combate-a-roubos-armados-a-residencias\/\" \/>\n<meta property=\"og:locale\" content=\"pt_BR\" \/>\n<meta property=\"og:type\" content=\"article\" \/>\n<meta property=\"og:title\" content=\"Pol\u00edcia Civil de Barretos desencadeou opera\u00e7\u00e3o de combate a roubos armados em resid\u00eancias - Regi\u00e3o News\" \/>\n<meta property=\"og:description\" content=\"A Pol\u00edcia Civil de Barretos, por interm\u00e9dio da DIG\/DISE, com\" \/>\n<meta property=\"og:url\" content=\"https:\/\/regiaonews.net.br\/2022\/2021\/04\/29\/policia-civil-de-barretos-desencadeia-operacao-de-combate-a-roubos-armados-a-residencias\/\" \/>\n<meta property=\"og:site_name\" content=\"Regi\u00e3o News\" \/>\n<meta property=\"article:published_time\" content=\"2021-04-29T14:46:37+00:00\" \/>\n<meta property=\"article:modified_time\" content=\"2021-04-29T14:49:09+00:00\" \/>\n<meta property=\"og:image\" content=\"https:\/\/regiaonews.net.br\/2022\/wp-content\/uploads\/2021\/04\/67406915-1220-442f-92c7-1e84a3cc2abf.jpg\" \/>\n\t<meta property=\"og:image:width\" content=\"1280\" \/>\n\t<meta property=\"og:image:height\" content=\"960\" \/>\n\t<meta property=\"og:image:type\" content=\"image\/jpeg\" \/>\n<meta name=\"author\" content=\"Roberto\" \/>\n<meta name=\"twitter:card\" content=\"summary_large_image\" \/>\n<meta name=\"twitter:label1\" content=\"Escrito por\" \/>\n\t<meta name=\"twitter:data1\" content=\"Roberto\" \/>\n\t<meta name=\"twitter:label2\" content=\"Est. tempo de leitura\" \/>\n\t<meta name=\"twitter:data2\" content=\"2 minutos\" \/>\n<script type=\"application\/ld+json\" class=\"yoast-schema-graph\">{\"@context\":\"https:\\\/\\\/schema.org\",\"@graph\":[{\"@type\":\"Article\",\"@id\":\"https:\\\/\\\/regiaonews.net.br\\\/2022\\\/2021\\\/04\\\/29\\\/policia-civil-de-barretos-desencadeia-operacao-de-combate-a-roubos-armados-a-residencias\\\/#article\",\"isPartOf\":{\"@id\":\"https:\\\/\\\/regiaonews.net.br\\\/2022\\\/2021\\\/04\\\/29\\\/policia-civil-de-barretos-desencadeia-operacao-de-combate-a-roubos-armados-a-residencias\\\/\"},\"author\":{\"name\":\"Roberto\",\"@id\":\"https:\\\/\\\/regiaonews.net.br\\\/2022\\\/#\\\/schema\\\/person\\\/2d205a608a5aa97ac279d7a5e6d89ad8\"},\"headline\":\"Pol\u00edcia Civil de Barretos desencadeou opera\u00e7\u00e3o de combate a roubos armados em resid\u00eancias\",\"datePublished\":\"2021-04-29T14:46:37+00:00\",\"dateModified\":\"2021-04-29T14:49:09+00:00\",\"mainEntityOfPage\":{\"@id\":\"https:\\\/\\\/regiaonews.net.br\\\/2022\\\/2021\\\/04\\\/29\\\/policia-civil-de-barretos-desencadeia-operacao-de-combate-a-roubos-armados-a-residencias\\\/\"},\"wordCount\":361,\"commentCount\":0,\"publisher\":{\"@id\":\"https:\\\/\\\/regiaonews.net.br\\\/2022\\\/#organization\"},\"image\":{\"@id\":\"https:\\\/\\\/regiaonews.net.br\\\/2022\\\/2021\\\/04\\\/29\\\/policia-civil-de-barretos-desencadeia-operacao-de-combate-a-roubos-armados-a-residencias\\\/#primaryimage\"},\"thumbnailUrl\":\"https:\\\/\\\/regiaonews.net.br\\\/2022\\\/wp-content\\\/uploads\\\/2021\\\/04\\\/67406915-1220-442f-92c7-1e84a3cc2abf.jpg\",\"articleSection\":[\"Barretos\",\"Cidades\",\"Policia\"],\"inLanguage\":\"pt-BR\",\"potentialAction\":[{\"@type\":\"CommentAction\",\"name\":\"Comment\",\"target\":[\"https:\\\/\\\/regiaonews.net.br\\\/2022\\\/2021\\\/04\\\/29\\\/policia-civil-de-barretos-desencadeia-operacao-de-combate-a-roubos-armados-a-residencias\\\/#respond\"]}]},{\"@type\":\"WebPage\",\"@id\":\"https:\\\/\\\/regiaonews.net.br\\\/2022\\\/2021\\\/04\\\/29\\\/policia-civil-de-barretos-desencadeia-operacao-de-combate-a-roubos-armados-a-residencias\\\/\",\"url\":\"https:\\\/\\\/regiaonews.net.br\\\/2022\\\/2021\\\/04\\\/29\\\/policia-civil-de-barretos-desencadeia-operacao-de-combate-a-roubos-armados-a-residencias\\\/\",\"name\":\"Pol\u00edcia Civil de Barretos desencadeou opera\u00e7\u00e3o de combate a roubos armados em resid\u00eancias - Regi\u00e3o News\",\"isPartOf\":{\"@id\":\"https:\\\/\\\/regiaonews.net.br\\\/2022\\\/#website\"},\"primaryImageOfPage\":{\"@id\":\"https:\\\/\\\/regiaonews.net.br\\\/2022\\\/2021\\\/04\\\/29\\\/policia-civil-de-barretos-desencadeia-operacao-de-combate-a-roubos-armados-a-residencias\\\/#primaryimage\"},\"image\":{\"@id\":\"https:\\\/\\\/regiaonews.net.br\\\/2022\\\/2021\\\/04\\\/29\\\/policia-civil-de-barretos-desencadeia-operacao-de-combate-a-roubos-armados-a-residencias\\\/#primaryimage\"},\"thumbnailUrl\":\"https:\\\/\\\/regiaonews.net.br\\\/2022\\\/wp-content\\\/uploads\\\/2021\\\/04\\\/67406915-1220-442f-92c7-1e84a3cc2abf.jpg\",\"datePublished\":\"2021-04-29T14:46:37+00:00\",\"dateModified\":\"2021-04-29T14:49:09+00:00\",\"breadcrumb\":{\"@id\":\"https:\\\/\\\/regiaonews.net.br\\\/2022\\\/2021\\\/04\\\/29\\\/policia-civil-de-barretos-desencadeia-operacao-de-combate-a-roubos-armados-a-residencias\\\/#breadcrumb\"},\"inLanguage\":\"pt-BR\",\"potentialAction\":[{\"@type\":\"ReadAction\",\"target\":[\"https:\\\/\\\/regiaonews.net.br\\\/2022\\\/2021\\\/04\\\/29\\\/policia-civil-de-barretos-desencadeia-operacao-de-combate-a-roubos-armados-a-residencias\\\/\"]}]},{\"@type\":\"ImageObject\",\"inLanguage\":\"pt-BR\",\"@id\":\"https:\\\/\\\/regiaonews.net.br\\\/2022\\\/2021\\\/04\\\/29\\\/policia-civil-de-barretos-desencadeia-operacao-de-combate-a-roubos-armados-a-residencias\\\/#primaryimage\",\"url\":\"https:\\\/\\\/regiaonews.net.br\\\/2022\\\/wp-content\\\/uploads\\\/2021\\\/04\\\/67406915-1220-442f-92c7-1e84a3cc2abf.jpg\",\"contentUrl\":\"https:\\\/\\\/regiaonews.net.br\\\/2022\\\/wp-content\\\/uploads\\\/2021\\\/04\\\/67406915-1220-442f-92c7-1e84a3cc2abf.jpg\",\"width\":1280,\"height\":960},{\"@type\":\"BreadcrumbList\",\"@id\":\"https:\\\/\\\/regiaonews.net.br\\\/2022\\\/2021\\\/04\\\/29\\\/policia-civil-de-barretos-desencadeia-operacao-de-combate-a-roubos-armados-a-residencias\\\/#breadcrumb\",\"itemListElement\":[{\"@type\":\"ListItem\",\"position\":1,\"name\":\"In\u00edcio\",\"item\":\"https:\\\/\\\/regiaonews.net.br\\\/2022\\\/\"},{\"@type\":\"ListItem\",\"position\":2,\"name\":\"Pol\u00edcia Civil de Barretos desencadeou opera\u00e7\u00e3o de combate a roubos armados em resid\u00eancias\"}]},{\"@type\":\"WebSite\",\"@id\":\"https:\\\/\\\/regiaonews.net.br\\\/2022\\\/#website\",\"url\":\"https:\\\/\\\/regiaonews.net.br\\\/2022\\\/\",\"name\":\"Regi\u00e3o News\",\"description\":\"Site de Not\u00edcias de Barretos e regi\u00e3o\",\"publisher\":{\"@id\":\"https:\\\/\\\/regiaonews.net.br\\\/2022\\\/#organization\"},\"potentialAction\":[{\"@type\":\"SearchAction\",\"target\":{\"@type\":\"EntryPoint\",\"urlTemplate\":\"https:\\\/\\\/regiaonews.net.br\\\/2022\\\/?s={search_term_string}\"},\"query-input\":{\"@type\":\"PropertyValueSpecification\",\"valueRequired\":true,\"valueName\":\"search_term_string\"}}],\"inLanguage\":\"pt-BR\"},{\"@type\":\"Organization\",\"@id\":\"https:\\\/\\\/regiaonews.net.br\\\/2022\\\/#organization\",\"name\":\"Regi\u00e3o News\",\"url\":\"https:\\\/\\\/regiaonews.net.br\\\/2022\\\/\",\"logo\":{\"@type\":\"ImageObject\",\"inLanguage\":\"pt-BR\",\"@id\":\"https:\\\/\\\/regiaonews.net.br\\\/2022\\\/#\\\/schema\\\/logo\\\/image\\\/\",\"url\":\"https:\\\/\\\/regiaonews.net.br\\\/2022\\\/wp-content\\\/uploads\\\/2026\\\/03\\\/regiao-13-anos-scaled.jpg\",\"contentUrl\":\"https:\\\/\\\/regiaonews.net.br\\\/2022\\\/wp-content\\\/uploads\\\/2026\\\/03\\\/regiao-13-anos-scaled.jpg\",\"width\":2560,\"height\":635,\"caption\":\"Regi\u00e3o News\"},\"image\":{\"@id\":\"https:\\\/\\\/regiaonews.net.br\\\/2022\\\/#\\\/schema\\\/logo\\\/image\\\/\"}},{\"@type\":\"Person\",\"@id\":\"https:\\\/\\\/regiaonews.net.br\\\/2022\\\/#\\\/schema\\\/person\\\/2d205a608a5aa97ac279d7a5e6d89ad8\",\"name\":\"Roberto\",\"image\":{\"@type\":\"ImageObject\",\"inLanguage\":\"pt-BR\",\"@id\":\"https:\\\/\\\/secure.gravatar.com\\\/avatar\\\/42749d8b712ff9d59ca93dc150494e5b55a44134482993f5baeb97e61b7ecc89?s=96&d=mm&r=g\",\"url\":\"https:\\\/\\\/secure.gravatar.com\\\/avatar\\\/42749d8b712ff9d59ca93dc150494e5b55a44134482993f5baeb97e61b7ecc89?s=96&d=mm&r=g\",\"contentUrl\":\"https:\\\/\\\/secure.gravatar.com\\\/avatar\\\/42749d8b712ff9d59ca93dc150494e5b55a44134482993f5baeb97e61b7ecc89?s=96&d=mm&r=g\",\"caption\":\"Roberto\"},\"url\":\"https:\\\/\\\/regiaonews.net.br\\\/2022\\\/author\\\/roberto\\\/\"}]}<\/script>\n<!-- \/ Yoast SEO plugin. -->","yoast_head_json":{"title":"Pol\u00edcia Civil de Barretos desencadeou opera\u00e7\u00e3o de combate a roubos armados em resid\u00eancias - Regi\u00e3o News","robots":{"index":"index","follow":"follow","max-snippet":"max-snippet:-1","max-image-preview":"max-image-preview:large","max-video-preview":"max-video-preview:-1"},"canonical":"https:\/\/regiaonews.net.br\/2022\/2021\/04\/29\/policia-civil-de-barretos-desencadeia-operacao-de-combate-a-roubos-armados-a-residencias\/","og_locale":"pt_BR","og_type":"article","og_title":"Pol\u00edcia Civil de Barretos desencadeou opera\u00e7\u00e3o de combate a roubos armados em resid\u00eancias - Regi\u00e3o News","og_description":"A Pol\u00edcia Civil de Barretos, por interm\u00e9dio da DIG\/DISE, com","og_url":"https:\/\/regiaonews.net.br\/2022\/2021\/04\/29\/policia-civil-de-barretos-desencadeia-operacao-de-combate-a-roubos-armados-a-residencias\/","og_site_name":"Regi\u00e3o News","article_published_time":"2021-04-29T14:46:37+00:00","article_modified_time":"2021-04-29T14:49:09+00:00","og_image":[{"width":1280,"height":960,"url":"https:\/\/regiaonews.net.br\/2022\/wp-content\/uploads\/2021\/04\/67406915-1220-442f-92c7-1e84a3cc2abf.jpg","type":"image\/jpeg"}],"author":"Roberto","twitter_card":"summary_large_image","twitter_misc":{"Escrito por":"Roberto","Est. tempo de leitura":"2 minutos"},"schema":{"@context":"https:\/\/schema.org","@graph":[{"@type":"Article","@id":"https:\/\/regiaonews.net.br\/2022\/2021\/04\/29\/policia-civil-de-barretos-desencadeia-operacao-de-combate-a-roubos-armados-a-residencias\/#article","isPartOf":{"@id":"https:\/\/regiaonews.net.br\/2022\/2021\/04\/29\/policia-civil-de-barretos-desencadeia-operacao-de-combate-a-roubos-armados-a-residencias\/"},"author":{"name":"Roberto","@id":"https:\/\/regiaonews.net.br\/2022\/#\/schema\/person\/2d205a608a5aa97ac279d7a5e6d89ad8"},"headline":"Pol\u00edcia Civil de Barretos desencadeou opera\u00e7\u00e3o de combate a roubos armados em resid\u00eancias","datePublished":"2021-04-29T14:46:37+00:00","dateModified":"2021-04-29T14:49:09+00:00","mainEntityOfPage":{"@id":"https:\/\/regiaonews.net.br\/2022\/2021\/04\/29\/policia-civil-de-barretos-desencadeia-operacao-de-combate-a-roubos-armados-a-residencias\/"},"wordCount":361,"commentCount":0,"publisher":{"@id":"https:\/\/regiaonews.net.br\/2022\/#organization"},"image":{"@id":"https:\/\/regiaonews.net.br\/2022\/2021\/04\/29\/policia-civil-de-barretos-desencadeia-operacao-de-combate-a-roubos-armados-a-residencias\/#primaryimage"},"thumbnailUrl":"https:\/\/regiaonews.net.br\/2022\/wp-content\/uploads\/2021\/04\/67406915-1220-442f-92c7-1e84a3cc2abf.jpg","articleSection":["Barretos","Cidades","Policia"],"inLanguage":"pt-BR","potentialAction":[{"@type":"CommentAction","name":"Comment","target":["https:\/\/regiaonews.net.br\/2022\/2021\/04\/29\/policia-civil-de-barretos-desencadeia-operacao-de-combate-a-roubos-armados-a-residencias\/#respond"]}]},{"@type":"WebPage","@id":"https:\/\/regiaonews.net.br\/2022\/2021\/04\/29\/policia-civil-de-barretos-desencadeia-operacao-de-combate-a-roubos-armados-a-residencias\/","url":"https:\/\/regiaonews.net.br\/2022\/2021\/04\/29\/policia-civil-de-barretos-desencadeia-operacao-de-combate-a-roubos-armados-a-residencias\/","name":"Pol\u00edcia Civil de Barretos desencadeou opera\u00e7\u00e3o de combate a roubos armados em resid\u00eancias - Regi\u00e3o News","isPartOf":{"@id":"https:\/\/regiaonews.net.br\/2022\/#website"},"primaryImageOfPage":{"@id":"https:\/\/regiaonews.net.br\/2022\/2021\/04\/29\/policia-civil-de-barretos-desencadeia-operacao-de-combate-a-roubos-armados-a-residencias\/#primaryimage"},"image":{"@id":"https:\/\/regiaonews.net.br\/2022\/2021\/04\/29\/policia-civil-de-barretos-desencadeia-operacao-de-combate-a-roubos-armados-a-residencias\/#primaryimage"},"thumbnailUrl":"https:\/\/regiaonews.net.br\/2022\/wp-content\/uploads\/2021\/04\/67406915-1220-442f-92c7-1e84a3cc2abf.jpg","datePublished":"2021-04-29T14:46:37+00:00","dateModified":"2021-04-29T14:49:09+00:00","breadcrumb":{"@id":"https:\/\/regiaonews.net.br\/2022\/2021\/04\/29\/policia-civil-de-barretos-desencadeia-operacao-de-combate-a-roubos-armados-a-residencias\/#breadcrumb"},"inLanguage":"pt-BR","potentialAction":[{"@type":"ReadAction","target":["https:\/\/regiaonews.net.br\/2022\/2021\/04\/29\/policia-civil-de-barretos-desencadeia-operacao-de-combate-a-roubos-armados-a-residencias\/"]}]},{"@type":"ImageObject","inLanguage":"pt-BR","@id":"https:\/\/regiaonews.net.br\/2022\/2021\/04\/29\/policia-civil-de-barretos-desencadeia-operacao-de-combate-a-roubos-armados-a-residencias\/#primaryimage","url":"https:\/\/regiaonews.net.br\/2022\/wp-content\/uploads\/2021\/04\/67406915-1220-442f-92c7-1e84a3cc2abf.jpg","contentUrl":"https:\/\/regiaonews.net.br\/2022\/wp-content\/uploads\/2021\/04\/67406915-1220-442f-92c7-1e84a3cc2abf.jpg","width":1280,"height":960},{"@type":"BreadcrumbList","@id":"https:\/\/regiaonews.net.br\/2022\/2021\/04\/29\/policia-civil-de-barretos-desencadeia-operacao-de-combate-a-roubos-armados-a-residencias\/#breadcrumb","itemListElement":[{"@type":"ListItem","position":1,"name":"In\u00edcio","item":"https:\/\/regiaonews.net.br\/2022\/"},{"@type":"ListItem","position":2,"name":"Pol\u00edcia Civil de Barretos desencadeou opera\u00e7\u00e3o de combate a roubos armados em resid\u00eancias"}]},{"@type":"WebSite","@id":"https:\/\/regiaonews.net.br\/2022\/#website","url":"https:\/\/regiaonews.net.br\/2022\/","name":"Regi\u00e3o News","description":"Site de Not\u00edcias de Barretos e regi\u00e3o","publisher":{"@id":"https:\/\/regiaonews.net.br\/2022\/#organization"},"potentialAction":[{"@type":"SearchAction","target":{"@type":"EntryPoint","urlTemplate":"https:\/\/regiaonews.net.br\/2022\/?s={search_term_string}"},"query-input":{"@type":"PropertyValueSpecification","valueRequired":true,"valueName":"search_term_string"}}],"inLanguage":"pt-BR"},{"@type":"Organization","@id":"https:\/\/regiaonews.net.br\/2022\/#organization","name":"Regi\u00e3o News","url":"https:\/\/regiaonews.net.br\/2022\/","logo":{"@type":"ImageObject","inLanguage":"pt-BR","@id":"https:\/\/regiaonews.net.br\/2022\/#\/schema\/logo\/image\/","url":"https:\/\/regiaonews.net.br\/2022\/wp-content\/uploads\/2026\/03\/regiao-13-anos-scaled.jpg","contentUrl":"https:\/\/regiaonews.net.br\/2022\/wp-content\/uploads\/2026\/03\/regiao-13-anos-scaled.jpg","width":2560,"height":635,"caption":"Regi\u00e3o News"},"image":{"@id":"https:\/\/regiaonews.net.br\/2022\/#\/schema\/logo\/image\/"}},{"@type":"Person","@id":"https:\/\/regiaonews.net.br\/2022\/#\/schema\/person\/2d205a608a5aa97ac279d7a5e6d89ad8","name":"Roberto","image":{"@type":"ImageObject","inLanguage":"pt-BR","@id":"https:\/\/secure.gravatar.com\/avatar\/42749d8b712ff9d59ca93dc150494e5b55a44134482993f5baeb97e61b7ecc89?s=96&d=mm&r=g","url":"https:\/\/secure.gravatar.com\/avatar\/42749d8b712ff9d59ca93dc150494e5b55a44134482993f5baeb97e61b7ecc89?s=96&d=mm&r=g","contentUrl":"https:\/\/secure.gravatar.com\/avatar\/42749d8b712ff9d59ca93dc150494e5b55a44134482993f5baeb97e61b7ecc89?s=96&d=mm&r=g","caption":"Roberto"},"url":"https:\/\/regiaonews.net.br\/2022\/author\/roberto\/"}]}},"publishpress_future_action":{"enabled":false,"date":"2026-05-04 02:59:52","action":"change-status","newStatus":"draft","terms":[],"taxonomy":"category","extraData":[]},"publishpress_future_workflow_manual_trigger":{"enabledWorkflows":[]},"_links":{"self":[{"href":"https:\/\/regiaonews.net.br\/2022\/wp-json\/wp\/v2\/posts\/46159","targetHints":{"allow":["GET"]}}],"collection":[{"href":"https:\/\/regiaonews.net.br\/2022\/wp-json\/wp\/v2\/posts"}],"about":[{"href":"https:\/\/regiaonews.net.br\/2022\/wp-json\/wp\/v2\/types\/post"}],"author":[{"embeddable":true,"href":"https:\/\/regiaonews.net.br\/2022\/wp-json\/wp\/v2\/users\/2"}],"replies":[{"embeddable":true,"href":"https:\/\/regiaonews.net.br\/2022\/wp-json\/wp\/v2\/comments?post=46159"}],"version-history":[{"count":0,"href":"https:\/\/regiaonews.net.br\/2022\/wp-json\/wp\/v2\/posts\/46159\/revisions"}],"wp:featuredmedia":[{"embeddable":true,"href":"https:\/\/regiaonews.net.br\/2022\/wp-json\/wp\/v2\/media\/46160"}],"wp:attachment":[{"href":"https:\/\/regiaonews.net.br\/2022\/wp-json\/wp\/v2\/media?parent=46159"}],"wp:term":[{"taxonomy":"category","embeddable":true,"href":"https:\/\/regiaonews.net.br\/2022\/wp-json\/wp\/v2\/categories?post=46159"},{"taxonomy":"post_tag","embeddable":true,"href":"https:\/\/regiaonews.net.br\/2022\/wp-json\/wp\/v2\/tags?post=46159"}],"curies":[{"name":"wp","href":"https:\/\/api.w.org\/{rel}","templated":true}]}}