{"id":46156,"date":"2021-04-29T07:12:08","date_gmt":"2021-04-29T10:12:08","guid":{"rendered":"https:\/\/regiaonews.net.br\/2022\/?p=46156"},"modified":"2021-04-29T07:12:08","modified_gmt":"2021-04-29T10:12:08","slug":"brasil-recebe-hoje-primeiro-lote-de-vacinas-da-pfizer","status":"publish","type":"post","link":"https:\/\/regiaonews.net.br\/2022\/2021\/04\/29\/brasil-recebe-hoje-primeiro-lote-de-vacinas-da-pfizer\/","title":{"rendered":"Brasil recebe hoje primeiro lote de vacinas da Pfizer"},"content":{"rendered":"<p><a href=\"https:\/\/regiaonews.net.br\/2022\/wp-content\/uploads\/2021\/04\/etapaextra-tcross-1080x1080_Prancheta-1.jpg\"><img loading=\"lazy\" decoding=\"async\" class=\"alignnone size-medium wp-image-45497\" src=\"https:\/\/regiaonews.net.br\/2022\/wp-content\/uploads\/2021\/04\/etapaextra-tcross-1080x1080_Prancheta-1-300x300.jpg\" alt=\"\" width=\"300\" height=\"300\" \/><\/a><\/p>\n<p><a href=\"https:\/\/regiaonews.net.br\/2022\/wp-content\/uploads\/2021\/04\/b38d4e77-2f8c-49b8-88da-f9fd3eefe259-7.jpg\"><img loading=\"lazy\" decoding=\"async\" class=\"alignnone size-medium wp-image-45493\" src=\"https:\/\/regiaonews.net.br\/2022\/wp-content\/uploads\/2021\/04\/b38d4e77-2f8c-49b8-88da-f9fd3eefe259-7-300x300.jpg\" alt=\"\" width=\"300\" height=\"300\" \/><\/a><\/p>\n<p><a href=\"https:\/\/regiaonews.net.br\/2022\/wp-content\/uploads\/2021\/04\/2020-11-09t151944z_2_lynxmpega815v_rtroptp_4_saude-corona-reinounido-pfizer-encomenda.jpg\"><img loading=\"lazy\" decoding=\"async\" class=\"size-medium wp-image-46157\" src=\"https:\/\/regiaonews.net.br\/2022\/wp-content\/uploads\/2021\/04\/2020-11-09t151944z_2_lynxmpega815v_rtroptp_4_saude-corona-reinounido-pfizer-encomenda-300x179.jpg\" alt=\"\" width=\"300\" height=\"179\" \/><\/a><\/p>\n<p>&nbsp;<\/p>\n<p>O primeiro lote de 1 milh\u00e3o de doses de vacinas da Pfizer chega\u00a0hoje\u00a0(29) ao Brasil. O voo est\u00e1 previsto para aterrissar no Aeroporto de Viracopos, em Campinas (SP), \u00e0s 19h.<img decoding=\"async\" src=\"https:\/\/agenciabrasil.ebc.com.br\/ebc.png?id=1408154&amp;o=node\" \/><img decoding=\"async\" src=\"https:\/\/agenciabrasil.ebc.com.br\/ebc.gif?id=1408154&amp;o=node\" \/><\/p>\n<p>As doses ser\u00e3o distribu\u00eddas aos 26 estados e ao Distrito Federal. Segundo o Minist\u00e9rio da Sa\u00fade, a orienta\u00e7\u00e3o \u00e9 que sejam priorizadas as capitais devido \u00e0s condi\u00e7\u00f5es de armazenamento da vacina, que exige temperaturas muito baixas.<\/p>\n<p>Conforme o Minist\u00e9rio da Sa\u00fade, os entes federados receber\u00e3o de forma proporcional e igualit\u00e1ria. Os frascos ser\u00e3o entregues em temperaturas entre -25\u00baC e -15\u00baC, cuja conserva\u00e7\u00e3o pode ser feita apenas durante 14 dias. Ap\u00f3s entrar na rede de frio, com temperaturas de armazenamento entre 2\u00baC e 8\u00baC, o prazo para aplica\u00e7\u00e3o \u00e9 de cinco dias.<\/p>\n<p>Por essa raz\u00e3o, o minist\u00e9rio informou que enviar\u00e1 duas remessas diferentes. Cada uma delas\u00a0ter\u00e1 500 mil doses e ser\u00e1 referente, respectivamente, \u00e0 primeira e\u00a0segunda\u00a0doses que cada cidad\u00e3o dever\u00e1 receber.<\/p>\n<p>O Minist\u00e9rio da Sa\u00fade comprou 100 milh\u00f5es de doses do imunizante. Em mar\u00e7o, em reuni\u00e3o com a farmac\u00eautica,\u00a0a pasta apresentou a previs\u00e3o de que at\u00e9 junho seriam entregues 13,5 milh\u00f5es.<\/p>\n<p>fonte : Ag\u00eanciaBrasil<\/p>\n<p><a href=\"https:\/\/regiaonews.net.br\/2022\/wp-content\/uploads\/2021\/04\/images-3.jpeg\"><img loading=\"lazy\" decoding=\"async\" class=\"alignnone size-full wp-image-45476\" src=\"https:\/\/regiaonews.net.br\/2022\/wp-content\/uploads\/2021\/04\/images-3.jpeg\" alt=\"\" width=\"225\" height=\"225\" \/><\/a><\/p>\n<p><a href=\"https:\/\/regiaonews.net.br\/2022\/wp-content\/uploads\/2021\/04\/20210419_091427.jpg\"><img loading=\"lazy\" decoding=\"async\" class=\"alignnone size-medium wp-image-45466\" src=\"https:\/\/regiaonews.net.br\/2022\/wp-content\/uploads\/2021\/04\/20210419_091427-300x163.jpg\" alt=\"\" width=\"300\" height=\"163\" \/><\/a><\/p>\n","protected":false},"excerpt":{"rendered":"<p>&nbsp; O primeiro lote de 1 milh\u00e3o de doses de<\/p>\n","protected":false},"author":2,"featured_media":46157,"comment_status":"open","ping_status":"open","sticky":false,"template":"","format":"standard","meta":{"footnotes":""},"categories":[24,25],"tags":[],"class_list":["post-46156","post","type-post","status-publish","format-standard","has-post-thumbnail","hentry","category-brasil","category-cidades"],"yoast_head":"<!-- This site is optimized with the Yoast SEO plugin v27.4 - https:\/\/yoast.com\/product\/yoast-seo-wordpress\/ -->\n<title>Brasil recebe hoje primeiro lote de vacinas da Pfizer - Regi\u00e3o News<\/title>\n<meta name=\"robots\" content=\"index, follow, max-snippet:-1, max-image-preview:large, max-video-preview:-1\" \/>\n<link rel=\"canonical\" href=\"https:\/\/regiaonews.net.br\/2022\/2021\/04\/29\/brasil-recebe-hoje-primeiro-lote-de-vacinas-da-pfizer\/\" \/>\n<meta property=\"og:locale\" content=\"pt_BR\" \/>\n<meta property=\"og:type\" content=\"article\" \/>\n<meta property=\"og:title\" content=\"Brasil recebe hoje primeiro lote de vacinas da Pfizer - Regi\u00e3o News\" \/>\n<meta property=\"og:description\" content=\"&nbsp; O primeiro lote de 1 milh\u00e3o de doses de\" \/>\n<meta property=\"og:url\" content=\"https:\/\/regiaonews.net.br\/2022\/2021\/04\/29\/brasil-recebe-hoje-primeiro-lote-de-vacinas-da-pfizer\/\" \/>\n<meta property=\"og:site_name\" content=\"Regi\u00e3o News\" \/>\n<meta property=\"article:published_time\" content=\"2021-04-29T10:12:08+00:00\" \/>\n<meta property=\"og:image\" content=\"https:\/\/regiaonews.net.br\/2022\/wp-content\/uploads\/2021\/04\/2020-11-09t151944z_2_lynxmpega815v_rtroptp_4_saude-corona-reinounido-pfizer-encomenda.jpg\" \/>\n\t<meta property=\"og:image:width\" content=\"1170\" \/>\n\t<meta property=\"og:image:height\" content=\"700\" \/>\n\t<meta property=\"og:image:type\" content=\"image\/jpeg\" \/>\n<meta name=\"author\" content=\"Roberto\" \/>\n<meta name=\"twitter:card\" content=\"summary_large_image\" \/>\n<meta name=\"twitter:label1\" content=\"Escrito por\" \/>\n\t<meta name=\"twitter:data1\" content=\"Roberto\" \/>\n\t<meta name=\"twitter:label2\" content=\"Est. tempo de leitura\" \/>\n\t<meta name=\"twitter:data2\" content=\"1 minuto\" \/>\n<script type=\"application\/ld+json\" class=\"yoast-schema-graph\">{\"@context\":\"https:\\\/\\\/schema.org\",\"@graph\":[{\"@type\":\"Article\",\"@id\":\"https:\\\/\\\/regiaonews.net.br\\\/2022\\\/2021\\\/04\\\/29\\\/brasil-recebe-hoje-primeiro-lote-de-vacinas-da-pfizer\\\/#article\",\"isPartOf\":{\"@id\":\"https:\\\/\\\/regiaonews.net.br\\\/2022\\\/2021\\\/04\\\/29\\\/brasil-recebe-hoje-primeiro-lote-de-vacinas-da-pfizer\\\/\"},\"author\":{\"name\":\"Roberto\",\"@id\":\"https:\\\/\\\/regiaonews.net.br\\\/2022\\\/#\\\/schema\\\/person\\\/2d205a608a5aa97ac279d7a5e6d89ad8\"},\"headline\":\"Brasil recebe hoje primeiro lote de vacinas da Pfizer\",\"datePublished\":\"2021-04-29T10:12:08+00:00\",\"mainEntityOfPage\":{\"@id\":\"https:\\\/\\\/regiaonews.net.br\\\/2022\\\/2021\\\/04\\\/29\\\/brasil-recebe-hoje-primeiro-lote-de-vacinas-da-pfizer\\\/\"},\"wordCount\":217,\"commentCount\":0,\"publisher\":{\"@id\":\"https:\\\/\\\/regiaonews.net.br\\\/2022\\\/#organization\"},\"image\":{\"@id\":\"https:\\\/\\\/regiaonews.net.br\\\/2022\\\/2021\\\/04\\\/29\\\/brasil-recebe-hoje-primeiro-lote-de-vacinas-da-pfizer\\\/#primaryimage\"},\"thumbnailUrl\":\"https:\\\/\\\/regiaonews.net.br\\\/2022\\\/wp-content\\\/uploads\\\/2021\\\/04\\\/2020-11-09t151944z_2_lynxmpega815v_rtroptp_4_saude-corona-reinounido-pfizer-encomenda.jpg\",\"articleSection\":[\"Brasil\",\"Cidades\"],\"inLanguage\":\"pt-BR\",\"potentialAction\":[{\"@type\":\"CommentAction\",\"name\":\"Comment\",\"target\":[\"https:\\\/\\\/regiaonews.net.br\\\/2022\\\/2021\\\/04\\\/29\\\/brasil-recebe-hoje-primeiro-lote-de-vacinas-da-pfizer\\\/#respond\"]}]},{\"@type\":\"WebPage\",\"@id\":\"https:\\\/\\\/regiaonews.net.br\\\/2022\\\/2021\\\/04\\\/29\\\/brasil-recebe-hoje-primeiro-lote-de-vacinas-da-pfizer\\\/\",\"url\":\"https:\\\/\\\/regiaonews.net.br\\\/2022\\\/2021\\\/04\\\/29\\\/brasil-recebe-hoje-primeiro-lote-de-vacinas-da-pfizer\\\/\",\"name\":\"Brasil recebe hoje primeiro lote de vacinas da Pfizer - Regi\u00e3o News\",\"isPartOf\":{\"@id\":\"https:\\\/\\\/regiaonews.net.br\\\/2022\\\/#website\"},\"primaryImageOfPage\":{\"@id\":\"https:\\\/\\\/regiaonews.net.br\\\/2022\\\/2021\\\/04\\\/29\\\/brasil-recebe-hoje-primeiro-lote-de-vacinas-da-pfizer\\\/#primaryimage\"},\"image\":{\"@id\":\"https:\\\/\\\/regiaonews.net.br\\\/2022\\\/2021\\\/04\\\/29\\\/brasil-recebe-hoje-primeiro-lote-de-vacinas-da-pfizer\\\/#primaryimage\"},\"thumbnailUrl\":\"https:\\\/\\\/regiaonews.net.br\\\/2022\\\/wp-content\\\/uploads\\\/2021\\\/04\\\/2020-11-09t151944z_2_lynxmpega815v_rtroptp_4_saude-corona-reinounido-pfizer-encomenda.jpg\",\"datePublished\":\"2021-04-29T10:12:08+00:00\",\"breadcrumb\":{\"@id\":\"https:\\\/\\\/regiaonews.net.br\\\/2022\\\/2021\\\/04\\\/29\\\/brasil-recebe-hoje-primeiro-lote-de-vacinas-da-pfizer\\\/#breadcrumb\"},\"inLanguage\":\"pt-BR\",\"potentialAction\":[{\"@type\":\"ReadAction\",\"target\":[\"https:\\\/\\\/regiaonews.net.br\\\/2022\\\/2021\\\/04\\\/29\\\/brasil-recebe-hoje-primeiro-lote-de-vacinas-da-pfizer\\\/\"]}]},{\"@type\":\"ImageObject\",\"inLanguage\":\"pt-BR\",\"@id\":\"https:\\\/\\\/regiaonews.net.br\\\/2022\\\/2021\\\/04\\\/29\\\/brasil-recebe-hoje-primeiro-lote-de-vacinas-da-pfizer\\\/#primaryimage\",\"url\":\"https:\\\/\\\/regiaonews.net.br\\\/2022\\\/wp-content\\\/uploads\\\/2021\\\/04\\\/2020-11-09t151944z_2_lynxmpega815v_rtroptp_4_saude-corona-reinounido-pfizer-encomenda.jpg\",\"contentUrl\":\"https:\\\/\\\/regiaonews.net.br\\\/2022\\\/wp-content\\\/uploads\\\/2021\\\/04\\\/2020-11-09t151944z_2_lynxmpega815v_rtroptp_4_saude-corona-reinounido-pfizer-encomenda.jpg\",\"width\":1170,\"height\":700,\"caption\":\"Mulher segura frasco rotulado como de vacina contra Covid-19 em frente a logo da Pfizer em foto de ilustra\u00e7\u00e3o 30\\\/10\\\/2020 REUTERS\\\/Dado Ruvic\"},{\"@type\":\"BreadcrumbList\",\"@id\":\"https:\\\/\\\/regiaonews.net.br\\\/2022\\\/2021\\\/04\\\/29\\\/brasil-recebe-hoje-primeiro-lote-de-vacinas-da-pfizer\\\/#breadcrumb\",\"itemListElement\":[{\"@type\":\"ListItem\",\"position\":1,\"name\":\"In\u00edcio\",\"item\":\"https:\\\/\\\/regiaonews.net.br\\\/2022\\\/\"},{\"@type\":\"ListItem\",\"position\":2,\"name\":\"Brasil recebe hoje primeiro lote de vacinas da Pfizer\"}]},{\"@type\":\"WebSite\",\"@id\":\"https:\\\/\\\/regiaonews.net.br\\\/2022\\\/#website\",\"url\":\"https:\\\/\\\/regiaonews.net.br\\\/2022\\\/\",\"name\":\"Regi\u00e3o News\",\"description\":\"Site de Not\u00edcias de Barretos e regi\u00e3o\",\"publisher\":{\"@id\":\"https:\\\/\\\/regiaonews.net.br\\\/2022\\\/#organization\"},\"potentialAction\":[{\"@type\":\"SearchAction\",\"target\":{\"@type\":\"EntryPoint\",\"urlTemplate\":\"https:\\\/\\\/regiaonews.net.br\\\/2022\\\/?s={search_term_string}\"},\"query-input\":{\"@type\":\"PropertyValueSpecification\",\"valueRequired\":true,\"valueName\":\"search_term_string\"}}],\"inLanguage\":\"pt-BR\"},{\"@type\":\"Organization\",\"@id\":\"https:\\\/\\\/regiaonews.net.br\\\/2022\\\/#organization\",\"name\":\"Regi\u00e3o News\",\"url\":\"https:\\\/\\\/regiaonews.net.br\\\/2022\\\/\",\"logo\":{\"@type\":\"ImageObject\",\"inLanguage\":\"pt-BR\",\"@id\":\"https:\\\/\\\/regiaonews.net.br\\\/2022\\\/#\\\/schema\\\/logo\\\/image\\\/\",\"url\":\"https:\\\/\\\/regiaonews.net.br\\\/2022\\\/wp-content\\\/uploads\\\/2026\\\/03\\\/regiao-13-anos-scaled.jpg\",\"contentUrl\":\"https:\\\/\\\/regiaonews.net.br\\\/2022\\\/wp-content\\\/uploads\\\/2026\\\/03\\\/regiao-13-anos-scaled.jpg\",\"width\":2560,\"height\":635,\"caption\":\"Regi\u00e3o News\"},\"image\":{\"@id\":\"https:\\\/\\\/regiaonews.net.br\\\/2022\\\/#\\\/schema\\\/logo\\\/image\\\/\"}},{\"@type\":\"Person\",\"@id\":\"https:\\\/\\\/regiaonews.net.br\\\/2022\\\/#\\\/schema\\\/person\\\/2d205a608a5aa97ac279d7a5e6d89ad8\",\"name\":\"Roberto\",\"image\":{\"@type\":\"ImageObject\",\"inLanguage\":\"pt-BR\",\"@id\":\"https:\\\/\\\/secure.gravatar.com\\\/avatar\\\/42749d8b712ff9d59ca93dc150494e5b55a44134482993f5baeb97e61b7ecc89?s=96&d=mm&r=g\",\"url\":\"https:\\\/\\\/secure.gravatar.com\\\/avatar\\\/42749d8b712ff9d59ca93dc150494e5b55a44134482993f5baeb97e61b7ecc89?s=96&d=mm&r=g\",\"contentUrl\":\"https:\\\/\\\/secure.gravatar.com\\\/avatar\\\/42749d8b712ff9d59ca93dc150494e5b55a44134482993f5baeb97e61b7ecc89?s=96&d=mm&r=g\",\"caption\":\"Roberto\"},\"url\":\"https:\\\/\\\/regiaonews.net.br\\\/2022\\\/author\\\/roberto\\\/\"}]}<\/script>\n<!-- \/ Yoast SEO plugin. -->","yoast_head_json":{"title":"Brasil recebe hoje primeiro lote de vacinas da Pfizer - Regi\u00e3o News","robots":{"index":"index","follow":"follow","max-snippet":"max-snippet:-1","max-image-preview":"max-image-preview:large","max-video-preview":"max-video-preview:-1"},"canonical":"https:\/\/regiaonews.net.br\/2022\/2021\/04\/29\/brasil-recebe-hoje-primeiro-lote-de-vacinas-da-pfizer\/","og_locale":"pt_BR","og_type":"article","og_title":"Brasil recebe hoje primeiro lote de vacinas da Pfizer - Regi\u00e3o News","og_description":"&nbsp; O primeiro lote de 1 milh\u00e3o de doses de","og_url":"https:\/\/regiaonews.net.br\/2022\/2021\/04\/29\/brasil-recebe-hoje-primeiro-lote-de-vacinas-da-pfizer\/","og_site_name":"Regi\u00e3o News","article_published_time":"2021-04-29T10:12:08+00:00","og_image":[{"width":1170,"height":700,"url":"https:\/\/regiaonews.net.br\/2022\/wp-content\/uploads\/2021\/04\/2020-11-09t151944z_2_lynxmpega815v_rtroptp_4_saude-corona-reinounido-pfizer-encomenda.jpg","type":"image\/jpeg"}],"author":"Roberto","twitter_card":"summary_large_image","twitter_misc":{"Escrito por":"Roberto","Est. tempo de leitura":"1 minuto"},"schema":{"@context":"https:\/\/schema.org","@graph":[{"@type":"Article","@id":"https:\/\/regiaonews.net.br\/2022\/2021\/04\/29\/brasil-recebe-hoje-primeiro-lote-de-vacinas-da-pfizer\/#article","isPartOf":{"@id":"https:\/\/regiaonews.net.br\/2022\/2021\/04\/29\/brasil-recebe-hoje-primeiro-lote-de-vacinas-da-pfizer\/"},"author":{"name":"Roberto","@id":"https:\/\/regiaonews.net.br\/2022\/#\/schema\/person\/2d205a608a5aa97ac279d7a5e6d89ad8"},"headline":"Brasil recebe hoje primeiro lote de vacinas da Pfizer","datePublished":"2021-04-29T10:12:08+00:00","mainEntityOfPage":{"@id":"https:\/\/regiaonews.net.br\/2022\/2021\/04\/29\/brasil-recebe-hoje-primeiro-lote-de-vacinas-da-pfizer\/"},"wordCount":217,"commentCount":0,"publisher":{"@id":"https:\/\/regiaonews.net.br\/2022\/#organization"},"image":{"@id":"https:\/\/regiaonews.net.br\/2022\/2021\/04\/29\/brasil-recebe-hoje-primeiro-lote-de-vacinas-da-pfizer\/#primaryimage"},"thumbnailUrl":"https:\/\/regiaonews.net.br\/2022\/wp-content\/uploads\/2021\/04\/2020-11-09t151944z_2_lynxmpega815v_rtroptp_4_saude-corona-reinounido-pfizer-encomenda.jpg","articleSection":["Brasil","Cidades"],"inLanguage":"pt-BR","potentialAction":[{"@type":"CommentAction","name":"Comment","target":["https:\/\/regiaonews.net.br\/2022\/2021\/04\/29\/brasil-recebe-hoje-primeiro-lote-de-vacinas-da-pfizer\/#respond"]}]},{"@type":"WebPage","@id":"https:\/\/regiaonews.net.br\/2022\/2021\/04\/29\/brasil-recebe-hoje-primeiro-lote-de-vacinas-da-pfizer\/","url":"https:\/\/regiaonews.net.br\/2022\/2021\/04\/29\/brasil-recebe-hoje-primeiro-lote-de-vacinas-da-pfizer\/","name":"Brasil recebe hoje primeiro lote de vacinas da Pfizer - Regi\u00e3o News","isPartOf":{"@id":"https:\/\/regiaonews.net.br\/2022\/#website"},"primaryImageOfPage":{"@id":"https:\/\/regiaonews.net.br\/2022\/2021\/04\/29\/brasil-recebe-hoje-primeiro-lote-de-vacinas-da-pfizer\/#primaryimage"},"image":{"@id":"https:\/\/regiaonews.net.br\/2022\/2021\/04\/29\/brasil-recebe-hoje-primeiro-lote-de-vacinas-da-pfizer\/#primaryimage"},"thumbnailUrl":"https:\/\/regiaonews.net.br\/2022\/wp-content\/uploads\/2021\/04\/2020-11-09t151944z_2_lynxmpega815v_rtroptp_4_saude-corona-reinounido-pfizer-encomenda.jpg","datePublished":"2021-04-29T10:12:08+00:00","breadcrumb":{"@id":"https:\/\/regiaonews.net.br\/2022\/2021\/04\/29\/brasil-recebe-hoje-primeiro-lote-de-vacinas-da-pfizer\/#breadcrumb"},"inLanguage":"pt-BR","potentialAction":[{"@type":"ReadAction","target":["https:\/\/regiaonews.net.br\/2022\/2021\/04\/29\/brasil-recebe-hoje-primeiro-lote-de-vacinas-da-pfizer\/"]}]},{"@type":"ImageObject","inLanguage":"pt-BR","@id":"https:\/\/regiaonews.net.br\/2022\/2021\/04\/29\/brasil-recebe-hoje-primeiro-lote-de-vacinas-da-pfizer\/#primaryimage","url":"https:\/\/regiaonews.net.br\/2022\/wp-content\/uploads\/2021\/04\/2020-11-09t151944z_2_lynxmpega815v_rtroptp_4_saude-corona-reinounido-pfizer-encomenda.jpg","contentUrl":"https:\/\/regiaonews.net.br\/2022\/wp-content\/uploads\/2021\/04\/2020-11-09t151944z_2_lynxmpega815v_rtroptp_4_saude-corona-reinounido-pfizer-encomenda.jpg","width":1170,"height":700,"caption":"Mulher segura frasco rotulado como de vacina contra Covid-19 em frente a logo da Pfizer em foto de ilustra\u00e7\u00e3o 30\/10\/2020 REUTERS\/Dado Ruvic"},{"@type":"BreadcrumbList","@id":"https:\/\/regiaonews.net.br\/2022\/2021\/04\/29\/brasil-recebe-hoje-primeiro-lote-de-vacinas-da-pfizer\/#breadcrumb","itemListElement":[{"@type":"ListItem","position":1,"name":"In\u00edcio","item":"https:\/\/regiaonews.net.br\/2022\/"},{"@type":"ListItem","position":2,"name":"Brasil recebe hoje primeiro lote de vacinas da Pfizer"}]},{"@type":"WebSite","@id":"https:\/\/regiaonews.net.br\/2022\/#website","url":"https:\/\/regiaonews.net.br\/2022\/","name":"Regi\u00e3o News","description":"Site de Not\u00edcias de Barretos e regi\u00e3o","publisher":{"@id":"https:\/\/regiaonews.net.br\/2022\/#organization"},"potentialAction":[{"@type":"SearchAction","target":{"@type":"EntryPoint","urlTemplate":"https:\/\/regiaonews.net.br\/2022\/?s={search_term_string}"},"query-input":{"@type":"PropertyValueSpecification","valueRequired":true,"valueName":"search_term_string"}}],"inLanguage":"pt-BR"},{"@type":"Organization","@id":"https:\/\/regiaonews.net.br\/2022\/#organization","name":"Regi\u00e3o News","url":"https:\/\/regiaonews.net.br\/2022\/","logo":{"@type":"ImageObject","inLanguage":"pt-BR","@id":"https:\/\/regiaonews.net.br\/2022\/#\/schema\/logo\/image\/","url":"https:\/\/regiaonews.net.br\/2022\/wp-content\/uploads\/2026\/03\/regiao-13-anos-scaled.jpg","contentUrl":"https:\/\/regiaonews.net.br\/2022\/wp-content\/uploads\/2026\/03\/regiao-13-anos-scaled.jpg","width":2560,"height":635,"caption":"Regi\u00e3o News"},"image":{"@id":"https:\/\/regiaonews.net.br\/2022\/#\/schema\/logo\/image\/"}},{"@type":"Person","@id":"https:\/\/regiaonews.net.br\/2022\/#\/schema\/person\/2d205a608a5aa97ac279d7a5e6d89ad8","name":"Roberto","image":{"@type":"ImageObject","inLanguage":"pt-BR","@id":"https:\/\/secure.gravatar.com\/avatar\/42749d8b712ff9d59ca93dc150494e5b55a44134482993f5baeb97e61b7ecc89?s=96&d=mm&r=g","url":"https:\/\/secure.gravatar.com\/avatar\/42749d8b712ff9d59ca93dc150494e5b55a44134482993f5baeb97e61b7ecc89?s=96&d=mm&r=g","contentUrl":"https:\/\/secure.gravatar.com\/avatar\/42749d8b712ff9d59ca93dc150494e5b55a44134482993f5baeb97e61b7ecc89?s=96&d=mm&r=g","caption":"Roberto"},"url":"https:\/\/regiaonews.net.br\/2022\/author\/roberto\/"}]}},"publishpress_future_action":{"enabled":false,"date":"2026-05-04 04:33:57","action":"change-status","newStatus":"draft","terms":[],"taxonomy":"category","extraData":[]},"publishpress_future_workflow_manual_trigger":{"enabledWorkflows":[]},"_links":{"self":[{"href":"https:\/\/regiaonews.net.br\/2022\/wp-json\/wp\/v2\/posts\/46156","targetHints":{"allow":["GET"]}}],"collection":[{"href":"https:\/\/regiaonews.net.br\/2022\/wp-json\/wp\/v2\/posts"}],"about":[{"href":"https:\/\/regiaonews.net.br\/2022\/wp-json\/wp\/v2\/types\/post"}],"author":[{"embeddable":true,"href":"https:\/\/regiaonews.net.br\/2022\/wp-json\/wp\/v2\/users\/2"}],"replies":[{"embeddable":true,"href":"https:\/\/regiaonews.net.br\/2022\/wp-json\/wp\/v2\/comments?post=46156"}],"version-history":[{"count":0,"href":"https:\/\/regiaonews.net.br\/2022\/wp-json\/wp\/v2\/posts\/46156\/revisions"}],"wp:featuredmedia":[{"embeddable":true,"href":"https:\/\/regiaonews.net.br\/2022\/wp-json\/wp\/v2\/media\/46157"}],"wp:attachment":[{"href":"https:\/\/regiaonews.net.br\/2022\/wp-json\/wp\/v2\/media?parent=46156"}],"wp:term":[{"taxonomy":"category","embeddable":true,"href":"https:\/\/regiaonews.net.br\/2022\/wp-json\/wp\/v2\/categories?post=46156"},{"taxonomy":"post_tag","embeddable":true,"href":"https:\/\/regiaonews.net.br\/2022\/wp-json\/wp\/v2\/tags?post=46156"}],"curies":[{"name":"wp","href":"https:\/\/api.w.org\/{rel}","templated":true}]}}