{"id":46140,"date":"2021-04-28T19:39:38","date_gmt":"2021-04-28T22:39:38","guid":{"rendered":"https:\/\/regiaonews.net.br\/2022\/?p=46140"},"modified":"2021-04-28T20:43:58","modified_gmt":"2021-04-28T23:43:58","slug":"ministro-do-stf-determina-realizacao-do-censo-2021","status":"publish","type":"post","link":"https:\/\/regiaonews.net.br\/2022\/2021\/04\/28\/ministro-do-stf-determina-realizacao-do-censo-2021\/","title":{"rendered":"Ministro do STF determina realiza\u00e7\u00e3o do Censo 2021"},"content":{"rendered":"<figure id=\"attachment_46141\" aria-describedby=\"caption-attachment-46141\" style=\"width: 300px\" class=\"wp-caption alignnone\"><a href=\"https:\/\/regiaonews.net.br\/2022\/wp-content\/uploads\/2021\/04\/selecaoibge_home.jpg\"><img loading=\"lazy\" decoding=\"async\" class=\"size-medium wp-image-46141\" src=\"https:\/\/regiaonews.net.br\/2022\/wp-content\/uploads\/2021\/04\/selecaoibge_home-300x179.jpg\" alt=\"\" width=\"300\" height=\"179\" \/><\/a><figcaption id=\"caption-attachment-46141\" class=\"wp-caption-text\">recenseadores e agentes censit\u00e1rios do IBGE<\/figcaption><\/figure>\n<p>O ministro Marco Aur\u00e9lio, do Supremo Tribunal Federal (STF), determinou hoje (28) que o governo federal adote as medidas necess\u00e1rias para realiza\u00e7\u00e3o do Censo Demogr\u00e1fico do Instituto Brasileiro de Geografia e Estat\u00edstica (IBGE), previsto inicialmente para 2020 e\u00a0<a href=\"https:\/\/agenciabrasil.ebc.com.br\/saude\/noticia\/2020-03\/ibge-adia-censo-para-2021-por-causa-do-coronavirus\" target=\"_blank\" rel=\"noopener\">adiado para 2021<\/a>, devido \u00e0 pandemia do novo coronav\u00edrus. Cabe recurso contra a decis\u00e3o.\u00a0<img decoding=\"async\" src=\"https:\/\/agenciabrasil.ebc.com.br\/ebc.png?id=1408112&amp;o=node\" \/><img decoding=\"async\" src=\"https:\/\/agenciabrasil.ebc.com.br\/ebc.gif?id=1408112&amp;o=node\" \/><\/p>\n<p>Na semana passada, o Minist\u00e9rio da Economia informou que o Censo n\u00e3o ser\u00e1 realizado por falta de or\u00e7amento. Inicialmente, estavam previstos R$ 2 bilh\u00f5es para realiza\u00e7\u00e3o da pesquisa, mas, durante a tramita\u00e7\u00e3o da lei or\u00e7ament\u00e1ria no Congresso Nacional, R$ 1,76 bilh\u00e3o foram cortados pelos parlamentares,<a href=\"https:\/\/agenciabrasil.ebc.com.br\/politica\/noticia\/2021-04\/sem-orcamento-censo-nao-sera-realizado-em-2021\" target=\"_blank\" rel=\"noopener\">\u00a0inviabilizando a realiza\u00e7\u00e3o<\/a>\u00a0da contagem populacional.<\/p>\n<p>O ministro atendeu ao pedido liminar feito pelo governo do Maranh\u00e3o, que alegou omiss\u00e3o da Uni\u00e3o na aloca\u00e7\u00e3o de recursos para realiza\u00e7\u00e3o do censo. Segundo Marco Aur\u00e9lio, a Constitui\u00e7\u00e3o obriga a realiza\u00e7\u00e3o do levantamento de dados.<\/p>\n<p>\u201cSurge imprescind\u00edvel atua\u00e7\u00e3o conjunta dos Tr\u00eas Poderes, tirando os compromissos constitucionais do papel. No caso, cabe ao Supremo, presentes o acesso ao Judici\u00e1rio, a aplicabilidade imediata dos direitos fundamentais e a omiss\u00e3o dos r\u00e9us, impor a ado\u00e7\u00e3o de provid\u00eancias a viabilizarem a pesquisa demogr\u00e1fica\u201d.<\/p>\n<p>Procurada pela reportagem, a Advocacia-Geral da Uni\u00e3o (AGU) informou que ainda n\u00e3o foi notificada sobre a decis\u00e3o.<\/p>\n<p>Os dados populacionais do Censo s\u00e3o utilizados para os repasses do Fundo de Participa\u00e7\u00e3o dos Munic\u00edpios (FPM) e para uma s\u00e9rie de outras transfer\u00eancias da Uni\u00e3o para estados e munic\u00edpios. A \u00faltima contagem da popula\u00e7\u00e3o foi realizada no Censo Demogr\u00e1fico de 2010.<\/p>\n<p>fonte : Ag\u00eanciaBrasil<\/p>\n","protected":false},"excerpt":{"rendered":"<p>O ministro Marco Aur\u00e9lio, do Supremo Tribunal Federal (STF), determinou<\/p>\n","protected":false},"author":2,"featured_media":46141,"comment_status":"open","ping_status":"open","sticky":false,"template":"","format":"standard","meta":{"footnotes":""},"categories":[24,25],"tags":[],"class_list":["post-46140","post","type-post","status-publish","format-standard","has-post-thumbnail","hentry","category-brasil","category-cidades"],"yoast_head":"<!-- This site is optimized with the Yoast SEO plugin v27.4 - https:\/\/yoast.com\/product\/yoast-seo-wordpress\/ -->\n<title>Ministro do STF determina realiza\u00e7\u00e3o do Censo 2021 - Regi\u00e3o News<\/title>\n<meta name=\"robots\" content=\"index, follow, max-snippet:-1, max-image-preview:large, max-video-preview:-1\" \/>\n<link rel=\"canonical\" href=\"https:\/\/regiaonews.net.br\/2022\/2021\/04\/28\/ministro-do-stf-determina-realizacao-do-censo-2021\/\" \/>\n<meta property=\"og:locale\" content=\"pt_BR\" \/>\n<meta property=\"og:type\" content=\"article\" \/>\n<meta property=\"og:title\" content=\"Ministro do STF determina realiza\u00e7\u00e3o do Censo 2021 - Regi\u00e3o News\" \/>\n<meta property=\"og:description\" content=\"O ministro Marco Aur\u00e9lio, do Supremo Tribunal Federal (STF), determinou\" \/>\n<meta property=\"og:url\" content=\"https:\/\/regiaonews.net.br\/2022\/2021\/04\/28\/ministro-do-stf-determina-realizacao-do-censo-2021\/\" \/>\n<meta property=\"og:site_name\" content=\"Regi\u00e3o News\" \/>\n<meta property=\"article:published_time\" content=\"2021-04-28T22:39:38+00:00\" \/>\n<meta property=\"article:modified_time\" content=\"2021-04-28T23:43:58+00:00\" \/>\n<meta property=\"og:image\" content=\"https:\/\/regiaonews.net.br\/2022\/wp-content\/uploads\/2021\/04\/selecaoibge_home.jpg\" \/>\n\t<meta property=\"og:image:width\" content=\"1170\" \/>\n\t<meta property=\"og:image:height\" content=\"700\" \/>\n\t<meta property=\"og:image:type\" content=\"image\/jpeg\" \/>\n<meta name=\"author\" content=\"Roberto\" \/>\n<meta name=\"twitter:card\" content=\"summary_large_image\" \/>\n<meta name=\"twitter:label1\" content=\"Escrito por\" \/>\n\t<meta name=\"twitter:data1\" content=\"Roberto\" \/>\n\t<meta name=\"twitter:label2\" content=\"Est. tempo de leitura\" \/>\n\t<meta name=\"twitter:data2\" content=\"1 minuto\" \/>\n<script type=\"application\/ld+json\" class=\"yoast-schema-graph\">{\"@context\":\"https:\\\/\\\/schema.org\",\"@graph\":[{\"@type\":\"Article\",\"@id\":\"https:\\\/\\\/regiaonews.net.br\\\/2022\\\/2021\\\/04\\\/28\\\/ministro-do-stf-determina-realizacao-do-censo-2021\\\/#article\",\"isPartOf\":{\"@id\":\"https:\\\/\\\/regiaonews.net.br\\\/2022\\\/2021\\\/04\\\/28\\\/ministro-do-stf-determina-realizacao-do-censo-2021\\\/\"},\"author\":{\"name\":\"Roberto\",\"@id\":\"https:\\\/\\\/regiaonews.net.br\\\/2022\\\/#\\\/schema\\\/person\\\/2d205a608a5aa97ac279d7a5e6d89ad8\"},\"headline\":\"Ministro do STF determina realiza\u00e7\u00e3o do Censo 2021\",\"datePublished\":\"2021-04-28T22:39:38+00:00\",\"dateModified\":\"2021-04-28T23:43:58+00:00\",\"mainEntityOfPage\":{\"@id\":\"https:\\\/\\\/regiaonews.net.br\\\/2022\\\/2021\\\/04\\\/28\\\/ministro-do-stf-determina-realizacao-do-censo-2021\\\/\"},\"wordCount\":306,\"commentCount\":0,\"publisher\":{\"@id\":\"https:\\\/\\\/regiaonews.net.br\\\/2022\\\/#organization\"},\"image\":{\"@id\":\"https:\\\/\\\/regiaonews.net.br\\\/2022\\\/2021\\\/04\\\/28\\\/ministro-do-stf-determina-realizacao-do-censo-2021\\\/#primaryimage\"},\"thumbnailUrl\":\"https:\\\/\\\/regiaonews.net.br\\\/2022\\\/wp-content\\\/uploads\\\/2021\\\/04\\\/selecaoibge_home.jpg\",\"articleSection\":[\"Brasil\",\"Cidades\"],\"inLanguage\":\"pt-BR\",\"potentialAction\":[{\"@type\":\"CommentAction\",\"name\":\"Comment\",\"target\":[\"https:\\\/\\\/regiaonews.net.br\\\/2022\\\/2021\\\/04\\\/28\\\/ministro-do-stf-determina-realizacao-do-censo-2021\\\/#respond\"]}]},{\"@type\":\"WebPage\",\"@id\":\"https:\\\/\\\/regiaonews.net.br\\\/2022\\\/2021\\\/04\\\/28\\\/ministro-do-stf-determina-realizacao-do-censo-2021\\\/\",\"url\":\"https:\\\/\\\/regiaonews.net.br\\\/2022\\\/2021\\\/04\\\/28\\\/ministro-do-stf-determina-realizacao-do-censo-2021\\\/\",\"name\":\"Ministro do STF determina realiza\u00e7\u00e3o do Censo 2021 - Regi\u00e3o News\",\"isPartOf\":{\"@id\":\"https:\\\/\\\/regiaonews.net.br\\\/2022\\\/#website\"},\"primaryImageOfPage\":{\"@id\":\"https:\\\/\\\/regiaonews.net.br\\\/2022\\\/2021\\\/04\\\/28\\\/ministro-do-stf-determina-realizacao-do-censo-2021\\\/#primaryimage\"},\"image\":{\"@id\":\"https:\\\/\\\/regiaonews.net.br\\\/2022\\\/2021\\\/04\\\/28\\\/ministro-do-stf-determina-realizacao-do-censo-2021\\\/#primaryimage\"},\"thumbnailUrl\":\"https:\\\/\\\/regiaonews.net.br\\\/2022\\\/wp-content\\\/uploads\\\/2021\\\/04\\\/selecaoibge_home.jpg\",\"datePublished\":\"2021-04-28T22:39:38+00:00\",\"dateModified\":\"2021-04-28T23:43:58+00:00\",\"breadcrumb\":{\"@id\":\"https:\\\/\\\/regiaonews.net.br\\\/2022\\\/2021\\\/04\\\/28\\\/ministro-do-stf-determina-realizacao-do-censo-2021\\\/#breadcrumb\"},\"inLanguage\":\"pt-BR\",\"potentialAction\":[{\"@type\":\"ReadAction\",\"target\":[\"https:\\\/\\\/regiaonews.net.br\\\/2022\\\/2021\\\/04\\\/28\\\/ministro-do-stf-determina-realizacao-do-censo-2021\\\/\"]}]},{\"@type\":\"ImageObject\",\"inLanguage\":\"pt-BR\",\"@id\":\"https:\\\/\\\/regiaonews.net.br\\\/2022\\\/2021\\\/04\\\/28\\\/ministro-do-stf-determina-realizacao-do-censo-2021\\\/#primaryimage\",\"url\":\"https:\\\/\\\/regiaonews.net.br\\\/2022\\\/wp-content\\\/uploads\\\/2021\\\/04\\\/selecaoibge_home.jpg\",\"contentUrl\":\"https:\\\/\\\/regiaonews.net.br\\\/2022\\\/wp-content\\\/uploads\\\/2021\\\/04\\\/selecaoibge_home.jpg\",\"width\":1170,\"height\":700,\"caption\":\"recenseadores e agentes censit\u00e1rios do IBGE\"},{\"@type\":\"BreadcrumbList\",\"@id\":\"https:\\\/\\\/regiaonews.net.br\\\/2022\\\/2021\\\/04\\\/28\\\/ministro-do-stf-determina-realizacao-do-censo-2021\\\/#breadcrumb\",\"itemListElement\":[{\"@type\":\"ListItem\",\"position\":1,\"name\":\"In\u00edcio\",\"item\":\"https:\\\/\\\/regiaonews.net.br\\\/2022\\\/\"},{\"@type\":\"ListItem\",\"position\":2,\"name\":\"Ministro do STF determina realiza\u00e7\u00e3o do Censo 2021\"}]},{\"@type\":\"WebSite\",\"@id\":\"https:\\\/\\\/regiaonews.net.br\\\/2022\\\/#website\",\"url\":\"https:\\\/\\\/regiaonews.net.br\\\/2022\\\/\",\"name\":\"Regi\u00e3o News\",\"description\":\"Site de Not\u00edcias de Barretos e regi\u00e3o\",\"publisher\":{\"@id\":\"https:\\\/\\\/regiaonews.net.br\\\/2022\\\/#organization\"},\"potentialAction\":[{\"@type\":\"SearchAction\",\"target\":{\"@type\":\"EntryPoint\",\"urlTemplate\":\"https:\\\/\\\/regiaonews.net.br\\\/2022\\\/?s={search_term_string}\"},\"query-input\":{\"@type\":\"PropertyValueSpecification\",\"valueRequired\":true,\"valueName\":\"search_term_string\"}}],\"inLanguage\":\"pt-BR\"},{\"@type\":\"Organization\",\"@id\":\"https:\\\/\\\/regiaonews.net.br\\\/2022\\\/#organization\",\"name\":\"Regi\u00e3o News\",\"url\":\"https:\\\/\\\/regiaonews.net.br\\\/2022\\\/\",\"logo\":{\"@type\":\"ImageObject\",\"inLanguage\":\"pt-BR\",\"@id\":\"https:\\\/\\\/regiaonews.net.br\\\/2022\\\/#\\\/schema\\\/logo\\\/image\\\/\",\"url\":\"https:\\\/\\\/regiaonews.net.br\\\/2022\\\/wp-content\\\/uploads\\\/2026\\\/03\\\/regiao-13-anos-scaled.jpg\",\"contentUrl\":\"https:\\\/\\\/regiaonews.net.br\\\/2022\\\/wp-content\\\/uploads\\\/2026\\\/03\\\/regiao-13-anos-scaled.jpg\",\"width\":2560,\"height\":635,\"caption\":\"Regi\u00e3o News\"},\"image\":{\"@id\":\"https:\\\/\\\/regiaonews.net.br\\\/2022\\\/#\\\/schema\\\/logo\\\/image\\\/\"}},{\"@type\":\"Person\",\"@id\":\"https:\\\/\\\/regiaonews.net.br\\\/2022\\\/#\\\/schema\\\/person\\\/2d205a608a5aa97ac279d7a5e6d89ad8\",\"name\":\"Roberto\",\"image\":{\"@type\":\"ImageObject\",\"inLanguage\":\"pt-BR\",\"@id\":\"https:\\\/\\\/secure.gravatar.com\\\/avatar\\\/42749d8b712ff9d59ca93dc150494e5b55a44134482993f5baeb97e61b7ecc89?s=96&d=mm&r=g\",\"url\":\"https:\\\/\\\/secure.gravatar.com\\\/avatar\\\/42749d8b712ff9d59ca93dc150494e5b55a44134482993f5baeb97e61b7ecc89?s=96&d=mm&r=g\",\"contentUrl\":\"https:\\\/\\\/secure.gravatar.com\\\/avatar\\\/42749d8b712ff9d59ca93dc150494e5b55a44134482993f5baeb97e61b7ecc89?s=96&d=mm&r=g\",\"caption\":\"Roberto\"},\"url\":\"https:\\\/\\\/regiaonews.net.br\\\/2022\\\/author\\\/roberto\\\/\"}]}<\/script>\n<!-- \/ Yoast SEO plugin. -->","yoast_head_json":{"title":"Ministro do STF determina realiza\u00e7\u00e3o do Censo 2021 - Regi\u00e3o News","robots":{"index":"index","follow":"follow","max-snippet":"max-snippet:-1","max-image-preview":"max-image-preview:large","max-video-preview":"max-video-preview:-1"},"canonical":"https:\/\/regiaonews.net.br\/2022\/2021\/04\/28\/ministro-do-stf-determina-realizacao-do-censo-2021\/","og_locale":"pt_BR","og_type":"article","og_title":"Ministro do STF determina realiza\u00e7\u00e3o do Censo 2021 - Regi\u00e3o News","og_description":"O ministro Marco Aur\u00e9lio, do Supremo Tribunal Federal (STF), determinou","og_url":"https:\/\/regiaonews.net.br\/2022\/2021\/04\/28\/ministro-do-stf-determina-realizacao-do-censo-2021\/","og_site_name":"Regi\u00e3o News","article_published_time":"2021-04-28T22:39:38+00:00","article_modified_time":"2021-04-28T23:43:58+00:00","og_image":[{"width":1170,"height":700,"url":"https:\/\/regiaonews.net.br\/2022\/wp-content\/uploads\/2021\/04\/selecaoibge_home.jpg","type":"image\/jpeg"}],"author":"Roberto","twitter_card":"summary_large_image","twitter_misc":{"Escrito por":"Roberto","Est. tempo de leitura":"1 minuto"},"schema":{"@context":"https:\/\/schema.org","@graph":[{"@type":"Article","@id":"https:\/\/regiaonews.net.br\/2022\/2021\/04\/28\/ministro-do-stf-determina-realizacao-do-censo-2021\/#article","isPartOf":{"@id":"https:\/\/regiaonews.net.br\/2022\/2021\/04\/28\/ministro-do-stf-determina-realizacao-do-censo-2021\/"},"author":{"name":"Roberto","@id":"https:\/\/regiaonews.net.br\/2022\/#\/schema\/person\/2d205a608a5aa97ac279d7a5e6d89ad8"},"headline":"Ministro do STF determina realiza\u00e7\u00e3o do Censo 2021","datePublished":"2021-04-28T22:39:38+00:00","dateModified":"2021-04-28T23:43:58+00:00","mainEntityOfPage":{"@id":"https:\/\/regiaonews.net.br\/2022\/2021\/04\/28\/ministro-do-stf-determina-realizacao-do-censo-2021\/"},"wordCount":306,"commentCount":0,"publisher":{"@id":"https:\/\/regiaonews.net.br\/2022\/#organization"},"image":{"@id":"https:\/\/regiaonews.net.br\/2022\/2021\/04\/28\/ministro-do-stf-determina-realizacao-do-censo-2021\/#primaryimage"},"thumbnailUrl":"https:\/\/regiaonews.net.br\/2022\/wp-content\/uploads\/2021\/04\/selecaoibge_home.jpg","articleSection":["Brasil","Cidades"],"inLanguage":"pt-BR","potentialAction":[{"@type":"CommentAction","name":"Comment","target":["https:\/\/regiaonews.net.br\/2022\/2021\/04\/28\/ministro-do-stf-determina-realizacao-do-censo-2021\/#respond"]}]},{"@type":"WebPage","@id":"https:\/\/regiaonews.net.br\/2022\/2021\/04\/28\/ministro-do-stf-determina-realizacao-do-censo-2021\/","url":"https:\/\/regiaonews.net.br\/2022\/2021\/04\/28\/ministro-do-stf-determina-realizacao-do-censo-2021\/","name":"Ministro do STF determina realiza\u00e7\u00e3o do Censo 2021 - Regi\u00e3o News","isPartOf":{"@id":"https:\/\/regiaonews.net.br\/2022\/#website"},"primaryImageOfPage":{"@id":"https:\/\/regiaonews.net.br\/2022\/2021\/04\/28\/ministro-do-stf-determina-realizacao-do-censo-2021\/#primaryimage"},"image":{"@id":"https:\/\/regiaonews.net.br\/2022\/2021\/04\/28\/ministro-do-stf-determina-realizacao-do-censo-2021\/#primaryimage"},"thumbnailUrl":"https:\/\/regiaonews.net.br\/2022\/wp-content\/uploads\/2021\/04\/selecaoibge_home.jpg","datePublished":"2021-04-28T22:39:38+00:00","dateModified":"2021-04-28T23:43:58+00:00","breadcrumb":{"@id":"https:\/\/regiaonews.net.br\/2022\/2021\/04\/28\/ministro-do-stf-determina-realizacao-do-censo-2021\/#breadcrumb"},"inLanguage":"pt-BR","potentialAction":[{"@type":"ReadAction","target":["https:\/\/regiaonews.net.br\/2022\/2021\/04\/28\/ministro-do-stf-determina-realizacao-do-censo-2021\/"]}]},{"@type":"ImageObject","inLanguage":"pt-BR","@id":"https:\/\/regiaonews.net.br\/2022\/2021\/04\/28\/ministro-do-stf-determina-realizacao-do-censo-2021\/#primaryimage","url":"https:\/\/regiaonews.net.br\/2022\/wp-content\/uploads\/2021\/04\/selecaoibge_home.jpg","contentUrl":"https:\/\/regiaonews.net.br\/2022\/wp-content\/uploads\/2021\/04\/selecaoibge_home.jpg","width":1170,"height":700,"caption":"recenseadores e agentes censit\u00e1rios do IBGE"},{"@type":"BreadcrumbList","@id":"https:\/\/regiaonews.net.br\/2022\/2021\/04\/28\/ministro-do-stf-determina-realizacao-do-censo-2021\/#breadcrumb","itemListElement":[{"@type":"ListItem","position":1,"name":"In\u00edcio","item":"https:\/\/regiaonews.net.br\/2022\/"},{"@type":"ListItem","position":2,"name":"Ministro do STF determina realiza\u00e7\u00e3o do Censo 2021"}]},{"@type":"WebSite","@id":"https:\/\/regiaonews.net.br\/2022\/#website","url":"https:\/\/regiaonews.net.br\/2022\/","name":"Regi\u00e3o News","description":"Site de Not\u00edcias de Barretos e regi\u00e3o","publisher":{"@id":"https:\/\/regiaonews.net.br\/2022\/#organization"},"potentialAction":[{"@type":"SearchAction","target":{"@type":"EntryPoint","urlTemplate":"https:\/\/regiaonews.net.br\/2022\/?s={search_term_string}"},"query-input":{"@type":"PropertyValueSpecification","valueRequired":true,"valueName":"search_term_string"}}],"inLanguage":"pt-BR"},{"@type":"Organization","@id":"https:\/\/regiaonews.net.br\/2022\/#organization","name":"Regi\u00e3o News","url":"https:\/\/regiaonews.net.br\/2022\/","logo":{"@type":"ImageObject","inLanguage":"pt-BR","@id":"https:\/\/regiaonews.net.br\/2022\/#\/schema\/logo\/image\/","url":"https:\/\/regiaonews.net.br\/2022\/wp-content\/uploads\/2026\/03\/regiao-13-anos-scaled.jpg","contentUrl":"https:\/\/regiaonews.net.br\/2022\/wp-content\/uploads\/2026\/03\/regiao-13-anos-scaled.jpg","width":2560,"height":635,"caption":"Regi\u00e3o News"},"image":{"@id":"https:\/\/regiaonews.net.br\/2022\/#\/schema\/logo\/image\/"}},{"@type":"Person","@id":"https:\/\/regiaonews.net.br\/2022\/#\/schema\/person\/2d205a608a5aa97ac279d7a5e6d89ad8","name":"Roberto","image":{"@type":"ImageObject","inLanguage":"pt-BR","@id":"https:\/\/secure.gravatar.com\/avatar\/42749d8b712ff9d59ca93dc150494e5b55a44134482993f5baeb97e61b7ecc89?s=96&d=mm&r=g","url":"https:\/\/secure.gravatar.com\/avatar\/42749d8b712ff9d59ca93dc150494e5b55a44134482993f5baeb97e61b7ecc89?s=96&d=mm&r=g","contentUrl":"https:\/\/secure.gravatar.com\/avatar\/42749d8b712ff9d59ca93dc150494e5b55a44134482993f5baeb97e61b7ecc89?s=96&d=mm&r=g","caption":"Roberto"},"url":"https:\/\/regiaonews.net.br\/2022\/author\/roberto\/"}]}},"publishpress_future_action":{"enabled":false,"date":"2026-05-04 04:10:54","action":"change-status","newStatus":"draft","terms":[],"taxonomy":"category","extraData":[]},"publishpress_future_workflow_manual_trigger":{"enabledWorkflows":[]},"_links":{"self":[{"href":"https:\/\/regiaonews.net.br\/2022\/wp-json\/wp\/v2\/posts\/46140","targetHints":{"allow":["GET"]}}],"collection":[{"href":"https:\/\/regiaonews.net.br\/2022\/wp-json\/wp\/v2\/posts"}],"about":[{"href":"https:\/\/regiaonews.net.br\/2022\/wp-json\/wp\/v2\/types\/post"}],"author":[{"embeddable":true,"href":"https:\/\/regiaonews.net.br\/2022\/wp-json\/wp\/v2\/users\/2"}],"replies":[{"embeddable":true,"href":"https:\/\/regiaonews.net.br\/2022\/wp-json\/wp\/v2\/comments?post=46140"}],"version-history":[{"count":0,"href":"https:\/\/regiaonews.net.br\/2022\/wp-json\/wp\/v2\/posts\/46140\/revisions"}],"wp:featuredmedia":[{"embeddable":true,"href":"https:\/\/regiaonews.net.br\/2022\/wp-json\/wp\/v2\/media\/46141"}],"wp:attachment":[{"href":"https:\/\/regiaonews.net.br\/2022\/wp-json\/wp\/v2\/media?parent=46140"}],"wp:term":[{"taxonomy":"category","embeddable":true,"href":"https:\/\/regiaonews.net.br\/2022\/wp-json\/wp\/v2\/categories?post=46140"},{"taxonomy":"post_tag","embeddable":true,"href":"https:\/\/regiaonews.net.br\/2022\/wp-json\/wp\/v2\/tags?post=46140"}],"curies":[{"name":"wp","href":"https:\/\/api.w.org\/{rel}","templated":true}]}}