{"id":46130,"date":"2021-04-28T16:23:20","date_gmt":"2021-04-28T19:23:20","guid":{"rendered":"https:\/\/regiaonews.net.br\/2022\/?p=46130"},"modified":"2021-04-28T16:23:20","modified_gmt":"2021-04-28T19:23:20","slug":"tereos-inicia-safra-2021-22-com-foco-em-sustentabilidade-e-investimentos-em-tecnologia","status":"publish","type":"post","link":"https:\/\/regiaonews.net.br\/2022\/2021\/04\/28\/tereos-inicia-safra-2021-22-com-foco-em-sustentabilidade-e-investimentos-em-tecnologia\/","title":{"rendered":"Tereos inicia safra 2021\/22 com foco em sustentabilidade e investimentos em tecnologia"},"content":{"rendered":"<p><strong><a href=\"https:\/\/regiaonews.net.br\/2022\/wp-content\/uploads\/2018\/10\/tereos.jpg\"><img loading=\"lazy\" decoding=\"async\" class=\"alignnone size-medium wp-image-15811\" src=\"https:\/\/regiaonews.net.br\/2022\/wp-content\/uploads\/2018\/10\/tereos-300x201.jpg\" alt=\"\" width=\"300\" height=\"201\" \/><\/a><\/strong><\/p>\n<p><em>Grupo processar\u00e1 cerca de 20 milh\u00f5es de toneladas de cana-de-a\u00e7\u00facar<\/em><\/p>\n<p>&nbsp;<\/p>\n<p><strong>Ol\u00edmpia, 19 de abril de 2021 \u2013<\/strong>\u00a0A Tereos A\u00e7\u00facar &amp; Energia Brasil, subsidi\u00e1ria do grupo franc\u00eas Tereos, segundo maior produtor de a\u00e7\u00facar do Brasil e do mundo, j\u00e1 deu in\u00edcio \u00e0 safra 2021\/22 de cana-de-a\u00e7\u00facar em suas sete unidades industriais no noroeste do estado de S\u00e3o Paulo. A expectativa para o per\u00edodo \u00e9 processar cerca de 20 milh\u00f5es de toneladas da mat\u00e9ria-prima; o mix de produ\u00e7\u00e3o da companhia deve ser de 65,4% de a\u00e7\u00facar e 34,6% de etanol.<\/p>\n<p>&nbsp;<\/p>\n<p>\u201cIniciamos a safra 2021\/22, com a mesma preocupa\u00e7\u00e3o da anterior: garantir a sa\u00fade dos nossos colaboradores durante a pandemia de Covid-19. Por sermos um setor essencial, que produz alimento e energia, n\u00e3o podemos parar. Estamos alinhados com os protocolos de seguran\u00e7a das autoridades de sa\u00fade e apostamos em mais um per\u00edodo de resultados importantes\u201d, comenta Pierre Santoul, diretor-presidente da Tereos Brasil.<\/p>\n<p>&nbsp;<\/p>\n<p>Santoul tamb\u00e9m destaca que a empresa tem boas not\u00edcias. \u201cSomos reconhecidos por termos o segundo melhor ATR do setor. Neste ano, a expectativa da Tereos \u00e9 ter um ATR de 141,5 kg por tonelada\u201d, aponta.<\/p>\n<p>&nbsp;<\/p>\n<p><strong>Investimentos<\/strong><\/p>\n<p>&nbsp;<\/p>\n<p>Os investimentos em tecnologia n\u00e3o param na Tereos. Para a safra 2021\/22, a inova\u00e7\u00e3o ser\u00e1 o ponto chave em toda a opera\u00e7\u00e3o, das atividades agr\u00edcolas \u00e0s industriais. \u201cTemos um Programa de Ind\u00fastria 4.0, o qual engloba o uso de tecnologias para automa\u00e7\u00e3o e troca de dados visando \u00e0 melhoria da efici\u00eancia e produtividade dos processos. Vamos intensificar o monitoramento em tempo real, que gera uma vis\u00e3o integrada do neg\u00f3cio e facilita a tomada de decis\u00f5es\u201d, destaca Santoul.<\/p>\n<p>&nbsp;<\/p>\n<p>Na agr\u00edcola, a empresa conta com monitoramento do canavial por sat\u00e9lite. Atualizado periodicamente, o sistema acompanha e analisa a produtividade da lavoura e potenciais desvios como falhas de brota\u00e7\u00e3o, plantas daninhas, impactos de seca e pragas de solo.<\/p>\n<p>&nbsp;<\/p>\n<p><strong>Sustentabilidade<\/strong><\/p>\n<p>&nbsp;<\/p>\n<p>Entre as prioridades da Tereos, est\u00e1 a sustentabilidade. \u201cO Grupo acredita em um modelo de crescimento sustent\u00e1vel e visa melhorar seu desempenho agr\u00edcola, otimizar seu consumo de energia e \u00e1gua, al\u00e9m de promover energia limpa com baixas emiss\u00f5es de gases do efeito estufa (GEEs). O comprometimento da safra 2021\/22 \u00e9 mitigar em at\u00e9 10% as atividades da agricultura que impactam em GEEs at\u00e9 2023. Ao longo deste per\u00edodo, grandes projetos de energia limpa e de carbono zero ser\u00e3o os protagonistas\u201d, finaliza Santoul.<\/p>\n<p>&nbsp;<\/p>\n<p><strong>Sobre a Tereos<\/strong><\/p>\n<p><em>Com vis\u00e3o de longo prazo no processamento de mat\u00e9rias-primas agr\u00edcolas e desenvolvimento de produtos aliment\u00edcios de qualidade, a Tereos \u00e9 uma das l\u00edderes nos mercados de a\u00e7\u00facar, \u00e1lcool\/etanol e amidos. Os compromissos do Grupo com a sociedade e com o meio ambiente t\u00eam contribu\u00eddo com a performance da companhia no longo prazo, enquanto refor\u00e7a nossa atua\u00e7\u00e3o respons\u00e1vel. O Grupo cooperativo Tereos re\u00fane 12.000 agricultores e possui expertise reconhecida no processamento de beterraba, cana-de-a\u00e7\u00facar, cereais e batata. Com 48 unidades industriais, opera\u00e7\u00f5es em 18 pa\u00edses e o compromisso de 22.300 colaboradores, a Tereos atende seus clientes em seus mercados locais, com uma oferta ampla de produtos. Em 2019\/20, o Grupo obteve um faturamento de \u20ac 4,5 bilh\u00f5es.<\/em><\/p>\n<p>&nbsp;<\/p>\n<p><strong>Tereos no Brasil<\/strong><\/p>\n<p><em>A Tereos no Brasil \u00e9 composta pela Tereos A\u00e7\u00facar &amp; Energia Brasil, Tereos Amido &amp; Ado\u00e7antes Brasil e Tereos Commodities Brasil. No noroeste do Estado de S\u00e3o Paulo, a Tereos A\u00e7\u00facar &amp; Energia Brasil concentra suas sete unidades de processamento e duas refinarias. A Tereos Amido &amp; Ado\u00e7antes Brasil, com opera\u00e7\u00e3o em Palmital (SP), diversifica o portif\u00f3lio da Tereos Brasil com a fabrica\u00e7\u00e3o de produtos derivados de milho e mandioca. A Tereos Commodities opera como trading e possui escrit\u00f3rios em diversos pa\u00edses.<\/em><\/p>\n","protected":false},"excerpt":{"rendered":"<p>Grupo processar\u00e1 cerca de 20 milh\u00f5es de toneladas de cana-de-a\u00e7\u00facar<\/p>\n","protected":false},"author":2,"featured_media":3130,"comment_status":"open","ping_status":"open","sticky":false,"template":"","format":"standard","meta":{"footnotes":""},"categories":[25,64,30],"tags":[],"class_list":["post-46130","post","type-post","status-publish","format-standard","has-post-thumbnail","hentry","category-cidades","category-emprego","category-regiao"],"yoast_head":"<!-- This site is optimized with the Yoast SEO plugin v27.4 - https:\/\/yoast.com\/product\/yoast-seo-wordpress\/ -->\n<title>Tereos inicia safra 2021\/22 com foco em sustentabilidade e investimentos em tecnologia - Regi\u00e3o News<\/title>\n<meta name=\"robots\" content=\"index, follow, max-snippet:-1, max-image-preview:large, max-video-preview:-1\" \/>\n<link rel=\"canonical\" href=\"https:\/\/regiaonews.net.br\/2022\/2021\/04\/28\/tereos-inicia-safra-2021-22-com-foco-em-sustentabilidade-e-investimentos-em-tecnologia\/\" \/>\n<meta property=\"og:locale\" content=\"pt_BR\" \/>\n<meta property=\"og:type\" content=\"article\" \/>\n<meta property=\"og:title\" content=\"Tereos inicia safra 2021\/22 com foco em sustentabilidade e investimentos em tecnologia - Regi\u00e3o News\" \/>\n<meta property=\"og:description\" content=\"Grupo processar\u00e1 cerca de 20 milh\u00f5es de toneladas de cana-de-a\u00e7\u00facar\" \/>\n<meta property=\"og:url\" content=\"https:\/\/regiaonews.net.br\/2022\/2021\/04\/28\/tereos-inicia-safra-2021-22-com-foco-em-sustentabilidade-e-investimentos-em-tecnologia\/\" \/>\n<meta property=\"og:site_name\" content=\"Regi\u00e3o News\" \/>\n<meta property=\"article:published_time\" content=\"2021-04-28T19:23:20+00:00\" \/>\n<meta property=\"og:image\" content=\"https:\/\/regiaonews.net.br\/2022\/wp-content\/uploads\/2017\/02\/GUARANI-TEREOS.jpg\" \/>\n\t<meta property=\"og:image:width\" content=\"1600\" \/>\n\t<meta property=\"og:image:height\" content=\"1200\" \/>\n\t<meta property=\"og:image:type\" content=\"image\/jpeg\" \/>\n<meta name=\"author\" content=\"Roberto\" \/>\n<meta name=\"twitter:card\" content=\"summary_large_image\" \/>\n<meta name=\"twitter:label1\" content=\"Escrito por\" \/>\n\t<meta name=\"twitter:data1\" content=\"Roberto\" \/>\n\t<meta name=\"twitter:label2\" content=\"Est. tempo de leitura\" \/>\n\t<meta name=\"twitter:data2\" content=\"3 minutos\" \/>\n<script type=\"application\/ld+json\" class=\"yoast-schema-graph\">{\"@context\":\"https:\\\/\\\/schema.org\",\"@graph\":[{\"@type\":\"Article\",\"@id\":\"https:\\\/\\\/regiaonews.net.br\\\/2022\\\/2021\\\/04\\\/28\\\/tereos-inicia-safra-2021-22-com-foco-em-sustentabilidade-e-investimentos-em-tecnologia\\\/#article\",\"isPartOf\":{\"@id\":\"https:\\\/\\\/regiaonews.net.br\\\/2022\\\/2021\\\/04\\\/28\\\/tereos-inicia-safra-2021-22-com-foco-em-sustentabilidade-e-investimentos-em-tecnologia\\\/\"},\"author\":{\"name\":\"Roberto\",\"@id\":\"https:\\\/\\\/regiaonews.net.br\\\/2022\\\/#\\\/schema\\\/person\\\/2d205a608a5aa97ac279d7a5e6d89ad8\"},\"headline\":\"Tereos inicia safra 2021\\\/22 com foco em sustentabilidade e investimentos em tecnologia\",\"datePublished\":\"2021-04-28T19:23:20+00:00\",\"mainEntityOfPage\":{\"@id\":\"https:\\\/\\\/regiaonews.net.br\\\/2022\\\/2021\\\/04\\\/28\\\/tereos-inicia-safra-2021-22-com-foco-em-sustentabilidade-e-investimentos-em-tecnologia\\\/\"},\"wordCount\":649,\"commentCount\":0,\"publisher\":{\"@id\":\"https:\\\/\\\/regiaonews.net.br\\\/2022\\\/#organization\"},\"image\":{\"@id\":\"https:\\\/\\\/regiaonews.net.br\\\/2022\\\/2021\\\/04\\\/28\\\/tereos-inicia-safra-2021-22-com-foco-em-sustentabilidade-e-investimentos-em-tecnologia\\\/#primaryimage\"},\"thumbnailUrl\":\"https:\\\/\\\/regiaonews.net.br\\\/2022\\\/wp-content\\\/uploads\\\/2017\\\/02\\\/GUARANI-TEREOS.jpg\",\"articleSection\":[\"Cidades\",\"Emprego\",\"Regi\u00e3o\"],\"inLanguage\":\"pt-BR\",\"potentialAction\":[{\"@type\":\"CommentAction\",\"name\":\"Comment\",\"target\":[\"https:\\\/\\\/regiaonews.net.br\\\/2022\\\/2021\\\/04\\\/28\\\/tereos-inicia-safra-2021-22-com-foco-em-sustentabilidade-e-investimentos-em-tecnologia\\\/#respond\"]}]},{\"@type\":\"WebPage\",\"@id\":\"https:\\\/\\\/regiaonews.net.br\\\/2022\\\/2021\\\/04\\\/28\\\/tereos-inicia-safra-2021-22-com-foco-em-sustentabilidade-e-investimentos-em-tecnologia\\\/\",\"url\":\"https:\\\/\\\/regiaonews.net.br\\\/2022\\\/2021\\\/04\\\/28\\\/tereos-inicia-safra-2021-22-com-foco-em-sustentabilidade-e-investimentos-em-tecnologia\\\/\",\"name\":\"Tereos inicia safra 2021\\\/22 com foco em sustentabilidade e investimentos em tecnologia - Regi\u00e3o News\",\"isPartOf\":{\"@id\":\"https:\\\/\\\/regiaonews.net.br\\\/2022\\\/#website\"},\"primaryImageOfPage\":{\"@id\":\"https:\\\/\\\/regiaonews.net.br\\\/2022\\\/2021\\\/04\\\/28\\\/tereos-inicia-safra-2021-22-com-foco-em-sustentabilidade-e-investimentos-em-tecnologia\\\/#primaryimage\"},\"image\":{\"@id\":\"https:\\\/\\\/regiaonews.net.br\\\/2022\\\/2021\\\/04\\\/28\\\/tereos-inicia-safra-2021-22-com-foco-em-sustentabilidade-e-investimentos-em-tecnologia\\\/#primaryimage\"},\"thumbnailUrl\":\"https:\\\/\\\/regiaonews.net.br\\\/2022\\\/wp-content\\\/uploads\\\/2017\\\/02\\\/GUARANI-TEREOS.jpg\",\"datePublished\":\"2021-04-28T19:23:20+00:00\",\"breadcrumb\":{\"@id\":\"https:\\\/\\\/regiaonews.net.br\\\/2022\\\/2021\\\/04\\\/28\\\/tereos-inicia-safra-2021-22-com-foco-em-sustentabilidade-e-investimentos-em-tecnologia\\\/#breadcrumb\"},\"inLanguage\":\"pt-BR\",\"potentialAction\":[{\"@type\":\"ReadAction\",\"target\":[\"https:\\\/\\\/regiaonews.net.br\\\/2022\\\/2021\\\/04\\\/28\\\/tereos-inicia-safra-2021-22-com-foco-em-sustentabilidade-e-investimentos-em-tecnologia\\\/\"]}]},{\"@type\":\"ImageObject\",\"inLanguage\":\"pt-BR\",\"@id\":\"https:\\\/\\\/regiaonews.net.br\\\/2022\\\/2021\\\/04\\\/28\\\/tereos-inicia-safra-2021-22-com-foco-em-sustentabilidade-e-investimentos-em-tecnologia\\\/#primaryimage\",\"url\":\"https:\\\/\\\/regiaonews.net.br\\\/2022\\\/wp-content\\\/uploads\\\/2017\\\/02\\\/GUARANI-TEREOS.jpg\",\"contentUrl\":\"https:\\\/\\\/regiaonews.net.br\\\/2022\\\/wp-content\\\/uploads\\\/2017\\\/02\\\/GUARANI-TEREOS.jpg\",\"width\":1600,\"height\":1200},{\"@type\":\"BreadcrumbList\",\"@id\":\"https:\\\/\\\/regiaonews.net.br\\\/2022\\\/2021\\\/04\\\/28\\\/tereos-inicia-safra-2021-22-com-foco-em-sustentabilidade-e-investimentos-em-tecnologia\\\/#breadcrumb\",\"itemListElement\":[{\"@type\":\"ListItem\",\"position\":1,\"name\":\"In\u00edcio\",\"item\":\"https:\\\/\\\/regiaonews.net.br\\\/2022\\\/\"},{\"@type\":\"ListItem\",\"position\":2,\"name\":\"Tereos inicia safra 2021\\\/22 com foco em sustentabilidade e investimentos em tecnologia\"}]},{\"@type\":\"WebSite\",\"@id\":\"https:\\\/\\\/regiaonews.net.br\\\/2022\\\/#website\",\"url\":\"https:\\\/\\\/regiaonews.net.br\\\/2022\\\/\",\"name\":\"Regi\u00e3o News\",\"description\":\"Site de Not\u00edcias de Barretos e regi\u00e3o\",\"publisher\":{\"@id\":\"https:\\\/\\\/regiaonews.net.br\\\/2022\\\/#organization\"},\"potentialAction\":[{\"@type\":\"SearchAction\",\"target\":{\"@type\":\"EntryPoint\",\"urlTemplate\":\"https:\\\/\\\/regiaonews.net.br\\\/2022\\\/?s={search_term_string}\"},\"query-input\":{\"@type\":\"PropertyValueSpecification\",\"valueRequired\":true,\"valueName\":\"search_term_string\"}}],\"inLanguage\":\"pt-BR\"},{\"@type\":\"Organization\",\"@id\":\"https:\\\/\\\/regiaonews.net.br\\\/2022\\\/#organization\",\"name\":\"Regi\u00e3o News\",\"url\":\"https:\\\/\\\/regiaonews.net.br\\\/2022\\\/\",\"logo\":{\"@type\":\"ImageObject\",\"inLanguage\":\"pt-BR\",\"@id\":\"https:\\\/\\\/regiaonews.net.br\\\/2022\\\/#\\\/schema\\\/logo\\\/image\\\/\",\"url\":\"https:\\\/\\\/regiaonews.net.br\\\/2022\\\/wp-content\\\/uploads\\\/2026\\\/03\\\/regiao-13-anos-scaled.jpg\",\"contentUrl\":\"https:\\\/\\\/regiaonews.net.br\\\/2022\\\/wp-content\\\/uploads\\\/2026\\\/03\\\/regiao-13-anos-scaled.jpg\",\"width\":2560,\"height\":635,\"caption\":\"Regi\u00e3o News\"},\"image\":{\"@id\":\"https:\\\/\\\/regiaonews.net.br\\\/2022\\\/#\\\/schema\\\/logo\\\/image\\\/\"}},{\"@type\":\"Person\",\"@id\":\"https:\\\/\\\/regiaonews.net.br\\\/2022\\\/#\\\/schema\\\/person\\\/2d205a608a5aa97ac279d7a5e6d89ad8\",\"name\":\"Roberto\",\"image\":{\"@type\":\"ImageObject\",\"inLanguage\":\"pt-BR\",\"@id\":\"https:\\\/\\\/secure.gravatar.com\\\/avatar\\\/42749d8b712ff9d59ca93dc150494e5b55a44134482993f5baeb97e61b7ecc89?s=96&d=mm&r=g\",\"url\":\"https:\\\/\\\/secure.gravatar.com\\\/avatar\\\/42749d8b712ff9d59ca93dc150494e5b55a44134482993f5baeb97e61b7ecc89?s=96&d=mm&r=g\",\"contentUrl\":\"https:\\\/\\\/secure.gravatar.com\\\/avatar\\\/42749d8b712ff9d59ca93dc150494e5b55a44134482993f5baeb97e61b7ecc89?s=96&d=mm&r=g\",\"caption\":\"Roberto\"},\"url\":\"https:\\\/\\\/regiaonews.net.br\\\/2022\\\/author\\\/roberto\\\/\"}]}<\/script>\n<!-- \/ Yoast SEO plugin. -->","yoast_head_json":{"title":"Tereos inicia safra 2021\/22 com foco em sustentabilidade e investimentos em tecnologia - Regi\u00e3o News","robots":{"index":"index","follow":"follow","max-snippet":"max-snippet:-1","max-image-preview":"max-image-preview:large","max-video-preview":"max-video-preview:-1"},"canonical":"https:\/\/regiaonews.net.br\/2022\/2021\/04\/28\/tereos-inicia-safra-2021-22-com-foco-em-sustentabilidade-e-investimentos-em-tecnologia\/","og_locale":"pt_BR","og_type":"article","og_title":"Tereos inicia safra 2021\/22 com foco em sustentabilidade e investimentos em tecnologia - Regi\u00e3o News","og_description":"Grupo processar\u00e1 cerca de 20 milh\u00f5es de toneladas de cana-de-a\u00e7\u00facar","og_url":"https:\/\/regiaonews.net.br\/2022\/2021\/04\/28\/tereos-inicia-safra-2021-22-com-foco-em-sustentabilidade-e-investimentos-em-tecnologia\/","og_site_name":"Regi\u00e3o News","article_published_time":"2021-04-28T19:23:20+00:00","og_image":[{"width":1600,"height":1200,"url":"https:\/\/regiaonews.net.br\/2022\/wp-content\/uploads\/2017\/02\/GUARANI-TEREOS.jpg","type":"image\/jpeg"}],"author":"Roberto","twitter_card":"summary_large_image","twitter_misc":{"Escrito por":"Roberto","Est. tempo de leitura":"3 minutos"},"schema":{"@context":"https:\/\/schema.org","@graph":[{"@type":"Article","@id":"https:\/\/regiaonews.net.br\/2022\/2021\/04\/28\/tereos-inicia-safra-2021-22-com-foco-em-sustentabilidade-e-investimentos-em-tecnologia\/#article","isPartOf":{"@id":"https:\/\/regiaonews.net.br\/2022\/2021\/04\/28\/tereos-inicia-safra-2021-22-com-foco-em-sustentabilidade-e-investimentos-em-tecnologia\/"},"author":{"name":"Roberto","@id":"https:\/\/regiaonews.net.br\/2022\/#\/schema\/person\/2d205a608a5aa97ac279d7a5e6d89ad8"},"headline":"Tereos inicia safra 2021\/22 com foco em sustentabilidade e investimentos em tecnologia","datePublished":"2021-04-28T19:23:20+00:00","mainEntityOfPage":{"@id":"https:\/\/regiaonews.net.br\/2022\/2021\/04\/28\/tereos-inicia-safra-2021-22-com-foco-em-sustentabilidade-e-investimentos-em-tecnologia\/"},"wordCount":649,"commentCount":0,"publisher":{"@id":"https:\/\/regiaonews.net.br\/2022\/#organization"},"image":{"@id":"https:\/\/regiaonews.net.br\/2022\/2021\/04\/28\/tereos-inicia-safra-2021-22-com-foco-em-sustentabilidade-e-investimentos-em-tecnologia\/#primaryimage"},"thumbnailUrl":"https:\/\/regiaonews.net.br\/2022\/wp-content\/uploads\/2017\/02\/GUARANI-TEREOS.jpg","articleSection":["Cidades","Emprego","Regi\u00e3o"],"inLanguage":"pt-BR","potentialAction":[{"@type":"CommentAction","name":"Comment","target":["https:\/\/regiaonews.net.br\/2022\/2021\/04\/28\/tereos-inicia-safra-2021-22-com-foco-em-sustentabilidade-e-investimentos-em-tecnologia\/#respond"]}]},{"@type":"WebPage","@id":"https:\/\/regiaonews.net.br\/2022\/2021\/04\/28\/tereos-inicia-safra-2021-22-com-foco-em-sustentabilidade-e-investimentos-em-tecnologia\/","url":"https:\/\/regiaonews.net.br\/2022\/2021\/04\/28\/tereos-inicia-safra-2021-22-com-foco-em-sustentabilidade-e-investimentos-em-tecnologia\/","name":"Tereos inicia safra 2021\/22 com foco em sustentabilidade e investimentos em tecnologia - Regi\u00e3o News","isPartOf":{"@id":"https:\/\/regiaonews.net.br\/2022\/#website"},"primaryImageOfPage":{"@id":"https:\/\/regiaonews.net.br\/2022\/2021\/04\/28\/tereos-inicia-safra-2021-22-com-foco-em-sustentabilidade-e-investimentos-em-tecnologia\/#primaryimage"},"image":{"@id":"https:\/\/regiaonews.net.br\/2022\/2021\/04\/28\/tereos-inicia-safra-2021-22-com-foco-em-sustentabilidade-e-investimentos-em-tecnologia\/#primaryimage"},"thumbnailUrl":"https:\/\/regiaonews.net.br\/2022\/wp-content\/uploads\/2017\/02\/GUARANI-TEREOS.jpg","datePublished":"2021-04-28T19:23:20+00:00","breadcrumb":{"@id":"https:\/\/regiaonews.net.br\/2022\/2021\/04\/28\/tereos-inicia-safra-2021-22-com-foco-em-sustentabilidade-e-investimentos-em-tecnologia\/#breadcrumb"},"inLanguage":"pt-BR","potentialAction":[{"@type":"ReadAction","target":["https:\/\/regiaonews.net.br\/2022\/2021\/04\/28\/tereos-inicia-safra-2021-22-com-foco-em-sustentabilidade-e-investimentos-em-tecnologia\/"]}]},{"@type":"ImageObject","inLanguage":"pt-BR","@id":"https:\/\/regiaonews.net.br\/2022\/2021\/04\/28\/tereos-inicia-safra-2021-22-com-foco-em-sustentabilidade-e-investimentos-em-tecnologia\/#primaryimage","url":"https:\/\/regiaonews.net.br\/2022\/wp-content\/uploads\/2017\/02\/GUARANI-TEREOS.jpg","contentUrl":"https:\/\/regiaonews.net.br\/2022\/wp-content\/uploads\/2017\/02\/GUARANI-TEREOS.jpg","width":1600,"height":1200},{"@type":"BreadcrumbList","@id":"https:\/\/regiaonews.net.br\/2022\/2021\/04\/28\/tereos-inicia-safra-2021-22-com-foco-em-sustentabilidade-e-investimentos-em-tecnologia\/#breadcrumb","itemListElement":[{"@type":"ListItem","position":1,"name":"In\u00edcio","item":"https:\/\/regiaonews.net.br\/2022\/"},{"@type":"ListItem","position":2,"name":"Tereos inicia safra 2021\/22 com foco em sustentabilidade e investimentos em tecnologia"}]},{"@type":"WebSite","@id":"https:\/\/regiaonews.net.br\/2022\/#website","url":"https:\/\/regiaonews.net.br\/2022\/","name":"Regi\u00e3o News","description":"Site de Not\u00edcias de Barretos e regi\u00e3o","publisher":{"@id":"https:\/\/regiaonews.net.br\/2022\/#organization"},"potentialAction":[{"@type":"SearchAction","target":{"@type":"EntryPoint","urlTemplate":"https:\/\/regiaonews.net.br\/2022\/?s={search_term_string}"},"query-input":{"@type":"PropertyValueSpecification","valueRequired":true,"valueName":"search_term_string"}}],"inLanguage":"pt-BR"},{"@type":"Organization","@id":"https:\/\/regiaonews.net.br\/2022\/#organization","name":"Regi\u00e3o News","url":"https:\/\/regiaonews.net.br\/2022\/","logo":{"@type":"ImageObject","inLanguage":"pt-BR","@id":"https:\/\/regiaonews.net.br\/2022\/#\/schema\/logo\/image\/","url":"https:\/\/regiaonews.net.br\/2022\/wp-content\/uploads\/2026\/03\/regiao-13-anos-scaled.jpg","contentUrl":"https:\/\/regiaonews.net.br\/2022\/wp-content\/uploads\/2026\/03\/regiao-13-anos-scaled.jpg","width":2560,"height":635,"caption":"Regi\u00e3o News"},"image":{"@id":"https:\/\/regiaonews.net.br\/2022\/#\/schema\/logo\/image\/"}},{"@type":"Person","@id":"https:\/\/regiaonews.net.br\/2022\/#\/schema\/person\/2d205a608a5aa97ac279d7a5e6d89ad8","name":"Roberto","image":{"@type":"ImageObject","inLanguage":"pt-BR","@id":"https:\/\/secure.gravatar.com\/avatar\/42749d8b712ff9d59ca93dc150494e5b55a44134482993f5baeb97e61b7ecc89?s=96&d=mm&r=g","url":"https:\/\/secure.gravatar.com\/avatar\/42749d8b712ff9d59ca93dc150494e5b55a44134482993f5baeb97e61b7ecc89?s=96&d=mm&r=g","contentUrl":"https:\/\/secure.gravatar.com\/avatar\/42749d8b712ff9d59ca93dc150494e5b55a44134482993f5baeb97e61b7ecc89?s=96&d=mm&r=g","caption":"Roberto"},"url":"https:\/\/regiaonews.net.br\/2022\/author\/roberto\/"}]}},"publishpress_future_action":{"enabled":false,"date":"2026-05-04 10:06:57","action":"change-status","newStatus":"draft","terms":[],"taxonomy":"category","extraData":[]},"publishpress_future_workflow_manual_trigger":{"enabledWorkflows":[]},"_links":{"self":[{"href":"https:\/\/regiaonews.net.br\/2022\/wp-json\/wp\/v2\/posts\/46130","targetHints":{"allow":["GET"]}}],"collection":[{"href":"https:\/\/regiaonews.net.br\/2022\/wp-json\/wp\/v2\/posts"}],"about":[{"href":"https:\/\/regiaonews.net.br\/2022\/wp-json\/wp\/v2\/types\/post"}],"author":[{"embeddable":true,"href":"https:\/\/regiaonews.net.br\/2022\/wp-json\/wp\/v2\/users\/2"}],"replies":[{"embeddable":true,"href":"https:\/\/regiaonews.net.br\/2022\/wp-json\/wp\/v2\/comments?post=46130"}],"version-history":[{"count":0,"href":"https:\/\/regiaonews.net.br\/2022\/wp-json\/wp\/v2\/posts\/46130\/revisions"}],"wp:featuredmedia":[{"embeddable":true,"href":"https:\/\/regiaonews.net.br\/2022\/wp-json\/wp\/v2\/media\/3130"}],"wp:attachment":[{"href":"https:\/\/regiaonews.net.br\/2022\/wp-json\/wp\/v2\/media?parent=46130"}],"wp:term":[{"taxonomy":"category","embeddable":true,"href":"https:\/\/regiaonews.net.br\/2022\/wp-json\/wp\/v2\/categories?post=46130"},{"taxonomy":"post_tag","embeddable":true,"href":"https:\/\/regiaonews.net.br\/2022\/wp-json\/wp\/v2\/tags?post=46130"}],"curies":[{"name":"wp","href":"https:\/\/api.w.org\/{rel}","templated":true}]}}