{"id":46107,"date":"2021-04-28T13:32:43","date_gmt":"2021-04-28T16:32:43","guid":{"rendered":"https:\/\/regiaonews.net.br\/2022\/?p=46107"},"modified":"2021-04-28T14:05:57","modified_gmt":"2021-04-28T17:05:57","slug":"governo-de-sp-libera-funcionamento-de-comercio-e-servicos-das-6h-as-20h-a-partir-de-1o-de-maio","status":"publish","type":"post","link":"https:\/\/regiaonews.net.br\/2022\/2021\/04\/28\/governo-de-sp-libera-funcionamento-de-comercio-e-servicos-das-6h-as-20h-a-partir-de-1o-de-maio\/","title":{"rendered":"Governo de SP  libera funcionamento de com\u00e9rcio e servi\u00e7os das 6h \u00e0s 20h a partir de 1\u00ba de maio"},"content":{"rendered":"<p><a href=\"https:\/\/regiaonews.net.br\/2022\/wp-content\/uploads\/2021\/04\/etapaextra-jetta-1080x1080_Prancheta-1.jpg\"><img loading=\"lazy\" decoding=\"async\" class=\"alignnone size-medium wp-image-45500\" src=\"https:\/\/regiaonews.net.br\/2022\/wp-content\/uploads\/2021\/04\/etapaextra-jetta-1080x1080_Prancheta-1-300x300.jpg\" alt=\"\" width=\"300\" height=\"300\" \/><\/a><\/p>\n<p><a href=\"https:\/\/regiaonews.net.br\/2022\/wp-content\/uploads\/2021\/04\/20210419_091427.jpg\"><img loading=\"lazy\" decoding=\"async\" class=\"alignnone size-medium wp-image-45466\" src=\"https:\/\/regiaonews.net.br\/2022\/wp-content\/uploads\/2021\/04\/20210419_091427-300x163.jpg\" alt=\"\" width=\"300\" height=\"163\" \/><\/a><\/p>\n<p><a href=\"https:\/\/regiaonews.net.br\/2022\/wp-content\/uploads\/2021\/04\/fup20210424315.jpg\"><img loading=\"lazy\" decoding=\"async\" class=\"alignnone size-medium wp-image-46108\" src=\"https:\/\/regiaonews.net.br\/2022\/wp-content\/uploads\/2021\/04\/fup20210424315-300x200.jpg\" alt=\"\" width=\"300\" height=\"200\" \/><\/a><\/p>\n<p class=\"content-head__subtitle\">Mudan\u00e7a amplia hor\u00e1rio de setores da economia que podiam funcionar apenas das 11h \u00e0s 19h. Lojas, shoppings, restaurantes, sal\u00f5es de beleza, academias e outros estabelecimentos comerciais poder\u00e3o funcionar das 6h \u00e0s 20h, initerruptamente, a partir deste s\u00e1bado (1\u00ba).<\/p>\n<p><a href=\"https:\/\/regiaonews.net.br\/2022\/wp-content\/uploads\/2021\/04\/33d927d6-6197-43d7-89ca-d7440b866f35-7.jpg\"><img loading=\"lazy\" decoding=\"async\" class=\"alignnone size-medium wp-image-45458\" src=\"https:\/\/regiaonews.net.br\/2022\/wp-content\/uploads\/2021\/04\/33d927d6-6197-43d7-89ca-d7440b866f35-7-300x298.jpg\" alt=\"\" width=\"300\" height=\"298\" \/><\/a><\/p>\n<p>O governo de\u00a0<a href=\"https:\/\/g1.globo.com\/sp\/sao-paulo\">S\u00e3o Paulo\u00a0<\/a>anunciou nesta quarta-feira (28) uma\u00a0<span class=\"highlight highlighted\">nova flexibiliza\u00e7\u00e3o da quarentena<\/span>\u00a0no estado. A partir deste s\u00e1bado (1\u00ba), lojas, shoppings, restaurantes, sal\u00f5es de beleza, academias e outros estabelecimentos comerciais poder\u00e3o funcionar das 6h \u00e0s 20h.<\/p>\n<p>O governo manteve o toque de recolher e a limita\u00e7\u00e3o de 25% da capacidade m\u00e1xima dos estabelecimentos. No entanto, o\u00a0<a href=\"https:\/\/g1.globo.com\/sp\/sao-paulo\/noticia\/2021\/04\/27\/fase-de-transicao-da-quarentena-em-sp-tem-regras-similares-as-de-fases-mais-brandas-setores-desrespeitam-recomendacoes.ghtml\">controle de 25% do p\u00fablico \u00e9, na pr\u00e1tica, uma recomenda\u00e7\u00e3o<\/a>, segundo consta no decreto estadual que regulamenta a quarentena em S\u00e3o Paulo.<\/p>\n<p>A decis\u00e3o do governo pela mudan\u00e7a de fase foi tomada ap\u00f3s uma leve queda na taxa de interna\u00e7\u00f5es por Covid-19 no estado, que est\u00e1 com ocupa\u00e7\u00e3o\u00a0<a href=\"https:\/\/g1.globo.com\/sp\/sao-paulo\/noticia\/2021\/04\/14\/com-86percent-de-ocupacao-nas-utis-governo-de-sp-ve-melhora-e-pode-mudar-fase-da-quarentena-em-regioes-do-estado-nesta-sexta.ghtml\">em torno de 85% nos leitos de Unidade de Terapia Intensiva (UTIs)<\/a>\u00a0\u2013 para especialistas, isso ainda indica uma situa\u00e7\u00e3o cr\u00edtica do sistema de sa\u00fade.\u00a0<a href=\"https:\/\/g1.globo.com\/sp\/sao-paulo\/noticia\/2021\/04\/15\/com-15-dias-abril-ja-e-o-2o-mes-em-mortes-por-covid-em-sp-governo-pode-diminuir-restricoes-no-estado-na-sexta.ghtml\">Abril j\u00e1 \u00e9 o m\u00eas com mais mortes por Covid em SP<\/a>\u00a0desde o in\u00edcio da pandemia.<\/p>\n<p><a href=\"https:\/\/regiaonews.net.br\/2022\/wp-content\/uploads\/2021\/04\/b38d4e77-2f8c-49b8-88da-f9fd3eefe259-7.jpg\"><img loading=\"lazy\" decoding=\"async\" class=\"alignnone size-medium wp-image-45493\" src=\"https:\/\/regiaonews.net.br\/2022\/wp-content\/uploads\/2021\/04\/b38d4e77-2f8c-49b8-88da-f9fd3eefe259-7-300x300.jpg\" alt=\"\" width=\"300\" height=\"300\" \/><\/a><\/p>\n<div class=\"mc-column content-text active-extra-styles\" data-block-type=\"raw\" data-block-weight=\"9\" data-block-id=\"10\">\n<div class=\"content-intertitle\">\n<h2>O que muda a partir de 1\u00ba de maio:<\/h2>\n<\/div>\n<p><strong>\u00a0 \u00a0 \u00a0 \u00a0 \u00a0 \u00a0 \u00a0 \u00a0 \u00a0 \u00a0 \u00a0 \u00a0 \u00a0 \u00a0 \u00a0 \u00a0 \u00a0 \u00a0 \u00a0 \u00a0 \u00a0 \u00a0 \u00a0 \u00a0 \u00a0 \u00a0 \u00a0 \u00a0 \u00a0 \u00a0 \u00a0 \u00a0 \u00a0 \u00a0 \u00a0 \u00a0 \u00a0 \u00a0 \u00a0 \u00a0 \u00a0 \u00a0 \u00a0 \u00a0 \u00a0 \u00a0 \u00a0 \u00a0 \u00a0 \u00a0 \u00a0 \u00a0 \u00a0 \u00a0 \u00a0 \u00a0 \u00a0 \u00a0 \u00a0 \u00a0 \u00a0 \u00a0 \u00a0 \u00a0 \u00a0 \u00a0 \u00a0 \u00a0 \u00a0 \u00a0 \u00a0 \u00a0 \u00a0 \u00a0 \u00a0 \u00a0 \u00a0 \u00a0 \u00a0 \u00a0 \u00a0 \u00a0 \u00a0 \u00a0 \u00a0 \u00a0 \u00a0 \u00a0 \u00a0 \u00a0 \u00a0 \u00a0 \u00a0 \u00a0 \u00a0 \u00a0 \u00a0 \u00a0 \u00a0 \u00a0 \u00a0 \u00a0 \u00a0 \u00a0 \u00a0 \u00a0 \u00a0 \u00a0 \u00a0 \u00a0 \u00a0 \u00a0 \u00a0 \u00a0 \u00a0 \u00a0 \u00a0 \u00a0 \u00a0 \u00a0 \u00a0 \u00a0 \u00a0 \u00a0 \u00a0 \u00a0\u00a0<\/strong><\/p>\n<p><strong>Shoppings<\/strong>\u00a0e\u00a0<strong>lojas de rua\u00a0<\/strong>podem ampliar funcionamento das<strong>\u00a011h \u00e0s 19h para 6h \u00e0s 20h<\/strong>, com recomenda\u00e7\u00e3o de limitar o p\u00fablico a at\u00e9 25% da capacidade total.<\/p>\n<p><strong>Cultos, missas e outras atividades religiosas <\/strong>coletivas podem ampliar funcionamento das 11h \u00e0s 19h para 6h \u00e0s 20h, com recomenda\u00e7\u00e3o de limitar o p\u00fablico a at\u00e9 25% da capacidade total, com distanciamento e controle de acesso.<\/p>\n<\/div>\n<div class=\"mc-column content-text active-extra-styles\" data-block-type=\"raw\" data-block-weight=\"233\" data-block-id=\"11\">\n<p><strong>Restaurantes e lanchonetes\u00a0<\/strong>podem ter atendimento presencial podem ampliar funcionamento das 11h \u00e0s 19h para 6h \u00e0s 20h, com recomenda\u00e7\u00e3o de limitar o p\u00fablico a at\u00e9 25% da capacidade total.<\/p>\n<p><strong>Sal\u00f5es de beleza\u00a0<\/strong>e<strong>\u00a0cabeleireiros\u00a0<\/strong>podem ampliar funcionamento das 11h \u00e0s 19h para 6h \u00e0s 20h, com recomenda\u00e7\u00e3o de limitar o p\u00fablico a at\u00e9 25% da capacidade total.<\/p>\n<p><strong>Cinemas, teatros, museus, eventos<\/strong>\u00a0<strong>e conven\u00e7\u00f5es<\/strong>\u00a0podem ampliar funcionamento das 11h \u00e0s 19h para 6h \u00e0s 20h, com recomenda\u00e7\u00e3o de limitar o p\u00fablico a at\u00e9 25% da capacidade total.<\/p>\n<p><strong>Academias, clubes e centros esportivos<\/strong>\u00a0podem ampliar funcionamento das 11h \u00e0s 19h para 6h \u00e0s 20h, com recomenda\u00e7\u00e3o de limitar o p\u00fablico a at\u00e9 25% da capacidade total, apenas para atividades f\u00edsicas individuais agendadas.<\/p>\n<p><strong>Parques<\/strong>\u00a0podem ampliar funcionamento das 11h \u00e0s 19h para 6h \u00e0s 20h<\/p>\n<p><strong>Bares\u00a0<\/strong>n\u00e3o est\u00e3o liberados para ter atendimento presencial, mas podem operar como restaurantes (p\u00fablico sentado, servi\u00e7o de alimentos para acompanhar bebidas) \u2013 neste caso, devem seguir as regras de restaurantes, com recomenda\u00e7\u00e3o de 25% da capacidade.<\/p>\n<\/div>\n<p>fonte : G1<\/p>\n<p><a href=\"https:\/\/regiaonews.net.br\/2022\/wp-content\/uploads\/2021\/04\/10092640-8e71-4269-80fb-adc034140629.jpg\"><img loading=\"lazy\" decoding=\"async\" class=\"alignnone size-medium wp-image-45587\" src=\"https:\/\/regiaonews.net.br\/2022\/wp-content\/uploads\/2021\/04\/10092640-8e71-4269-80fb-adc034140629-300x167.jpg\" alt=\"\" width=\"300\" height=\"167\" \/><\/a> <a href=\"https:\/\/regiaonews.net.br\/2022\/wp-content\/uploads\/2021\/04\/b89f147f-326b-41b5-afa2-3614c0c74afd.jpg\"><img loading=\"lazy\" decoding=\"async\" class=\"alignnone size-full wp-image-45583\" src=\"https:\/\/regiaonews.net.br\/2022\/wp-content\/uploads\/2021\/04\/b89f147f-326b-41b5-afa2-3614c0c74afd.jpg\" alt=\"\" width=\"288\" height=\"175\" \/><\/a><\/p>\n<div class=\"mc-column content-text active-extra-styles\" data-block-type=\"raw\" data-block-weight=\"233\" data-block-id=\"11\">\n<p>&nbsp;<\/p>\n<\/div>\n<div class=\"content-ads content-ads--reveal\" data-block-type=\"ads\" data-block-id=\"12\">\n<div id=\"banner_materia__4205c2b3-ff13-4962-951d-2de7d10b17ac\" class=\"tag-manager-publicidade-container mc-has-reveal mc-has-ad-lazyload tag-manager-publicidade-banner_materia__4205c2b3-ff13-4962-951d-2de7d10b17ac tag-manager-publicidade-container--carregado tag-manager-publicidade-container--visivel\" data-id=\"banner_materia__4205c2b3-ff13-4962-951d-2de7d10b17ac\" data-req=\"true\" data-google-query-id=\"CPqbgNutofACFYUFuQYd0VUBJg\" data-cid=\"138345841944\" data-lid=\"5660055303\">\n<div id=\"google_ads_iframe_\/95377733\/tvg_G1\/Sua_Regiao&gt;Sudeste&gt;Sao_Paulo_4__container__\" style=\"box-sizing: inherit; margin: auto; padding: 0px; border: 0pt none; font: inherit; vertical-align: initial; max-width: 100%; text-align: center; width: 970px; height: 150px;\"><iframe loading=\"lazy\" id=\"google_ads_iframe_\/95377733\/tvg_G1\/Sua_Regiao&gt;Sudeste&gt;Sao_Paulo_4\" style=\"box-sizing: inherit; margin: 0px; padding: 0px; border: 0px; font: inherit; vertical-align: bottom;\" title=\"3rd party ad content\" src=\"https:\/\/tpc.googlesyndication.com\/safeframe\/1-0-38\/html\/container.html\" name=\"\" width=\"970\" height=\"150\" frameborder=\"0\" marginwidth=\"0\" marginheight=\"0\" scrolling=\"no\" sandbox=\"allow-forms allow-popups allow-popups-to-escape-sandbox allow-same-origin allow-scripts allow-top-navigation-by-user-activation\" data-is-safeframe=\"true\" data-google-container-id=\"6\" data-load-complete=\"true\" data-mce-fragment=\"1\"><\/iframe><\/div>\n<\/div>\n<\/div>\n<div class=\"block-podcast\"><\/div>\n","protected":false},"excerpt":{"rendered":"<p>Mudan\u00e7a amplia hor\u00e1rio de setores da economia que podiam funcionar<\/p>\n","protected":false},"author":2,"featured_media":46108,"comment_status":"open","ping_status":"open","sticky":false,"template":"","format":"standard","meta":{"footnotes":""},"categories":[25,7],"tags":[],"class_list":["post-46107","post","type-post","status-publish","format-standard","has-post-thumbnail","hentry","category-cidades","category-estado-de-sao-paulo"],"yoast_head":"<!-- This site is optimized with the Yoast SEO plugin v27.4 - https:\/\/yoast.com\/product\/yoast-seo-wordpress\/ -->\n<title>Governo de SP libera funcionamento de com\u00e9rcio e servi\u00e7os das 6h \u00e0s 20h a partir de 1\u00ba de maio - Regi\u00e3o News<\/title>\n<meta name=\"robots\" content=\"index, follow, max-snippet:-1, max-image-preview:large, max-video-preview:-1\" \/>\n<link rel=\"canonical\" href=\"https:\/\/regiaonews.net.br\/2022\/2021\/04\/28\/governo-de-sp-libera-funcionamento-de-comercio-e-servicos-das-6h-as-20h-a-partir-de-1o-de-maio\/\" \/>\n<meta property=\"og:locale\" content=\"pt_BR\" \/>\n<meta property=\"og:type\" content=\"article\" \/>\n<meta property=\"og:title\" content=\"Governo de SP libera funcionamento de com\u00e9rcio e servi\u00e7os das 6h \u00e0s 20h a partir de 1\u00ba de maio - Regi\u00e3o News\" \/>\n<meta property=\"og:description\" content=\"Mudan\u00e7a amplia hor\u00e1rio de setores da economia que podiam funcionar\" \/>\n<meta property=\"og:url\" content=\"https:\/\/regiaonews.net.br\/2022\/2021\/04\/28\/governo-de-sp-libera-funcionamento-de-comercio-e-servicos-das-6h-as-20h-a-partir-de-1o-de-maio\/\" \/>\n<meta property=\"og:site_name\" content=\"Regi\u00e3o News\" \/>\n<meta property=\"article:published_time\" content=\"2021-04-28T16:32:43+00:00\" \/>\n<meta property=\"article:modified_time\" content=\"2021-04-28T17:05:57+00:00\" \/>\n<meta property=\"og:image\" content=\"https:\/\/regiaonews.net.br\/2022\/wp-content\/uploads\/2021\/04\/fup20210424315.jpg\" \/>\n\t<meta property=\"og:image:width\" content=\"984\" \/>\n\t<meta property=\"og:image:height\" content=\"656\" \/>\n\t<meta property=\"og:image:type\" content=\"image\/jpeg\" \/>\n<meta name=\"author\" content=\"Roberto\" \/>\n<meta name=\"twitter:card\" content=\"summary_large_image\" \/>\n<meta name=\"twitter:label1\" content=\"Escrito por\" \/>\n\t<meta name=\"twitter:data1\" content=\"Roberto\" \/>\n\t<meta name=\"twitter:label2\" content=\"Est. tempo de leitura\" \/>\n\t<meta name=\"twitter:data2\" content=\"2 minutos\" \/>\n<script type=\"application\/ld+json\" class=\"yoast-schema-graph\">{\"@context\":\"https:\\\/\\\/schema.org\",\"@graph\":[{\"@type\":\"Article\",\"@id\":\"https:\\\/\\\/regiaonews.net.br\\\/2022\\\/2021\\\/04\\\/28\\\/governo-de-sp-libera-funcionamento-de-comercio-e-servicos-das-6h-as-20h-a-partir-de-1o-de-maio\\\/#article\",\"isPartOf\":{\"@id\":\"https:\\\/\\\/regiaonews.net.br\\\/2022\\\/2021\\\/04\\\/28\\\/governo-de-sp-libera-funcionamento-de-comercio-e-servicos-das-6h-as-20h-a-partir-de-1o-de-maio\\\/\"},\"author\":{\"name\":\"Roberto\",\"@id\":\"https:\\\/\\\/regiaonews.net.br\\\/2022\\\/#\\\/schema\\\/person\\\/2d205a608a5aa97ac279d7a5e6d89ad8\"},\"headline\":\"Governo de SP libera funcionamento de com\u00e9rcio e servi\u00e7os das 6h \u00e0s 20h a partir de 1\u00ba de maio\",\"datePublished\":\"2021-04-28T16:32:43+00:00\",\"dateModified\":\"2021-04-28T17:05:57+00:00\",\"mainEntityOfPage\":{\"@id\":\"https:\\\/\\\/regiaonews.net.br\\\/2022\\\/2021\\\/04\\\/28\\\/governo-de-sp-libera-funcionamento-de-comercio-e-servicos-das-6h-as-20h-a-partir-de-1o-de-maio\\\/\"},\"wordCount\":479,\"commentCount\":0,\"publisher\":{\"@id\":\"https:\\\/\\\/regiaonews.net.br\\\/2022\\\/#organization\"},\"image\":{\"@id\":\"https:\\\/\\\/regiaonews.net.br\\\/2022\\\/2021\\\/04\\\/28\\\/governo-de-sp-libera-funcionamento-de-comercio-e-servicos-das-6h-as-20h-a-partir-de-1o-de-maio\\\/#primaryimage\"},\"thumbnailUrl\":\"https:\\\/\\\/regiaonews.net.br\\\/2022\\\/wp-content\\\/uploads\\\/2021\\\/04\\\/fup20210424315.jpg\",\"articleSection\":[\"Cidades\",\"Estado de S\u00e3o Paulo\"],\"inLanguage\":\"pt-BR\",\"potentialAction\":[{\"@type\":\"CommentAction\",\"name\":\"Comment\",\"target\":[\"https:\\\/\\\/regiaonews.net.br\\\/2022\\\/2021\\\/04\\\/28\\\/governo-de-sp-libera-funcionamento-de-comercio-e-servicos-das-6h-as-20h-a-partir-de-1o-de-maio\\\/#respond\"]}]},{\"@type\":\"WebPage\",\"@id\":\"https:\\\/\\\/regiaonews.net.br\\\/2022\\\/2021\\\/04\\\/28\\\/governo-de-sp-libera-funcionamento-de-comercio-e-servicos-das-6h-as-20h-a-partir-de-1o-de-maio\\\/\",\"url\":\"https:\\\/\\\/regiaonews.net.br\\\/2022\\\/2021\\\/04\\\/28\\\/governo-de-sp-libera-funcionamento-de-comercio-e-servicos-das-6h-as-20h-a-partir-de-1o-de-maio\\\/\",\"name\":\"Governo de SP libera funcionamento de com\u00e9rcio e servi\u00e7os das 6h \u00e0s 20h a partir de 1\u00ba de maio - Regi\u00e3o News\",\"isPartOf\":{\"@id\":\"https:\\\/\\\/regiaonews.net.br\\\/2022\\\/#website\"},\"primaryImageOfPage\":{\"@id\":\"https:\\\/\\\/regiaonews.net.br\\\/2022\\\/2021\\\/04\\\/28\\\/governo-de-sp-libera-funcionamento-de-comercio-e-servicos-das-6h-as-20h-a-partir-de-1o-de-maio\\\/#primaryimage\"},\"image\":{\"@id\":\"https:\\\/\\\/regiaonews.net.br\\\/2022\\\/2021\\\/04\\\/28\\\/governo-de-sp-libera-funcionamento-de-comercio-e-servicos-das-6h-as-20h-a-partir-de-1o-de-maio\\\/#primaryimage\"},\"thumbnailUrl\":\"https:\\\/\\\/regiaonews.net.br\\\/2022\\\/wp-content\\\/uploads\\\/2021\\\/04\\\/fup20210424315.jpg\",\"datePublished\":\"2021-04-28T16:32:43+00:00\",\"dateModified\":\"2021-04-28T17:05:57+00:00\",\"breadcrumb\":{\"@id\":\"https:\\\/\\\/regiaonews.net.br\\\/2022\\\/2021\\\/04\\\/28\\\/governo-de-sp-libera-funcionamento-de-comercio-e-servicos-das-6h-as-20h-a-partir-de-1o-de-maio\\\/#breadcrumb\"},\"inLanguage\":\"pt-BR\",\"potentialAction\":[{\"@type\":\"ReadAction\",\"target\":[\"https:\\\/\\\/regiaonews.net.br\\\/2022\\\/2021\\\/04\\\/28\\\/governo-de-sp-libera-funcionamento-de-comercio-e-servicos-das-6h-as-20h-a-partir-de-1o-de-maio\\\/\"]}]},{\"@type\":\"ImageObject\",\"inLanguage\":\"pt-BR\",\"@id\":\"https:\\\/\\\/regiaonews.net.br\\\/2022\\\/2021\\\/04\\\/28\\\/governo-de-sp-libera-funcionamento-de-comercio-e-servicos-das-6h-as-20h-a-partir-de-1o-de-maio\\\/#primaryimage\",\"url\":\"https:\\\/\\\/regiaonews.net.br\\\/2022\\\/wp-content\\\/uploads\\\/2021\\\/04\\\/fup20210424315.jpg\",\"contentUrl\":\"https:\\\/\\\/regiaonews.net.br\\\/2022\\\/wp-content\\\/uploads\\\/2021\\\/04\\\/fup20210424315.jpg\",\"width\":984,\"height\":656},{\"@type\":\"BreadcrumbList\",\"@id\":\"https:\\\/\\\/regiaonews.net.br\\\/2022\\\/2021\\\/04\\\/28\\\/governo-de-sp-libera-funcionamento-de-comercio-e-servicos-das-6h-as-20h-a-partir-de-1o-de-maio\\\/#breadcrumb\",\"itemListElement\":[{\"@type\":\"ListItem\",\"position\":1,\"name\":\"In\u00edcio\",\"item\":\"https:\\\/\\\/regiaonews.net.br\\\/2022\\\/\"},{\"@type\":\"ListItem\",\"position\":2,\"name\":\"Governo de SP libera funcionamento de com\u00e9rcio e servi\u00e7os das 6h \u00e0s 20h a partir de 1\u00ba de maio\"}]},{\"@type\":\"WebSite\",\"@id\":\"https:\\\/\\\/regiaonews.net.br\\\/2022\\\/#website\",\"url\":\"https:\\\/\\\/regiaonews.net.br\\\/2022\\\/\",\"name\":\"Regi\u00e3o News\",\"description\":\"Site de Not\u00edcias de Barretos e regi\u00e3o\",\"publisher\":{\"@id\":\"https:\\\/\\\/regiaonews.net.br\\\/2022\\\/#organization\"},\"potentialAction\":[{\"@type\":\"SearchAction\",\"target\":{\"@type\":\"EntryPoint\",\"urlTemplate\":\"https:\\\/\\\/regiaonews.net.br\\\/2022\\\/?s={search_term_string}\"},\"query-input\":{\"@type\":\"PropertyValueSpecification\",\"valueRequired\":true,\"valueName\":\"search_term_string\"}}],\"inLanguage\":\"pt-BR\"},{\"@type\":\"Organization\",\"@id\":\"https:\\\/\\\/regiaonews.net.br\\\/2022\\\/#organization\",\"name\":\"Regi\u00e3o News\",\"url\":\"https:\\\/\\\/regiaonews.net.br\\\/2022\\\/\",\"logo\":{\"@type\":\"ImageObject\",\"inLanguage\":\"pt-BR\",\"@id\":\"https:\\\/\\\/regiaonews.net.br\\\/2022\\\/#\\\/schema\\\/logo\\\/image\\\/\",\"url\":\"https:\\\/\\\/regiaonews.net.br\\\/2022\\\/wp-content\\\/uploads\\\/2026\\\/03\\\/regiao-13-anos-scaled.jpg\",\"contentUrl\":\"https:\\\/\\\/regiaonews.net.br\\\/2022\\\/wp-content\\\/uploads\\\/2026\\\/03\\\/regiao-13-anos-scaled.jpg\",\"width\":2560,\"height\":635,\"caption\":\"Regi\u00e3o News\"},\"image\":{\"@id\":\"https:\\\/\\\/regiaonews.net.br\\\/2022\\\/#\\\/schema\\\/logo\\\/image\\\/\"}},{\"@type\":\"Person\",\"@id\":\"https:\\\/\\\/regiaonews.net.br\\\/2022\\\/#\\\/schema\\\/person\\\/2d205a608a5aa97ac279d7a5e6d89ad8\",\"name\":\"Roberto\",\"image\":{\"@type\":\"ImageObject\",\"inLanguage\":\"pt-BR\",\"@id\":\"https:\\\/\\\/secure.gravatar.com\\\/avatar\\\/42749d8b712ff9d59ca93dc150494e5b55a44134482993f5baeb97e61b7ecc89?s=96&d=mm&r=g\",\"url\":\"https:\\\/\\\/secure.gravatar.com\\\/avatar\\\/42749d8b712ff9d59ca93dc150494e5b55a44134482993f5baeb97e61b7ecc89?s=96&d=mm&r=g\",\"contentUrl\":\"https:\\\/\\\/secure.gravatar.com\\\/avatar\\\/42749d8b712ff9d59ca93dc150494e5b55a44134482993f5baeb97e61b7ecc89?s=96&d=mm&r=g\",\"caption\":\"Roberto\"},\"url\":\"https:\\\/\\\/regiaonews.net.br\\\/2022\\\/author\\\/roberto\\\/\"}]}<\/script>\n<!-- \/ Yoast SEO plugin. -->","yoast_head_json":{"title":"Governo de SP libera funcionamento de com\u00e9rcio e servi\u00e7os das 6h \u00e0s 20h a partir de 1\u00ba de maio - Regi\u00e3o News","robots":{"index":"index","follow":"follow","max-snippet":"max-snippet:-1","max-image-preview":"max-image-preview:large","max-video-preview":"max-video-preview:-1"},"canonical":"https:\/\/regiaonews.net.br\/2022\/2021\/04\/28\/governo-de-sp-libera-funcionamento-de-comercio-e-servicos-das-6h-as-20h-a-partir-de-1o-de-maio\/","og_locale":"pt_BR","og_type":"article","og_title":"Governo de SP libera funcionamento de com\u00e9rcio e servi\u00e7os das 6h \u00e0s 20h a partir de 1\u00ba de maio - Regi\u00e3o News","og_description":"Mudan\u00e7a amplia hor\u00e1rio de setores da economia que podiam funcionar","og_url":"https:\/\/regiaonews.net.br\/2022\/2021\/04\/28\/governo-de-sp-libera-funcionamento-de-comercio-e-servicos-das-6h-as-20h-a-partir-de-1o-de-maio\/","og_site_name":"Regi\u00e3o News","article_published_time":"2021-04-28T16:32:43+00:00","article_modified_time":"2021-04-28T17:05:57+00:00","og_image":[{"width":984,"height":656,"url":"https:\/\/regiaonews.net.br\/2022\/wp-content\/uploads\/2021\/04\/fup20210424315.jpg","type":"image\/jpeg"}],"author":"Roberto","twitter_card":"summary_large_image","twitter_misc":{"Escrito por":"Roberto","Est. tempo de leitura":"2 minutos"},"schema":{"@context":"https:\/\/schema.org","@graph":[{"@type":"Article","@id":"https:\/\/regiaonews.net.br\/2022\/2021\/04\/28\/governo-de-sp-libera-funcionamento-de-comercio-e-servicos-das-6h-as-20h-a-partir-de-1o-de-maio\/#article","isPartOf":{"@id":"https:\/\/regiaonews.net.br\/2022\/2021\/04\/28\/governo-de-sp-libera-funcionamento-de-comercio-e-servicos-das-6h-as-20h-a-partir-de-1o-de-maio\/"},"author":{"name":"Roberto","@id":"https:\/\/regiaonews.net.br\/2022\/#\/schema\/person\/2d205a608a5aa97ac279d7a5e6d89ad8"},"headline":"Governo de SP libera funcionamento de com\u00e9rcio e servi\u00e7os das 6h \u00e0s 20h a partir de 1\u00ba de maio","datePublished":"2021-04-28T16:32:43+00:00","dateModified":"2021-04-28T17:05:57+00:00","mainEntityOfPage":{"@id":"https:\/\/regiaonews.net.br\/2022\/2021\/04\/28\/governo-de-sp-libera-funcionamento-de-comercio-e-servicos-das-6h-as-20h-a-partir-de-1o-de-maio\/"},"wordCount":479,"commentCount":0,"publisher":{"@id":"https:\/\/regiaonews.net.br\/2022\/#organization"},"image":{"@id":"https:\/\/regiaonews.net.br\/2022\/2021\/04\/28\/governo-de-sp-libera-funcionamento-de-comercio-e-servicos-das-6h-as-20h-a-partir-de-1o-de-maio\/#primaryimage"},"thumbnailUrl":"https:\/\/regiaonews.net.br\/2022\/wp-content\/uploads\/2021\/04\/fup20210424315.jpg","articleSection":["Cidades","Estado de S\u00e3o Paulo"],"inLanguage":"pt-BR","potentialAction":[{"@type":"CommentAction","name":"Comment","target":["https:\/\/regiaonews.net.br\/2022\/2021\/04\/28\/governo-de-sp-libera-funcionamento-de-comercio-e-servicos-das-6h-as-20h-a-partir-de-1o-de-maio\/#respond"]}]},{"@type":"WebPage","@id":"https:\/\/regiaonews.net.br\/2022\/2021\/04\/28\/governo-de-sp-libera-funcionamento-de-comercio-e-servicos-das-6h-as-20h-a-partir-de-1o-de-maio\/","url":"https:\/\/regiaonews.net.br\/2022\/2021\/04\/28\/governo-de-sp-libera-funcionamento-de-comercio-e-servicos-das-6h-as-20h-a-partir-de-1o-de-maio\/","name":"Governo de SP libera funcionamento de com\u00e9rcio e servi\u00e7os das 6h \u00e0s 20h a partir de 1\u00ba de maio - Regi\u00e3o News","isPartOf":{"@id":"https:\/\/regiaonews.net.br\/2022\/#website"},"primaryImageOfPage":{"@id":"https:\/\/regiaonews.net.br\/2022\/2021\/04\/28\/governo-de-sp-libera-funcionamento-de-comercio-e-servicos-das-6h-as-20h-a-partir-de-1o-de-maio\/#primaryimage"},"image":{"@id":"https:\/\/regiaonews.net.br\/2022\/2021\/04\/28\/governo-de-sp-libera-funcionamento-de-comercio-e-servicos-das-6h-as-20h-a-partir-de-1o-de-maio\/#primaryimage"},"thumbnailUrl":"https:\/\/regiaonews.net.br\/2022\/wp-content\/uploads\/2021\/04\/fup20210424315.jpg","datePublished":"2021-04-28T16:32:43+00:00","dateModified":"2021-04-28T17:05:57+00:00","breadcrumb":{"@id":"https:\/\/regiaonews.net.br\/2022\/2021\/04\/28\/governo-de-sp-libera-funcionamento-de-comercio-e-servicos-das-6h-as-20h-a-partir-de-1o-de-maio\/#breadcrumb"},"inLanguage":"pt-BR","potentialAction":[{"@type":"ReadAction","target":["https:\/\/regiaonews.net.br\/2022\/2021\/04\/28\/governo-de-sp-libera-funcionamento-de-comercio-e-servicos-das-6h-as-20h-a-partir-de-1o-de-maio\/"]}]},{"@type":"ImageObject","inLanguage":"pt-BR","@id":"https:\/\/regiaonews.net.br\/2022\/2021\/04\/28\/governo-de-sp-libera-funcionamento-de-comercio-e-servicos-das-6h-as-20h-a-partir-de-1o-de-maio\/#primaryimage","url":"https:\/\/regiaonews.net.br\/2022\/wp-content\/uploads\/2021\/04\/fup20210424315.jpg","contentUrl":"https:\/\/regiaonews.net.br\/2022\/wp-content\/uploads\/2021\/04\/fup20210424315.jpg","width":984,"height":656},{"@type":"BreadcrumbList","@id":"https:\/\/regiaonews.net.br\/2022\/2021\/04\/28\/governo-de-sp-libera-funcionamento-de-comercio-e-servicos-das-6h-as-20h-a-partir-de-1o-de-maio\/#breadcrumb","itemListElement":[{"@type":"ListItem","position":1,"name":"In\u00edcio","item":"https:\/\/regiaonews.net.br\/2022\/"},{"@type":"ListItem","position":2,"name":"Governo de SP libera funcionamento de com\u00e9rcio e servi\u00e7os das 6h \u00e0s 20h a partir de 1\u00ba de maio"}]},{"@type":"WebSite","@id":"https:\/\/regiaonews.net.br\/2022\/#website","url":"https:\/\/regiaonews.net.br\/2022\/","name":"Regi\u00e3o News","description":"Site de Not\u00edcias de Barretos e regi\u00e3o","publisher":{"@id":"https:\/\/regiaonews.net.br\/2022\/#organization"},"potentialAction":[{"@type":"SearchAction","target":{"@type":"EntryPoint","urlTemplate":"https:\/\/regiaonews.net.br\/2022\/?s={search_term_string}"},"query-input":{"@type":"PropertyValueSpecification","valueRequired":true,"valueName":"search_term_string"}}],"inLanguage":"pt-BR"},{"@type":"Organization","@id":"https:\/\/regiaonews.net.br\/2022\/#organization","name":"Regi\u00e3o News","url":"https:\/\/regiaonews.net.br\/2022\/","logo":{"@type":"ImageObject","inLanguage":"pt-BR","@id":"https:\/\/regiaonews.net.br\/2022\/#\/schema\/logo\/image\/","url":"https:\/\/regiaonews.net.br\/2022\/wp-content\/uploads\/2026\/03\/regiao-13-anos-scaled.jpg","contentUrl":"https:\/\/regiaonews.net.br\/2022\/wp-content\/uploads\/2026\/03\/regiao-13-anos-scaled.jpg","width":2560,"height":635,"caption":"Regi\u00e3o News"},"image":{"@id":"https:\/\/regiaonews.net.br\/2022\/#\/schema\/logo\/image\/"}},{"@type":"Person","@id":"https:\/\/regiaonews.net.br\/2022\/#\/schema\/person\/2d205a608a5aa97ac279d7a5e6d89ad8","name":"Roberto","image":{"@type":"ImageObject","inLanguage":"pt-BR","@id":"https:\/\/secure.gravatar.com\/avatar\/42749d8b712ff9d59ca93dc150494e5b55a44134482993f5baeb97e61b7ecc89?s=96&d=mm&r=g","url":"https:\/\/secure.gravatar.com\/avatar\/42749d8b712ff9d59ca93dc150494e5b55a44134482993f5baeb97e61b7ecc89?s=96&d=mm&r=g","contentUrl":"https:\/\/secure.gravatar.com\/avatar\/42749d8b712ff9d59ca93dc150494e5b55a44134482993f5baeb97e61b7ecc89?s=96&d=mm&r=g","caption":"Roberto"},"url":"https:\/\/regiaonews.net.br\/2022\/author\/roberto\/"}]}},"publishpress_future_action":{"enabled":false,"date":"2026-05-04 10:38:43","action":"change-status","newStatus":"draft","terms":[],"taxonomy":"category","extraData":[]},"publishpress_future_workflow_manual_trigger":{"enabledWorkflows":[]},"_links":{"self":[{"href":"https:\/\/regiaonews.net.br\/2022\/wp-json\/wp\/v2\/posts\/46107","targetHints":{"allow":["GET"]}}],"collection":[{"href":"https:\/\/regiaonews.net.br\/2022\/wp-json\/wp\/v2\/posts"}],"about":[{"href":"https:\/\/regiaonews.net.br\/2022\/wp-json\/wp\/v2\/types\/post"}],"author":[{"embeddable":true,"href":"https:\/\/regiaonews.net.br\/2022\/wp-json\/wp\/v2\/users\/2"}],"replies":[{"embeddable":true,"href":"https:\/\/regiaonews.net.br\/2022\/wp-json\/wp\/v2\/comments?post=46107"}],"version-history":[{"count":0,"href":"https:\/\/regiaonews.net.br\/2022\/wp-json\/wp\/v2\/posts\/46107\/revisions"}],"wp:featuredmedia":[{"embeddable":true,"href":"https:\/\/regiaonews.net.br\/2022\/wp-json\/wp\/v2\/media\/46108"}],"wp:attachment":[{"href":"https:\/\/regiaonews.net.br\/2022\/wp-json\/wp\/v2\/media?parent=46107"}],"wp:term":[{"taxonomy":"category","embeddable":true,"href":"https:\/\/regiaonews.net.br\/2022\/wp-json\/wp\/v2\/categories?post=46107"},{"taxonomy":"post_tag","embeddable":true,"href":"https:\/\/regiaonews.net.br\/2022\/wp-json\/wp\/v2\/tags?post=46107"}],"curies":[{"name":"wp","href":"https:\/\/api.w.org\/{rel}","templated":true}]}}