{"id":46100,"date":"2021-04-28T10:55:39","date_gmt":"2021-04-28T13:55:39","guid":{"rendered":"https:\/\/regiaonews.net.br\/2022\/?p=46100"},"modified":"2021-04-28T11:18:58","modified_gmt":"2021-04-28T14:18:58","slug":"primeiro-brasileiro-a-cruzar-as-americas-a-cavalo-lanca-musica-em-parceria-com-o-sertanejo-pedro-paulo-da-dupla-ppa","status":"publish","type":"post","link":"https:\/\/regiaonews.net.br\/2022\/2021\/04\/28\/primeiro-brasileiro-a-cruzar-as-americas-a-cavalo-lanca-musica-em-parceria-com-o-sertanejo-pedro-paulo-da-dupla-ppa\/","title":{"rendered":"Primeiro brasileiro a cruzar as Am\u00e9ricas a cavalo lan\u00e7a m\u00fasica em parceria com o sertanejo Pedro Paulo da dupla PPA"},"content":{"rendered":"<p><a href=\"https:\/\/regiaonews.net.br\/2022\/wp-content\/uploads\/2021\/04\/etapaextra-amarok-1080x1080_Prancheta-1.jpg\"><img loading=\"lazy\" decoding=\"async\" class=\"alignnone size-medium wp-image-45473\" src=\"https:\/\/regiaonews.net.br\/2022\/wp-content\/uploads\/2021\/04\/etapaextra-amarok-1080x1080_Prancheta-1-300x300.jpg\" alt=\"\" width=\"300\" height=\"300\" \/><\/a><\/p>\n<p><a href=\"https:\/\/regiaonews.net.br\/2022\/wp-content\/uploads\/2021\/04\/b38d4e77-2f8c-49b8-88da-f9fd3eefe259-7.jpg\"><img loading=\"lazy\" decoding=\"async\" class=\"alignnone size-medium wp-image-45493\" src=\"https:\/\/regiaonews.net.br\/2022\/wp-content\/uploads\/2021\/04\/b38d4e77-2f8c-49b8-88da-f9fd3eefe259-7-300x300.jpg\" alt=\"\" width=\"300\" height=\"300\" \/><\/a><\/p>\n<p><a href=\"https:\/\/regiaonews.net.br\/2022\/wp-content\/uploads\/2021\/04\/f652fe35-41ab-4d23-acd0-4e7b8b9f64d2.jpg\"><img loading=\"lazy\" decoding=\"async\" class=\"alignnone size-medium wp-image-46101\" src=\"https:\/\/regiaonews.net.br\/2022\/wp-content\/uploads\/2021\/04\/f652fe35-41ab-4d23-acd0-4e7b8b9f64d2-300x200.jpg\" alt=\"\" width=\"300\" height=\"200\" \/><\/a><\/p>\n<p>M\u00fasica faz parte do document\u00e1rio The Long Rider, que estreia em janeiro de 2022 e conta detalhes sobre a jornada de aventura do viajante, que tamb\u00e9m \u00e9 jornalista e autor de dois livros best-sellers<\/p>\n<p>Filipe Masetti Leite, primeiro brasileiro a cruzar a Am\u00e9rica a cavalo percorrendo mais de 25 mil quil\u00f4metros entre Fairbanks, no Alasca, e Ushuaia, na Argentina, lan\u00e7a nesta quarta (28) sua primeira m\u00fasica em parceria com o cantor sertanejo Pedro Paulo, da dupla Pedro Paulo e Alex, tamb\u00e9m conhecida como PPA. O single estar\u00e1 dispon\u00edvel em todas as plataformas digitais e o clipe ser\u00e1 divulgado no mesmo dia no Youtube e nas redes sociais.<\/p>\n<p>\u00c9 a primeira vez que o viajante, escritor e jornalista faz sua estreia na \u00e1rea art\u00edstica e lan\u00e7a uma m\u00fasica, que \u00e9 uma mistura de ritmo country com rap. O hit \u00e9 cantado em portugu\u00eas e tamb\u00e9m em ingl\u00eas, al\u00e9m de contar com a participa\u00e7\u00e3o da cantora canadense, Shelagh Haney. A letra conta sobre a trajet\u00f3ria de Filipe Masetti em sua longa jornada pela Am\u00e9rica em que passou por desafios e diversas dificuldades no caminho com seus cavalos.<\/p>\n<p>A ideia de produzir a m\u00fasica nasceu durante uma live no Instagram que Filipe conduzia com Pedro Paulo. O cantor sertanejo contou para ele sobre seu novo projeto que mistura country com hip hop e rock, intitulado &#8220;4i4 Country Al\u00e9m da Bota e Chapeu&#8221;.<\/p>\n<p>O projeto mostra a vida country muito al\u00e9m do que as pessoas conhecem, o trabalho no campo, o jeito de se vestir, etc. &#8220;O country \u00e9 um estilo de vida, que leva ao p\u00e9 da letra o respeito&#8221;, conta Pedro Paulo.<\/p>\n<p>\u201cComo jornalista, conto hist\u00f3rias atrav\u00e9s de mat\u00e9rias para jornais, al\u00e9m de ter dois livros publicados. Sempre sonhei em poder compartilhar as minhas experi\u00eancias atrav\u00e9s de m\u00fasicas tamb\u00e9m. Mas tinha medo de ser julgado por ser cowboy. Quando o Pedro Paulo me contou sobre o seu novo projeto, foi o empurr\u00e3o que precisava,\u201d conta Filipe.<\/p>\n<p>O single faz parte do repert\u00f3rio do document\u00e1rio &#8220;The Long Rider&#8221;, que conta a hist\u00f3ria do cavaleiro de longa dist\u00e2ncia e foi vendido para o canal canadense Super Channel e que tamb\u00e9m conta com a participa\u00e7\u00e3o da cantora Canadense Shelagh Haney. O document\u00e1rio tem previs\u00e3o de estreia no Canad\u00e1 e no Brasil no primeiro semestre de 2022.<\/p>\n<p>Embaixador do Calgary Stampede, um dos maiores rodeios do mundo, Filipe foi homenageado com duas est\u00e1tuas para celebrar a jornada, uma no Parque do Pe\u00e3o de Barretos e outra no Parque de Exposi\u00e7\u00e3o de Londrina. O primeiro par de botas usadas na primeira viagem est\u00e1 exposto no museu Bata Shoe Museum, em Toronto, no Canad\u00e1. Com a jornada, ele tamb\u00e9m j\u00e1 ajudou a arrecadar mais de 60 mil reais em doa\u00e7\u00f5es para o Hospital de C\u00e2ncer de Barretos, em que ele \u00e9 volunt\u00e1rio e ajuda a alertar sobre o diagn\u00f3stico precoce do c\u00e2ncer infantil. Filipe tamb\u00e9m roda o Brasil dando palestras em escolas e outras institui\u00e7\u00f5es.<\/p>\n<p>Sobre: Filipe Masetti Leite \u00e9 jornalista, escritor, palestrante, caub\u00f3i e aventureiro. Formado em jornalismo pela Ryerson University de Toronto, ele j\u00e1 fez trabalhos para o programa Fant\u00e1stico da Rede Globo e escreve para o maior jornal do Canad\u00e1, o Toronto Star. \u00c9 escritor e autor do livro &#8220;Cavaleiro das Am\u00e9ricas&#8221;, que narra detalhes da primeira viagem de Filipe de Calgary, no Canad\u00e1, a Barretos, em S\u00e3o Paulo. O segundo livro, &#8220;Cavaleiro das Am\u00e9ricas Rumo ao Fim do Mundo&#8221; relata a jornada de 7,5 mil km de Barretos, no Brasil, a Ushuaia, na Argentina, e tamb\u00e9m se tornou best-seller.<\/p>\n<p>Sobre Pedro Paulo: Pedro Paulo \u00e9 uma das vozes da dupla paranaense sertaneja Pedro Paulo &amp; Alex, conhecida como PPA, desde 2011. Entre os hits que fizeram a dupla estourar est\u00e3o: \u201cFama de Pegador\u201d, \u201cEla n\u00e3o quer namorar&#8221;, \u201cDesbotequei\u201d, \u201cEsqueceu do Ex\u201d, &#8220;A\u00e7\u00facar em Mim\u201d, e &#8220;Rep\u00fablica Pingaiada&#8221;. Este caminh\u00e3o de sucessos reflete bem a passagem que os dois cantores fazem, misturando estilos e trazendo o que h\u00e1 de melhor no mundo para cima do palco e ouvido dos f\u00e3s.<\/p>\n<p><a href=\"https:\/\/regiaonews.net.br\/2022\/wp-content\/uploads\/2021\/04\/20210419_090737.jpg\"><img loading=\"lazy\" decoding=\"async\" class=\"alignnone size-medium wp-image-45460\" src=\"https:\/\/regiaonews.net.br\/2022\/wp-content\/uploads\/2021\/04\/20210419_090737-300x300.jpg\" alt=\"\" width=\"300\" height=\"300\" \/><\/a><\/p>\n<div style=\"width: 640px;\" class=\"wp-video\"><video class=\"wp-video-shortcode\" id=\"video-46100-1\" width=\"640\" height=\"362\" preload=\"metadata\" controls=\"controls\"><source type=\"video\/mp4\" src=\"https:\/\/regiaonews.net.br\/2022\/wp-content\/uploads\/2021\/04\/WhatsApp-Video-2021-04-28-at-10.45.26.mp4?_=1\" \/><a href=\"https:\/\/regiaonews.net.br\/2022\/wp-content\/uploads\/2021\/04\/WhatsApp-Video-2021-04-28-at-10.45.26.mp4\">https:\/\/regiaonews.net.br\/2022\/wp-content\/uploads\/2021\/04\/WhatsApp-Video-2021-04-28-at-10.45.26.mp4<\/a><\/video><\/div>\n","protected":false},"excerpt":{"rendered":"<p>M\u00fasica faz parte do document\u00e1rio The Long Rider, que estreia<\/p>\n","protected":false},"author":2,"featured_media":46101,"comment_status":"open","ping_status":"open","sticky":false,"template":"","format":"standard","meta":{"footnotes":""},"categories":[1],"tags":[],"class_list":["post-46100","post","type-post","status-publish","format-standard","has-post-thumbnail","hentry","category-indefinido"],"yoast_head":"<!-- This site is optimized with the Yoast SEO plugin v27.4 - https:\/\/yoast.com\/product\/yoast-seo-wordpress\/ -->\n<title>Primeiro brasileiro a cruzar as Am\u00e9ricas a cavalo lan\u00e7a m\u00fasica em parceria com o sertanejo Pedro Paulo da dupla PPA - Regi\u00e3o News<\/title>\n<meta name=\"robots\" content=\"index, follow, max-snippet:-1, max-image-preview:large, max-video-preview:-1\" \/>\n<link rel=\"canonical\" href=\"https:\/\/regiaonews.net.br\/2022\/2021\/04\/28\/primeiro-brasileiro-a-cruzar-as-americas-a-cavalo-lanca-musica-em-parceria-com-o-sertanejo-pedro-paulo-da-dupla-ppa\/\" \/>\n<meta property=\"og:locale\" content=\"pt_BR\" \/>\n<meta property=\"og:type\" content=\"article\" \/>\n<meta property=\"og:title\" content=\"Primeiro brasileiro a cruzar as Am\u00e9ricas a cavalo lan\u00e7a m\u00fasica em parceria com o sertanejo Pedro Paulo da dupla PPA - Regi\u00e3o News\" \/>\n<meta property=\"og:description\" content=\"M\u00fasica faz parte do document\u00e1rio The Long Rider, que estreia\" \/>\n<meta property=\"og:url\" content=\"https:\/\/regiaonews.net.br\/2022\/2021\/04\/28\/primeiro-brasileiro-a-cruzar-as-americas-a-cavalo-lanca-musica-em-parceria-com-o-sertanejo-pedro-paulo-da-dupla-ppa\/\" \/>\n<meta property=\"og:site_name\" content=\"Regi\u00e3o News\" \/>\n<meta property=\"article:published_time\" content=\"2021-04-28T13:55:39+00:00\" \/>\n<meta property=\"article:modified_time\" content=\"2021-04-28T14:18:58+00:00\" \/>\n<meta property=\"og:image\" content=\"https:\/\/regiaonews.net.br\/2022\/wp-content\/uploads\/2021\/04\/f652fe35-41ab-4d23-acd0-4e7b8b9f64d2.jpg\" \/>\n\t<meta property=\"og:image:width\" content=\"1024\" \/>\n\t<meta property=\"og:image:height\" content=\"682\" \/>\n\t<meta property=\"og:image:type\" content=\"image\/jpeg\" \/>\n<meta name=\"author\" content=\"Roberto\" \/>\n<meta name=\"twitter:card\" content=\"summary_large_image\" \/>\n<meta name=\"twitter:label1\" content=\"Escrito por\" \/>\n\t<meta name=\"twitter:data1\" content=\"Roberto\" \/>\n\t<meta name=\"twitter:label2\" content=\"Est. tempo de leitura\" \/>\n\t<meta name=\"twitter:data2\" content=\"4 minutos\" \/>\n<script type=\"application\/ld+json\" class=\"yoast-schema-graph\">{\"@context\":\"https:\\\/\\\/schema.org\",\"@graph\":[{\"@type\":\"Article\",\"@id\":\"https:\\\/\\\/regiaonews.net.br\\\/2022\\\/2021\\\/04\\\/28\\\/primeiro-brasileiro-a-cruzar-as-americas-a-cavalo-lanca-musica-em-parceria-com-o-sertanejo-pedro-paulo-da-dupla-ppa\\\/#article\",\"isPartOf\":{\"@id\":\"https:\\\/\\\/regiaonews.net.br\\\/2022\\\/2021\\\/04\\\/28\\\/primeiro-brasileiro-a-cruzar-as-americas-a-cavalo-lanca-musica-em-parceria-com-o-sertanejo-pedro-paulo-da-dupla-ppa\\\/\"},\"author\":{\"name\":\"Roberto\",\"@id\":\"https:\\\/\\\/regiaonews.net.br\\\/2022\\\/#\\\/schema\\\/person\\\/2d205a608a5aa97ac279d7a5e6d89ad8\"},\"headline\":\"Primeiro brasileiro a cruzar as Am\u00e9ricas a cavalo lan\u00e7a m\u00fasica em parceria com o sertanejo Pedro Paulo da dupla PPA\",\"datePublished\":\"2021-04-28T13:55:39+00:00\",\"dateModified\":\"2021-04-28T14:18:58+00:00\",\"mainEntityOfPage\":{\"@id\":\"https:\\\/\\\/regiaonews.net.br\\\/2022\\\/2021\\\/04\\\/28\\\/primeiro-brasileiro-a-cruzar-as-americas-a-cavalo-lanca-musica-em-parceria-com-o-sertanejo-pedro-paulo-da-dupla-ppa\\\/\"},\"wordCount\":750,\"commentCount\":0,\"publisher\":{\"@id\":\"https:\\\/\\\/regiaonews.net.br\\\/2022\\\/#organization\"},\"image\":{\"@id\":\"https:\\\/\\\/regiaonews.net.br\\\/2022\\\/2021\\\/04\\\/28\\\/primeiro-brasileiro-a-cruzar-as-americas-a-cavalo-lanca-musica-em-parceria-com-o-sertanejo-pedro-paulo-da-dupla-ppa\\\/#primaryimage\"},\"thumbnailUrl\":\"https:\\\/\\\/regiaonews.net.br\\\/2022\\\/wp-content\\\/uploads\\\/2021\\\/04\\\/f652fe35-41ab-4d23-acd0-4e7b8b9f64d2.jpg\",\"articleSection\":[\"Indefinido\"],\"inLanguage\":\"pt-BR\",\"potentialAction\":[{\"@type\":\"CommentAction\",\"name\":\"Comment\",\"target\":[\"https:\\\/\\\/regiaonews.net.br\\\/2022\\\/2021\\\/04\\\/28\\\/primeiro-brasileiro-a-cruzar-as-americas-a-cavalo-lanca-musica-em-parceria-com-o-sertanejo-pedro-paulo-da-dupla-ppa\\\/#respond\"]}]},{\"@type\":\"WebPage\",\"@id\":\"https:\\\/\\\/regiaonews.net.br\\\/2022\\\/2021\\\/04\\\/28\\\/primeiro-brasileiro-a-cruzar-as-americas-a-cavalo-lanca-musica-em-parceria-com-o-sertanejo-pedro-paulo-da-dupla-ppa\\\/\",\"url\":\"https:\\\/\\\/regiaonews.net.br\\\/2022\\\/2021\\\/04\\\/28\\\/primeiro-brasileiro-a-cruzar-as-americas-a-cavalo-lanca-musica-em-parceria-com-o-sertanejo-pedro-paulo-da-dupla-ppa\\\/\",\"name\":\"Primeiro brasileiro a cruzar as Am\u00e9ricas a cavalo lan\u00e7a m\u00fasica em parceria com o sertanejo Pedro Paulo da dupla PPA - Regi\u00e3o News\",\"isPartOf\":{\"@id\":\"https:\\\/\\\/regiaonews.net.br\\\/2022\\\/#website\"},\"primaryImageOfPage\":{\"@id\":\"https:\\\/\\\/regiaonews.net.br\\\/2022\\\/2021\\\/04\\\/28\\\/primeiro-brasileiro-a-cruzar-as-americas-a-cavalo-lanca-musica-em-parceria-com-o-sertanejo-pedro-paulo-da-dupla-ppa\\\/#primaryimage\"},\"image\":{\"@id\":\"https:\\\/\\\/regiaonews.net.br\\\/2022\\\/2021\\\/04\\\/28\\\/primeiro-brasileiro-a-cruzar-as-americas-a-cavalo-lanca-musica-em-parceria-com-o-sertanejo-pedro-paulo-da-dupla-ppa\\\/#primaryimage\"},\"thumbnailUrl\":\"https:\\\/\\\/regiaonews.net.br\\\/2022\\\/wp-content\\\/uploads\\\/2021\\\/04\\\/f652fe35-41ab-4d23-acd0-4e7b8b9f64d2.jpg\",\"datePublished\":\"2021-04-28T13:55:39+00:00\",\"dateModified\":\"2021-04-28T14:18:58+00:00\",\"breadcrumb\":{\"@id\":\"https:\\\/\\\/regiaonews.net.br\\\/2022\\\/2021\\\/04\\\/28\\\/primeiro-brasileiro-a-cruzar-as-americas-a-cavalo-lanca-musica-em-parceria-com-o-sertanejo-pedro-paulo-da-dupla-ppa\\\/#breadcrumb\"},\"inLanguage\":\"pt-BR\",\"potentialAction\":[{\"@type\":\"ReadAction\",\"target\":[\"https:\\\/\\\/regiaonews.net.br\\\/2022\\\/2021\\\/04\\\/28\\\/primeiro-brasileiro-a-cruzar-as-americas-a-cavalo-lanca-musica-em-parceria-com-o-sertanejo-pedro-paulo-da-dupla-ppa\\\/\"]}]},{\"@type\":\"ImageObject\",\"inLanguage\":\"pt-BR\",\"@id\":\"https:\\\/\\\/regiaonews.net.br\\\/2022\\\/2021\\\/04\\\/28\\\/primeiro-brasileiro-a-cruzar-as-americas-a-cavalo-lanca-musica-em-parceria-com-o-sertanejo-pedro-paulo-da-dupla-ppa\\\/#primaryimage\",\"url\":\"https:\\\/\\\/regiaonews.net.br\\\/2022\\\/wp-content\\\/uploads\\\/2021\\\/04\\\/f652fe35-41ab-4d23-acd0-4e7b8b9f64d2.jpg\",\"contentUrl\":\"https:\\\/\\\/regiaonews.net.br\\\/2022\\\/wp-content\\\/uploads\\\/2021\\\/04\\\/f652fe35-41ab-4d23-acd0-4e7b8b9f64d2.jpg\",\"width\":1024,\"height\":682},{\"@type\":\"BreadcrumbList\",\"@id\":\"https:\\\/\\\/regiaonews.net.br\\\/2022\\\/2021\\\/04\\\/28\\\/primeiro-brasileiro-a-cruzar-as-americas-a-cavalo-lanca-musica-em-parceria-com-o-sertanejo-pedro-paulo-da-dupla-ppa\\\/#breadcrumb\",\"itemListElement\":[{\"@type\":\"ListItem\",\"position\":1,\"name\":\"In\u00edcio\",\"item\":\"https:\\\/\\\/regiaonews.net.br\\\/2022\\\/\"},{\"@type\":\"ListItem\",\"position\":2,\"name\":\"Primeiro brasileiro a cruzar as Am\u00e9ricas a cavalo lan\u00e7a m\u00fasica em parceria com o sertanejo Pedro Paulo da dupla PPA\"}]},{\"@type\":\"WebSite\",\"@id\":\"https:\\\/\\\/regiaonews.net.br\\\/2022\\\/#website\",\"url\":\"https:\\\/\\\/regiaonews.net.br\\\/2022\\\/\",\"name\":\"Regi\u00e3o News\",\"description\":\"Site de Not\u00edcias de Barretos e regi\u00e3o\",\"publisher\":{\"@id\":\"https:\\\/\\\/regiaonews.net.br\\\/2022\\\/#organization\"},\"potentialAction\":[{\"@type\":\"SearchAction\",\"target\":{\"@type\":\"EntryPoint\",\"urlTemplate\":\"https:\\\/\\\/regiaonews.net.br\\\/2022\\\/?s={search_term_string}\"},\"query-input\":{\"@type\":\"PropertyValueSpecification\",\"valueRequired\":true,\"valueName\":\"search_term_string\"}}],\"inLanguage\":\"pt-BR\"},{\"@type\":\"Organization\",\"@id\":\"https:\\\/\\\/regiaonews.net.br\\\/2022\\\/#organization\",\"name\":\"Regi\u00e3o News\",\"url\":\"https:\\\/\\\/regiaonews.net.br\\\/2022\\\/\",\"logo\":{\"@type\":\"ImageObject\",\"inLanguage\":\"pt-BR\",\"@id\":\"https:\\\/\\\/regiaonews.net.br\\\/2022\\\/#\\\/schema\\\/logo\\\/image\\\/\",\"url\":\"https:\\\/\\\/regiaonews.net.br\\\/2022\\\/wp-content\\\/uploads\\\/2026\\\/03\\\/regiao-13-anos-scaled.jpg\",\"contentUrl\":\"https:\\\/\\\/regiaonews.net.br\\\/2022\\\/wp-content\\\/uploads\\\/2026\\\/03\\\/regiao-13-anos-scaled.jpg\",\"width\":2560,\"height\":635,\"caption\":\"Regi\u00e3o News\"},\"image\":{\"@id\":\"https:\\\/\\\/regiaonews.net.br\\\/2022\\\/#\\\/schema\\\/logo\\\/image\\\/\"}},{\"@type\":\"Person\",\"@id\":\"https:\\\/\\\/regiaonews.net.br\\\/2022\\\/#\\\/schema\\\/person\\\/2d205a608a5aa97ac279d7a5e6d89ad8\",\"name\":\"Roberto\",\"image\":{\"@type\":\"ImageObject\",\"inLanguage\":\"pt-BR\",\"@id\":\"https:\\\/\\\/secure.gravatar.com\\\/avatar\\\/42749d8b712ff9d59ca93dc150494e5b55a44134482993f5baeb97e61b7ecc89?s=96&d=mm&r=g\",\"url\":\"https:\\\/\\\/secure.gravatar.com\\\/avatar\\\/42749d8b712ff9d59ca93dc150494e5b55a44134482993f5baeb97e61b7ecc89?s=96&d=mm&r=g\",\"contentUrl\":\"https:\\\/\\\/secure.gravatar.com\\\/avatar\\\/42749d8b712ff9d59ca93dc150494e5b55a44134482993f5baeb97e61b7ecc89?s=96&d=mm&r=g\",\"caption\":\"Roberto\"},\"url\":\"https:\\\/\\\/regiaonews.net.br\\\/2022\\\/author\\\/roberto\\\/\"}]}<\/script>\n<!-- \/ Yoast SEO plugin. -->","yoast_head_json":{"title":"Primeiro brasileiro a cruzar as Am\u00e9ricas a cavalo lan\u00e7a m\u00fasica em parceria com o sertanejo Pedro Paulo da dupla PPA - Regi\u00e3o News","robots":{"index":"index","follow":"follow","max-snippet":"max-snippet:-1","max-image-preview":"max-image-preview:large","max-video-preview":"max-video-preview:-1"},"canonical":"https:\/\/regiaonews.net.br\/2022\/2021\/04\/28\/primeiro-brasileiro-a-cruzar-as-americas-a-cavalo-lanca-musica-em-parceria-com-o-sertanejo-pedro-paulo-da-dupla-ppa\/","og_locale":"pt_BR","og_type":"article","og_title":"Primeiro brasileiro a cruzar as Am\u00e9ricas a cavalo lan\u00e7a m\u00fasica em parceria com o sertanejo Pedro Paulo da dupla PPA - Regi\u00e3o News","og_description":"M\u00fasica faz parte do document\u00e1rio The Long Rider, que estreia","og_url":"https:\/\/regiaonews.net.br\/2022\/2021\/04\/28\/primeiro-brasileiro-a-cruzar-as-americas-a-cavalo-lanca-musica-em-parceria-com-o-sertanejo-pedro-paulo-da-dupla-ppa\/","og_site_name":"Regi\u00e3o News","article_published_time":"2021-04-28T13:55:39+00:00","article_modified_time":"2021-04-28T14:18:58+00:00","og_image":[{"width":1024,"height":682,"url":"https:\/\/regiaonews.net.br\/2022\/wp-content\/uploads\/2021\/04\/f652fe35-41ab-4d23-acd0-4e7b8b9f64d2.jpg","type":"image\/jpeg"}],"author":"Roberto","twitter_card":"summary_large_image","twitter_misc":{"Escrito por":"Roberto","Est. tempo de leitura":"4 minutos"},"schema":{"@context":"https:\/\/schema.org","@graph":[{"@type":"Article","@id":"https:\/\/regiaonews.net.br\/2022\/2021\/04\/28\/primeiro-brasileiro-a-cruzar-as-americas-a-cavalo-lanca-musica-em-parceria-com-o-sertanejo-pedro-paulo-da-dupla-ppa\/#article","isPartOf":{"@id":"https:\/\/regiaonews.net.br\/2022\/2021\/04\/28\/primeiro-brasileiro-a-cruzar-as-americas-a-cavalo-lanca-musica-em-parceria-com-o-sertanejo-pedro-paulo-da-dupla-ppa\/"},"author":{"name":"Roberto","@id":"https:\/\/regiaonews.net.br\/2022\/#\/schema\/person\/2d205a608a5aa97ac279d7a5e6d89ad8"},"headline":"Primeiro brasileiro a cruzar as Am\u00e9ricas a cavalo lan\u00e7a m\u00fasica em parceria com o sertanejo Pedro Paulo da dupla PPA","datePublished":"2021-04-28T13:55:39+00:00","dateModified":"2021-04-28T14:18:58+00:00","mainEntityOfPage":{"@id":"https:\/\/regiaonews.net.br\/2022\/2021\/04\/28\/primeiro-brasileiro-a-cruzar-as-americas-a-cavalo-lanca-musica-em-parceria-com-o-sertanejo-pedro-paulo-da-dupla-ppa\/"},"wordCount":750,"commentCount":0,"publisher":{"@id":"https:\/\/regiaonews.net.br\/2022\/#organization"},"image":{"@id":"https:\/\/regiaonews.net.br\/2022\/2021\/04\/28\/primeiro-brasileiro-a-cruzar-as-americas-a-cavalo-lanca-musica-em-parceria-com-o-sertanejo-pedro-paulo-da-dupla-ppa\/#primaryimage"},"thumbnailUrl":"https:\/\/regiaonews.net.br\/2022\/wp-content\/uploads\/2021\/04\/f652fe35-41ab-4d23-acd0-4e7b8b9f64d2.jpg","articleSection":["Indefinido"],"inLanguage":"pt-BR","potentialAction":[{"@type":"CommentAction","name":"Comment","target":["https:\/\/regiaonews.net.br\/2022\/2021\/04\/28\/primeiro-brasileiro-a-cruzar-as-americas-a-cavalo-lanca-musica-em-parceria-com-o-sertanejo-pedro-paulo-da-dupla-ppa\/#respond"]}]},{"@type":"WebPage","@id":"https:\/\/regiaonews.net.br\/2022\/2021\/04\/28\/primeiro-brasileiro-a-cruzar-as-americas-a-cavalo-lanca-musica-em-parceria-com-o-sertanejo-pedro-paulo-da-dupla-ppa\/","url":"https:\/\/regiaonews.net.br\/2022\/2021\/04\/28\/primeiro-brasileiro-a-cruzar-as-americas-a-cavalo-lanca-musica-em-parceria-com-o-sertanejo-pedro-paulo-da-dupla-ppa\/","name":"Primeiro brasileiro a cruzar as Am\u00e9ricas a cavalo lan\u00e7a m\u00fasica em parceria com o sertanejo Pedro Paulo da dupla PPA - Regi\u00e3o News","isPartOf":{"@id":"https:\/\/regiaonews.net.br\/2022\/#website"},"primaryImageOfPage":{"@id":"https:\/\/regiaonews.net.br\/2022\/2021\/04\/28\/primeiro-brasileiro-a-cruzar-as-americas-a-cavalo-lanca-musica-em-parceria-com-o-sertanejo-pedro-paulo-da-dupla-ppa\/#primaryimage"},"image":{"@id":"https:\/\/regiaonews.net.br\/2022\/2021\/04\/28\/primeiro-brasileiro-a-cruzar-as-americas-a-cavalo-lanca-musica-em-parceria-com-o-sertanejo-pedro-paulo-da-dupla-ppa\/#primaryimage"},"thumbnailUrl":"https:\/\/regiaonews.net.br\/2022\/wp-content\/uploads\/2021\/04\/f652fe35-41ab-4d23-acd0-4e7b8b9f64d2.jpg","datePublished":"2021-04-28T13:55:39+00:00","dateModified":"2021-04-28T14:18:58+00:00","breadcrumb":{"@id":"https:\/\/regiaonews.net.br\/2022\/2021\/04\/28\/primeiro-brasileiro-a-cruzar-as-americas-a-cavalo-lanca-musica-em-parceria-com-o-sertanejo-pedro-paulo-da-dupla-ppa\/#breadcrumb"},"inLanguage":"pt-BR","potentialAction":[{"@type":"ReadAction","target":["https:\/\/regiaonews.net.br\/2022\/2021\/04\/28\/primeiro-brasileiro-a-cruzar-as-americas-a-cavalo-lanca-musica-em-parceria-com-o-sertanejo-pedro-paulo-da-dupla-ppa\/"]}]},{"@type":"ImageObject","inLanguage":"pt-BR","@id":"https:\/\/regiaonews.net.br\/2022\/2021\/04\/28\/primeiro-brasileiro-a-cruzar-as-americas-a-cavalo-lanca-musica-em-parceria-com-o-sertanejo-pedro-paulo-da-dupla-ppa\/#primaryimage","url":"https:\/\/regiaonews.net.br\/2022\/wp-content\/uploads\/2021\/04\/f652fe35-41ab-4d23-acd0-4e7b8b9f64d2.jpg","contentUrl":"https:\/\/regiaonews.net.br\/2022\/wp-content\/uploads\/2021\/04\/f652fe35-41ab-4d23-acd0-4e7b8b9f64d2.jpg","width":1024,"height":682},{"@type":"BreadcrumbList","@id":"https:\/\/regiaonews.net.br\/2022\/2021\/04\/28\/primeiro-brasileiro-a-cruzar-as-americas-a-cavalo-lanca-musica-em-parceria-com-o-sertanejo-pedro-paulo-da-dupla-ppa\/#breadcrumb","itemListElement":[{"@type":"ListItem","position":1,"name":"In\u00edcio","item":"https:\/\/regiaonews.net.br\/2022\/"},{"@type":"ListItem","position":2,"name":"Primeiro brasileiro a cruzar as Am\u00e9ricas a cavalo lan\u00e7a m\u00fasica em parceria com o sertanejo Pedro Paulo da dupla PPA"}]},{"@type":"WebSite","@id":"https:\/\/regiaonews.net.br\/2022\/#website","url":"https:\/\/regiaonews.net.br\/2022\/","name":"Regi\u00e3o News","description":"Site de Not\u00edcias de Barretos e regi\u00e3o","publisher":{"@id":"https:\/\/regiaonews.net.br\/2022\/#organization"},"potentialAction":[{"@type":"SearchAction","target":{"@type":"EntryPoint","urlTemplate":"https:\/\/regiaonews.net.br\/2022\/?s={search_term_string}"},"query-input":{"@type":"PropertyValueSpecification","valueRequired":true,"valueName":"search_term_string"}}],"inLanguage":"pt-BR"},{"@type":"Organization","@id":"https:\/\/regiaonews.net.br\/2022\/#organization","name":"Regi\u00e3o News","url":"https:\/\/regiaonews.net.br\/2022\/","logo":{"@type":"ImageObject","inLanguage":"pt-BR","@id":"https:\/\/regiaonews.net.br\/2022\/#\/schema\/logo\/image\/","url":"https:\/\/regiaonews.net.br\/2022\/wp-content\/uploads\/2026\/03\/regiao-13-anos-scaled.jpg","contentUrl":"https:\/\/regiaonews.net.br\/2022\/wp-content\/uploads\/2026\/03\/regiao-13-anos-scaled.jpg","width":2560,"height":635,"caption":"Regi\u00e3o News"},"image":{"@id":"https:\/\/regiaonews.net.br\/2022\/#\/schema\/logo\/image\/"}},{"@type":"Person","@id":"https:\/\/regiaonews.net.br\/2022\/#\/schema\/person\/2d205a608a5aa97ac279d7a5e6d89ad8","name":"Roberto","image":{"@type":"ImageObject","inLanguage":"pt-BR","@id":"https:\/\/secure.gravatar.com\/avatar\/42749d8b712ff9d59ca93dc150494e5b55a44134482993f5baeb97e61b7ecc89?s=96&d=mm&r=g","url":"https:\/\/secure.gravatar.com\/avatar\/42749d8b712ff9d59ca93dc150494e5b55a44134482993f5baeb97e61b7ecc89?s=96&d=mm&r=g","contentUrl":"https:\/\/secure.gravatar.com\/avatar\/42749d8b712ff9d59ca93dc150494e5b55a44134482993f5baeb97e61b7ecc89?s=96&d=mm&r=g","caption":"Roberto"},"url":"https:\/\/regiaonews.net.br\/2022\/author\/roberto\/"}]}},"publishpress_future_action":{"enabled":false,"date":"2026-05-04 06:04:14","action":"change-status","newStatus":"draft","terms":[],"taxonomy":"category","extraData":[]},"publishpress_future_workflow_manual_trigger":{"enabledWorkflows":[]},"_links":{"self":[{"href":"https:\/\/regiaonews.net.br\/2022\/wp-json\/wp\/v2\/posts\/46100","targetHints":{"allow":["GET"]}}],"collection":[{"href":"https:\/\/regiaonews.net.br\/2022\/wp-json\/wp\/v2\/posts"}],"about":[{"href":"https:\/\/regiaonews.net.br\/2022\/wp-json\/wp\/v2\/types\/post"}],"author":[{"embeddable":true,"href":"https:\/\/regiaonews.net.br\/2022\/wp-json\/wp\/v2\/users\/2"}],"replies":[{"embeddable":true,"href":"https:\/\/regiaonews.net.br\/2022\/wp-json\/wp\/v2\/comments?post=46100"}],"version-history":[{"count":0,"href":"https:\/\/regiaonews.net.br\/2022\/wp-json\/wp\/v2\/posts\/46100\/revisions"}],"wp:featuredmedia":[{"embeddable":true,"href":"https:\/\/regiaonews.net.br\/2022\/wp-json\/wp\/v2\/media\/46101"}],"wp:attachment":[{"href":"https:\/\/regiaonews.net.br\/2022\/wp-json\/wp\/v2\/media?parent=46100"}],"wp:term":[{"taxonomy":"category","embeddable":true,"href":"https:\/\/regiaonews.net.br\/2022\/wp-json\/wp\/v2\/categories?post=46100"},{"taxonomy":"post_tag","embeddable":true,"href":"https:\/\/regiaonews.net.br\/2022\/wp-json\/wp\/v2\/tags?post=46100"}],"curies":[{"name":"wp","href":"https:\/\/api.w.org\/{rel}","templated":true}]}}