{"id":46034,"date":"2021-04-27T12:44:57","date_gmt":"2021-04-27T15:44:57","guid":{"rendered":"https:\/\/regiaonews.net.br\/2022\/?p=46034"},"modified":"2021-04-27T12:47:18","modified_gmt":"2021-04-27T15:47:18","slug":"anvisa-rejeita-importacao-e-uso-de-vacina-da-sputnik-v","status":"publish","type":"post","link":"https:\/\/regiaonews.net.br\/2022\/2021\/04\/27\/anvisa-rejeita-importacao-e-uso-de-vacina-da-sputnik-v\/","title":{"rendered":"Anvisa rejeita importa\u00e7\u00e3o e uso de Vacina da Sputnik V"},"content":{"rendered":"<p><a href=\"https:\/\/regiaonews.net.br\/2022\/wp-content\/uploads\/2021\/04\/11-11-2020_sede_anvisa-4_0.jpg\"><img loading=\"lazy\" decoding=\"async\" class=\"size-medium wp-image-46035\" src=\"https:\/\/regiaonews.net.br\/2022\/wp-content\/uploads\/2021\/04\/11-11-2020_sede_anvisa-4_0-300x179.jpg\" alt=\"\" width=\"300\" height=\"179\" \/><\/a><\/p>\n<p>&nbsp;<\/p>\n<p>Os cinco diretores da Ag\u00eancia Nacional de Vigil\u00e2ncia Sanit\u00e1ria (Anvisa) rejeitaram, por unanimidade, a importa\u00e7\u00e3o e o uso da vacina russa Sputnik V pelo Brasil. A decis\u00e3o foi tomada na noite desta segunda-feira (26). O imunizante \u00e9 produzido pelo Instituto Gamaleya, da R\u00fassia. Os diretores da ag\u00eancia se reuniram, de forma extraordin\u00e1ria, para avaliar os pedidos de nove estados para a aquisi\u00e7\u00e3o da vacina.<img decoding=\"async\" src=\"https:\/\/agenciabrasil.ebc.com.br\/ebc.png?id=1407861&amp;o=node\" \/><img decoding=\"async\" src=\"https:\/\/agenciabrasil.ebc.com.br\/ebc.gif?id=1407861&amp;o=node\" \/><\/p>\n<p>O diretor da Anvisa, Alex Machado Campos, que \u00e9 o relator do pedido, considerou que o imunizante pode trazer riscos \u00e0 sa\u00fade. Al\u00e9m disso, foram apontadas falhas e pend\u00eancias na documenta\u00e7\u00e3o apresentada pelo fabricante. Ele se baseou em pareceres t\u00e9cnicos de tr\u00eas ger\u00eancias da Anvisa, que fizeram uma apresenta\u00e7\u00e3o no in\u00edcio da reuni\u00e3o.<\/p>\n<p>&#8220;Para os pleitos ora em delibera\u00e7\u00e3o, o relat\u00f3rio t\u00e9cnico da avalia\u00e7\u00e3o da autoridade sanit\u00e1ria ainda n\u00e3o foi apresentado, os aspectos lacunosos n\u00e3o foram supridos, conforme as apresenta\u00e7\u00f5es t\u00e9cnicas. Portanto, diante de todo o exposto, verifica-se que os pleitos em an\u00e1lise n\u00e3o atendem, neste momento, \u00e0s disposi\u00e7\u00f5es da Lei 14.124 e da Resolu\u00e7\u00e3o da Diretoria Colegiada 476, de 2021, raz\u00e3o pela qual eu voto pela n\u00e3o autoriza\u00e7\u00e3o dos pedidos de importa\u00e7\u00e3o e distribui\u00e7\u00e3o da vacina Sputnik V solicitados pelos estados que j\u00e1 relacionamos&#8221;, afirmou o diretor-relator. O voto do relator foi seguido pelos outros diretores da ag\u00eancia.<\/p>\n<p>A delibera\u00e7\u00e3o foi marcada dentro do prazo estipulado pela Lei n \u00ba 14.124\/21, e de acordo com a decis\u00e3o do ministro do Supremo Tribunal Federal (STF) Ricardo Lewandowski, que determinou a an\u00e1lise da quest\u00e3o dentro do prazo de 30 dias. Caso n\u00e3o houvesse essa an\u00e1lise por parte da Anvisa, a vacina poderia ser importada.<\/p>\n<p>Os estados que tiveram seus pedidos avaliados pela Anvisa foram: Bahia, Acre, Rio Grande do Norte, Maranh\u00e3o, Mato Grosso, Piau\u00ed, Cear\u00e1, Sergipe, Pernambuco e Rond\u00f4nia. Al\u00e9m desses, tamb\u00e9m est\u00e3o com pedidos pendentes de avalia\u00e7\u00e3o, ainda dentro do prazo, os estados de Sergipe, Tocantins, Amap\u00e1 e Par\u00e1, e os munic\u00edpios de Niter\u00f3i (RJ) e Maric\u00e1 (RJ). Ao todo, esses pedidos somam 66 milh\u00f5es de doses, que poderiam vacinar cerca de 33 milh\u00f5es de pessoas, por meio de duas doses.<\/p>\n<p>Antes da vota\u00e7\u00e3o dos diretores, gerentes de tr\u00eas departamentos da Anvisa apresentaram seus pareceres t\u00e9cnicos contra a compra da Sputnik V. Os relat\u00f3rios foram incorporados ao voto do diretor-relator, Alex Machado Campos.<\/p>\n<h2>V\u00edrus replicante<\/h2>\n<p>Em sua apresenta\u00e7\u00e3o, o gerente-geral de Medicamentos e Produtos Biol\u00f3gicos da Anvisa, Gustavo Mendes, argumentou que os lotes analisados mostram a presen\u00e7a de adenov\u00edrus com capacidade de reprodu\u00e7\u00e3o no composto da vacina, o que traz riscos \u00e0 sa\u00fade. A tecnologia utilizada na fabrica\u00e7\u00e3o da Sputnik V \u00e9 a do adenov\u00edrus vetor. Por meio dessa t\u00e9cnica, o c\u00f3digo gen\u00e9tico do Sars-Cov-2, que \u00e9 o v\u00edrus da covid-19, \u00e9 inserido no adenov\u00edrus e este, ao ser administrado em seres humanos por meio da vacina, estimula as c\u00e9lulas do organismo a produzir uma resposta imune.<\/p>\n<p>O adenov\u00edrus \u00e9 um v\u00edrus que possui uma capacidade natural de replica\u00e7\u00e3o no corpo humano, mas quando utilizado como imunizante, essa capacidade de reprodu\u00e7\u00e3o deve estar neutralizada, o que n\u00e3o teria ocorrido no caso dos lotes da Sputnik avaliados pela Anvisa.<\/p>\n<p>&#8220;Um dos pontos cr\u00edticos, cruciais, foi a presen\u00e7a de adenov\u00edrus replicante na vacina. Isso significa que o v\u00edrus, que deve ser utilizado apenas para carregar o material gen\u00e9tico do coronav\u00edrus para as c\u00e9lulas humanas e promover a resposta imune, ele mesmo se replica. Isso \u00e9 uma n\u00e3o conformidade grave&#8221;, disse Mendes. &#8220;Esse adenov\u00edrus replicante foi detectado em todos os lotes apresentados da vacina Sputnik&#8221;,<\/p>\n<p>Esse procedimento, explicou o gerente-geral, est\u00e1 em desacordo com o desenvolvimento de qualquer vacina de vetor viral, de acordo com os par\u00e2metros de autoridades regulat\u00f3rias dos Estados Unidos e da Uni\u00e3o Europeia. Ele alertou que, uma vez no organismo humano, o adenov\u00edrus replicante poderia causar viroses e se acumular em tecidos espec\u00edficos do corpo, como nos rins.<\/p>\n<h2>Documenta\u00e7\u00e3o<\/h2>\n<p>Em outra avalia\u00e7\u00e3o, dessa vez sobre as empresas que fabricam a vacina, a Ger\u00eancia Geral de Inspe\u00e7\u00e3o e Fiscaliza\u00e7\u00e3o da Anvisa informou que n\u00e3o foi apresentado o relat\u00f3rio t\u00e9cnico de aprova\u00e7\u00e3o do imunizante russo para verificar o controle de qualidade na fabrica\u00e7\u00e3o.<\/p>\n<p>Por causa disso, a Anvisa analisou documentos pr\u00f3prios e de outras autoridades regulat\u00f3rias internacionais e solicitou a realiza\u00e7\u00e3o de uma inspe\u00e7\u00e3o presencial em duas das empresas que fabricam a vacina na R\u00fassia, a Generium e a UfaVITA. A inspe\u00e7\u00e3o no Instituto Gamaleya, que \u00e9 o desenvolvedor da vacina, foi negada pelo governo russo. Essa inspe\u00e7\u00e3o foi realizada ao longo da semana passada por tr\u00eas t\u00e9cnicos enviados pela ag\u00eancia. Na visita, de acordo com a gerente de inspe\u00e7\u00e3o, Ana Carolina Merino, foram constadas n\u00e3o conformidades na fabrica\u00e7\u00e3o da vacina, que impactam, entre outras, na garantia de esterilidade do produto.<\/p>\n<p>&#8220;Neste momento, o risco inerente \u00e0 fabrica\u00e7\u00e3o n\u00e3o \u00e9 poss\u00edvel de ser superado, tanto para o insumo fabricado pela Generium quanto pelos produtos acabados fabricados pela Generium e pela Ufa Vita, ent\u00e3o a nossa ger\u00eancia n\u00e3o recomenda a importa\u00e7\u00e3o da vacina&#8221;, afirmou.<\/p>\n<p>Em outro parecer, a gerente-geral de Monitoramento de Produtos Sujeitos \u00e0 Vigil\u00e2ncia Sanit\u00e1ria da Anvisa, Suzie Marie Gomes, afirmou haver falta de informa\u00e7\u00f5es conclusivas sobre eventos adversos de curto, m\u00e9dio e longo prazos decorrentes do uso da vacina, o que prejudica a avalia\u00e7\u00e3o do produto. &#8220;Eu chamo a aten\u00e7\u00e3o tamb\u00e9m para que a aus\u00eancia de dados tamb\u00e9m \u00e9 informa\u00e7\u00e3o. A aus\u00eancia de comprova\u00e7\u00e3o \u00e9 considerada uma evid\u00eancia, e uma evid\u00eancia forte, sobretudo quando temos uma estimativa de popula\u00e7\u00e3o exposta ao risco que beira os 15 milh\u00f5es de cidad\u00e3os&#8221;, afirmou.<\/p>\n<p><em>*O quinto par\u00e1grafo foi alterado \u00e0s 11h20 do dia 27 de abril de 2021 para incluir Rond\u00f4nia entre os estados que tiveram seus pedidos avaliados pela Anvisa.<\/em><\/p>\n<p>FONTE : Ag\u00eanciaBrasil<\/p>\n","protected":false},"excerpt":{"rendered":"<p>&nbsp; Os cinco diretores da Ag\u00eancia Nacional de Vigil\u00e2ncia Sanit\u00e1ria<\/p>\n","protected":false},"author":2,"featured_media":37780,"comment_status":"open","ping_status":"open","sticky":false,"template":"","format":"standard","meta":{"footnotes":""},"categories":[24,25],"tags":[],"class_list":["post-46034","post","type-post","status-publish","format-standard","has-post-thumbnail","hentry","category-brasil","category-cidades"],"yoast_head":"<!-- This site is optimized with the Yoast SEO plugin v27.4 - https:\/\/yoast.com\/product\/yoast-seo-wordpress\/ -->\n<title>Anvisa rejeita importa\u00e7\u00e3o e uso de Vacina da Sputnik V - Regi\u00e3o News<\/title>\n<meta name=\"robots\" content=\"index, follow, max-snippet:-1, max-image-preview:large, max-video-preview:-1\" \/>\n<link rel=\"canonical\" href=\"https:\/\/regiaonews.net.br\/2022\/2021\/04\/27\/anvisa-rejeita-importacao-e-uso-de-vacina-da-sputnik-v\/\" \/>\n<meta property=\"og:locale\" content=\"pt_BR\" \/>\n<meta property=\"og:type\" content=\"article\" \/>\n<meta property=\"og:title\" content=\"Anvisa rejeita importa\u00e7\u00e3o e uso de Vacina da Sputnik V - Regi\u00e3o News\" \/>\n<meta property=\"og:description\" content=\"&nbsp; Os cinco diretores da Ag\u00eancia Nacional de Vigil\u00e2ncia Sanit\u00e1ria\" \/>\n<meta property=\"og:url\" content=\"https:\/\/regiaonews.net.br\/2022\/2021\/04\/27\/anvisa-rejeita-importacao-e-uso-de-vacina-da-sputnik-v\/\" \/>\n<meta property=\"og:site_name\" content=\"Regi\u00e3o News\" \/>\n<meta property=\"article:published_time\" content=\"2021-04-27T15:44:57+00:00\" \/>\n<meta property=\"article:modified_time\" content=\"2021-04-27T15:47:18+00:00\" \/>\n<meta property=\"og:image\" content=\"https:\/\/regiaonews.net.br\/2022\/wp-content\/uploads\/2020\/09\/2020-05-18t143443z_1_lynxmpeg4h1mb_rtroptp_4_health-coronavirus-vaccine.jpg\" \/>\n\t<meta property=\"og:image:width\" content=\"1170\" \/>\n\t<meta property=\"og:image:height\" content=\"700\" \/>\n\t<meta property=\"og:image:type\" content=\"image\/jpeg\" \/>\n<meta name=\"author\" content=\"Roberto\" \/>\n<meta name=\"twitter:card\" content=\"summary_large_image\" \/>\n<meta name=\"twitter:label1\" content=\"Escrito por\" \/>\n\t<meta name=\"twitter:data1\" content=\"Roberto\" \/>\n\t<meta name=\"twitter:label2\" content=\"Est. tempo de leitura\" \/>\n\t<meta name=\"twitter:data2\" content=\"5 minutos\" \/>\n<script type=\"application\/ld+json\" class=\"yoast-schema-graph\">{\"@context\":\"https:\\\/\\\/schema.org\",\"@graph\":[{\"@type\":\"Article\",\"@id\":\"https:\\\/\\\/regiaonews.net.br\\\/2022\\\/2021\\\/04\\\/27\\\/anvisa-rejeita-importacao-e-uso-de-vacina-da-sputnik-v\\\/#article\",\"isPartOf\":{\"@id\":\"https:\\\/\\\/regiaonews.net.br\\\/2022\\\/2021\\\/04\\\/27\\\/anvisa-rejeita-importacao-e-uso-de-vacina-da-sputnik-v\\\/\"},\"author\":{\"name\":\"Roberto\",\"@id\":\"https:\\\/\\\/regiaonews.net.br\\\/2022\\\/#\\\/schema\\\/person\\\/2d205a608a5aa97ac279d7a5e6d89ad8\"},\"headline\":\"Anvisa rejeita importa\u00e7\u00e3o e uso de Vacina da Sputnik V\",\"datePublished\":\"2021-04-27T15:44:57+00:00\",\"dateModified\":\"2021-04-27T15:47:18+00:00\",\"mainEntityOfPage\":{\"@id\":\"https:\\\/\\\/regiaonews.net.br\\\/2022\\\/2021\\\/04\\\/27\\\/anvisa-rejeita-importacao-e-uso-de-vacina-da-sputnik-v\\\/\"},\"wordCount\":1061,\"commentCount\":0,\"publisher\":{\"@id\":\"https:\\\/\\\/regiaonews.net.br\\\/2022\\\/#organization\"},\"image\":{\"@id\":\"https:\\\/\\\/regiaonews.net.br\\\/2022\\\/2021\\\/04\\\/27\\\/anvisa-rejeita-importacao-e-uso-de-vacina-da-sputnik-v\\\/#primaryimage\"},\"thumbnailUrl\":\"https:\\\/\\\/regiaonews.net.br\\\/2022\\\/wp-content\\\/uploads\\\/2020\\\/09\\\/2020-05-18t143443z_1_lynxmpeg4h1mb_rtroptp_4_health-coronavirus-vaccine.jpg\",\"articleSection\":[\"Brasil\",\"Cidades\"],\"inLanguage\":\"pt-BR\",\"potentialAction\":[{\"@type\":\"CommentAction\",\"name\":\"Comment\",\"target\":[\"https:\\\/\\\/regiaonews.net.br\\\/2022\\\/2021\\\/04\\\/27\\\/anvisa-rejeita-importacao-e-uso-de-vacina-da-sputnik-v\\\/#respond\"]}]},{\"@type\":\"WebPage\",\"@id\":\"https:\\\/\\\/regiaonews.net.br\\\/2022\\\/2021\\\/04\\\/27\\\/anvisa-rejeita-importacao-e-uso-de-vacina-da-sputnik-v\\\/\",\"url\":\"https:\\\/\\\/regiaonews.net.br\\\/2022\\\/2021\\\/04\\\/27\\\/anvisa-rejeita-importacao-e-uso-de-vacina-da-sputnik-v\\\/\",\"name\":\"Anvisa rejeita importa\u00e7\u00e3o e uso de Vacina da Sputnik V - Regi\u00e3o News\",\"isPartOf\":{\"@id\":\"https:\\\/\\\/regiaonews.net.br\\\/2022\\\/#website\"},\"primaryImageOfPage\":{\"@id\":\"https:\\\/\\\/regiaonews.net.br\\\/2022\\\/2021\\\/04\\\/27\\\/anvisa-rejeita-importacao-e-uso-de-vacina-da-sputnik-v\\\/#primaryimage\"},\"image\":{\"@id\":\"https:\\\/\\\/regiaonews.net.br\\\/2022\\\/2021\\\/04\\\/27\\\/anvisa-rejeita-importacao-e-uso-de-vacina-da-sputnik-v\\\/#primaryimage\"},\"thumbnailUrl\":\"https:\\\/\\\/regiaonews.net.br\\\/2022\\\/wp-content\\\/uploads\\\/2020\\\/09\\\/2020-05-18t143443z_1_lynxmpeg4h1mb_rtroptp_4_health-coronavirus-vaccine.jpg\",\"datePublished\":\"2021-04-27T15:44:57+00:00\",\"dateModified\":\"2021-04-27T15:47:18+00:00\",\"breadcrumb\":{\"@id\":\"https:\\\/\\\/regiaonews.net.br\\\/2022\\\/2021\\\/04\\\/27\\\/anvisa-rejeita-importacao-e-uso-de-vacina-da-sputnik-v\\\/#breadcrumb\"},\"inLanguage\":\"pt-BR\",\"potentialAction\":[{\"@type\":\"ReadAction\",\"target\":[\"https:\\\/\\\/regiaonews.net.br\\\/2022\\\/2021\\\/04\\\/27\\\/anvisa-rejeita-importacao-e-uso-de-vacina-da-sputnik-v\\\/\"]}]},{\"@type\":\"ImageObject\",\"inLanguage\":\"pt-BR\",\"@id\":\"https:\\\/\\\/regiaonews.net.br\\\/2022\\\/2021\\\/04\\\/27\\\/anvisa-rejeita-importacao-e-uso-de-vacina-da-sputnik-v\\\/#primaryimage\",\"url\":\"https:\\\/\\\/regiaonews.net.br\\\/2022\\\/wp-content\\\/uploads\\\/2020\\\/09\\\/2020-05-18t143443z_1_lynxmpeg4h1mb_rtroptp_4_health-coronavirus-vaccine.jpg\",\"contentUrl\":\"https:\\\/\\\/regiaonews.net.br\\\/2022\\\/wp-content\\\/uploads\\\/2020\\\/09\\\/2020-05-18t143443z_1_lynxmpeg4h1mb_rtroptp_4_health-coronavirus-vaccine.jpg\",\"width\":1170,\"height\":700},{\"@type\":\"BreadcrumbList\",\"@id\":\"https:\\\/\\\/regiaonews.net.br\\\/2022\\\/2021\\\/04\\\/27\\\/anvisa-rejeita-importacao-e-uso-de-vacina-da-sputnik-v\\\/#breadcrumb\",\"itemListElement\":[{\"@type\":\"ListItem\",\"position\":1,\"name\":\"In\u00edcio\",\"item\":\"https:\\\/\\\/regiaonews.net.br\\\/2022\\\/\"},{\"@type\":\"ListItem\",\"position\":2,\"name\":\"Anvisa rejeita importa\u00e7\u00e3o e uso de Vacina da Sputnik V\"}]},{\"@type\":\"WebSite\",\"@id\":\"https:\\\/\\\/regiaonews.net.br\\\/2022\\\/#website\",\"url\":\"https:\\\/\\\/regiaonews.net.br\\\/2022\\\/\",\"name\":\"Regi\u00e3o News\",\"description\":\"Site de Not\u00edcias de Barretos e regi\u00e3o\",\"publisher\":{\"@id\":\"https:\\\/\\\/regiaonews.net.br\\\/2022\\\/#organization\"},\"potentialAction\":[{\"@type\":\"SearchAction\",\"target\":{\"@type\":\"EntryPoint\",\"urlTemplate\":\"https:\\\/\\\/regiaonews.net.br\\\/2022\\\/?s={search_term_string}\"},\"query-input\":{\"@type\":\"PropertyValueSpecification\",\"valueRequired\":true,\"valueName\":\"search_term_string\"}}],\"inLanguage\":\"pt-BR\"},{\"@type\":\"Organization\",\"@id\":\"https:\\\/\\\/regiaonews.net.br\\\/2022\\\/#organization\",\"name\":\"Regi\u00e3o News\",\"url\":\"https:\\\/\\\/regiaonews.net.br\\\/2022\\\/\",\"logo\":{\"@type\":\"ImageObject\",\"inLanguage\":\"pt-BR\",\"@id\":\"https:\\\/\\\/regiaonews.net.br\\\/2022\\\/#\\\/schema\\\/logo\\\/image\\\/\",\"url\":\"https:\\\/\\\/regiaonews.net.br\\\/2022\\\/wp-content\\\/uploads\\\/2026\\\/03\\\/regiao-13-anos-scaled.jpg\",\"contentUrl\":\"https:\\\/\\\/regiaonews.net.br\\\/2022\\\/wp-content\\\/uploads\\\/2026\\\/03\\\/regiao-13-anos-scaled.jpg\",\"width\":2560,\"height\":635,\"caption\":\"Regi\u00e3o News\"},\"image\":{\"@id\":\"https:\\\/\\\/regiaonews.net.br\\\/2022\\\/#\\\/schema\\\/logo\\\/image\\\/\"}},{\"@type\":\"Person\",\"@id\":\"https:\\\/\\\/regiaonews.net.br\\\/2022\\\/#\\\/schema\\\/person\\\/2d205a608a5aa97ac279d7a5e6d89ad8\",\"name\":\"Roberto\",\"image\":{\"@type\":\"ImageObject\",\"inLanguage\":\"pt-BR\",\"@id\":\"https:\\\/\\\/secure.gravatar.com\\\/avatar\\\/42749d8b712ff9d59ca93dc150494e5b55a44134482993f5baeb97e61b7ecc89?s=96&d=mm&r=g\",\"url\":\"https:\\\/\\\/secure.gravatar.com\\\/avatar\\\/42749d8b712ff9d59ca93dc150494e5b55a44134482993f5baeb97e61b7ecc89?s=96&d=mm&r=g\",\"contentUrl\":\"https:\\\/\\\/secure.gravatar.com\\\/avatar\\\/42749d8b712ff9d59ca93dc150494e5b55a44134482993f5baeb97e61b7ecc89?s=96&d=mm&r=g\",\"caption\":\"Roberto\"},\"url\":\"https:\\\/\\\/regiaonews.net.br\\\/2022\\\/author\\\/roberto\\\/\"}]}<\/script>\n<!-- \/ Yoast SEO plugin. -->","yoast_head_json":{"title":"Anvisa rejeita importa\u00e7\u00e3o e uso de Vacina da Sputnik V - Regi\u00e3o News","robots":{"index":"index","follow":"follow","max-snippet":"max-snippet:-1","max-image-preview":"max-image-preview:large","max-video-preview":"max-video-preview:-1"},"canonical":"https:\/\/regiaonews.net.br\/2022\/2021\/04\/27\/anvisa-rejeita-importacao-e-uso-de-vacina-da-sputnik-v\/","og_locale":"pt_BR","og_type":"article","og_title":"Anvisa rejeita importa\u00e7\u00e3o e uso de Vacina da Sputnik V - Regi\u00e3o News","og_description":"&nbsp; Os cinco diretores da Ag\u00eancia Nacional de Vigil\u00e2ncia Sanit\u00e1ria","og_url":"https:\/\/regiaonews.net.br\/2022\/2021\/04\/27\/anvisa-rejeita-importacao-e-uso-de-vacina-da-sputnik-v\/","og_site_name":"Regi\u00e3o News","article_published_time":"2021-04-27T15:44:57+00:00","article_modified_time":"2021-04-27T15:47:18+00:00","og_image":[{"width":1170,"height":700,"url":"https:\/\/regiaonews.net.br\/2022\/wp-content\/uploads\/2020\/09\/2020-05-18t143443z_1_lynxmpeg4h1mb_rtroptp_4_health-coronavirus-vaccine.jpg","type":"image\/jpeg"}],"author":"Roberto","twitter_card":"summary_large_image","twitter_misc":{"Escrito por":"Roberto","Est. tempo de leitura":"5 minutos"},"schema":{"@context":"https:\/\/schema.org","@graph":[{"@type":"Article","@id":"https:\/\/regiaonews.net.br\/2022\/2021\/04\/27\/anvisa-rejeita-importacao-e-uso-de-vacina-da-sputnik-v\/#article","isPartOf":{"@id":"https:\/\/regiaonews.net.br\/2022\/2021\/04\/27\/anvisa-rejeita-importacao-e-uso-de-vacina-da-sputnik-v\/"},"author":{"name":"Roberto","@id":"https:\/\/regiaonews.net.br\/2022\/#\/schema\/person\/2d205a608a5aa97ac279d7a5e6d89ad8"},"headline":"Anvisa rejeita importa\u00e7\u00e3o e uso de Vacina da Sputnik V","datePublished":"2021-04-27T15:44:57+00:00","dateModified":"2021-04-27T15:47:18+00:00","mainEntityOfPage":{"@id":"https:\/\/regiaonews.net.br\/2022\/2021\/04\/27\/anvisa-rejeita-importacao-e-uso-de-vacina-da-sputnik-v\/"},"wordCount":1061,"commentCount":0,"publisher":{"@id":"https:\/\/regiaonews.net.br\/2022\/#organization"},"image":{"@id":"https:\/\/regiaonews.net.br\/2022\/2021\/04\/27\/anvisa-rejeita-importacao-e-uso-de-vacina-da-sputnik-v\/#primaryimage"},"thumbnailUrl":"https:\/\/regiaonews.net.br\/2022\/wp-content\/uploads\/2020\/09\/2020-05-18t143443z_1_lynxmpeg4h1mb_rtroptp_4_health-coronavirus-vaccine.jpg","articleSection":["Brasil","Cidades"],"inLanguage":"pt-BR","potentialAction":[{"@type":"CommentAction","name":"Comment","target":["https:\/\/regiaonews.net.br\/2022\/2021\/04\/27\/anvisa-rejeita-importacao-e-uso-de-vacina-da-sputnik-v\/#respond"]}]},{"@type":"WebPage","@id":"https:\/\/regiaonews.net.br\/2022\/2021\/04\/27\/anvisa-rejeita-importacao-e-uso-de-vacina-da-sputnik-v\/","url":"https:\/\/regiaonews.net.br\/2022\/2021\/04\/27\/anvisa-rejeita-importacao-e-uso-de-vacina-da-sputnik-v\/","name":"Anvisa rejeita importa\u00e7\u00e3o e uso de Vacina da Sputnik V - Regi\u00e3o News","isPartOf":{"@id":"https:\/\/regiaonews.net.br\/2022\/#website"},"primaryImageOfPage":{"@id":"https:\/\/regiaonews.net.br\/2022\/2021\/04\/27\/anvisa-rejeita-importacao-e-uso-de-vacina-da-sputnik-v\/#primaryimage"},"image":{"@id":"https:\/\/regiaonews.net.br\/2022\/2021\/04\/27\/anvisa-rejeita-importacao-e-uso-de-vacina-da-sputnik-v\/#primaryimage"},"thumbnailUrl":"https:\/\/regiaonews.net.br\/2022\/wp-content\/uploads\/2020\/09\/2020-05-18t143443z_1_lynxmpeg4h1mb_rtroptp_4_health-coronavirus-vaccine.jpg","datePublished":"2021-04-27T15:44:57+00:00","dateModified":"2021-04-27T15:47:18+00:00","breadcrumb":{"@id":"https:\/\/regiaonews.net.br\/2022\/2021\/04\/27\/anvisa-rejeita-importacao-e-uso-de-vacina-da-sputnik-v\/#breadcrumb"},"inLanguage":"pt-BR","potentialAction":[{"@type":"ReadAction","target":["https:\/\/regiaonews.net.br\/2022\/2021\/04\/27\/anvisa-rejeita-importacao-e-uso-de-vacina-da-sputnik-v\/"]}]},{"@type":"ImageObject","inLanguage":"pt-BR","@id":"https:\/\/regiaonews.net.br\/2022\/2021\/04\/27\/anvisa-rejeita-importacao-e-uso-de-vacina-da-sputnik-v\/#primaryimage","url":"https:\/\/regiaonews.net.br\/2022\/wp-content\/uploads\/2020\/09\/2020-05-18t143443z_1_lynxmpeg4h1mb_rtroptp_4_health-coronavirus-vaccine.jpg","contentUrl":"https:\/\/regiaonews.net.br\/2022\/wp-content\/uploads\/2020\/09\/2020-05-18t143443z_1_lynxmpeg4h1mb_rtroptp_4_health-coronavirus-vaccine.jpg","width":1170,"height":700},{"@type":"BreadcrumbList","@id":"https:\/\/regiaonews.net.br\/2022\/2021\/04\/27\/anvisa-rejeita-importacao-e-uso-de-vacina-da-sputnik-v\/#breadcrumb","itemListElement":[{"@type":"ListItem","position":1,"name":"In\u00edcio","item":"https:\/\/regiaonews.net.br\/2022\/"},{"@type":"ListItem","position":2,"name":"Anvisa rejeita importa\u00e7\u00e3o e uso de Vacina da Sputnik V"}]},{"@type":"WebSite","@id":"https:\/\/regiaonews.net.br\/2022\/#website","url":"https:\/\/regiaonews.net.br\/2022\/","name":"Regi\u00e3o News","description":"Site de Not\u00edcias de Barretos e regi\u00e3o","publisher":{"@id":"https:\/\/regiaonews.net.br\/2022\/#organization"},"potentialAction":[{"@type":"SearchAction","target":{"@type":"EntryPoint","urlTemplate":"https:\/\/regiaonews.net.br\/2022\/?s={search_term_string}"},"query-input":{"@type":"PropertyValueSpecification","valueRequired":true,"valueName":"search_term_string"}}],"inLanguage":"pt-BR"},{"@type":"Organization","@id":"https:\/\/regiaonews.net.br\/2022\/#organization","name":"Regi\u00e3o News","url":"https:\/\/regiaonews.net.br\/2022\/","logo":{"@type":"ImageObject","inLanguage":"pt-BR","@id":"https:\/\/regiaonews.net.br\/2022\/#\/schema\/logo\/image\/","url":"https:\/\/regiaonews.net.br\/2022\/wp-content\/uploads\/2026\/03\/regiao-13-anos-scaled.jpg","contentUrl":"https:\/\/regiaonews.net.br\/2022\/wp-content\/uploads\/2026\/03\/regiao-13-anos-scaled.jpg","width":2560,"height":635,"caption":"Regi\u00e3o News"},"image":{"@id":"https:\/\/regiaonews.net.br\/2022\/#\/schema\/logo\/image\/"}},{"@type":"Person","@id":"https:\/\/regiaonews.net.br\/2022\/#\/schema\/person\/2d205a608a5aa97ac279d7a5e6d89ad8","name":"Roberto","image":{"@type":"ImageObject","inLanguage":"pt-BR","@id":"https:\/\/secure.gravatar.com\/avatar\/42749d8b712ff9d59ca93dc150494e5b55a44134482993f5baeb97e61b7ecc89?s=96&d=mm&r=g","url":"https:\/\/secure.gravatar.com\/avatar\/42749d8b712ff9d59ca93dc150494e5b55a44134482993f5baeb97e61b7ecc89?s=96&d=mm&r=g","contentUrl":"https:\/\/secure.gravatar.com\/avatar\/42749d8b712ff9d59ca93dc150494e5b55a44134482993f5baeb97e61b7ecc89?s=96&d=mm&r=g","caption":"Roberto"},"url":"https:\/\/regiaonews.net.br\/2022\/author\/roberto\/"}]}},"publishpress_future_action":{"enabled":false,"date":"2026-05-04 07:47:47","action":"change-status","newStatus":"draft","terms":[],"taxonomy":"category","extraData":[]},"publishpress_future_workflow_manual_trigger":{"enabledWorkflows":[]},"_links":{"self":[{"href":"https:\/\/regiaonews.net.br\/2022\/wp-json\/wp\/v2\/posts\/46034","targetHints":{"allow":["GET"]}}],"collection":[{"href":"https:\/\/regiaonews.net.br\/2022\/wp-json\/wp\/v2\/posts"}],"about":[{"href":"https:\/\/regiaonews.net.br\/2022\/wp-json\/wp\/v2\/types\/post"}],"author":[{"embeddable":true,"href":"https:\/\/regiaonews.net.br\/2022\/wp-json\/wp\/v2\/users\/2"}],"replies":[{"embeddable":true,"href":"https:\/\/regiaonews.net.br\/2022\/wp-json\/wp\/v2\/comments?post=46034"}],"version-history":[{"count":0,"href":"https:\/\/regiaonews.net.br\/2022\/wp-json\/wp\/v2\/posts\/46034\/revisions"}],"wp:featuredmedia":[{"embeddable":true,"href":"https:\/\/regiaonews.net.br\/2022\/wp-json\/wp\/v2\/media\/37780"}],"wp:attachment":[{"href":"https:\/\/regiaonews.net.br\/2022\/wp-json\/wp\/v2\/media?parent=46034"}],"wp:term":[{"taxonomy":"category","embeddable":true,"href":"https:\/\/regiaonews.net.br\/2022\/wp-json\/wp\/v2\/categories?post=46034"},{"taxonomy":"post_tag","embeddable":true,"href":"https:\/\/regiaonews.net.br\/2022\/wp-json\/wp\/v2\/tags?post=46034"}],"curies":[{"name":"wp","href":"https:\/\/api.w.org\/{rel}","templated":true}]}}