{"id":46030,"date":"2021-04-27T12:33:29","date_gmt":"2021-04-27T15:33:29","guid":{"rendered":"https:\/\/regiaonews.net.br\/2022\/?p=46030"},"modified":"2021-04-27T12:33:29","modified_gmt":"2021-04-27T15:33:29","slug":"fase-de-transicao-da-quarentena-em-sp-tem-regras-similares-as-de-fases-mais-brandas-setores-desrespeitam-recomendacoes","status":"publish","type":"post","link":"https:\/\/regiaonews.net.br\/2022\/2021\/04\/27\/fase-de-transicao-da-quarentena-em-sp-tem-regras-similares-as-de-fases-mais-brandas-setores-desrespeitam-recomendacoes\/","title":{"rendered":"Fase de transi\u00e7\u00e3o da quarentena em SP tem regras similares \u00e0s de fases mais brandas; setores desrespeitam recomenda\u00e7\u00f5es"},"content":{"rendered":"<p><a href=\"https:\/\/regiaonews.net.br\/2022\/wp-content\/uploads\/2021\/04\/fup20210425179.jpg\"><img loading=\"lazy\" decoding=\"async\" class=\"alignnone size-medium wp-image-46031\" src=\"https:\/\/regiaonews.net.br\/2022\/wp-content\/uploads\/2021\/04\/fup20210425179-300x200.jpg\" alt=\"\" width=\"300\" height=\"200\" \/><\/a><\/p>\n<div class=\"mc-column content-text active-extra-styles \" data-block-type=\"unstyled\" data-block-weight=\"41\" data-block-id=\"2\">\n<p class=\"content-text__container \" data-track-category=\"Link no Texto\" data-track-links=\"\">O primeiro final de semana da fase de transi\u00e7\u00e3o da quarentena, no \u00faltimo s\u00e1bado (25) e domingo (26), foi\u00a0<span class=\"highlight highlighted\">marcado pelo desrespeito \u00e0s recomenda\u00e7\u00f5es<\/span>\u00a0do Plano S\u00e3o Paulo na capital paulista e pelas baixas taxas de isolamento social no estado.<\/p>\n<\/div>\n<div class=\"wall protected-content\">\n<div class=\"mc-column content-text active-extra-styles \" data-block-type=\"unstyled\" data-block-weight=\"51\" data-block-id=\"3\">\n<p class=\"content-text__container \" data-track-category=\"Link no Texto\" data-track-links=\"\">Criada pela gest\u00e3o de\u00a0<a href=\"https:\/\/g1.globo.com\/politica\/politico\/joao-doria\/\">Jo\u00e3o Doria<\/a>\u00a0(PSDB) ap\u00f3s uma leve melhora nos \u00edndices da\u00a0<a href=\"https:\/\/g1.globo.com\/bemestar\/coronavirus\/\">Covid-19\u00a0<\/a>no estado de\u00a0<a href=\"https:\/\/g1.globo.com\/sp\/sao-paulo\">S\u00e3o Paulo<\/a>, a fase de transi\u00e7\u00e3o\u00a0<span class=\"highlight highlighted\">permite a abertura dos mesmos setores das fases amarela e laranja<\/span>, mas com hor\u00e1rio e p\u00fablico menores<\/p>\n<p data-track-category=\"Link no Texto\" data-track-links=\"\">A etapa de transi\u00e7\u00e3o teve in\u00edcio no dia 18 de abril, mas apenas no \u00faltimo s\u00e1bado (24)\u00a0<a href=\"https:\/\/g1.globo.com\/sp\/sao-paulo\/noticia\/2021\/04\/24\/primeiro-dia-de-nova-fase-da-reabertura-em-sp-tem-aglomeracoes-na-25-de-marco-e-movimento-grande-em-parques.ghtml\">foram liberados restaurantes e parques<\/a>, locais que concentraram aglomera\u00e7\u00f5es no final de semana. Cinemas, clubes, academias e teatros tamb\u00e9m foram autorizados a reabrir com no m\u00e1ximo 25% da capacidade m\u00e1xima.<\/p>\n<p data-track-category=\"Link no Texto\" data-track-links=\"\"><a href=\"https:\/\/regiaonews.net.br\/2022\/wp-content\/uploads\/2021\/04\/age20210425036.jpg\"><img loading=\"lazy\" decoding=\"async\" class=\"alignnone size-medium wp-image-46032\" src=\"https:\/\/regiaonews.net.br\/2022\/wp-content\/uploads\/2021\/04\/age20210425036-300x200.jpg\" alt=\"\" width=\"300\" height=\"200\" \/><\/a><\/p>\n<p data-track-category=\"Link no Texto\" data-track-links=\"\">No entanto, a\u00a0<span class=\"highlight highlighted\">regra de funcionar com at\u00e9 25% da lota\u00e7\u00e3o, \u00e9, na pr\u00e1tica, uma recomenda\u00e7\u00e3o<\/span>, segundo os termos usados pelo pr\u00f3prio governo estadual no decreto publicado no Di\u00e1rio Oficial.<\/p>\n<p data-track-category=\"Link no Texto\" data-track-links=\"\">Al\u00e9m disso, em diversos locais n\u00e3o h\u00e1 sequer fiscaliza\u00e7\u00e3o do p\u00fablico na entrada. No Parque do Ibirapuera, na Zona Sul de S\u00e3o Paulo, uma longa fila de carros se formou na portaria no \u00faltimo domingo (25) \u2013 e n\u00e3o havia no local nenhuma contagem dos visitantes.<\/p>\n<p data-track-category=\"Link no Texto\" data-track-links=\"\">Na pr\u00e1tica, para estabelecimentos comerciais, a principal diferen\u00e7a entre a etapa atual e essas outras \u00e9 o limite de hor\u00e1rio menor e a restri\u00e7\u00e3o a 25% da capacidade m\u00e1xima. Mas, como essas duas regras s\u00e3o, segundo o decreto estadual, apenas recomenda\u00e7\u00f5es, a atual fase da quarentena acaba sendo muito similar \u00e0s outras, mais brandas.<\/p>\n<p data-track-category=\"Link no Texto\" data-track-links=\"\">FONTE : G1<\/p>\n<\/div>\n<\/div>\n","protected":false},"excerpt":{"rendered":"<p>O primeiro final de semana da fase de transi\u00e7\u00e3o da<\/p>\n","protected":false},"author":2,"featured_media":46032,"comment_status":"open","ping_status":"open","sticky":false,"template":"","format":"standard","meta":{"footnotes":""},"categories":[25,94,7],"tags":[],"class_list":["post-46030","post","type-post","status-publish","format-standard","has-post-thumbnail","hentry","category-cidades","category-economia","category-estado-de-sao-paulo"],"yoast_head":"<!-- This site is optimized with the Yoast SEO plugin v27.4 - https:\/\/yoast.com\/product\/yoast-seo-wordpress\/ -->\n<title>Fase de transi\u00e7\u00e3o da quarentena em SP tem regras similares \u00e0s de fases mais brandas; setores desrespeitam recomenda\u00e7\u00f5es - Regi\u00e3o News<\/title>\n<meta name=\"robots\" content=\"index, follow, max-snippet:-1, max-image-preview:large, max-video-preview:-1\" \/>\n<link rel=\"canonical\" href=\"https:\/\/regiaonews.net.br\/2022\/2021\/04\/27\/fase-de-transicao-da-quarentena-em-sp-tem-regras-similares-as-de-fases-mais-brandas-setores-desrespeitam-recomendacoes\/\" \/>\n<meta property=\"og:locale\" content=\"pt_BR\" \/>\n<meta property=\"og:type\" content=\"article\" \/>\n<meta property=\"og:title\" content=\"Fase de transi\u00e7\u00e3o da quarentena em SP tem regras similares \u00e0s de fases mais brandas; setores desrespeitam recomenda\u00e7\u00f5es - Regi\u00e3o News\" \/>\n<meta property=\"og:description\" content=\"O primeiro final de semana da fase de transi\u00e7\u00e3o da\" \/>\n<meta property=\"og:url\" content=\"https:\/\/regiaonews.net.br\/2022\/2021\/04\/27\/fase-de-transicao-da-quarentena-em-sp-tem-regras-similares-as-de-fases-mais-brandas-setores-desrespeitam-recomendacoes\/\" \/>\n<meta property=\"og:site_name\" content=\"Regi\u00e3o News\" \/>\n<meta property=\"article:published_time\" content=\"2021-04-27T15:33:29+00:00\" \/>\n<meta property=\"og:image\" content=\"https:\/\/regiaonews.net.br\/2022\/wp-content\/uploads\/2021\/04\/age20210425036.jpg\" \/>\n\t<meta property=\"og:image:width\" content=\"1008\" \/>\n\t<meta property=\"og:image:height\" content=\"672\" \/>\n\t<meta property=\"og:image:type\" content=\"image\/jpeg\" \/>\n<meta name=\"author\" content=\"Roberto\" \/>\n<meta name=\"twitter:card\" content=\"summary_large_image\" \/>\n<meta name=\"twitter:label1\" content=\"Escrito por\" \/>\n\t<meta name=\"twitter:data1\" content=\"Roberto\" \/>\n\t<meta name=\"twitter:label2\" content=\"Est. tempo de leitura\" \/>\n\t<meta name=\"twitter:data2\" content=\"1 minuto\" \/>\n<script type=\"application\/ld+json\" class=\"yoast-schema-graph\">{\"@context\":\"https:\\\/\\\/schema.org\",\"@graph\":[{\"@type\":\"Article\",\"@id\":\"https:\\\/\\\/regiaonews.net.br\\\/2022\\\/2021\\\/04\\\/27\\\/fase-de-transicao-da-quarentena-em-sp-tem-regras-similares-as-de-fases-mais-brandas-setores-desrespeitam-recomendacoes\\\/#article\",\"isPartOf\":{\"@id\":\"https:\\\/\\\/regiaonews.net.br\\\/2022\\\/2021\\\/04\\\/27\\\/fase-de-transicao-da-quarentena-em-sp-tem-regras-similares-as-de-fases-mais-brandas-setores-desrespeitam-recomendacoes\\\/\"},\"author\":{\"name\":\"Roberto\",\"@id\":\"https:\\\/\\\/regiaonews.net.br\\\/2022\\\/#\\\/schema\\\/person\\\/2d205a608a5aa97ac279d7a5e6d89ad8\"},\"headline\":\"Fase de transi\u00e7\u00e3o da quarentena em SP tem regras similares \u00e0s de fases mais brandas; setores desrespeitam recomenda\u00e7\u00f5es\",\"datePublished\":\"2021-04-27T15:33:29+00:00\",\"mainEntityOfPage\":{\"@id\":\"https:\\\/\\\/regiaonews.net.br\\\/2022\\\/2021\\\/04\\\/27\\\/fase-de-transicao-da-quarentena-em-sp-tem-regras-similares-as-de-fases-mais-brandas-setores-desrespeitam-recomendacoes\\\/\"},\"wordCount\":305,\"commentCount\":0,\"publisher\":{\"@id\":\"https:\\\/\\\/regiaonews.net.br\\\/2022\\\/#organization\"},\"image\":{\"@id\":\"https:\\\/\\\/regiaonews.net.br\\\/2022\\\/2021\\\/04\\\/27\\\/fase-de-transicao-da-quarentena-em-sp-tem-regras-similares-as-de-fases-mais-brandas-setores-desrespeitam-recomendacoes\\\/#primaryimage\"},\"thumbnailUrl\":\"https:\\\/\\\/regiaonews.net.br\\\/2022\\\/wp-content\\\/uploads\\\/2021\\\/04\\\/age20210425036.jpg\",\"articleSection\":[\"Cidades\",\"Economia\",\"Estado de S\u00e3o Paulo\"],\"inLanguage\":\"pt-BR\",\"potentialAction\":[{\"@type\":\"CommentAction\",\"name\":\"Comment\",\"target\":[\"https:\\\/\\\/regiaonews.net.br\\\/2022\\\/2021\\\/04\\\/27\\\/fase-de-transicao-da-quarentena-em-sp-tem-regras-similares-as-de-fases-mais-brandas-setores-desrespeitam-recomendacoes\\\/#respond\"]}]},{\"@type\":\"WebPage\",\"@id\":\"https:\\\/\\\/regiaonews.net.br\\\/2022\\\/2021\\\/04\\\/27\\\/fase-de-transicao-da-quarentena-em-sp-tem-regras-similares-as-de-fases-mais-brandas-setores-desrespeitam-recomendacoes\\\/\",\"url\":\"https:\\\/\\\/regiaonews.net.br\\\/2022\\\/2021\\\/04\\\/27\\\/fase-de-transicao-da-quarentena-em-sp-tem-regras-similares-as-de-fases-mais-brandas-setores-desrespeitam-recomendacoes\\\/\",\"name\":\"Fase de transi\u00e7\u00e3o da quarentena em SP tem regras similares \u00e0s de fases mais brandas; setores desrespeitam recomenda\u00e7\u00f5es - Regi\u00e3o News\",\"isPartOf\":{\"@id\":\"https:\\\/\\\/regiaonews.net.br\\\/2022\\\/#website\"},\"primaryImageOfPage\":{\"@id\":\"https:\\\/\\\/regiaonews.net.br\\\/2022\\\/2021\\\/04\\\/27\\\/fase-de-transicao-da-quarentena-em-sp-tem-regras-similares-as-de-fases-mais-brandas-setores-desrespeitam-recomendacoes\\\/#primaryimage\"},\"image\":{\"@id\":\"https:\\\/\\\/regiaonews.net.br\\\/2022\\\/2021\\\/04\\\/27\\\/fase-de-transicao-da-quarentena-em-sp-tem-regras-similares-as-de-fases-mais-brandas-setores-desrespeitam-recomendacoes\\\/#primaryimage\"},\"thumbnailUrl\":\"https:\\\/\\\/regiaonews.net.br\\\/2022\\\/wp-content\\\/uploads\\\/2021\\\/04\\\/age20210425036.jpg\",\"datePublished\":\"2021-04-27T15:33:29+00:00\",\"breadcrumb\":{\"@id\":\"https:\\\/\\\/regiaonews.net.br\\\/2022\\\/2021\\\/04\\\/27\\\/fase-de-transicao-da-quarentena-em-sp-tem-regras-similares-as-de-fases-mais-brandas-setores-desrespeitam-recomendacoes\\\/#breadcrumb\"},\"inLanguage\":\"pt-BR\",\"potentialAction\":[{\"@type\":\"ReadAction\",\"target\":[\"https:\\\/\\\/regiaonews.net.br\\\/2022\\\/2021\\\/04\\\/27\\\/fase-de-transicao-da-quarentena-em-sp-tem-regras-similares-as-de-fases-mais-brandas-setores-desrespeitam-recomendacoes\\\/\"]}]},{\"@type\":\"ImageObject\",\"inLanguage\":\"pt-BR\",\"@id\":\"https:\\\/\\\/regiaonews.net.br\\\/2022\\\/2021\\\/04\\\/27\\\/fase-de-transicao-da-quarentena-em-sp-tem-regras-similares-as-de-fases-mais-brandas-setores-desrespeitam-recomendacoes\\\/#primaryimage\",\"url\":\"https:\\\/\\\/regiaonews.net.br\\\/2022\\\/wp-content\\\/uploads\\\/2021\\\/04\\\/age20210425036.jpg\",\"contentUrl\":\"https:\\\/\\\/regiaonews.net.br\\\/2022\\\/wp-content\\\/uploads\\\/2021\\\/04\\\/age20210425036.jpg\",\"width\":1008,\"height\":672},{\"@type\":\"BreadcrumbList\",\"@id\":\"https:\\\/\\\/regiaonews.net.br\\\/2022\\\/2021\\\/04\\\/27\\\/fase-de-transicao-da-quarentena-em-sp-tem-regras-similares-as-de-fases-mais-brandas-setores-desrespeitam-recomendacoes\\\/#breadcrumb\",\"itemListElement\":[{\"@type\":\"ListItem\",\"position\":1,\"name\":\"In\u00edcio\",\"item\":\"https:\\\/\\\/regiaonews.net.br\\\/2022\\\/\"},{\"@type\":\"ListItem\",\"position\":2,\"name\":\"Fase de transi\u00e7\u00e3o da quarentena em SP tem regras similares \u00e0s de fases mais brandas; setores desrespeitam recomenda\u00e7\u00f5es\"}]},{\"@type\":\"WebSite\",\"@id\":\"https:\\\/\\\/regiaonews.net.br\\\/2022\\\/#website\",\"url\":\"https:\\\/\\\/regiaonews.net.br\\\/2022\\\/\",\"name\":\"Regi\u00e3o News\",\"description\":\"Site de Not\u00edcias de Barretos e regi\u00e3o\",\"publisher\":{\"@id\":\"https:\\\/\\\/regiaonews.net.br\\\/2022\\\/#organization\"},\"potentialAction\":[{\"@type\":\"SearchAction\",\"target\":{\"@type\":\"EntryPoint\",\"urlTemplate\":\"https:\\\/\\\/regiaonews.net.br\\\/2022\\\/?s={search_term_string}\"},\"query-input\":{\"@type\":\"PropertyValueSpecification\",\"valueRequired\":true,\"valueName\":\"search_term_string\"}}],\"inLanguage\":\"pt-BR\"},{\"@type\":\"Organization\",\"@id\":\"https:\\\/\\\/regiaonews.net.br\\\/2022\\\/#organization\",\"name\":\"Regi\u00e3o News\",\"url\":\"https:\\\/\\\/regiaonews.net.br\\\/2022\\\/\",\"logo\":{\"@type\":\"ImageObject\",\"inLanguage\":\"pt-BR\",\"@id\":\"https:\\\/\\\/regiaonews.net.br\\\/2022\\\/#\\\/schema\\\/logo\\\/image\\\/\",\"url\":\"https:\\\/\\\/regiaonews.net.br\\\/2022\\\/wp-content\\\/uploads\\\/2026\\\/03\\\/regiao-13-anos-scaled.jpg\",\"contentUrl\":\"https:\\\/\\\/regiaonews.net.br\\\/2022\\\/wp-content\\\/uploads\\\/2026\\\/03\\\/regiao-13-anos-scaled.jpg\",\"width\":2560,\"height\":635,\"caption\":\"Regi\u00e3o News\"},\"image\":{\"@id\":\"https:\\\/\\\/regiaonews.net.br\\\/2022\\\/#\\\/schema\\\/logo\\\/image\\\/\"}},{\"@type\":\"Person\",\"@id\":\"https:\\\/\\\/regiaonews.net.br\\\/2022\\\/#\\\/schema\\\/person\\\/2d205a608a5aa97ac279d7a5e6d89ad8\",\"name\":\"Roberto\",\"image\":{\"@type\":\"ImageObject\",\"inLanguage\":\"pt-BR\",\"@id\":\"https:\\\/\\\/secure.gravatar.com\\\/avatar\\\/42749d8b712ff9d59ca93dc150494e5b55a44134482993f5baeb97e61b7ecc89?s=96&d=mm&r=g\",\"url\":\"https:\\\/\\\/secure.gravatar.com\\\/avatar\\\/42749d8b712ff9d59ca93dc150494e5b55a44134482993f5baeb97e61b7ecc89?s=96&d=mm&r=g\",\"contentUrl\":\"https:\\\/\\\/secure.gravatar.com\\\/avatar\\\/42749d8b712ff9d59ca93dc150494e5b55a44134482993f5baeb97e61b7ecc89?s=96&d=mm&r=g\",\"caption\":\"Roberto\"},\"url\":\"https:\\\/\\\/regiaonews.net.br\\\/2022\\\/author\\\/roberto\\\/\"}]}<\/script>\n<!-- \/ Yoast SEO plugin. -->","yoast_head_json":{"title":"Fase de transi\u00e7\u00e3o da quarentena em SP tem regras similares \u00e0s de fases mais brandas; setores desrespeitam recomenda\u00e7\u00f5es - Regi\u00e3o News","robots":{"index":"index","follow":"follow","max-snippet":"max-snippet:-1","max-image-preview":"max-image-preview:large","max-video-preview":"max-video-preview:-1"},"canonical":"https:\/\/regiaonews.net.br\/2022\/2021\/04\/27\/fase-de-transicao-da-quarentena-em-sp-tem-regras-similares-as-de-fases-mais-brandas-setores-desrespeitam-recomendacoes\/","og_locale":"pt_BR","og_type":"article","og_title":"Fase de transi\u00e7\u00e3o da quarentena em SP tem regras similares \u00e0s de fases mais brandas; setores desrespeitam recomenda\u00e7\u00f5es - Regi\u00e3o News","og_description":"O primeiro final de semana da fase de transi\u00e7\u00e3o da","og_url":"https:\/\/regiaonews.net.br\/2022\/2021\/04\/27\/fase-de-transicao-da-quarentena-em-sp-tem-regras-similares-as-de-fases-mais-brandas-setores-desrespeitam-recomendacoes\/","og_site_name":"Regi\u00e3o News","article_published_time":"2021-04-27T15:33:29+00:00","og_image":[{"width":1008,"height":672,"url":"https:\/\/regiaonews.net.br\/2022\/wp-content\/uploads\/2021\/04\/age20210425036.jpg","type":"image\/jpeg"}],"author":"Roberto","twitter_card":"summary_large_image","twitter_misc":{"Escrito por":"Roberto","Est. tempo de leitura":"1 minuto"},"schema":{"@context":"https:\/\/schema.org","@graph":[{"@type":"Article","@id":"https:\/\/regiaonews.net.br\/2022\/2021\/04\/27\/fase-de-transicao-da-quarentena-em-sp-tem-regras-similares-as-de-fases-mais-brandas-setores-desrespeitam-recomendacoes\/#article","isPartOf":{"@id":"https:\/\/regiaonews.net.br\/2022\/2021\/04\/27\/fase-de-transicao-da-quarentena-em-sp-tem-regras-similares-as-de-fases-mais-brandas-setores-desrespeitam-recomendacoes\/"},"author":{"name":"Roberto","@id":"https:\/\/regiaonews.net.br\/2022\/#\/schema\/person\/2d205a608a5aa97ac279d7a5e6d89ad8"},"headline":"Fase de transi\u00e7\u00e3o da quarentena em SP tem regras similares \u00e0s de fases mais brandas; setores desrespeitam recomenda\u00e7\u00f5es","datePublished":"2021-04-27T15:33:29+00:00","mainEntityOfPage":{"@id":"https:\/\/regiaonews.net.br\/2022\/2021\/04\/27\/fase-de-transicao-da-quarentena-em-sp-tem-regras-similares-as-de-fases-mais-brandas-setores-desrespeitam-recomendacoes\/"},"wordCount":305,"commentCount":0,"publisher":{"@id":"https:\/\/regiaonews.net.br\/2022\/#organization"},"image":{"@id":"https:\/\/regiaonews.net.br\/2022\/2021\/04\/27\/fase-de-transicao-da-quarentena-em-sp-tem-regras-similares-as-de-fases-mais-brandas-setores-desrespeitam-recomendacoes\/#primaryimage"},"thumbnailUrl":"https:\/\/regiaonews.net.br\/2022\/wp-content\/uploads\/2021\/04\/age20210425036.jpg","articleSection":["Cidades","Economia","Estado de S\u00e3o Paulo"],"inLanguage":"pt-BR","potentialAction":[{"@type":"CommentAction","name":"Comment","target":["https:\/\/regiaonews.net.br\/2022\/2021\/04\/27\/fase-de-transicao-da-quarentena-em-sp-tem-regras-similares-as-de-fases-mais-brandas-setores-desrespeitam-recomendacoes\/#respond"]}]},{"@type":"WebPage","@id":"https:\/\/regiaonews.net.br\/2022\/2021\/04\/27\/fase-de-transicao-da-quarentena-em-sp-tem-regras-similares-as-de-fases-mais-brandas-setores-desrespeitam-recomendacoes\/","url":"https:\/\/regiaonews.net.br\/2022\/2021\/04\/27\/fase-de-transicao-da-quarentena-em-sp-tem-regras-similares-as-de-fases-mais-brandas-setores-desrespeitam-recomendacoes\/","name":"Fase de transi\u00e7\u00e3o da quarentena em SP tem regras similares \u00e0s de fases mais brandas; setores desrespeitam recomenda\u00e7\u00f5es - Regi\u00e3o News","isPartOf":{"@id":"https:\/\/regiaonews.net.br\/2022\/#website"},"primaryImageOfPage":{"@id":"https:\/\/regiaonews.net.br\/2022\/2021\/04\/27\/fase-de-transicao-da-quarentena-em-sp-tem-regras-similares-as-de-fases-mais-brandas-setores-desrespeitam-recomendacoes\/#primaryimage"},"image":{"@id":"https:\/\/regiaonews.net.br\/2022\/2021\/04\/27\/fase-de-transicao-da-quarentena-em-sp-tem-regras-similares-as-de-fases-mais-brandas-setores-desrespeitam-recomendacoes\/#primaryimage"},"thumbnailUrl":"https:\/\/regiaonews.net.br\/2022\/wp-content\/uploads\/2021\/04\/age20210425036.jpg","datePublished":"2021-04-27T15:33:29+00:00","breadcrumb":{"@id":"https:\/\/regiaonews.net.br\/2022\/2021\/04\/27\/fase-de-transicao-da-quarentena-em-sp-tem-regras-similares-as-de-fases-mais-brandas-setores-desrespeitam-recomendacoes\/#breadcrumb"},"inLanguage":"pt-BR","potentialAction":[{"@type":"ReadAction","target":["https:\/\/regiaonews.net.br\/2022\/2021\/04\/27\/fase-de-transicao-da-quarentena-em-sp-tem-regras-similares-as-de-fases-mais-brandas-setores-desrespeitam-recomendacoes\/"]}]},{"@type":"ImageObject","inLanguage":"pt-BR","@id":"https:\/\/regiaonews.net.br\/2022\/2021\/04\/27\/fase-de-transicao-da-quarentena-em-sp-tem-regras-similares-as-de-fases-mais-brandas-setores-desrespeitam-recomendacoes\/#primaryimage","url":"https:\/\/regiaonews.net.br\/2022\/wp-content\/uploads\/2021\/04\/age20210425036.jpg","contentUrl":"https:\/\/regiaonews.net.br\/2022\/wp-content\/uploads\/2021\/04\/age20210425036.jpg","width":1008,"height":672},{"@type":"BreadcrumbList","@id":"https:\/\/regiaonews.net.br\/2022\/2021\/04\/27\/fase-de-transicao-da-quarentena-em-sp-tem-regras-similares-as-de-fases-mais-brandas-setores-desrespeitam-recomendacoes\/#breadcrumb","itemListElement":[{"@type":"ListItem","position":1,"name":"In\u00edcio","item":"https:\/\/regiaonews.net.br\/2022\/"},{"@type":"ListItem","position":2,"name":"Fase de transi\u00e7\u00e3o da quarentena em SP tem regras similares \u00e0s de fases mais brandas; setores desrespeitam recomenda\u00e7\u00f5es"}]},{"@type":"WebSite","@id":"https:\/\/regiaonews.net.br\/2022\/#website","url":"https:\/\/regiaonews.net.br\/2022\/","name":"Regi\u00e3o News","description":"Site de Not\u00edcias de Barretos e regi\u00e3o","publisher":{"@id":"https:\/\/regiaonews.net.br\/2022\/#organization"},"potentialAction":[{"@type":"SearchAction","target":{"@type":"EntryPoint","urlTemplate":"https:\/\/regiaonews.net.br\/2022\/?s={search_term_string}"},"query-input":{"@type":"PropertyValueSpecification","valueRequired":true,"valueName":"search_term_string"}}],"inLanguage":"pt-BR"},{"@type":"Organization","@id":"https:\/\/regiaonews.net.br\/2022\/#organization","name":"Regi\u00e3o News","url":"https:\/\/regiaonews.net.br\/2022\/","logo":{"@type":"ImageObject","inLanguage":"pt-BR","@id":"https:\/\/regiaonews.net.br\/2022\/#\/schema\/logo\/image\/","url":"https:\/\/regiaonews.net.br\/2022\/wp-content\/uploads\/2026\/03\/regiao-13-anos-scaled.jpg","contentUrl":"https:\/\/regiaonews.net.br\/2022\/wp-content\/uploads\/2026\/03\/regiao-13-anos-scaled.jpg","width":2560,"height":635,"caption":"Regi\u00e3o News"},"image":{"@id":"https:\/\/regiaonews.net.br\/2022\/#\/schema\/logo\/image\/"}},{"@type":"Person","@id":"https:\/\/regiaonews.net.br\/2022\/#\/schema\/person\/2d205a608a5aa97ac279d7a5e6d89ad8","name":"Roberto","image":{"@type":"ImageObject","inLanguage":"pt-BR","@id":"https:\/\/secure.gravatar.com\/avatar\/42749d8b712ff9d59ca93dc150494e5b55a44134482993f5baeb97e61b7ecc89?s=96&d=mm&r=g","url":"https:\/\/secure.gravatar.com\/avatar\/42749d8b712ff9d59ca93dc150494e5b55a44134482993f5baeb97e61b7ecc89?s=96&d=mm&r=g","contentUrl":"https:\/\/secure.gravatar.com\/avatar\/42749d8b712ff9d59ca93dc150494e5b55a44134482993f5baeb97e61b7ecc89?s=96&d=mm&r=g","caption":"Roberto"},"url":"https:\/\/regiaonews.net.br\/2022\/author\/roberto\/"}]}},"publishpress_future_action":{"enabled":false,"date":"2026-05-04 06:05:13","action":"change-status","newStatus":"draft","terms":[],"taxonomy":"category","extraData":[]},"publishpress_future_workflow_manual_trigger":{"enabledWorkflows":[]},"_links":{"self":[{"href":"https:\/\/regiaonews.net.br\/2022\/wp-json\/wp\/v2\/posts\/46030","targetHints":{"allow":["GET"]}}],"collection":[{"href":"https:\/\/regiaonews.net.br\/2022\/wp-json\/wp\/v2\/posts"}],"about":[{"href":"https:\/\/regiaonews.net.br\/2022\/wp-json\/wp\/v2\/types\/post"}],"author":[{"embeddable":true,"href":"https:\/\/regiaonews.net.br\/2022\/wp-json\/wp\/v2\/users\/2"}],"replies":[{"embeddable":true,"href":"https:\/\/regiaonews.net.br\/2022\/wp-json\/wp\/v2\/comments?post=46030"}],"version-history":[{"count":0,"href":"https:\/\/regiaonews.net.br\/2022\/wp-json\/wp\/v2\/posts\/46030\/revisions"}],"wp:featuredmedia":[{"embeddable":true,"href":"https:\/\/regiaonews.net.br\/2022\/wp-json\/wp\/v2\/media\/46032"}],"wp:attachment":[{"href":"https:\/\/regiaonews.net.br\/2022\/wp-json\/wp\/v2\/media?parent=46030"}],"wp:term":[{"taxonomy":"category","embeddable":true,"href":"https:\/\/regiaonews.net.br\/2022\/wp-json\/wp\/v2\/categories?post=46030"},{"taxonomy":"post_tag","embeddable":true,"href":"https:\/\/regiaonews.net.br\/2022\/wp-json\/wp\/v2\/tags?post=46030"}],"curies":[{"name":"wp","href":"https:\/\/api.w.org\/{rel}","templated":true}]}}