{"id":45989,"date":"2021-04-26T20:48:47","date_gmt":"2021-04-26T23:48:47","guid":{"rendered":"https:\/\/regiaonews.net.br\/2022\/?p=45989"},"modified":"2021-04-26T20:48:47","modified_gmt":"2021-04-26T23:48:47","slug":"pacientes-intubados-sao-amarrados-por-falta-de-medicamentos-dizem-medicos-de-hospital-da-zona-norte-de-sp","status":"publish","type":"post","link":"https:\/\/regiaonews.net.br\/2022\/2021\/04\/26\/pacientes-intubados-sao-amarrados-por-falta-de-medicamentos-dizem-medicos-de-hospital-da-zona-norte-de-sp\/","title":{"rendered":"Pacientes intubados s\u00e3o amarrados por falta de medicamentos, dizem m\u00e9dicos de hospital da Zona Norte de SP"},"content":{"rendered":"<div class=\"mc-column content-text active-extra-styles \" data-block-type=\"unstyled\" data-block-weight=\"39\" data-block-id=\"2\">\n<p data-track-category=\"Link no Texto\" data-track-links=\"\"><a href=\"https:\/\/regiaonews.net.br\/2022\/wp-content\/uploads\/2021\/04\/118060237-3-1.jpeg\"><img loading=\"lazy\" decoding=\"async\" class=\"alignnone size-medium wp-image-45990\" src=\"https:\/\/regiaonews.net.br\/2022\/wp-content\/uploads\/2021\/04\/118060237-3-1-300x169.jpeg\" alt=\"\" width=\"300\" height=\"169\" \/><\/a><\/p>\n<p class=\"content-text__container \" data-track-category=\"Link no Texto\" data-track-links=\"\">Sem medicamentos para seda\u00e7\u00e3o de pacientes intubados, m\u00e9dicos do Hospital Municipal da Vila Brasil\u00e2ndia, na Zona Norte da capital paulista, afirmam que est\u00e3o sendo obrigados a amarrar m\u00e3os e p\u00e9s dos internados, para que eles consigam suportar a dor.<\/p>\n<\/div>\n<div class=\"wall protected-content\">\n<div class=\"mc-column content-text active-extra-styles \" data-block-type=\"unstyled\" data-block-weight=\"38\" data-block-id=\"3\">\n<p class=\"content-text__container \" data-track-category=\"Link no Texto\" data-track-links=\"\">Com 94% dos leitos de UTI ocupados, e novos infectados por Covid-19 que n\u00e3o param de chegar, tr\u00eas m\u00e9dicos do hospital, que pediram para n\u00e3o ser identificados, contaram ao SP2 como tem sido lidar com pacientes nessas condi\u00e7\u00f5es.<\/p>\n<\/div>\n<div class=\"mc-column content-text active-extra-styles \" data-block-type=\"unstyled\" data-block-weight=\"33\" data-block-id=\"4\">\n<p class=\"content-text__container \" data-track-category=\"Link no Texto\" data-track-links=\"\">\u201cEst\u00e1 faltando v\u00e1rios insumos&#8230; faltando seda\u00e7\u00f5es, faltando luvas,faltando atadura, itens essenciais para o bom tratamento dos pacientes no maior hospital de campanha de Covid do estado de S\u00e3o Paulo\u201d, disse um deles.<\/p>\n<div class=\"mc-column content-text active-extra-styles \" data-block-type=\"unstyled\" data-block-weight=\"39\" data-block-id=\"7\">\n<p class=\"content-text__container \" data-track-category=\"Link no Texto\" data-track-links=\"\">De acordo com os funcion\u00e1rios do hospital, s\u00f3 h\u00e1 no estoque rem\u00e9dios necess\u00e1rios para fazer o procedimento de intuba\u00e7\u00e3o, n\u00e3o para manter os doentes graves sedados e im\u00f3veis, evitando o desconforto. O efeito desses medicamentos dura poucos minutos.<\/p>\n<\/div>\n<div class=\"mc-column content-text active-extra-styles \" data-block-type=\"unstyled\" data-block-weight=\"78\" data-block-id=\"8\">\n<p class=\"content-text__container \" data-track-category=\"Link no Texto\" data-track-links=\"\">\u201cA medica\u00e7\u00e3o para intubar s\u00e3o medicamentos para induzir. \u00c9 um hipn\u00f3tico junto com um bloqueador neuromuscular que voc\u00ea faz a intuba\u00e7\u00e3o. Depois, passam cinco minutos e esse paciente acorda, depois que est\u00e1 intubado. E a\u00ed \u00e9 o problema! N\u00e3o tem seda\u00e7\u00e3o, n\u00e3o tem analgesia para esse paciente ficar no tubo. Ent\u00e3o ele fica acordado no tubo, entendeu? O que pode ocasionar v\u00e1rios problemas. V\u00e1rios problemas relacionados ao pulm\u00e3o, que podem levar ao \u00f3bito do paciente\u201d, afirmou o m\u00e9dico.<\/p>\n<\/div>\n<div class=\"mc-column content-text active-extra-styles \" data-block-type=\"unstyled\" data-block-weight=\"20\" data-block-id=\"9\">\n<p class=\"content-text__container \" data-track-category=\"Link no Texto\" data-track-links=\"\">\u201cPacientes novos, pacientes que est\u00e3o morrendo por falta de seda\u00e7\u00e3o. N\u00e3o estamos conseguindo fazer o tratamento adequado neste hospital, entendeu?\u201d<\/p>\n<p data-track-category=\"Link no Texto\" data-track-links=\"\">\u00a0<a href=\"https:\/\/regiaonews.net.br\/2022\/wp-content\/uploads\/2021\/04\/hospital-brasilandia.jpg\"><img loading=\"lazy\" decoding=\"async\" class=\"alignnone size-medium wp-image-45991\" src=\"https:\/\/regiaonews.net.br\/2022\/wp-content\/uploads\/2021\/04\/hospital-brasilandia-300x200.jpg\" alt=\"\" width=\"300\" height=\"200\" \/><\/a><\/p>\n<p data-track-category=\"Link no Texto\" data-track-links=\"\">fonte : G1<\/p>\n<\/div>\n<\/div>\n<\/div>\n","protected":false},"excerpt":{"rendered":"<p>Sem medicamentos para seda\u00e7\u00e3o de pacientes intubados, m\u00e9dicos do Hospital<\/p>\n","protected":false},"author":2,"featured_media":45990,"comment_status":"open","ping_status":"open","sticky":false,"template":"","format":"standard","meta":{"footnotes":""},"categories":[25,29],"tags":[],"class_list":["post-45989","post","type-post","status-publish","format-standard","has-post-thumbnail","hentry","category-cidades","category-sao-paulo"],"yoast_head":"<!-- This site is optimized with the Yoast SEO plugin v27.4 - https:\/\/yoast.com\/product\/yoast-seo-wordpress\/ -->\n<title>Pacientes intubados s\u00e3o amarrados por falta de medicamentos, dizem m\u00e9dicos de hospital da Zona Norte de SP - Regi\u00e3o News<\/title>\n<meta name=\"robots\" content=\"index, follow, max-snippet:-1, max-image-preview:large, max-video-preview:-1\" \/>\n<link rel=\"canonical\" href=\"https:\/\/regiaonews.net.br\/2022\/2021\/04\/26\/pacientes-intubados-sao-amarrados-por-falta-de-medicamentos-dizem-medicos-de-hospital-da-zona-norte-de-sp\/\" \/>\n<meta property=\"og:locale\" content=\"pt_BR\" \/>\n<meta property=\"og:type\" content=\"article\" \/>\n<meta property=\"og:title\" content=\"Pacientes intubados s\u00e3o amarrados por falta de medicamentos, dizem m\u00e9dicos de hospital da Zona Norte de SP - Regi\u00e3o News\" \/>\n<meta property=\"og:description\" content=\"Sem medicamentos para seda\u00e7\u00e3o de pacientes intubados, m\u00e9dicos do Hospital\" \/>\n<meta property=\"og:url\" content=\"https:\/\/regiaonews.net.br\/2022\/2021\/04\/26\/pacientes-intubados-sao-amarrados-por-falta-de-medicamentos-dizem-medicos-de-hospital-da-zona-norte-de-sp\/\" \/>\n<meta property=\"og:site_name\" content=\"Regi\u00e3o News\" \/>\n<meta property=\"article:published_time\" content=\"2021-04-26T23:48:47+00:00\" \/>\n<meta property=\"og:image\" content=\"https:\/\/regiaonews.net.br\/2022\/wp-content\/uploads\/2021\/04\/118060237-3-1.jpeg\" \/>\n\t<meta property=\"og:image:width\" content=\"984\" \/>\n\t<meta property=\"og:image:height\" content=\"554\" \/>\n\t<meta property=\"og:image:type\" content=\"image\/jpeg\" \/>\n<meta name=\"author\" content=\"Roberto\" \/>\n<meta name=\"twitter:card\" content=\"summary_large_image\" \/>\n<meta name=\"twitter:label1\" content=\"Escrito por\" \/>\n\t<meta name=\"twitter:data1\" content=\"Roberto\" \/>\n\t<meta name=\"twitter:label2\" content=\"Est. tempo de leitura\" \/>\n\t<meta name=\"twitter:data2\" content=\"1 minuto\" \/>\n<script type=\"application\/ld+json\" class=\"yoast-schema-graph\">{\"@context\":\"https:\\\/\\\/schema.org\",\"@graph\":[{\"@type\":\"Article\",\"@id\":\"https:\\\/\\\/regiaonews.net.br\\\/2022\\\/2021\\\/04\\\/26\\\/pacientes-intubados-sao-amarrados-por-falta-de-medicamentos-dizem-medicos-de-hospital-da-zona-norte-de-sp\\\/#article\",\"isPartOf\":{\"@id\":\"https:\\\/\\\/regiaonews.net.br\\\/2022\\\/2021\\\/04\\\/26\\\/pacientes-intubados-sao-amarrados-por-falta-de-medicamentos-dizem-medicos-de-hospital-da-zona-norte-de-sp\\\/\"},\"author\":{\"name\":\"Roberto\",\"@id\":\"https:\\\/\\\/regiaonews.net.br\\\/2022\\\/#\\\/schema\\\/person\\\/2d205a608a5aa97ac279d7a5e6d89ad8\"},\"headline\":\"Pacientes intubados s\u00e3o amarrados por falta de medicamentos, dizem m\u00e9dicos de hospital da Zona Norte de SP\",\"datePublished\":\"2021-04-26T23:48:47+00:00\",\"mainEntityOfPage\":{\"@id\":\"https:\\\/\\\/regiaonews.net.br\\\/2022\\\/2021\\\/04\\\/26\\\/pacientes-intubados-sao-amarrados-por-falta-de-medicamentos-dizem-medicos-de-hospital-da-zona-norte-de-sp\\\/\"},\"wordCount\":299,\"commentCount\":0,\"publisher\":{\"@id\":\"https:\\\/\\\/regiaonews.net.br\\\/2022\\\/#organization\"},\"image\":{\"@id\":\"https:\\\/\\\/regiaonews.net.br\\\/2022\\\/2021\\\/04\\\/26\\\/pacientes-intubados-sao-amarrados-por-falta-de-medicamentos-dizem-medicos-de-hospital-da-zona-norte-de-sp\\\/#primaryimage\"},\"thumbnailUrl\":\"https:\\\/\\\/regiaonews.net.br\\\/2022\\\/wp-content\\\/uploads\\\/2021\\\/04\\\/118060237-3-1.jpeg\",\"articleSection\":[\"Cidades\",\"S\u00e3o Paulo\"],\"inLanguage\":\"pt-BR\",\"potentialAction\":[{\"@type\":\"CommentAction\",\"name\":\"Comment\",\"target\":[\"https:\\\/\\\/regiaonews.net.br\\\/2022\\\/2021\\\/04\\\/26\\\/pacientes-intubados-sao-amarrados-por-falta-de-medicamentos-dizem-medicos-de-hospital-da-zona-norte-de-sp\\\/#respond\"]}]},{\"@type\":\"WebPage\",\"@id\":\"https:\\\/\\\/regiaonews.net.br\\\/2022\\\/2021\\\/04\\\/26\\\/pacientes-intubados-sao-amarrados-por-falta-de-medicamentos-dizem-medicos-de-hospital-da-zona-norte-de-sp\\\/\",\"url\":\"https:\\\/\\\/regiaonews.net.br\\\/2022\\\/2021\\\/04\\\/26\\\/pacientes-intubados-sao-amarrados-por-falta-de-medicamentos-dizem-medicos-de-hospital-da-zona-norte-de-sp\\\/\",\"name\":\"Pacientes intubados s\u00e3o amarrados por falta de medicamentos, dizem m\u00e9dicos de hospital da Zona Norte de SP - Regi\u00e3o News\",\"isPartOf\":{\"@id\":\"https:\\\/\\\/regiaonews.net.br\\\/2022\\\/#website\"},\"primaryImageOfPage\":{\"@id\":\"https:\\\/\\\/regiaonews.net.br\\\/2022\\\/2021\\\/04\\\/26\\\/pacientes-intubados-sao-amarrados-por-falta-de-medicamentos-dizem-medicos-de-hospital-da-zona-norte-de-sp\\\/#primaryimage\"},\"image\":{\"@id\":\"https:\\\/\\\/regiaonews.net.br\\\/2022\\\/2021\\\/04\\\/26\\\/pacientes-intubados-sao-amarrados-por-falta-de-medicamentos-dizem-medicos-de-hospital-da-zona-norte-de-sp\\\/#primaryimage\"},\"thumbnailUrl\":\"https:\\\/\\\/regiaonews.net.br\\\/2022\\\/wp-content\\\/uploads\\\/2021\\\/04\\\/118060237-3-1.jpeg\",\"datePublished\":\"2021-04-26T23:48:47+00:00\",\"breadcrumb\":{\"@id\":\"https:\\\/\\\/regiaonews.net.br\\\/2022\\\/2021\\\/04\\\/26\\\/pacientes-intubados-sao-amarrados-por-falta-de-medicamentos-dizem-medicos-de-hospital-da-zona-norte-de-sp\\\/#breadcrumb\"},\"inLanguage\":\"pt-BR\",\"potentialAction\":[{\"@type\":\"ReadAction\",\"target\":[\"https:\\\/\\\/regiaonews.net.br\\\/2022\\\/2021\\\/04\\\/26\\\/pacientes-intubados-sao-amarrados-por-falta-de-medicamentos-dizem-medicos-de-hospital-da-zona-norte-de-sp\\\/\"]}]},{\"@type\":\"ImageObject\",\"inLanguage\":\"pt-BR\",\"@id\":\"https:\\\/\\\/regiaonews.net.br\\\/2022\\\/2021\\\/04\\\/26\\\/pacientes-intubados-sao-amarrados-por-falta-de-medicamentos-dizem-medicos-de-hospital-da-zona-norte-de-sp\\\/#primaryimage\",\"url\":\"https:\\\/\\\/regiaonews.net.br\\\/2022\\\/wp-content\\\/uploads\\\/2021\\\/04\\\/118060237-3-1.jpeg\",\"contentUrl\":\"https:\\\/\\\/regiaonews.net.br\\\/2022\\\/wp-content\\\/uploads\\\/2021\\\/04\\\/118060237-3-1.jpeg\",\"width\":984,\"height\":554},{\"@type\":\"BreadcrumbList\",\"@id\":\"https:\\\/\\\/regiaonews.net.br\\\/2022\\\/2021\\\/04\\\/26\\\/pacientes-intubados-sao-amarrados-por-falta-de-medicamentos-dizem-medicos-de-hospital-da-zona-norte-de-sp\\\/#breadcrumb\",\"itemListElement\":[{\"@type\":\"ListItem\",\"position\":1,\"name\":\"In\u00edcio\",\"item\":\"https:\\\/\\\/regiaonews.net.br\\\/2022\\\/\"},{\"@type\":\"ListItem\",\"position\":2,\"name\":\"Pacientes intubados s\u00e3o amarrados por falta de medicamentos, dizem m\u00e9dicos de hospital da Zona Norte de SP\"}]},{\"@type\":\"WebSite\",\"@id\":\"https:\\\/\\\/regiaonews.net.br\\\/2022\\\/#website\",\"url\":\"https:\\\/\\\/regiaonews.net.br\\\/2022\\\/\",\"name\":\"Regi\u00e3o News\",\"description\":\"Site de Not\u00edcias de Barretos e regi\u00e3o\",\"publisher\":{\"@id\":\"https:\\\/\\\/regiaonews.net.br\\\/2022\\\/#organization\"},\"potentialAction\":[{\"@type\":\"SearchAction\",\"target\":{\"@type\":\"EntryPoint\",\"urlTemplate\":\"https:\\\/\\\/regiaonews.net.br\\\/2022\\\/?s={search_term_string}\"},\"query-input\":{\"@type\":\"PropertyValueSpecification\",\"valueRequired\":true,\"valueName\":\"search_term_string\"}}],\"inLanguage\":\"pt-BR\"},{\"@type\":\"Organization\",\"@id\":\"https:\\\/\\\/regiaonews.net.br\\\/2022\\\/#organization\",\"name\":\"Regi\u00e3o News\",\"url\":\"https:\\\/\\\/regiaonews.net.br\\\/2022\\\/\",\"logo\":{\"@type\":\"ImageObject\",\"inLanguage\":\"pt-BR\",\"@id\":\"https:\\\/\\\/regiaonews.net.br\\\/2022\\\/#\\\/schema\\\/logo\\\/image\\\/\",\"url\":\"https:\\\/\\\/regiaonews.net.br\\\/2022\\\/wp-content\\\/uploads\\\/2026\\\/03\\\/regiao-13-anos-scaled.jpg\",\"contentUrl\":\"https:\\\/\\\/regiaonews.net.br\\\/2022\\\/wp-content\\\/uploads\\\/2026\\\/03\\\/regiao-13-anos-scaled.jpg\",\"width\":2560,\"height\":635,\"caption\":\"Regi\u00e3o News\"},\"image\":{\"@id\":\"https:\\\/\\\/regiaonews.net.br\\\/2022\\\/#\\\/schema\\\/logo\\\/image\\\/\"}},{\"@type\":\"Person\",\"@id\":\"https:\\\/\\\/regiaonews.net.br\\\/2022\\\/#\\\/schema\\\/person\\\/2d205a608a5aa97ac279d7a5e6d89ad8\",\"name\":\"Roberto\",\"image\":{\"@type\":\"ImageObject\",\"inLanguage\":\"pt-BR\",\"@id\":\"https:\\\/\\\/secure.gravatar.com\\\/avatar\\\/42749d8b712ff9d59ca93dc150494e5b55a44134482993f5baeb97e61b7ecc89?s=96&d=mm&r=g\",\"url\":\"https:\\\/\\\/secure.gravatar.com\\\/avatar\\\/42749d8b712ff9d59ca93dc150494e5b55a44134482993f5baeb97e61b7ecc89?s=96&d=mm&r=g\",\"contentUrl\":\"https:\\\/\\\/secure.gravatar.com\\\/avatar\\\/42749d8b712ff9d59ca93dc150494e5b55a44134482993f5baeb97e61b7ecc89?s=96&d=mm&r=g\",\"caption\":\"Roberto\"},\"url\":\"https:\\\/\\\/regiaonews.net.br\\\/2022\\\/author\\\/roberto\\\/\"}]}<\/script>\n<!-- \/ Yoast SEO plugin. -->","yoast_head_json":{"title":"Pacientes intubados s\u00e3o amarrados por falta de medicamentos, dizem m\u00e9dicos de hospital da Zona Norte de SP - Regi\u00e3o News","robots":{"index":"index","follow":"follow","max-snippet":"max-snippet:-1","max-image-preview":"max-image-preview:large","max-video-preview":"max-video-preview:-1"},"canonical":"https:\/\/regiaonews.net.br\/2022\/2021\/04\/26\/pacientes-intubados-sao-amarrados-por-falta-de-medicamentos-dizem-medicos-de-hospital-da-zona-norte-de-sp\/","og_locale":"pt_BR","og_type":"article","og_title":"Pacientes intubados s\u00e3o amarrados por falta de medicamentos, dizem m\u00e9dicos de hospital da Zona Norte de SP - Regi\u00e3o News","og_description":"Sem medicamentos para seda\u00e7\u00e3o de pacientes intubados, m\u00e9dicos do Hospital","og_url":"https:\/\/regiaonews.net.br\/2022\/2021\/04\/26\/pacientes-intubados-sao-amarrados-por-falta-de-medicamentos-dizem-medicos-de-hospital-da-zona-norte-de-sp\/","og_site_name":"Regi\u00e3o News","article_published_time":"2021-04-26T23:48:47+00:00","og_image":[{"width":984,"height":554,"url":"https:\/\/regiaonews.net.br\/2022\/wp-content\/uploads\/2021\/04\/118060237-3-1.jpeg","type":"image\/jpeg"}],"author":"Roberto","twitter_card":"summary_large_image","twitter_misc":{"Escrito por":"Roberto","Est. tempo de leitura":"1 minuto"},"schema":{"@context":"https:\/\/schema.org","@graph":[{"@type":"Article","@id":"https:\/\/regiaonews.net.br\/2022\/2021\/04\/26\/pacientes-intubados-sao-amarrados-por-falta-de-medicamentos-dizem-medicos-de-hospital-da-zona-norte-de-sp\/#article","isPartOf":{"@id":"https:\/\/regiaonews.net.br\/2022\/2021\/04\/26\/pacientes-intubados-sao-amarrados-por-falta-de-medicamentos-dizem-medicos-de-hospital-da-zona-norte-de-sp\/"},"author":{"name":"Roberto","@id":"https:\/\/regiaonews.net.br\/2022\/#\/schema\/person\/2d205a608a5aa97ac279d7a5e6d89ad8"},"headline":"Pacientes intubados s\u00e3o amarrados por falta de medicamentos, dizem m\u00e9dicos de hospital da Zona Norte de SP","datePublished":"2021-04-26T23:48:47+00:00","mainEntityOfPage":{"@id":"https:\/\/regiaonews.net.br\/2022\/2021\/04\/26\/pacientes-intubados-sao-amarrados-por-falta-de-medicamentos-dizem-medicos-de-hospital-da-zona-norte-de-sp\/"},"wordCount":299,"commentCount":0,"publisher":{"@id":"https:\/\/regiaonews.net.br\/2022\/#organization"},"image":{"@id":"https:\/\/regiaonews.net.br\/2022\/2021\/04\/26\/pacientes-intubados-sao-amarrados-por-falta-de-medicamentos-dizem-medicos-de-hospital-da-zona-norte-de-sp\/#primaryimage"},"thumbnailUrl":"https:\/\/regiaonews.net.br\/2022\/wp-content\/uploads\/2021\/04\/118060237-3-1.jpeg","articleSection":["Cidades","S\u00e3o Paulo"],"inLanguage":"pt-BR","potentialAction":[{"@type":"CommentAction","name":"Comment","target":["https:\/\/regiaonews.net.br\/2022\/2021\/04\/26\/pacientes-intubados-sao-amarrados-por-falta-de-medicamentos-dizem-medicos-de-hospital-da-zona-norte-de-sp\/#respond"]}]},{"@type":"WebPage","@id":"https:\/\/regiaonews.net.br\/2022\/2021\/04\/26\/pacientes-intubados-sao-amarrados-por-falta-de-medicamentos-dizem-medicos-de-hospital-da-zona-norte-de-sp\/","url":"https:\/\/regiaonews.net.br\/2022\/2021\/04\/26\/pacientes-intubados-sao-amarrados-por-falta-de-medicamentos-dizem-medicos-de-hospital-da-zona-norte-de-sp\/","name":"Pacientes intubados s\u00e3o amarrados por falta de medicamentos, dizem m\u00e9dicos de hospital da Zona Norte de SP - Regi\u00e3o News","isPartOf":{"@id":"https:\/\/regiaonews.net.br\/2022\/#website"},"primaryImageOfPage":{"@id":"https:\/\/regiaonews.net.br\/2022\/2021\/04\/26\/pacientes-intubados-sao-amarrados-por-falta-de-medicamentos-dizem-medicos-de-hospital-da-zona-norte-de-sp\/#primaryimage"},"image":{"@id":"https:\/\/regiaonews.net.br\/2022\/2021\/04\/26\/pacientes-intubados-sao-amarrados-por-falta-de-medicamentos-dizem-medicos-de-hospital-da-zona-norte-de-sp\/#primaryimage"},"thumbnailUrl":"https:\/\/regiaonews.net.br\/2022\/wp-content\/uploads\/2021\/04\/118060237-3-1.jpeg","datePublished":"2021-04-26T23:48:47+00:00","breadcrumb":{"@id":"https:\/\/regiaonews.net.br\/2022\/2021\/04\/26\/pacientes-intubados-sao-amarrados-por-falta-de-medicamentos-dizem-medicos-de-hospital-da-zona-norte-de-sp\/#breadcrumb"},"inLanguage":"pt-BR","potentialAction":[{"@type":"ReadAction","target":["https:\/\/regiaonews.net.br\/2022\/2021\/04\/26\/pacientes-intubados-sao-amarrados-por-falta-de-medicamentos-dizem-medicos-de-hospital-da-zona-norte-de-sp\/"]}]},{"@type":"ImageObject","inLanguage":"pt-BR","@id":"https:\/\/regiaonews.net.br\/2022\/2021\/04\/26\/pacientes-intubados-sao-amarrados-por-falta-de-medicamentos-dizem-medicos-de-hospital-da-zona-norte-de-sp\/#primaryimage","url":"https:\/\/regiaonews.net.br\/2022\/wp-content\/uploads\/2021\/04\/118060237-3-1.jpeg","contentUrl":"https:\/\/regiaonews.net.br\/2022\/wp-content\/uploads\/2021\/04\/118060237-3-1.jpeg","width":984,"height":554},{"@type":"BreadcrumbList","@id":"https:\/\/regiaonews.net.br\/2022\/2021\/04\/26\/pacientes-intubados-sao-amarrados-por-falta-de-medicamentos-dizem-medicos-de-hospital-da-zona-norte-de-sp\/#breadcrumb","itemListElement":[{"@type":"ListItem","position":1,"name":"In\u00edcio","item":"https:\/\/regiaonews.net.br\/2022\/"},{"@type":"ListItem","position":2,"name":"Pacientes intubados s\u00e3o amarrados por falta de medicamentos, dizem m\u00e9dicos de hospital da Zona Norte de SP"}]},{"@type":"WebSite","@id":"https:\/\/regiaonews.net.br\/2022\/#website","url":"https:\/\/regiaonews.net.br\/2022\/","name":"Regi\u00e3o News","description":"Site de Not\u00edcias de Barretos e regi\u00e3o","publisher":{"@id":"https:\/\/regiaonews.net.br\/2022\/#organization"},"potentialAction":[{"@type":"SearchAction","target":{"@type":"EntryPoint","urlTemplate":"https:\/\/regiaonews.net.br\/2022\/?s={search_term_string}"},"query-input":{"@type":"PropertyValueSpecification","valueRequired":true,"valueName":"search_term_string"}}],"inLanguage":"pt-BR"},{"@type":"Organization","@id":"https:\/\/regiaonews.net.br\/2022\/#organization","name":"Regi\u00e3o News","url":"https:\/\/regiaonews.net.br\/2022\/","logo":{"@type":"ImageObject","inLanguage":"pt-BR","@id":"https:\/\/regiaonews.net.br\/2022\/#\/schema\/logo\/image\/","url":"https:\/\/regiaonews.net.br\/2022\/wp-content\/uploads\/2026\/03\/regiao-13-anos-scaled.jpg","contentUrl":"https:\/\/regiaonews.net.br\/2022\/wp-content\/uploads\/2026\/03\/regiao-13-anos-scaled.jpg","width":2560,"height":635,"caption":"Regi\u00e3o News"},"image":{"@id":"https:\/\/regiaonews.net.br\/2022\/#\/schema\/logo\/image\/"}},{"@type":"Person","@id":"https:\/\/regiaonews.net.br\/2022\/#\/schema\/person\/2d205a608a5aa97ac279d7a5e6d89ad8","name":"Roberto","image":{"@type":"ImageObject","inLanguage":"pt-BR","@id":"https:\/\/secure.gravatar.com\/avatar\/42749d8b712ff9d59ca93dc150494e5b55a44134482993f5baeb97e61b7ecc89?s=96&d=mm&r=g","url":"https:\/\/secure.gravatar.com\/avatar\/42749d8b712ff9d59ca93dc150494e5b55a44134482993f5baeb97e61b7ecc89?s=96&d=mm&r=g","contentUrl":"https:\/\/secure.gravatar.com\/avatar\/42749d8b712ff9d59ca93dc150494e5b55a44134482993f5baeb97e61b7ecc89?s=96&d=mm&r=g","caption":"Roberto"},"url":"https:\/\/regiaonews.net.br\/2022\/author\/roberto\/"}]}},"publishpress_future_action":{"enabled":false,"date":"2026-05-04 12:04:41","action":"change-status","newStatus":"draft","terms":[],"taxonomy":"category","extraData":[]},"publishpress_future_workflow_manual_trigger":{"enabledWorkflows":[]},"_links":{"self":[{"href":"https:\/\/regiaonews.net.br\/2022\/wp-json\/wp\/v2\/posts\/45989","targetHints":{"allow":["GET"]}}],"collection":[{"href":"https:\/\/regiaonews.net.br\/2022\/wp-json\/wp\/v2\/posts"}],"about":[{"href":"https:\/\/regiaonews.net.br\/2022\/wp-json\/wp\/v2\/types\/post"}],"author":[{"embeddable":true,"href":"https:\/\/regiaonews.net.br\/2022\/wp-json\/wp\/v2\/users\/2"}],"replies":[{"embeddable":true,"href":"https:\/\/regiaonews.net.br\/2022\/wp-json\/wp\/v2\/comments?post=45989"}],"version-history":[{"count":0,"href":"https:\/\/regiaonews.net.br\/2022\/wp-json\/wp\/v2\/posts\/45989\/revisions"}],"wp:featuredmedia":[{"embeddable":true,"href":"https:\/\/regiaonews.net.br\/2022\/wp-json\/wp\/v2\/media\/45990"}],"wp:attachment":[{"href":"https:\/\/regiaonews.net.br\/2022\/wp-json\/wp\/v2\/media?parent=45989"}],"wp:term":[{"taxonomy":"category","embeddable":true,"href":"https:\/\/regiaonews.net.br\/2022\/wp-json\/wp\/v2\/categories?post=45989"},{"taxonomy":"post_tag","embeddable":true,"href":"https:\/\/regiaonews.net.br\/2022\/wp-json\/wp\/v2\/tags?post=45989"}],"curies":[{"name":"wp","href":"https:\/\/api.w.org\/{rel}","templated":true}]}}