{"id":45986,"date":"2021-04-26T20:26:07","date_gmt":"2021-04-26T23:26:07","guid":{"rendered":"https:\/\/regiaonews.net.br\/2022\/?p=45986"},"modified":"2021-04-26T20:26:07","modified_gmt":"2021-04-26T23:26:07","slug":"unifeb-esta-com-inscricoes-abertas-para-selecao-de-bolsas-em-programas-de-pesquisa-para-graduandos","status":"publish","type":"post","link":"https:\/\/regiaonews.net.br\/2022\/2021\/04\/26\/unifeb-esta-com-inscricoes-abertas-para-selecao-de-bolsas-em-programas-de-pesquisa-para-graduandos\/","title":{"rendered":"UNIFEB est\u00e1 com inscri\u00e7\u00f5es abertas para sele\u00e7\u00e3o de bolsas em programas de pesquisa para graduandos\u00a0"},"content":{"rendered":"<p class=\"xmsonormal\" style=\"margin-bottom: 8.0pt; line-height: 106%;\">\n<p class=\"xmsonormal\" style=\"margin-bottom: 8.0pt; line-height: 106%;\"><span style=\"color: black;\">\u00a0 <a href=\"https:\/\/regiaonews.net.br\/2022\/wp-content\/uploads\/2021\/04\/Alunas-em-Laboratorio-do-UNIFEB-scaled.jpg\"><img loading=\"lazy\" decoding=\"async\" class=\"alignnone size-medium wp-image-45987\" src=\"https:\/\/regiaonews.net.br\/2022\/wp-content\/uploads\/2021\/04\/Alunas-em-Laboratorio-do-UNIFEB-300x169.jpg\" alt=\"\" width=\"300\" height=\"169\" \/><\/a><\/span><\/p>\n<p class=\"xmsonormal\" style=\"margin-bottom: 8.0pt; line-height: 106%;\"><b><i><span style=\"color: black;\">Os programas com editais abertos s\u00e3o o PIBIC e PIBIT cujas inscri\u00e7\u00f5es encerram em 10 de maio\u00a0\u00a0<\/span><\/i><\/b><\/p>\n<p class=\"xmsonormal\" style=\"margin-bottom: 8.0pt; line-height: 106%;\"><span style=\"color: black;\">\u00a0<\/span><\/p>\n<p class=\"xmsonormal\" style=\"margin-bottom: 8.0pt; line-height: 106%;\"><b><i><span style=\"color: black;\">Barretos, 26 de abril de 2021<\/span><\/i><\/b><span style=\"color: black;\"> &#8211; O UNIFEB (Centro Universit\u00e1rio da Funda\u00e7\u00e3o Educacional de Barretos) desenvolve por meio da \u00c1rea de P\u00f3s-Gradua\u00e7\u00e3o e Pesquisa programas em n\u00edvel de gradua\u00e7\u00e3o que s\u00e3o coordenados pelo professor Matheus Henares. Atualmente, o PIBIC e o PIBIT est\u00e3o com editais abertos e contemplam bolsas de R$ 200,00 para graduandos da institui\u00e7\u00e3o que sejam aprovados no processo seletivo.\u00a0\u00a0<\/span><\/p>\n<p class=\"xmsonormal\" style=\"margin-bottom: 8.0pt; line-height: 106%;\"><span style=\"color: black;\">De acordo com Henares, o PIBIC (Programa Institucional de Bolsa de Inicia\u00e7\u00e3o Cient\u00edfica) e o PIBIT (Programa Institucional de Bolsas de Inicia\u00e7\u00e3o ao Desenvolvimento Tecnol\u00f3gico, Inova\u00e7\u00e3o e Empreendedorismo)\u00a0s\u00e3o programas destinados aos alunos de gradua\u00e7\u00e3o. \u201cO PIBIC\u00a0\u00e9 centrado na inicia\u00e7\u00e3o cient\u00edfica de novos talentos, em todas as \u00e1reas do conhecimento, e visa o desenvolvimento do pensamento cient\u00edfico e \u00e0 inicia\u00e7\u00e3o da pesquisa cient\u00edfica em n\u00edvel de gradua\u00e7\u00e3o, por alunos do UNIFEB ou de institui\u00e7\u00f5es parceiras. O PIBIC contribui como um instrumento de melhoria na forma\u00e7\u00e3o acad\u00eamica, despertando nos estudantes voca\u00e7\u00f5es cient\u00edficas, al\u00e9m de estimular o seu envolvimento em projetos de pesquisa que lhes propiciem contato com t\u00e9cnicas e m\u00e9todos cient\u00edficos\u201d, explicou.\u00a0\u00a0<\/span><\/p>\n<p class=\"xmsonormal\" style=\"margin-bottom: 8.0pt; line-height: 106%;\"><span style=\"color: black;\">J\u00e1 em rela\u00e7\u00e3o ao PIBIT, o coordenador destaca que o centro da pesquisa \u00e9 no desenvolvimento de tecnologias inovadoras em todas as \u00e1reas do conhecimento. \u201cEste programa visa estimular os estudantes do ensino superior ao desenvolvimento e transfer\u00eancia de conhecimento em novas tecnologias, inova\u00e7\u00e3o e empreendedorismo. Tal como o PIBIC, o\u00a0PIBIT\u00a0contribui como um instrumento de melhoria na forma\u00e7\u00e3o acad\u00eamica despertando nos estudantes, voca\u00e7\u00f5es relacionadas ao desenvolvimento tecnol\u00f3gico, inova\u00e7\u00e3o, al\u00e9m de estimular o envolvimento em projetos que lhes propiciem contato com t\u00e9cnicas e m\u00e9todos cient\u00edficos\u201d, destacou Henares.\u00a0\u00a0<\/span><\/p>\n<p class=\"xmsonormal\" style=\"margin-bottom: 8.0pt; line-height: 106%;\"><span style=\"color: black;\">Os editais de ambos os programas est\u00e3o abertos e as inscri\u00e7\u00f5es seguem at\u00e9 o dia 10 de maio. Para o PIBIC s\u00e3o seis bolsas e para o PIBIT est\u00e3o disponibilizadas duas bolsas. \u201cPodem participar alunos regularmente\u00a0matriculados nos cursos de gradua\u00e7\u00e3o do UNIFEB, que possuem orientador e projeto de pesquisa ou desenvolvimento de tecnologia elaborados conforme normas estabelecidas no Edital\u201d, ressaltou o coordenador Henares.\u00a0\u00a0<\/span><\/p>\n<p class=\"xmsonormal\" style=\"margin-bottom: 8.0pt; line-height: 106%;\"><span style=\"color: black;\">As bolsas, cujo valor estabelecido \u00e9 de R$ 200,00, s\u00e3o pagas mensalmente e servem para incentivar a participa\u00e7\u00e3o do aluno em eventos cient\u00edficos ou na aquisi\u00e7\u00e3o de material para ampliar seus conhecimentos, tais como livros, programas e e-books.\u00a0\u00a0<\/span><\/p>\n<p class=\"xmsonormal\" style=\"margin-bottom: 8.0pt; line-height: 106%;\"><span style=\"color: black;\">Segundo Henares, o desenvolvimento de projetos de inicia\u00e7\u00e3o cient\u00edfica e de desenvolvimento tecnol\u00f3gico, inova\u00e7\u00e3o e empreendedorismo s\u00e3o fundamentais para a complementa\u00e7\u00e3o da forma\u00e7\u00e3o acad\u00eamica do aluno. \u201cEstes projetos possibilitam a conviv\u00eancia do aluno com outros pesquisadores, com t\u00e9cnicas de an\u00e1lise estat\u00edsticas, experimenta\u00e7\u00e3o, reda\u00e7\u00e3o cient\u00edfica e t\u00e9cnica, al\u00e9m de despertar voca\u00e7\u00e3o cient\u00edfica;\u00a0tamb\u00e9m contribui para a forma\u00e7\u00e3o de recursos humanos para a pesquisa nas diversas aplica\u00e7\u00f5es do conhecimento;\u00a0estimula maior articula\u00e7\u00e3o entre a gradua\u00e7\u00e3o e p\u00f3s-gradua\u00e7\u00e3o;\u00a0estimula pesquisadores produtivos a envolverem alunos de gradua\u00e7\u00e3o nas atividades cient\u00edfica, tecnol\u00f3gica e art\u00edstico-cultural;\u00a0proporciona ao estudante aprendizagem de t\u00e9cnicas e m\u00e9todos de pesquisa, bem como estimula o desenvolvimento do pensar cientificamente e da criatividade, decorrentes das condi\u00e7\u00f5es criadas pelo confronto direto com os problemas de pesquisa;\u00a0al\u00e9m de ampliar o acesso e a integra\u00e7\u00e3o do estudante \u00e0 cultura cient\u00edfica\u201d, destacou.\u00a0\u00a0<\/span><\/p>\n<p class=\"xmsonormal\" style=\"margin-bottom: 8.0pt; line-height: 106%;\"><span style=\"color: black;\">Mais informa\u00e7\u00f5es sobre os programas podem ser obtidas pelos links\u00a0<a href=\"http:\/\/www.unifeb.edu.br\/pos-graduacao\/iniciacao-cientifica-pibic\" target=\"_blank\" rel=\"noopener\">http:\/\/www.unifeb.edu.br\/pos-graduacao\/iniciacao-cientifica-pibic<\/a>\u00a0ou\u00a0<a href=\"http:\/\/www.unifeb.edu.br\/pos-graduacao\/iniciacao-tecnologica-pibit\" target=\"_blank\" rel=\"noopener\">http:\/\/www.unifeb.edu.br\/pos-graduacao\/iniciacao-tecnologica-pibit<\/a>.\u00a0\u00a0<\/span><\/p>\n<p class=\"xmsonormal\" style=\"margin-bottom: 8.0pt; line-height: 106%;\"><span style=\"color: black;\">\u00a0<\/span><\/p>\n","protected":false},"excerpt":{"rendered":"<p>\u00a0 Os programas com editais abertos s\u00e3o o PIBIC e<\/p>\n","protected":false},"author":2,"featured_media":45987,"comment_status":"open","ping_status":"open","sticky":false,"template":"","format":"standard","meta":{"footnotes":""},"categories":[14,25,98],"tags":[],"class_list":["post-45986","post","type-post","status-publish","format-standard","has-post-thumbnail","hentry","category-barretos","category-cidades","category-educacao-educacao"],"yoast_head":"<!-- This site is optimized with the Yoast SEO plugin v27.4 - https:\/\/yoast.com\/product\/yoast-seo-wordpress\/ -->\n<title>UNIFEB est\u00e1 com inscri\u00e7\u00f5es abertas para sele\u00e7\u00e3o de bolsas em programas de pesquisa para graduandos\u00a0 - Regi\u00e3o News<\/title>\n<meta name=\"robots\" content=\"index, follow, max-snippet:-1, max-image-preview:large, max-video-preview:-1\" \/>\n<link rel=\"canonical\" href=\"https:\/\/regiaonews.net.br\/2022\/2021\/04\/26\/unifeb-esta-com-inscricoes-abertas-para-selecao-de-bolsas-em-programas-de-pesquisa-para-graduandos\/\" \/>\n<meta property=\"og:locale\" content=\"pt_BR\" \/>\n<meta property=\"og:type\" content=\"article\" \/>\n<meta property=\"og:title\" content=\"UNIFEB est\u00e1 com inscri\u00e7\u00f5es abertas para sele\u00e7\u00e3o de bolsas em programas de pesquisa para graduandos\u00a0 - Regi\u00e3o News\" \/>\n<meta property=\"og:description\" content=\"\u00a0 Os programas com editais abertos s\u00e3o o PIBIC e\" \/>\n<meta property=\"og:url\" content=\"https:\/\/regiaonews.net.br\/2022\/2021\/04\/26\/unifeb-esta-com-inscricoes-abertas-para-selecao-de-bolsas-em-programas-de-pesquisa-para-graduandos\/\" \/>\n<meta property=\"og:site_name\" content=\"Regi\u00e3o News\" \/>\n<meta property=\"article:published_time\" content=\"2021-04-26T23:26:07+00:00\" \/>\n<meta property=\"og:image\" content=\"https:\/\/regiaonews.net.br\/2022\/wp-content\/uploads\/2021\/04\/Alunas-em-Laboratorio-do-UNIFEB-scaled.jpg\" \/>\n\t<meta property=\"og:image:width\" content=\"5344\" \/>\n\t<meta property=\"og:image:height\" content=\"3006\" \/>\n\t<meta property=\"og:image:type\" content=\"image\/jpeg\" \/>\n<meta name=\"author\" content=\"Roberto\" \/>\n<meta name=\"twitter:card\" content=\"summary_large_image\" \/>\n<meta name=\"twitter:label1\" content=\"Escrito por\" \/>\n\t<meta name=\"twitter:data1\" content=\"Roberto\" \/>\n\t<meta name=\"twitter:label2\" content=\"Est. tempo de leitura\" \/>\n\t<meta name=\"twitter:data2\" content=\"3 minutos\" \/>\n<script type=\"application\/ld+json\" class=\"yoast-schema-graph\">{\"@context\":\"https:\\\/\\\/schema.org\",\"@graph\":[{\"@type\":\"Article\",\"@id\":\"https:\\\/\\\/regiaonews.net.br\\\/2022\\\/2021\\\/04\\\/26\\\/unifeb-esta-com-inscricoes-abertas-para-selecao-de-bolsas-em-programas-de-pesquisa-para-graduandos\\\/#article\",\"isPartOf\":{\"@id\":\"https:\\\/\\\/regiaonews.net.br\\\/2022\\\/2021\\\/04\\\/26\\\/unifeb-esta-com-inscricoes-abertas-para-selecao-de-bolsas-em-programas-de-pesquisa-para-graduandos\\\/\"},\"author\":{\"name\":\"Roberto\",\"@id\":\"https:\\\/\\\/regiaonews.net.br\\\/2022\\\/#\\\/schema\\\/person\\\/2d205a608a5aa97ac279d7a5e6d89ad8\"},\"headline\":\"UNIFEB est\u00e1 com inscri\u00e7\u00f5es abertas para sele\u00e7\u00e3o de bolsas em programas de pesquisa para graduandos\u00a0\",\"datePublished\":\"2021-04-26T23:26:07+00:00\",\"mainEntityOfPage\":{\"@id\":\"https:\\\/\\\/regiaonews.net.br\\\/2022\\\/2021\\\/04\\\/26\\\/unifeb-esta-com-inscricoes-abertas-para-selecao-de-bolsas-em-programas-de-pesquisa-para-graduandos\\\/\"},\"wordCount\":641,\"commentCount\":0,\"publisher\":{\"@id\":\"https:\\\/\\\/regiaonews.net.br\\\/2022\\\/#organization\"},\"image\":{\"@id\":\"https:\\\/\\\/regiaonews.net.br\\\/2022\\\/2021\\\/04\\\/26\\\/unifeb-esta-com-inscricoes-abertas-para-selecao-de-bolsas-em-programas-de-pesquisa-para-graduandos\\\/#primaryimage\"},\"thumbnailUrl\":\"https:\\\/\\\/regiaonews.net.br\\\/2022\\\/wp-content\\\/uploads\\\/2021\\\/04\\\/Alunas-em-Laboratorio-do-UNIFEB-scaled.jpg\",\"articleSection\":[\"Barretos\",\"Cidades\",\"Educa\u00e7\u00e3o\"],\"inLanguage\":\"pt-BR\",\"potentialAction\":[{\"@type\":\"CommentAction\",\"name\":\"Comment\",\"target\":[\"https:\\\/\\\/regiaonews.net.br\\\/2022\\\/2021\\\/04\\\/26\\\/unifeb-esta-com-inscricoes-abertas-para-selecao-de-bolsas-em-programas-de-pesquisa-para-graduandos\\\/#respond\"]}]},{\"@type\":\"WebPage\",\"@id\":\"https:\\\/\\\/regiaonews.net.br\\\/2022\\\/2021\\\/04\\\/26\\\/unifeb-esta-com-inscricoes-abertas-para-selecao-de-bolsas-em-programas-de-pesquisa-para-graduandos\\\/\",\"url\":\"https:\\\/\\\/regiaonews.net.br\\\/2022\\\/2021\\\/04\\\/26\\\/unifeb-esta-com-inscricoes-abertas-para-selecao-de-bolsas-em-programas-de-pesquisa-para-graduandos\\\/\",\"name\":\"UNIFEB est\u00e1 com inscri\u00e7\u00f5es abertas para sele\u00e7\u00e3o de bolsas em programas de pesquisa para graduandos\u00a0 - Regi\u00e3o News\",\"isPartOf\":{\"@id\":\"https:\\\/\\\/regiaonews.net.br\\\/2022\\\/#website\"},\"primaryImageOfPage\":{\"@id\":\"https:\\\/\\\/regiaonews.net.br\\\/2022\\\/2021\\\/04\\\/26\\\/unifeb-esta-com-inscricoes-abertas-para-selecao-de-bolsas-em-programas-de-pesquisa-para-graduandos\\\/#primaryimage\"},\"image\":{\"@id\":\"https:\\\/\\\/regiaonews.net.br\\\/2022\\\/2021\\\/04\\\/26\\\/unifeb-esta-com-inscricoes-abertas-para-selecao-de-bolsas-em-programas-de-pesquisa-para-graduandos\\\/#primaryimage\"},\"thumbnailUrl\":\"https:\\\/\\\/regiaonews.net.br\\\/2022\\\/wp-content\\\/uploads\\\/2021\\\/04\\\/Alunas-em-Laboratorio-do-UNIFEB-scaled.jpg\",\"datePublished\":\"2021-04-26T23:26:07+00:00\",\"breadcrumb\":{\"@id\":\"https:\\\/\\\/regiaonews.net.br\\\/2022\\\/2021\\\/04\\\/26\\\/unifeb-esta-com-inscricoes-abertas-para-selecao-de-bolsas-em-programas-de-pesquisa-para-graduandos\\\/#breadcrumb\"},\"inLanguage\":\"pt-BR\",\"potentialAction\":[{\"@type\":\"ReadAction\",\"target\":[\"https:\\\/\\\/regiaonews.net.br\\\/2022\\\/2021\\\/04\\\/26\\\/unifeb-esta-com-inscricoes-abertas-para-selecao-de-bolsas-em-programas-de-pesquisa-para-graduandos\\\/\"]}]},{\"@type\":\"ImageObject\",\"inLanguage\":\"pt-BR\",\"@id\":\"https:\\\/\\\/regiaonews.net.br\\\/2022\\\/2021\\\/04\\\/26\\\/unifeb-esta-com-inscricoes-abertas-para-selecao-de-bolsas-em-programas-de-pesquisa-para-graduandos\\\/#primaryimage\",\"url\":\"https:\\\/\\\/regiaonews.net.br\\\/2022\\\/wp-content\\\/uploads\\\/2021\\\/04\\\/Alunas-em-Laboratorio-do-UNIFEB-scaled.jpg\",\"contentUrl\":\"https:\\\/\\\/regiaonews.net.br\\\/2022\\\/wp-content\\\/uploads\\\/2021\\\/04\\\/Alunas-em-Laboratorio-do-UNIFEB-scaled.jpg\",\"width\":5344,\"height\":3006},{\"@type\":\"BreadcrumbList\",\"@id\":\"https:\\\/\\\/regiaonews.net.br\\\/2022\\\/2021\\\/04\\\/26\\\/unifeb-esta-com-inscricoes-abertas-para-selecao-de-bolsas-em-programas-de-pesquisa-para-graduandos\\\/#breadcrumb\",\"itemListElement\":[{\"@type\":\"ListItem\",\"position\":1,\"name\":\"In\u00edcio\",\"item\":\"https:\\\/\\\/regiaonews.net.br\\\/2022\\\/\"},{\"@type\":\"ListItem\",\"position\":2,\"name\":\"UNIFEB est\u00e1 com inscri\u00e7\u00f5es abertas para sele\u00e7\u00e3o de bolsas em programas de pesquisa para graduandos\u00a0\"}]},{\"@type\":\"WebSite\",\"@id\":\"https:\\\/\\\/regiaonews.net.br\\\/2022\\\/#website\",\"url\":\"https:\\\/\\\/regiaonews.net.br\\\/2022\\\/\",\"name\":\"Regi\u00e3o News\",\"description\":\"Site de Not\u00edcias de Barretos e regi\u00e3o\",\"publisher\":{\"@id\":\"https:\\\/\\\/regiaonews.net.br\\\/2022\\\/#organization\"},\"potentialAction\":[{\"@type\":\"SearchAction\",\"target\":{\"@type\":\"EntryPoint\",\"urlTemplate\":\"https:\\\/\\\/regiaonews.net.br\\\/2022\\\/?s={search_term_string}\"},\"query-input\":{\"@type\":\"PropertyValueSpecification\",\"valueRequired\":true,\"valueName\":\"search_term_string\"}}],\"inLanguage\":\"pt-BR\"},{\"@type\":\"Organization\",\"@id\":\"https:\\\/\\\/regiaonews.net.br\\\/2022\\\/#organization\",\"name\":\"Regi\u00e3o News\",\"url\":\"https:\\\/\\\/regiaonews.net.br\\\/2022\\\/\",\"logo\":{\"@type\":\"ImageObject\",\"inLanguage\":\"pt-BR\",\"@id\":\"https:\\\/\\\/regiaonews.net.br\\\/2022\\\/#\\\/schema\\\/logo\\\/image\\\/\",\"url\":\"https:\\\/\\\/regiaonews.net.br\\\/2022\\\/wp-content\\\/uploads\\\/2026\\\/03\\\/regiao-13-anos-scaled.jpg\",\"contentUrl\":\"https:\\\/\\\/regiaonews.net.br\\\/2022\\\/wp-content\\\/uploads\\\/2026\\\/03\\\/regiao-13-anos-scaled.jpg\",\"width\":2560,\"height\":635,\"caption\":\"Regi\u00e3o News\"},\"image\":{\"@id\":\"https:\\\/\\\/regiaonews.net.br\\\/2022\\\/#\\\/schema\\\/logo\\\/image\\\/\"}},{\"@type\":\"Person\",\"@id\":\"https:\\\/\\\/regiaonews.net.br\\\/2022\\\/#\\\/schema\\\/person\\\/2d205a608a5aa97ac279d7a5e6d89ad8\",\"name\":\"Roberto\",\"image\":{\"@type\":\"ImageObject\",\"inLanguage\":\"pt-BR\",\"@id\":\"https:\\\/\\\/secure.gravatar.com\\\/avatar\\\/42749d8b712ff9d59ca93dc150494e5b55a44134482993f5baeb97e61b7ecc89?s=96&d=mm&r=g\",\"url\":\"https:\\\/\\\/secure.gravatar.com\\\/avatar\\\/42749d8b712ff9d59ca93dc150494e5b55a44134482993f5baeb97e61b7ecc89?s=96&d=mm&r=g\",\"contentUrl\":\"https:\\\/\\\/secure.gravatar.com\\\/avatar\\\/42749d8b712ff9d59ca93dc150494e5b55a44134482993f5baeb97e61b7ecc89?s=96&d=mm&r=g\",\"caption\":\"Roberto\"},\"url\":\"https:\\\/\\\/regiaonews.net.br\\\/2022\\\/author\\\/roberto\\\/\"}]}<\/script>\n<!-- \/ Yoast SEO plugin. -->","yoast_head_json":{"title":"UNIFEB est\u00e1 com inscri\u00e7\u00f5es abertas para sele\u00e7\u00e3o de bolsas em programas de pesquisa para graduandos\u00a0 - Regi\u00e3o News","robots":{"index":"index","follow":"follow","max-snippet":"max-snippet:-1","max-image-preview":"max-image-preview:large","max-video-preview":"max-video-preview:-1"},"canonical":"https:\/\/regiaonews.net.br\/2022\/2021\/04\/26\/unifeb-esta-com-inscricoes-abertas-para-selecao-de-bolsas-em-programas-de-pesquisa-para-graduandos\/","og_locale":"pt_BR","og_type":"article","og_title":"UNIFEB est\u00e1 com inscri\u00e7\u00f5es abertas para sele\u00e7\u00e3o de bolsas em programas de pesquisa para graduandos\u00a0 - Regi\u00e3o News","og_description":"\u00a0 Os programas com editais abertos s\u00e3o o PIBIC e","og_url":"https:\/\/regiaonews.net.br\/2022\/2021\/04\/26\/unifeb-esta-com-inscricoes-abertas-para-selecao-de-bolsas-em-programas-de-pesquisa-para-graduandos\/","og_site_name":"Regi\u00e3o News","article_published_time":"2021-04-26T23:26:07+00:00","og_image":[{"width":5344,"height":3006,"url":"https:\/\/regiaonews.net.br\/2022\/wp-content\/uploads\/2021\/04\/Alunas-em-Laboratorio-do-UNIFEB-scaled.jpg","type":"image\/jpeg"}],"author":"Roberto","twitter_card":"summary_large_image","twitter_misc":{"Escrito por":"Roberto","Est. tempo de leitura":"3 minutos"},"schema":{"@context":"https:\/\/schema.org","@graph":[{"@type":"Article","@id":"https:\/\/regiaonews.net.br\/2022\/2021\/04\/26\/unifeb-esta-com-inscricoes-abertas-para-selecao-de-bolsas-em-programas-de-pesquisa-para-graduandos\/#article","isPartOf":{"@id":"https:\/\/regiaonews.net.br\/2022\/2021\/04\/26\/unifeb-esta-com-inscricoes-abertas-para-selecao-de-bolsas-em-programas-de-pesquisa-para-graduandos\/"},"author":{"name":"Roberto","@id":"https:\/\/regiaonews.net.br\/2022\/#\/schema\/person\/2d205a608a5aa97ac279d7a5e6d89ad8"},"headline":"UNIFEB est\u00e1 com inscri\u00e7\u00f5es abertas para sele\u00e7\u00e3o de bolsas em programas de pesquisa para graduandos\u00a0","datePublished":"2021-04-26T23:26:07+00:00","mainEntityOfPage":{"@id":"https:\/\/regiaonews.net.br\/2022\/2021\/04\/26\/unifeb-esta-com-inscricoes-abertas-para-selecao-de-bolsas-em-programas-de-pesquisa-para-graduandos\/"},"wordCount":641,"commentCount":0,"publisher":{"@id":"https:\/\/regiaonews.net.br\/2022\/#organization"},"image":{"@id":"https:\/\/regiaonews.net.br\/2022\/2021\/04\/26\/unifeb-esta-com-inscricoes-abertas-para-selecao-de-bolsas-em-programas-de-pesquisa-para-graduandos\/#primaryimage"},"thumbnailUrl":"https:\/\/regiaonews.net.br\/2022\/wp-content\/uploads\/2021\/04\/Alunas-em-Laboratorio-do-UNIFEB-scaled.jpg","articleSection":["Barretos","Cidades","Educa\u00e7\u00e3o"],"inLanguage":"pt-BR","potentialAction":[{"@type":"CommentAction","name":"Comment","target":["https:\/\/regiaonews.net.br\/2022\/2021\/04\/26\/unifeb-esta-com-inscricoes-abertas-para-selecao-de-bolsas-em-programas-de-pesquisa-para-graduandos\/#respond"]}]},{"@type":"WebPage","@id":"https:\/\/regiaonews.net.br\/2022\/2021\/04\/26\/unifeb-esta-com-inscricoes-abertas-para-selecao-de-bolsas-em-programas-de-pesquisa-para-graduandos\/","url":"https:\/\/regiaonews.net.br\/2022\/2021\/04\/26\/unifeb-esta-com-inscricoes-abertas-para-selecao-de-bolsas-em-programas-de-pesquisa-para-graduandos\/","name":"UNIFEB est\u00e1 com inscri\u00e7\u00f5es abertas para sele\u00e7\u00e3o de bolsas em programas de pesquisa para graduandos\u00a0 - Regi\u00e3o News","isPartOf":{"@id":"https:\/\/regiaonews.net.br\/2022\/#website"},"primaryImageOfPage":{"@id":"https:\/\/regiaonews.net.br\/2022\/2021\/04\/26\/unifeb-esta-com-inscricoes-abertas-para-selecao-de-bolsas-em-programas-de-pesquisa-para-graduandos\/#primaryimage"},"image":{"@id":"https:\/\/regiaonews.net.br\/2022\/2021\/04\/26\/unifeb-esta-com-inscricoes-abertas-para-selecao-de-bolsas-em-programas-de-pesquisa-para-graduandos\/#primaryimage"},"thumbnailUrl":"https:\/\/regiaonews.net.br\/2022\/wp-content\/uploads\/2021\/04\/Alunas-em-Laboratorio-do-UNIFEB-scaled.jpg","datePublished":"2021-04-26T23:26:07+00:00","breadcrumb":{"@id":"https:\/\/regiaonews.net.br\/2022\/2021\/04\/26\/unifeb-esta-com-inscricoes-abertas-para-selecao-de-bolsas-em-programas-de-pesquisa-para-graduandos\/#breadcrumb"},"inLanguage":"pt-BR","potentialAction":[{"@type":"ReadAction","target":["https:\/\/regiaonews.net.br\/2022\/2021\/04\/26\/unifeb-esta-com-inscricoes-abertas-para-selecao-de-bolsas-em-programas-de-pesquisa-para-graduandos\/"]}]},{"@type":"ImageObject","inLanguage":"pt-BR","@id":"https:\/\/regiaonews.net.br\/2022\/2021\/04\/26\/unifeb-esta-com-inscricoes-abertas-para-selecao-de-bolsas-em-programas-de-pesquisa-para-graduandos\/#primaryimage","url":"https:\/\/regiaonews.net.br\/2022\/wp-content\/uploads\/2021\/04\/Alunas-em-Laboratorio-do-UNIFEB-scaled.jpg","contentUrl":"https:\/\/regiaonews.net.br\/2022\/wp-content\/uploads\/2021\/04\/Alunas-em-Laboratorio-do-UNIFEB-scaled.jpg","width":5344,"height":3006},{"@type":"BreadcrumbList","@id":"https:\/\/regiaonews.net.br\/2022\/2021\/04\/26\/unifeb-esta-com-inscricoes-abertas-para-selecao-de-bolsas-em-programas-de-pesquisa-para-graduandos\/#breadcrumb","itemListElement":[{"@type":"ListItem","position":1,"name":"In\u00edcio","item":"https:\/\/regiaonews.net.br\/2022\/"},{"@type":"ListItem","position":2,"name":"UNIFEB est\u00e1 com inscri\u00e7\u00f5es abertas para sele\u00e7\u00e3o de bolsas em programas de pesquisa para graduandos\u00a0"}]},{"@type":"WebSite","@id":"https:\/\/regiaonews.net.br\/2022\/#website","url":"https:\/\/regiaonews.net.br\/2022\/","name":"Regi\u00e3o News","description":"Site de Not\u00edcias de Barretos e regi\u00e3o","publisher":{"@id":"https:\/\/regiaonews.net.br\/2022\/#organization"},"potentialAction":[{"@type":"SearchAction","target":{"@type":"EntryPoint","urlTemplate":"https:\/\/regiaonews.net.br\/2022\/?s={search_term_string}"},"query-input":{"@type":"PropertyValueSpecification","valueRequired":true,"valueName":"search_term_string"}}],"inLanguage":"pt-BR"},{"@type":"Organization","@id":"https:\/\/regiaonews.net.br\/2022\/#organization","name":"Regi\u00e3o News","url":"https:\/\/regiaonews.net.br\/2022\/","logo":{"@type":"ImageObject","inLanguage":"pt-BR","@id":"https:\/\/regiaonews.net.br\/2022\/#\/schema\/logo\/image\/","url":"https:\/\/regiaonews.net.br\/2022\/wp-content\/uploads\/2026\/03\/regiao-13-anos-scaled.jpg","contentUrl":"https:\/\/regiaonews.net.br\/2022\/wp-content\/uploads\/2026\/03\/regiao-13-anos-scaled.jpg","width":2560,"height":635,"caption":"Regi\u00e3o News"},"image":{"@id":"https:\/\/regiaonews.net.br\/2022\/#\/schema\/logo\/image\/"}},{"@type":"Person","@id":"https:\/\/regiaonews.net.br\/2022\/#\/schema\/person\/2d205a608a5aa97ac279d7a5e6d89ad8","name":"Roberto","image":{"@type":"ImageObject","inLanguage":"pt-BR","@id":"https:\/\/secure.gravatar.com\/avatar\/42749d8b712ff9d59ca93dc150494e5b55a44134482993f5baeb97e61b7ecc89?s=96&d=mm&r=g","url":"https:\/\/secure.gravatar.com\/avatar\/42749d8b712ff9d59ca93dc150494e5b55a44134482993f5baeb97e61b7ecc89?s=96&d=mm&r=g","contentUrl":"https:\/\/secure.gravatar.com\/avatar\/42749d8b712ff9d59ca93dc150494e5b55a44134482993f5baeb97e61b7ecc89?s=96&d=mm&r=g","caption":"Roberto"},"url":"https:\/\/regiaonews.net.br\/2022\/author\/roberto\/"}]}},"publishpress_future_action":{"enabled":false,"date":"2026-05-04 13:31:17","action":"change-status","newStatus":"draft","terms":[],"taxonomy":"category","extraData":[]},"publishpress_future_workflow_manual_trigger":{"enabledWorkflows":[]},"_links":{"self":[{"href":"https:\/\/regiaonews.net.br\/2022\/wp-json\/wp\/v2\/posts\/45986","targetHints":{"allow":["GET"]}}],"collection":[{"href":"https:\/\/regiaonews.net.br\/2022\/wp-json\/wp\/v2\/posts"}],"about":[{"href":"https:\/\/regiaonews.net.br\/2022\/wp-json\/wp\/v2\/types\/post"}],"author":[{"embeddable":true,"href":"https:\/\/regiaonews.net.br\/2022\/wp-json\/wp\/v2\/users\/2"}],"replies":[{"embeddable":true,"href":"https:\/\/regiaonews.net.br\/2022\/wp-json\/wp\/v2\/comments?post=45986"}],"version-history":[{"count":0,"href":"https:\/\/regiaonews.net.br\/2022\/wp-json\/wp\/v2\/posts\/45986\/revisions"}],"wp:featuredmedia":[{"embeddable":true,"href":"https:\/\/regiaonews.net.br\/2022\/wp-json\/wp\/v2\/media\/45987"}],"wp:attachment":[{"href":"https:\/\/regiaonews.net.br\/2022\/wp-json\/wp\/v2\/media?parent=45986"}],"wp:term":[{"taxonomy":"category","embeddable":true,"href":"https:\/\/regiaonews.net.br\/2022\/wp-json\/wp\/v2\/categories?post=45986"},{"taxonomy":"post_tag","embeddable":true,"href":"https:\/\/regiaonews.net.br\/2022\/wp-json\/wp\/v2\/tags?post=45986"}],"curies":[{"name":"wp","href":"https:\/\/api.w.org\/{rel}","templated":true}]}}