{"id":45915,"date":"2021-04-25T09:56:22","date_gmt":"2021-04-25T12:56:22","guid":{"rendered":"https:\/\/regiaonews.net.br\/2022\/?p=45915"},"modified":"2021-04-25T09:58:39","modified_gmt":"2021-04-25T12:58:39","slug":"numero-de-denuncias-online-de-violencia-domestica-bate-recorde-em-marco-no-estado-de-sp","status":"publish","type":"post","link":"https:\/\/regiaonews.net.br\/2022\/2021\/04\/25\/numero-de-denuncias-online-de-violencia-domestica-bate-recorde-em-marco-no-estado-de-sp\/","title":{"rendered":"N\u00famero de den\u00fancias online de viol\u00eancia dom\u00e9stica bate recorde em mar\u00e7o no estado de SP"},"content":{"rendered":"<p><a href=\"https:\/\/regiaonews.net.br\/2022\/wp-content\/uploads\/2021\/04\/etapaextra-jetta-1080x1080_Prancheta-1.jpg\"><img loading=\"lazy\" decoding=\"async\" class=\"alignnone size-medium wp-image-45500\" src=\"https:\/\/regiaonews.net.br\/2022\/wp-content\/uploads\/2021\/04\/etapaextra-jetta-1080x1080_Prancheta-1-300x300.jpg\" alt=\"\" width=\"300\" height=\"300\" \/><\/a><\/p>\n<p><a href=\"https:\/\/regiaonews.net.br\/2022\/wp-content\/uploads\/2021\/04\/17545869.jpg\"><img loading=\"lazy\" decoding=\"async\" class=\"alignnone size-medium wp-image-45570\" src=\"https:\/\/regiaonews.net.br\/2022\/wp-content\/uploads\/2021\/04\/17545869-300x200.jpg\" alt=\"\" width=\"300\" height=\"200\" \/><\/a><\/p>\n<p class=\"content-head__subtitle\">Foram quase 3 mil registros em todo o estado, quatrocentos a mais do que o recorde anterior, registrado em janeiro.<\/p>\n<div class=\"mc-column content-text active-extra-styles \" data-block-type=\"unstyled\" data-block-weight=\"35\" data-block-id=\"2\">\n<p class=\"content-text__container \" data-track-category=\"Link no Texto\" data-track-links=\"\">O n\u00famero de mulheres que procuraram a pol\u00edcia para fazer den\u00fancias pela internet depois de sofrer viol\u00eancia dom\u00e9stica bateu recorde em mar\u00e7o no estado de S\u00e3o Paulo, segundo dados da Secretaria Estadual da Seguran\u00e7a P\u00fablica.<\/p>\n<\/div>\n<div class=\"wall protected-content\">\n<div class=\"mc-column content-text active-extra-styles \" data-block-type=\"unstyled\" data-block-weight=\"40\" data-block-id=\"3\">\n<p class=\"content-text__container \" data-track-category=\"Link no Texto\" data-track-links=\"\">Foram quase 3 mil registros em todo o estado (2.828), quatrocentos a mais do que o recorde anterior, que havia sido registrado em janeiro deste ano. Em m\u00e9dia, o valor \u00e9 equivalente a um caso a cada dezesseis minutos.<\/p>\n<\/div>\n<div class=\"mc-column content-text active-extra-styles \" data-block-type=\"unstyled\" data-block-weight=\"22\" data-block-id=\"4\">\n<p class=\"content-text__container \" data-track-category=\"Link no Texto\" data-track-links=\"\">Os n\u00fameros levam em conta apenas os registros online,\u00a0<a href=\"https:\/\/g1.globo.com\/sp\/sao-paulo\/noticia\/2020\/04\/03\/policia-de-sp-comeca-a-registrar-crimes-de-violencia-domestica-pela-internet-para-auxiliar-vitimas-durante-quarentena.ghtml\">que come\u00e7aram a valer em mar\u00e7o do ano passado<\/a>, no in\u00edcio da pandemia.<\/p>\n<\/div>\n<div class=\"mc-column content-text active-extra-styles \" data-block-type=\"unstyled\" data-block-weight=\"40\" data-block-id=\"5\">\n<p class=\"content-text__container \" data-track-category=\"Link no Texto\" data-track-links=\"\">A viol\u00eancia dentro de casa de uma das v\u00edtimas durou dois anos. Foram amea\u00e7as e agress\u00f5es, f\u00edsicas e verbais. A mulher, que n\u00e3o ser\u00e1 identificada por seguran\u00e7a, resolveu procurar ajuda da pol\u00edcia quando o companheiro levou uma arma para casa.<\/p>\n<\/div>\n<div class=\"mc-column content-text active-extra-styles \" data-block-type=\"unstyled\" data-block-weight=\"24\" data-block-id=\"6\">\n<p class=\"content-text__container \" data-track-category=\"Link no Texto\" data-track-links=\"\">\u201cN\u00e3o posso falar com ningu\u00e9m, ter contato visual com ningu\u00e9m. Se ele achar que eu estou olhando pra algu\u00e9m ele j\u00e1 pode surtar\u201d, afirma.<\/p>\n<\/div>\n<div class=\"mc-column content-text active-extra-styles \" data-block-type=\"unstyled\" data-block-weight=\"37\" data-block-id=\"7\">\n<p class=\"content-text__container \" data-track-category=\"Link no Texto\" data-track-links=\"\">Foram dois boletins de ocorr\u00eancia em seguida feitos pelo celular, e a pol\u00edcia apareceu no port\u00e3o da casa dela. \u201cQuando eu vi a luz l\u00e1 fora eu fiquei bem mais tranquila. Deu uma sensa\u00e7\u00e3o de al\u00edvio, sabe?\u201d<\/p>\n<\/div>\n<div class=\"mc-column content-text active-extra-styles \" data-block-type=\"unstyled\" data-block-weight=\"28\" data-block-id=\"8\">\n<p class=\"content-text__container \" data-track-category=\"Link no Texto\" data-track-links=\"\">Os casos de viol\u00eancia dom\u00e9stica se repetem no estado. Nesta sexta-feira (23), um homem agrediu a mulher, que est\u00e1 gr\u00e1vida, em S\u00e3o Vicente, no Litoral do estado.<\/p>\n<\/div>\n<div class=\"mc-column content-text active-extra-styles \" data-block-type=\"unstyled\" data-block-weight=\"28\" data-block-id=\"10\">\n<p class=\"content-text__container \" data-track-category=\"Link no Texto\" data-track-links=\"\">Vizinhas apareceram para ajudar, mas uma delas foi atropelada pelo agressor. Na fuga, ele ainda arrebentou o port\u00e3o do condom\u00ednio. A vizinha quebrou a perna e est\u00e1 internada.<\/p>\n<\/div>\n<div class=\"mc-column content-text active-extra-styles \" data-block-type=\"unstyled\" data-block-weight=\"18\" data-block-id=\"11\">\n<p class=\"content-text__container \" data-track-category=\"Link no Texto\" data-track-links=\"\">A coordenadora da Delegacia da Mulher (DDM) online, M\u00f4nica Pescamora, afirma que os casos est\u00e3o aumentando em 2021.<\/p>\n<\/div>\n<div class=\"mc-column content-text active-extra-styles \" data-block-type=\"unstyled\" data-block-weight=\"50\" data-block-id=\"12\">\n<p class=\"content-text__container \" data-track-category=\"Link no Texto\" data-track-links=\"\">\u201c\u00c9 um crescimento percept\u00edvel. De abril at\u00e9 dezembro [de 2020], tivemos 16 mil registros. E de janeiro a abril, estamos falando de quase 9 mil ocorr\u00eancias. Ent\u00e3o j\u00e1 demonstra o crescimento ainda maior. Em um turno de 12 horas j\u00e1 foram registrados mais de 150 boletins de ocorr\u00eancia\u201d, diz.<\/p>\n<\/div>\n<div class=\"mc-column content-text active-extra-styles \" data-block-type=\"unstyled\" data-block-weight=\"37\" data-block-id=\"13\">\n<p class=\"content-text__container \" data-track-category=\"Link no Texto\" data-track-links=\"\">A Casa da Mulher Brasileira, no Cambuci, regi\u00e3o Central da capital, tamb\u00e9m percebeu um aumento de atendimentos nos \u00faltimos meses. O local oferece acolhimento a essas v\u00edtimas, inclusive com alojamento provis\u00f3rio para quem precisa sair de casa.<\/p>\n<\/div>\n<div class=\"mc-column content-text active-extra-styles \" data-block-type=\"unstyled\" data-block-weight=\"61\" data-block-id=\"14\">\n<p class=\"content-text__container \" data-track-category=\"Link no Texto\" data-track-links=\"\">&#8220;Muitas mulheres ainda sofrem os preconceitos da sociedade. Elas s\u00e3o culpabilizadas porque n\u00e3o querem pedir ajuda ou porque &#8216;est\u00e3o acostumadas a viver essa viol\u00eancia&#8217;, &#8216;est\u00e3o acostumadas a apanhar&#8217;, \u00e9 terr\u00edvel esse tipo de pensamento, mas elas ainda s\u00e3o afligidas com esse tipo de fala e esse tipo de repert\u00f3rio\u201d, diz a coordenadora da Casa da Mulher Brasileira, Ana Cristina de Souza.<\/p>\n<p data-track-category=\"Link no Texto\" data-track-links=\"\">fonte : G1<\/p>\n<p data-track-category=\"Link no Texto\" data-track-links=\"\"><a href=\"https:\/\/regiaonews.net.br\/2022\/wp-content\/uploads\/2021\/04\/images-3.jpeg\"><img loading=\"lazy\" decoding=\"async\" class=\"alignnone size-full wp-image-45476\" src=\"https:\/\/regiaonews.net.br\/2022\/wp-content\/uploads\/2021\/04\/images-3.jpeg\" alt=\"\" width=\"225\" height=\"225\" \/><\/a><\/p>\n<\/div>\n<\/div>\n","protected":false},"excerpt":{"rendered":"<p>Foram quase 3 mil registros em todo o estado, quatrocentos<\/p>\n","protected":false},"author":2,"featured_media":45570,"comment_status":"open","ping_status":"open","sticky":false,"template":"","format":"standard","meta":{"footnotes":""},"categories":[25,7,23],"tags":[],"class_list":["post-45915","post","type-post","status-publish","format-standard","has-post-thumbnail","hentry","category-cidades","category-estado-de-sao-paulo","category-policia"],"yoast_head":"<!-- This site is optimized with the Yoast SEO plugin v27.4 - https:\/\/yoast.com\/product\/yoast-seo-wordpress\/ -->\n<title>N\u00famero de den\u00fancias online de viol\u00eancia dom\u00e9stica bate recorde em mar\u00e7o no estado de SP - Regi\u00e3o News<\/title>\n<meta name=\"robots\" content=\"index, follow, max-snippet:-1, max-image-preview:large, max-video-preview:-1\" \/>\n<link rel=\"canonical\" href=\"https:\/\/regiaonews.net.br\/2022\/2021\/04\/25\/numero-de-denuncias-online-de-violencia-domestica-bate-recorde-em-marco-no-estado-de-sp\/\" \/>\n<meta property=\"og:locale\" content=\"pt_BR\" \/>\n<meta property=\"og:type\" content=\"article\" \/>\n<meta property=\"og:title\" content=\"N\u00famero de den\u00fancias online de viol\u00eancia dom\u00e9stica bate recorde em mar\u00e7o no estado de SP - Regi\u00e3o News\" \/>\n<meta property=\"og:description\" content=\"Foram quase 3 mil registros em todo o estado, quatrocentos\" \/>\n<meta property=\"og:url\" content=\"https:\/\/regiaonews.net.br\/2022\/2021\/04\/25\/numero-de-denuncias-online-de-violencia-domestica-bate-recorde-em-marco-no-estado-de-sp\/\" \/>\n<meta property=\"og:site_name\" content=\"Regi\u00e3o News\" \/>\n<meta property=\"article:published_time\" content=\"2021-04-25T12:56:22+00:00\" \/>\n<meta property=\"article:modified_time\" content=\"2021-04-25T12:58:39+00:00\" \/>\n<meta property=\"og:image\" content=\"https:\/\/regiaonews.net.br\/2022\/wp-content\/uploads\/2021\/04\/17545869.jpg\" \/>\n\t<meta property=\"og:image:width\" content=\"700\" \/>\n\t<meta property=\"og:image:height\" content=\"466\" \/>\n\t<meta property=\"og:image:type\" content=\"image\/jpeg\" \/>\n<meta name=\"author\" content=\"Roberto\" \/>\n<meta name=\"twitter:card\" content=\"summary_large_image\" \/>\n<meta name=\"twitter:label1\" content=\"Escrito por\" \/>\n\t<meta name=\"twitter:data1\" content=\"Roberto\" \/>\n\t<meta name=\"twitter:label2\" content=\"Est. tempo de leitura\" \/>\n\t<meta name=\"twitter:data2\" content=\"2 minutos\" \/>\n<script type=\"application\/ld+json\" class=\"yoast-schema-graph\">{\"@context\":\"https:\\\/\\\/schema.org\",\"@graph\":[{\"@type\":\"Article\",\"@id\":\"https:\\\/\\\/regiaonews.net.br\\\/2022\\\/2021\\\/04\\\/25\\\/numero-de-denuncias-online-de-violencia-domestica-bate-recorde-em-marco-no-estado-de-sp\\\/#article\",\"isPartOf\":{\"@id\":\"https:\\\/\\\/regiaonews.net.br\\\/2022\\\/2021\\\/04\\\/25\\\/numero-de-denuncias-online-de-violencia-domestica-bate-recorde-em-marco-no-estado-de-sp\\\/\"},\"author\":{\"name\":\"Roberto\",\"@id\":\"https:\\\/\\\/regiaonews.net.br\\\/2022\\\/#\\\/schema\\\/person\\\/2d205a608a5aa97ac279d7a5e6d89ad8\"},\"headline\":\"N\u00famero de den\u00fancias online de viol\u00eancia dom\u00e9stica bate recorde em mar\u00e7o no estado de SP\",\"datePublished\":\"2021-04-25T12:56:22+00:00\",\"dateModified\":\"2021-04-25T12:58:39+00:00\",\"mainEntityOfPage\":{\"@id\":\"https:\\\/\\\/regiaonews.net.br\\\/2022\\\/2021\\\/04\\\/25\\\/numero-de-denuncias-online-de-violencia-domestica-bate-recorde-em-marco-no-estado-de-sp\\\/\"},\"wordCount\":501,\"commentCount\":0,\"publisher\":{\"@id\":\"https:\\\/\\\/regiaonews.net.br\\\/2022\\\/#organization\"},\"image\":{\"@id\":\"https:\\\/\\\/regiaonews.net.br\\\/2022\\\/2021\\\/04\\\/25\\\/numero-de-denuncias-online-de-violencia-domestica-bate-recorde-em-marco-no-estado-de-sp\\\/#primaryimage\"},\"thumbnailUrl\":\"https:\\\/\\\/regiaonews.net.br\\\/2022\\\/wp-content\\\/uploads\\\/2021\\\/04\\\/17545869.jpg\",\"articleSection\":[\"Cidades\",\"Estado de S\u00e3o Paulo\",\"Policia\"],\"inLanguage\":\"pt-BR\",\"potentialAction\":[{\"@type\":\"CommentAction\",\"name\":\"Comment\",\"target\":[\"https:\\\/\\\/regiaonews.net.br\\\/2022\\\/2021\\\/04\\\/25\\\/numero-de-denuncias-online-de-violencia-domestica-bate-recorde-em-marco-no-estado-de-sp\\\/#respond\"]}]},{\"@type\":\"WebPage\",\"@id\":\"https:\\\/\\\/regiaonews.net.br\\\/2022\\\/2021\\\/04\\\/25\\\/numero-de-denuncias-online-de-violencia-domestica-bate-recorde-em-marco-no-estado-de-sp\\\/\",\"url\":\"https:\\\/\\\/regiaonews.net.br\\\/2022\\\/2021\\\/04\\\/25\\\/numero-de-denuncias-online-de-violencia-domestica-bate-recorde-em-marco-no-estado-de-sp\\\/\",\"name\":\"N\u00famero de den\u00fancias online de viol\u00eancia dom\u00e9stica bate recorde em mar\u00e7o no estado de SP - Regi\u00e3o News\",\"isPartOf\":{\"@id\":\"https:\\\/\\\/regiaonews.net.br\\\/2022\\\/#website\"},\"primaryImageOfPage\":{\"@id\":\"https:\\\/\\\/regiaonews.net.br\\\/2022\\\/2021\\\/04\\\/25\\\/numero-de-denuncias-online-de-violencia-domestica-bate-recorde-em-marco-no-estado-de-sp\\\/#primaryimage\"},\"image\":{\"@id\":\"https:\\\/\\\/regiaonews.net.br\\\/2022\\\/2021\\\/04\\\/25\\\/numero-de-denuncias-online-de-violencia-domestica-bate-recorde-em-marco-no-estado-de-sp\\\/#primaryimage\"},\"thumbnailUrl\":\"https:\\\/\\\/regiaonews.net.br\\\/2022\\\/wp-content\\\/uploads\\\/2021\\\/04\\\/17545869.jpg\",\"datePublished\":\"2021-04-25T12:56:22+00:00\",\"dateModified\":\"2021-04-25T12:58:39+00:00\",\"breadcrumb\":{\"@id\":\"https:\\\/\\\/regiaonews.net.br\\\/2022\\\/2021\\\/04\\\/25\\\/numero-de-denuncias-online-de-violencia-domestica-bate-recorde-em-marco-no-estado-de-sp\\\/#breadcrumb\"},\"inLanguage\":\"pt-BR\",\"potentialAction\":[{\"@type\":\"ReadAction\",\"target\":[\"https:\\\/\\\/regiaonews.net.br\\\/2022\\\/2021\\\/04\\\/25\\\/numero-de-denuncias-online-de-violencia-domestica-bate-recorde-em-marco-no-estado-de-sp\\\/\"]}]},{\"@type\":\"ImageObject\",\"inLanguage\":\"pt-BR\",\"@id\":\"https:\\\/\\\/regiaonews.net.br\\\/2022\\\/2021\\\/04\\\/25\\\/numero-de-denuncias-online-de-violencia-domestica-bate-recorde-em-marco-no-estado-de-sp\\\/#primaryimage\",\"url\":\"https:\\\/\\\/regiaonews.net.br\\\/2022\\\/wp-content\\\/uploads\\\/2021\\\/04\\\/17545869.jpg\",\"contentUrl\":\"https:\\\/\\\/regiaonews.net.br\\\/2022\\\/wp-content\\\/uploads\\\/2021\\\/04\\\/17545869.jpg\",\"width\":700,\"height\":466},{\"@type\":\"BreadcrumbList\",\"@id\":\"https:\\\/\\\/regiaonews.net.br\\\/2022\\\/2021\\\/04\\\/25\\\/numero-de-denuncias-online-de-violencia-domestica-bate-recorde-em-marco-no-estado-de-sp\\\/#breadcrumb\",\"itemListElement\":[{\"@type\":\"ListItem\",\"position\":1,\"name\":\"In\u00edcio\",\"item\":\"https:\\\/\\\/regiaonews.net.br\\\/2022\\\/\"},{\"@type\":\"ListItem\",\"position\":2,\"name\":\"N\u00famero de den\u00fancias online de viol\u00eancia dom\u00e9stica bate recorde em mar\u00e7o no estado de SP\"}]},{\"@type\":\"WebSite\",\"@id\":\"https:\\\/\\\/regiaonews.net.br\\\/2022\\\/#website\",\"url\":\"https:\\\/\\\/regiaonews.net.br\\\/2022\\\/\",\"name\":\"Regi\u00e3o News\",\"description\":\"Site de Not\u00edcias de Barretos e regi\u00e3o\",\"publisher\":{\"@id\":\"https:\\\/\\\/regiaonews.net.br\\\/2022\\\/#organization\"},\"potentialAction\":[{\"@type\":\"SearchAction\",\"target\":{\"@type\":\"EntryPoint\",\"urlTemplate\":\"https:\\\/\\\/regiaonews.net.br\\\/2022\\\/?s={search_term_string}\"},\"query-input\":{\"@type\":\"PropertyValueSpecification\",\"valueRequired\":true,\"valueName\":\"search_term_string\"}}],\"inLanguage\":\"pt-BR\"},{\"@type\":\"Organization\",\"@id\":\"https:\\\/\\\/regiaonews.net.br\\\/2022\\\/#organization\",\"name\":\"Regi\u00e3o News\",\"url\":\"https:\\\/\\\/regiaonews.net.br\\\/2022\\\/\",\"logo\":{\"@type\":\"ImageObject\",\"inLanguage\":\"pt-BR\",\"@id\":\"https:\\\/\\\/regiaonews.net.br\\\/2022\\\/#\\\/schema\\\/logo\\\/image\\\/\",\"url\":\"https:\\\/\\\/regiaonews.net.br\\\/2022\\\/wp-content\\\/uploads\\\/2026\\\/03\\\/regiao-13-anos-scaled.jpg\",\"contentUrl\":\"https:\\\/\\\/regiaonews.net.br\\\/2022\\\/wp-content\\\/uploads\\\/2026\\\/03\\\/regiao-13-anos-scaled.jpg\",\"width\":2560,\"height\":635,\"caption\":\"Regi\u00e3o News\"},\"image\":{\"@id\":\"https:\\\/\\\/regiaonews.net.br\\\/2022\\\/#\\\/schema\\\/logo\\\/image\\\/\"}},{\"@type\":\"Person\",\"@id\":\"https:\\\/\\\/regiaonews.net.br\\\/2022\\\/#\\\/schema\\\/person\\\/2d205a608a5aa97ac279d7a5e6d89ad8\",\"name\":\"Roberto\",\"image\":{\"@type\":\"ImageObject\",\"inLanguage\":\"pt-BR\",\"@id\":\"https:\\\/\\\/secure.gravatar.com\\\/avatar\\\/42749d8b712ff9d59ca93dc150494e5b55a44134482993f5baeb97e61b7ecc89?s=96&d=mm&r=g\",\"url\":\"https:\\\/\\\/secure.gravatar.com\\\/avatar\\\/42749d8b712ff9d59ca93dc150494e5b55a44134482993f5baeb97e61b7ecc89?s=96&d=mm&r=g\",\"contentUrl\":\"https:\\\/\\\/secure.gravatar.com\\\/avatar\\\/42749d8b712ff9d59ca93dc150494e5b55a44134482993f5baeb97e61b7ecc89?s=96&d=mm&r=g\",\"caption\":\"Roberto\"},\"url\":\"https:\\\/\\\/regiaonews.net.br\\\/2022\\\/author\\\/roberto\\\/\"}]}<\/script>\n<!-- \/ Yoast SEO plugin. -->","yoast_head_json":{"title":"N\u00famero de den\u00fancias online de viol\u00eancia dom\u00e9stica bate recorde em mar\u00e7o no estado de SP - Regi\u00e3o News","robots":{"index":"index","follow":"follow","max-snippet":"max-snippet:-1","max-image-preview":"max-image-preview:large","max-video-preview":"max-video-preview:-1"},"canonical":"https:\/\/regiaonews.net.br\/2022\/2021\/04\/25\/numero-de-denuncias-online-de-violencia-domestica-bate-recorde-em-marco-no-estado-de-sp\/","og_locale":"pt_BR","og_type":"article","og_title":"N\u00famero de den\u00fancias online de viol\u00eancia dom\u00e9stica bate recorde em mar\u00e7o no estado de SP - Regi\u00e3o News","og_description":"Foram quase 3 mil registros em todo o estado, quatrocentos","og_url":"https:\/\/regiaonews.net.br\/2022\/2021\/04\/25\/numero-de-denuncias-online-de-violencia-domestica-bate-recorde-em-marco-no-estado-de-sp\/","og_site_name":"Regi\u00e3o News","article_published_time":"2021-04-25T12:56:22+00:00","article_modified_time":"2021-04-25T12:58:39+00:00","og_image":[{"width":700,"height":466,"url":"https:\/\/regiaonews.net.br\/2022\/wp-content\/uploads\/2021\/04\/17545869.jpg","type":"image\/jpeg"}],"author":"Roberto","twitter_card":"summary_large_image","twitter_misc":{"Escrito por":"Roberto","Est. tempo de leitura":"2 minutos"},"schema":{"@context":"https:\/\/schema.org","@graph":[{"@type":"Article","@id":"https:\/\/regiaonews.net.br\/2022\/2021\/04\/25\/numero-de-denuncias-online-de-violencia-domestica-bate-recorde-em-marco-no-estado-de-sp\/#article","isPartOf":{"@id":"https:\/\/regiaonews.net.br\/2022\/2021\/04\/25\/numero-de-denuncias-online-de-violencia-domestica-bate-recorde-em-marco-no-estado-de-sp\/"},"author":{"name":"Roberto","@id":"https:\/\/regiaonews.net.br\/2022\/#\/schema\/person\/2d205a608a5aa97ac279d7a5e6d89ad8"},"headline":"N\u00famero de den\u00fancias online de viol\u00eancia dom\u00e9stica bate recorde em mar\u00e7o no estado de SP","datePublished":"2021-04-25T12:56:22+00:00","dateModified":"2021-04-25T12:58:39+00:00","mainEntityOfPage":{"@id":"https:\/\/regiaonews.net.br\/2022\/2021\/04\/25\/numero-de-denuncias-online-de-violencia-domestica-bate-recorde-em-marco-no-estado-de-sp\/"},"wordCount":501,"commentCount":0,"publisher":{"@id":"https:\/\/regiaonews.net.br\/2022\/#organization"},"image":{"@id":"https:\/\/regiaonews.net.br\/2022\/2021\/04\/25\/numero-de-denuncias-online-de-violencia-domestica-bate-recorde-em-marco-no-estado-de-sp\/#primaryimage"},"thumbnailUrl":"https:\/\/regiaonews.net.br\/2022\/wp-content\/uploads\/2021\/04\/17545869.jpg","articleSection":["Cidades","Estado de S\u00e3o Paulo","Policia"],"inLanguage":"pt-BR","potentialAction":[{"@type":"CommentAction","name":"Comment","target":["https:\/\/regiaonews.net.br\/2022\/2021\/04\/25\/numero-de-denuncias-online-de-violencia-domestica-bate-recorde-em-marco-no-estado-de-sp\/#respond"]}]},{"@type":"WebPage","@id":"https:\/\/regiaonews.net.br\/2022\/2021\/04\/25\/numero-de-denuncias-online-de-violencia-domestica-bate-recorde-em-marco-no-estado-de-sp\/","url":"https:\/\/regiaonews.net.br\/2022\/2021\/04\/25\/numero-de-denuncias-online-de-violencia-domestica-bate-recorde-em-marco-no-estado-de-sp\/","name":"N\u00famero de den\u00fancias online de viol\u00eancia dom\u00e9stica bate recorde em mar\u00e7o no estado de SP - Regi\u00e3o News","isPartOf":{"@id":"https:\/\/regiaonews.net.br\/2022\/#website"},"primaryImageOfPage":{"@id":"https:\/\/regiaonews.net.br\/2022\/2021\/04\/25\/numero-de-denuncias-online-de-violencia-domestica-bate-recorde-em-marco-no-estado-de-sp\/#primaryimage"},"image":{"@id":"https:\/\/regiaonews.net.br\/2022\/2021\/04\/25\/numero-de-denuncias-online-de-violencia-domestica-bate-recorde-em-marco-no-estado-de-sp\/#primaryimage"},"thumbnailUrl":"https:\/\/regiaonews.net.br\/2022\/wp-content\/uploads\/2021\/04\/17545869.jpg","datePublished":"2021-04-25T12:56:22+00:00","dateModified":"2021-04-25T12:58:39+00:00","breadcrumb":{"@id":"https:\/\/regiaonews.net.br\/2022\/2021\/04\/25\/numero-de-denuncias-online-de-violencia-domestica-bate-recorde-em-marco-no-estado-de-sp\/#breadcrumb"},"inLanguage":"pt-BR","potentialAction":[{"@type":"ReadAction","target":["https:\/\/regiaonews.net.br\/2022\/2021\/04\/25\/numero-de-denuncias-online-de-violencia-domestica-bate-recorde-em-marco-no-estado-de-sp\/"]}]},{"@type":"ImageObject","inLanguage":"pt-BR","@id":"https:\/\/regiaonews.net.br\/2022\/2021\/04\/25\/numero-de-denuncias-online-de-violencia-domestica-bate-recorde-em-marco-no-estado-de-sp\/#primaryimage","url":"https:\/\/regiaonews.net.br\/2022\/wp-content\/uploads\/2021\/04\/17545869.jpg","contentUrl":"https:\/\/regiaonews.net.br\/2022\/wp-content\/uploads\/2021\/04\/17545869.jpg","width":700,"height":466},{"@type":"BreadcrumbList","@id":"https:\/\/regiaonews.net.br\/2022\/2021\/04\/25\/numero-de-denuncias-online-de-violencia-domestica-bate-recorde-em-marco-no-estado-de-sp\/#breadcrumb","itemListElement":[{"@type":"ListItem","position":1,"name":"In\u00edcio","item":"https:\/\/regiaonews.net.br\/2022\/"},{"@type":"ListItem","position":2,"name":"N\u00famero de den\u00fancias online de viol\u00eancia dom\u00e9stica bate recorde em mar\u00e7o no estado de SP"}]},{"@type":"WebSite","@id":"https:\/\/regiaonews.net.br\/2022\/#website","url":"https:\/\/regiaonews.net.br\/2022\/","name":"Regi\u00e3o News","description":"Site de Not\u00edcias de Barretos e regi\u00e3o","publisher":{"@id":"https:\/\/regiaonews.net.br\/2022\/#organization"},"potentialAction":[{"@type":"SearchAction","target":{"@type":"EntryPoint","urlTemplate":"https:\/\/regiaonews.net.br\/2022\/?s={search_term_string}"},"query-input":{"@type":"PropertyValueSpecification","valueRequired":true,"valueName":"search_term_string"}}],"inLanguage":"pt-BR"},{"@type":"Organization","@id":"https:\/\/regiaonews.net.br\/2022\/#organization","name":"Regi\u00e3o News","url":"https:\/\/regiaonews.net.br\/2022\/","logo":{"@type":"ImageObject","inLanguage":"pt-BR","@id":"https:\/\/regiaonews.net.br\/2022\/#\/schema\/logo\/image\/","url":"https:\/\/regiaonews.net.br\/2022\/wp-content\/uploads\/2026\/03\/regiao-13-anos-scaled.jpg","contentUrl":"https:\/\/regiaonews.net.br\/2022\/wp-content\/uploads\/2026\/03\/regiao-13-anos-scaled.jpg","width":2560,"height":635,"caption":"Regi\u00e3o News"},"image":{"@id":"https:\/\/regiaonews.net.br\/2022\/#\/schema\/logo\/image\/"}},{"@type":"Person","@id":"https:\/\/regiaonews.net.br\/2022\/#\/schema\/person\/2d205a608a5aa97ac279d7a5e6d89ad8","name":"Roberto","image":{"@type":"ImageObject","inLanguage":"pt-BR","@id":"https:\/\/secure.gravatar.com\/avatar\/42749d8b712ff9d59ca93dc150494e5b55a44134482993f5baeb97e61b7ecc89?s=96&d=mm&r=g","url":"https:\/\/secure.gravatar.com\/avatar\/42749d8b712ff9d59ca93dc150494e5b55a44134482993f5baeb97e61b7ecc89?s=96&d=mm&r=g","contentUrl":"https:\/\/secure.gravatar.com\/avatar\/42749d8b712ff9d59ca93dc150494e5b55a44134482993f5baeb97e61b7ecc89?s=96&d=mm&r=g","caption":"Roberto"},"url":"https:\/\/regiaonews.net.br\/2022\/author\/roberto\/"}]}},"publishpress_future_action":{"enabled":false,"date":"2026-05-03 06:46:45","action":"change-status","newStatus":"draft","terms":[],"taxonomy":"category","extraData":[]},"publishpress_future_workflow_manual_trigger":{"enabledWorkflows":[]},"_links":{"self":[{"href":"https:\/\/regiaonews.net.br\/2022\/wp-json\/wp\/v2\/posts\/45915","targetHints":{"allow":["GET"]}}],"collection":[{"href":"https:\/\/regiaonews.net.br\/2022\/wp-json\/wp\/v2\/posts"}],"about":[{"href":"https:\/\/regiaonews.net.br\/2022\/wp-json\/wp\/v2\/types\/post"}],"author":[{"embeddable":true,"href":"https:\/\/regiaonews.net.br\/2022\/wp-json\/wp\/v2\/users\/2"}],"replies":[{"embeddable":true,"href":"https:\/\/regiaonews.net.br\/2022\/wp-json\/wp\/v2\/comments?post=45915"}],"version-history":[{"count":0,"href":"https:\/\/regiaonews.net.br\/2022\/wp-json\/wp\/v2\/posts\/45915\/revisions"}],"wp:featuredmedia":[{"embeddable":true,"href":"https:\/\/regiaonews.net.br\/2022\/wp-json\/wp\/v2\/media\/45570"}],"wp:attachment":[{"href":"https:\/\/regiaonews.net.br\/2022\/wp-json\/wp\/v2\/media?parent=45915"}],"wp:term":[{"taxonomy":"category","embeddable":true,"href":"https:\/\/regiaonews.net.br\/2022\/wp-json\/wp\/v2\/categories?post=45915"},{"taxonomy":"post_tag","embeddable":true,"href":"https:\/\/regiaonews.net.br\/2022\/wp-json\/wp\/v2\/tags?post=45915"}],"curies":[{"name":"wp","href":"https:\/\/api.w.org\/{rel}","templated":true}]}}