{"id":45802,"date":"2021-04-23T12:58:55","date_gmt":"2021-04-23T15:58:55","guid":{"rendered":"https:\/\/regiaonews.net.br\/2022\/?p=45802"},"modified":"2021-04-23T15:36:22","modified_gmt":"2021-04-23T18:36:22","slug":"sobreviventes-da-covid-tem-risco-maior-de-morrer-apos-a-infeccao-aponta-estud","status":"publish","type":"post","link":"https:\/\/regiaonews.net.br\/2022\/2021\/04\/23\/sobreviventes-da-covid-tem-risco-maior-de-morrer-apos-a-infeccao-aponta-estud\/","title":{"rendered":"Sobreviventes da Covid t\u00eam risco maior de morrer ap\u00f3s a infec\u00e7\u00e3o, aponta estudo"},"content":{"rendered":"<p class=\"content-head__subtitle\">Pesquisa sobre &#8216;Covid longa&#8217; publicada na revista Nature aponta que pessoas que se curaram t\u00eam risco 59% maior de morrer dentro de 6 meses ap\u00f3s a infec\u00e7\u00e3o.<\/p>\n<div class=\"mc-column content-text active-extra-styles active-capital-letter\" data-block-type=\"unstyled\" data-block-weight=\"33\" data-block-id=\"1\">\n<p class=\"content-text__container theme-color-primary-first-letter\" data-track-category=\"Link no Texto\" data-track-links=\"\">Sobreviventes da Covid-19 t\u00eam um risco 59% maior de morrer dentro de seis meses ap\u00f3s infec\u00e7\u00e3o, aponta um estudo publicado na quinta-feira (22) na revista cient\u00edfica &#8220;Nature&#8221;, uma das mais importantes do mundo.<\/p>\n<\/div>\n<div class=\"wall protected-content\">\n<div class=\"mc-column content-text active-extra-styles \" data-block-type=\"unstyled\" data-block-weight=\"48\" data-block-id=\"2\">\n<p class=\"content-text__container \" data-track-category=\"Link no Texto\" data-track-links=\"\">A pesquisa sobre &#8220;Covid longa&#8221;, uma das maiores j\u00e1 feitas sobre as sequelas da infec\u00e7\u00e3o pelo v\u00edrus, revela que\u00a0<span class=\"highlight highlighted\">muitas pessoas est\u00e3o sofrendo n\u00e3o apenas uma s\u00e9rie de problemas de sa\u00fade depois da cura, mas tamb\u00e9m passam a ter uma chance maior de n\u00e3o sobreviver nos meses seguintes<\/span>.<\/p>\n<\/div>\n<div class=\"mc-column content-text active-extra-styles \" data-block-type=\"unstyled\" data-block-weight=\"30\" data-block-id=\"3\">\n<p class=\"content-text__container \" data-track-category=\"Link no Texto\" data-track-links=\"\">O estudo usou os bancos de dados nacionais de sa\u00fade do Departamento de Assuntos de Veteranos dos Estados Unidos para identificar as sequelas em at\u00e9 6 meses ap\u00f3s a infe\u00e7\u00e3o.<\/p>\n<\/div>\n<div class=\"mc-column content-text active-extra-styles \" data-block-type=\"unstyled\" data-block-weight=\"32\" data-block-id=\"4\">\n<p class=\"content-text__container \" data-track-category=\"Link no Texto\" data-track-links=\"\">Segundo a pesquisa, foram identificadas sequelas no sistema respirat\u00f3rio e em v\u00e1rios outros, incluindo o sistema nervoso, al\u00e9m de dist\u00farbios neurocognitivos, dist\u00farbios de sa\u00fade mental, dist\u00farbios metab\u00f3licos, dist\u00farbios cardiovasculares e dist\u00farbios gastrointestinais.<\/p>\n<\/div>\n<div class=\"mc-column content-text active-extra-styles \" data-block-type=\"unstyled\" data-block-weight=\"27\" data-block-id=\"5\">\n<p class=\"content-text__container \" data-track-category=\"Link no Texto\" data-track-links=\"\">Mal-estar, fadiga, dores musculoesquel\u00e9ticas e anemia tamb\u00e9m foram relatadas, e houve um aumento no uso de analg\u00e9sicos (opioides e n\u00e3o opioides), antidepressivos, ansiol\u00edticos, anti-hipertensivos e hipoglicemiantes orais.<\/p>\n<\/div>\n<div class=\"mc-column content-text active-extra-styles \" data-block-type=\"unstyled\" data-block-weight=\"33\" data-block-id=\"6\">\n<p class=\"content-text__container \" data-track-category=\"Link no Texto\" data-track-links=\"\">Ziyad Al-Aly, que conduziu o estudo, afirmou \u00e0 Bloomberg que\u00a0<span class=\"highlight highlighted\">a interna\u00e7\u00e3o por Covid-19 \u00e9 &#8220;apenas a ponta do iceberg&#8221;<\/span>. &#8220;Estamos come\u00e7ando a ver um pouco abaixo do iceberg, e \u00e9 realmente alarmante&#8221;.<\/p>\n<\/div>\n<div class=\"mc-column content-text active-extra-styles \" data-block-type=\"unstyled\" data-block-weight=\"23\" data-block-id=\"7\">\n<p class=\"content-text__container \" data-track-category=\"Link no Texto\" data-track-links=\"\">Al-Aly e os outros pesquisadores que participaram do estudo documentaram\u00a0<span class=\"highlight highlighted\">uma s\u00e9rie de sequelas debilitantes que afetam os sobreviventes meses ap\u00f3s o diagn\u00f3stico<\/span>.<\/p>\n<\/div>\n<div class=\"mc-column content-text active-extra-styles\" data-block-type=\"raw\" data-block-weight=\"6\" data-block-id=\"8\">\n<div class=\"content-intertitle\">\n<h2>O que \u00e9 a &#8216;Covid longa&#8217;?<\/h2>\n<\/div>\n<p>&nbsp;<\/p>\n<\/div>\n<div class=\"mc-column content-text active-extra-styles \" data-block-type=\"unstyled\" data-block-weight=\"33\" data-block-id=\"9\">\n<p class=\"content-text__container \" data-track-category=\"Link no Texto\" data-track-links=\"\">A &#8220;Covid longa&#8221; (ou &#8220;S\u00edndrome P\u00f3s-Covid&#8221;, &#8220;Covid persistente&#8221; ou &#8220;Covid prolongada&#8221;) \u00e9 uma doen\u00e7a que\u00a0<a href=\"https:\/\/g1.globo.com\/bemestar\/coronavirus\/noticia\/2021\/02\/13\/sintomas-da-covid-longa-atingem-ate-80percent-dos-infectados-entenda-o-que-e-e-conheca-55-efeitos-de-longo-prazo.ghtml\">pode atingir at\u00e9 80% dos infectados<\/a>. S\u00e3o pelo menos 55 efeitos de longo prazo\u00a0<em>(veja no infogr\u00e1fico abaixo)<\/em>.<\/p>\n<\/div>\n<div class=\"mc-column content-text active-extra-styles \" data-block-type=\"unstyled\" data-block-weight=\"24\" data-block-id=\"10\">\n<p class=\"content-text__container \" data-track-category=\"Link no Texto\" data-track-links=\"\">Pesquisas reunidas pela Organiza\u00e7\u00e3o Mundial da Sa\u00fade (<a href=\"https:\/\/g1.globo.com\/tudo-sobre\/organizacao-mundial-de-saude\/\">OMS<\/a>) apontam que as mulheres s\u00e3o as que mais relatam complica\u00e7\u00f5es posteriores \u00e0 infec\u00e7\u00e3o pelo novo coronav\u00edrus.<\/p>\n<\/div>\n<div class=\"mc-column content-text active-extra-styles \" data-block-type=\"unstyled\" data-block-weight=\"39\" data-block-id=\"11\">\n<p class=\"content-text__container \" data-track-category=\"Link no Texto\" data-track-links=\"\">Um estudo brit\u00e2nico que acompanhou 1.077 pessoas que ficaram internados aponta que\u00a0<a href=\"https:\/\/g1.globo.com\/bemestar\/coronavirus\/noticia\/2021\/03\/27\/covid-longa-7-a-cada-10-pacientes-com-covid-nao-se-sentem-totalmente-recuperados-5-meses-apos-alta-diz-estudo.ghtml\">7 a cada 10 pacientes n\u00e3o se sentiam totalmente recuperados 5 meses ap\u00f3s alta<\/a>\u00a0(e 1 a cada 5 pessoas relatou dificuldades de ver, ouvir ou andar).<\/p>\n<p data-track-category=\"Link no Texto\" data-track-links=\"\"><a href=\"https:\/\/regiaonews.net.br\/2022\/wp-content\/uploads\/2021\/04\/0802-sintomas-covid-duradourovc-21500-.jpg\"><img loading=\"lazy\" decoding=\"async\" class=\"alignnone size-medium wp-image-45803\" src=\"https:\/\/regiaonews.net.br\/2022\/wp-content\/uploads\/2021\/04\/0802-sintomas-covid-duradourovc-21500--137x300.jpg\" alt=\"\" width=\"137\" height=\"300\" \/><\/a><\/p>\n<div class=\"mc-column content-text active-extra-styles\" data-block-type=\"raw\" data-block-weight=\"5\" data-block-id=\"14\">\n<div class=\"content-intertitle\">\n<h2>Outro estudo sobre as sequelas<\/h2>\n<\/div>\n<p>&nbsp;<\/p>\n<\/div>\n<div class=\"mc-column content-text active-extra-styles \" data-block-type=\"unstyled\" data-block-weight=\"20\" data-block-id=\"15\">\n<p class=\"content-text__container \" data-track-category=\"Link no Texto\" data-track-links=\"\">Um outro estudo, publicado na &#8220;Annals of Internal Medicine&#8221;, apontou os tipos de sequelas nos pacientes que sobreviveram \u00e0 Covid-19.<\/p>\n<\/div>\n<div class=\"mc-column content-text active-extra-styles \" data-block-type=\"unstyled\" data-block-weight=\"41\" data-block-id=\"16\">\n<p class=\"content-text__container \" data-track-category=\"Link no Texto\" data-track-links=\"\">Os pesquisadores acompanharam 1.648 pacientes que foram internados com o v\u00edrus em 38 hospitais, dos quais 398 morreram durante a interna\u00e7\u00e3o (24,2% do total) e 1.250 sobreviveram (75,8%) e tiveram alta entre 16 de mar\u00e7o e 1\u00ba de julho de 2020.<\/p>\n<\/div>\n<div class=\"mc-column content-text active-extra-styles \" data-block-type=\"unstyled\" data-block-weight=\"43\" data-block-id=\"17\">\n<p class=\"content-text__container \" data-track-category=\"Link no Texto\" data-track-links=\"\">Dos 1.250 pacientes que sobreviveram, 84 morreram em at\u00e9 60 dias ap\u00f3s a alta. Isso elevou a taxa de mortalidade geral para 29,2% e daqueles que foram internados em UTIs para 63,5%. Outros 189 tiveram de ser internados de novo (15,1% dos sobreviventes).<\/p>\n<\/div>\n<div class=\"mc-column content-text active-extra-styles \" data-block-type=\"unstyled\" data-block-weight=\"39\" data-block-id=\"18\">\n<p class=\"content-text__container \" data-track-category=\"Link no Texto\" data-track-links=\"\">Ao todo,\u00a0<span class=\"highlight highlighted\">quase 1 em cada 3 pacientes morreu durante a hospitaliza\u00e7\u00e3o ou em at\u00e9 60 dias ap\u00f3s a alta<\/span>. A maioria dos pacientes tiveram sequelas, incluindo a incapacidade de retornar \u00e0s atividades normais e sintomas f\u00edsicos e emocionais.<\/p>\n<\/div>\n<div class=\"mc-column content-text active-extra-styles \" data-block-type=\"unstyled\" data-block-weight=\"27\" data-block-id=\"19\">\n<p class=\"content-text__container \" data-track-category=\"Link no Texto\" data-track-links=\"\"><span class=\"highlight highlighted\">Segundo o estudo, os dados confirmam que o &#8220;custo&#8221; da Covid-19 se estende muito al\u00e9m da hospitaliza\u00e7\u00e3o<\/span>\u00a0e s\u00e3o consistentes em rela\u00e7\u00e3o \u00e0s sequelas de longo prazo.<\/p>\n<\/div>\n<div class=\"mc-column content-text active-extra-styles \" data-block-type=\"unstyled\" data-block-weight=\"23\" data-block-id=\"20\">\n<p class=\"content-text__container \" data-track-category=\"Link no Texto\" data-track-links=\"\">Os efeitos v\u00e3o desde derrame cerebral, diabetes e dificuldades respirat\u00f3rias a at\u00e9 danos ao cora\u00e7\u00e3o, f\u00edgado e rins, depress\u00e3o e perda de mem\u00f3ria.<\/p>\n<\/div>\n<div class=\"mc-column content-text active-extra-styles \" data-block-type=\"unstyled\" data-block-weight=\"28\" data-block-id=\"21\">\n<p class=\"content-text__container \" data-track-category=\"Link no Texto\" data-track-links=\"\">Dos 488 pacientes que continuaram a ser acompanhados 60 dias ap\u00f3s a alta, quase metade (238) relatou ter sido afetada emocionalmente e 28 procuraram atendimento de sa\u00fade mental.<\/p>\n<\/div>\n<div class=\"content-ads content-ads--reveal\" data-block-type=\"ads\" data-block-id=\"22\">Al\u00e9m disso, 159 pacientes tiveram sintomas cardiopulmonares, sendo que 92 tiveram sintomas novos ou pioraram de condi\u00e7\u00e3o.<\/div>\n<div class=\"mc-column content-text active-extra-styles \" data-block-type=\"unstyled\" data-block-weight=\"28\" data-block-id=\"24\">\n<p class=\"content-text__container \" data-track-category=\"Link no Texto\" data-track-links=\"\">Outros 65 tiveram perda persistente do paladar ou do olfato, e 58 pacientes relataram uma nova dificuldade ou piora no quadro para completar as atividades da vida di\u00e1ria.<\/p>\n<\/div>\n<p data-track-category=\"Link no Texto\" data-track-links=\"\">FONTE : G1<\/p>\n<\/div>\n<\/div>\n","protected":false},"excerpt":{"rendered":"<p>Pesquisa sobre &#8216;Covid longa&#8217; publicada na revista Nature aponta que<\/p>\n","protected":false},"author":2,"featured_media":28946,"comment_status":"open","ping_status":"open","sticky":false,"template":"","format":"standard","meta":{"footnotes":""},"categories":[24,25],"tags":[],"class_list":["post-45802","post","type-post","status-publish","format-standard","has-post-thumbnail","hentry","category-brasil","category-cidades"],"yoast_head":"<!-- This site is optimized with the Yoast SEO plugin v27.4 - https:\/\/yoast.com\/product\/yoast-seo-wordpress\/ -->\n<title>Sobreviventes da Covid t\u00eam risco maior de morrer ap\u00f3s a infec\u00e7\u00e3o, aponta estudo - Regi\u00e3o News<\/title>\n<meta name=\"robots\" content=\"index, follow, max-snippet:-1, max-image-preview:large, max-video-preview:-1\" \/>\n<link rel=\"canonical\" href=\"https:\/\/regiaonews.net.br\/2022\/2021\/04\/23\/sobreviventes-da-covid-tem-risco-maior-de-morrer-apos-a-infeccao-aponta-estud\/\" \/>\n<meta property=\"og:locale\" content=\"pt_BR\" \/>\n<meta property=\"og:type\" content=\"article\" \/>\n<meta property=\"og:title\" content=\"Sobreviventes da Covid t\u00eam risco maior de morrer ap\u00f3s a infec\u00e7\u00e3o, aponta estudo - Regi\u00e3o News\" \/>\n<meta property=\"og:description\" content=\"Pesquisa sobre &#8216;Covid longa&#8217; publicada na revista Nature aponta que\" \/>\n<meta property=\"og:url\" content=\"https:\/\/regiaonews.net.br\/2022\/2021\/04\/23\/sobreviventes-da-covid-tem-risco-maior-de-morrer-apos-a-infeccao-aponta-estud\/\" \/>\n<meta property=\"og:site_name\" content=\"Regi\u00e3o News\" \/>\n<meta property=\"article:published_time\" content=\"2021-04-23T15:58:55+00:00\" \/>\n<meta property=\"article:modified_time\" content=\"2021-04-23T18:36:22+00:00\" \/>\n<meta property=\"og:image\" content=\"https:\/\/regiaonews.net.br\/2022\/wp-content\/uploads\/2020\/03\/coronavirus-covid-19.jpg\" \/>\n\t<meta property=\"og:image:width\" content=\"735\" \/>\n\t<meta property=\"og:image:height\" content=\"393\" \/>\n\t<meta property=\"og:image:type\" content=\"image\/jpeg\" \/>\n<meta name=\"author\" content=\"Roberto\" \/>\n<meta name=\"twitter:card\" content=\"summary_large_image\" \/>\n<meta name=\"twitter:label1\" content=\"Escrito por\" \/>\n\t<meta name=\"twitter:data1\" content=\"Roberto\" \/>\n\t<meta name=\"twitter:label2\" content=\"Est. tempo de leitura\" \/>\n\t<meta name=\"twitter:data2\" content=\"3 minutos\" \/>\n<script type=\"application\/ld+json\" class=\"yoast-schema-graph\">{\"@context\":\"https:\\\/\\\/schema.org\",\"@graph\":[{\"@type\":\"Article\",\"@id\":\"https:\\\/\\\/regiaonews.net.br\\\/2022\\\/2021\\\/04\\\/23\\\/sobreviventes-da-covid-tem-risco-maior-de-morrer-apos-a-infeccao-aponta-estud\\\/#article\",\"isPartOf\":{\"@id\":\"https:\\\/\\\/regiaonews.net.br\\\/2022\\\/2021\\\/04\\\/23\\\/sobreviventes-da-covid-tem-risco-maior-de-morrer-apos-a-infeccao-aponta-estud\\\/\"},\"author\":{\"name\":\"Roberto\",\"@id\":\"https:\\\/\\\/regiaonews.net.br\\\/2022\\\/#\\\/schema\\\/person\\\/2d205a608a5aa97ac279d7a5e6d89ad8\"},\"headline\":\"Sobreviventes da Covid t\u00eam risco maior de morrer ap\u00f3s a infec\u00e7\u00e3o, aponta estudo\",\"datePublished\":\"2021-04-23T15:58:55+00:00\",\"dateModified\":\"2021-04-23T18:36:22+00:00\",\"mainEntityOfPage\":{\"@id\":\"https:\\\/\\\/regiaonews.net.br\\\/2022\\\/2021\\\/04\\\/23\\\/sobreviventes-da-covid-tem-risco-maior-de-morrer-apos-a-infeccao-aponta-estud\\\/\"},\"wordCount\":673,\"commentCount\":0,\"publisher\":{\"@id\":\"https:\\\/\\\/regiaonews.net.br\\\/2022\\\/#organization\"},\"image\":{\"@id\":\"https:\\\/\\\/regiaonews.net.br\\\/2022\\\/2021\\\/04\\\/23\\\/sobreviventes-da-covid-tem-risco-maior-de-morrer-apos-a-infeccao-aponta-estud\\\/#primaryimage\"},\"thumbnailUrl\":\"https:\\\/\\\/regiaonews.net.br\\\/2022\\\/wp-content\\\/uploads\\\/2020\\\/03\\\/coronavirus-covid-19.jpg\",\"articleSection\":[\"Brasil\",\"Cidades\"],\"inLanguage\":\"pt-BR\",\"potentialAction\":[{\"@type\":\"CommentAction\",\"name\":\"Comment\",\"target\":[\"https:\\\/\\\/regiaonews.net.br\\\/2022\\\/2021\\\/04\\\/23\\\/sobreviventes-da-covid-tem-risco-maior-de-morrer-apos-a-infeccao-aponta-estud\\\/#respond\"]}]},{\"@type\":\"WebPage\",\"@id\":\"https:\\\/\\\/regiaonews.net.br\\\/2022\\\/2021\\\/04\\\/23\\\/sobreviventes-da-covid-tem-risco-maior-de-morrer-apos-a-infeccao-aponta-estud\\\/\",\"url\":\"https:\\\/\\\/regiaonews.net.br\\\/2022\\\/2021\\\/04\\\/23\\\/sobreviventes-da-covid-tem-risco-maior-de-morrer-apos-a-infeccao-aponta-estud\\\/\",\"name\":\"Sobreviventes da Covid t\u00eam risco maior de morrer ap\u00f3s a infec\u00e7\u00e3o, aponta estudo - Regi\u00e3o News\",\"isPartOf\":{\"@id\":\"https:\\\/\\\/regiaonews.net.br\\\/2022\\\/#website\"},\"primaryImageOfPage\":{\"@id\":\"https:\\\/\\\/regiaonews.net.br\\\/2022\\\/2021\\\/04\\\/23\\\/sobreviventes-da-covid-tem-risco-maior-de-morrer-apos-a-infeccao-aponta-estud\\\/#primaryimage\"},\"image\":{\"@id\":\"https:\\\/\\\/regiaonews.net.br\\\/2022\\\/2021\\\/04\\\/23\\\/sobreviventes-da-covid-tem-risco-maior-de-morrer-apos-a-infeccao-aponta-estud\\\/#primaryimage\"},\"thumbnailUrl\":\"https:\\\/\\\/regiaonews.net.br\\\/2022\\\/wp-content\\\/uploads\\\/2020\\\/03\\\/coronavirus-covid-19.jpg\",\"datePublished\":\"2021-04-23T15:58:55+00:00\",\"dateModified\":\"2021-04-23T18:36:22+00:00\",\"breadcrumb\":{\"@id\":\"https:\\\/\\\/regiaonews.net.br\\\/2022\\\/2021\\\/04\\\/23\\\/sobreviventes-da-covid-tem-risco-maior-de-morrer-apos-a-infeccao-aponta-estud\\\/#breadcrumb\"},\"inLanguage\":\"pt-BR\",\"potentialAction\":[{\"@type\":\"ReadAction\",\"target\":[\"https:\\\/\\\/regiaonews.net.br\\\/2022\\\/2021\\\/04\\\/23\\\/sobreviventes-da-covid-tem-risco-maior-de-morrer-apos-a-infeccao-aponta-estud\\\/\"]}]},{\"@type\":\"ImageObject\",\"inLanguage\":\"pt-BR\",\"@id\":\"https:\\\/\\\/regiaonews.net.br\\\/2022\\\/2021\\\/04\\\/23\\\/sobreviventes-da-covid-tem-risco-maior-de-morrer-apos-a-infeccao-aponta-estud\\\/#primaryimage\",\"url\":\"https:\\\/\\\/regiaonews.net.br\\\/2022\\\/wp-content\\\/uploads\\\/2020\\\/03\\\/coronavirus-covid-19.jpg\",\"contentUrl\":\"https:\\\/\\\/regiaonews.net.br\\\/2022\\\/wp-content\\\/uploads\\\/2020\\\/03\\\/coronavirus-covid-19.jpg\",\"width\":735,\"height\":393},{\"@type\":\"BreadcrumbList\",\"@id\":\"https:\\\/\\\/regiaonews.net.br\\\/2022\\\/2021\\\/04\\\/23\\\/sobreviventes-da-covid-tem-risco-maior-de-morrer-apos-a-infeccao-aponta-estud\\\/#breadcrumb\",\"itemListElement\":[{\"@type\":\"ListItem\",\"position\":1,\"name\":\"In\u00edcio\",\"item\":\"https:\\\/\\\/regiaonews.net.br\\\/2022\\\/\"},{\"@type\":\"ListItem\",\"position\":2,\"name\":\"Sobreviventes da Covid t\u00eam risco maior de morrer ap\u00f3s a infec\u00e7\u00e3o, aponta estudo\"}]},{\"@type\":\"WebSite\",\"@id\":\"https:\\\/\\\/regiaonews.net.br\\\/2022\\\/#website\",\"url\":\"https:\\\/\\\/regiaonews.net.br\\\/2022\\\/\",\"name\":\"Regi\u00e3o News\",\"description\":\"Site de Not\u00edcias de Barretos e regi\u00e3o\",\"publisher\":{\"@id\":\"https:\\\/\\\/regiaonews.net.br\\\/2022\\\/#organization\"},\"potentialAction\":[{\"@type\":\"SearchAction\",\"target\":{\"@type\":\"EntryPoint\",\"urlTemplate\":\"https:\\\/\\\/regiaonews.net.br\\\/2022\\\/?s={search_term_string}\"},\"query-input\":{\"@type\":\"PropertyValueSpecification\",\"valueRequired\":true,\"valueName\":\"search_term_string\"}}],\"inLanguage\":\"pt-BR\"},{\"@type\":\"Organization\",\"@id\":\"https:\\\/\\\/regiaonews.net.br\\\/2022\\\/#organization\",\"name\":\"Regi\u00e3o News\",\"url\":\"https:\\\/\\\/regiaonews.net.br\\\/2022\\\/\",\"logo\":{\"@type\":\"ImageObject\",\"inLanguage\":\"pt-BR\",\"@id\":\"https:\\\/\\\/regiaonews.net.br\\\/2022\\\/#\\\/schema\\\/logo\\\/image\\\/\",\"url\":\"https:\\\/\\\/regiaonews.net.br\\\/2022\\\/wp-content\\\/uploads\\\/2026\\\/03\\\/regiao-13-anos-scaled.jpg\",\"contentUrl\":\"https:\\\/\\\/regiaonews.net.br\\\/2022\\\/wp-content\\\/uploads\\\/2026\\\/03\\\/regiao-13-anos-scaled.jpg\",\"width\":2560,\"height\":635,\"caption\":\"Regi\u00e3o News\"},\"image\":{\"@id\":\"https:\\\/\\\/regiaonews.net.br\\\/2022\\\/#\\\/schema\\\/logo\\\/image\\\/\"}},{\"@type\":\"Person\",\"@id\":\"https:\\\/\\\/regiaonews.net.br\\\/2022\\\/#\\\/schema\\\/person\\\/2d205a608a5aa97ac279d7a5e6d89ad8\",\"name\":\"Roberto\",\"image\":{\"@type\":\"ImageObject\",\"inLanguage\":\"pt-BR\",\"@id\":\"https:\\\/\\\/secure.gravatar.com\\\/avatar\\\/42749d8b712ff9d59ca93dc150494e5b55a44134482993f5baeb97e61b7ecc89?s=96&d=mm&r=g\",\"url\":\"https:\\\/\\\/secure.gravatar.com\\\/avatar\\\/42749d8b712ff9d59ca93dc150494e5b55a44134482993f5baeb97e61b7ecc89?s=96&d=mm&r=g\",\"contentUrl\":\"https:\\\/\\\/secure.gravatar.com\\\/avatar\\\/42749d8b712ff9d59ca93dc150494e5b55a44134482993f5baeb97e61b7ecc89?s=96&d=mm&r=g\",\"caption\":\"Roberto\"},\"url\":\"https:\\\/\\\/regiaonews.net.br\\\/2022\\\/author\\\/roberto\\\/\"}]}<\/script>\n<!-- \/ Yoast SEO plugin. -->","yoast_head_json":{"title":"Sobreviventes da Covid t\u00eam risco maior de morrer ap\u00f3s a infec\u00e7\u00e3o, aponta estudo - Regi\u00e3o News","robots":{"index":"index","follow":"follow","max-snippet":"max-snippet:-1","max-image-preview":"max-image-preview:large","max-video-preview":"max-video-preview:-1"},"canonical":"https:\/\/regiaonews.net.br\/2022\/2021\/04\/23\/sobreviventes-da-covid-tem-risco-maior-de-morrer-apos-a-infeccao-aponta-estud\/","og_locale":"pt_BR","og_type":"article","og_title":"Sobreviventes da Covid t\u00eam risco maior de morrer ap\u00f3s a infec\u00e7\u00e3o, aponta estudo - Regi\u00e3o News","og_description":"Pesquisa sobre &#8216;Covid longa&#8217; publicada na revista Nature aponta que","og_url":"https:\/\/regiaonews.net.br\/2022\/2021\/04\/23\/sobreviventes-da-covid-tem-risco-maior-de-morrer-apos-a-infeccao-aponta-estud\/","og_site_name":"Regi\u00e3o News","article_published_time":"2021-04-23T15:58:55+00:00","article_modified_time":"2021-04-23T18:36:22+00:00","og_image":[{"width":735,"height":393,"url":"https:\/\/regiaonews.net.br\/2022\/wp-content\/uploads\/2020\/03\/coronavirus-covid-19.jpg","type":"image\/jpeg"}],"author":"Roberto","twitter_card":"summary_large_image","twitter_misc":{"Escrito por":"Roberto","Est. tempo de leitura":"3 minutos"},"schema":{"@context":"https:\/\/schema.org","@graph":[{"@type":"Article","@id":"https:\/\/regiaonews.net.br\/2022\/2021\/04\/23\/sobreviventes-da-covid-tem-risco-maior-de-morrer-apos-a-infeccao-aponta-estud\/#article","isPartOf":{"@id":"https:\/\/regiaonews.net.br\/2022\/2021\/04\/23\/sobreviventes-da-covid-tem-risco-maior-de-morrer-apos-a-infeccao-aponta-estud\/"},"author":{"name":"Roberto","@id":"https:\/\/regiaonews.net.br\/2022\/#\/schema\/person\/2d205a608a5aa97ac279d7a5e6d89ad8"},"headline":"Sobreviventes da Covid t\u00eam risco maior de morrer ap\u00f3s a infec\u00e7\u00e3o, aponta estudo","datePublished":"2021-04-23T15:58:55+00:00","dateModified":"2021-04-23T18:36:22+00:00","mainEntityOfPage":{"@id":"https:\/\/regiaonews.net.br\/2022\/2021\/04\/23\/sobreviventes-da-covid-tem-risco-maior-de-morrer-apos-a-infeccao-aponta-estud\/"},"wordCount":673,"commentCount":0,"publisher":{"@id":"https:\/\/regiaonews.net.br\/2022\/#organization"},"image":{"@id":"https:\/\/regiaonews.net.br\/2022\/2021\/04\/23\/sobreviventes-da-covid-tem-risco-maior-de-morrer-apos-a-infeccao-aponta-estud\/#primaryimage"},"thumbnailUrl":"https:\/\/regiaonews.net.br\/2022\/wp-content\/uploads\/2020\/03\/coronavirus-covid-19.jpg","articleSection":["Brasil","Cidades"],"inLanguage":"pt-BR","potentialAction":[{"@type":"CommentAction","name":"Comment","target":["https:\/\/regiaonews.net.br\/2022\/2021\/04\/23\/sobreviventes-da-covid-tem-risco-maior-de-morrer-apos-a-infeccao-aponta-estud\/#respond"]}]},{"@type":"WebPage","@id":"https:\/\/regiaonews.net.br\/2022\/2021\/04\/23\/sobreviventes-da-covid-tem-risco-maior-de-morrer-apos-a-infeccao-aponta-estud\/","url":"https:\/\/regiaonews.net.br\/2022\/2021\/04\/23\/sobreviventes-da-covid-tem-risco-maior-de-morrer-apos-a-infeccao-aponta-estud\/","name":"Sobreviventes da Covid t\u00eam risco maior de morrer ap\u00f3s a infec\u00e7\u00e3o, aponta estudo - Regi\u00e3o News","isPartOf":{"@id":"https:\/\/regiaonews.net.br\/2022\/#website"},"primaryImageOfPage":{"@id":"https:\/\/regiaonews.net.br\/2022\/2021\/04\/23\/sobreviventes-da-covid-tem-risco-maior-de-morrer-apos-a-infeccao-aponta-estud\/#primaryimage"},"image":{"@id":"https:\/\/regiaonews.net.br\/2022\/2021\/04\/23\/sobreviventes-da-covid-tem-risco-maior-de-morrer-apos-a-infeccao-aponta-estud\/#primaryimage"},"thumbnailUrl":"https:\/\/regiaonews.net.br\/2022\/wp-content\/uploads\/2020\/03\/coronavirus-covid-19.jpg","datePublished":"2021-04-23T15:58:55+00:00","dateModified":"2021-04-23T18:36:22+00:00","breadcrumb":{"@id":"https:\/\/regiaonews.net.br\/2022\/2021\/04\/23\/sobreviventes-da-covid-tem-risco-maior-de-morrer-apos-a-infeccao-aponta-estud\/#breadcrumb"},"inLanguage":"pt-BR","potentialAction":[{"@type":"ReadAction","target":["https:\/\/regiaonews.net.br\/2022\/2021\/04\/23\/sobreviventes-da-covid-tem-risco-maior-de-morrer-apos-a-infeccao-aponta-estud\/"]}]},{"@type":"ImageObject","inLanguage":"pt-BR","@id":"https:\/\/regiaonews.net.br\/2022\/2021\/04\/23\/sobreviventes-da-covid-tem-risco-maior-de-morrer-apos-a-infeccao-aponta-estud\/#primaryimage","url":"https:\/\/regiaonews.net.br\/2022\/wp-content\/uploads\/2020\/03\/coronavirus-covid-19.jpg","contentUrl":"https:\/\/regiaonews.net.br\/2022\/wp-content\/uploads\/2020\/03\/coronavirus-covid-19.jpg","width":735,"height":393},{"@type":"BreadcrumbList","@id":"https:\/\/regiaonews.net.br\/2022\/2021\/04\/23\/sobreviventes-da-covid-tem-risco-maior-de-morrer-apos-a-infeccao-aponta-estud\/#breadcrumb","itemListElement":[{"@type":"ListItem","position":1,"name":"In\u00edcio","item":"https:\/\/regiaonews.net.br\/2022\/"},{"@type":"ListItem","position":2,"name":"Sobreviventes da Covid t\u00eam risco maior de morrer ap\u00f3s a infec\u00e7\u00e3o, aponta estudo"}]},{"@type":"WebSite","@id":"https:\/\/regiaonews.net.br\/2022\/#website","url":"https:\/\/regiaonews.net.br\/2022\/","name":"Regi\u00e3o News","description":"Site de Not\u00edcias de Barretos e regi\u00e3o","publisher":{"@id":"https:\/\/regiaonews.net.br\/2022\/#organization"},"potentialAction":[{"@type":"SearchAction","target":{"@type":"EntryPoint","urlTemplate":"https:\/\/regiaonews.net.br\/2022\/?s={search_term_string}"},"query-input":{"@type":"PropertyValueSpecification","valueRequired":true,"valueName":"search_term_string"}}],"inLanguage":"pt-BR"},{"@type":"Organization","@id":"https:\/\/regiaonews.net.br\/2022\/#organization","name":"Regi\u00e3o News","url":"https:\/\/regiaonews.net.br\/2022\/","logo":{"@type":"ImageObject","inLanguage":"pt-BR","@id":"https:\/\/regiaonews.net.br\/2022\/#\/schema\/logo\/image\/","url":"https:\/\/regiaonews.net.br\/2022\/wp-content\/uploads\/2026\/03\/regiao-13-anos-scaled.jpg","contentUrl":"https:\/\/regiaonews.net.br\/2022\/wp-content\/uploads\/2026\/03\/regiao-13-anos-scaled.jpg","width":2560,"height":635,"caption":"Regi\u00e3o News"},"image":{"@id":"https:\/\/regiaonews.net.br\/2022\/#\/schema\/logo\/image\/"}},{"@type":"Person","@id":"https:\/\/regiaonews.net.br\/2022\/#\/schema\/person\/2d205a608a5aa97ac279d7a5e6d89ad8","name":"Roberto","image":{"@type":"ImageObject","inLanguage":"pt-BR","@id":"https:\/\/secure.gravatar.com\/avatar\/42749d8b712ff9d59ca93dc150494e5b55a44134482993f5baeb97e61b7ecc89?s=96&d=mm&r=g","url":"https:\/\/secure.gravatar.com\/avatar\/42749d8b712ff9d59ca93dc150494e5b55a44134482993f5baeb97e61b7ecc89?s=96&d=mm&r=g","contentUrl":"https:\/\/secure.gravatar.com\/avatar\/42749d8b712ff9d59ca93dc150494e5b55a44134482993f5baeb97e61b7ecc89?s=96&d=mm&r=g","caption":"Roberto"},"url":"https:\/\/regiaonews.net.br\/2022\/author\/roberto\/"}]}},"publishpress_future_action":{"enabled":false,"date":"2026-05-04 15:28:01","action":"change-status","newStatus":"draft","terms":[],"taxonomy":"category","extraData":[]},"publishpress_future_workflow_manual_trigger":{"enabledWorkflows":[]},"_links":{"self":[{"href":"https:\/\/regiaonews.net.br\/2022\/wp-json\/wp\/v2\/posts\/45802","targetHints":{"allow":["GET"]}}],"collection":[{"href":"https:\/\/regiaonews.net.br\/2022\/wp-json\/wp\/v2\/posts"}],"about":[{"href":"https:\/\/regiaonews.net.br\/2022\/wp-json\/wp\/v2\/types\/post"}],"author":[{"embeddable":true,"href":"https:\/\/regiaonews.net.br\/2022\/wp-json\/wp\/v2\/users\/2"}],"replies":[{"embeddable":true,"href":"https:\/\/regiaonews.net.br\/2022\/wp-json\/wp\/v2\/comments?post=45802"}],"version-history":[{"count":0,"href":"https:\/\/regiaonews.net.br\/2022\/wp-json\/wp\/v2\/posts\/45802\/revisions"}],"wp:featuredmedia":[{"embeddable":true,"href":"https:\/\/regiaonews.net.br\/2022\/wp-json\/wp\/v2\/media\/28946"}],"wp:attachment":[{"href":"https:\/\/regiaonews.net.br\/2022\/wp-json\/wp\/v2\/media?parent=45802"}],"wp:term":[{"taxonomy":"category","embeddable":true,"href":"https:\/\/regiaonews.net.br\/2022\/wp-json\/wp\/v2\/categories?post=45802"},{"taxonomy":"post_tag","embeddable":true,"href":"https:\/\/regiaonews.net.br\/2022\/wp-json\/wp\/v2\/tags?post=45802"}],"curies":[{"name":"wp","href":"https:\/\/api.w.org\/{rel}","templated":true}]}}