{"id":45787,"date":"2021-04-23T11:36:05","date_gmt":"2021-04-23T14:36:05","guid":{"rendered":"https:\/\/regiaonews.net.br\/2022\/?p=45787"},"modified":"2021-04-23T11:40:13","modified_gmt":"2021-04-23T14:40:13","slug":"guaira-apresenta-queda-de-quase-35-nos-casos-de-covid-19-apos-lockdown","status":"publish","type":"post","link":"https:\/\/regiaonews.net.br\/2022\/2021\/04\/23\/guaira-apresenta-queda-de-quase-35-nos-casos-de-covid-19-apos-lockdown\/","title":{"rendered":"Gua\u00edra apresenta queda de quase 35% nos casos de Covid-19 ap\u00f3s Lockdown"},"content":{"rendered":"<p><a href=\"https:\/\/regiaonews.net.br\/2022\/wp-content\/uploads\/2021\/04\/e230cfbe-bd6f-4f0b-933a-b058854eaf9d.jpg\"><img loading=\"lazy\" decoding=\"async\" class=\"alignnone size-medium wp-image-45788\" src=\"https:\/\/regiaonews.net.br\/2022\/wp-content\/uploads\/2021\/04\/e230cfbe-bd6f-4f0b-933a-b058854eaf9d-300x200.jpg\" alt=\"\" width=\"300\" height=\"200\" \/><\/a><\/p>\n<p>Foto \u2013 Sede da Santa Casa de Gua\u00edra<\/p>\n<p>Informa\u00e7\u00f5es obtidas junto ao Departamento de Comunica\u00e7\u00e3o da Prefeitura de Gua\u00edra, mostra que o lockdown realizado na cidade, no per\u00edodo de 1\u00ba a 7 de abril, contribuiu para uma redu\u00e7\u00e3o de quase 35% de casos de Covid-19, na cidade. Segundo os dados, na semana de 26 de mar\u00e7o a 1\u00ba de abril, antes do in\u00edcio do lockdown, Gua\u00edra registrou 182 casos, dando uma m\u00e9dia de 26 casos por dia. J\u00e1 ap\u00f3s 15 dias, o per\u00edodo de fechamento da cidade, a m\u00e9dia de casos caiu para 17 casos por dia, com o registro de 119 casos entre os dias 16 e 22 de abril, uma queda de aproximadamente 35% nos casos.<br \/>\nSegundo a assessoria da Prefeitura de Gua\u00edra, o grip\u00e1rio da Santa Casa, tamb\u00e9m apresentou queda nas interna\u00e7\u00f5es, sendo que dos 19 leitos existentes, ontem 11 estavam ocupados, com tr\u00eas aguardando vaga do Cross para interna\u00e7\u00e3o em UTI na regi\u00e3o de Barretos.<\/p>\n","protected":false},"excerpt":{"rendered":"<p>Foto \u2013 Sede da Santa Casa de Gua\u00edra Informa\u00e7\u00f5es obtidas<\/p>\n","protected":false},"author":2,"featured_media":45788,"comment_status":"open","ping_status":"open","sticky":false,"template":"","format":"standard","meta":{"footnotes":""},"categories":[25,8],"tags":[],"class_list":["post-45787","post","type-post","status-publish","format-standard","has-post-thumbnail","hentry","category-cidades","category-guaira"],"yoast_head":"<!-- This site is optimized with the Yoast SEO plugin v27.4 - https:\/\/yoast.com\/product\/yoast-seo-wordpress\/ -->\n<title>Gua\u00edra apresenta queda de quase 35% nos casos de Covid-19 ap\u00f3s Lockdown - Regi\u00e3o News<\/title>\n<meta name=\"robots\" content=\"index, follow, max-snippet:-1, max-image-preview:large, max-video-preview:-1\" \/>\n<link rel=\"canonical\" href=\"https:\/\/regiaonews.net.br\/2022\/2021\/04\/23\/guaira-apresenta-queda-de-quase-35-nos-casos-de-covid-19-apos-lockdown\/\" \/>\n<meta property=\"og:locale\" content=\"pt_BR\" \/>\n<meta property=\"og:type\" content=\"article\" \/>\n<meta property=\"og:title\" content=\"Gua\u00edra apresenta queda de quase 35% nos casos de Covid-19 ap\u00f3s Lockdown - Regi\u00e3o News\" \/>\n<meta property=\"og:description\" content=\"Foto \u2013 Sede da Santa Casa de Gua\u00edra Informa\u00e7\u00f5es obtidas\" \/>\n<meta property=\"og:url\" content=\"https:\/\/regiaonews.net.br\/2022\/2021\/04\/23\/guaira-apresenta-queda-de-quase-35-nos-casos-de-covid-19-apos-lockdown\/\" \/>\n<meta property=\"og:site_name\" content=\"Regi\u00e3o News\" \/>\n<meta property=\"article:published_time\" content=\"2021-04-23T14:36:05+00:00\" \/>\n<meta property=\"article:modified_time\" content=\"2021-04-23T14:40:13+00:00\" \/>\n<meta property=\"og:image\" content=\"https:\/\/regiaonews.net.br\/2022\/wp-content\/uploads\/2021\/04\/e230cfbe-bd6f-4f0b-933a-b058854eaf9d.jpg\" \/>\n\t<meta property=\"og:image:width\" content=\"1280\" \/>\n\t<meta property=\"og:image:height\" content=\"853\" \/>\n\t<meta property=\"og:image:type\" content=\"image\/jpeg\" \/>\n<meta name=\"author\" content=\"Roberto\" \/>\n<meta name=\"twitter:card\" content=\"summary_large_image\" \/>\n<meta name=\"twitter:label1\" content=\"Escrito por\" \/>\n\t<meta name=\"twitter:data1\" content=\"Roberto\" \/>\n\t<meta name=\"twitter:label2\" content=\"Est. tempo de leitura\" \/>\n\t<meta name=\"twitter:data2\" content=\"1 minuto\" \/>\n<script type=\"application\/ld+json\" class=\"yoast-schema-graph\">{\"@context\":\"https:\\\/\\\/schema.org\",\"@graph\":[{\"@type\":\"Article\",\"@id\":\"https:\\\/\\\/regiaonews.net.br\\\/2022\\\/2021\\\/04\\\/23\\\/guaira-apresenta-queda-de-quase-35-nos-casos-de-covid-19-apos-lockdown\\\/#article\",\"isPartOf\":{\"@id\":\"https:\\\/\\\/regiaonews.net.br\\\/2022\\\/2021\\\/04\\\/23\\\/guaira-apresenta-queda-de-quase-35-nos-casos-de-covid-19-apos-lockdown\\\/\"},\"author\":{\"name\":\"Roberto\",\"@id\":\"https:\\\/\\\/regiaonews.net.br\\\/2022\\\/#\\\/schema\\\/person\\\/2d205a608a5aa97ac279d7a5e6d89ad8\"},\"headline\":\"Gua\u00edra apresenta queda de quase 35% nos casos de Covid-19 ap\u00f3s Lockdown\",\"datePublished\":\"2021-04-23T14:36:05+00:00\",\"dateModified\":\"2021-04-23T14:40:13+00:00\",\"mainEntityOfPage\":{\"@id\":\"https:\\\/\\\/regiaonews.net.br\\\/2022\\\/2021\\\/04\\\/23\\\/guaira-apresenta-queda-de-quase-35-nos-casos-de-covid-19-apos-lockdown\\\/\"},\"wordCount\":176,\"commentCount\":0,\"publisher\":{\"@id\":\"https:\\\/\\\/regiaonews.net.br\\\/2022\\\/#organization\"},\"image\":{\"@id\":\"https:\\\/\\\/regiaonews.net.br\\\/2022\\\/2021\\\/04\\\/23\\\/guaira-apresenta-queda-de-quase-35-nos-casos-de-covid-19-apos-lockdown\\\/#primaryimage\"},\"thumbnailUrl\":\"https:\\\/\\\/regiaonews.net.br\\\/2022\\\/wp-content\\\/uploads\\\/2021\\\/04\\\/e230cfbe-bd6f-4f0b-933a-b058854eaf9d.jpg\",\"articleSection\":[\"Cidades\",\"Gua\u00edra\"],\"inLanguage\":\"pt-BR\",\"potentialAction\":[{\"@type\":\"CommentAction\",\"name\":\"Comment\",\"target\":[\"https:\\\/\\\/regiaonews.net.br\\\/2022\\\/2021\\\/04\\\/23\\\/guaira-apresenta-queda-de-quase-35-nos-casos-de-covid-19-apos-lockdown\\\/#respond\"]}]},{\"@type\":\"WebPage\",\"@id\":\"https:\\\/\\\/regiaonews.net.br\\\/2022\\\/2021\\\/04\\\/23\\\/guaira-apresenta-queda-de-quase-35-nos-casos-de-covid-19-apos-lockdown\\\/\",\"url\":\"https:\\\/\\\/regiaonews.net.br\\\/2022\\\/2021\\\/04\\\/23\\\/guaira-apresenta-queda-de-quase-35-nos-casos-de-covid-19-apos-lockdown\\\/\",\"name\":\"Gua\u00edra apresenta queda de quase 35% nos casos de Covid-19 ap\u00f3s Lockdown - Regi\u00e3o News\",\"isPartOf\":{\"@id\":\"https:\\\/\\\/regiaonews.net.br\\\/2022\\\/#website\"},\"primaryImageOfPage\":{\"@id\":\"https:\\\/\\\/regiaonews.net.br\\\/2022\\\/2021\\\/04\\\/23\\\/guaira-apresenta-queda-de-quase-35-nos-casos-de-covid-19-apos-lockdown\\\/#primaryimage\"},\"image\":{\"@id\":\"https:\\\/\\\/regiaonews.net.br\\\/2022\\\/2021\\\/04\\\/23\\\/guaira-apresenta-queda-de-quase-35-nos-casos-de-covid-19-apos-lockdown\\\/#primaryimage\"},\"thumbnailUrl\":\"https:\\\/\\\/regiaonews.net.br\\\/2022\\\/wp-content\\\/uploads\\\/2021\\\/04\\\/e230cfbe-bd6f-4f0b-933a-b058854eaf9d.jpg\",\"datePublished\":\"2021-04-23T14:36:05+00:00\",\"dateModified\":\"2021-04-23T14:40:13+00:00\",\"breadcrumb\":{\"@id\":\"https:\\\/\\\/regiaonews.net.br\\\/2022\\\/2021\\\/04\\\/23\\\/guaira-apresenta-queda-de-quase-35-nos-casos-de-covid-19-apos-lockdown\\\/#breadcrumb\"},\"inLanguage\":\"pt-BR\",\"potentialAction\":[{\"@type\":\"ReadAction\",\"target\":[\"https:\\\/\\\/regiaonews.net.br\\\/2022\\\/2021\\\/04\\\/23\\\/guaira-apresenta-queda-de-quase-35-nos-casos-de-covid-19-apos-lockdown\\\/\"]}]},{\"@type\":\"ImageObject\",\"inLanguage\":\"pt-BR\",\"@id\":\"https:\\\/\\\/regiaonews.net.br\\\/2022\\\/2021\\\/04\\\/23\\\/guaira-apresenta-queda-de-quase-35-nos-casos-de-covid-19-apos-lockdown\\\/#primaryimage\",\"url\":\"https:\\\/\\\/regiaonews.net.br\\\/2022\\\/wp-content\\\/uploads\\\/2021\\\/04\\\/e230cfbe-bd6f-4f0b-933a-b058854eaf9d.jpg\",\"contentUrl\":\"https:\\\/\\\/regiaonews.net.br\\\/2022\\\/wp-content\\\/uploads\\\/2021\\\/04\\\/e230cfbe-bd6f-4f0b-933a-b058854eaf9d.jpg\",\"width\":1280,\"height\":853},{\"@type\":\"BreadcrumbList\",\"@id\":\"https:\\\/\\\/regiaonews.net.br\\\/2022\\\/2021\\\/04\\\/23\\\/guaira-apresenta-queda-de-quase-35-nos-casos-de-covid-19-apos-lockdown\\\/#breadcrumb\",\"itemListElement\":[{\"@type\":\"ListItem\",\"position\":1,\"name\":\"In\u00edcio\",\"item\":\"https:\\\/\\\/regiaonews.net.br\\\/2022\\\/\"},{\"@type\":\"ListItem\",\"position\":2,\"name\":\"Gua\u00edra apresenta queda de quase 35% nos casos de Covid-19 ap\u00f3s Lockdown\"}]},{\"@type\":\"WebSite\",\"@id\":\"https:\\\/\\\/regiaonews.net.br\\\/2022\\\/#website\",\"url\":\"https:\\\/\\\/regiaonews.net.br\\\/2022\\\/\",\"name\":\"Regi\u00e3o News\",\"description\":\"Site de Not\u00edcias de Barretos e regi\u00e3o\",\"publisher\":{\"@id\":\"https:\\\/\\\/regiaonews.net.br\\\/2022\\\/#organization\"},\"potentialAction\":[{\"@type\":\"SearchAction\",\"target\":{\"@type\":\"EntryPoint\",\"urlTemplate\":\"https:\\\/\\\/regiaonews.net.br\\\/2022\\\/?s={search_term_string}\"},\"query-input\":{\"@type\":\"PropertyValueSpecification\",\"valueRequired\":true,\"valueName\":\"search_term_string\"}}],\"inLanguage\":\"pt-BR\"},{\"@type\":\"Organization\",\"@id\":\"https:\\\/\\\/regiaonews.net.br\\\/2022\\\/#organization\",\"name\":\"Regi\u00e3o News\",\"url\":\"https:\\\/\\\/regiaonews.net.br\\\/2022\\\/\",\"logo\":{\"@type\":\"ImageObject\",\"inLanguage\":\"pt-BR\",\"@id\":\"https:\\\/\\\/regiaonews.net.br\\\/2022\\\/#\\\/schema\\\/logo\\\/image\\\/\",\"url\":\"https:\\\/\\\/regiaonews.net.br\\\/2022\\\/wp-content\\\/uploads\\\/2026\\\/03\\\/regiao-13-anos-scaled.jpg\",\"contentUrl\":\"https:\\\/\\\/regiaonews.net.br\\\/2022\\\/wp-content\\\/uploads\\\/2026\\\/03\\\/regiao-13-anos-scaled.jpg\",\"width\":2560,\"height\":635,\"caption\":\"Regi\u00e3o News\"},\"image\":{\"@id\":\"https:\\\/\\\/regiaonews.net.br\\\/2022\\\/#\\\/schema\\\/logo\\\/image\\\/\"}},{\"@type\":\"Person\",\"@id\":\"https:\\\/\\\/regiaonews.net.br\\\/2022\\\/#\\\/schema\\\/person\\\/2d205a608a5aa97ac279d7a5e6d89ad8\",\"name\":\"Roberto\",\"image\":{\"@type\":\"ImageObject\",\"inLanguage\":\"pt-BR\",\"@id\":\"https:\\\/\\\/secure.gravatar.com\\\/avatar\\\/42749d8b712ff9d59ca93dc150494e5b55a44134482993f5baeb97e61b7ecc89?s=96&d=mm&r=g\",\"url\":\"https:\\\/\\\/secure.gravatar.com\\\/avatar\\\/42749d8b712ff9d59ca93dc150494e5b55a44134482993f5baeb97e61b7ecc89?s=96&d=mm&r=g\",\"contentUrl\":\"https:\\\/\\\/secure.gravatar.com\\\/avatar\\\/42749d8b712ff9d59ca93dc150494e5b55a44134482993f5baeb97e61b7ecc89?s=96&d=mm&r=g\",\"caption\":\"Roberto\"},\"url\":\"https:\\\/\\\/regiaonews.net.br\\\/2022\\\/author\\\/roberto\\\/\"}]}<\/script>\n<!-- \/ Yoast SEO plugin. -->","yoast_head_json":{"title":"Gua\u00edra apresenta queda de quase 35% nos casos de Covid-19 ap\u00f3s Lockdown - Regi\u00e3o News","robots":{"index":"index","follow":"follow","max-snippet":"max-snippet:-1","max-image-preview":"max-image-preview:large","max-video-preview":"max-video-preview:-1"},"canonical":"https:\/\/regiaonews.net.br\/2022\/2021\/04\/23\/guaira-apresenta-queda-de-quase-35-nos-casos-de-covid-19-apos-lockdown\/","og_locale":"pt_BR","og_type":"article","og_title":"Gua\u00edra apresenta queda de quase 35% nos casos de Covid-19 ap\u00f3s Lockdown - Regi\u00e3o News","og_description":"Foto \u2013 Sede da Santa Casa de Gua\u00edra Informa\u00e7\u00f5es obtidas","og_url":"https:\/\/regiaonews.net.br\/2022\/2021\/04\/23\/guaira-apresenta-queda-de-quase-35-nos-casos-de-covid-19-apos-lockdown\/","og_site_name":"Regi\u00e3o News","article_published_time":"2021-04-23T14:36:05+00:00","article_modified_time":"2021-04-23T14:40:13+00:00","og_image":[{"width":1280,"height":853,"url":"https:\/\/regiaonews.net.br\/2022\/wp-content\/uploads\/2021\/04\/e230cfbe-bd6f-4f0b-933a-b058854eaf9d.jpg","type":"image\/jpeg"}],"author":"Roberto","twitter_card":"summary_large_image","twitter_misc":{"Escrito por":"Roberto","Est. tempo de leitura":"1 minuto"},"schema":{"@context":"https:\/\/schema.org","@graph":[{"@type":"Article","@id":"https:\/\/regiaonews.net.br\/2022\/2021\/04\/23\/guaira-apresenta-queda-de-quase-35-nos-casos-de-covid-19-apos-lockdown\/#article","isPartOf":{"@id":"https:\/\/regiaonews.net.br\/2022\/2021\/04\/23\/guaira-apresenta-queda-de-quase-35-nos-casos-de-covid-19-apos-lockdown\/"},"author":{"name":"Roberto","@id":"https:\/\/regiaonews.net.br\/2022\/#\/schema\/person\/2d205a608a5aa97ac279d7a5e6d89ad8"},"headline":"Gua\u00edra apresenta queda de quase 35% nos casos de Covid-19 ap\u00f3s Lockdown","datePublished":"2021-04-23T14:36:05+00:00","dateModified":"2021-04-23T14:40:13+00:00","mainEntityOfPage":{"@id":"https:\/\/regiaonews.net.br\/2022\/2021\/04\/23\/guaira-apresenta-queda-de-quase-35-nos-casos-de-covid-19-apos-lockdown\/"},"wordCount":176,"commentCount":0,"publisher":{"@id":"https:\/\/regiaonews.net.br\/2022\/#organization"},"image":{"@id":"https:\/\/regiaonews.net.br\/2022\/2021\/04\/23\/guaira-apresenta-queda-de-quase-35-nos-casos-de-covid-19-apos-lockdown\/#primaryimage"},"thumbnailUrl":"https:\/\/regiaonews.net.br\/2022\/wp-content\/uploads\/2021\/04\/e230cfbe-bd6f-4f0b-933a-b058854eaf9d.jpg","articleSection":["Cidades","Gua\u00edra"],"inLanguage":"pt-BR","potentialAction":[{"@type":"CommentAction","name":"Comment","target":["https:\/\/regiaonews.net.br\/2022\/2021\/04\/23\/guaira-apresenta-queda-de-quase-35-nos-casos-de-covid-19-apos-lockdown\/#respond"]}]},{"@type":"WebPage","@id":"https:\/\/regiaonews.net.br\/2022\/2021\/04\/23\/guaira-apresenta-queda-de-quase-35-nos-casos-de-covid-19-apos-lockdown\/","url":"https:\/\/regiaonews.net.br\/2022\/2021\/04\/23\/guaira-apresenta-queda-de-quase-35-nos-casos-de-covid-19-apos-lockdown\/","name":"Gua\u00edra apresenta queda de quase 35% nos casos de Covid-19 ap\u00f3s Lockdown - Regi\u00e3o News","isPartOf":{"@id":"https:\/\/regiaonews.net.br\/2022\/#website"},"primaryImageOfPage":{"@id":"https:\/\/regiaonews.net.br\/2022\/2021\/04\/23\/guaira-apresenta-queda-de-quase-35-nos-casos-de-covid-19-apos-lockdown\/#primaryimage"},"image":{"@id":"https:\/\/regiaonews.net.br\/2022\/2021\/04\/23\/guaira-apresenta-queda-de-quase-35-nos-casos-de-covid-19-apos-lockdown\/#primaryimage"},"thumbnailUrl":"https:\/\/regiaonews.net.br\/2022\/wp-content\/uploads\/2021\/04\/e230cfbe-bd6f-4f0b-933a-b058854eaf9d.jpg","datePublished":"2021-04-23T14:36:05+00:00","dateModified":"2021-04-23T14:40:13+00:00","breadcrumb":{"@id":"https:\/\/regiaonews.net.br\/2022\/2021\/04\/23\/guaira-apresenta-queda-de-quase-35-nos-casos-de-covid-19-apos-lockdown\/#breadcrumb"},"inLanguage":"pt-BR","potentialAction":[{"@type":"ReadAction","target":["https:\/\/regiaonews.net.br\/2022\/2021\/04\/23\/guaira-apresenta-queda-de-quase-35-nos-casos-de-covid-19-apos-lockdown\/"]}]},{"@type":"ImageObject","inLanguage":"pt-BR","@id":"https:\/\/regiaonews.net.br\/2022\/2021\/04\/23\/guaira-apresenta-queda-de-quase-35-nos-casos-de-covid-19-apos-lockdown\/#primaryimage","url":"https:\/\/regiaonews.net.br\/2022\/wp-content\/uploads\/2021\/04\/e230cfbe-bd6f-4f0b-933a-b058854eaf9d.jpg","contentUrl":"https:\/\/regiaonews.net.br\/2022\/wp-content\/uploads\/2021\/04\/e230cfbe-bd6f-4f0b-933a-b058854eaf9d.jpg","width":1280,"height":853},{"@type":"BreadcrumbList","@id":"https:\/\/regiaonews.net.br\/2022\/2021\/04\/23\/guaira-apresenta-queda-de-quase-35-nos-casos-de-covid-19-apos-lockdown\/#breadcrumb","itemListElement":[{"@type":"ListItem","position":1,"name":"In\u00edcio","item":"https:\/\/regiaonews.net.br\/2022\/"},{"@type":"ListItem","position":2,"name":"Gua\u00edra apresenta queda de quase 35% nos casos de Covid-19 ap\u00f3s Lockdown"}]},{"@type":"WebSite","@id":"https:\/\/regiaonews.net.br\/2022\/#website","url":"https:\/\/regiaonews.net.br\/2022\/","name":"Regi\u00e3o News","description":"Site de Not\u00edcias de Barretos e regi\u00e3o","publisher":{"@id":"https:\/\/regiaonews.net.br\/2022\/#organization"},"potentialAction":[{"@type":"SearchAction","target":{"@type":"EntryPoint","urlTemplate":"https:\/\/regiaonews.net.br\/2022\/?s={search_term_string}"},"query-input":{"@type":"PropertyValueSpecification","valueRequired":true,"valueName":"search_term_string"}}],"inLanguage":"pt-BR"},{"@type":"Organization","@id":"https:\/\/regiaonews.net.br\/2022\/#organization","name":"Regi\u00e3o News","url":"https:\/\/regiaonews.net.br\/2022\/","logo":{"@type":"ImageObject","inLanguage":"pt-BR","@id":"https:\/\/regiaonews.net.br\/2022\/#\/schema\/logo\/image\/","url":"https:\/\/regiaonews.net.br\/2022\/wp-content\/uploads\/2026\/03\/regiao-13-anos-scaled.jpg","contentUrl":"https:\/\/regiaonews.net.br\/2022\/wp-content\/uploads\/2026\/03\/regiao-13-anos-scaled.jpg","width":2560,"height":635,"caption":"Regi\u00e3o News"},"image":{"@id":"https:\/\/regiaonews.net.br\/2022\/#\/schema\/logo\/image\/"}},{"@type":"Person","@id":"https:\/\/regiaonews.net.br\/2022\/#\/schema\/person\/2d205a608a5aa97ac279d7a5e6d89ad8","name":"Roberto","image":{"@type":"ImageObject","inLanguage":"pt-BR","@id":"https:\/\/secure.gravatar.com\/avatar\/42749d8b712ff9d59ca93dc150494e5b55a44134482993f5baeb97e61b7ecc89?s=96&d=mm&r=g","url":"https:\/\/secure.gravatar.com\/avatar\/42749d8b712ff9d59ca93dc150494e5b55a44134482993f5baeb97e61b7ecc89?s=96&d=mm&r=g","contentUrl":"https:\/\/secure.gravatar.com\/avatar\/42749d8b712ff9d59ca93dc150494e5b55a44134482993f5baeb97e61b7ecc89?s=96&d=mm&r=g","caption":"Roberto"},"url":"https:\/\/regiaonews.net.br\/2022\/author\/roberto\/"}]}},"publishpress_future_action":{"enabled":false,"date":"2026-05-04 09:13:27","action":"change-status","newStatus":"draft","terms":[],"taxonomy":"category","extraData":[]},"publishpress_future_workflow_manual_trigger":{"enabledWorkflows":[]},"_links":{"self":[{"href":"https:\/\/regiaonews.net.br\/2022\/wp-json\/wp\/v2\/posts\/45787","targetHints":{"allow":["GET"]}}],"collection":[{"href":"https:\/\/regiaonews.net.br\/2022\/wp-json\/wp\/v2\/posts"}],"about":[{"href":"https:\/\/regiaonews.net.br\/2022\/wp-json\/wp\/v2\/types\/post"}],"author":[{"embeddable":true,"href":"https:\/\/regiaonews.net.br\/2022\/wp-json\/wp\/v2\/users\/2"}],"replies":[{"embeddable":true,"href":"https:\/\/regiaonews.net.br\/2022\/wp-json\/wp\/v2\/comments?post=45787"}],"version-history":[{"count":0,"href":"https:\/\/regiaonews.net.br\/2022\/wp-json\/wp\/v2\/posts\/45787\/revisions"}],"wp:featuredmedia":[{"embeddable":true,"href":"https:\/\/regiaonews.net.br\/2022\/wp-json\/wp\/v2\/media\/45788"}],"wp:attachment":[{"href":"https:\/\/regiaonews.net.br\/2022\/wp-json\/wp\/v2\/media?parent=45787"}],"wp:term":[{"taxonomy":"category","embeddable":true,"href":"https:\/\/regiaonews.net.br\/2022\/wp-json\/wp\/v2\/categories?post=45787"},{"taxonomy":"post_tag","embeddable":true,"href":"https:\/\/regiaonews.net.br\/2022\/wp-json\/wp\/v2\/tags?post=45787"}],"curies":[{"name":"wp","href":"https:\/\/api.w.org\/{rel}","templated":true}]}}