{"id":45772,"date":"2021-04-22T20:58:54","date_gmt":"2021-04-22T23:58:54","guid":{"rendered":"https:\/\/regiaonews.net.br\/2022\/?p=45772"},"modified":"2021-04-22T20:58:54","modified_gmt":"2021-04-22T23:58:54","slug":"maioria-do-stf-mantem-decisao-que-declarou-moro-parcial-ao-condenar-lula-julgamento-e-suspenso","status":"publish","type":"post","link":"https:\/\/regiaonews.net.br\/2022\/2021\/04\/22\/maioria-do-stf-mantem-decisao-que-declarou-moro-parcial-ao-condenar-lula-julgamento-e-suspenso\/","title":{"rendered":"Maioria do STF mant\u00e9m decis\u00e3o que declarou Moro parcial ao condenar Lula; julgamento \u00e9 suspenso"},"content":{"rendered":"<p><a href=\"https:\/\/regiaonews.net.br\/2022\/wp-content\/uploads\/2019\/04\/lula-vel\u00f3rio.jpg\"><img loading=\"lazy\" decoding=\"async\" class=\"alignnone size-medium wp-image-19595\" src=\"https:\/\/regiaonews.net.br\/2022\/wp-content\/uploads\/2019\/04\/lula-vel\u00f3rio-300x200.jpg\" alt=\"\" width=\"300\" height=\"200\" \/><\/a><\/p>\n<div class=\"mc-column content-text active-extra-styles active-capital-letter\" data-block-type=\"unstyled\" data-block-weight=\"51\" data-block-id=\"1\">\n<p class=\"content-text__container theme-color-primary-first-letter\" data-track-category=\"Link no Texto\" data-track-links=\"\">O plen\u00e1rio do\u00a0<a href=\"https:\/\/g1.globo.com\/tudo-sobre\/supremo-tribunal-federal\/\">Supremo Tribunal Federal (STF)<\/a>\u00a0formou nesta quinta-feira (22) maioria a favor da manuten\u00e7\u00e3o da decis\u00e3o da Segunda Turma da Corte segundo a qual o ex-juiz Sergio Moro agiu parcialmente no processo em que condenou o ex-presidente\u00a0<a href=\"https:\/\/g1.globo.com\/politica\/politico\/lula\/\">Luiz In\u00e1cio Lula da Silva<\/a>\u00a0no caso do triplex em Guaruj\u00e1.<\/p>\n<\/div>\n<div class=\"wall protected-content\">\n<div class=\"mc-column content-text active-extra-styles \" data-block-type=\"unstyled\" data-block-weight=\"43\" data-block-id=\"2\">\n<p class=\"content-text__container \" data-track-category=\"Link no Texto\" data-track-links=\"\">O julgamento foi suspenso em raz\u00e3o de pedido de vista (mais tempo para analisar o processo) de Marco Aur\u00e9lio Mello e ser\u00e1 retomado depois que o ministro devolver o processo e uma nova data for definida pelo presidente do STF, ministro Luiz Fux.<\/p>\n<\/div>\n<div class=\"mc-column content-text active-extra-styles \" data-block-type=\"unstyled\" data-block-weight=\"50\" data-block-id=\"3\">\n<p class=\"content-text__container \" data-track-category=\"Link no Texto\" data-track-links=\"\">No momento da interrup\u00e7\u00e3o, havia sete votos pela manuten\u00e7\u00e3o da decis\u00e3o da Segunda Turma (Gilmar Mendes, Nunes Marques, Alexandre de Moraes, Ricardo Lewandowski, Dias Toffoli, C\u00e1rmen L\u00facia e Rosa Weber) e dois pela revoga\u00e7\u00e3o (Edson Fachin e Lu\u00eds Roberto Barroso). Faltam os votos de Marco Aur\u00e9lio Mello e Luiz Fux.<\/p>\n<\/div>\n<div class=\"mc-column content-text active-extra-styles \" data-block-type=\"unstyled\" data-block-weight=\"48\" data-block-id=\"4\">\n<p class=\"content-text__container \" data-track-category=\"Link no Texto\" data-track-links=\"\">A decis\u00e3o da Segunda Turma teve de ser apreciada pelo plen\u00e1rio porque, ao\u00a0<a href=\"https:\/\/g1.globo.com\/politica\/noticia\/2021\/03\/08\/fachin-anula-condenacoes-de-lula-relacionadas-a-operacao-lava-jato.ghtml\">anular as condena\u00e7\u00f5es de Lula<\/a>, em decis\u00e3o individual em 8 de mar\u00e7o, o ministro Edson Fachin entendeu que, se a condena\u00e7\u00e3o estava anulada, era descabido um pedido da defesa de declara\u00e7\u00e3o da suspei\u00e7\u00e3o do ex-juiz.<\/p>\n<\/div>\n<div class=\"mc-column content-text active-extra-styles \" data-block-type=\"unstyled\" data-block-weight=\"22\" data-block-id=\"5\">\n<p class=\"content-text__container \" data-track-category=\"Link no Texto\" data-track-links=\"\">Mesmo assim, a Segunda Turma decidiu julgar o pedido, em 23 de mar\u00e7o, e,\u00a0<a href=\"https:\/\/g1.globo.com\/politica\/noticia\/2021\/03\/23\/carmen-lucia-muda-voto-e-2a-turma-do-stf-declara-que-moro-foi-parcial-ao-condenar-lula.ghtml\">por 3 votos a 2, declarou Moro parcial<\/a>.<\/p>\n<\/div>\n<div class=\"mc-column content-text active-extra-styles \" data-block-type=\"unstyled\" data-block-weight=\"28\" data-block-id=\"6\">\n<p class=\"content-text__container \" data-track-category=\"Link no Texto\" data-track-links=\"\">Isso gerou um conflito entre a decis\u00e3o individual do ministro e a decis\u00e3o da turma, o que fez com que o caso fosse levado para decis\u00e3o do plen\u00e1rio.<\/p>\n<\/div>\n<div class=\"mc-column content-text active-extra-styles \" data-block-type=\"unstyled\" data-block-weight=\"62\" data-block-id=\"7\">\n<p class=\"content-text__container \" data-track-category=\"Link no Texto\" data-track-links=\"\">Com a manuten\u00e7\u00e3o pelo plen\u00e1rio da decis\u00e3o da Segunda Turma, a suspei\u00e7\u00e3o de Moro fica mantida no\u00a0<a href=\"https:\/\/g1.globo.com\/politica\/noticia\/entenda-a-condenacao-de-lula-no-caso-do-triplex.ghtml\">processo do triplex<\/a>. Assim, o caso precisar\u00e1 ser retomado da estaca zero pelos investigadores. As provas j\u00e1 colhidas ser\u00e3o anuladas e n\u00e3o poder\u00e3o ser utilizadas em um eventual novo julgamento pela Justi\u00e7a Federal do Distrito Federal, para onde o caso foi enviado .<\/p>\n<\/div>\n<\/div>\n<p>A decis\u00e3o do plen\u00e1rio vale somente para o caso de Lula. Advogados de outros condenados pelo ex-juiz poder\u00e3o, eventualmente, tentar derrubar as condena\u00e7\u00f5es dos clientes, mas ter\u00e3o de provar, nos casos espec\u00edficos, que Moro agiu com parcialidade.<\/p>\n<p>FONTE : G1<\/p>\n","protected":false},"excerpt":{"rendered":"<p>O plen\u00e1rio do\u00a0Supremo Tribunal Federal (STF)\u00a0formou nesta quinta-feira (22) maioria<\/p>\n","protected":false},"author":2,"featured_media":5178,"comment_status":"open","ping_status":"open","sticky":false,"template":"","format":"standard","meta":{"footnotes":""},"categories":[24,25],"tags":[],"class_list":["post-45772","post","type-post","status-publish","format-standard","has-post-thumbnail","hentry","category-brasil","category-cidades"],"yoast_head":"<!-- This site is optimized with the Yoast SEO plugin v27.4 - https:\/\/yoast.com\/product\/yoast-seo-wordpress\/ -->\n<title>Maioria do STF mant\u00e9m decis\u00e3o que declarou Moro parcial ao condenar Lula; julgamento \u00e9 suspenso - Regi\u00e3o News<\/title>\n<meta name=\"robots\" content=\"index, follow, max-snippet:-1, max-image-preview:large, max-video-preview:-1\" \/>\n<link rel=\"canonical\" href=\"https:\/\/regiaonews.net.br\/2022\/2021\/04\/22\/maioria-do-stf-mantem-decisao-que-declarou-moro-parcial-ao-condenar-lula-julgamento-e-suspenso\/\" \/>\n<meta property=\"og:locale\" content=\"pt_BR\" \/>\n<meta property=\"og:type\" content=\"article\" \/>\n<meta property=\"og:title\" content=\"Maioria do STF mant\u00e9m decis\u00e3o que declarou Moro parcial ao condenar Lula; julgamento \u00e9 suspenso - Regi\u00e3o News\" \/>\n<meta property=\"og:description\" content=\"O plen\u00e1rio do\u00a0Supremo Tribunal Federal (STF)\u00a0formou nesta quinta-feira (22) maioria\" \/>\n<meta property=\"og:url\" content=\"https:\/\/regiaonews.net.br\/2022\/2021\/04\/22\/maioria-do-stf-mantem-decisao-que-declarou-moro-parcial-ao-condenar-lula-julgamento-e-suspenso\/\" \/>\n<meta property=\"og:site_name\" content=\"Regi\u00e3o News\" \/>\n<meta property=\"article:published_time\" content=\"2021-04-22T23:58:54+00:00\" \/>\n<meta property=\"og:image\" content=\"https:\/\/regiaonews.net.br\/2022\/wp-content\/uploads\/2017\/06\/lula-e-mor.jpg\" \/>\n\t<meta property=\"og:image:width\" content=\"728\" \/>\n\t<meta property=\"og:image:height\" content=\"485\" \/>\n\t<meta property=\"og:image:type\" content=\"image\/jpeg\" \/>\n<meta name=\"author\" content=\"Roberto\" \/>\n<meta name=\"twitter:card\" content=\"summary_large_image\" \/>\n<meta name=\"twitter:label1\" content=\"Escrito por\" \/>\n\t<meta name=\"twitter:data1\" content=\"Roberto\" \/>\n\t<meta name=\"twitter:label2\" content=\"Est. tempo de leitura\" \/>\n\t<meta name=\"twitter:data2\" content=\"2 minutos\" \/>\n<script type=\"application\/ld+json\" class=\"yoast-schema-graph\">{\"@context\":\"https:\\\/\\\/schema.org\",\"@graph\":[{\"@type\":\"Article\",\"@id\":\"https:\\\/\\\/regiaonews.net.br\\\/2022\\\/2021\\\/04\\\/22\\\/maioria-do-stf-mantem-decisao-que-declarou-moro-parcial-ao-condenar-lula-julgamento-e-suspenso\\\/#article\",\"isPartOf\":{\"@id\":\"https:\\\/\\\/regiaonews.net.br\\\/2022\\\/2021\\\/04\\\/22\\\/maioria-do-stf-mantem-decisao-que-declarou-moro-parcial-ao-condenar-lula-julgamento-e-suspenso\\\/\"},\"author\":{\"name\":\"Roberto\",\"@id\":\"https:\\\/\\\/regiaonews.net.br\\\/2022\\\/#\\\/schema\\\/person\\\/2d205a608a5aa97ac279d7a5e6d89ad8\"},\"headline\":\"Maioria do STF mant\u00e9m decis\u00e3o que declarou Moro parcial ao condenar Lula; julgamento \u00e9 suspenso\",\"datePublished\":\"2021-04-22T23:58:54+00:00\",\"mainEntityOfPage\":{\"@id\":\"https:\\\/\\\/regiaonews.net.br\\\/2022\\\/2021\\\/04\\\/22\\\/maioria-do-stf-mantem-decisao-que-declarou-moro-parcial-ao-condenar-lula-julgamento-e-suspenso\\\/\"},\"wordCount\":391,\"commentCount\":0,\"publisher\":{\"@id\":\"https:\\\/\\\/regiaonews.net.br\\\/2022\\\/#organization\"},\"image\":{\"@id\":\"https:\\\/\\\/regiaonews.net.br\\\/2022\\\/2021\\\/04\\\/22\\\/maioria-do-stf-mantem-decisao-que-declarou-moro-parcial-ao-condenar-lula-julgamento-e-suspenso\\\/#primaryimage\"},\"thumbnailUrl\":\"https:\\\/\\\/regiaonews.net.br\\\/2022\\\/wp-content\\\/uploads\\\/2017\\\/06\\\/lula-e-mor.jpg\",\"articleSection\":[\"Brasil\",\"Cidades\"],\"inLanguage\":\"pt-BR\",\"potentialAction\":[{\"@type\":\"CommentAction\",\"name\":\"Comment\",\"target\":[\"https:\\\/\\\/regiaonews.net.br\\\/2022\\\/2021\\\/04\\\/22\\\/maioria-do-stf-mantem-decisao-que-declarou-moro-parcial-ao-condenar-lula-julgamento-e-suspenso\\\/#respond\"]}]},{\"@type\":\"WebPage\",\"@id\":\"https:\\\/\\\/regiaonews.net.br\\\/2022\\\/2021\\\/04\\\/22\\\/maioria-do-stf-mantem-decisao-que-declarou-moro-parcial-ao-condenar-lula-julgamento-e-suspenso\\\/\",\"url\":\"https:\\\/\\\/regiaonews.net.br\\\/2022\\\/2021\\\/04\\\/22\\\/maioria-do-stf-mantem-decisao-que-declarou-moro-parcial-ao-condenar-lula-julgamento-e-suspenso\\\/\",\"name\":\"Maioria do STF mant\u00e9m decis\u00e3o que declarou Moro parcial ao condenar Lula; julgamento \u00e9 suspenso - Regi\u00e3o News\",\"isPartOf\":{\"@id\":\"https:\\\/\\\/regiaonews.net.br\\\/2022\\\/#website\"},\"primaryImageOfPage\":{\"@id\":\"https:\\\/\\\/regiaonews.net.br\\\/2022\\\/2021\\\/04\\\/22\\\/maioria-do-stf-mantem-decisao-que-declarou-moro-parcial-ao-condenar-lula-julgamento-e-suspenso\\\/#primaryimage\"},\"image\":{\"@id\":\"https:\\\/\\\/regiaonews.net.br\\\/2022\\\/2021\\\/04\\\/22\\\/maioria-do-stf-mantem-decisao-que-declarou-moro-parcial-ao-condenar-lula-julgamento-e-suspenso\\\/#primaryimage\"},\"thumbnailUrl\":\"https:\\\/\\\/regiaonews.net.br\\\/2022\\\/wp-content\\\/uploads\\\/2017\\\/06\\\/lula-e-mor.jpg\",\"datePublished\":\"2021-04-22T23:58:54+00:00\",\"breadcrumb\":{\"@id\":\"https:\\\/\\\/regiaonews.net.br\\\/2022\\\/2021\\\/04\\\/22\\\/maioria-do-stf-mantem-decisao-que-declarou-moro-parcial-ao-condenar-lula-julgamento-e-suspenso\\\/#breadcrumb\"},\"inLanguage\":\"pt-BR\",\"potentialAction\":[{\"@type\":\"ReadAction\",\"target\":[\"https:\\\/\\\/regiaonews.net.br\\\/2022\\\/2021\\\/04\\\/22\\\/maioria-do-stf-mantem-decisao-que-declarou-moro-parcial-ao-condenar-lula-julgamento-e-suspenso\\\/\"]}]},{\"@type\":\"ImageObject\",\"inLanguage\":\"pt-BR\",\"@id\":\"https:\\\/\\\/regiaonews.net.br\\\/2022\\\/2021\\\/04\\\/22\\\/maioria-do-stf-mantem-decisao-que-declarou-moro-parcial-ao-condenar-lula-julgamento-e-suspenso\\\/#primaryimage\",\"url\":\"https:\\\/\\\/regiaonews.net.br\\\/2022\\\/wp-content\\\/uploads\\\/2017\\\/06\\\/lula-e-mor.jpg\",\"contentUrl\":\"https:\\\/\\\/regiaonews.net.br\\\/2022\\\/wp-content\\\/uploads\\\/2017\\\/06\\\/lula-e-mor.jpg\",\"width\":728,\"height\":485},{\"@type\":\"BreadcrumbList\",\"@id\":\"https:\\\/\\\/regiaonews.net.br\\\/2022\\\/2021\\\/04\\\/22\\\/maioria-do-stf-mantem-decisao-que-declarou-moro-parcial-ao-condenar-lula-julgamento-e-suspenso\\\/#breadcrumb\",\"itemListElement\":[{\"@type\":\"ListItem\",\"position\":1,\"name\":\"In\u00edcio\",\"item\":\"https:\\\/\\\/regiaonews.net.br\\\/2022\\\/\"},{\"@type\":\"ListItem\",\"position\":2,\"name\":\"Maioria do STF mant\u00e9m decis\u00e3o que declarou Moro parcial ao condenar Lula; julgamento \u00e9 suspenso\"}]},{\"@type\":\"WebSite\",\"@id\":\"https:\\\/\\\/regiaonews.net.br\\\/2022\\\/#website\",\"url\":\"https:\\\/\\\/regiaonews.net.br\\\/2022\\\/\",\"name\":\"Regi\u00e3o News\",\"description\":\"Site de Not\u00edcias de Barretos e regi\u00e3o\",\"publisher\":{\"@id\":\"https:\\\/\\\/regiaonews.net.br\\\/2022\\\/#organization\"},\"potentialAction\":[{\"@type\":\"SearchAction\",\"target\":{\"@type\":\"EntryPoint\",\"urlTemplate\":\"https:\\\/\\\/regiaonews.net.br\\\/2022\\\/?s={search_term_string}\"},\"query-input\":{\"@type\":\"PropertyValueSpecification\",\"valueRequired\":true,\"valueName\":\"search_term_string\"}}],\"inLanguage\":\"pt-BR\"},{\"@type\":\"Organization\",\"@id\":\"https:\\\/\\\/regiaonews.net.br\\\/2022\\\/#organization\",\"name\":\"Regi\u00e3o News\",\"url\":\"https:\\\/\\\/regiaonews.net.br\\\/2022\\\/\",\"logo\":{\"@type\":\"ImageObject\",\"inLanguage\":\"pt-BR\",\"@id\":\"https:\\\/\\\/regiaonews.net.br\\\/2022\\\/#\\\/schema\\\/logo\\\/image\\\/\",\"url\":\"https:\\\/\\\/regiaonews.net.br\\\/2022\\\/wp-content\\\/uploads\\\/2026\\\/03\\\/regiao-13-anos-scaled.jpg\",\"contentUrl\":\"https:\\\/\\\/regiaonews.net.br\\\/2022\\\/wp-content\\\/uploads\\\/2026\\\/03\\\/regiao-13-anos-scaled.jpg\",\"width\":2560,\"height\":635,\"caption\":\"Regi\u00e3o News\"},\"image\":{\"@id\":\"https:\\\/\\\/regiaonews.net.br\\\/2022\\\/#\\\/schema\\\/logo\\\/image\\\/\"}},{\"@type\":\"Person\",\"@id\":\"https:\\\/\\\/regiaonews.net.br\\\/2022\\\/#\\\/schema\\\/person\\\/2d205a608a5aa97ac279d7a5e6d89ad8\",\"name\":\"Roberto\",\"image\":{\"@type\":\"ImageObject\",\"inLanguage\":\"pt-BR\",\"@id\":\"https:\\\/\\\/secure.gravatar.com\\\/avatar\\\/42749d8b712ff9d59ca93dc150494e5b55a44134482993f5baeb97e61b7ecc89?s=96&d=mm&r=g\",\"url\":\"https:\\\/\\\/secure.gravatar.com\\\/avatar\\\/42749d8b712ff9d59ca93dc150494e5b55a44134482993f5baeb97e61b7ecc89?s=96&d=mm&r=g\",\"contentUrl\":\"https:\\\/\\\/secure.gravatar.com\\\/avatar\\\/42749d8b712ff9d59ca93dc150494e5b55a44134482993f5baeb97e61b7ecc89?s=96&d=mm&r=g\",\"caption\":\"Roberto\"},\"url\":\"https:\\\/\\\/regiaonews.net.br\\\/2022\\\/author\\\/roberto\\\/\"}]}<\/script>\n<!-- \/ Yoast SEO plugin. -->","yoast_head_json":{"title":"Maioria do STF mant\u00e9m decis\u00e3o que declarou Moro parcial ao condenar Lula; julgamento \u00e9 suspenso - Regi\u00e3o News","robots":{"index":"index","follow":"follow","max-snippet":"max-snippet:-1","max-image-preview":"max-image-preview:large","max-video-preview":"max-video-preview:-1"},"canonical":"https:\/\/regiaonews.net.br\/2022\/2021\/04\/22\/maioria-do-stf-mantem-decisao-que-declarou-moro-parcial-ao-condenar-lula-julgamento-e-suspenso\/","og_locale":"pt_BR","og_type":"article","og_title":"Maioria do STF mant\u00e9m decis\u00e3o que declarou Moro parcial ao condenar Lula; julgamento \u00e9 suspenso - Regi\u00e3o News","og_description":"O plen\u00e1rio do\u00a0Supremo Tribunal Federal (STF)\u00a0formou nesta quinta-feira (22) maioria","og_url":"https:\/\/regiaonews.net.br\/2022\/2021\/04\/22\/maioria-do-stf-mantem-decisao-que-declarou-moro-parcial-ao-condenar-lula-julgamento-e-suspenso\/","og_site_name":"Regi\u00e3o News","article_published_time":"2021-04-22T23:58:54+00:00","og_image":[{"width":728,"height":485,"url":"https:\/\/regiaonews.net.br\/2022\/wp-content\/uploads\/2017\/06\/lula-e-mor.jpg","type":"image\/jpeg"}],"author":"Roberto","twitter_card":"summary_large_image","twitter_misc":{"Escrito por":"Roberto","Est. tempo de leitura":"2 minutos"},"schema":{"@context":"https:\/\/schema.org","@graph":[{"@type":"Article","@id":"https:\/\/regiaonews.net.br\/2022\/2021\/04\/22\/maioria-do-stf-mantem-decisao-que-declarou-moro-parcial-ao-condenar-lula-julgamento-e-suspenso\/#article","isPartOf":{"@id":"https:\/\/regiaonews.net.br\/2022\/2021\/04\/22\/maioria-do-stf-mantem-decisao-que-declarou-moro-parcial-ao-condenar-lula-julgamento-e-suspenso\/"},"author":{"name":"Roberto","@id":"https:\/\/regiaonews.net.br\/2022\/#\/schema\/person\/2d205a608a5aa97ac279d7a5e6d89ad8"},"headline":"Maioria do STF mant\u00e9m decis\u00e3o que declarou Moro parcial ao condenar Lula; julgamento \u00e9 suspenso","datePublished":"2021-04-22T23:58:54+00:00","mainEntityOfPage":{"@id":"https:\/\/regiaonews.net.br\/2022\/2021\/04\/22\/maioria-do-stf-mantem-decisao-que-declarou-moro-parcial-ao-condenar-lula-julgamento-e-suspenso\/"},"wordCount":391,"commentCount":0,"publisher":{"@id":"https:\/\/regiaonews.net.br\/2022\/#organization"},"image":{"@id":"https:\/\/regiaonews.net.br\/2022\/2021\/04\/22\/maioria-do-stf-mantem-decisao-que-declarou-moro-parcial-ao-condenar-lula-julgamento-e-suspenso\/#primaryimage"},"thumbnailUrl":"https:\/\/regiaonews.net.br\/2022\/wp-content\/uploads\/2017\/06\/lula-e-mor.jpg","articleSection":["Brasil","Cidades"],"inLanguage":"pt-BR","potentialAction":[{"@type":"CommentAction","name":"Comment","target":["https:\/\/regiaonews.net.br\/2022\/2021\/04\/22\/maioria-do-stf-mantem-decisao-que-declarou-moro-parcial-ao-condenar-lula-julgamento-e-suspenso\/#respond"]}]},{"@type":"WebPage","@id":"https:\/\/regiaonews.net.br\/2022\/2021\/04\/22\/maioria-do-stf-mantem-decisao-que-declarou-moro-parcial-ao-condenar-lula-julgamento-e-suspenso\/","url":"https:\/\/regiaonews.net.br\/2022\/2021\/04\/22\/maioria-do-stf-mantem-decisao-que-declarou-moro-parcial-ao-condenar-lula-julgamento-e-suspenso\/","name":"Maioria do STF mant\u00e9m decis\u00e3o que declarou Moro parcial ao condenar Lula; julgamento \u00e9 suspenso - Regi\u00e3o News","isPartOf":{"@id":"https:\/\/regiaonews.net.br\/2022\/#website"},"primaryImageOfPage":{"@id":"https:\/\/regiaonews.net.br\/2022\/2021\/04\/22\/maioria-do-stf-mantem-decisao-que-declarou-moro-parcial-ao-condenar-lula-julgamento-e-suspenso\/#primaryimage"},"image":{"@id":"https:\/\/regiaonews.net.br\/2022\/2021\/04\/22\/maioria-do-stf-mantem-decisao-que-declarou-moro-parcial-ao-condenar-lula-julgamento-e-suspenso\/#primaryimage"},"thumbnailUrl":"https:\/\/regiaonews.net.br\/2022\/wp-content\/uploads\/2017\/06\/lula-e-mor.jpg","datePublished":"2021-04-22T23:58:54+00:00","breadcrumb":{"@id":"https:\/\/regiaonews.net.br\/2022\/2021\/04\/22\/maioria-do-stf-mantem-decisao-que-declarou-moro-parcial-ao-condenar-lula-julgamento-e-suspenso\/#breadcrumb"},"inLanguage":"pt-BR","potentialAction":[{"@type":"ReadAction","target":["https:\/\/regiaonews.net.br\/2022\/2021\/04\/22\/maioria-do-stf-mantem-decisao-que-declarou-moro-parcial-ao-condenar-lula-julgamento-e-suspenso\/"]}]},{"@type":"ImageObject","inLanguage":"pt-BR","@id":"https:\/\/regiaonews.net.br\/2022\/2021\/04\/22\/maioria-do-stf-mantem-decisao-que-declarou-moro-parcial-ao-condenar-lula-julgamento-e-suspenso\/#primaryimage","url":"https:\/\/regiaonews.net.br\/2022\/wp-content\/uploads\/2017\/06\/lula-e-mor.jpg","contentUrl":"https:\/\/regiaonews.net.br\/2022\/wp-content\/uploads\/2017\/06\/lula-e-mor.jpg","width":728,"height":485},{"@type":"BreadcrumbList","@id":"https:\/\/regiaonews.net.br\/2022\/2021\/04\/22\/maioria-do-stf-mantem-decisao-que-declarou-moro-parcial-ao-condenar-lula-julgamento-e-suspenso\/#breadcrumb","itemListElement":[{"@type":"ListItem","position":1,"name":"In\u00edcio","item":"https:\/\/regiaonews.net.br\/2022\/"},{"@type":"ListItem","position":2,"name":"Maioria do STF mant\u00e9m decis\u00e3o que declarou Moro parcial ao condenar Lula; julgamento \u00e9 suspenso"}]},{"@type":"WebSite","@id":"https:\/\/regiaonews.net.br\/2022\/#website","url":"https:\/\/regiaonews.net.br\/2022\/","name":"Regi\u00e3o News","description":"Site de Not\u00edcias de Barretos e regi\u00e3o","publisher":{"@id":"https:\/\/regiaonews.net.br\/2022\/#organization"},"potentialAction":[{"@type":"SearchAction","target":{"@type":"EntryPoint","urlTemplate":"https:\/\/regiaonews.net.br\/2022\/?s={search_term_string}"},"query-input":{"@type":"PropertyValueSpecification","valueRequired":true,"valueName":"search_term_string"}}],"inLanguage":"pt-BR"},{"@type":"Organization","@id":"https:\/\/regiaonews.net.br\/2022\/#organization","name":"Regi\u00e3o News","url":"https:\/\/regiaonews.net.br\/2022\/","logo":{"@type":"ImageObject","inLanguage":"pt-BR","@id":"https:\/\/regiaonews.net.br\/2022\/#\/schema\/logo\/image\/","url":"https:\/\/regiaonews.net.br\/2022\/wp-content\/uploads\/2026\/03\/regiao-13-anos-scaled.jpg","contentUrl":"https:\/\/regiaonews.net.br\/2022\/wp-content\/uploads\/2026\/03\/regiao-13-anos-scaled.jpg","width":2560,"height":635,"caption":"Regi\u00e3o News"},"image":{"@id":"https:\/\/regiaonews.net.br\/2022\/#\/schema\/logo\/image\/"}},{"@type":"Person","@id":"https:\/\/regiaonews.net.br\/2022\/#\/schema\/person\/2d205a608a5aa97ac279d7a5e6d89ad8","name":"Roberto","image":{"@type":"ImageObject","inLanguage":"pt-BR","@id":"https:\/\/secure.gravatar.com\/avatar\/42749d8b712ff9d59ca93dc150494e5b55a44134482993f5baeb97e61b7ecc89?s=96&d=mm&r=g","url":"https:\/\/secure.gravatar.com\/avatar\/42749d8b712ff9d59ca93dc150494e5b55a44134482993f5baeb97e61b7ecc89?s=96&d=mm&r=g","contentUrl":"https:\/\/secure.gravatar.com\/avatar\/42749d8b712ff9d59ca93dc150494e5b55a44134482993f5baeb97e61b7ecc89?s=96&d=mm&r=g","caption":"Roberto"},"url":"https:\/\/regiaonews.net.br\/2022\/author\/roberto\/"}]}},"publishpress_future_action":{"enabled":false,"date":"2026-05-04 04:33:14","action":"change-status","newStatus":"draft","terms":[],"taxonomy":"category","extraData":[]},"publishpress_future_workflow_manual_trigger":{"enabledWorkflows":[]},"_links":{"self":[{"href":"https:\/\/regiaonews.net.br\/2022\/wp-json\/wp\/v2\/posts\/45772","targetHints":{"allow":["GET"]}}],"collection":[{"href":"https:\/\/regiaonews.net.br\/2022\/wp-json\/wp\/v2\/posts"}],"about":[{"href":"https:\/\/regiaonews.net.br\/2022\/wp-json\/wp\/v2\/types\/post"}],"author":[{"embeddable":true,"href":"https:\/\/regiaonews.net.br\/2022\/wp-json\/wp\/v2\/users\/2"}],"replies":[{"embeddable":true,"href":"https:\/\/regiaonews.net.br\/2022\/wp-json\/wp\/v2\/comments?post=45772"}],"version-history":[{"count":0,"href":"https:\/\/regiaonews.net.br\/2022\/wp-json\/wp\/v2\/posts\/45772\/revisions"}],"wp:featuredmedia":[{"embeddable":true,"href":"https:\/\/regiaonews.net.br\/2022\/wp-json\/wp\/v2\/media\/5178"}],"wp:attachment":[{"href":"https:\/\/regiaonews.net.br\/2022\/wp-json\/wp\/v2\/media?parent=45772"}],"wp:term":[{"taxonomy":"category","embeddable":true,"href":"https:\/\/regiaonews.net.br\/2022\/wp-json\/wp\/v2\/categories?post=45772"},{"taxonomy":"post_tag","embeddable":true,"href":"https:\/\/regiaonews.net.br\/2022\/wp-json\/wp\/v2\/tags?post=45772"}],"curies":[{"name":"wp","href":"https:\/\/api.w.org\/{rel}","templated":true}]}}