{"id":45760,"date":"2021-04-22T18:40:33","date_gmt":"2021-04-22T21:40:33","guid":{"rendered":"https:\/\/regiaonews.net.br\/2022\/?p=45760"},"modified":"2021-04-22T19:57:27","modified_gmt":"2021-04-22T22:57:27","slug":"policiamento-rodoviario-prende-individuo-em-flagrante-por-trafico-de-drogas-2","status":"publish","type":"post","link":"https:\/\/regiaonews.net.br\/2022\/2021\/04\/22\/policiamento-rodoviario-prende-individuo-em-flagrante-por-trafico-de-drogas-2\/","title":{"rendered":"Policiamento Rodovi\u00e1rio prende indiv\u00edduo em flagrante por Tr\u00e1fico de Drogas"},"content":{"rendered":"<div style=\"width: 640px;\" class=\"wp-video\"><video class=\"wp-video-shortcode\" id=\"video-45760-1\" width=\"640\" height=\"352\" preload=\"metadata\" controls=\"controls\"><source type=\"video\/mp4\" src=\"https:\/\/regiaonews.net.br\/2022\/wp-content\/uploads\/2021\/04\/WhatsApp-Video-2021-04-22-at-18.35.04.mp4?_=1\" \/><a href=\"https:\/\/regiaonews.net.br\/2022\/wp-content\/uploads\/2021\/04\/WhatsApp-Video-2021-04-22-at-18.35.04.mp4\">https:\/\/regiaonews.net.br\/2022\/wp-content\/uploads\/2021\/04\/WhatsApp-Video-2021-04-22-at-18.35.04.mp4<\/a><\/video><\/div>\n<p><a href=\"https:\/\/regiaonews.net.br\/2022\/wp-content\/uploads\/2021\/04\/a3bfa182-a0e1-4ab6-a8d8-4ec4326a36be.jpg\"><img loading=\"lazy\" decoding=\"async\" class=\"alignnone size-medium wp-image-45762\" src=\"https:\/\/regiaonews.net.br\/2022\/wp-content\/uploads\/2021\/04\/a3bfa182-a0e1-4ab6-a8d8-4ec4326a36be-300x225.jpg\" alt=\"\" width=\"300\" height=\"225\" \/><\/a><\/p>\n<p>Nesta tarde de 22 de abril, por volta das 13:00, equipe do Policiamento Rodovi\u00e1rio efetuava patrulhamento pela SP 320 Rodovia Euclides da Cunha, quando pr\u00f3ximo ao km 519 suspeitou da atitude do condutor de um Caminh\u00e3o Trator tracionando um semirreboque tanque com placas do Mato Grosso do Sul, efetuando ent\u00e3o a abordagem pela Base Operacional do Policiamento Rodovi\u00e1rio de Votuporanga\/SP.<br \/>\nDurante abordagem ao indiv\u00eddou e confer\u00eancia dos documentos do ve\u00edculo, foi percebido nervosismo excessivo do condutor, que possui 58 anos, fato que motivou uma vistoria minuciosa no interior do ve\u00edculo, onde foi localizado sob a cama do motorista grande quantidade de droga do tipo coca\u00edna.<br \/>\nDado voz de pris\u00e3o em flagrante ao infrator, o qual informou que levaria a droga at\u00e9 a cidade de Paul\u00ednia\/SP, e a ocorr\u00eancia foi encaminhada at\u00e9 a sede da Pol\u00edcia Federal de S\u00e3o Jos\u00e9 do Rio Preto, onde foi contabilizado a quantidade de 301 tabletes, num total de 325 quilos de coca\u00edna, e o indiv\u00edduo permaneceu preso.<\/p>\n<p><a href=\"https:\/\/regiaonews.net.br\/2022\/wp-content\/uploads\/2021\/04\/ee7fc199-5f46-4b18-b357-caa65b527512.jpg\"><img loading=\"lazy\" decoding=\"async\" class=\"alignnone size-medium wp-image-45761\" src=\"https:\/\/regiaonews.net.br\/2022\/wp-content\/uploads\/2021\/04\/ee7fc199-5f46-4b18-b357-caa65b527512-300x150.jpg\" alt=\"\" width=\"300\" height=\"150\" \/><\/a><\/p>\n<p>POLICIA MILITAR: 190 anos protegendo a sociedade!<\/p>\n<p>&nbsp;<\/p>\n","protected":false},"excerpt":{"rendered":"<p>Nesta tarde de 22 de abril, por volta das 13:00,<\/p>\n","protected":false},"author":2,"featured_media":45762,"comment_status":"open","ping_status":"open","sticky":false,"template":"","format":"standard","meta":{"footnotes":""},"categories":[25,23,112],"tags":[],"class_list":["post-45760","post","type-post","status-publish","format-standard","has-post-thumbnail","hentry","category-cidades","category-policia","category-votuporanga"],"yoast_head":"<!-- This site is optimized with the Yoast SEO plugin v27.4 - https:\/\/yoast.com\/product\/yoast-seo-wordpress\/ -->\n<title>Policiamento Rodovi\u00e1rio prende indiv\u00edduo em flagrante por Tr\u00e1fico de Drogas - Regi\u00e3o News<\/title>\n<meta name=\"robots\" content=\"index, follow, max-snippet:-1, max-image-preview:large, max-video-preview:-1\" \/>\n<link rel=\"canonical\" href=\"https:\/\/regiaonews.net.br\/2022\/2021\/04\/22\/policiamento-rodoviario-prende-individuo-em-flagrante-por-trafico-de-drogas-2\/\" \/>\n<meta property=\"og:locale\" content=\"pt_BR\" \/>\n<meta property=\"og:type\" content=\"article\" \/>\n<meta property=\"og:title\" content=\"Policiamento Rodovi\u00e1rio prende indiv\u00edduo em flagrante por Tr\u00e1fico de Drogas - Regi\u00e3o News\" \/>\n<meta property=\"og:description\" content=\"Nesta tarde de 22 de abril, por volta das 13:00,\" \/>\n<meta property=\"og:url\" content=\"https:\/\/regiaonews.net.br\/2022\/2021\/04\/22\/policiamento-rodoviario-prende-individuo-em-flagrante-por-trafico-de-drogas-2\/\" \/>\n<meta property=\"og:site_name\" content=\"Regi\u00e3o News\" \/>\n<meta property=\"article:published_time\" content=\"2021-04-22T21:40:33+00:00\" \/>\n<meta property=\"article:modified_time\" content=\"2021-04-22T22:57:27+00:00\" \/>\n<meta property=\"og:image\" content=\"https:\/\/regiaonews.net.br\/2022\/wp-content\/uploads\/2021\/04\/a3bfa182-a0e1-4ab6-a8d8-4ec4326a36be.jpg\" \/>\n\t<meta property=\"og:image:width\" content=\"1280\" \/>\n\t<meta property=\"og:image:height\" content=\"960\" \/>\n\t<meta property=\"og:image:type\" content=\"image\/jpeg\" \/>\n<meta name=\"author\" content=\"Roberto\" \/>\n<meta name=\"twitter:card\" content=\"summary_large_image\" \/>\n<meta name=\"twitter:label1\" content=\"Escrito por\" \/>\n\t<meta name=\"twitter:data1\" content=\"Roberto\" \/>\n\t<meta name=\"twitter:label2\" content=\"Est. tempo de leitura\" \/>\n\t<meta name=\"twitter:data2\" content=\"1 minuto\" \/>\n<script type=\"application\/ld+json\" class=\"yoast-schema-graph\">{\"@context\":\"https:\\\/\\\/schema.org\",\"@graph\":[{\"@type\":\"Article\",\"@id\":\"https:\\\/\\\/regiaonews.net.br\\\/2022\\\/2021\\\/04\\\/22\\\/policiamento-rodoviario-prende-individuo-em-flagrante-por-trafico-de-drogas-2\\\/#article\",\"isPartOf\":{\"@id\":\"https:\\\/\\\/regiaonews.net.br\\\/2022\\\/2021\\\/04\\\/22\\\/policiamento-rodoviario-prende-individuo-em-flagrante-por-trafico-de-drogas-2\\\/\"},\"author\":{\"name\":\"Roberto\",\"@id\":\"https:\\\/\\\/regiaonews.net.br\\\/2022\\\/#\\\/schema\\\/person\\\/2d205a608a5aa97ac279d7a5e6d89ad8\"},\"headline\":\"Policiamento Rodovi\u00e1rio prende indiv\u00edduo em flagrante por Tr\u00e1fico de Drogas\",\"datePublished\":\"2021-04-22T21:40:33+00:00\",\"dateModified\":\"2021-04-22T22:57:27+00:00\",\"mainEntityOfPage\":{\"@id\":\"https:\\\/\\\/regiaonews.net.br\\\/2022\\\/2021\\\/04\\\/22\\\/policiamento-rodoviario-prende-individuo-em-flagrante-por-trafico-de-drogas-2\\\/\"},\"wordCount\":210,\"commentCount\":0,\"publisher\":{\"@id\":\"https:\\\/\\\/regiaonews.net.br\\\/2022\\\/#organization\"},\"image\":{\"@id\":\"https:\\\/\\\/regiaonews.net.br\\\/2022\\\/2021\\\/04\\\/22\\\/policiamento-rodoviario-prende-individuo-em-flagrante-por-trafico-de-drogas-2\\\/#primaryimage\"},\"thumbnailUrl\":\"https:\\\/\\\/regiaonews.net.br\\\/2022\\\/wp-content\\\/uploads\\\/2021\\\/04\\\/a3bfa182-a0e1-4ab6-a8d8-4ec4326a36be.jpg\",\"articleSection\":[\"Cidades\",\"Policia\",\"Votuporanga\"],\"inLanguage\":\"pt-BR\",\"potentialAction\":[{\"@type\":\"CommentAction\",\"name\":\"Comment\",\"target\":[\"https:\\\/\\\/regiaonews.net.br\\\/2022\\\/2021\\\/04\\\/22\\\/policiamento-rodoviario-prende-individuo-em-flagrante-por-trafico-de-drogas-2\\\/#respond\"]}]},{\"@type\":\"WebPage\",\"@id\":\"https:\\\/\\\/regiaonews.net.br\\\/2022\\\/2021\\\/04\\\/22\\\/policiamento-rodoviario-prende-individuo-em-flagrante-por-trafico-de-drogas-2\\\/\",\"url\":\"https:\\\/\\\/regiaonews.net.br\\\/2022\\\/2021\\\/04\\\/22\\\/policiamento-rodoviario-prende-individuo-em-flagrante-por-trafico-de-drogas-2\\\/\",\"name\":\"Policiamento Rodovi\u00e1rio prende indiv\u00edduo em flagrante por Tr\u00e1fico de Drogas - Regi\u00e3o News\",\"isPartOf\":{\"@id\":\"https:\\\/\\\/regiaonews.net.br\\\/2022\\\/#website\"},\"primaryImageOfPage\":{\"@id\":\"https:\\\/\\\/regiaonews.net.br\\\/2022\\\/2021\\\/04\\\/22\\\/policiamento-rodoviario-prende-individuo-em-flagrante-por-trafico-de-drogas-2\\\/#primaryimage\"},\"image\":{\"@id\":\"https:\\\/\\\/regiaonews.net.br\\\/2022\\\/2021\\\/04\\\/22\\\/policiamento-rodoviario-prende-individuo-em-flagrante-por-trafico-de-drogas-2\\\/#primaryimage\"},\"thumbnailUrl\":\"https:\\\/\\\/regiaonews.net.br\\\/2022\\\/wp-content\\\/uploads\\\/2021\\\/04\\\/a3bfa182-a0e1-4ab6-a8d8-4ec4326a36be.jpg\",\"datePublished\":\"2021-04-22T21:40:33+00:00\",\"dateModified\":\"2021-04-22T22:57:27+00:00\",\"breadcrumb\":{\"@id\":\"https:\\\/\\\/regiaonews.net.br\\\/2022\\\/2021\\\/04\\\/22\\\/policiamento-rodoviario-prende-individuo-em-flagrante-por-trafico-de-drogas-2\\\/#breadcrumb\"},\"inLanguage\":\"pt-BR\",\"potentialAction\":[{\"@type\":\"ReadAction\",\"target\":[\"https:\\\/\\\/regiaonews.net.br\\\/2022\\\/2021\\\/04\\\/22\\\/policiamento-rodoviario-prende-individuo-em-flagrante-por-trafico-de-drogas-2\\\/\"]}]},{\"@type\":\"ImageObject\",\"inLanguage\":\"pt-BR\",\"@id\":\"https:\\\/\\\/regiaonews.net.br\\\/2022\\\/2021\\\/04\\\/22\\\/policiamento-rodoviario-prende-individuo-em-flagrante-por-trafico-de-drogas-2\\\/#primaryimage\",\"url\":\"https:\\\/\\\/regiaonews.net.br\\\/2022\\\/wp-content\\\/uploads\\\/2021\\\/04\\\/a3bfa182-a0e1-4ab6-a8d8-4ec4326a36be.jpg\",\"contentUrl\":\"https:\\\/\\\/regiaonews.net.br\\\/2022\\\/wp-content\\\/uploads\\\/2021\\\/04\\\/a3bfa182-a0e1-4ab6-a8d8-4ec4326a36be.jpg\",\"width\":1280,\"height\":960},{\"@type\":\"BreadcrumbList\",\"@id\":\"https:\\\/\\\/regiaonews.net.br\\\/2022\\\/2021\\\/04\\\/22\\\/policiamento-rodoviario-prende-individuo-em-flagrante-por-trafico-de-drogas-2\\\/#breadcrumb\",\"itemListElement\":[{\"@type\":\"ListItem\",\"position\":1,\"name\":\"In\u00edcio\",\"item\":\"https:\\\/\\\/regiaonews.net.br\\\/2022\\\/\"},{\"@type\":\"ListItem\",\"position\":2,\"name\":\"Policiamento Rodovi\u00e1rio prende indiv\u00edduo em flagrante por Tr\u00e1fico de Drogas\"}]},{\"@type\":\"WebSite\",\"@id\":\"https:\\\/\\\/regiaonews.net.br\\\/2022\\\/#website\",\"url\":\"https:\\\/\\\/regiaonews.net.br\\\/2022\\\/\",\"name\":\"Regi\u00e3o News\",\"description\":\"Site de Not\u00edcias de Barretos e regi\u00e3o\",\"publisher\":{\"@id\":\"https:\\\/\\\/regiaonews.net.br\\\/2022\\\/#organization\"},\"potentialAction\":[{\"@type\":\"SearchAction\",\"target\":{\"@type\":\"EntryPoint\",\"urlTemplate\":\"https:\\\/\\\/regiaonews.net.br\\\/2022\\\/?s={search_term_string}\"},\"query-input\":{\"@type\":\"PropertyValueSpecification\",\"valueRequired\":true,\"valueName\":\"search_term_string\"}}],\"inLanguage\":\"pt-BR\"},{\"@type\":\"Organization\",\"@id\":\"https:\\\/\\\/regiaonews.net.br\\\/2022\\\/#organization\",\"name\":\"Regi\u00e3o News\",\"url\":\"https:\\\/\\\/regiaonews.net.br\\\/2022\\\/\",\"logo\":{\"@type\":\"ImageObject\",\"inLanguage\":\"pt-BR\",\"@id\":\"https:\\\/\\\/regiaonews.net.br\\\/2022\\\/#\\\/schema\\\/logo\\\/image\\\/\",\"url\":\"https:\\\/\\\/regiaonews.net.br\\\/2022\\\/wp-content\\\/uploads\\\/2026\\\/03\\\/regiao-13-anos-scaled.jpg\",\"contentUrl\":\"https:\\\/\\\/regiaonews.net.br\\\/2022\\\/wp-content\\\/uploads\\\/2026\\\/03\\\/regiao-13-anos-scaled.jpg\",\"width\":2560,\"height\":635,\"caption\":\"Regi\u00e3o News\"},\"image\":{\"@id\":\"https:\\\/\\\/regiaonews.net.br\\\/2022\\\/#\\\/schema\\\/logo\\\/image\\\/\"}},{\"@type\":\"Person\",\"@id\":\"https:\\\/\\\/regiaonews.net.br\\\/2022\\\/#\\\/schema\\\/person\\\/2d205a608a5aa97ac279d7a5e6d89ad8\",\"name\":\"Roberto\",\"image\":{\"@type\":\"ImageObject\",\"inLanguage\":\"pt-BR\",\"@id\":\"https:\\\/\\\/secure.gravatar.com\\\/avatar\\\/42749d8b712ff9d59ca93dc150494e5b55a44134482993f5baeb97e61b7ecc89?s=96&d=mm&r=g\",\"url\":\"https:\\\/\\\/secure.gravatar.com\\\/avatar\\\/42749d8b712ff9d59ca93dc150494e5b55a44134482993f5baeb97e61b7ecc89?s=96&d=mm&r=g\",\"contentUrl\":\"https:\\\/\\\/secure.gravatar.com\\\/avatar\\\/42749d8b712ff9d59ca93dc150494e5b55a44134482993f5baeb97e61b7ecc89?s=96&d=mm&r=g\",\"caption\":\"Roberto\"},\"url\":\"https:\\\/\\\/regiaonews.net.br\\\/2022\\\/author\\\/roberto\\\/\"}]}<\/script>\n<!-- \/ Yoast SEO plugin. -->","yoast_head_json":{"title":"Policiamento Rodovi\u00e1rio prende indiv\u00edduo em flagrante por Tr\u00e1fico de Drogas - Regi\u00e3o News","robots":{"index":"index","follow":"follow","max-snippet":"max-snippet:-1","max-image-preview":"max-image-preview:large","max-video-preview":"max-video-preview:-1"},"canonical":"https:\/\/regiaonews.net.br\/2022\/2021\/04\/22\/policiamento-rodoviario-prende-individuo-em-flagrante-por-trafico-de-drogas-2\/","og_locale":"pt_BR","og_type":"article","og_title":"Policiamento Rodovi\u00e1rio prende indiv\u00edduo em flagrante por Tr\u00e1fico de Drogas - Regi\u00e3o News","og_description":"Nesta tarde de 22 de abril, por volta das 13:00,","og_url":"https:\/\/regiaonews.net.br\/2022\/2021\/04\/22\/policiamento-rodoviario-prende-individuo-em-flagrante-por-trafico-de-drogas-2\/","og_site_name":"Regi\u00e3o News","article_published_time":"2021-04-22T21:40:33+00:00","article_modified_time":"2021-04-22T22:57:27+00:00","og_image":[{"width":1280,"height":960,"url":"https:\/\/regiaonews.net.br\/2022\/wp-content\/uploads\/2021\/04\/a3bfa182-a0e1-4ab6-a8d8-4ec4326a36be.jpg","type":"image\/jpeg"}],"author":"Roberto","twitter_card":"summary_large_image","twitter_misc":{"Escrito por":"Roberto","Est. tempo de leitura":"1 minuto"},"schema":{"@context":"https:\/\/schema.org","@graph":[{"@type":"Article","@id":"https:\/\/regiaonews.net.br\/2022\/2021\/04\/22\/policiamento-rodoviario-prende-individuo-em-flagrante-por-trafico-de-drogas-2\/#article","isPartOf":{"@id":"https:\/\/regiaonews.net.br\/2022\/2021\/04\/22\/policiamento-rodoviario-prende-individuo-em-flagrante-por-trafico-de-drogas-2\/"},"author":{"name":"Roberto","@id":"https:\/\/regiaonews.net.br\/2022\/#\/schema\/person\/2d205a608a5aa97ac279d7a5e6d89ad8"},"headline":"Policiamento Rodovi\u00e1rio prende indiv\u00edduo em flagrante por Tr\u00e1fico de Drogas","datePublished":"2021-04-22T21:40:33+00:00","dateModified":"2021-04-22T22:57:27+00:00","mainEntityOfPage":{"@id":"https:\/\/regiaonews.net.br\/2022\/2021\/04\/22\/policiamento-rodoviario-prende-individuo-em-flagrante-por-trafico-de-drogas-2\/"},"wordCount":210,"commentCount":0,"publisher":{"@id":"https:\/\/regiaonews.net.br\/2022\/#organization"},"image":{"@id":"https:\/\/regiaonews.net.br\/2022\/2021\/04\/22\/policiamento-rodoviario-prende-individuo-em-flagrante-por-trafico-de-drogas-2\/#primaryimage"},"thumbnailUrl":"https:\/\/regiaonews.net.br\/2022\/wp-content\/uploads\/2021\/04\/a3bfa182-a0e1-4ab6-a8d8-4ec4326a36be.jpg","articleSection":["Cidades","Policia","Votuporanga"],"inLanguage":"pt-BR","potentialAction":[{"@type":"CommentAction","name":"Comment","target":["https:\/\/regiaonews.net.br\/2022\/2021\/04\/22\/policiamento-rodoviario-prende-individuo-em-flagrante-por-trafico-de-drogas-2\/#respond"]}]},{"@type":"WebPage","@id":"https:\/\/regiaonews.net.br\/2022\/2021\/04\/22\/policiamento-rodoviario-prende-individuo-em-flagrante-por-trafico-de-drogas-2\/","url":"https:\/\/regiaonews.net.br\/2022\/2021\/04\/22\/policiamento-rodoviario-prende-individuo-em-flagrante-por-trafico-de-drogas-2\/","name":"Policiamento Rodovi\u00e1rio prende indiv\u00edduo em flagrante por Tr\u00e1fico de Drogas - Regi\u00e3o News","isPartOf":{"@id":"https:\/\/regiaonews.net.br\/2022\/#website"},"primaryImageOfPage":{"@id":"https:\/\/regiaonews.net.br\/2022\/2021\/04\/22\/policiamento-rodoviario-prende-individuo-em-flagrante-por-trafico-de-drogas-2\/#primaryimage"},"image":{"@id":"https:\/\/regiaonews.net.br\/2022\/2021\/04\/22\/policiamento-rodoviario-prende-individuo-em-flagrante-por-trafico-de-drogas-2\/#primaryimage"},"thumbnailUrl":"https:\/\/regiaonews.net.br\/2022\/wp-content\/uploads\/2021\/04\/a3bfa182-a0e1-4ab6-a8d8-4ec4326a36be.jpg","datePublished":"2021-04-22T21:40:33+00:00","dateModified":"2021-04-22T22:57:27+00:00","breadcrumb":{"@id":"https:\/\/regiaonews.net.br\/2022\/2021\/04\/22\/policiamento-rodoviario-prende-individuo-em-flagrante-por-trafico-de-drogas-2\/#breadcrumb"},"inLanguage":"pt-BR","potentialAction":[{"@type":"ReadAction","target":["https:\/\/regiaonews.net.br\/2022\/2021\/04\/22\/policiamento-rodoviario-prende-individuo-em-flagrante-por-trafico-de-drogas-2\/"]}]},{"@type":"ImageObject","inLanguage":"pt-BR","@id":"https:\/\/regiaonews.net.br\/2022\/2021\/04\/22\/policiamento-rodoviario-prende-individuo-em-flagrante-por-trafico-de-drogas-2\/#primaryimage","url":"https:\/\/regiaonews.net.br\/2022\/wp-content\/uploads\/2021\/04\/a3bfa182-a0e1-4ab6-a8d8-4ec4326a36be.jpg","contentUrl":"https:\/\/regiaonews.net.br\/2022\/wp-content\/uploads\/2021\/04\/a3bfa182-a0e1-4ab6-a8d8-4ec4326a36be.jpg","width":1280,"height":960},{"@type":"BreadcrumbList","@id":"https:\/\/regiaonews.net.br\/2022\/2021\/04\/22\/policiamento-rodoviario-prende-individuo-em-flagrante-por-trafico-de-drogas-2\/#breadcrumb","itemListElement":[{"@type":"ListItem","position":1,"name":"In\u00edcio","item":"https:\/\/regiaonews.net.br\/2022\/"},{"@type":"ListItem","position":2,"name":"Policiamento Rodovi\u00e1rio prende indiv\u00edduo em flagrante por Tr\u00e1fico de Drogas"}]},{"@type":"WebSite","@id":"https:\/\/regiaonews.net.br\/2022\/#website","url":"https:\/\/regiaonews.net.br\/2022\/","name":"Regi\u00e3o News","description":"Site de Not\u00edcias de Barretos e regi\u00e3o","publisher":{"@id":"https:\/\/regiaonews.net.br\/2022\/#organization"},"potentialAction":[{"@type":"SearchAction","target":{"@type":"EntryPoint","urlTemplate":"https:\/\/regiaonews.net.br\/2022\/?s={search_term_string}"},"query-input":{"@type":"PropertyValueSpecification","valueRequired":true,"valueName":"search_term_string"}}],"inLanguage":"pt-BR"},{"@type":"Organization","@id":"https:\/\/regiaonews.net.br\/2022\/#organization","name":"Regi\u00e3o News","url":"https:\/\/regiaonews.net.br\/2022\/","logo":{"@type":"ImageObject","inLanguage":"pt-BR","@id":"https:\/\/regiaonews.net.br\/2022\/#\/schema\/logo\/image\/","url":"https:\/\/regiaonews.net.br\/2022\/wp-content\/uploads\/2026\/03\/regiao-13-anos-scaled.jpg","contentUrl":"https:\/\/regiaonews.net.br\/2022\/wp-content\/uploads\/2026\/03\/regiao-13-anos-scaled.jpg","width":2560,"height":635,"caption":"Regi\u00e3o News"},"image":{"@id":"https:\/\/regiaonews.net.br\/2022\/#\/schema\/logo\/image\/"}},{"@type":"Person","@id":"https:\/\/regiaonews.net.br\/2022\/#\/schema\/person\/2d205a608a5aa97ac279d7a5e6d89ad8","name":"Roberto","image":{"@type":"ImageObject","inLanguage":"pt-BR","@id":"https:\/\/secure.gravatar.com\/avatar\/42749d8b712ff9d59ca93dc150494e5b55a44134482993f5baeb97e61b7ecc89?s=96&d=mm&r=g","url":"https:\/\/secure.gravatar.com\/avatar\/42749d8b712ff9d59ca93dc150494e5b55a44134482993f5baeb97e61b7ecc89?s=96&d=mm&r=g","contentUrl":"https:\/\/secure.gravatar.com\/avatar\/42749d8b712ff9d59ca93dc150494e5b55a44134482993f5baeb97e61b7ecc89?s=96&d=mm&r=g","caption":"Roberto"},"url":"https:\/\/regiaonews.net.br\/2022\/author\/roberto\/"}]}},"publishpress_future_action":{"enabled":false,"date":"2026-05-04 01:36:10","action":"change-status","newStatus":"draft","terms":[],"taxonomy":"category","extraData":[]},"publishpress_future_workflow_manual_trigger":{"enabledWorkflows":[]},"_links":{"self":[{"href":"https:\/\/regiaonews.net.br\/2022\/wp-json\/wp\/v2\/posts\/45760","targetHints":{"allow":["GET"]}}],"collection":[{"href":"https:\/\/regiaonews.net.br\/2022\/wp-json\/wp\/v2\/posts"}],"about":[{"href":"https:\/\/regiaonews.net.br\/2022\/wp-json\/wp\/v2\/types\/post"}],"author":[{"embeddable":true,"href":"https:\/\/regiaonews.net.br\/2022\/wp-json\/wp\/v2\/users\/2"}],"replies":[{"embeddable":true,"href":"https:\/\/regiaonews.net.br\/2022\/wp-json\/wp\/v2\/comments?post=45760"}],"version-history":[{"count":0,"href":"https:\/\/regiaonews.net.br\/2022\/wp-json\/wp\/v2\/posts\/45760\/revisions"}],"wp:featuredmedia":[{"embeddable":true,"href":"https:\/\/regiaonews.net.br\/2022\/wp-json\/wp\/v2\/media\/45762"}],"wp:attachment":[{"href":"https:\/\/regiaonews.net.br\/2022\/wp-json\/wp\/v2\/media?parent=45760"}],"wp:term":[{"taxonomy":"category","embeddable":true,"href":"https:\/\/regiaonews.net.br\/2022\/wp-json\/wp\/v2\/categories?post=45760"},{"taxonomy":"post_tag","embeddable":true,"href":"https:\/\/regiaonews.net.br\/2022\/wp-json\/wp\/v2\/tags?post=45760"}],"curies":[{"name":"wp","href":"https:\/\/api.w.org\/{rel}","templated":true}]}}