{"id":45757,"date":"2021-04-22T16:18:42","date_gmt":"2021-04-22T19:18:42","guid":{"rendered":"https:\/\/regiaonews.net.br\/2022\/?p=45757"},"modified":"2021-04-22T16:18:42","modified_gmt":"2021-04-22T19:18:42","slug":"dnit-responde-requerimento-do-presidente-da-camara-de-barretos-paulo-correa","status":"publish","type":"post","link":"https:\/\/regiaonews.net.br\/2022\/2021\/04\/22\/dnit-responde-requerimento-do-presidente-da-camara-de-barretos-paulo-correa\/","title":{"rendered":"DNIT responde  requerimento do presidente da C\u00e2mara de Barretos, Paulo Correa"},"content":{"rendered":"<p><a href=\"https:\/\/regiaonews.net.br\/2022\/wp-content\/uploads\/2016\/11\/paulo-correa.jpg\"><img loading=\"lazy\" decoding=\"async\" class=\"alignnone size-full wp-image-1475\" src=\"https:\/\/regiaonews.net.br\/2022\/wp-content\/uploads\/2016\/11\/paulo-correa.jpg\" alt=\"\" width=\"276\" height=\"183\" \/><\/a><\/p>\n<p>&nbsp;<\/p>\n<p>O Departamento Nacional de Infraestrutura de Transportes (DNIT), ap\u00f3s consulta \u00e0 Superintend\u00eancia Regional do DNIT no Estado de Minas Gerais, respondeu requerimento do vereador e presidente da C\u00e2mara de Barretos, Paulo Correa (PL), informando sobre as obras de recupera\u00e7\u00e3o da BR-364, entre os munic\u00edpios de Col\u00f4mbia e Frutal, bem como a recupera\u00e7\u00e3o da ponte Gumercindo Penteado, que faz a divisa dos munic\u00edpios de Col\u00f4mbia e Planura.<\/p>\n<p><a href=\"https:\/\/regiaonews.net.br\/2022\/wp-content\/uploads\/2021\/04\/ponte-rio-grande-site.jpg\"><img loading=\"lazy\" decoding=\"async\" class=\"alignnone size-medium wp-image-45758\" src=\"https:\/\/regiaonews.net.br\/2022\/wp-content\/uploads\/2021\/04\/ponte-rio-grande-site-300x172.jpg\" alt=\"\" width=\"300\" height=\"172\" \/><\/a><\/p>\n<p>De acordo com o DNIT, foi elaborado e licitado o Plano Anual de Trabalho e Or\u00e7amento da rodovia BR-364, por meio do edital n\u00ba 513\/20-06, contrato n\u00ba 139\/2021, para execu\u00e7\u00e3o de servi\u00e7os de manuten\u00e7\u00e3o\/conserva\u00e7\u00e3o da rodovia, no trecho do km 0,00 ao km 41,4, o qual prev\u00ea servi\u00e7os de conserva rotineira como tapa buracos e recapeamento de cerca de 5 km. No dia 12 de abril do ano corrente, foi dada ordem de in\u00edcio dos servi\u00e7os \u00e0 empresa GSV Construtora e Usina de Asfalto Eireli, vencedora do certame. \u201cOs servi\u00e7os de maior complexidade, visando revitaliza\u00e7\u00e3o\/restaura\u00e7\u00e3o do segmento aguardam contrato de supervis\u00e3o, o qual ainda est\u00e1 em vias de contrata\u00e7\u00e3o, para elabora\u00e7\u00e3o dos levantamentos mais detalhados das condi\u00e7\u00f5es do pavimento\u201d.<\/p>\n<p><a href=\"https:\/\/regiaonews.net.br\/2022\/wp-content\/uploads\/2021\/04\/restaurante.gif\"><img loading=\"lazy\" decoding=\"async\" class=\"alignnone size-medium wp-image-45681\" src=\"https:\/\/regiaonews.net.br\/2022\/wp-content\/uploads\/2021\/04\/restaurante-300x87.gif\" alt=\"\" width=\"300\" height=\"87\" \/><\/a><\/p>\n<p>Com rela\u00e7\u00e3o \u00e0 recupera\u00e7\u00e3o da ponte Gumercindo Penteado, o Departamento Nacional de Infraestrutura de Transportes informou que foi realizada uma primeira inspe\u00e7\u00e3o por t\u00e9cnicos da Superintend\u00eancia Regional no Estado de Minas Gerais, tendo sido identificado, inicialmente, que os danos se deram apenas em parte da laje destinada ao tr\u00e1fego de pedestres e no guarda corpo, n\u00e3o configurando risco iminente \u00e0 estrutura e que imediatamente foi realizada a sinaliza\u00e7\u00e3o emergencial no local, com a interdi\u00e7\u00e3o do fluxo de pedestres. Nova inspe\u00e7\u00e3o para melhor verifica\u00e7\u00e3o das condi\u00e7\u00f5es estruturais da ponte estaria sendo realizada nos \u00faltimos dias. \u201cA princ\u00edpio os servi\u00e7os de recupera\u00e7\u00e3o da ponte fazem parte do escopo do Plano Anual de Trabalho e Or\u00e7amento da rodovia BR-364, edital n\u00ba 513\/20-06, a referida contrata\u00e7\u00e3o contempla servi\u00e7os de recupera\u00e7\u00e3o de guarda corpo, concreto, a\u00e7o e formas que poder\u00e3o ser utilizados em conformidade com os danos apontados pelo levantamento a ser realizado e que sejam pass\u00edveis de recupera\u00e7\u00e3o com os quantitativos licitados, entretanto, caso seja constatado na nova inspe\u00e7\u00e3o a necessidade de servi\u00e7os mais espec\u00edficos, ser\u00e1 preciso proceder \u00e0 elabora\u00e7\u00e3o de projeto\/or\u00e7amento e posterior licita\u00e7\u00e3o\u201d.<\/p>\n<p>\u201cA ponte Gumercindo Penteado e a rodovia BR-364 n\u00e3o est\u00e3o localizadas no munic\u00edpio de Barretos, mas muitos barretenses utilizam o trecho\u201d, disse Paulo Correa.<\/p>\n<p><a href=\"https:\/\/regiaonews.net.br\/2022\/wp-content\/uploads\/2021\/04\/audita-paulinho2.jpg\"><img loading=\"lazy\" decoding=\"async\" class=\"alignnone size-medium wp-image-45720\" src=\"https:\/\/regiaonews.net.br\/2022\/wp-content\/uploads\/2021\/04\/audita-paulinho2-300x168.jpg\" alt=\"\" width=\"300\" height=\"168\" \/><\/a><\/p>\n<p>&nbsp;<\/p>\n","protected":false},"excerpt":{"rendered":"<p>&nbsp; O Departamento Nacional de Infraestrutura de Transportes (DNIT), ap\u00f3s<\/p>\n","protected":false},"author":2,"featured_media":355,"comment_status":"open","ping_status":"open","sticky":false,"template":"","format":"standard","meta":{"footnotes":""},"categories":[14,25,22],"tags":[],"class_list":["post-45757","post","type-post","status-publish","format-standard","has-post-thumbnail","hentry","category-barretos","category-cidades","category-politica"],"yoast_head":"<!-- This site is optimized with the Yoast SEO plugin v27.4 - https:\/\/yoast.com\/product\/yoast-seo-wordpress\/ -->\n<title>DNIT responde requerimento do presidente da C\u00e2mara de Barretos, Paulo Correa - Regi\u00e3o News<\/title>\n<meta name=\"robots\" content=\"index, follow, max-snippet:-1, max-image-preview:large, max-video-preview:-1\" \/>\n<link rel=\"canonical\" href=\"https:\/\/regiaonews.net.br\/2022\/2021\/04\/22\/dnit-responde-requerimento-do-presidente-da-camara-de-barretos-paulo-correa\/\" \/>\n<meta property=\"og:locale\" content=\"pt_BR\" \/>\n<meta property=\"og:type\" content=\"article\" \/>\n<meta property=\"og:title\" content=\"DNIT responde requerimento do presidente da C\u00e2mara de Barretos, Paulo Correa - Regi\u00e3o News\" \/>\n<meta property=\"og:description\" content=\"&nbsp; O Departamento Nacional de Infraestrutura de Transportes (DNIT), ap\u00f3s\" \/>\n<meta property=\"og:url\" content=\"https:\/\/regiaonews.net.br\/2022\/2021\/04\/22\/dnit-responde-requerimento-do-presidente-da-camara-de-barretos-paulo-correa\/\" \/>\n<meta property=\"og:site_name\" content=\"Regi\u00e3o News\" \/>\n<meta property=\"article:published_time\" content=\"2021-04-22T19:18:42+00:00\" \/>\n<meta property=\"og:image\" content=\"https:\/\/regiaonews.net.br\/2022\/wp-content\/uploads\/2016\/10\/Vereador-Paulo-Correa.jpg\" \/>\n\t<meta property=\"og:image:width\" content=\"918\" \/>\n\t<meta property=\"og:image:height\" content=\"644\" \/>\n\t<meta property=\"og:image:type\" content=\"image\/jpeg\" \/>\n<meta name=\"author\" content=\"Roberto\" \/>\n<meta name=\"twitter:card\" content=\"summary_large_image\" \/>\n<meta name=\"twitter:label1\" content=\"Escrito por\" \/>\n\t<meta name=\"twitter:data1\" content=\"Roberto\" \/>\n\t<meta name=\"twitter:label2\" content=\"Est. tempo de leitura\" \/>\n\t<meta name=\"twitter:data2\" content=\"2 minutos\" \/>\n<script type=\"application\/ld+json\" class=\"yoast-schema-graph\">{\"@context\":\"https:\\\/\\\/schema.org\",\"@graph\":[{\"@type\":\"Article\",\"@id\":\"https:\\\/\\\/regiaonews.net.br\\\/2022\\\/2021\\\/04\\\/22\\\/dnit-responde-requerimento-do-presidente-da-camara-de-barretos-paulo-correa\\\/#article\",\"isPartOf\":{\"@id\":\"https:\\\/\\\/regiaonews.net.br\\\/2022\\\/2021\\\/04\\\/22\\\/dnit-responde-requerimento-do-presidente-da-camara-de-barretos-paulo-correa\\\/\"},\"author\":{\"name\":\"Roberto\",\"@id\":\"https:\\\/\\\/regiaonews.net.br\\\/2022\\\/#\\\/schema\\\/person\\\/2d205a608a5aa97ac279d7a5e6d89ad8\"},\"headline\":\"DNIT responde requerimento do presidente da C\u00e2mara de Barretos, Paulo Correa\",\"datePublished\":\"2021-04-22T19:18:42+00:00\",\"mainEntityOfPage\":{\"@id\":\"https:\\\/\\\/regiaonews.net.br\\\/2022\\\/2021\\\/04\\\/22\\\/dnit-responde-requerimento-do-presidente-da-camara-de-barretos-paulo-correa\\\/\"},\"wordCount\":453,\"commentCount\":0,\"publisher\":{\"@id\":\"https:\\\/\\\/regiaonews.net.br\\\/2022\\\/#organization\"},\"image\":{\"@id\":\"https:\\\/\\\/regiaonews.net.br\\\/2022\\\/2021\\\/04\\\/22\\\/dnit-responde-requerimento-do-presidente-da-camara-de-barretos-paulo-correa\\\/#primaryimage\"},\"thumbnailUrl\":\"https:\\\/\\\/regiaonews.net.br\\\/2022\\\/wp-content\\\/uploads\\\/2016\\\/10\\\/Vereador-Paulo-Correa.jpg\",\"articleSection\":[\"Barretos\",\"Cidades\",\"Pol\u00edtica\"],\"inLanguage\":\"pt-BR\",\"potentialAction\":[{\"@type\":\"CommentAction\",\"name\":\"Comment\",\"target\":[\"https:\\\/\\\/regiaonews.net.br\\\/2022\\\/2021\\\/04\\\/22\\\/dnit-responde-requerimento-do-presidente-da-camara-de-barretos-paulo-correa\\\/#respond\"]}]},{\"@type\":\"WebPage\",\"@id\":\"https:\\\/\\\/regiaonews.net.br\\\/2022\\\/2021\\\/04\\\/22\\\/dnit-responde-requerimento-do-presidente-da-camara-de-barretos-paulo-correa\\\/\",\"url\":\"https:\\\/\\\/regiaonews.net.br\\\/2022\\\/2021\\\/04\\\/22\\\/dnit-responde-requerimento-do-presidente-da-camara-de-barretos-paulo-correa\\\/\",\"name\":\"DNIT responde requerimento do presidente da C\u00e2mara de Barretos, Paulo Correa - Regi\u00e3o News\",\"isPartOf\":{\"@id\":\"https:\\\/\\\/regiaonews.net.br\\\/2022\\\/#website\"},\"primaryImageOfPage\":{\"@id\":\"https:\\\/\\\/regiaonews.net.br\\\/2022\\\/2021\\\/04\\\/22\\\/dnit-responde-requerimento-do-presidente-da-camara-de-barretos-paulo-correa\\\/#primaryimage\"},\"image\":{\"@id\":\"https:\\\/\\\/regiaonews.net.br\\\/2022\\\/2021\\\/04\\\/22\\\/dnit-responde-requerimento-do-presidente-da-camara-de-barretos-paulo-correa\\\/#primaryimage\"},\"thumbnailUrl\":\"https:\\\/\\\/regiaonews.net.br\\\/2022\\\/wp-content\\\/uploads\\\/2016\\\/10\\\/Vereador-Paulo-Correa.jpg\",\"datePublished\":\"2021-04-22T19:18:42+00:00\",\"breadcrumb\":{\"@id\":\"https:\\\/\\\/regiaonews.net.br\\\/2022\\\/2021\\\/04\\\/22\\\/dnit-responde-requerimento-do-presidente-da-camara-de-barretos-paulo-correa\\\/#breadcrumb\"},\"inLanguage\":\"pt-BR\",\"potentialAction\":[{\"@type\":\"ReadAction\",\"target\":[\"https:\\\/\\\/regiaonews.net.br\\\/2022\\\/2021\\\/04\\\/22\\\/dnit-responde-requerimento-do-presidente-da-camara-de-barretos-paulo-correa\\\/\"]}]},{\"@type\":\"ImageObject\",\"inLanguage\":\"pt-BR\",\"@id\":\"https:\\\/\\\/regiaonews.net.br\\\/2022\\\/2021\\\/04\\\/22\\\/dnit-responde-requerimento-do-presidente-da-camara-de-barretos-paulo-correa\\\/#primaryimage\",\"url\":\"https:\\\/\\\/regiaonews.net.br\\\/2022\\\/wp-content\\\/uploads\\\/2016\\\/10\\\/Vereador-Paulo-Correa.jpg\",\"contentUrl\":\"https:\\\/\\\/regiaonews.net.br\\\/2022\\\/wp-content\\\/uploads\\\/2016\\\/10\\\/Vereador-Paulo-Correa.jpg\",\"width\":918,\"height\":644,\"caption\":\"????????????????????????????????????\"},{\"@type\":\"BreadcrumbList\",\"@id\":\"https:\\\/\\\/regiaonews.net.br\\\/2022\\\/2021\\\/04\\\/22\\\/dnit-responde-requerimento-do-presidente-da-camara-de-barretos-paulo-correa\\\/#breadcrumb\",\"itemListElement\":[{\"@type\":\"ListItem\",\"position\":1,\"name\":\"In\u00edcio\",\"item\":\"https:\\\/\\\/regiaonews.net.br\\\/2022\\\/\"},{\"@type\":\"ListItem\",\"position\":2,\"name\":\"DNIT responde requerimento do presidente da C\u00e2mara de Barretos, Paulo Correa\"}]},{\"@type\":\"WebSite\",\"@id\":\"https:\\\/\\\/regiaonews.net.br\\\/2022\\\/#website\",\"url\":\"https:\\\/\\\/regiaonews.net.br\\\/2022\\\/\",\"name\":\"Regi\u00e3o News\",\"description\":\"Site de Not\u00edcias de Barretos e regi\u00e3o\",\"publisher\":{\"@id\":\"https:\\\/\\\/regiaonews.net.br\\\/2022\\\/#organization\"},\"potentialAction\":[{\"@type\":\"SearchAction\",\"target\":{\"@type\":\"EntryPoint\",\"urlTemplate\":\"https:\\\/\\\/regiaonews.net.br\\\/2022\\\/?s={search_term_string}\"},\"query-input\":{\"@type\":\"PropertyValueSpecification\",\"valueRequired\":true,\"valueName\":\"search_term_string\"}}],\"inLanguage\":\"pt-BR\"},{\"@type\":\"Organization\",\"@id\":\"https:\\\/\\\/regiaonews.net.br\\\/2022\\\/#organization\",\"name\":\"Regi\u00e3o News\",\"url\":\"https:\\\/\\\/regiaonews.net.br\\\/2022\\\/\",\"logo\":{\"@type\":\"ImageObject\",\"inLanguage\":\"pt-BR\",\"@id\":\"https:\\\/\\\/regiaonews.net.br\\\/2022\\\/#\\\/schema\\\/logo\\\/image\\\/\",\"url\":\"https:\\\/\\\/regiaonews.net.br\\\/2022\\\/wp-content\\\/uploads\\\/2026\\\/03\\\/regiao-13-anos-scaled.jpg\",\"contentUrl\":\"https:\\\/\\\/regiaonews.net.br\\\/2022\\\/wp-content\\\/uploads\\\/2026\\\/03\\\/regiao-13-anos-scaled.jpg\",\"width\":2560,\"height\":635,\"caption\":\"Regi\u00e3o News\"},\"image\":{\"@id\":\"https:\\\/\\\/regiaonews.net.br\\\/2022\\\/#\\\/schema\\\/logo\\\/image\\\/\"}},{\"@type\":\"Person\",\"@id\":\"https:\\\/\\\/regiaonews.net.br\\\/2022\\\/#\\\/schema\\\/person\\\/2d205a608a5aa97ac279d7a5e6d89ad8\",\"name\":\"Roberto\",\"image\":{\"@type\":\"ImageObject\",\"inLanguage\":\"pt-BR\",\"@id\":\"https:\\\/\\\/secure.gravatar.com\\\/avatar\\\/42749d8b712ff9d59ca93dc150494e5b55a44134482993f5baeb97e61b7ecc89?s=96&d=mm&r=g\",\"url\":\"https:\\\/\\\/secure.gravatar.com\\\/avatar\\\/42749d8b712ff9d59ca93dc150494e5b55a44134482993f5baeb97e61b7ecc89?s=96&d=mm&r=g\",\"contentUrl\":\"https:\\\/\\\/secure.gravatar.com\\\/avatar\\\/42749d8b712ff9d59ca93dc150494e5b55a44134482993f5baeb97e61b7ecc89?s=96&d=mm&r=g\",\"caption\":\"Roberto\"},\"url\":\"https:\\\/\\\/regiaonews.net.br\\\/2022\\\/author\\\/roberto\\\/\"}]}<\/script>\n<!-- \/ Yoast SEO plugin. -->","yoast_head_json":{"title":"DNIT responde requerimento do presidente da C\u00e2mara de Barretos, Paulo Correa - Regi\u00e3o News","robots":{"index":"index","follow":"follow","max-snippet":"max-snippet:-1","max-image-preview":"max-image-preview:large","max-video-preview":"max-video-preview:-1"},"canonical":"https:\/\/regiaonews.net.br\/2022\/2021\/04\/22\/dnit-responde-requerimento-do-presidente-da-camara-de-barretos-paulo-correa\/","og_locale":"pt_BR","og_type":"article","og_title":"DNIT responde requerimento do presidente da C\u00e2mara de Barretos, Paulo Correa - Regi\u00e3o News","og_description":"&nbsp; O Departamento Nacional de Infraestrutura de Transportes (DNIT), ap\u00f3s","og_url":"https:\/\/regiaonews.net.br\/2022\/2021\/04\/22\/dnit-responde-requerimento-do-presidente-da-camara-de-barretos-paulo-correa\/","og_site_name":"Regi\u00e3o News","article_published_time":"2021-04-22T19:18:42+00:00","og_image":[{"width":918,"height":644,"url":"https:\/\/regiaonews.net.br\/2022\/wp-content\/uploads\/2016\/10\/Vereador-Paulo-Correa.jpg","type":"image\/jpeg"}],"author":"Roberto","twitter_card":"summary_large_image","twitter_misc":{"Escrito por":"Roberto","Est. tempo de leitura":"2 minutos"},"schema":{"@context":"https:\/\/schema.org","@graph":[{"@type":"Article","@id":"https:\/\/regiaonews.net.br\/2022\/2021\/04\/22\/dnit-responde-requerimento-do-presidente-da-camara-de-barretos-paulo-correa\/#article","isPartOf":{"@id":"https:\/\/regiaonews.net.br\/2022\/2021\/04\/22\/dnit-responde-requerimento-do-presidente-da-camara-de-barretos-paulo-correa\/"},"author":{"name":"Roberto","@id":"https:\/\/regiaonews.net.br\/2022\/#\/schema\/person\/2d205a608a5aa97ac279d7a5e6d89ad8"},"headline":"DNIT responde requerimento do presidente da C\u00e2mara de Barretos, Paulo Correa","datePublished":"2021-04-22T19:18:42+00:00","mainEntityOfPage":{"@id":"https:\/\/regiaonews.net.br\/2022\/2021\/04\/22\/dnit-responde-requerimento-do-presidente-da-camara-de-barretos-paulo-correa\/"},"wordCount":453,"commentCount":0,"publisher":{"@id":"https:\/\/regiaonews.net.br\/2022\/#organization"},"image":{"@id":"https:\/\/regiaonews.net.br\/2022\/2021\/04\/22\/dnit-responde-requerimento-do-presidente-da-camara-de-barretos-paulo-correa\/#primaryimage"},"thumbnailUrl":"https:\/\/regiaonews.net.br\/2022\/wp-content\/uploads\/2016\/10\/Vereador-Paulo-Correa.jpg","articleSection":["Barretos","Cidades","Pol\u00edtica"],"inLanguage":"pt-BR","potentialAction":[{"@type":"CommentAction","name":"Comment","target":["https:\/\/regiaonews.net.br\/2022\/2021\/04\/22\/dnit-responde-requerimento-do-presidente-da-camara-de-barretos-paulo-correa\/#respond"]}]},{"@type":"WebPage","@id":"https:\/\/regiaonews.net.br\/2022\/2021\/04\/22\/dnit-responde-requerimento-do-presidente-da-camara-de-barretos-paulo-correa\/","url":"https:\/\/regiaonews.net.br\/2022\/2021\/04\/22\/dnit-responde-requerimento-do-presidente-da-camara-de-barretos-paulo-correa\/","name":"DNIT responde requerimento do presidente da C\u00e2mara de Barretos, Paulo Correa - Regi\u00e3o News","isPartOf":{"@id":"https:\/\/regiaonews.net.br\/2022\/#website"},"primaryImageOfPage":{"@id":"https:\/\/regiaonews.net.br\/2022\/2021\/04\/22\/dnit-responde-requerimento-do-presidente-da-camara-de-barretos-paulo-correa\/#primaryimage"},"image":{"@id":"https:\/\/regiaonews.net.br\/2022\/2021\/04\/22\/dnit-responde-requerimento-do-presidente-da-camara-de-barretos-paulo-correa\/#primaryimage"},"thumbnailUrl":"https:\/\/regiaonews.net.br\/2022\/wp-content\/uploads\/2016\/10\/Vereador-Paulo-Correa.jpg","datePublished":"2021-04-22T19:18:42+00:00","breadcrumb":{"@id":"https:\/\/regiaonews.net.br\/2022\/2021\/04\/22\/dnit-responde-requerimento-do-presidente-da-camara-de-barretos-paulo-correa\/#breadcrumb"},"inLanguage":"pt-BR","potentialAction":[{"@type":"ReadAction","target":["https:\/\/regiaonews.net.br\/2022\/2021\/04\/22\/dnit-responde-requerimento-do-presidente-da-camara-de-barretos-paulo-correa\/"]}]},{"@type":"ImageObject","inLanguage":"pt-BR","@id":"https:\/\/regiaonews.net.br\/2022\/2021\/04\/22\/dnit-responde-requerimento-do-presidente-da-camara-de-barretos-paulo-correa\/#primaryimage","url":"https:\/\/regiaonews.net.br\/2022\/wp-content\/uploads\/2016\/10\/Vereador-Paulo-Correa.jpg","contentUrl":"https:\/\/regiaonews.net.br\/2022\/wp-content\/uploads\/2016\/10\/Vereador-Paulo-Correa.jpg","width":918,"height":644,"caption":"????????????????????????????????????"},{"@type":"BreadcrumbList","@id":"https:\/\/regiaonews.net.br\/2022\/2021\/04\/22\/dnit-responde-requerimento-do-presidente-da-camara-de-barretos-paulo-correa\/#breadcrumb","itemListElement":[{"@type":"ListItem","position":1,"name":"In\u00edcio","item":"https:\/\/regiaonews.net.br\/2022\/"},{"@type":"ListItem","position":2,"name":"DNIT responde requerimento do presidente da C\u00e2mara de Barretos, Paulo Correa"}]},{"@type":"WebSite","@id":"https:\/\/regiaonews.net.br\/2022\/#website","url":"https:\/\/regiaonews.net.br\/2022\/","name":"Regi\u00e3o News","description":"Site de Not\u00edcias de Barretos e regi\u00e3o","publisher":{"@id":"https:\/\/regiaonews.net.br\/2022\/#organization"},"potentialAction":[{"@type":"SearchAction","target":{"@type":"EntryPoint","urlTemplate":"https:\/\/regiaonews.net.br\/2022\/?s={search_term_string}"},"query-input":{"@type":"PropertyValueSpecification","valueRequired":true,"valueName":"search_term_string"}}],"inLanguage":"pt-BR"},{"@type":"Organization","@id":"https:\/\/regiaonews.net.br\/2022\/#organization","name":"Regi\u00e3o News","url":"https:\/\/regiaonews.net.br\/2022\/","logo":{"@type":"ImageObject","inLanguage":"pt-BR","@id":"https:\/\/regiaonews.net.br\/2022\/#\/schema\/logo\/image\/","url":"https:\/\/regiaonews.net.br\/2022\/wp-content\/uploads\/2026\/03\/regiao-13-anos-scaled.jpg","contentUrl":"https:\/\/regiaonews.net.br\/2022\/wp-content\/uploads\/2026\/03\/regiao-13-anos-scaled.jpg","width":2560,"height":635,"caption":"Regi\u00e3o News"},"image":{"@id":"https:\/\/regiaonews.net.br\/2022\/#\/schema\/logo\/image\/"}},{"@type":"Person","@id":"https:\/\/regiaonews.net.br\/2022\/#\/schema\/person\/2d205a608a5aa97ac279d7a5e6d89ad8","name":"Roberto","image":{"@type":"ImageObject","inLanguage":"pt-BR","@id":"https:\/\/secure.gravatar.com\/avatar\/42749d8b712ff9d59ca93dc150494e5b55a44134482993f5baeb97e61b7ecc89?s=96&d=mm&r=g","url":"https:\/\/secure.gravatar.com\/avatar\/42749d8b712ff9d59ca93dc150494e5b55a44134482993f5baeb97e61b7ecc89?s=96&d=mm&r=g","contentUrl":"https:\/\/secure.gravatar.com\/avatar\/42749d8b712ff9d59ca93dc150494e5b55a44134482993f5baeb97e61b7ecc89?s=96&d=mm&r=g","caption":"Roberto"},"url":"https:\/\/regiaonews.net.br\/2022\/author\/roberto\/"}]}},"publishpress_future_action":{"enabled":false,"date":"2026-05-04 02:59:10","action":"change-status","newStatus":"draft","terms":[],"taxonomy":"category","extraData":[]},"publishpress_future_workflow_manual_trigger":{"enabledWorkflows":[]},"_links":{"self":[{"href":"https:\/\/regiaonews.net.br\/2022\/wp-json\/wp\/v2\/posts\/45757","targetHints":{"allow":["GET"]}}],"collection":[{"href":"https:\/\/regiaonews.net.br\/2022\/wp-json\/wp\/v2\/posts"}],"about":[{"href":"https:\/\/regiaonews.net.br\/2022\/wp-json\/wp\/v2\/types\/post"}],"author":[{"embeddable":true,"href":"https:\/\/regiaonews.net.br\/2022\/wp-json\/wp\/v2\/users\/2"}],"replies":[{"embeddable":true,"href":"https:\/\/regiaonews.net.br\/2022\/wp-json\/wp\/v2\/comments?post=45757"}],"version-history":[{"count":0,"href":"https:\/\/regiaonews.net.br\/2022\/wp-json\/wp\/v2\/posts\/45757\/revisions"}],"wp:featuredmedia":[{"embeddable":true,"href":"https:\/\/regiaonews.net.br\/2022\/wp-json\/wp\/v2\/media\/355"}],"wp:attachment":[{"href":"https:\/\/regiaonews.net.br\/2022\/wp-json\/wp\/v2\/media?parent=45757"}],"wp:term":[{"taxonomy":"category","embeddable":true,"href":"https:\/\/regiaonews.net.br\/2022\/wp-json\/wp\/v2\/categories?post=45757"},{"taxonomy":"post_tag","embeddable":true,"href":"https:\/\/regiaonews.net.br\/2022\/wp-json\/wp\/v2\/tags?post=45757"}],"curies":[{"name":"wp","href":"https:\/\/api.w.org\/{rel}","templated":true}]}}