{"id":45707,"date":"2021-04-21T18:04:17","date_gmt":"2021-04-21T21:04:17","guid":{"rendered":"https:\/\/regiaonews.net.br\/2022\/?p=45707"},"modified":"2021-04-22T08:59:56","modified_gmt":"2021-04-22T11:59:56","slug":"infectologista-guilherme-freire-orienta-sobre-vacinacao-da-gripe","status":"publish","type":"post","link":"https:\/\/regiaonews.net.br\/2022\/2021\/04\/21\/infectologista-guilherme-freire-orienta-sobre-vacinacao-da-gripe\/","title":{"rendered":"Infectologista Guilherme Freire orienta sobre vacina\u00e7\u00e3o da gripe"},"content":{"rendered":"<p><a href=\"https:\/\/regiaonews.net.br\/2022\/wp-content\/uploads\/2021\/04\/etapaextra-virtus-1080x1080_Prancheta-1-1.jpg\"><img loading=\"lazy\" decoding=\"async\" class=\"alignnone size-medium wp-image-45488\" src=\"https:\/\/regiaonews.net.br\/2022\/wp-content\/uploads\/2021\/04\/etapaextra-virtus-1080x1080_Prancheta-1-1-300x300.jpg\" alt=\"\" width=\"300\" height=\"300\" \/><\/a><\/p>\n<p><a href=\"https:\/\/regiaonews.net.br\/2022\/wp-content\/uploads\/2021\/04\/20210419_090927.jpg\"><img loading=\"lazy\" decoding=\"async\" class=\"alignnone size-medium wp-image-45461\" src=\"https:\/\/regiaonews.net.br\/2022\/wp-content\/uploads\/2021\/04\/20210419_090927-300x300.jpg\" alt=\"\" width=\"300\" height=\"300\" \/><\/a><\/p>\n<p><a href=\"https:\/\/regiaonews.net.br\/2022\/wp-content\/uploads\/2021\/04\/MON7022.jpg\"><img loading=\"lazy\" decoding=\"async\" class=\"alignnone size-medium wp-image-45709\" src=\"https:\/\/regiaonews.net.br\/2022\/wp-content\/uploads\/2021\/04\/MON7022-200x300.jpg\" alt=\"\" width=\"200\" height=\"300\" \/><\/a><br \/>\nA pandemia de Covid-19 fez com que as aten\u00e7\u00f5es acabassem sendo direcionadas apenas para essa doen\u00e7a. Mas \u00e9 de fundamental import\u00e2ncia que os barretenses continuem tomando as demais vacinas, como a da Influenza, a chamada gripe comum.<br \/>\n\u00c9 o que afirma o m\u00e9dico Guilherme Carvalho Freire, coordenador do Departamento de Vigil\u00e2ncia em Sa\u00fade da Prefeitura de Barretos. Em conversa com a imprensa na manh\u00e3 desta ter\u00e7a-feira, dia 20 de abril\/21, o infectologista comentou que a gripe comum \u00e9 end\u00eamica e que todo cuidado \u00e9 pouco.<\/p>\n<p><a href=\"https:\/\/regiaonews.net.br\/2022\/wp-content\/uploads\/2021\/04\/20210419_091407.jpg\"><img loading=\"lazy\" decoding=\"async\" class=\"alignnone size-medium wp-image-45464\" src=\"https:\/\/regiaonews.net.br\/2022\/wp-content\/uploads\/2021\/04\/20210419_091407-300x161.jpg\" alt=\"\" width=\"300\" height=\"161\" \/><\/a><br \/>\nPor isso, Freire destacou a Campanha Nacional de Vacina\u00e7\u00e3o Contra a Influenza, que come\u00e7ou no dia 09 e segue at\u00e9 09 de julho vacinando os grupos priorit\u00e1rios. \u201cA vacina \u00e9 segura e se mostrou eficaz nesses mais de 20 anos aplicada no Pa\u00eds. A quantidade de efeitos colaterais \u00e9 extremamente baixa e a prote\u00e7\u00e3o \u00e9 extremamente valiosa\u201d, explica o m\u00e9dico.<br \/>\nFreire explicou tamb\u00e9m que a vacina contra a Influenza n\u00e3o protege contra a Covid-19, mas vai reduzir a quantidade de pessoas doentes e, consequentemente, o n\u00famero de interna\u00e7\u00f5es hospitalares. \u00a0\u201cIsso vai deixar uma tranquilidade maior no sistema de sa\u00fade para o foco no combate \u00e0 pandemia\u201d, afirmou.<br \/>\n&#8220;N\u00e3o podemos perder de vista que, embora estejamos num per\u00edodo pand\u00eamico, h\u00e1 outras a\u00e7\u00f5es da Secretaria de Sa\u00fade que precisam ser demandadas. Nosso governo trabalha com planejamento e com antecipa\u00e7\u00e3o de a\u00e7\u00f5es pensando sempre nas pessoas&#8221;, declarou Paula Lemos.<\/p>\n<p><a href=\"https:\/\/regiaonews.net.br\/2022\/wp-content\/uploads\/2021\/04\/20210419_091349.jpg\"><img loading=\"lazy\" decoding=\"async\" class=\"alignnone size-medium wp-image-45465\" src=\"https:\/\/regiaonews.net.br\/2022\/wp-content\/uploads\/2021\/04\/20210419_091349-286x300.jpg\" alt=\"\" width=\"286\" height=\"300\" \/><\/a><\/p>\n<p><strong>Grupos priorit\u00e1rios <\/strong><br \/>\nA vacina\u00e7\u00e3o contra a Influenza est\u00e1 sendo feita na rede municipal de Sa\u00fade de Barretos (UBSs, ESFs e Post\u00e3o). A meta deste ano \u00e9 vacinar 90% das pessoas que comp\u00f5em os grupos priorit\u00e1rios.<br \/>\nA aplica\u00e7\u00e3o das doses ser\u00e1 feita de forma escalonada e dividida em tr\u00eas etapas. A primeira, de 12 de abril a 10 de maio, ser\u00e1 direcionada para crian\u00e7as de seis meses a menores de seis anos, gestantes, pu\u00e9rperas, povos ind\u00edgenas e trabalhadores da sa\u00fade.<br \/>\nA segunda etapa, que vai de 11 de maio a 8 de junho, ter\u00e1 como foco pessoas com mais de 60 anos e professores.<br \/>\nPor fim, na terceira etapa, entre 9 de junho e 9 de julho, receber\u00e3o a vacina pessoas com defici\u00eancia permanente ou comorbidades, caminhoneiros, trabalhadores de transporte coletivo rodovi\u00e1rio de passageiros, for\u00e7as de seguran\u00e7a e salvamento, membros das for\u00e7as armadas, funcion\u00e1rios do sistema prisional, jovens e menores sob medidas socioeducativas e popula\u00e7\u00e3o privada de liberdade.<\/p>\n<p><a href=\"https:\/\/regiaonews.net.br\/2022\/wp-content\/uploads\/2021\/04\/20210419_090737.jpg\"><img loading=\"lazy\" decoding=\"async\" class=\"alignnone size-medium wp-image-45460\" src=\"https:\/\/regiaonews.net.br\/2022\/wp-content\/uploads\/2021\/04\/20210419_090737-300x300.jpg\" alt=\"\" width=\"300\" height=\"300\" \/><\/a><br \/>\nO Minist\u00e9rio da Sa\u00fade n\u00e3o recomenda a aplica\u00e7\u00e3o das doses das vacinas de Influenza e Covid-19 simultaneamente. A orienta\u00e7\u00e3o, neste momento, \u00e9 priorizar a imuniza\u00e7\u00e3o contra a Covid-19. Por isso, ser\u00e1 agendada a vacina\u00e7\u00e3o respeitando um intervalo m\u00ednimo de 14 dias entre a aplica\u00e7\u00e3o dos dois imunizantes.<br \/>\n\u201cQuero chamar todos que podem ser vacinados a se dirigirem, dentro do prazo, nas unidades de sa\u00fade. A\u00e7\u00f5es como essa v\u00e3o garantir a sa\u00fade de todos n\u00f3s. Fa\u00e7a a sua parte\u201d, comenta a prefeita Paula Lemos.<\/p>\n<p><a href=\"https:\/\/regiaonews.net.br\/2022\/wp-content\/uploads\/2021\/04\/b89f147f-326b-41b5-afa2-3614c0c74afd.jpg\"><img loading=\"lazy\" decoding=\"async\" class=\"alignnone size-full wp-image-45583\" src=\"https:\/\/regiaonews.net.br\/2022\/wp-content\/uploads\/2021\/04\/b89f147f-326b-41b5-afa2-3614c0c74afd.jpg\" alt=\"\" width=\"288\" height=\"175\" \/><\/a><\/p>\n<p><a href=\"https:\/\/regiaonews.net.br\/2022\/wp-content\/uploads\/2021\/04\/5ecbee04-325b-4605-b4d5-57d57547e7b2-3.jpg\"><img loading=\"lazy\" decoding=\"async\" class=\"alignnone size-medium wp-image-45403\" src=\"https:\/\/regiaonews.net.br\/2022\/wp-content\/uploads\/2021\/04\/5ecbee04-325b-4605-b4d5-57d57547e7b2-3-267x300.jpg\" alt=\"\" width=\"267\" height=\"300\" \/><\/a><\/p>\n","protected":false},"excerpt":{"rendered":"<p>A pandemia de Covid-19 fez com que as aten\u00e7\u00f5es acabassem<\/p>\n","protected":false},"author":2,"featured_media":29852,"comment_status":"open","ping_status":"open","sticky":false,"template":"","format":"standard","meta":{"footnotes":""},"categories":[14,25],"tags":[],"class_list":["post-45707","post","type-post","status-publish","format-standard","has-post-thumbnail","hentry","category-barretos","category-cidades"],"yoast_head":"<!-- This site is optimized with the Yoast SEO plugin v27.4 - https:\/\/yoast.com\/product\/yoast-seo-wordpress\/ -->\n<title>Infectologista Guilherme Freire orienta sobre vacina\u00e7\u00e3o da gripe - Regi\u00e3o News<\/title>\n<meta name=\"robots\" content=\"index, follow, max-snippet:-1, max-image-preview:large, max-video-preview:-1\" \/>\n<link rel=\"canonical\" href=\"https:\/\/regiaonews.net.br\/2022\/2021\/04\/21\/infectologista-guilherme-freire-orienta-sobre-vacinacao-da-gripe\/\" \/>\n<meta property=\"og:locale\" content=\"pt_BR\" \/>\n<meta property=\"og:type\" content=\"article\" \/>\n<meta property=\"og:title\" content=\"Infectologista Guilherme Freire orienta sobre vacina\u00e7\u00e3o da gripe - Regi\u00e3o News\" \/>\n<meta property=\"og:description\" content=\"A pandemia de Covid-19 fez com que as aten\u00e7\u00f5es acabassem\" \/>\n<meta property=\"og:url\" content=\"https:\/\/regiaonews.net.br\/2022\/2021\/04\/21\/infectologista-guilherme-freire-orienta-sobre-vacinacao-da-gripe\/\" \/>\n<meta property=\"og:site_name\" content=\"Regi\u00e3o News\" \/>\n<meta property=\"article:published_time\" content=\"2021-04-21T21:04:17+00:00\" \/>\n<meta property=\"article:modified_time\" content=\"2021-04-22T11:59:56+00:00\" \/>\n<meta property=\"og:image\" content=\"https:\/\/regiaonews.net.br\/2022\/wp-content\/uploads\/2020\/04\/dr.-guilherme-freire.jpg\" \/>\n\t<meta property=\"og:image:width\" content=\"1032\" \/>\n\t<meta property=\"og:image:height\" content=\"774\" \/>\n\t<meta property=\"og:image:type\" content=\"image\/jpeg\" \/>\n<meta name=\"author\" content=\"Roberto\" \/>\n<meta name=\"twitter:card\" content=\"summary_large_image\" \/>\n<meta name=\"twitter:label1\" content=\"Escrito por\" \/>\n\t<meta name=\"twitter:data1\" content=\"Roberto\" \/>\n\t<meta name=\"twitter:label2\" content=\"Est. tempo de leitura\" \/>\n\t<meta name=\"twitter:data2\" content=\"3 minutos\" \/>\n<script type=\"application\/ld+json\" class=\"yoast-schema-graph\">{\"@context\":\"https:\\\/\\\/schema.org\",\"@graph\":[{\"@type\":\"Article\",\"@id\":\"https:\\\/\\\/regiaonews.net.br\\\/2022\\\/2021\\\/04\\\/21\\\/infectologista-guilherme-freire-orienta-sobre-vacinacao-da-gripe\\\/#article\",\"isPartOf\":{\"@id\":\"https:\\\/\\\/regiaonews.net.br\\\/2022\\\/2021\\\/04\\\/21\\\/infectologista-guilherme-freire-orienta-sobre-vacinacao-da-gripe\\\/\"},\"author\":{\"name\":\"Roberto\",\"@id\":\"https:\\\/\\\/regiaonews.net.br\\\/2022\\\/#\\\/schema\\\/person\\\/2d205a608a5aa97ac279d7a5e6d89ad8\"},\"headline\":\"Infectologista Guilherme Freire orienta sobre vacina\u00e7\u00e3o da gripe\",\"datePublished\":\"2021-04-21T21:04:17+00:00\",\"dateModified\":\"2021-04-22T11:59:56+00:00\",\"mainEntityOfPage\":{\"@id\":\"https:\\\/\\\/regiaonews.net.br\\\/2022\\\/2021\\\/04\\\/21\\\/infectologista-guilherme-freire-orienta-sobre-vacinacao-da-gripe\\\/\"},\"wordCount\":518,\"commentCount\":0,\"publisher\":{\"@id\":\"https:\\\/\\\/regiaonews.net.br\\\/2022\\\/#organization\"},\"image\":{\"@id\":\"https:\\\/\\\/regiaonews.net.br\\\/2022\\\/2021\\\/04\\\/21\\\/infectologista-guilherme-freire-orienta-sobre-vacinacao-da-gripe\\\/#primaryimage\"},\"thumbnailUrl\":\"https:\\\/\\\/regiaonews.net.br\\\/2022\\\/wp-content\\\/uploads\\\/2020\\\/04\\\/dr.-guilherme-freire.jpg\",\"articleSection\":[\"Barretos\",\"Cidades\"],\"inLanguage\":\"pt-BR\",\"potentialAction\":[{\"@type\":\"CommentAction\",\"name\":\"Comment\",\"target\":[\"https:\\\/\\\/regiaonews.net.br\\\/2022\\\/2021\\\/04\\\/21\\\/infectologista-guilherme-freire-orienta-sobre-vacinacao-da-gripe\\\/#respond\"]}]},{\"@type\":\"WebPage\",\"@id\":\"https:\\\/\\\/regiaonews.net.br\\\/2022\\\/2021\\\/04\\\/21\\\/infectologista-guilherme-freire-orienta-sobre-vacinacao-da-gripe\\\/\",\"url\":\"https:\\\/\\\/regiaonews.net.br\\\/2022\\\/2021\\\/04\\\/21\\\/infectologista-guilherme-freire-orienta-sobre-vacinacao-da-gripe\\\/\",\"name\":\"Infectologista Guilherme Freire orienta sobre vacina\u00e7\u00e3o da gripe - Regi\u00e3o News\",\"isPartOf\":{\"@id\":\"https:\\\/\\\/regiaonews.net.br\\\/2022\\\/#website\"},\"primaryImageOfPage\":{\"@id\":\"https:\\\/\\\/regiaonews.net.br\\\/2022\\\/2021\\\/04\\\/21\\\/infectologista-guilherme-freire-orienta-sobre-vacinacao-da-gripe\\\/#primaryimage\"},\"image\":{\"@id\":\"https:\\\/\\\/regiaonews.net.br\\\/2022\\\/2021\\\/04\\\/21\\\/infectologista-guilherme-freire-orienta-sobre-vacinacao-da-gripe\\\/#primaryimage\"},\"thumbnailUrl\":\"https:\\\/\\\/regiaonews.net.br\\\/2022\\\/wp-content\\\/uploads\\\/2020\\\/04\\\/dr.-guilherme-freire.jpg\",\"datePublished\":\"2021-04-21T21:04:17+00:00\",\"dateModified\":\"2021-04-22T11:59:56+00:00\",\"breadcrumb\":{\"@id\":\"https:\\\/\\\/regiaonews.net.br\\\/2022\\\/2021\\\/04\\\/21\\\/infectologista-guilherme-freire-orienta-sobre-vacinacao-da-gripe\\\/#breadcrumb\"},\"inLanguage\":\"pt-BR\",\"potentialAction\":[{\"@type\":\"ReadAction\",\"target\":[\"https:\\\/\\\/regiaonews.net.br\\\/2022\\\/2021\\\/04\\\/21\\\/infectologista-guilherme-freire-orienta-sobre-vacinacao-da-gripe\\\/\"]}]},{\"@type\":\"ImageObject\",\"inLanguage\":\"pt-BR\",\"@id\":\"https:\\\/\\\/regiaonews.net.br\\\/2022\\\/2021\\\/04\\\/21\\\/infectologista-guilherme-freire-orienta-sobre-vacinacao-da-gripe\\\/#primaryimage\",\"url\":\"https:\\\/\\\/regiaonews.net.br\\\/2022\\\/wp-content\\\/uploads\\\/2020\\\/04\\\/dr.-guilherme-freire.jpg\",\"contentUrl\":\"https:\\\/\\\/regiaonews.net.br\\\/2022\\\/wp-content\\\/uploads\\\/2020\\\/04\\\/dr.-guilherme-freire.jpg\",\"width\":1032,\"height\":774},{\"@type\":\"BreadcrumbList\",\"@id\":\"https:\\\/\\\/regiaonews.net.br\\\/2022\\\/2021\\\/04\\\/21\\\/infectologista-guilherme-freire-orienta-sobre-vacinacao-da-gripe\\\/#breadcrumb\",\"itemListElement\":[{\"@type\":\"ListItem\",\"position\":1,\"name\":\"In\u00edcio\",\"item\":\"https:\\\/\\\/regiaonews.net.br\\\/2022\\\/\"},{\"@type\":\"ListItem\",\"position\":2,\"name\":\"Infectologista Guilherme Freire orienta sobre vacina\u00e7\u00e3o da gripe\"}]},{\"@type\":\"WebSite\",\"@id\":\"https:\\\/\\\/regiaonews.net.br\\\/2022\\\/#website\",\"url\":\"https:\\\/\\\/regiaonews.net.br\\\/2022\\\/\",\"name\":\"Regi\u00e3o News\",\"description\":\"Site de Not\u00edcias de Barretos e regi\u00e3o\",\"publisher\":{\"@id\":\"https:\\\/\\\/regiaonews.net.br\\\/2022\\\/#organization\"},\"potentialAction\":[{\"@type\":\"SearchAction\",\"target\":{\"@type\":\"EntryPoint\",\"urlTemplate\":\"https:\\\/\\\/regiaonews.net.br\\\/2022\\\/?s={search_term_string}\"},\"query-input\":{\"@type\":\"PropertyValueSpecification\",\"valueRequired\":true,\"valueName\":\"search_term_string\"}}],\"inLanguage\":\"pt-BR\"},{\"@type\":\"Organization\",\"@id\":\"https:\\\/\\\/regiaonews.net.br\\\/2022\\\/#organization\",\"name\":\"Regi\u00e3o News\",\"url\":\"https:\\\/\\\/regiaonews.net.br\\\/2022\\\/\",\"logo\":{\"@type\":\"ImageObject\",\"inLanguage\":\"pt-BR\",\"@id\":\"https:\\\/\\\/regiaonews.net.br\\\/2022\\\/#\\\/schema\\\/logo\\\/image\\\/\",\"url\":\"https:\\\/\\\/regiaonews.net.br\\\/2022\\\/wp-content\\\/uploads\\\/2026\\\/03\\\/regiao-13-anos-scaled.jpg\",\"contentUrl\":\"https:\\\/\\\/regiaonews.net.br\\\/2022\\\/wp-content\\\/uploads\\\/2026\\\/03\\\/regiao-13-anos-scaled.jpg\",\"width\":2560,\"height\":635,\"caption\":\"Regi\u00e3o News\"},\"image\":{\"@id\":\"https:\\\/\\\/regiaonews.net.br\\\/2022\\\/#\\\/schema\\\/logo\\\/image\\\/\"}},{\"@type\":\"Person\",\"@id\":\"https:\\\/\\\/regiaonews.net.br\\\/2022\\\/#\\\/schema\\\/person\\\/2d205a608a5aa97ac279d7a5e6d89ad8\",\"name\":\"Roberto\",\"image\":{\"@type\":\"ImageObject\",\"inLanguage\":\"pt-BR\",\"@id\":\"https:\\\/\\\/secure.gravatar.com\\\/avatar\\\/42749d8b712ff9d59ca93dc150494e5b55a44134482993f5baeb97e61b7ecc89?s=96&d=mm&r=g\",\"url\":\"https:\\\/\\\/secure.gravatar.com\\\/avatar\\\/42749d8b712ff9d59ca93dc150494e5b55a44134482993f5baeb97e61b7ecc89?s=96&d=mm&r=g\",\"contentUrl\":\"https:\\\/\\\/secure.gravatar.com\\\/avatar\\\/42749d8b712ff9d59ca93dc150494e5b55a44134482993f5baeb97e61b7ecc89?s=96&d=mm&r=g\",\"caption\":\"Roberto\"},\"url\":\"https:\\\/\\\/regiaonews.net.br\\\/2022\\\/author\\\/roberto\\\/\"}]}<\/script>\n<!-- \/ Yoast SEO plugin. -->","yoast_head_json":{"title":"Infectologista Guilherme Freire orienta sobre vacina\u00e7\u00e3o da gripe - Regi\u00e3o News","robots":{"index":"index","follow":"follow","max-snippet":"max-snippet:-1","max-image-preview":"max-image-preview:large","max-video-preview":"max-video-preview:-1"},"canonical":"https:\/\/regiaonews.net.br\/2022\/2021\/04\/21\/infectologista-guilherme-freire-orienta-sobre-vacinacao-da-gripe\/","og_locale":"pt_BR","og_type":"article","og_title":"Infectologista Guilherme Freire orienta sobre vacina\u00e7\u00e3o da gripe - Regi\u00e3o News","og_description":"A pandemia de Covid-19 fez com que as aten\u00e7\u00f5es acabassem","og_url":"https:\/\/regiaonews.net.br\/2022\/2021\/04\/21\/infectologista-guilherme-freire-orienta-sobre-vacinacao-da-gripe\/","og_site_name":"Regi\u00e3o News","article_published_time":"2021-04-21T21:04:17+00:00","article_modified_time":"2021-04-22T11:59:56+00:00","og_image":[{"width":1032,"height":774,"url":"https:\/\/regiaonews.net.br\/2022\/wp-content\/uploads\/2020\/04\/dr.-guilherme-freire.jpg","type":"image\/jpeg"}],"author":"Roberto","twitter_card":"summary_large_image","twitter_misc":{"Escrito por":"Roberto","Est. tempo de leitura":"3 minutos"},"schema":{"@context":"https:\/\/schema.org","@graph":[{"@type":"Article","@id":"https:\/\/regiaonews.net.br\/2022\/2021\/04\/21\/infectologista-guilherme-freire-orienta-sobre-vacinacao-da-gripe\/#article","isPartOf":{"@id":"https:\/\/regiaonews.net.br\/2022\/2021\/04\/21\/infectologista-guilherme-freire-orienta-sobre-vacinacao-da-gripe\/"},"author":{"name":"Roberto","@id":"https:\/\/regiaonews.net.br\/2022\/#\/schema\/person\/2d205a608a5aa97ac279d7a5e6d89ad8"},"headline":"Infectologista Guilherme Freire orienta sobre vacina\u00e7\u00e3o da gripe","datePublished":"2021-04-21T21:04:17+00:00","dateModified":"2021-04-22T11:59:56+00:00","mainEntityOfPage":{"@id":"https:\/\/regiaonews.net.br\/2022\/2021\/04\/21\/infectologista-guilherme-freire-orienta-sobre-vacinacao-da-gripe\/"},"wordCount":518,"commentCount":0,"publisher":{"@id":"https:\/\/regiaonews.net.br\/2022\/#organization"},"image":{"@id":"https:\/\/regiaonews.net.br\/2022\/2021\/04\/21\/infectologista-guilherme-freire-orienta-sobre-vacinacao-da-gripe\/#primaryimage"},"thumbnailUrl":"https:\/\/regiaonews.net.br\/2022\/wp-content\/uploads\/2020\/04\/dr.-guilherme-freire.jpg","articleSection":["Barretos","Cidades"],"inLanguage":"pt-BR","potentialAction":[{"@type":"CommentAction","name":"Comment","target":["https:\/\/regiaonews.net.br\/2022\/2021\/04\/21\/infectologista-guilherme-freire-orienta-sobre-vacinacao-da-gripe\/#respond"]}]},{"@type":"WebPage","@id":"https:\/\/regiaonews.net.br\/2022\/2021\/04\/21\/infectologista-guilherme-freire-orienta-sobre-vacinacao-da-gripe\/","url":"https:\/\/regiaonews.net.br\/2022\/2021\/04\/21\/infectologista-guilherme-freire-orienta-sobre-vacinacao-da-gripe\/","name":"Infectologista Guilherme Freire orienta sobre vacina\u00e7\u00e3o da gripe - Regi\u00e3o News","isPartOf":{"@id":"https:\/\/regiaonews.net.br\/2022\/#website"},"primaryImageOfPage":{"@id":"https:\/\/regiaonews.net.br\/2022\/2021\/04\/21\/infectologista-guilherme-freire-orienta-sobre-vacinacao-da-gripe\/#primaryimage"},"image":{"@id":"https:\/\/regiaonews.net.br\/2022\/2021\/04\/21\/infectologista-guilherme-freire-orienta-sobre-vacinacao-da-gripe\/#primaryimage"},"thumbnailUrl":"https:\/\/regiaonews.net.br\/2022\/wp-content\/uploads\/2020\/04\/dr.-guilherme-freire.jpg","datePublished":"2021-04-21T21:04:17+00:00","dateModified":"2021-04-22T11:59:56+00:00","breadcrumb":{"@id":"https:\/\/regiaonews.net.br\/2022\/2021\/04\/21\/infectologista-guilherme-freire-orienta-sobre-vacinacao-da-gripe\/#breadcrumb"},"inLanguage":"pt-BR","potentialAction":[{"@type":"ReadAction","target":["https:\/\/regiaonews.net.br\/2022\/2021\/04\/21\/infectologista-guilherme-freire-orienta-sobre-vacinacao-da-gripe\/"]}]},{"@type":"ImageObject","inLanguage":"pt-BR","@id":"https:\/\/regiaonews.net.br\/2022\/2021\/04\/21\/infectologista-guilherme-freire-orienta-sobre-vacinacao-da-gripe\/#primaryimage","url":"https:\/\/regiaonews.net.br\/2022\/wp-content\/uploads\/2020\/04\/dr.-guilherme-freire.jpg","contentUrl":"https:\/\/regiaonews.net.br\/2022\/wp-content\/uploads\/2020\/04\/dr.-guilherme-freire.jpg","width":1032,"height":774},{"@type":"BreadcrumbList","@id":"https:\/\/regiaonews.net.br\/2022\/2021\/04\/21\/infectologista-guilherme-freire-orienta-sobre-vacinacao-da-gripe\/#breadcrumb","itemListElement":[{"@type":"ListItem","position":1,"name":"In\u00edcio","item":"https:\/\/regiaonews.net.br\/2022\/"},{"@type":"ListItem","position":2,"name":"Infectologista Guilherme Freire orienta sobre vacina\u00e7\u00e3o da gripe"}]},{"@type":"WebSite","@id":"https:\/\/regiaonews.net.br\/2022\/#website","url":"https:\/\/regiaonews.net.br\/2022\/","name":"Regi\u00e3o News","description":"Site de Not\u00edcias de Barretos e regi\u00e3o","publisher":{"@id":"https:\/\/regiaonews.net.br\/2022\/#organization"},"potentialAction":[{"@type":"SearchAction","target":{"@type":"EntryPoint","urlTemplate":"https:\/\/regiaonews.net.br\/2022\/?s={search_term_string}"},"query-input":{"@type":"PropertyValueSpecification","valueRequired":true,"valueName":"search_term_string"}}],"inLanguage":"pt-BR"},{"@type":"Organization","@id":"https:\/\/regiaonews.net.br\/2022\/#organization","name":"Regi\u00e3o News","url":"https:\/\/regiaonews.net.br\/2022\/","logo":{"@type":"ImageObject","inLanguage":"pt-BR","@id":"https:\/\/regiaonews.net.br\/2022\/#\/schema\/logo\/image\/","url":"https:\/\/regiaonews.net.br\/2022\/wp-content\/uploads\/2026\/03\/regiao-13-anos-scaled.jpg","contentUrl":"https:\/\/regiaonews.net.br\/2022\/wp-content\/uploads\/2026\/03\/regiao-13-anos-scaled.jpg","width":2560,"height":635,"caption":"Regi\u00e3o News"},"image":{"@id":"https:\/\/regiaonews.net.br\/2022\/#\/schema\/logo\/image\/"}},{"@type":"Person","@id":"https:\/\/regiaonews.net.br\/2022\/#\/schema\/person\/2d205a608a5aa97ac279d7a5e6d89ad8","name":"Roberto","image":{"@type":"ImageObject","inLanguage":"pt-BR","@id":"https:\/\/secure.gravatar.com\/avatar\/42749d8b712ff9d59ca93dc150494e5b55a44134482993f5baeb97e61b7ecc89?s=96&d=mm&r=g","url":"https:\/\/secure.gravatar.com\/avatar\/42749d8b712ff9d59ca93dc150494e5b55a44134482993f5baeb97e61b7ecc89?s=96&d=mm&r=g","contentUrl":"https:\/\/secure.gravatar.com\/avatar\/42749d8b712ff9d59ca93dc150494e5b55a44134482993f5baeb97e61b7ecc89?s=96&d=mm&r=g","caption":"Roberto"},"url":"https:\/\/regiaonews.net.br\/2022\/author\/roberto\/"}]}},"publishpress_future_action":{"enabled":false,"date":"2026-05-02 03:45:41","action":"change-status","newStatus":"draft","terms":[],"taxonomy":"category","extraData":[]},"publishpress_future_workflow_manual_trigger":{"enabledWorkflows":[]},"_links":{"self":[{"href":"https:\/\/regiaonews.net.br\/2022\/wp-json\/wp\/v2\/posts\/45707","targetHints":{"allow":["GET"]}}],"collection":[{"href":"https:\/\/regiaonews.net.br\/2022\/wp-json\/wp\/v2\/posts"}],"about":[{"href":"https:\/\/regiaonews.net.br\/2022\/wp-json\/wp\/v2\/types\/post"}],"author":[{"embeddable":true,"href":"https:\/\/regiaonews.net.br\/2022\/wp-json\/wp\/v2\/users\/2"}],"replies":[{"embeddable":true,"href":"https:\/\/regiaonews.net.br\/2022\/wp-json\/wp\/v2\/comments?post=45707"}],"version-history":[{"count":0,"href":"https:\/\/regiaonews.net.br\/2022\/wp-json\/wp\/v2\/posts\/45707\/revisions"}],"wp:featuredmedia":[{"embeddable":true,"href":"https:\/\/regiaonews.net.br\/2022\/wp-json\/wp\/v2\/media\/29852"}],"wp:attachment":[{"href":"https:\/\/regiaonews.net.br\/2022\/wp-json\/wp\/v2\/media?parent=45707"}],"wp:term":[{"taxonomy":"category","embeddable":true,"href":"https:\/\/regiaonews.net.br\/2022\/wp-json\/wp\/v2\/categories?post=45707"},{"taxonomy":"post_tag","embeddable":true,"href":"https:\/\/regiaonews.net.br\/2022\/wp-json\/wp\/v2\/tags?post=45707"}],"curies":[{"name":"wp","href":"https:\/\/api.w.org\/{rel}","templated":true}]}}