{"id":45701,"date":"2021-04-21T17:33:14","date_gmt":"2021-04-21T20:33:14","guid":{"rendered":"https:\/\/regiaonews.net.br\/2022\/?p=45701"},"modified":"2021-04-21T17:38:51","modified_gmt":"2021-04-21T20:38:51","slug":"acib-e-sincomercio-realizam-promocao-de-dia-das-maes","status":"publish","type":"post","link":"https:\/\/regiaonews.net.br\/2022\/2021\/04\/21\/acib-e-sincomercio-realizam-promocao-de-dia-das-maes\/","title":{"rendered":"ACIB e Sincom\u00e9rcio realizam promo\u00e7\u00e3o de Dia das M\u00e3es"},"content":{"rendered":"<p class=\"xydp96eb7b6emsonormal\"><a href=\"https:\/\/regiaonews.net.br\/2022\/wp-content\/uploads\/2021\/04\/etapaextra-jetta-1080x1080_Prancheta-1.jpg\"><img loading=\"lazy\" decoding=\"async\" class=\"alignnone size-medium wp-image-45500\" src=\"https:\/\/regiaonews.net.br\/2022\/wp-content\/uploads\/2021\/04\/etapaextra-jetta-1080x1080_Prancheta-1-300x300.jpg\" alt=\"\" width=\"300\" height=\"300\" \/><\/a><\/p>\n<p><a href=\"https:\/\/regiaonews.net.br\/2022\/wp-content\/uploads\/2021\/04\/b38d4e77-2f8c-49b8-88da-f9fd3eefe259-7.jpg\"><img loading=\"lazy\" decoding=\"async\" class=\"alignnone size-medium wp-image-45493\" src=\"https:\/\/regiaonews.net.br\/2022\/wp-content\/uploads\/2021\/04\/b38d4e77-2f8c-49b8-88da-f9fd3eefe259-7-300x300.jpg\" alt=\"\" width=\"300\" height=\"300\" \/><\/a><\/p>\n<p class=\"xydp96eb7b6emsonormal\"><span style=\"font-size: 13.0pt; font-family: 'Times New Roman',serif;\">A Associa\u00e7\u00e3o Comercial e Industrial de Barretos \u2013 ACIB e o Sincom\u00e9rcio realizam a Promo\u00e7\u00e3o de Dia das M\u00e3es no com\u00e9rcio de Barretos. A Campanha acontece de 19 de abril a 10 de maio\/ 2021 com a distribui\u00e7\u00e3o de cupons ap\u00f3s as compras nas lojas participantes.<\/span><\/p>\n<p><a href=\"https:\/\/regiaonews.net.br\/2022\/wp-content\/uploads\/2021\/04\/Dia-das-maes.jpeg\"><img loading=\"lazy\" decoding=\"async\" class=\"alignnone size-medium wp-image-45702\" src=\"https:\/\/regiaonews.net.br\/2022\/wp-content\/uploads\/2021\/04\/Dia-das-maes-300x203.jpeg\" alt=\"\" width=\"300\" height=\"203\" \/><\/a><\/p>\n<p class=\"xydp96eb7b6emsonormal\"><span style=\"font-size: 13.0pt; font-family: 'Times New Roman',serif;\">Este ano a Associa\u00e7\u00e3o levantou uma premia\u00e7\u00e3o recorde com a distribui\u00e7\u00e3o, entre outros pr\u00eamios, de Vales- compras, anel de ouro e viagem para final de semana com acompanhante. Para participar \u00e9 preciso realizar compras nas lojas associadas e consultar o valor estipulado em cada estabelecimento.<\/span><\/p>\n<p><a href=\"https:\/\/regiaonews.net.br\/2022\/wp-content\/uploads\/2021\/04\/b806349e-edc3-4b34-98ca-04ff9d829bd7.jpg\"><img loading=\"lazy\" decoding=\"async\" class=\"alignnone size-medium wp-image-45588\" src=\"https:\/\/regiaonews.net.br\/2022\/wp-content\/uploads\/2021\/04\/b806349e-edc3-4b34-98ca-04ff9d829bd7-298x300.jpg\" alt=\"\" width=\"298\" height=\"300\" \/><\/a><\/p>\n<p class=\"xydp96eb7b6emsonormal\"><span style=\"font-size: 13.0pt; font-family: 'Times New Roman',serif;\">O sorteio acontece dia 11 de maio \u00e0s 10h no audit\u00f3rio da ACIB. A entrega est\u00e1 marcada para o dia 13 de maio, \u00e0s 10h.<\/span><\/p>\n<p class=\"xydp96eb7b6emsonormal\"><span style=\"font-size: 13.0pt; font-family: 'Times New Roman',serif;\">Para a presidente a ACIB, Jackelyne Rossini, a campanha deste ano busca movimentar ainda mais o com\u00e9rcio nesta \u00e9poca do ano \u201c O Dia das M\u00e3es \u00e9 uma data importante para todo o com\u00e9rcio e queremos, como Associa\u00e7\u00e3o, incentivar nossos lojistas a conseguir alcan\u00e7ar os n\u00fameros que a data normalmente proporciona, mesmo neste momento t\u00e3o dif\u00edcil\u201d, fala.<\/span><\/p>\n<p><b><span style=\"font-size: 13.0pt; font-family: 'Times New Roman',serif;\"><a href=\"https:\/\/regiaonews.net.br\/2022\/wp-content\/uploads\/2021\/04\/20210419_090737.jpg\"><img loading=\"lazy\" decoding=\"async\" class=\"alignnone size-medium wp-image-45460\" src=\"https:\/\/regiaonews.net.br\/2022\/wp-content\/uploads\/2021\/04\/20210419_090737-300x300.jpg\" alt=\"\" width=\"300\" height=\"300\" \/><\/a><\/span><\/b><\/p>\n<p class=\"xydp96eb7b6emsonormal\"><span style=\"font-size: 13.0pt; font-family: 'Times New Roman',serif;\">\u00a0<\/span><\/p>\n<p class=\"xydp96eb7b6emsonormal\"><span style=\"font-size: 13.0pt; font-family: 'Times New Roman',serif;\">Confira a premia\u00e7\u00e3o e as lojas respons\u00e1veis:<\/span><\/p>\n<p class=\"xydp96eb7b6emsonormal\"><span style=\"font-size: 13.0pt; font-family: 'Times New Roman',serif;\">\u00a0<\/span><\/p>\n<p class=\"xydp96eb7b6emsonormal\"><span style=\"font-size: 13.0pt; font-family: 'Times New Roman',serif;\">\u00a001 RELOGIO FEMININO \u2013 RELOJOARIA CRISTAL<\/span><\/p>\n<p class=\"xydp96eb7b6emsonormal\"><span style=\"font-size: 13.0pt; font-family: 'Times New Roman',serif;\">01 VALE COMPRA DE R$ 300,00 \u2013 RELOJOARIA ORIENTE<\/span><\/p>\n<p class=\"xydp96eb7b6emsonormal\"><span style=\"font-size: 13.0pt; font-family: 'Times New Roman',serif;\">01 VALE COMPRA DE R$ 500,00 \u2013 SUPERMERCADO BARRETENSE<\/span><\/p>\n<p><a href=\"https:\/\/regiaonews.net.br\/2022\/wp-content\/uploads\/2021\/04\/20210419_091427.jpg\"><img loading=\"lazy\" decoding=\"async\" class=\"alignnone size-medium wp-image-45466\" src=\"https:\/\/regiaonews.net.br\/2022\/wp-content\/uploads\/2021\/04\/20210419_091427-300x163.jpg\" alt=\"\" width=\"300\" height=\"163\" \/><\/a><\/p>\n<p class=\"xydp96eb7b6emsonormal\"><span style=\"font-size: 13.0pt; font-family: 'Times New Roman',serif;\">01 OCULOS DE SOL &#8211; OTICAS DINIZ<\/span><\/p>\n<p class=\"xydp96eb7b6emsonormal\"><span style=\"font-size: 13.0pt; font-family: 'Times New Roman',serif;\">01 ANEL DE OURO 18 K \u2013 GOLD MID<\/span><\/p>\n<p class=\"xydp96eb7b6emsonormal\"><span style=\"font-size: 13.0pt; font-family: 'Times New Roman',serif;\">01 MESA DE PASSAR ROUPAS \u2013 DIVA MOV\u00c9IS<\/span><\/p>\n<p class=\"xydp96eb7b6emsonormal\"><span style=\"font-size: 13.0pt; font-family: 'Times New Roman',serif;\">01 POUPAN\u00c7A R$700,00 \u2013 BANCO SICRED<\/span><\/p>\n<p class=\"xydp96eb7b6emsonormal\"><span style=\"font-size: 13.0pt; font-family: 'Times New Roman',serif;\">01 JANTAR NO RESTAURANTE DON DON \u2013 02 A 04 PESSOAS<\/span><\/p>\n<p><a href=\"https:\/\/regiaonews.net.br\/2022\/wp-content\/uploads\/2021\/04\/33d927d6-6197-43d7-89ca-d7440b866f35-7.jpg\"><img loading=\"lazy\" decoding=\"async\" class=\"alignnone size-medium wp-image-45458\" src=\"https:\/\/regiaonews.net.br\/2022\/wp-content\/uploads\/2021\/04\/33d927d6-6197-43d7-89ca-d7440b866f35-7-300x298.jpg\" alt=\"\" width=\"300\" height=\"298\" \/><\/a><\/p>\n<p class=\"xydp96eb7b6emsonormal\"><span style=\"font-size: 13.0pt; font-family: 'Times New Roman',serif;\">01 MODELADOR DE CABELO (BABY LISS) \u2013 PERFUMARIA EMY<\/span><\/p>\n<p class=\"xydp96eb7b6emsonormal\"><span style=\"font-size: 13.0pt; font-family: 'Times New Roman',serif;\">01 FINAL DE SEMANA NO TERMAS DE OLIMPIA (M\u00c3E E FILHO) \u2013 A.A TURISMO<\/span><\/p>\n<p class=\"xydp96eb7b6emsonormal\"><span style=\"font-size: 13.0pt; font-family: 'Times New Roman',serif;\">01 CURSO EXPRESS DE INGL\u00caS (M\u00c3E E FILHO) \u2013 WIZARD<\/span><\/p>\n<p class=\"xydp96eb7b6emsonormal\"><span style=\"font-size: 13.0pt; font-family: 'Times New Roman',serif;\">01 LOOK M\u00c3E E FILHO \u2013 CLAUDIA QUEIROS MODA<\/span><\/p>\n<p><a href=\"https:\/\/regiaonews.net.br\/2022\/wp-content\/uploads\/2021\/04\/10092640-8e71-4269-80fb-adc034140629.jpg\"><img loading=\"lazy\" decoding=\"async\" class=\"alignnone size-medium wp-image-45587\" src=\"https:\/\/regiaonews.net.br\/2022\/wp-content\/uploads\/2021\/04\/10092640-8e71-4269-80fb-adc034140629-300x167.jpg\" alt=\"\" width=\"300\" height=\"167\" \/><\/a><\/p>\n<p class=\"xydp96eb7b6emsonormal\"><span style=\"font-size: 13.0pt; font-family: 'Times New Roman',serif;\">01 BRINDE PERSONALIZADO \u2013 DVI RADIOLOGIA<\/span><\/p>\n<p class=\"xydp96eb7b6emsonormal\"><span style=\"font-size: 13.0pt; font-family: 'Times New Roman',serif;\">01 JOGO DE TAPETES UNIVERSAL \u2013 PNEU CENTER <\/span><\/p>\n<p class=\"xydp96eb7b6emsonormal\"><span style=\"font-size: 13.0pt; font-family: 'Times New Roman',serif;\">01 BALDE BLACK PRINCESS MAIS UM FARDO DE BLACK PRINCESS LATA 350 ML \u2013 TOMA UMA CERVEJARIA<\/span><\/p>\n<p class=\"xydp96eb7b6emsonormal\"><span style=\"font-size: 13.0pt; font-family: 'Times New Roman',serif;\">01 LIMPEZA DE BICO INJETOR (CARRO FLEX) <\/span><\/p>\n<p class=\"xydp96eb7b6emsonormal\"><span style=\"font-size: 13.0pt; font-family: 'Times New Roman',serif;\">01 CESTA DE PRODUTOS PET \u2013 PURICAMPO<\/span><\/p>\n<p><a href=\"https:\/\/regiaonews.net.br\/2022\/wp-content\/uploads\/2021\/04\/images-3.jpeg\"><img loading=\"lazy\" decoding=\"async\" class=\"alignnone size-full wp-image-45476\" src=\"https:\/\/regiaonews.net.br\/2022\/wp-content\/uploads\/2021\/04\/images-3.jpeg\" alt=\"\" width=\"225\" height=\"225\" \/><\/a><\/p>\n<p class=\"xydp96eb7b6emsonormal\"><span style=\"font-size: 13.0pt; font-family: 'Times New Roman',serif;\">02 VALE-G\u00c1S \u2013 DULI G\u00c1S<\/span><\/p>\n<p class=\"xydp96eb7b6emsonormal\"><span style=\"font-size: 13.0pt; font-family: 'Times New Roman',serif;\">01 KIT SPA + HIDRATANTE PARA P\u00c9S \u2013 MARIO SEABRA PODOLOGIA<\/span><\/p>\n<p class=\"xydp96eb7b6emsonormal\"><span style=\"font-size: 13.0pt; font-family: 'Times New Roman',serif;\">01 SEGURO RESIDENCIAL &#8211; FABIANA GON\u00c7ALVES<\/span><\/p>\n<p class=\"xydp96eb7b6emsonormal\"><span style=\"font-size: 13.0pt; font-family: 'Times New Roman',serif;\">02 RAMALHETES DE FLORES \u2013 FLORICULTURA VIVIANE<\/span><\/p>\n<p><a href=\"https:\/\/regiaonews.net.br\/2022\/wp-content\/uploads\/2021\/04\/20210419_090927.jpg\"><img loading=\"lazy\" decoding=\"async\" class=\"alignnone size-medium wp-image-45461\" src=\"https:\/\/regiaonews.net.br\/2022\/wp-content\/uploads\/2021\/04\/20210419_090927-300x300.jpg\" alt=\"\" width=\"300\" height=\"300\" \/><\/a><\/p>\n<p class=\"xydp96eb7b6emsonormal\"><span style=\"font-size: 13.0pt; font-family: 'Times New Roman',serif;\">01 VALE COMPRA R$ 150,00 \u2013 FLORA BARRETOS<\/span><\/p>\n<p class=\"xydp96eb7b6emsonormal\"><span style=\"font-size: 13.0pt; font-family: 'Times New Roman',serif;\">01 VALE COMPRA R$\u00a0 200,00 &#8212; BOM PRE\u00c7O TEXTIL<\/span><\/p>\n<p class=\"xydp96eb7b6emsonormal\"><span style=\"font-size: 13.0pt; font-family: 'Times New Roman',serif;\">01 KIT COM PRODUTOS A\u00c7A\u00cd PURIM \u2013 LOJA DO CENTRO<\/span><\/p>\n<p class=\"xydp96eb7b6emsonormal\"><span style=\"font-size: 13.0pt; font-family: 'Times New Roman',serif;\">01 BRINDE P\u00c9S E CIA<\/span><\/p>\n<p><a href=\"https:\/\/regiaonews.net.br\/2022\/wp-content\/uploads\/2021\/04\/5ecbee04-325b-4605-b4d5-57d57547e7b2-3.jpg\"><img loading=\"lazy\" decoding=\"async\" class=\"alignnone size-medium wp-image-45403\" src=\"https:\/\/regiaonews.net.br\/2022\/wp-content\/uploads\/2021\/04\/5ecbee04-325b-4605-b4d5-57d57547e7b2-3-267x300.jpg\" alt=\"\" width=\"267\" height=\"300\" \/><\/a><\/p>\n<p><a href=\"https:\/\/regiaonews.net.br\/2022\/wp-content\/uploads\/2021\/04\/b89f147f-326b-41b5-afa2-3614c0c74afd.jpg\"><img loading=\"lazy\" decoding=\"async\" class=\"alignnone size-full wp-image-45583\" src=\"https:\/\/regiaonews.net.br\/2022\/wp-content\/uploads\/2021\/04\/b89f147f-326b-41b5-afa2-3614c0c74afd.jpg\" alt=\"\" width=\"288\" height=\"175\" \/><\/a><\/p>\n","protected":false},"excerpt":{"rendered":"<p>A Associa\u00e7\u00e3o Comercial e Industrial de Barretos \u2013 ACIB e<\/p>\n","protected":false},"author":2,"featured_media":45702,"comment_status":"open","ping_status":"open","sticky":false,"template":"","format":"standard","meta":{"footnotes":""},"categories":[14,25,48],"tags":[],"class_list":["post-45701","post","type-post","status-publish","format-standard","has-post-thumbnail","hentry","category-barretos","category-cidades","category-comercio"],"yoast_head":"<!-- This site is optimized with the Yoast SEO plugin v27.4 - https:\/\/yoast.com\/product\/yoast-seo-wordpress\/ -->\n<title>ACIB e Sincom\u00e9rcio realizam promo\u00e7\u00e3o de Dia das M\u00e3es - Regi\u00e3o News<\/title>\n<meta name=\"robots\" content=\"index, follow, max-snippet:-1, max-image-preview:large, max-video-preview:-1\" \/>\n<link rel=\"canonical\" href=\"https:\/\/regiaonews.net.br\/2022\/2021\/04\/21\/acib-e-sincomercio-realizam-promocao-de-dia-das-maes\/\" \/>\n<meta property=\"og:locale\" content=\"pt_BR\" \/>\n<meta property=\"og:type\" content=\"article\" \/>\n<meta property=\"og:title\" content=\"ACIB e Sincom\u00e9rcio realizam promo\u00e7\u00e3o de Dia das M\u00e3es - Regi\u00e3o News\" \/>\n<meta property=\"og:description\" content=\"A Associa\u00e7\u00e3o Comercial e Industrial de Barretos \u2013 ACIB e\" \/>\n<meta property=\"og:url\" content=\"https:\/\/regiaonews.net.br\/2022\/2021\/04\/21\/acib-e-sincomercio-realizam-promocao-de-dia-das-maes\/\" \/>\n<meta property=\"og:site_name\" content=\"Regi\u00e3o News\" \/>\n<meta property=\"article:published_time\" content=\"2021-04-21T20:33:14+00:00\" \/>\n<meta property=\"article:modified_time\" content=\"2021-04-21T20:38:51+00:00\" \/>\n<meta property=\"og:image\" content=\"https:\/\/regiaonews.net.br\/2022\/wp-content\/uploads\/2021\/04\/Dia-das-maes.jpeg\" \/>\n\t<meta property=\"og:image:width\" content=\"1280\" \/>\n\t<meta property=\"og:image:height\" content=\"867\" \/>\n\t<meta property=\"og:image:type\" content=\"image\/jpeg\" \/>\n<meta name=\"author\" content=\"Roberto\" \/>\n<meta name=\"twitter:card\" content=\"summary_large_image\" \/>\n<meta name=\"twitter:label1\" content=\"Escrito por\" \/>\n\t<meta name=\"twitter:data1\" content=\"Roberto\" \/>\n\t<meta name=\"twitter:label2\" content=\"Est. tempo de leitura\" \/>\n\t<meta name=\"twitter:data2\" content=\"2 minutos\" \/>\n<script type=\"application\/ld+json\" class=\"yoast-schema-graph\">{\"@context\":\"https:\\\/\\\/schema.org\",\"@graph\":[{\"@type\":\"Article\",\"@id\":\"https:\\\/\\\/regiaonews.net.br\\\/2022\\\/2021\\\/04\\\/21\\\/acib-e-sincomercio-realizam-promocao-de-dia-das-maes\\\/#article\",\"isPartOf\":{\"@id\":\"https:\\\/\\\/regiaonews.net.br\\\/2022\\\/2021\\\/04\\\/21\\\/acib-e-sincomercio-realizam-promocao-de-dia-das-maes\\\/\"},\"author\":{\"name\":\"Roberto\",\"@id\":\"https:\\\/\\\/regiaonews.net.br\\\/2022\\\/#\\\/schema\\\/person\\\/2d205a608a5aa97ac279d7a5e6d89ad8\"},\"headline\":\"ACIB e Sincom\u00e9rcio realizam promo\u00e7\u00e3o de Dia das M\u00e3es\",\"datePublished\":\"2021-04-21T20:33:14+00:00\",\"dateModified\":\"2021-04-21T20:38:51+00:00\",\"mainEntityOfPage\":{\"@id\":\"https:\\\/\\\/regiaonews.net.br\\\/2022\\\/2021\\\/04\\\/21\\\/acib-e-sincomercio-realizam-promocao-de-dia-das-maes\\\/\"},\"wordCount\":378,\"commentCount\":0,\"publisher\":{\"@id\":\"https:\\\/\\\/regiaonews.net.br\\\/2022\\\/#organization\"},\"image\":{\"@id\":\"https:\\\/\\\/regiaonews.net.br\\\/2022\\\/2021\\\/04\\\/21\\\/acib-e-sincomercio-realizam-promocao-de-dia-das-maes\\\/#primaryimage\"},\"thumbnailUrl\":\"https:\\\/\\\/regiaonews.net.br\\\/2022\\\/wp-content\\\/uploads\\\/2021\\\/04\\\/Dia-das-maes.jpeg\",\"articleSection\":[\"Barretos\",\"Cidades\",\"Com\u00e9rcio\"],\"inLanguage\":\"pt-BR\",\"potentialAction\":[{\"@type\":\"CommentAction\",\"name\":\"Comment\",\"target\":[\"https:\\\/\\\/regiaonews.net.br\\\/2022\\\/2021\\\/04\\\/21\\\/acib-e-sincomercio-realizam-promocao-de-dia-das-maes\\\/#respond\"]}]},{\"@type\":\"WebPage\",\"@id\":\"https:\\\/\\\/regiaonews.net.br\\\/2022\\\/2021\\\/04\\\/21\\\/acib-e-sincomercio-realizam-promocao-de-dia-das-maes\\\/\",\"url\":\"https:\\\/\\\/regiaonews.net.br\\\/2022\\\/2021\\\/04\\\/21\\\/acib-e-sincomercio-realizam-promocao-de-dia-das-maes\\\/\",\"name\":\"ACIB e Sincom\u00e9rcio realizam promo\u00e7\u00e3o de Dia das M\u00e3es - Regi\u00e3o News\",\"isPartOf\":{\"@id\":\"https:\\\/\\\/regiaonews.net.br\\\/2022\\\/#website\"},\"primaryImageOfPage\":{\"@id\":\"https:\\\/\\\/regiaonews.net.br\\\/2022\\\/2021\\\/04\\\/21\\\/acib-e-sincomercio-realizam-promocao-de-dia-das-maes\\\/#primaryimage\"},\"image\":{\"@id\":\"https:\\\/\\\/regiaonews.net.br\\\/2022\\\/2021\\\/04\\\/21\\\/acib-e-sincomercio-realizam-promocao-de-dia-das-maes\\\/#primaryimage\"},\"thumbnailUrl\":\"https:\\\/\\\/regiaonews.net.br\\\/2022\\\/wp-content\\\/uploads\\\/2021\\\/04\\\/Dia-das-maes.jpeg\",\"datePublished\":\"2021-04-21T20:33:14+00:00\",\"dateModified\":\"2021-04-21T20:38:51+00:00\",\"breadcrumb\":{\"@id\":\"https:\\\/\\\/regiaonews.net.br\\\/2022\\\/2021\\\/04\\\/21\\\/acib-e-sincomercio-realizam-promocao-de-dia-das-maes\\\/#breadcrumb\"},\"inLanguage\":\"pt-BR\",\"potentialAction\":[{\"@type\":\"ReadAction\",\"target\":[\"https:\\\/\\\/regiaonews.net.br\\\/2022\\\/2021\\\/04\\\/21\\\/acib-e-sincomercio-realizam-promocao-de-dia-das-maes\\\/\"]}]},{\"@type\":\"ImageObject\",\"inLanguage\":\"pt-BR\",\"@id\":\"https:\\\/\\\/regiaonews.net.br\\\/2022\\\/2021\\\/04\\\/21\\\/acib-e-sincomercio-realizam-promocao-de-dia-das-maes\\\/#primaryimage\",\"url\":\"https:\\\/\\\/regiaonews.net.br\\\/2022\\\/wp-content\\\/uploads\\\/2021\\\/04\\\/Dia-das-maes.jpeg\",\"contentUrl\":\"https:\\\/\\\/regiaonews.net.br\\\/2022\\\/wp-content\\\/uploads\\\/2021\\\/04\\\/Dia-das-maes.jpeg\",\"width\":1280,\"height\":867},{\"@type\":\"BreadcrumbList\",\"@id\":\"https:\\\/\\\/regiaonews.net.br\\\/2022\\\/2021\\\/04\\\/21\\\/acib-e-sincomercio-realizam-promocao-de-dia-das-maes\\\/#breadcrumb\",\"itemListElement\":[{\"@type\":\"ListItem\",\"position\":1,\"name\":\"In\u00edcio\",\"item\":\"https:\\\/\\\/regiaonews.net.br\\\/2022\\\/\"},{\"@type\":\"ListItem\",\"position\":2,\"name\":\"ACIB e Sincom\u00e9rcio realizam promo\u00e7\u00e3o de Dia das M\u00e3es\"}]},{\"@type\":\"WebSite\",\"@id\":\"https:\\\/\\\/regiaonews.net.br\\\/2022\\\/#website\",\"url\":\"https:\\\/\\\/regiaonews.net.br\\\/2022\\\/\",\"name\":\"Regi\u00e3o News\",\"description\":\"Site de Not\u00edcias de Barretos e regi\u00e3o\",\"publisher\":{\"@id\":\"https:\\\/\\\/regiaonews.net.br\\\/2022\\\/#organization\"},\"potentialAction\":[{\"@type\":\"SearchAction\",\"target\":{\"@type\":\"EntryPoint\",\"urlTemplate\":\"https:\\\/\\\/regiaonews.net.br\\\/2022\\\/?s={search_term_string}\"},\"query-input\":{\"@type\":\"PropertyValueSpecification\",\"valueRequired\":true,\"valueName\":\"search_term_string\"}}],\"inLanguage\":\"pt-BR\"},{\"@type\":\"Organization\",\"@id\":\"https:\\\/\\\/regiaonews.net.br\\\/2022\\\/#organization\",\"name\":\"Regi\u00e3o News\",\"url\":\"https:\\\/\\\/regiaonews.net.br\\\/2022\\\/\",\"logo\":{\"@type\":\"ImageObject\",\"inLanguage\":\"pt-BR\",\"@id\":\"https:\\\/\\\/regiaonews.net.br\\\/2022\\\/#\\\/schema\\\/logo\\\/image\\\/\",\"url\":\"https:\\\/\\\/regiaonews.net.br\\\/2022\\\/wp-content\\\/uploads\\\/2026\\\/03\\\/regiao-13-anos-scaled.jpg\",\"contentUrl\":\"https:\\\/\\\/regiaonews.net.br\\\/2022\\\/wp-content\\\/uploads\\\/2026\\\/03\\\/regiao-13-anos-scaled.jpg\",\"width\":2560,\"height\":635,\"caption\":\"Regi\u00e3o News\"},\"image\":{\"@id\":\"https:\\\/\\\/regiaonews.net.br\\\/2022\\\/#\\\/schema\\\/logo\\\/image\\\/\"}},{\"@type\":\"Person\",\"@id\":\"https:\\\/\\\/regiaonews.net.br\\\/2022\\\/#\\\/schema\\\/person\\\/2d205a608a5aa97ac279d7a5e6d89ad8\",\"name\":\"Roberto\",\"image\":{\"@type\":\"ImageObject\",\"inLanguage\":\"pt-BR\",\"@id\":\"https:\\\/\\\/secure.gravatar.com\\\/avatar\\\/42749d8b712ff9d59ca93dc150494e5b55a44134482993f5baeb97e61b7ecc89?s=96&d=mm&r=g\",\"url\":\"https:\\\/\\\/secure.gravatar.com\\\/avatar\\\/42749d8b712ff9d59ca93dc150494e5b55a44134482993f5baeb97e61b7ecc89?s=96&d=mm&r=g\",\"contentUrl\":\"https:\\\/\\\/secure.gravatar.com\\\/avatar\\\/42749d8b712ff9d59ca93dc150494e5b55a44134482993f5baeb97e61b7ecc89?s=96&d=mm&r=g\",\"caption\":\"Roberto\"},\"url\":\"https:\\\/\\\/regiaonews.net.br\\\/2022\\\/author\\\/roberto\\\/\"}]}<\/script>\n<!-- \/ Yoast SEO plugin. -->","yoast_head_json":{"title":"ACIB e Sincom\u00e9rcio realizam promo\u00e7\u00e3o de Dia das M\u00e3es - Regi\u00e3o News","robots":{"index":"index","follow":"follow","max-snippet":"max-snippet:-1","max-image-preview":"max-image-preview:large","max-video-preview":"max-video-preview:-1"},"canonical":"https:\/\/regiaonews.net.br\/2022\/2021\/04\/21\/acib-e-sincomercio-realizam-promocao-de-dia-das-maes\/","og_locale":"pt_BR","og_type":"article","og_title":"ACIB e Sincom\u00e9rcio realizam promo\u00e7\u00e3o de Dia das M\u00e3es - Regi\u00e3o News","og_description":"A Associa\u00e7\u00e3o Comercial e Industrial de Barretos \u2013 ACIB e","og_url":"https:\/\/regiaonews.net.br\/2022\/2021\/04\/21\/acib-e-sincomercio-realizam-promocao-de-dia-das-maes\/","og_site_name":"Regi\u00e3o News","article_published_time":"2021-04-21T20:33:14+00:00","article_modified_time":"2021-04-21T20:38:51+00:00","og_image":[{"width":1280,"height":867,"url":"https:\/\/regiaonews.net.br\/2022\/wp-content\/uploads\/2021\/04\/Dia-das-maes.jpeg","type":"image\/jpeg"}],"author":"Roberto","twitter_card":"summary_large_image","twitter_misc":{"Escrito por":"Roberto","Est. tempo de leitura":"2 minutos"},"schema":{"@context":"https:\/\/schema.org","@graph":[{"@type":"Article","@id":"https:\/\/regiaonews.net.br\/2022\/2021\/04\/21\/acib-e-sincomercio-realizam-promocao-de-dia-das-maes\/#article","isPartOf":{"@id":"https:\/\/regiaonews.net.br\/2022\/2021\/04\/21\/acib-e-sincomercio-realizam-promocao-de-dia-das-maes\/"},"author":{"name":"Roberto","@id":"https:\/\/regiaonews.net.br\/2022\/#\/schema\/person\/2d205a608a5aa97ac279d7a5e6d89ad8"},"headline":"ACIB e Sincom\u00e9rcio realizam promo\u00e7\u00e3o de Dia das M\u00e3es","datePublished":"2021-04-21T20:33:14+00:00","dateModified":"2021-04-21T20:38:51+00:00","mainEntityOfPage":{"@id":"https:\/\/regiaonews.net.br\/2022\/2021\/04\/21\/acib-e-sincomercio-realizam-promocao-de-dia-das-maes\/"},"wordCount":378,"commentCount":0,"publisher":{"@id":"https:\/\/regiaonews.net.br\/2022\/#organization"},"image":{"@id":"https:\/\/regiaonews.net.br\/2022\/2021\/04\/21\/acib-e-sincomercio-realizam-promocao-de-dia-das-maes\/#primaryimage"},"thumbnailUrl":"https:\/\/regiaonews.net.br\/2022\/wp-content\/uploads\/2021\/04\/Dia-das-maes.jpeg","articleSection":["Barretos","Cidades","Com\u00e9rcio"],"inLanguage":"pt-BR","potentialAction":[{"@type":"CommentAction","name":"Comment","target":["https:\/\/regiaonews.net.br\/2022\/2021\/04\/21\/acib-e-sincomercio-realizam-promocao-de-dia-das-maes\/#respond"]}]},{"@type":"WebPage","@id":"https:\/\/regiaonews.net.br\/2022\/2021\/04\/21\/acib-e-sincomercio-realizam-promocao-de-dia-das-maes\/","url":"https:\/\/regiaonews.net.br\/2022\/2021\/04\/21\/acib-e-sincomercio-realizam-promocao-de-dia-das-maes\/","name":"ACIB e Sincom\u00e9rcio realizam promo\u00e7\u00e3o de Dia das M\u00e3es - Regi\u00e3o News","isPartOf":{"@id":"https:\/\/regiaonews.net.br\/2022\/#website"},"primaryImageOfPage":{"@id":"https:\/\/regiaonews.net.br\/2022\/2021\/04\/21\/acib-e-sincomercio-realizam-promocao-de-dia-das-maes\/#primaryimage"},"image":{"@id":"https:\/\/regiaonews.net.br\/2022\/2021\/04\/21\/acib-e-sincomercio-realizam-promocao-de-dia-das-maes\/#primaryimage"},"thumbnailUrl":"https:\/\/regiaonews.net.br\/2022\/wp-content\/uploads\/2021\/04\/Dia-das-maes.jpeg","datePublished":"2021-04-21T20:33:14+00:00","dateModified":"2021-04-21T20:38:51+00:00","breadcrumb":{"@id":"https:\/\/regiaonews.net.br\/2022\/2021\/04\/21\/acib-e-sincomercio-realizam-promocao-de-dia-das-maes\/#breadcrumb"},"inLanguage":"pt-BR","potentialAction":[{"@type":"ReadAction","target":["https:\/\/regiaonews.net.br\/2022\/2021\/04\/21\/acib-e-sincomercio-realizam-promocao-de-dia-das-maes\/"]}]},{"@type":"ImageObject","inLanguage":"pt-BR","@id":"https:\/\/regiaonews.net.br\/2022\/2021\/04\/21\/acib-e-sincomercio-realizam-promocao-de-dia-das-maes\/#primaryimage","url":"https:\/\/regiaonews.net.br\/2022\/wp-content\/uploads\/2021\/04\/Dia-das-maes.jpeg","contentUrl":"https:\/\/regiaonews.net.br\/2022\/wp-content\/uploads\/2021\/04\/Dia-das-maes.jpeg","width":1280,"height":867},{"@type":"BreadcrumbList","@id":"https:\/\/regiaonews.net.br\/2022\/2021\/04\/21\/acib-e-sincomercio-realizam-promocao-de-dia-das-maes\/#breadcrumb","itemListElement":[{"@type":"ListItem","position":1,"name":"In\u00edcio","item":"https:\/\/regiaonews.net.br\/2022\/"},{"@type":"ListItem","position":2,"name":"ACIB e Sincom\u00e9rcio realizam promo\u00e7\u00e3o de Dia das M\u00e3es"}]},{"@type":"WebSite","@id":"https:\/\/regiaonews.net.br\/2022\/#website","url":"https:\/\/regiaonews.net.br\/2022\/","name":"Regi\u00e3o News","description":"Site de Not\u00edcias de Barretos e regi\u00e3o","publisher":{"@id":"https:\/\/regiaonews.net.br\/2022\/#organization"},"potentialAction":[{"@type":"SearchAction","target":{"@type":"EntryPoint","urlTemplate":"https:\/\/regiaonews.net.br\/2022\/?s={search_term_string}"},"query-input":{"@type":"PropertyValueSpecification","valueRequired":true,"valueName":"search_term_string"}}],"inLanguage":"pt-BR"},{"@type":"Organization","@id":"https:\/\/regiaonews.net.br\/2022\/#organization","name":"Regi\u00e3o News","url":"https:\/\/regiaonews.net.br\/2022\/","logo":{"@type":"ImageObject","inLanguage":"pt-BR","@id":"https:\/\/regiaonews.net.br\/2022\/#\/schema\/logo\/image\/","url":"https:\/\/regiaonews.net.br\/2022\/wp-content\/uploads\/2026\/03\/regiao-13-anos-scaled.jpg","contentUrl":"https:\/\/regiaonews.net.br\/2022\/wp-content\/uploads\/2026\/03\/regiao-13-anos-scaled.jpg","width":2560,"height":635,"caption":"Regi\u00e3o News"},"image":{"@id":"https:\/\/regiaonews.net.br\/2022\/#\/schema\/logo\/image\/"}},{"@type":"Person","@id":"https:\/\/regiaonews.net.br\/2022\/#\/schema\/person\/2d205a608a5aa97ac279d7a5e6d89ad8","name":"Roberto","image":{"@type":"ImageObject","inLanguage":"pt-BR","@id":"https:\/\/secure.gravatar.com\/avatar\/42749d8b712ff9d59ca93dc150494e5b55a44134482993f5baeb97e61b7ecc89?s=96&d=mm&r=g","url":"https:\/\/secure.gravatar.com\/avatar\/42749d8b712ff9d59ca93dc150494e5b55a44134482993f5baeb97e61b7ecc89?s=96&d=mm&r=g","contentUrl":"https:\/\/secure.gravatar.com\/avatar\/42749d8b712ff9d59ca93dc150494e5b55a44134482993f5baeb97e61b7ecc89?s=96&d=mm&r=g","caption":"Roberto"},"url":"https:\/\/regiaonews.net.br\/2022\/author\/roberto\/"}]}},"publishpress_future_action":{"enabled":false,"date":"2026-05-02 02:22:37","action":"change-status","newStatus":"draft","terms":[],"taxonomy":"category","extraData":[]},"publishpress_future_workflow_manual_trigger":{"enabledWorkflows":[]},"_links":{"self":[{"href":"https:\/\/regiaonews.net.br\/2022\/wp-json\/wp\/v2\/posts\/45701","targetHints":{"allow":["GET"]}}],"collection":[{"href":"https:\/\/regiaonews.net.br\/2022\/wp-json\/wp\/v2\/posts"}],"about":[{"href":"https:\/\/regiaonews.net.br\/2022\/wp-json\/wp\/v2\/types\/post"}],"author":[{"embeddable":true,"href":"https:\/\/regiaonews.net.br\/2022\/wp-json\/wp\/v2\/users\/2"}],"replies":[{"embeddable":true,"href":"https:\/\/regiaonews.net.br\/2022\/wp-json\/wp\/v2\/comments?post=45701"}],"version-history":[{"count":0,"href":"https:\/\/regiaonews.net.br\/2022\/wp-json\/wp\/v2\/posts\/45701\/revisions"}],"wp:featuredmedia":[{"embeddable":true,"href":"https:\/\/regiaonews.net.br\/2022\/wp-json\/wp\/v2\/media\/45702"}],"wp:attachment":[{"href":"https:\/\/regiaonews.net.br\/2022\/wp-json\/wp\/v2\/media?parent=45701"}],"wp:term":[{"taxonomy":"category","embeddable":true,"href":"https:\/\/regiaonews.net.br\/2022\/wp-json\/wp\/v2\/categories?post=45701"},{"taxonomy":"post_tag","embeddable":true,"href":"https:\/\/regiaonews.net.br\/2022\/wp-json\/wp\/v2\/tags?post=45701"}],"curies":[{"name":"wp","href":"https:\/\/api.w.org\/{rel}","templated":true}]}}