{"id":45569,"date":"2021-04-20T12:15:21","date_gmt":"2021-04-20T15:15:21","guid":{"rendered":"https:\/\/regiaonews.net.br\/2022\/?p=45569"},"modified":"2021-04-20T13:07:05","modified_gmt":"2021-04-20T16:07:05","slug":"policia-apura-caso-de-estupro-de-mulher-praticado-pelo-filho-em-jaboticabal","status":"publish","type":"post","link":"https:\/\/regiaonews.net.br\/2022\/2021\/04\/20\/policia-apura-caso-de-estupro-de-mulher-praticado-pelo-filho-em-jaboticabal\/","title":{"rendered":"Policia apura caso de estupro de mulher  praticado pelo filho em Jaboticabal"},"content":{"rendered":"<p><a href=\"https:\/\/regiaonews.net.br\/2022\/wp-content\/uploads\/2021\/04\/b38d4e77-2f8c-49b8-88da-f9fd3eefe259-7.jpg\"><img loading=\"lazy\" decoding=\"async\" class=\"alignnone size-medium wp-image-45493\" src=\"https:\/\/regiaonews.net.br\/2022\/wp-content\/uploads\/2021\/04\/b38d4e77-2f8c-49b8-88da-f9fd3eefe259-7-300x300.jpg\" alt=\"\" width=\"300\" height=\"300\" \/><\/a><\/p>\n<p><a href=\"https:\/\/regiaonews.net.br\/2022\/wp-content\/uploads\/2021\/04\/etapaextra-polo-1080x1080_Prancheta-1.jpg\"><img loading=\"lazy\" decoding=\"async\" class=\"alignnone size-medium wp-image-45509\" src=\"https:\/\/regiaonews.net.br\/2022\/wp-content\/uploads\/2021\/04\/etapaextra-polo-1080x1080_Prancheta-1-300x300.jpg\" alt=\"\" width=\"300\" height=\"300\" \/><\/a><br \/>\nUm homem de 24 anos, foi preso em flagrante pela Pol\u00edcia Militar ap\u00f3s abusar sexualmente da pr\u00f3pria genitora de 41 anos, que sofre com transtornos mentais e esquizofrenia na manh\u00e3 desta segunda-feira (19\/4), no Jardim Alvorada na cidade de Jaboticabal.<\/p>\n<p><a href=\"https:\/\/regiaonews.net.br\/2022\/wp-content\/uploads\/2021\/04\/17545869.jpg\"><img loading=\"lazy\" decoding=\"async\" class=\"alignnone size-medium wp-image-45570\" src=\"https:\/\/regiaonews.net.br\/2022\/wp-content\/uploads\/2021\/04\/17545869-300x200.jpg\" alt=\"\" width=\"300\" height=\"200\" \/><\/a><br \/>\nSegundo informa\u00e7\u00f5es da Pol\u00edcia Militar, na manh\u00e3 desta segunda-feira, a irm\u00e3 da v\u00edtima acionou os Policiais dizendo que teria flagrado o sobrinho dormindo na cama da irm\u00e3 que sofre com transtornos mentais, e que ambos estavam nus.<\/p>\n<p><a href=\"https:\/\/regiaonews.net.br\/2022\/wp-content\/uploads\/2021\/04\/20210419_090927.jpg\"><img loading=\"lazy\" decoding=\"async\" class=\"alignnone size-medium wp-image-45461\" src=\"https:\/\/regiaonews.net.br\/2022\/wp-content\/uploads\/2021\/04\/20210419_090927-300x300.jpg\" alt=\"\" width=\"300\" height=\"300\" \/><\/a><br \/>\nDe imediato os Policiais foram at\u00e9 o local, onde constataram o fato. Aos Policiais, a testemunha contou que ao amanhecer, entrou no quarto da irm\u00e3, e deparou com o sobrinho e a v\u00edtima na cama e que os dois estavam nus. Ao indagar, a v\u00edtima come\u00e7ou a chorar, e disse estar com suas partes \u00edntimas doendo.<\/p>\n<p><a href=\"https:\/\/regiaonews.net.br\/2022\/wp-content\/uploads\/2021\/04\/20210419_091349.jpg\"><img loading=\"lazy\" decoding=\"async\" class=\"alignnone size-medium wp-image-45465\" src=\"https:\/\/regiaonews.net.br\/2022\/wp-content\/uploads\/2021\/04\/20210419_091349-286x300.jpg\" alt=\"\" width=\"286\" height=\"300\" \/><\/a><br \/>\nPara os Policiais, o tarado que tamb\u00e9m sofre de esquizofrenia, e faz uso de entorpecente, negou o fato, disse apenas ter dormido com a m\u00e3e e que ambos estavam nus. Os dois foram encaminhados para Delegacia, e a v\u00edtima levada para o IML (Instituto M\u00e9dico Legal), onde durante exames, foi constatada a presen\u00e7a de uma secre\u00e7\u00e3o esbranqui\u00e7ada, que foi encaminhada para an\u00e1lise.<\/p>\n<p>FONTE : \u00a0X TUDO RIBEIR\u00c3O<\/p>\n<p><a href=\"https:\/\/regiaonews.net.br\/2022\/wp-content\/uploads\/2021\/04\/20210419_091427.jpg\"><img loading=\"lazy\" decoding=\"async\" class=\"alignnone size-medium wp-image-45466\" src=\"https:\/\/regiaonews.net.br\/2022\/wp-content\/uploads\/2021\/04\/20210419_091427-300x163.jpg\" alt=\"\" width=\"300\" height=\"163\" \/><\/a><\/p>\n","protected":false},"excerpt":{"rendered":"<p>Um homem de 24 anos, foi preso em flagrante pela<\/p>\n","protected":false},"author":2,"featured_media":45570,"comment_status":"open","ping_status":"open","sticky":false,"template":"","format":"standard","meta":{"footnotes":""},"categories":[25,11,23],"tags":[],"class_list":["post-45569","post","type-post","status-publish","format-standard","has-post-thumbnail","hentry","category-cidades","category-jaboticabal","category-policia"],"yoast_head":"<!-- This site is optimized with the Yoast SEO plugin v27.4 - https:\/\/yoast.com\/product\/yoast-seo-wordpress\/ -->\n<title>Policia apura caso de estupro de mulher praticado pelo filho em Jaboticabal - Regi\u00e3o News<\/title>\n<meta name=\"robots\" content=\"index, follow, max-snippet:-1, max-image-preview:large, max-video-preview:-1\" \/>\n<link rel=\"canonical\" href=\"https:\/\/regiaonews.net.br\/2022\/2021\/04\/20\/policia-apura-caso-de-estupro-de-mulher-praticado-pelo-filho-em-jaboticabal\/\" \/>\n<meta property=\"og:locale\" content=\"pt_BR\" \/>\n<meta property=\"og:type\" content=\"article\" \/>\n<meta property=\"og:title\" content=\"Policia apura caso de estupro de mulher praticado pelo filho em Jaboticabal - Regi\u00e3o News\" \/>\n<meta property=\"og:description\" content=\"Um homem de 24 anos, foi preso em flagrante pela\" \/>\n<meta property=\"og:url\" content=\"https:\/\/regiaonews.net.br\/2022\/2021\/04\/20\/policia-apura-caso-de-estupro-de-mulher-praticado-pelo-filho-em-jaboticabal\/\" \/>\n<meta property=\"og:site_name\" content=\"Regi\u00e3o News\" \/>\n<meta property=\"article:published_time\" content=\"2021-04-20T15:15:21+00:00\" \/>\n<meta property=\"article:modified_time\" content=\"2021-04-20T16:07:05+00:00\" \/>\n<meta property=\"og:image\" content=\"https:\/\/regiaonews.net.br\/2022\/wp-content\/uploads\/2021\/04\/17545869.jpg\" \/>\n\t<meta property=\"og:image:width\" content=\"700\" \/>\n\t<meta property=\"og:image:height\" content=\"466\" \/>\n\t<meta property=\"og:image:type\" content=\"image\/jpeg\" \/>\n<meta name=\"author\" content=\"Roberto\" \/>\n<meta name=\"twitter:card\" content=\"summary_large_image\" \/>\n<meta name=\"twitter:label1\" content=\"Escrito por\" \/>\n\t<meta name=\"twitter:data1\" content=\"Roberto\" \/>\n\t<meta name=\"twitter:label2\" content=\"Est. tempo de leitura\" \/>\n\t<meta name=\"twitter:data2\" content=\"1 minuto\" \/>\n<script type=\"application\/ld+json\" class=\"yoast-schema-graph\">{\"@context\":\"https:\\\/\\\/schema.org\",\"@graph\":[{\"@type\":\"Article\",\"@id\":\"https:\\\/\\\/regiaonews.net.br\\\/2022\\\/2021\\\/04\\\/20\\\/policia-apura-caso-de-estupro-de-mulher-praticado-pelo-filho-em-jaboticabal\\\/#article\",\"isPartOf\":{\"@id\":\"https:\\\/\\\/regiaonews.net.br\\\/2022\\\/2021\\\/04\\\/20\\\/policia-apura-caso-de-estupro-de-mulher-praticado-pelo-filho-em-jaboticabal\\\/\"},\"author\":{\"name\":\"Roberto\",\"@id\":\"https:\\\/\\\/regiaonews.net.br\\\/2022\\\/#\\\/schema\\\/person\\\/2d205a608a5aa97ac279d7a5e6d89ad8\"},\"headline\":\"Policia apura caso de estupro de mulher praticado pelo filho em Jaboticabal\",\"datePublished\":\"2021-04-20T15:15:21+00:00\",\"dateModified\":\"2021-04-20T16:07:05+00:00\",\"mainEntityOfPage\":{\"@id\":\"https:\\\/\\\/regiaonews.net.br\\\/2022\\\/2021\\\/04\\\/20\\\/policia-apura-caso-de-estupro-de-mulher-praticado-pelo-filho-em-jaboticabal\\\/\"},\"wordCount\":226,\"commentCount\":0,\"publisher\":{\"@id\":\"https:\\\/\\\/regiaonews.net.br\\\/2022\\\/#organization\"},\"image\":{\"@id\":\"https:\\\/\\\/regiaonews.net.br\\\/2022\\\/2021\\\/04\\\/20\\\/policia-apura-caso-de-estupro-de-mulher-praticado-pelo-filho-em-jaboticabal\\\/#primaryimage\"},\"thumbnailUrl\":\"https:\\\/\\\/regiaonews.net.br\\\/2022\\\/wp-content\\\/uploads\\\/2021\\\/04\\\/17545869.jpg\",\"articleSection\":[\"Cidades\",\"Jaboticabal\",\"Policia\"],\"inLanguage\":\"pt-BR\",\"potentialAction\":[{\"@type\":\"CommentAction\",\"name\":\"Comment\",\"target\":[\"https:\\\/\\\/regiaonews.net.br\\\/2022\\\/2021\\\/04\\\/20\\\/policia-apura-caso-de-estupro-de-mulher-praticado-pelo-filho-em-jaboticabal\\\/#respond\"]}]},{\"@type\":\"WebPage\",\"@id\":\"https:\\\/\\\/regiaonews.net.br\\\/2022\\\/2021\\\/04\\\/20\\\/policia-apura-caso-de-estupro-de-mulher-praticado-pelo-filho-em-jaboticabal\\\/\",\"url\":\"https:\\\/\\\/regiaonews.net.br\\\/2022\\\/2021\\\/04\\\/20\\\/policia-apura-caso-de-estupro-de-mulher-praticado-pelo-filho-em-jaboticabal\\\/\",\"name\":\"Policia apura caso de estupro de mulher praticado pelo filho em Jaboticabal - Regi\u00e3o News\",\"isPartOf\":{\"@id\":\"https:\\\/\\\/regiaonews.net.br\\\/2022\\\/#website\"},\"primaryImageOfPage\":{\"@id\":\"https:\\\/\\\/regiaonews.net.br\\\/2022\\\/2021\\\/04\\\/20\\\/policia-apura-caso-de-estupro-de-mulher-praticado-pelo-filho-em-jaboticabal\\\/#primaryimage\"},\"image\":{\"@id\":\"https:\\\/\\\/regiaonews.net.br\\\/2022\\\/2021\\\/04\\\/20\\\/policia-apura-caso-de-estupro-de-mulher-praticado-pelo-filho-em-jaboticabal\\\/#primaryimage\"},\"thumbnailUrl\":\"https:\\\/\\\/regiaonews.net.br\\\/2022\\\/wp-content\\\/uploads\\\/2021\\\/04\\\/17545869.jpg\",\"datePublished\":\"2021-04-20T15:15:21+00:00\",\"dateModified\":\"2021-04-20T16:07:05+00:00\",\"breadcrumb\":{\"@id\":\"https:\\\/\\\/regiaonews.net.br\\\/2022\\\/2021\\\/04\\\/20\\\/policia-apura-caso-de-estupro-de-mulher-praticado-pelo-filho-em-jaboticabal\\\/#breadcrumb\"},\"inLanguage\":\"pt-BR\",\"potentialAction\":[{\"@type\":\"ReadAction\",\"target\":[\"https:\\\/\\\/regiaonews.net.br\\\/2022\\\/2021\\\/04\\\/20\\\/policia-apura-caso-de-estupro-de-mulher-praticado-pelo-filho-em-jaboticabal\\\/\"]}]},{\"@type\":\"ImageObject\",\"inLanguage\":\"pt-BR\",\"@id\":\"https:\\\/\\\/regiaonews.net.br\\\/2022\\\/2021\\\/04\\\/20\\\/policia-apura-caso-de-estupro-de-mulher-praticado-pelo-filho-em-jaboticabal\\\/#primaryimage\",\"url\":\"https:\\\/\\\/regiaonews.net.br\\\/2022\\\/wp-content\\\/uploads\\\/2021\\\/04\\\/17545869.jpg\",\"contentUrl\":\"https:\\\/\\\/regiaonews.net.br\\\/2022\\\/wp-content\\\/uploads\\\/2021\\\/04\\\/17545869.jpg\",\"width\":700,\"height\":466},{\"@type\":\"BreadcrumbList\",\"@id\":\"https:\\\/\\\/regiaonews.net.br\\\/2022\\\/2021\\\/04\\\/20\\\/policia-apura-caso-de-estupro-de-mulher-praticado-pelo-filho-em-jaboticabal\\\/#breadcrumb\",\"itemListElement\":[{\"@type\":\"ListItem\",\"position\":1,\"name\":\"In\u00edcio\",\"item\":\"https:\\\/\\\/regiaonews.net.br\\\/2022\\\/\"},{\"@type\":\"ListItem\",\"position\":2,\"name\":\"Policia apura caso de estupro de mulher praticado pelo filho em Jaboticabal\"}]},{\"@type\":\"WebSite\",\"@id\":\"https:\\\/\\\/regiaonews.net.br\\\/2022\\\/#website\",\"url\":\"https:\\\/\\\/regiaonews.net.br\\\/2022\\\/\",\"name\":\"Regi\u00e3o News\",\"description\":\"Site de Not\u00edcias de Barretos e regi\u00e3o\",\"publisher\":{\"@id\":\"https:\\\/\\\/regiaonews.net.br\\\/2022\\\/#organization\"},\"potentialAction\":[{\"@type\":\"SearchAction\",\"target\":{\"@type\":\"EntryPoint\",\"urlTemplate\":\"https:\\\/\\\/regiaonews.net.br\\\/2022\\\/?s={search_term_string}\"},\"query-input\":{\"@type\":\"PropertyValueSpecification\",\"valueRequired\":true,\"valueName\":\"search_term_string\"}}],\"inLanguage\":\"pt-BR\"},{\"@type\":\"Organization\",\"@id\":\"https:\\\/\\\/regiaonews.net.br\\\/2022\\\/#organization\",\"name\":\"Regi\u00e3o News\",\"url\":\"https:\\\/\\\/regiaonews.net.br\\\/2022\\\/\",\"logo\":{\"@type\":\"ImageObject\",\"inLanguage\":\"pt-BR\",\"@id\":\"https:\\\/\\\/regiaonews.net.br\\\/2022\\\/#\\\/schema\\\/logo\\\/image\\\/\",\"url\":\"https:\\\/\\\/regiaonews.net.br\\\/2022\\\/wp-content\\\/uploads\\\/2026\\\/03\\\/regiao-13-anos-scaled.jpg\",\"contentUrl\":\"https:\\\/\\\/regiaonews.net.br\\\/2022\\\/wp-content\\\/uploads\\\/2026\\\/03\\\/regiao-13-anos-scaled.jpg\",\"width\":2560,\"height\":635,\"caption\":\"Regi\u00e3o News\"},\"image\":{\"@id\":\"https:\\\/\\\/regiaonews.net.br\\\/2022\\\/#\\\/schema\\\/logo\\\/image\\\/\"}},{\"@type\":\"Person\",\"@id\":\"https:\\\/\\\/regiaonews.net.br\\\/2022\\\/#\\\/schema\\\/person\\\/2d205a608a5aa97ac279d7a5e6d89ad8\",\"name\":\"Roberto\",\"image\":{\"@type\":\"ImageObject\",\"inLanguage\":\"pt-BR\",\"@id\":\"https:\\\/\\\/secure.gravatar.com\\\/avatar\\\/42749d8b712ff9d59ca93dc150494e5b55a44134482993f5baeb97e61b7ecc89?s=96&d=mm&r=g\",\"url\":\"https:\\\/\\\/secure.gravatar.com\\\/avatar\\\/42749d8b712ff9d59ca93dc150494e5b55a44134482993f5baeb97e61b7ecc89?s=96&d=mm&r=g\",\"contentUrl\":\"https:\\\/\\\/secure.gravatar.com\\\/avatar\\\/42749d8b712ff9d59ca93dc150494e5b55a44134482993f5baeb97e61b7ecc89?s=96&d=mm&r=g\",\"caption\":\"Roberto\"},\"url\":\"https:\\\/\\\/regiaonews.net.br\\\/2022\\\/author\\\/roberto\\\/\"}]}<\/script>\n<!-- \/ Yoast SEO plugin. -->","yoast_head_json":{"title":"Policia apura caso de estupro de mulher praticado pelo filho em Jaboticabal - Regi\u00e3o News","robots":{"index":"index","follow":"follow","max-snippet":"max-snippet:-1","max-image-preview":"max-image-preview:large","max-video-preview":"max-video-preview:-1"},"canonical":"https:\/\/regiaonews.net.br\/2022\/2021\/04\/20\/policia-apura-caso-de-estupro-de-mulher-praticado-pelo-filho-em-jaboticabal\/","og_locale":"pt_BR","og_type":"article","og_title":"Policia apura caso de estupro de mulher praticado pelo filho em Jaboticabal - Regi\u00e3o News","og_description":"Um homem de 24 anos, foi preso em flagrante pela","og_url":"https:\/\/regiaonews.net.br\/2022\/2021\/04\/20\/policia-apura-caso-de-estupro-de-mulher-praticado-pelo-filho-em-jaboticabal\/","og_site_name":"Regi\u00e3o News","article_published_time":"2021-04-20T15:15:21+00:00","article_modified_time":"2021-04-20T16:07:05+00:00","og_image":[{"width":700,"height":466,"url":"https:\/\/regiaonews.net.br\/2022\/wp-content\/uploads\/2021\/04\/17545869.jpg","type":"image\/jpeg"}],"author":"Roberto","twitter_card":"summary_large_image","twitter_misc":{"Escrito por":"Roberto","Est. tempo de leitura":"1 minuto"},"schema":{"@context":"https:\/\/schema.org","@graph":[{"@type":"Article","@id":"https:\/\/regiaonews.net.br\/2022\/2021\/04\/20\/policia-apura-caso-de-estupro-de-mulher-praticado-pelo-filho-em-jaboticabal\/#article","isPartOf":{"@id":"https:\/\/regiaonews.net.br\/2022\/2021\/04\/20\/policia-apura-caso-de-estupro-de-mulher-praticado-pelo-filho-em-jaboticabal\/"},"author":{"name":"Roberto","@id":"https:\/\/regiaonews.net.br\/2022\/#\/schema\/person\/2d205a608a5aa97ac279d7a5e6d89ad8"},"headline":"Policia apura caso de estupro de mulher praticado pelo filho em Jaboticabal","datePublished":"2021-04-20T15:15:21+00:00","dateModified":"2021-04-20T16:07:05+00:00","mainEntityOfPage":{"@id":"https:\/\/regiaonews.net.br\/2022\/2021\/04\/20\/policia-apura-caso-de-estupro-de-mulher-praticado-pelo-filho-em-jaboticabal\/"},"wordCount":226,"commentCount":0,"publisher":{"@id":"https:\/\/regiaonews.net.br\/2022\/#organization"},"image":{"@id":"https:\/\/regiaonews.net.br\/2022\/2021\/04\/20\/policia-apura-caso-de-estupro-de-mulher-praticado-pelo-filho-em-jaboticabal\/#primaryimage"},"thumbnailUrl":"https:\/\/regiaonews.net.br\/2022\/wp-content\/uploads\/2021\/04\/17545869.jpg","articleSection":["Cidades","Jaboticabal","Policia"],"inLanguage":"pt-BR","potentialAction":[{"@type":"CommentAction","name":"Comment","target":["https:\/\/regiaonews.net.br\/2022\/2021\/04\/20\/policia-apura-caso-de-estupro-de-mulher-praticado-pelo-filho-em-jaboticabal\/#respond"]}]},{"@type":"WebPage","@id":"https:\/\/regiaonews.net.br\/2022\/2021\/04\/20\/policia-apura-caso-de-estupro-de-mulher-praticado-pelo-filho-em-jaboticabal\/","url":"https:\/\/regiaonews.net.br\/2022\/2021\/04\/20\/policia-apura-caso-de-estupro-de-mulher-praticado-pelo-filho-em-jaboticabal\/","name":"Policia apura caso de estupro de mulher praticado pelo filho em Jaboticabal - Regi\u00e3o News","isPartOf":{"@id":"https:\/\/regiaonews.net.br\/2022\/#website"},"primaryImageOfPage":{"@id":"https:\/\/regiaonews.net.br\/2022\/2021\/04\/20\/policia-apura-caso-de-estupro-de-mulher-praticado-pelo-filho-em-jaboticabal\/#primaryimage"},"image":{"@id":"https:\/\/regiaonews.net.br\/2022\/2021\/04\/20\/policia-apura-caso-de-estupro-de-mulher-praticado-pelo-filho-em-jaboticabal\/#primaryimage"},"thumbnailUrl":"https:\/\/regiaonews.net.br\/2022\/wp-content\/uploads\/2021\/04\/17545869.jpg","datePublished":"2021-04-20T15:15:21+00:00","dateModified":"2021-04-20T16:07:05+00:00","breadcrumb":{"@id":"https:\/\/regiaonews.net.br\/2022\/2021\/04\/20\/policia-apura-caso-de-estupro-de-mulher-praticado-pelo-filho-em-jaboticabal\/#breadcrumb"},"inLanguage":"pt-BR","potentialAction":[{"@type":"ReadAction","target":["https:\/\/regiaonews.net.br\/2022\/2021\/04\/20\/policia-apura-caso-de-estupro-de-mulher-praticado-pelo-filho-em-jaboticabal\/"]}]},{"@type":"ImageObject","inLanguage":"pt-BR","@id":"https:\/\/regiaonews.net.br\/2022\/2021\/04\/20\/policia-apura-caso-de-estupro-de-mulher-praticado-pelo-filho-em-jaboticabal\/#primaryimage","url":"https:\/\/regiaonews.net.br\/2022\/wp-content\/uploads\/2021\/04\/17545869.jpg","contentUrl":"https:\/\/regiaonews.net.br\/2022\/wp-content\/uploads\/2021\/04\/17545869.jpg","width":700,"height":466},{"@type":"BreadcrumbList","@id":"https:\/\/regiaonews.net.br\/2022\/2021\/04\/20\/policia-apura-caso-de-estupro-de-mulher-praticado-pelo-filho-em-jaboticabal\/#breadcrumb","itemListElement":[{"@type":"ListItem","position":1,"name":"In\u00edcio","item":"https:\/\/regiaonews.net.br\/2022\/"},{"@type":"ListItem","position":2,"name":"Policia apura caso de estupro de mulher praticado pelo filho em Jaboticabal"}]},{"@type":"WebSite","@id":"https:\/\/regiaonews.net.br\/2022\/#website","url":"https:\/\/regiaonews.net.br\/2022\/","name":"Regi\u00e3o News","description":"Site de Not\u00edcias de Barretos e regi\u00e3o","publisher":{"@id":"https:\/\/regiaonews.net.br\/2022\/#organization"},"potentialAction":[{"@type":"SearchAction","target":{"@type":"EntryPoint","urlTemplate":"https:\/\/regiaonews.net.br\/2022\/?s={search_term_string}"},"query-input":{"@type":"PropertyValueSpecification","valueRequired":true,"valueName":"search_term_string"}}],"inLanguage":"pt-BR"},{"@type":"Organization","@id":"https:\/\/regiaonews.net.br\/2022\/#organization","name":"Regi\u00e3o News","url":"https:\/\/regiaonews.net.br\/2022\/","logo":{"@type":"ImageObject","inLanguage":"pt-BR","@id":"https:\/\/regiaonews.net.br\/2022\/#\/schema\/logo\/image\/","url":"https:\/\/regiaonews.net.br\/2022\/wp-content\/uploads\/2026\/03\/regiao-13-anos-scaled.jpg","contentUrl":"https:\/\/regiaonews.net.br\/2022\/wp-content\/uploads\/2026\/03\/regiao-13-anos-scaled.jpg","width":2560,"height":635,"caption":"Regi\u00e3o News"},"image":{"@id":"https:\/\/regiaonews.net.br\/2022\/#\/schema\/logo\/image\/"}},{"@type":"Person","@id":"https:\/\/regiaonews.net.br\/2022\/#\/schema\/person\/2d205a608a5aa97ac279d7a5e6d89ad8","name":"Roberto","image":{"@type":"ImageObject","inLanguage":"pt-BR","@id":"https:\/\/secure.gravatar.com\/avatar\/42749d8b712ff9d59ca93dc150494e5b55a44134482993f5baeb97e61b7ecc89?s=96&d=mm&r=g","url":"https:\/\/secure.gravatar.com\/avatar\/42749d8b712ff9d59ca93dc150494e5b55a44134482993f5baeb97e61b7ecc89?s=96&d=mm&r=g","contentUrl":"https:\/\/secure.gravatar.com\/avatar\/42749d8b712ff9d59ca93dc150494e5b55a44134482993f5baeb97e61b7ecc89?s=96&d=mm&r=g","caption":"Roberto"},"url":"https:\/\/regiaonews.net.br\/2022\/author\/roberto\/"}]}},"publishpress_future_action":{"enabled":false,"date":"2026-05-04 01:46:19","action":"change-status","newStatus":"draft","terms":[],"taxonomy":"category","extraData":[]},"publishpress_future_workflow_manual_trigger":{"enabledWorkflows":[]},"_links":{"self":[{"href":"https:\/\/regiaonews.net.br\/2022\/wp-json\/wp\/v2\/posts\/45569","targetHints":{"allow":["GET"]}}],"collection":[{"href":"https:\/\/regiaonews.net.br\/2022\/wp-json\/wp\/v2\/posts"}],"about":[{"href":"https:\/\/regiaonews.net.br\/2022\/wp-json\/wp\/v2\/types\/post"}],"author":[{"embeddable":true,"href":"https:\/\/regiaonews.net.br\/2022\/wp-json\/wp\/v2\/users\/2"}],"replies":[{"embeddable":true,"href":"https:\/\/regiaonews.net.br\/2022\/wp-json\/wp\/v2\/comments?post=45569"}],"version-history":[{"count":0,"href":"https:\/\/regiaonews.net.br\/2022\/wp-json\/wp\/v2\/posts\/45569\/revisions"}],"wp:featuredmedia":[{"embeddable":true,"href":"https:\/\/regiaonews.net.br\/2022\/wp-json\/wp\/v2\/media\/45570"}],"wp:attachment":[{"href":"https:\/\/regiaonews.net.br\/2022\/wp-json\/wp\/v2\/media?parent=45569"}],"wp:term":[{"taxonomy":"category","embeddable":true,"href":"https:\/\/regiaonews.net.br\/2022\/wp-json\/wp\/v2\/categories?post=45569"},{"taxonomy":"post_tag","embeddable":true,"href":"https:\/\/regiaonews.net.br\/2022\/wp-json\/wp\/v2\/tags?post=45569"}],"curies":[{"name":"wp","href":"https:\/\/api.w.org\/{rel}","templated":true}]}}