{"id":45548,"date":"2021-04-20T10:33:06","date_gmt":"2021-04-20T13:33:06","guid":{"rendered":"https:\/\/regiaonews.net.br\/2022\/?p=45548"},"modified":"2021-04-20T12:29:52","modified_gmt":"2021-04-20T15:29:52","slug":"cinco-pessoas-morrem-em-grave-acidente-em-que-carro-vira-bola-de-metal","status":"publish","type":"post","link":"https:\/\/regiaonews.net.br\/2022\/2021\/04\/20\/cinco-pessoas-morrem-em-grave-acidente-em-que-carro-vira-bola-de-metal\/","title":{"rendered":"Cinco pessoas morrem em grave acidente em que carro vira &#8216;bola de metal&#8217;"},"content":{"rendered":"<p><a href=\"https:\/\/regiaonews.net.br\/2022\/wp-content\/uploads\/2021\/04\/etapaextra-jetta-1080x1080_Prancheta-1.jpg\"><img loading=\"lazy\" decoding=\"async\" class=\"alignnone size-medium wp-image-45500\" src=\"https:\/\/regiaonews.net.br\/2022\/wp-content\/uploads\/2021\/04\/etapaextra-jetta-1080x1080_Prancheta-1-300x300.jpg\" alt=\"\" width=\"300\" height=\"300\" \/><\/a><\/p>\n<p class=\"content-head__subtitle\">De acordo com a PRF, dois adultos, uma adolescente e dois beb\u00eas estavam dentro do carro de passeio no momento da colis\u00e3o. veja as filmagens no final .<\/p>\n<p class=\"content-head__subtitle\"><a href=\"https:\/\/regiaonews.net.br\/2022\/wp-content\/uploads\/2021\/04\/d4d4adf4-ce30-49b8-b2c2-433d586711aa.jpg\"><img loading=\"lazy\" decoding=\"async\" class=\"alignnone size-medium wp-image-45549\" src=\"https:\/\/regiaonews.net.br\/2022\/wp-content\/uploads\/2021\/04\/d4d4adf4-ce30-49b8-b2c2-433d586711aa-300x195.jpg\" alt=\"\" width=\"300\" height=\"195\" \/><\/a><\/p>\n<div class=\"mc-column content-text active-extra-styles \" data-block-type=\"unstyled\" data-block-weight=\"31\" data-block-id=\"2\">\n<p class=\"content-text__container \" data-track-category=\"Link no Texto\" data-track-links=\"\">Um acidente entre um carro de passeio e um caminh\u00e3o deixou cinco pessoas mortas no quil\u00f4metro 106 da rodovia BR-316, pr\u00f3ximo \u00e0 vila Jeju, em Santa Maria do Par\u00e1, nordeste Par\u00e1.<\/p>\n<p data-track-category=\"Link no Texto\" data-track-links=\"\"><a href=\"https:\/\/regiaonews.net.br\/2022\/wp-content\/uploads\/2021\/04\/20210419_091349.jpg\"><img loading=\"lazy\" decoding=\"async\" class=\"alignnone size-medium wp-image-45465\" src=\"https:\/\/regiaonews.net.br\/2022\/wp-content\/uploads\/2021\/04\/20210419_091349-286x300.jpg\" alt=\"\" width=\"286\" height=\"300\" \/><\/a><\/p>\n<\/div>\n<div class=\"wall protected-content\">\n<div class=\"mc-column content-text active-extra-styles \" data-block-type=\"unstyled\" data-block-weight=\"61\" data-block-id=\"3\">\n<p class=\"content-text__container \" data-track-category=\"Link no Texto\" data-track-links=\"\">De acordo com informa\u00e7\u00f5es colhidas pela Pol\u00edcia Rodovi\u00e1ria Federal (PRF) no local, o carro teria freado bruscamente e a carreta, carregada com cimento, que vinha atr\u00e1s, n\u00e3o conseguiu parar ao ponto de evitar a colis\u00e3o.\u00a0<span class=\"highlight highlighted\">A batida foi t\u00e3o forte que, ao ser comprimido, o ve\u00edculo menor virou quase uma bola de metal e foi parar de baixo do caminh\u00e3o<\/span>.<\/p>\n<p data-track-category=\"Link no Texto\" data-track-links=\"\"><a href=\"https:\/\/regiaonews.net.br\/2022\/wp-content\/uploads\/2021\/04\/b38d4e77-2f8c-49b8-88da-f9fd3eefe259-7.jpg\"><img loading=\"lazy\" decoding=\"async\" class=\"alignnone size-medium wp-image-45493\" src=\"https:\/\/regiaonews.net.br\/2022\/wp-content\/uploads\/2021\/04\/b38d4e77-2f8c-49b8-88da-f9fd3eefe259-7-300x300.jpg\" alt=\"\" width=\"300\" height=\"300\" \/><\/a><\/p>\n<\/div>\n<div class=\"mc-column content-text active-extra-styles \" data-block-type=\"unstyled\" data-block-weight=\"47\" data-block-id=\"4\">\n<p class=\"content-text__container \" data-track-category=\"Link no Texto\" data-track-links=\"\">Ainda segundo a PRF, inicialmente, foi identificado que apenas condutor do carro de passeio ficou preso nas ferragens e faleceu no local. Ap\u00f3s o trabalho Corpo de Bombeiros, de cortar e separar as ferragens, foram identificados mais quatro corpos (de uma mulher, uma adolescentes e dois beb\u00eas).<\/p>\n<p data-track-category=\"Link no Texto\" data-track-links=\"\">fonte : G1<\/p>\n<div style=\"width: 560px;\" class=\"wp-video\"><video class=\"wp-video-shortcode\" id=\"video-45548-1\" width=\"560\" height=\"640\" preload=\"metadata\" controls=\"controls\"><source type=\"video\/mp4\" src=\"https:\/\/regiaonews.net.br\/2022\/wp-content\/uploads\/2021\/04\/WhatsApp-Video-2021-04-20-at-09.04.50.mp4?_=1\" \/><a href=\"https:\/\/regiaonews.net.br\/2022\/wp-content\/uploads\/2021\/04\/WhatsApp-Video-2021-04-20-at-09.04.50.mp4\">https:\/\/regiaonews.net.br\/2022\/wp-content\/uploads\/2021\/04\/WhatsApp-Video-2021-04-20-at-09.04.50.mp4<\/a><\/video><\/div>\n<\/div>\n<div class=\"bs-video-block mc-column content-media content-video\" data-block-type=\"backstage-video\" data-block-id=\"5\">\n<div class=\"content-media__container\">\n<div class=\"content-video__bigger-player-description-fixer\">\n<article class=\"content-video\">\n<section class=\"content-video__video-container\">\n<div class=\"content-video__video\">\n<div class=\"content-video__placeholder\" data-video-id=\"9448512\">\n<div style=\"width: 640px;\" class=\"wp-video\"><video class=\"wp-video-shortcode\" id=\"video-45548-2\" width=\"640\" height=\"360\" preload=\"metadata\" controls=\"controls\"><source type=\"video\/mp4\" src=\"https:\/\/regiaonews.net.br\/2022\/wp-content\/uploads\/2021\/04\/WhatsApp-Video-2021-04-20-at-09.03.55.mp4?_=2\" \/><a href=\"https:\/\/regiaonews.net.br\/2022\/wp-content\/uploads\/2021\/04\/WhatsApp-Video-2021-04-20-at-09.03.55.mp4\">https:\/\/regiaonews.net.br\/2022\/wp-content\/uploads\/2021\/04\/WhatsApp-Video-2021-04-20-at-09.03.55.mp4<\/a><\/video><\/div>\n<\/div>\n<\/div>\n<\/section>\n<\/article>\n<\/div>\n<\/div>\n<\/div>\n<\/div>\n","protected":false},"excerpt":{"rendered":"<p>De acordo com a PRF, dois adultos, uma adolescente e<\/p>\n","protected":false},"author":2,"featured_media":45549,"comment_status":"open","ping_status":"open","sticky":false,"template":"","format":"standard","meta":{"footnotes":""},"categories":[24,25,23],"tags":[],"class_list":["post-45548","post","type-post","status-publish","format-standard","has-post-thumbnail","hentry","category-brasil","category-cidades","category-policia"],"yoast_head":"<!-- This site is optimized with the Yoast SEO plugin v27.4 - https:\/\/yoast.com\/product\/yoast-seo-wordpress\/ -->\n<title>Cinco pessoas morrem em grave acidente em que carro vira &#039;bola de metal&#039; - Regi\u00e3o News<\/title>\n<meta name=\"robots\" content=\"index, follow, max-snippet:-1, max-image-preview:large, max-video-preview:-1\" \/>\n<link rel=\"canonical\" href=\"https:\/\/regiaonews.net.br\/2022\/2021\/04\/20\/cinco-pessoas-morrem-em-grave-acidente-em-que-carro-vira-bola-de-metal\/\" \/>\n<meta property=\"og:locale\" content=\"pt_BR\" \/>\n<meta property=\"og:type\" content=\"article\" \/>\n<meta property=\"og:title\" content=\"Cinco pessoas morrem em grave acidente em que carro vira &#039;bola de metal&#039; - Regi\u00e3o News\" \/>\n<meta property=\"og:description\" content=\"De acordo com a PRF, dois adultos, uma adolescente e\" \/>\n<meta property=\"og:url\" content=\"https:\/\/regiaonews.net.br\/2022\/2021\/04\/20\/cinco-pessoas-morrem-em-grave-acidente-em-que-carro-vira-bola-de-metal\/\" \/>\n<meta property=\"og:site_name\" content=\"Regi\u00e3o News\" \/>\n<meta property=\"article:published_time\" content=\"2021-04-20T13:33:06+00:00\" \/>\n<meta property=\"article:modified_time\" content=\"2021-04-20T15:29:52+00:00\" \/>\n<meta property=\"og:image\" content=\"https:\/\/regiaonews.net.br\/2022\/wp-content\/uploads\/2021\/04\/d4d4adf4-ce30-49b8-b2c2-433d586711aa.jpg\" \/>\n\t<meta property=\"og:image:width\" content=\"578\" \/>\n\t<meta property=\"og:image:height\" content=\"376\" \/>\n\t<meta property=\"og:image:type\" content=\"image\/jpeg\" \/>\n<meta name=\"author\" content=\"Roberto\" \/>\n<meta name=\"twitter:card\" content=\"summary_large_image\" \/>\n<meta name=\"twitter:label1\" content=\"Escrito por\" \/>\n\t<meta name=\"twitter:data1\" content=\"Roberto\" \/>\n\t<meta name=\"twitter:label2\" content=\"Est. tempo de leitura\" \/>\n\t<meta name=\"twitter:data2\" content=\"1 minuto\" \/>\n<script type=\"application\/ld+json\" class=\"yoast-schema-graph\">{\"@context\":\"https:\\\/\\\/schema.org\",\"@graph\":[{\"@type\":\"Article\",\"@id\":\"https:\\\/\\\/regiaonews.net.br\\\/2022\\\/2021\\\/04\\\/20\\\/cinco-pessoas-morrem-em-grave-acidente-em-que-carro-vira-bola-de-metal\\\/#article\",\"isPartOf\":{\"@id\":\"https:\\\/\\\/regiaonews.net.br\\\/2022\\\/2021\\\/04\\\/20\\\/cinco-pessoas-morrem-em-grave-acidente-em-que-carro-vira-bola-de-metal\\\/\"},\"author\":{\"name\":\"Roberto\",\"@id\":\"https:\\\/\\\/regiaonews.net.br\\\/2022\\\/#\\\/schema\\\/person\\\/2d205a608a5aa97ac279d7a5e6d89ad8\"},\"headline\":\"Cinco pessoas morrem em grave acidente em que carro vira &#8216;bola de metal&#8217;\",\"datePublished\":\"2021-04-20T13:33:06+00:00\",\"dateModified\":\"2021-04-20T15:29:52+00:00\",\"mainEntityOfPage\":{\"@id\":\"https:\\\/\\\/regiaonews.net.br\\\/2022\\\/2021\\\/04\\\/20\\\/cinco-pessoas-morrem-em-grave-acidente-em-que-carro-vira-bola-de-metal\\\/\"},\"wordCount\":226,\"commentCount\":0,\"publisher\":{\"@id\":\"https:\\\/\\\/regiaonews.net.br\\\/2022\\\/#organization\"},\"image\":{\"@id\":\"https:\\\/\\\/regiaonews.net.br\\\/2022\\\/2021\\\/04\\\/20\\\/cinco-pessoas-morrem-em-grave-acidente-em-que-carro-vira-bola-de-metal\\\/#primaryimage\"},\"thumbnailUrl\":\"https:\\\/\\\/regiaonews.net.br\\\/2022\\\/wp-content\\\/uploads\\\/2021\\\/04\\\/d4d4adf4-ce30-49b8-b2c2-433d586711aa.jpg\",\"articleSection\":[\"Brasil\",\"Cidades\",\"Policia\"],\"inLanguage\":\"pt-BR\",\"potentialAction\":[{\"@type\":\"CommentAction\",\"name\":\"Comment\",\"target\":[\"https:\\\/\\\/regiaonews.net.br\\\/2022\\\/2021\\\/04\\\/20\\\/cinco-pessoas-morrem-em-grave-acidente-em-que-carro-vira-bola-de-metal\\\/#respond\"]}]},{\"@type\":\"WebPage\",\"@id\":\"https:\\\/\\\/regiaonews.net.br\\\/2022\\\/2021\\\/04\\\/20\\\/cinco-pessoas-morrem-em-grave-acidente-em-que-carro-vira-bola-de-metal\\\/\",\"url\":\"https:\\\/\\\/regiaonews.net.br\\\/2022\\\/2021\\\/04\\\/20\\\/cinco-pessoas-morrem-em-grave-acidente-em-que-carro-vira-bola-de-metal\\\/\",\"name\":\"Cinco pessoas morrem em grave acidente em que carro vira 'bola de metal' - Regi\u00e3o News\",\"isPartOf\":{\"@id\":\"https:\\\/\\\/regiaonews.net.br\\\/2022\\\/#website\"},\"primaryImageOfPage\":{\"@id\":\"https:\\\/\\\/regiaonews.net.br\\\/2022\\\/2021\\\/04\\\/20\\\/cinco-pessoas-morrem-em-grave-acidente-em-que-carro-vira-bola-de-metal\\\/#primaryimage\"},\"image\":{\"@id\":\"https:\\\/\\\/regiaonews.net.br\\\/2022\\\/2021\\\/04\\\/20\\\/cinco-pessoas-morrem-em-grave-acidente-em-que-carro-vira-bola-de-metal\\\/#primaryimage\"},\"thumbnailUrl\":\"https:\\\/\\\/regiaonews.net.br\\\/2022\\\/wp-content\\\/uploads\\\/2021\\\/04\\\/d4d4adf4-ce30-49b8-b2c2-433d586711aa.jpg\",\"datePublished\":\"2021-04-20T13:33:06+00:00\",\"dateModified\":\"2021-04-20T15:29:52+00:00\",\"breadcrumb\":{\"@id\":\"https:\\\/\\\/regiaonews.net.br\\\/2022\\\/2021\\\/04\\\/20\\\/cinco-pessoas-morrem-em-grave-acidente-em-que-carro-vira-bola-de-metal\\\/#breadcrumb\"},\"inLanguage\":\"pt-BR\",\"potentialAction\":[{\"@type\":\"ReadAction\",\"target\":[\"https:\\\/\\\/regiaonews.net.br\\\/2022\\\/2021\\\/04\\\/20\\\/cinco-pessoas-morrem-em-grave-acidente-em-que-carro-vira-bola-de-metal\\\/\"]}]},{\"@type\":\"ImageObject\",\"inLanguage\":\"pt-BR\",\"@id\":\"https:\\\/\\\/regiaonews.net.br\\\/2022\\\/2021\\\/04\\\/20\\\/cinco-pessoas-morrem-em-grave-acidente-em-que-carro-vira-bola-de-metal\\\/#primaryimage\",\"url\":\"https:\\\/\\\/regiaonews.net.br\\\/2022\\\/wp-content\\\/uploads\\\/2021\\\/04\\\/d4d4adf4-ce30-49b8-b2c2-433d586711aa.jpg\",\"contentUrl\":\"https:\\\/\\\/regiaonews.net.br\\\/2022\\\/wp-content\\\/uploads\\\/2021\\\/04\\\/d4d4adf4-ce30-49b8-b2c2-433d586711aa.jpg\",\"width\":578,\"height\":376},{\"@type\":\"BreadcrumbList\",\"@id\":\"https:\\\/\\\/regiaonews.net.br\\\/2022\\\/2021\\\/04\\\/20\\\/cinco-pessoas-morrem-em-grave-acidente-em-que-carro-vira-bola-de-metal\\\/#breadcrumb\",\"itemListElement\":[{\"@type\":\"ListItem\",\"position\":1,\"name\":\"In\u00edcio\",\"item\":\"https:\\\/\\\/regiaonews.net.br\\\/2022\\\/\"},{\"@type\":\"ListItem\",\"position\":2,\"name\":\"Cinco pessoas morrem em grave acidente em que carro vira &#8216;bola de metal&#8217;\"}]},{\"@type\":\"WebSite\",\"@id\":\"https:\\\/\\\/regiaonews.net.br\\\/2022\\\/#website\",\"url\":\"https:\\\/\\\/regiaonews.net.br\\\/2022\\\/\",\"name\":\"Regi\u00e3o News\",\"description\":\"Site de Not\u00edcias de Barretos e regi\u00e3o\",\"publisher\":{\"@id\":\"https:\\\/\\\/regiaonews.net.br\\\/2022\\\/#organization\"},\"potentialAction\":[{\"@type\":\"SearchAction\",\"target\":{\"@type\":\"EntryPoint\",\"urlTemplate\":\"https:\\\/\\\/regiaonews.net.br\\\/2022\\\/?s={search_term_string}\"},\"query-input\":{\"@type\":\"PropertyValueSpecification\",\"valueRequired\":true,\"valueName\":\"search_term_string\"}}],\"inLanguage\":\"pt-BR\"},{\"@type\":\"Organization\",\"@id\":\"https:\\\/\\\/regiaonews.net.br\\\/2022\\\/#organization\",\"name\":\"Regi\u00e3o News\",\"url\":\"https:\\\/\\\/regiaonews.net.br\\\/2022\\\/\",\"logo\":{\"@type\":\"ImageObject\",\"inLanguage\":\"pt-BR\",\"@id\":\"https:\\\/\\\/regiaonews.net.br\\\/2022\\\/#\\\/schema\\\/logo\\\/image\\\/\",\"url\":\"https:\\\/\\\/regiaonews.net.br\\\/2022\\\/wp-content\\\/uploads\\\/2026\\\/03\\\/regiao-13-anos-scaled.jpg\",\"contentUrl\":\"https:\\\/\\\/regiaonews.net.br\\\/2022\\\/wp-content\\\/uploads\\\/2026\\\/03\\\/regiao-13-anos-scaled.jpg\",\"width\":2560,\"height\":635,\"caption\":\"Regi\u00e3o News\"},\"image\":{\"@id\":\"https:\\\/\\\/regiaonews.net.br\\\/2022\\\/#\\\/schema\\\/logo\\\/image\\\/\"}},{\"@type\":\"Person\",\"@id\":\"https:\\\/\\\/regiaonews.net.br\\\/2022\\\/#\\\/schema\\\/person\\\/2d205a608a5aa97ac279d7a5e6d89ad8\",\"name\":\"Roberto\",\"image\":{\"@type\":\"ImageObject\",\"inLanguage\":\"pt-BR\",\"@id\":\"https:\\\/\\\/secure.gravatar.com\\\/avatar\\\/42749d8b712ff9d59ca93dc150494e5b55a44134482993f5baeb97e61b7ecc89?s=96&d=mm&r=g\",\"url\":\"https:\\\/\\\/secure.gravatar.com\\\/avatar\\\/42749d8b712ff9d59ca93dc150494e5b55a44134482993f5baeb97e61b7ecc89?s=96&d=mm&r=g\",\"contentUrl\":\"https:\\\/\\\/secure.gravatar.com\\\/avatar\\\/42749d8b712ff9d59ca93dc150494e5b55a44134482993f5baeb97e61b7ecc89?s=96&d=mm&r=g\",\"caption\":\"Roberto\"},\"url\":\"https:\\\/\\\/regiaonews.net.br\\\/2022\\\/author\\\/roberto\\\/\"}]}<\/script>\n<!-- \/ Yoast SEO plugin. -->","yoast_head_json":{"title":"Cinco pessoas morrem em grave acidente em que carro vira 'bola de metal' - Regi\u00e3o News","robots":{"index":"index","follow":"follow","max-snippet":"max-snippet:-1","max-image-preview":"max-image-preview:large","max-video-preview":"max-video-preview:-1"},"canonical":"https:\/\/regiaonews.net.br\/2022\/2021\/04\/20\/cinco-pessoas-morrem-em-grave-acidente-em-que-carro-vira-bola-de-metal\/","og_locale":"pt_BR","og_type":"article","og_title":"Cinco pessoas morrem em grave acidente em que carro vira 'bola de metal' - Regi\u00e3o News","og_description":"De acordo com a PRF, dois adultos, uma adolescente e","og_url":"https:\/\/regiaonews.net.br\/2022\/2021\/04\/20\/cinco-pessoas-morrem-em-grave-acidente-em-que-carro-vira-bola-de-metal\/","og_site_name":"Regi\u00e3o News","article_published_time":"2021-04-20T13:33:06+00:00","article_modified_time":"2021-04-20T15:29:52+00:00","og_image":[{"width":578,"height":376,"url":"https:\/\/regiaonews.net.br\/2022\/wp-content\/uploads\/2021\/04\/d4d4adf4-ce30-49b8-b2c2-433d586711aa.jpg","type":"image\/jpeg"}],"author":"Roberto","twitter_card":"summary_large_image","twitter_misc":{"Escrito por":"Roberto","Est. tempo de leitura":"1 minuto"},"schema":{"@context":"https:\/\/schema.org","@graph":[{"@type":"Article","@id":"https:\/\/regiaonews.net.br\/2022\/2021\/04\/20\/cinco-pessoas-morrem-em-grave-acidente-em-que-carro-vira-bola-de-metal\/#article","isPartOf":{"@id":"https:\/\/regiaonews.net.br\/2022\/2021\/04\/20\/cinco-pessoas-morrem-em-grave-acidente-em-que-carro-vira-bola-de-metal\/"},"author":{"name":"Roberto","@id":"https:\/\/regiaonews.net.br\/2022\/#\/schema\/person\/2d205a608a5aa97ac279d7a5e6d89ad8"},"headline":"Cinco pessoas morrem em grave acidente em que carro vira &#8216;bola de metal&#8217;","datePublished":"2021-04-20T13:33:06+00:00","dateModified":"2021-04-20T15:29:52+00:00","mainEntityOfPage":{"@id":"https:\/\/regiaonews.net.br\/2022\/2021\/04\/20\/cinco-pessoas-morrem-em-grave-acidente-em-que-carro-vira-bola-de-metal\/"},"wordCount":226,"commentCount":0,"publisher":{"@id":"https:\/\/regiaonews.net.br\/2022\/#organization"},"image":{"@id":"https:\/\/regiaonews.net.br\/2022\/2021\/04\/20\/cinco-pessoas-morrem-em-grave-acidente-em-que-carro-vira-bola-de-metal\/#primaryimage"},"thumbnailUrl":"https:\/\/regiaonews.net.br\/2022\/wp-content\/uploads\/2021\/04\/d4d4adf4-ce30-49b8-b2c2-433d586711aa.jpg","articleSection":["Brasil","Cidades","Policia"],"inLanguage":"pt-BR","potentialAction":[{"@type":"CommentAction","name":"Comment","target":["https:\/\/regiaonews.net.br\/2022\/2021\/04\/20\/cinco-pessoas-morrem-em-grave-acidente-em-que-carro-vira-bola-de-metal\/#respond"]}]},{"@type":"WebPage","@id":"https:\/\/regiaonews.net.br\/2022\/2021\/04\/20\/cinco-pessoas-morrem-em-grave-acidente-em-que-carro-vira-bola-de-metal\/","url":"https:\/\/regiaonews.net.br\/2022\/2021\/04\/20\/cinco-pessoas-morrem-em-grave-acidente-em-que-carro-vira-bola-de-metal\/","name":"Cinco pessoas morrem em grave acidente em que carro vira 'bola de metal' - Regi\u00e3o News","isPartOf":{"@id":"https:\/\/regiaonews.net.br\/2022\/#website"},"primaryImageOfPage":{"@id":"https:\/\/regiaonews.net.br\/2022\/2021\/04\/20\/cinco-pessoas-morrem-em-grave-acidente-em-que-carro-vira-bola-de-metal\/#primaryimage"},"image":{"@id":"https:\/\/regiaonews.net.br\/2022\/2021\/04\/20\/cinco-pessoas-morrem-em-grave-acidente-em-que-carro-vira-bola-de-metal\/#primaryimage"},"thumbnailUrl":"https:\/\/regiaonews.net.br\/2022\/wp-content\/uploads\/2021\/04\/d4d4adf4-ce30-49b8-b2c2-433d586711aa.jpg","datePublished":"2021-04-20T13:33:06+00:00","dateModified":"2021-04-20T15:29:52+00:00","breadcrumb":{"@id":"https:\/\/regiaonews.net.br\/2022\/2021\/04\/20\/cinco-pessoas-morrem-em-grave-acidente-em-que-carro-vira-bola-de-metal\/#breadcrumb"},"inLanguage":"pt-BR","potentialAction":[{"@type":"ReadAction","target":["https:\/\/regiaonews.net.br\/2022\/2021\/04\/20\/cinco-pessoas-morrem-em-grave-acidente-em-que-carro-vira-bola-de-metal\/"]}]},{"@type":"ImageObject","inLanguage":"pt-BR","@id":"https:\/\/regiaonews.net.br\/2022\/2021\/04\/20\/cinco-pessoas-morrem-em-grave-acidente-em-que-carro-vira-bola-de-metal\/#primaryimage","url":"https:\/\/regiaonews.net.br\/2022\/wp-content\/uploads\/2021\/04\/d4d4adf4-ce30-49b8-b2c2-433d586711aa.jpg","contentUrl":"https:\/\/regiaonews.net.br\/2022\/wp-content\/uploads\/2021\/04\/d4d4adf4-ce30-49b8-b2c2-433d586711aa.jpg","width":578,"height":376},{"@type":"BreadcrumbList","@id":"https:\/\/regiaonews.net.br\/2022\/2021\/04\/20\/cinco-pessoas-morrem-em-grave-acidente-em-que-carro-vira-bola-de-metal\/#breadcrumb","itemListElement":[{"@type":"ListItem","position":1,"name":"In\u00edcio","item":"https:\/\/regiaonews.net.br\/2022\/"},{"@type":"ListItem","position":2,"name":"Cinco pessoas morrem em grave acidente em que carro vira &#8216;bola de metal&#8217;"}]},{"@type":"WebSite","@id":"https:\/\/regiaonews.net.br\/2022\/#website","url":"https:\/\/regiaonews.net.br\/2022\/","name":"Regi\u00e3o News","description":"Site de Not\u00edcias de Barretos e regi\u00e3o","publisher":{"@id":"https:\/\/regiaonews.net.br\/2022\/#organization"},"potentialAction":[{"@type":"SearchAction","target":{"@type":"EntryPoint","urlTemplate":"https:\/\/regiaonews.net.br\/2022\/?s={search_term_string}"},"query-input":{"@type":"PropertyValueSpecification","valueRequired":true,"valueName":"search_term_string"}}],"inLanguage":"pt-BR"},{"@type":"Organization","@id":"https:\/\/regiaonews.net.br\/2022\/#organization","name":"Regi\u00e3o News","url":"https:\/\/regiaonews.net.br\/2022\/","logo":{"@type":"ImageObject","inLanguage":"pt-BR","@id":"https:\/\/regiaonews.net.br\/2022\/#\/schema\/logo\/image\/","url":"https:\/\/regiaonews.net.br\/2022\/wp-content\/uploads\/2026\/03\/regiao-13-anos-scaled.jpg","contentUrl":"https:\/\/regiaonews.net.br\/2022\/wp-content\/uploads\/2026\/03\/regiao-13-anos-scaled.jpg","width":2560,"height":635,"caption":"Regi\u00e3o News"},"image":{"@id":"https:\/\/regiaonews.net.br\/2022\/#\/schema\/logo\/image\/"}},{"@type":"Person","@id":"https:\/\/regiaonews.net.br\/2022\/#\/schema\/person\/2d205a608a5aa97ac279d7a5e6d89ad8","name":"Roberto","image":{"@type":"ImageObject","inLanguage":"pt-BR","@id":"https:\/\/secure.gravatar.com\/avatar\/42749d8b712ff9d59ca93dc150494e5b55a44134482993f5baeb97e61b7ecc89?s=96&d=mm&r=g","url":"https:\/\/secure.gravatar.com\/avatar\/42749d8b712ff9d59ca93dc150494e5b55a44134482993f5baeb97e61b7ecc89?s=96&d=mm&r=g","contentUrl":"https:\/\/secure.gravatar.com\/avatar\/42749d8b712ff9d59ca93dc150494e5b55a44134482993f5baeb97e61b7ecc89?s=96&d=mm&r=g","caption":"Roberto"},"url":"https:\/\/regiaonews.net.br\/2022\/author\/roberto\/"}]}},"publishpress_future_action":{"enabled":false,"date":"2026-05-04 01:35:48","action":"change-status","newStatus":"draft","terms":[],"taxonomy":"category","extraData":[]},"publishpress_future_workflow_manual_trigger":{"enabledWorkflows":[]},"_links":{"self":[{"href":"https:\/\/regiaonews.net.br\/2022\/wp-json\/wp\/v2\/posts\/45548","targetHints":{"allow":["GET"]}}],"collection":[{"href":"https:\/\/regiaonews.net.br\/2022\/wp-json\/wp\/v2\/posts"}],"about":[{"href":"https:\/\/regiaonews.net.br\/2022\/wp-json\/wp\/v2\/types\/post"}],"author":[{"embeddable":true,"href":"https:\/\/regiaonews.net.br\/2022\/wp-json\/wp\/v2\/users\/2"}],"replies":[{"embeddable":true,"href":"https:\/\/regiaonews.net.br\/2022\/wp-json\/wp\/v2\/comments?post=45548"}],"version-history":[{"count":0,"href":"https:\/\/regiaonews.net.br\/2022\/wp-json\/wp\/v2\/posts\/45548\/revisions"}],"wp:featuredmedia":[{"embeddable":true,"href":"https:\/\/regiaonews.net.br\/2022\/wp-json\/wp\/v2\/media\/45549"}],"wp:attachment":[{"href":"https:\/\/regiaonews.net.br\/2022\/wp-json\/wp\/v2\/media?parent=45548"}],"wp:term":[{"taxonomy":"category","embeddable":true,"href":"https:\/\/regiaonews.net.br\/2022\/wp-json\/wp\/v2\/categories?post=45548"},{"taxonomy":"post_tag","embeddable":true,"href":"https:\/\/regiaonews.net.br\/2022\/wp-json\/wp\/v2\/tags?post=45548"}],"curies":[{"name":"wp","href":"https:\/\/api.w.org\/{rel}","templated":true}]}}