{"id":45537,"date":"2021-04-20T08:51:48","date_gmt":"2021-04-20T11:51:48","guid":{"rendered":"https:\/\/regiaonews.net.br\/2022\/?p=45537"},"modified":"2021-04-20T08:57:14","modified_gmt":"2021-04-20T11:57:14","slug":"policia-civil-de-barretos-cumpre-mandados-de-busca-e-apreensao","status":"publish","type":"post","link":"https:\/\/regiaonews.net.br\/2022\/2021\/04\/20\/policia-civil-de-barretos-cumpre-mandados-de-busca-e-apreensao\/","title":{"rendered":"Pol\u00edcia Civil de Barretos cumpre  mandados de busca e apreens\u00e3o"},"content":{"rendered":"<p><a href=\"https:\/\/regiaonews.net.br\/2022\/wp-content\/uploads\/2021\/04\/etapaextra-virtus-1080x1080_Prancheta-1-1.jpg\"><img loading=\"lazy\" decoding=\"async\" class=\"alignnone size-medium wp-image-45488\" src=\"https:\/\/regiaonews.net.br\/2022\/wp-content\/uploads\/2021\/04\/etapaextra-virtus-1080x1080_Prancheta-1-1-300x300.jpg\" alt=\"\" width=\"300\" height=\"300\" \/><\/a><\/p>\n<p><a href=\"https:\/\/regiaonews.net.br\/2022\/wp-content\/uploads\/2021\/04\/6322a950-0f75-4765-b622-8eaff44305a0.jpg\"><img loading=\"lazy\" decoding=\"async\" class=\"alignnone size-medium wp-image-45538\" src=\"https:\/\/regiaonews.net.br\/2022\/wp-content\/uploads\/2021\/04\/6322a950-0f75-4765-b622-8eaff44305a0-300x225.jpg\" alt=\"\" width=\"300\" height=\"225\" \/><\/a><\/p>\n<p>A Pol\u00edcia Civil de Barretos, por interm\u00e9dio da DIG\/DISE, com apoio de policiais civis de outras unidades do DEINTER-3 (Ribeir\u00e3o Preto), DEINTER-4 (Bauru), DEINTER-5 (S\u00e3o Jos\u00e9 do Rio Preto), da Delegacia Regional de Tr\u00eas Cora\u00e7\u00f5es\/MG e do Canil da Secretaria de Administra\u00e7\u00e3o Penitenci\u00e1ria (SAP\/Ribeir\u00e3o Preto), desencadeou, na manh\u00e3 desta ter\u00e7a-feira (20), a segunda fase da megaopera\u00e7\u00e3o \u201c\u00c9fodo\u201d, destinada a prender diversos membros de organiza\u00e7\u00e3o criminosa paulista que age dentro e fora dos pres\u00eddios.<\/p>\n<p><a href=\"https:\/\/regiaonews.net.br\/2022\/wp-content\/uploads\/2021\/04\/b38d4e77-2f8c-49b8-88da-f9fd3eefe259-7.jpg\"><img loading=\"lazy\" decoding=\"async\" class=\"alignnone size-medium wp-image-45493\" src=\"https:\/\/regiaonews.net.br\/2022\/wp-content\/uploads\/2021\/04\/b38d4e77-2f8c-49b8-88da-f9fd3eefe259-7-300x300.jpg\" alt=\"\" width=\"300\" height=\"300\" \/><\/a><br \/>\nA investiga\u00e7\u00e3o teve in\u00edcio h\u00e1 cerca de dois anos, a partir da pris\u00e3o de uma das lideran\u00e7as da organiza\u00e7\u00e3o criminosa. Desde ent\u00e3o, os investigadores passaram a analisar celulares, computadores e documentos, os quais possibilitaram a identifica\u00e7\u00e3o de outros membros da organiza\u00e7\u00e3o criminosa, assim como de parte do grupo que se dedicava a compra, venda e distribui\u00e7\u00e3o de drogas na regi\u00e3o de Barretos. Na primeira fase da opera\u00e7\u00e3o, ocorrida em julho de 2020, j\u00e1 haviam sido presas 23 (vinte e tr\u00eas) pessoas por envolvimento com a organiza\u00e7\u00e3o criminosa.<br \/>\nEm rela\u00e7\u00e3o \u00e0 segunda fase da opera\u00e7\u00e3o policial, a autoridade policial que presidiu o feito solicitou \u00e0 Justi\u00e7a 14 (catorze) mandados de busca e apreens\u00e3o e 15 (quinze) mandados de pris\u00e3o contra os membros da citada organiza\u00e7\u00e3o criminosa. Os mandados foram deferidos pela Justi\u00e7a, ap\u00f3s concord\u00e2ncia do Minist\u00e9rio P\u00fablico e os policiais foram \u00e0s ruas para cumpri-los nesta ter\u00e7a-feira.<\/p>\n<p><a href=\"https:\/\/regiaonews.net.br\/2022\/wp-content\/uploads\/2021\/04\/20210419_091349.jpg\"><img loading=\"lazy\" decoding=\"async\" class=\"alignnone size-medium wp-image-45465\" src=\"https:\/\/regiaonews.net.br\/2022\/wp-content\/uploads\/2021\/04\/20210419_091349-286x300.jpg\" alt=\"\" width=\"286\" height=\"300\" \/><\/a><br \/>\nAs dilig\u00eancias foram efetuadas nas cidades paulistas de Barretos, Colina, Tai\u00fava, Balbinos, Getulina, Mar\u00edlia, Piraju\u00ed, Riol\u00e2ndia e em Tr\u00eas Cora\u00e7\u00f5es\/MG.<br \/>\nO nome da opera\u00e7\u00e3o tem rela\u00e7\u00e3o com a Gr\u00e9cia antiga, j\u00e1 que os \u00e9fodos eram os\u00a0 respons\u00e1veis por evitar o extravio de cartas. Um dos investigados, preso nas duas fases da opera\u00e7\u00e3o, cumpria este papel de levar cartas de presidi\u00e1rios faccionados com reivindica\u00e7\u00f5es \u00e0s lideran\u00e7as que estavam em liberdade.<br \/>\nParticiparam da opera\u00e7\u00e3o 80 (oitenta) policiais civis dos DEINTER-3 (Ribeir\u00e3o Preto), DEINTER-4 (Bauru), DEINTER-5 (S\u00e3o Jos\u00e9 do Rio Preto) e da Delegacia Regional de Tr\u00eas Cora\u00e7\u00f5es\/MG, divididos em cerca de 20 (vinte) viaturas<\/p>\n<div style=\"width: 640px;\" class=\"wp-video\"><video class=\"wp-video-shortcode\" id=\"video-45537-1\" width=\"640\" height=\"352\" preload=\"metadata\" controls=\"controls\"><source type=\"video\/mp4\" src=\"https:\/\/regiaonews.net.br\/2022\/wp-content\/uploads\/2021\/04\/WhatsApp-Video-2021-04-20-at-07.54.50.mp4?_=1\" \/><a href=\"https:\/\/regiaonews.net.br\/2022\/wp-content\/uploads\/2021\/04\/WhatsApp-Video-2021-04-20-at-07.54.50.mp4\">https:\/\/regiaonews.net.br\/2022\/wp-content\/uploads\/2021\/04\/WhatsApp-Video-2021-04-20-at-07.54.50.mp4<\/a><\/video><\/div>\n<p><a href=\"https:\/\/regiaonews.net.br\/2022\/wp-content\/uploads\/2021\/04\/images-3.jpeg\"><img loading=\"lazy\" decoding=\"async\" class=\"alignnone size-full wp-image-45476\" src=\"https:\/\/regiaonews.net.br\/2022\/wp-content\/uploads\/2021\/04\/images-3.jpeg\" alt=\"\" width=\"225\" height=\"225\" \/><\/a><\/p>\n","protected":false},"excerpt":{"rendered":"<p>A Pol\u00edcia Civil de Barretos, por interm\u00e9dio da DIG\/DISE, com<\/p>\n","protected":false},"author":2,"featured_media":45540,"comment_status":"open","ping_status":"open","sticky":false,"template":"","format":"standard","meta":{"footnotes":""},"categories":[14,25,23],"tags":[],"class_list":["post-45537","post","type-post","status-publish","format-standard","has-post-thumbnail","hentry","category-barretos","category-cidades","category-policia"],"yoast_head":"<!-- This site is optimized with the Yoast SEO plugin v27.4 - https:\/\/yoast.com\/product\/yoast-seo-wordpress\/ -->\n<title>Pol\u00edcia Civil de Barretos cumpre mandados de busca e apreens\u00e3o - Regi\u00e3o News<\/title>\n<meta name=\"robots\" content=\"index, follow, max-snippet:-1, max-image-preview:large, max-video-preview:-1\" \/>\n<link rel=\"canonical\" href=\"https:\/\/regiaonews.net.br\/2022\/2021\/04\/20\/policia-civil-de-barretos-cumpre-mandados-de-busca-e-apreensao\/\" \/>\n<meta property=\"og:locale\" content=\"pt_BR\" \/>\n<meta property=\"og:type\" content=\"article\" \/>\n<meta property=\"og:title\" content=\"Pol\u00edcia Civil de Barretos cumpre mandados de busca e apreens\u00e3o - Regi\u00e3o News\" \/>\n<meta property=\"og:description\" content=\"A Pol\u00edcia Civil de Barretos, por interm\u00e9dio da DIG\/DISE, com\" \/>\n<meta property=\"og:url\" content=\"https:\/\/regiaonews.net.br\/2022\/2021\/04\/20\/policia-civil-de-barretos-cumpre-mandados-de-busca-e-apreensao\/\" \/>\n<meta property=\"og:site_name\" content=\"Regi\u00e3o News\" \/>\n<meta property=\"article:published_time\" content=\"2021-04-20T11:51:48+00:00\" \/>\n<meta property=\"article:modified_time\" content=\"2021-04-20T11:57:14+00:00\" \/>\n<meta property=\"og:image\" content=\"https:\/\/regiaonews.net.br\/2022\/wp-content\/uploads\/2021\/04\/f3da4a77-0bf2-4983-8394-9e22c36e1c39.jpg\" \/>\n\t<meta property=\"og:image:width\" content=\"1280\" \/>\n\t<meta property=\"og:image:height\" content=\"720\" \/>\n\t<meta property=\"og:image:type\" content=\"image\/jpeg\" \/>\n<meta name=\"author\" content=\"Roberto\" \/>\n<meta name=\"twitter:card\" content=\"summary_large_image\" \/>\n<meta name=\"twitter:label1\" content=\"Escrito por\" \/>\n\t<meta name=\"twitter:data1\" content=\"Roberto\" \/>\n\t<meta name=\"twitter:label2\" content=\"Est. tempo de leitura\" \/>\n\t<meta name=\"twitter:data2\" content=\"2 minutos\" \/>\n<script type=\"application\/ld+json\" class=\"yoast-schema-graph\">{\"@context\":\"https:\\\/\\\/schema.org\",\"@graph\":[{\"@type\":\"Article\",\"@id\":\"https:\\\/\\\/regiaonews.net.br\\\/2022\\\/2021\\\/04\\\/20\\\/policia-civil-de-barretos-cumpre-mandados-de-busca-e-apreensao\\\/#article\",\"isPartOf\":{\"@id\":\"https:\\\/\\\/regiaonews.net.br\\\/2022\\\/2021\\\/04\\\/20\\\/policia-civil-de-barretos-cumpre-mandados-de-busca-e-apreensao\\\/\"},\"author\":{\"name\":\"Roberto\",\"@id\":\"https:\\\/\\\/regiaonews.net.br\\\/2022\\\/#\\\/schema\\\/person\\\/2d205a608a5aa97ac279d7a5e6d89ad8\"},\"headline\":\"Pol\u00edcia Civil de Barretos cumpre mandados de busca e apreens\u00e3o\",\"datePublished\":\"2021-04-20T11:51:48+00:00\",\"dateModified\":\"2021-04-20T11:57:14+00:00\",\"mainEntityOfPage\":{\"@id\":\"https:\\\/\\\/regiaonews.net.br\\\/2022\\\/2021\\\/04\\\/20\\\/policia-civil-de-barretos-cumpre-mandados-de-busca-e-apreensao\\\/\"},\"wordCount\":402,\"commentCount\":0,\"publisher\":{\"@id\":\"https:\\\/\\\/regiaonews.net.br\\\/2022\\\/#organization\"},\"image\":{\"@id\":\"https:\\\/\\\/regiaonews.net.br\\\/2022\\\/2021\\\/04\\\/20\\\/policia-civil-de-barretos-cumpre-mandados-de-busca-e-apreensao\\\/#primaryimage\"},\"thumbnailUrl\":\"https:\\\/\\\/regiaonews.net.br\\\/2022\\\/wp-content\\\/uploads\\\/2021\\\/04\\\/f3da4a77-0bf2-4983-8394-9e22c36e1c39.jpg\",\"articleSection\":[\"Barretos\",\"Cidades\",\"Policia\"],\"inLanguage\":\"pt-BR\",\"potentialAction\":[{\"@type\":\"CommentAction\",\"name\":\"Comment\",\"target\":[\"https:\\\/\\\/regiaonews.net.br\\\/2022\\\/2021\\\/04\\\/20\\\/policia-civil-de-barretos-cumpre-mandados-de-busca-e-apreensao\\\/#respond\"]}]},{\"@type\":\"WebPage\",\"@id\":\"https:\\\/\\\/regiaonews.net.br\\\/2022\\\/2021\\\/04\\\/20\\\/policia-civil-de-barretos-cumpre-mandados-de-busca-e-apreensao\\\/\",\"url\":\"https:\\\/\\\/regiaonews.net.br\\\/2022\\\/2021\\\/04\\\/20\\\/policia-civil-de-barretos-cumpre-mandados-de-busca-e-apreensao\\\/\",\"name\":\"Pol\u00edcia Civil de Barretos cumpre mandados de busca e apreens\u00e3o - Regi\u00e3o News\",\"isPartOf\":{\"@id\":\"https:\\\/\\\/regiaonews.net.br\\\/2022\\\/#website\"},\"primaryImageOfPage\":{\"@id\":\"https:\\\/\\\/regiaonews.net.br\\\/2022\\\/2021\\\/04\\\/20\\\/policia-civil-de-barretos-cumpre-mandados-de-busca-e-apreensao\\\/#primaryimage\"},\"image\":{\"@id\":\"https:\\\/\\\/regiaonews.net.br\\\/2022\\\/2021\\\/04\\\/20\\\/policia-civil-de-barretos-cumpre-mandados-de-busca-e-apreensao\\\/#primaryimage\"},\"thumbnailUrl\":\"https:\\\/\\\/regiaonews.net.br\\\/2022\\\/wp-content\\\/uploads\\\/2021\\\/04\\\/f3da4a77-0bf2-4983-8394-9e22c36e1c39.jpg\",\"datePublished\":\"2021-04-20T11:51:48+00:00\",\"dateModified\":\"2021-04-20T11:57:14+00:00\",\"breadcrumb\":{\"@id\":\"https:\\\/\\\/regiaonews.net.br\\\/2022\\\/2021\\\/04\\\/20\\\/policia-civil-de-barretos-cumpre-mandados-de-busca-e-apreensao\\\/#breadcrumb\"},\"inLanguage\":\"pt-BR\",\"potentialAction\":[{\"@type\":\"ReadAction\",\"target\":[\"https:\\\/\\\/regiaonews.net.br\\\/2022\\\/2021\\\/04\\\/20\\\/policia-civil-de-barretos-cumpre-mandados-de-busca-e-apreensao\\\/\"]}]},{\"@type\":\"ImageObject\",\"inLanguage\":\"pt-BR\",\"@id\":\"https:\\\/\\\/regiaonews.net.br\\\/2022\\\/2021\\\/04\\\/20\\\/policia-civil-de-barretos-cumpre-mandados-de-busca-e-apreensao\\\/#primaryimage\",\"url\":\"https:\\\/\\\/regiaonews.net.br\\\/2022\\\/wp-content\\\/uploads\\\/2021\\\/04\\\/f3da4a77-0bf2-4983-8394-9e22c36e1c39.jpg\",\"contentUrl\":\"https:\\\/\\\/regiaonews.net.br\\\/2022\\\/wp-content\\\/uploads\\\/2021\\\/04\\\/f3da4a77-0bf2-4983-8394-9e22c36e1c39.jpg\",\"width\":1280,\"height\":720},{\"@type\":\"BreadcrumbList\",\"@id\":\"https:\\\/\\\/regiaonews.net.br\\\/2022\\\/2021\\\/04\\\/20\\\/policia-civil-de-barretos-cumpre-mandados-de-busca-e-apreensao\\\/#breadcrumb\",\"itemListElement\":[{\"@type\":\"ListItem\",\"position\":1,\"name\":\"In\u00edcio\",\"item\":\"https:\\\/\\\/regiaonews.net.br\\\/2022\\\/\"},{\"@type\":\"ListItem\",\"position\":2,\"name\":\"Pol\u00edcia Civil de Barretos cumpre mandados de busca e apreens\u00e3o\"}]},{\"@type\":\"WebSite\",\"@id\":\"https:\\\/\\\/regiaonews.net.br\\\/2022\\\/#website\",\"url\":\"https:\\\/\\\/regiaonews.net.br\\\/2022\\\/\",\"name\":\"Regi\u00e3o News\",\"description\":\"Site de Not\u00edcias de Barretos e regi\u00e3o\",\"publisher\":{\"@id\":\"https:\\\/\\\/regiaonews.net.br\\\/2022\\\/#organization\"},\"potentialAction\":[{\"@type\":\"SearchAction\",\"target\":{\"@type\":\"EntryPoint\",\"urlTemplate\":\"https:\\\/\\\/regiaonews.net.br\\\/2022\\\/?s={search_term_string}\"},\"query-input\":{\"@type\":\"PropertyValueSpecification\",\"valueRequired\":true,\"valueName\":\"search_term_string\"}}],\"inLanguage\":\"pt-BR\"},{\"@type\":\"Organization\",\"@id\":\"https:\\\/\\\/regiaonews.net.br\\\/2022\\\/#organization\",\"name\":\"Regi\u00e3o News\",\"url\":\"https:\\\/\\\/regiaonews.net.br\\\/2022\\\/\",\"logo\":{\"@type\":\"ImageObject\",\"inLanguage\":\"pt-BR\",\"@id\":\"https:\\\/\\\/regiaonews.net.br\\\/2022\\\/#\\\/schema\\\/logo\\\/image\\\/\",\"url\":\"https:\\\/\\\/regiaonews.net.br\\\/2022\\\/wp-content\\\/uploads\\\/2026\\\/03\\\/regiao-13-anos-scaled.jpg\",\"contentUrl\":\"https:\\\/\\\/regiaonews.net.br\\\/2022\\\/wp-content\\\/uploads\\\/2026\\\/03\\\/regiao-13-anos-scaled.jpg\",\"width\":2560,\"height\":635,\"caption\":\"Regi\u00e3o News\"},\"image\":{\"@id\":\"https:\\\/\\\/regiaonews.net.br\\\/2022\\\/#\\\/schema\\\/logo\\\/image\\\/\"}},{\"@type\":\"Person\",\"@id\":\"https:\\\/\\\/regiaonews.net.br\\\/2022\\\/#\\\/schema\\\/person\\\/2d205a608a5aa97ac279d7a5e6d89ad8\",\"name\":\"Roberto\",\"image\":{\"@type\":\"ImageObject\",\"inLanguage\":\"pt-BR\",\"@id\":\"https:\\\/\\\/secure.gravatar.com\\\/avatar\\\/42749d8b712ff9d59ca93dc150494e5b55a44134482993f5baeb97e61b7ecc89?s=96&d=mm&r=g\",\"url\":\"https:\\\/\\\/secure.gravatar.com\\\/avatar\\\/42749d8b712ff9d59ca93dc150494e5b55a44134482993f5baeb97e61b7ecc89?s=96&d=mm&r=g\",\"contentUrl\":\"https:\\\/\\\/secure.gravatar.com\\\/avatar\\\/42749d8b712ff9d59ca93dc150494e5b55a44134482993f5baeb97e61b7ecc89?s=96&d=mm&r=g\",\"caption\":\"Roberto\"},\"url\":\"https:\\\/\\\/regiaonews.net.br\\\/2022\\\/author\\\/roberto\\\/\"}]}<\/script>\n<!-- \/ Yoast SEO plugin. -->","yoast_head_json":{"title":"Pol\u00edcia Civil de Barretos cumpre mandados de busca e apreens\u00e3o - Regi\u00e3o News","robots":{"index":"index","follow":"follow","max-snippet":"max-snippet:-1","max-image-preview":"max-image-preview:large","max-video-preview":"max-video-preview:-1"},"canonical":"https:\/\/regiaonews.net.br\/2022\/2021\/04\/20\/policia-civil-de-barretos-cumpre-mandados-de-busca-e-apreensao\/","og_locale":"pt_BR","og_type":"article","og_title":"Pol\u00edcia Civil de Barretos cumpre mandados de busca e apreens\u00e3o - Regi\u00e3o News","og_description":"A Pol\u00edcia Civil de Barretos, por interm\u00e9dio da DIG\/DISE, com","og_url":"https:\/\/regiaonews.net.br\/2022\/2021\/04\/20\/policia-civil-de-barretos-cumpre-mandados-de-busca-e-apreensao\/","og_site_name":"Regi\u00e3o News","article_published_time":"2021-04-20T11:51:48+00:00","article_modified_time":"2021-04-20T11:57:14+00:00","og_image":[{"width":1280,"height":720,"url":"https:\/\/regiaonews.net.br\/2022\/wp-content\/uploads\/2021\/04\/f3da4a77-0bf2-4983-8394-9e22c36e1c39.jpg","type":"image\/jpeg"}],"author":"Roberto","twitter_card":"summary_large_image","twitter_misc":{"Escrito por":"Roberto","Est. tempo de leitura":"2 minutos"},"schema":{"@context":"https:\/\/schema.org","@graph":[{"@type":"Article","@id":"https:\/\/regiaonews.net.br\/2022\/2021\/04\/20\/policia-civil-de-barretos-cumpre-mandados-de-busca-e-apreensao\/#article","isPartOf":{"@id":"https:\/\/regiaonews.net.br\/2022\/2021\/04\/20\/policia-civil-de-barretos-cumpre-mandados-de-busca-e-apreensao\/"},"author":{"name":"Roberto","@id":"https:\/\/regiaonews.net.br\/2022\/#\/schema\/person\/2d205a608a5aa97ac279d7a5e6d89ad8"},"headline":"Pol\u00edcia Civil de Barretos cumpre mandados de busca e apreens\u00e3o","datePublished":"2021-04-20T11:51:48+00:00","dateModified":"2021-04-20T11:57:14+00:00","mainEntityOfPage":{"@id":"https:\/\/regiaonews.net.br\/2022\/2021\/04\/20\/policia-civil-de-barretos-cumpre-mandados-de-busca-e-apreensao\/"},"wordCount":402,"commentCount":0,"publisher":{"@id":"https:\/\/regiaonews.net.br\/2022\/#organization"},"image":{"@id":"https:\/\/regiaonews.net.br\/2022\/2021\/04\/20\/policia-civil-de-barretos-cumpre-mandados-de-busca-e-apreensao\/#primaryimage"},"thumbnailUrl":"https:\/\/regiaonews.net.br\/2022\/wp-content\/uploads\/2021\/04\/f3da4a77-0bf2-4983-8394-9e22c36e1c39.jpg","articleSection":["Barretos","Cidades","Policia"],"inLanguage":"pt-BR","potentialAction":[{"@type":"CommentAction","name":"Comment","target":["https:\/\/regiaonews.net.br\/2022\/2021\/04\/20\/policia-civil-de-barretos-cumpre-mandados-de-busca-e-apreensao\/#respond"]}]},{"@type":"WebPage","@id":"https:\/\/regiaonews.net.br\/2022\/2021\/04\/20\/policia-civil-de-barretos-cumpre-mandados-de-busca-e-apreensao\/","url":"https:\/\/regiaonews.net.br\/2022\/2021\/04\/20\/policia-civil-de-barretos-cumpre-mandados-de-busca-e-apreensao\/","name":"Pol\u00edcia Civil de Barretos cumpre mandados de busca e apreens\u00e3o - Regi\u00e3o News","isPartOf":{"@id":"https:\/\/regiaonews.net.br\/2022\/#website"},"primaryImageOfPage":{"@id":"https:\/\/regiaonews.net.br\/2022\/2021\/04\/20\/policia-civil-de-barretos-cumpre-mandados-de-busca-e-apreensao\/#primaryimage"},"image":{"@id":"https:\/\/regiaonews.net.br\/2022\/2021\/04\/20\/policia-civil-de-barretos-cumpre-mandados-de-busca-e-apreensao\/#primaryimage"},"thumbnailUrl":"https:\/\/regiaonews.net.br\/2022\/wp-content\/uploads\/2021\/04\/f3da4a77-0bf2-4983-8394-9e22c36e1c39.jpg","datePublished":"2021-04-20T11:51:48+00:00","dateModified":"2021-04-20T11:57:14+00:00","breadcrumb":{"@id":"https:\/\/regiaonews.net.br\/2022\/2021\/04\/20\/policia-civil-de-barretos-cumpre-mandados-de-busca-e-apreensao\/#breadcrumb"},"inLanguage":"pt-BR","potentialAction":[{"@type":"ReadAction","target":["https:\/\/regiaonews.net.br\/2022\/2021\/04\/20\/policia-civil-de-barretos-cumpre-mandados-de-busca-e-apreensao\/"]}]},{"@type":"ImageObject","inLanguage":"pt-BR","@id":"https:\/\/regiaonews.net.br\/2022\/2021\/04\/20\/policia-civil-de-barretos-cumpre-mandados-de-busca-e-apreensao\/#primaryimage","url":"https:\/\/regiaonews.net.br\/2022\/wp-content\/uploads\/2021\/04\/f3da4a77-0bf2-4983-8394-9e22c36e1c39.jpg","contentUrl":"https:\/\/regiaonews.net.br\/2022\/wp-content\/uploads\/2021\/04\/f3da4a77-0bf2-4983-8394-9e22c36e1c39.jpg","width":1280,"height":720},{"@type":"BreadcrumbList","@id":"https:\/\/regiaonews.net.br\/2022\/2021\/04\/20\/policia-civil-de-barretos-cumpre-mandados-de-busca-e-apreensao\/#breadcrumb","itemListElement":[{"@type":"ListItem","position":1,"name":"In\u00edcio","item":"https:\/\/regiaonews.net.br\/2022\/"},{"@type":"ListItem","position":2,"name":"Pol\u00edcia Civil de Barretos cumpre mandados de busca e apreens\u00e3o"}]},{"@type":"WebSite","@id":"https:\/\/regiaonews.net.br\/2022\/#website","url":"https:\/\/regiaonews.net.br\/2022\/","name":"Regi\u00e3o News","description":"Site de Not\u00edcias de Barretos e regi\u00e3o","publisher":{"@id":"https:\/\/regiaonews.net.br\/2022\/#organization"},"potentialAction":[{"@type":"SearchAction","target":{"@type":"EntryPoint","urlTemplate":"https:\/\/regiaonews.net.br\/2022\/?s={search_term_string}"},"query-input":{"@type":"PropertyValueSpecification","valueRequired":true,"valueName":"search_term_string"}}],"inLanguage":"pt-BR"},{"@type":"Organization","@id":"https:\/\/regiaonews.net.br\/2022\/#organization","name":"Regi\u00e3o News","url":"https:\/\/regiaonews.net.br\/2022\/","logo":{"@type":"ImageObject","inLanguage":"pt-BR","@id":"https:\/\/regiaonews.net.br\/2022\/#\/schema\/logo\/image\/","url":"https:\/\/regiaonews.net.br\/2022\/wp-content\/uploads\/2026\/03\/regiao-13-anos-scaled.jpg","contentUrl":"https:\/\/regiaonews.net.br\/2022\/wp-content\/uploads\/2026\/03\/regiao-13-anos-scaled.jpg","width":2560,"height":635,"caption":"Regi\u00e3o News"},"image":{"@id":"https:\/\/regiaonews.net.br\/2022\/#\/schema\/logo\/image\/"}},{"@type":"Person","@id":"https:\/\/regiaonews.net.br\/2022\/#\/schema\/person\/2d205a608a5aa97ac279d7a5e6d89ad8","name":"Roberto","image":{"@type":"ImageObject","inLanguage":"pt-BR","@id":"https:\/\/secure.gravatar.com\/avatar\/42749d8b712ff9d59ca93dc150494e5b55a44134482993f5baeb97e61b7ecc89?s=96&d=mm&r=g","url":"https:\/\/secure.gravatar.com\/avatar\/42749d8b712ff9d59ca93dc150494e5b55a44134482993f5baeb97e61b7ecc89?s=96&d=mm&r=g","contentUrl":"https:\/\/secure.gravatar.com\/avatar\/42749d8b712ff9d59ca93dc150494e5b55a44134482993f5baeb97e61b7ecc89?s=96&d=mm&r=g","caption":"Roberto"},"url":"https:\/\/regiaonews.net.br\/2022\/author\/roberto\/"}]}},"publishpress_future_action":{"enabled":false,"date":"2026-05-04 01:46:00","action":"change-status","newStatus":"draft","terms":[],"taxonomy":"category","extraData":[]},"publishpress_future_workflow_manual_trigger":{"enabledWorkflows":[]},"_links":{"self":[{"href":"https:\/\/regiaonews.net.br\/2022\/wp-json\/wp\/v2\/posts\/45537","targetHints":{"allow":["GET"]}}],"collection":[{"href":"https:\/\/regiaonews.net.br\/2022\/wp-json\/wp\/v2\/posts"}],"about":[{"href":"https:\/\/regiaonews.net.br\/2022\/wp-json\/wp\/v2\/types\/post"}],"author":[{"embeddable":true,"href":"https:\/\/regiaonews.net.br\/2022\/wp-json\/wp\/v2\/users\/2"}],"replies":[{"embeddable":true,"href":"https:\/\/regiaonews.net.br\/2022\/wp-json\/wp\/v2\/comments?post=45537"}],"version-history":[{"count":0,"href":"https:\/\/regiaonews.net.br\/2022\/wp-json\/wp\/v2\/posts\/45537\/revisions"}],"wp:featuredmedia":[{"embeddable":true,"href":"https:\/\/regiaonews.net.br\/2022\/wp-json\/wp\/v2\/media\/45540"}],"wp:attachment":[{"href":"https:\/\/regiaonews.net.br\/2022\/wp-json\/wp\/v2\/media?parent=45537"}],"wp:term":[{"taxonomy":"category","embeddable":true,"href":"https:\/\/regiaonews.net.br\/2022\/wp-json\/wp\/v2\/categories?post=45537"},{"taxonomy":"post_tag","embeddable":true,"href":"https:\/\/regiaonews.net.br\/2022\/wp-json\/wp\/v2\/tags?post=45537"}],"curies":[{"name":"wp","href":"https:\/\/api.w.org\/{rel}","templated":true}]}}