{"id":45495,"date":"2021-04-19T14:57:48","date_gmt":"2021-04-19T17:57:48","guid":{"rendered":"https:\/\/regiaonews.net.br\/2022\/?p=45495"},"modified":"2021-04-19T15:10:30","modified_gmt":"2021-04-19T18:10:30","slug":"governo-paula-lemos-promove-drive-thru-duplo-para-vacinacao-de-65-66-anos","status":"publish","type":"post","link":"https:\/\/regiaonews.net.br\/2022\/2021\/04\/19\/governo-paula-lemos-promove-drive-thru-duplo-para-vacinacao-de-65-66-anos\/","title":{"rendered":"Governo Paula Lemos promove drive-thru duplo para vacina\u00e7\u00e3o de 65\/66 anos"},"content":{"rendered":"<p><a href=\"https:\/\/regiaonews.net.br\/2022\/wp-content\/uploads\/2021\/04\/etapaextra-tcross-1080x1080_Prancheta-1.jpg\"><img loading=\"lazy\" decoding=\"async\" class=\"alignnone size-medium wp-image-45497\" src=\"https:\/\/regiaonews.net.br\/2022\/wp-content\/uploads\/2021\/04\/etapaextra-tcross-1080x1080_Prancheta-1-300x300.jpg\" alt=\"\" width=\"300\" height=\"300\" \/><\/a><\/p>\n<p><a href=\"https:\/\/regiaonews.net.br\/2022\/wp-content\/uploads\/2021\/04\/f8001019649a60546745aa435769940c.jpg\"><img loading=\"lazy\" decoding=\"async\" class=\"alignnone size-medium wp-image-45496\" src=\"https:\/\/regiaonews.net.br\/2022\/wp-content\/uploads\/2021\/04\/f8001019649a60546745aa435769940c-300x200.jpg\" alt=\"\" width=\"300\" height=\"200\" \/><\/a><\/p>\n<p>A aplica\u00e7\u00e3o da primeira dose da vacina contra a Covid-19 para o p\u00fablico entre 65 e 66 anos em Barretos est\u00e1 marcada para ter\u00e7a e quarta-feira, dias 20 e 21 (feriado) de abril\/21. Em ambos os dias, entre 9h e 16 horas, acontece o drive-thru no gin\u00e1sio Roch\u00e3o, organizado pela Secretaria Municipal de Sa\u00fade com apoio da Secretaria de Ordem P\u00fablica.<\/p>\n<p>A triagem dos pacientes ser\u00e1 realizada atrav\u00e9s da apresenta\u00e7\u00e3o de documentos com fotos e CPF. Depois do cadastro e com a senha em m\u00e3os, os barretenses ser\u00e3o liberados para a \u00e1rea interna do estacionamento do Roch\u00e3o, onde recebem a vacina, de forma segura e mantendo o distanciamento social.<\/p>\n<p>Segundo o secret\u00e1rio municipal de Sa\u00fade, Kleber Rosa, o munic\u00edpio recebeu 100% das doses para essa faixa et\u00e1ria. \u0093Convido todos a se vacinarem porque ir\u00e3o proteger a sua vida, al\u00e9m da vida de quem mais se ama\u0094, diz.<\/p>\n<p><a href=\"https:\/\/regiaonews.net.br\/2022\/wp-content\/uploads\/2021\/04\/b38d4e77-2f8c-49b8-88da-f9fd3eefe259-7.jpg\"><img loading=\"lazy\" decoding=\"async\" class=\"alignnone size-medium wp-image-45493\" src=\"https:\/\/regiaonews.net.br\/2022\/wp-content\/uploads\/2021\/04\/b38d4e77-2f8c-49b8-88da-f9fd3eefe259-7-300x300.jpg\" alt=\"\" width=\"300\" height=\"300\" \/><\/a><\/p>\n<p><strong>Novo hor\u00e1rio de vacina\u00e7\u00e3o nos postinhos<\/strong><\/p>\n<p>A vacina\u00e7\u00e3o acontece tamb\u00e9m nas unidades de sa\u00fade dos bairros, mas em hor\u00e1rio diferente: entre 07h e 13 horas. A altera\u00e7\u00e3o veio ap\u00f3s uma reuni\u00e3o realizada na sexta, dia 16, entre o secret\u00e1rio de Sa\u00fade e as equipes dos postinhos.<\/p>\n<p>Importante destacar que esse novo hor\u00e1rio \u00e9 apenas para a imuniza\u00e7\u00e3o contra a Covid-19. As demais vacinas de rotina continuam sendo aplicadas normalmente dentro do per\u00edodo de funcionamento das unidades de sa\u00fade.<\/p>\n<p>As unidades de sa\u00fade dos bairros s\u00e3o: Am\u00e9rica, Barretos 2, Mar\u00edlia e Pimenta tamb\u00e9m haver\u00e1 vacina\u00e7\u00e3o. J\u00e1 os pacientes pertencentes aos territ\u00f3rios de Estrat\u00e9gia de Sa\u00fade da Fam\u00edlia: Ibirapuera, Nova Barretos, CSU, Luis Spina, Cecapinha, Cristiano de Carvalho, Derby Clube, Los Angeles e S\u00e3o Francisco, receber\u00e3o as equipes de vacina\u00e7\u00e3o domiciliar. Pessoas acamadas devem agendar a vacina\u00e7\u00e3o pelo telefone: (17) 98210-2221.<\/p>\n<p><a href=\"https:\/\/regiaonews.net.br\/2022\/wp-content\/uploads\/2021\/04\/20210419_091427.jpg\"><img loading=\"lazy\" decoding=\"async\" class=\"alignnone size-medium wp-image-45466\" src=\"https:\/\/regiaonews.net.br\/2022\/wp-content\/uploads\/2021\/04\/20210419_091427-300x163.jpg\" alt=\"\" width=\"300\" height=\"163\" \/><\/a><\/p>\n<p>Para o secret\u00e1rio de sa\u00fade, o drive-thru \u00e9 a melhor forma de evitar aglomera\u00e7\u00f5es de pessoas em um s\u00f3 local. \u0093No drive-thru, cada um fica no seu carro, evitando assim aglomera\u00e7\u00e3o, que \u00e9 o que mais precisamos neste momento\u0094 refor\u00e7a.<\/p>\n<p>&#8220;A Prefeitura tem feito todos os esfor\u00e7os para vacinar as pessoas, conforme recebemos as vacinas do governo estadual. Nosso empenho e nossa luta para o combate \u00e0 prolifera\u00e7\u00e3o do Covid-19 \u00e9 incessante e incans\u00e1vel, pois colocamos as pessoas no centro do nosso governo e cuidamos das pessoas com afeto e carinho,&#8221; afirma a prefeita Paula Lemos.<\/p>\n<p><a href=\"https:\/\/regiaonews.net.br\/2022\/wp-content\/uploads\/2021\/04\/images-3.jpeg\"><img loading=\"lazy\" decoding=\"async\" class=\"alignnone size-full wp-image-45476\" src=\"https:\/\/regiaonews.net.br\/2022\/wp-content\/uploads\/2021\/04\/images-3.jpeg\" alt=\"\" width=\"225\" height=\"225\" \/><\/a><\/p>\n<p><strong>Vacina contra a Fome<\/strong><\/p>\n<p>Juntamente das a\u00e7\u00f5es de drive-thru de vacina\u00e7\u00e3o contra o Covid-19, segue a campanha de arrecada\u00e7\u00e3o de comida &#8220;Vacina contra a Fome\u0094. A proposta \u00e9 que cada pessoa vacinada doe um quilo de alimento n\u00e3o perec\u00edvel ou uma por\u00e7\u00e3o de ra\u00e7\u00e3o animal, que ser\u00e3o repassados a fam\u00edlias em situa\u00e7\u00e3o de vulnerabilidade. Haver\u00e1 um posto de coleta para os alimentos doados durante todo o drive-thru no Roch\u00e3o<\/p>\n<div style=\"width: 640px;\" class=\"wp-video\"><video class=\"wp-video-shortcode\" id=\"video-45495-1\" width=\"640\" height=\"360\" preload=\"metadata\" controls=\"controls\"><source type=\"video\/mp4\" src=\"https:\/\/regiaonews.net.br\/2022\/wp-content\/uploads\/2021\/04\/WhatsApp-Video-2021-04-19-at-13.58.25.mp4?_=1\" \/><a href=\"https:\/\/regiaonews.net.br\/2022\/wp-content\/uploads\/2021\/04\/WhatsApp-Video-2021-04-19-at-13.58.25.mp4\">https:\/\/regiaonews.net.br\/2022\/wp-content\/uploads\/2021\/04\/WhatsApp-Video-2021-04-19-at-13.58.25.mp4<\/a><\/video><\/div>\n<p><strong>Redator: Tom Oliveira\u00a0 <\/strong><strong>Fotos: Andr\u00e9 Monteiro<\/strong><\/p>\n","protected":false},"excerpt":{"rendered":"<p>A aplica\u00e7\u00e3o da primeira dose da vacina contra a Covid-19<\/p>\n","protected":false},"author":2,"featured_media":45496,"comment_status":"open","ping_status":"open","sticky":false,"template":"","format":"standard","meta":{"footnotes":""},"categories":[14,25],"tags":[],"class_list":["post-45495","post","type-post","status-publish","format-standard","has-post-thumbnail","hentry","category-barretos","category-cidades"],"yoast_head":"<!-- This site is optimized with the Yoast SEO plugin v27.4 - https:\/\/yoast.com\/product\/yoast-seo-wordpress\/ -->\n<title>Governo Paula Lemos promove drive-thru duplo para vacina\u00e7\u00e3o de 65\/66 anos - Regi\u00e3o News<\/title>\n<meta name=\"robots\" content=\"index, follow, max-snippet:-1, max-image-preview:large, max-video-preview:-1\" \/>\n<link rel=\"canonical\" href=\"https:\/\/regiaonews.net.br\/2022\/2021\/04\/19\/governo-paula-lemos-promove-drive-thru-duplo-para-vacinacao-de-65-66-anos\/\" \/>\n<meta property=\"og:locale\" content=\"pt_BR\" \/>\n<meta property=\"og:type\" content=\"article\" \/>\n<meta property=\"og:title\" content=\"Governo Paula Lemos promove drive-thru duplo para vacina\u00e7\u00e3o de 65\/66 anos - Regi\u00e3o News\" \/>\n<meta property=\"og:description\" content=\"A aplica\u00e7\u00e3o da primeira dose da vacina contra a Covid-19\" \/>\n<meta property=\"og:url\" content=\"https:\/\/regiaonews.net.br\/2022\/2021\/04\/19\/governo-paula-lemos-promove-drive-thru-duplo-para-vacinacao-de-65-66-anos\/\" \/>\n<meta property=\"og:site_name\" content=\"Regi\u00e3o News\" \/>\n<meta property=\"article:published_time\" content=\"2021-04-19T17:57:48+00:00\" \/>\n<meta property=\"article:modified_time\" content=\"2021-04-19T18:10:30+00:00\" \/>\n<meta property=\"og:image\" content=\"https:\/\/regiaonews.net.br\/2022\/wp-content\/uploads\/2021\/04\/f8001019649a60546745aa435769940c.jpg\" \/>\n\t<meta property=\"og:image:width\" content=\"1024\" \/>\n\t<meta property=\"og:image:height\" content=\"683\" \/>\n\t<meta property=\"og:image:type\" content=\"image\/jpeg\" \/>\n<meta name=\"author\" content=\"Roberto\" \/>\n<meta name=\"twitter:card\" content=\"summary_large_image\" \/>\n<meta name=\"twitter:label1\" content=\"Escrito por\" \/>\n\t<meta name=\"twitter:data1\" content=\"Roberto\" \/>\n\t<meta name=\"twitter:label2\" content=\"Est. tempo de leitura\" \/>\n\t<meta name=\"twitter:data2\" content=\"3 minutos\" \/>\n<script type=\"application\/ld+json\" class=\"yoast-schema-graph\">{\"@context\":\"https:\\\/\\\/schema.org\",\"@graph\":[{\"@type\":\"Article\",\"@id\":\"https:\\\/\\\/regiaonews.net.br\\\/2022\\\/2021\\\/04\\\/19\\\/governo-paula-lemos-promove-drive-thru-duplo-para-vacinacao-de-65-66-anos\\\/#article\",\"isPartOf\":{\"@id\":\"https:\\\/\\\/regiaonews.net.br\\\/2022\\\/2021\\\/04\\\/19\\\/governo-paula-lemos-promove-drive-thru-duplo-para-vacinacao-de-65-66-anos\\\/\"},\"author\":{\"name\":\"Roberto\",\"@id\":\"https:\\\/\\\/regiaonews.net.br\\\/2022\\\/#\\\/schema\\\/person\\\/2d205a608a5aa97ac279d7a5e6d89ad8\"},\"headline\":\"Governo Paula Lemos promove drive-thru duplo para vacina\u00e7\u00e3o de 65\\\/66 anos\",\"datePublished\":\"2021-04-19T17:57:48+00:00\",\"dateModified\":\"2021-04-19T18:10:30+00:00\",\"mainEntityOfPage\":{\"@id\":\"https:\\\/\\\/regiaonews.net.br\\\/2022\\\/2021\\\/04\\\/19\\\/governo-paula-lemos-promove-drive-thru-duplo-para-vacinacao-de-65-66-anos\\\/\"},\"wordCount\":534,\"commentCount\":0,\"publisher\":{\"@id\":\"https:\\\/\\\/regiaonews.net.br\\\/2022\\\/#organization\"},\"image\":{\"@id\":\"https:\\\/\\\/regiaonews.net.br\\\/2022\\\/2021\\\/04\\\/19\\\/governo-paula-lemos-promove-drive-thru-duplo-para-vacinacao-de-65-66-anos\\\/#primaryimage\"},\"thumbnailUrl\":\"https:\\\/\\\/regiaonews.net.br\\\/2022\\\/wp-content\\\/uploads\\\/2021\\\/04\\\/f8001019649a60546745aa435769940c.jpg\",\"articleSection\":[\"Barretos\",\"Cidades\"],\"inLanguage\":\"pt-BR\",\"potentialAction\":[{\"@type\":\"CommentAction\",\"name\":\"Comment\",\"target\":[\"https:\\\/\\\/regiaonews.net.br\\\/2022\\\/2021\\\/04\\\/19\\\/governo-paula-lemos-promove-drive-thru-duplo-para-vacinacao-de-65-66-anos\\\/#respond\"]}]},{\"@type\":\"WebPage\",\"@id\":\"https:\\\/\\\/regiaonews.net.br\\\/2022\\\/2021\\\/04\\\/19\\\/governo-paula-lemos-promove-drive-thru-duplo-para-vacinacao-de-65-66-anos\\\/\",\"url\":\"https:\\\/\\\/regiaonews.net.br\\\/2022\\\/2021\\\/04\\\/19\\\/governo-paula-lemos-promove-drive-thru-duplo-para-vacinacao-de-65-66-anos\\\/\",\"name\":\"Governo Paula Lemos promove drive-thru duplo para vacina\u00e7\u00e3o de 65\\\/66 anos - Regi\u00e3o News\",\"isPartOf\":{\"@id\":\"https:\\\/\\\/regiaonews.net.br\\\/2022\\\/#website\"},\"primaryImageOfPage\":{\"@id\":\"https:\\\/\\\/regiaonews.net.br\\\/2022\\\/2021\\\/04\\\/19\\\/governo-paula-lemos-promove-drive-thru-duplo-para-vacinacao-de-65-66-anos\\\/#primaryimage\"},\"image\":{\"@id\":\"https:\\\/\\\/regiaonews.net.br\\\/2022\\\/2021\\\/04\\\/19\\\/governo-paula-lemos-promove-drive-thru-duplo-para-vacinacao-de-65-66-anos\\\/#primaryimage\"},\"thumbnailUrl\":\"https:\\\/\\\/regiaonews.net.br\\\/2022\\\/wp-content\\\/uploads\\\/2021\\\/04\\\/f8001019649a60546745aa435769940c.jpg\",\"datePublished\":\"2021-04-19T17:57:48+00:00\",\"dateModified\":\"2021-04-19T18:10:30+00:00\",\"breadcrumb\":{\"@id\":\"https:\\\/\\\/regiaonews.net.br\\\/2022\\\/2021\\\/04\\\/19\\\/governo-paula-lemos-promove-drive-thru-duplo-para-vacinacao-de-65-66-anos\\\/#breadcrumb\"},\"inLanguage\":\"pt-BR\",\"potentialAction\":[{\"@type\":\"ReadAction\",\"target\":[\"https:\\\/\\\/regiaonews.net.br\\\/2022\\\/2021\\\/04\\\/19\\\/governo-paula-lemos-promove-drive-thru-duplo-para-vacinacao-de-65-66-anos\\\/\"]}]},{\"@type\":\"ImageObject\",\"inLanguage\":\"pt-BR\",\"@id\":\"https:\\\/\\\/regiaonews.net.br\\\/2022\\\/2021\\\/04\\\/19\\\/governo-paula-lemos-promove-drive-thru-duplo-para-vacinacao-de-65-66-anos\\\/#primaryimage\",\"url\":\"https:\\\/\\\/regiaonews.net.br\\\/2022\\\/wp-content\\\/uploads\\\/2021\\\/04\\\/f8001019649a60546745aa435769940c.jpg\",\"contentUrl\":\"https:\\\/\\\/regiaonews.net.br\\\/2022\\\/wp-content\\\/uploads\\\/2021\\\/04\\\/f8001019649a60546745aa435769940c.jpg\",\"width\":1024,\"height\":683},{\"@type\":\"BreadcrumbList\",\"@id\":\"https:\\\/\\\/regiaonews.net.br\\\/2022\\\/2021\\\/04\\\/19\\\/governo-paula-lemos-promove-drive-thru-duplo-para-vacinacao-de-65-66-anos\\\/#breadcrumb\",\"itemListElement\":[{\"@type\":\"ListItem\",\"position\":1,\"name\":\"In\u00edcio\",\"item\":\"https:\\\/\\\/regiaonews.net.br\\\/2022\\\/\"},{\"@type\":\"ListItem\",\"position\":2,\"name\":\"Governo Paula Lemos promove drive-thru duplo para vacina\u00e7\u00e3o de 65\\\/66 anos\"}]},{\"@type\":\"WebSite\",\"@id\":\"https:\\\/\\\/regiaonews.net.br\\\/2022\\\/#website\",\"url\":\"https:\\\/\\\/regiaonews.net.br\\\/2022\\\/\",\"name\":\"Regi\u00e3o News\",\"description\":\"Site de Not\u00edcias de Barretos e regi\u00e3o\",\"publisher\":{\"@id\":\"https:\\\/\\\/regiaonews.net.br\\\/2022\\\/#organization\"},\"potentialAction\":[{\"@type\":\"SearchAction\",\"target\":{\"@type\":\"EntryPoint\",\"urlTemplate\":\"https:\\\/\\\/regiaonews.net.br\\\/2022\\\/?s={search_term_string}\"},\"query-input\":{\"@type\":\"PropertyValueSpecification\",\"valueRequired\":true,\"valueName\":\"search_term_string\"}}],\"inLanguage\":\"pt-BR\"},{\"@type\":\"Organization\",\"@id\":\"https:\\\/\\\/regiaonews.net.br\\\/2022\\\/#organization\",\"name\":\"Regi\u00e3o News\",\"url\":\"https:\\\/\\\/regiaonews.net.br\\\/2022\\\/\",\"logo\":{\"@type\":\"ImageObject\",\"inLanguage\":\"pt-BR\",\"@id\":\"https:\\\/\\\/regiaonews.net.br\\\/2022\\\/#\\\/schema\\\/logo\\\/image\\\/\",\"url\":\"https:\\\/\\\/regiaonews.net.br\\\/2022\\\/wp-content\\\/uploads\\\/2026\\\/03\\\/regiao-13-anos-scaled.jpg\",\"contentUrl\":\"https:\\\/\\\/regiaonews.net.br\\\/2022\\\/wp-content\\\/uploads\\\/2026\\\/03\\\/regiao-13-anos-scaled.jpg\",\"width\":2560,\"height\":635,\"caption\":\"Regi\u00e3o News\"},\"image\":{\"@id\":\"https:\\\/\\\/regiaonews.net.br\\\/2022\\\/#\\\/schema\\\/logo\\\/image\\\/\"}},{\"@type\":\"Person\",\"@id\":\"https:\\\/\\\/regiaonews.net.br\\\/2022\\\/#\\\/schema\\\/person\\\/2d205a608a5aa97ac279d7a5e6d89ad8\",\"name\":\"Roberto\",\"image\":{\"@type\":\"ImageObject\",\"inLanguage\":\"pt-BR\",\"@id\":\"https:\\\/\\\/secure.gravatar.com\\\/avatar\\\/42749d8b712ff9d59ca93dc150494e5b55a44134482993f5baeb97e61b7ecc89?s=96&d=mm&r=g\",\"url\":\"https:\\\/\\\/secure.gravatar.com\\\/avatar\\\/42749d8b712ff9d59ca93dc150494e5b55a44134482993f5baeb97e61b7ecc89?s=96&d=mm&r=g\",\"contentUrl\":\"https:\\\/\\\/secure.gravatar.com\\\/avatar\\\/42749d8b712ff9d59ca93dc150494e5b55a44134482993f5baeb97e61b7ecc89?s=96&d=mm&r=g\",\"caption\":\"Roberto\"},\"url\":\"https:\\\/\\\/regiaonews.net.br\\\/2022\\\/author\\\/roberto\\\/\"}]}<\/script>\n<!-- \/ Yoast SEO plugin. -->","yoast_head_json":{"title":"Governo Paula Lemos promove drive-thru duplo para vacina\u00e7\u00e3o de 65\/66 anos - Regi\u00e3o News","robots":{"index":"index","follow":"follow","max-snippet":"max-snippet:-1","max-image-preview":"max-image-preview:large","max-video-preview":"max-video-preview:-1"},"canonical":"https:\/\/regiaonews.net.br\/2022\/2021\/04\/19\/governo-paula-lemos-promove-drive-thru-duplo-para-vacinacao-de-65-66-anos\/","og_locale":"pt_BR","og_type":"article","og_title":"Governo Paula Lemos promove drive-thru duplo para vacina\u00e7\u00e3o de 65\/66 anos - Regi\u00e3o News","og_description":"A aplica\u00e7\u00e3o da primeira dose da vacina contra a Covid-19","og_url":"https:\/\/regiaonews.net.br\/2022\/2021\/04\/19\/governo-paula-lemos-promove-drive-thru-duplo-para-vacinacao-de-65-66-anos\/","og_site_name":"Regi\u00e3o News","article_published_time":"2021-04-19T17:57:48+00:00","article_modified_time":"2021-04-19T18:10:30+00:00","og_image":[{"width":1024,"height":683,"url":"https:\/\/regiaonews.net.br\/2022\/wp-content\/uploads\/2021\/04\/f8001019649a60546745aa435769940c.jpg","type":"image\/jpeg"}],"author":"Roberto","twitter_card":"summary_large_image","twitter_misc":{"Escrito por":"Roberto","Est. tempo de leitura":"3 minutos"},"schema":{"@context":"https:\/\/schema.org","@graph":[{"@type":"Article","@id":"https:\/\/regiaonews.net.br\/2022\/2021\/04\/19\/governo-paula-lemos-promove-drive-thru-duplo-para-vacinacao-de-65-66-anos\/#article","isPartOf":{"@id":"https:\/\/regiaonews.net.br\/2022\/2021\/04\/19\/governo-paula-lemos-promove-drive-thru-duplo-para-vacinacao-de-65-66-anos\/"},"author":{"name":"Roberto","@id":"https:\/\/regiaonews.net.br\/2022\/#\/schema\/person\/2d205a608a5aa97ac279d7a5e6d89ad8"},"headline":"Governo Paula Lemos promove drive-thru duplo para vacina\u00e7\u00e3o de 65\/66 anos","datePublished":"2021-04-19T17:57:48+00:00","dateModified":"2021-04-19T18:10:30+00:00","mainEntityOfPage":{"@id":"https:\/\/regiaonews.net.br\/2022\/2021\/04\/19\/governo-paula-lemos-promove-drive-thru-duplo-para-vacinacao-de-65-66-anos\/"},"wordCount":534,"commentCount":0,"publisher":{"@id":"https:\/\/regiaonews.net.br\/2022\/#organization"},"image":{"@id":"https:\/\/regiaonews.net.br\/2022\/2021\/04\/19\/governo-paula-lemos-promove-drive-thru-duplo-para-vacinacao-de-65-66-anos\/#primaryimage"},"thumbnailUrl":"https:\/\/regiaonews.net.br\/2022\/wp-content\/uploads\/2021\/04\/f8001019649a60546745aa435769940c.jpg","articleSection":["Barretos","Cidades"],"inLanguage":"pt-BR","potentialAction":[{"@type":"CommentAction","name":"Comment","target":["https:\/\/regiaonews.net.br\/2022\/2021\/04\/19\/governo-paula-lemos-promove-drive-thru-duplo-para-vacinacao-de-65-66-anos\/#respond"]}]},{"@type":"WebPage","@id":"https:\/\/regiaonews.net.br\/2022\/2021\/04\/19\/governo-paula-lemos-promove-drive-thru-duplo-para-vacinacao-de-65-66-anos\/","url":"https:\/\/regiaonews.net.br\/2022\/2021\/04\/19\/governo-paula-lemos-promove-drive-thru-duplo-para-vacinacao-de-65-66-anos\/","name":"Governo Paula Lemos promove drive-thru duplo para vacina\u00e7\u00e3o de 65\/66 anos - Regi\u00e3o News","isPartOf":{"@id":"https:\/\/regiaonews.net.br\/2022\/#website"},"primaryImageOfPage":{"@id":"https:\/\/regiaonews.net.br\/2022\/2021\/04\/19\/governo-paula-lemos-promove-drive-thru-duplo-para-vacinacao-de-65-66-anos\/#primaryimage"},"image":{"@id":"https:\/\/regiaonews.net.br\/2022\/2021\/04\/19\/governo-paula-lemos-promove-drive-thru-duplo-para-vacinacao-de-65-66-anos\/#primaryimage"},"thumbnailUrl":"https:\/\/regiaonews.net.br\/2022\/wp-content\/uploads\/2021\/04\/f8001019649a60546745aa435769940c.jpg","datePublished":"2021-04-19T17:57:48+00:00","dateModified":"2021-04-19T18:10:30+00:00","breadcrumb":{"@id":"https:\/\/regiaonews.net.br\/2022\/2021\/04\/19\/governo-paula-lemos-promove-drive-thru-duplo-para-vacinacao-de-65-66-anos\/#breadcrumb"},"inLanguage":"pt-BR","potentialAction":[{"@type":"ReadAction","target":["https:\/\/regiaonews.net.br\/2022\/2021\/04\/19\/governo-paula-lemos-promove-drive-thru-duplo-para-vacinacao-de-65-66-anos\/"]}]},{"@type":"ImageObject","inLanguage":"pt-BR","@id":"https:\/\/regiaonews.net.br\/2022\/2021\/04\/19\/governo-paula-lemos-promove-drive-thru-duplo-para-vacinacao-de-65-66-anos\/#primaryimage","url":"https:\/\/regiaonews.net.br\/2022\/wp-content\/uploads\/2021\/04\/f8001019649a60546745aa435769940c.jpg","contentUrl":"https:\/\/regiaonews.net.br\/2022\/wp-content\/uploads\/2021\/04\/f8001019649a60546745aa435769940c.jpg","width":1024,"height":683},{"@type":"BreadcrumbList","@id":"https:\/\/regiaonews.net.br\/2022\/2021\/04\/19\/governo-paula-lemos-promove-drive-thru-duplo-para-vacinacao-de-65-66-anos\/#breadcrumb","itemListElement":[{"@type":"ListItem","position":1,"name":"In\u00edcio","item":"https:\/\/regiaonews.net.br\/2022\/"},{"@type":"ListItem","position":2,"name":"Governo Paula Lemos promove drive-thru duplo para vacina\u00e7\u00e3o de 65\/66 anos"}]},{"@type":"WebSite","@id":"https:\/\/regiaonews.net.br\/2022\/#website","url":"https:\/\/regiaonews.net.br\/2022\/","name":"Regi\u00e3o News","description":"Site de Not\u00edcias de Barretos e regi\u00e3o","publisher":{"@id":"https:\/\/regiaonews.net.br\/2022\/#organization"},"potentialAction":[{"@type":"SearchAction","target":{"@type":"EntryPoint","urlTemplate":"https:\/\/regiaonews.net.br\/2022\/?s={search_term_string}"},"query-input":{"@type":"PropertyValueSpecification","valueRequired":true,"valueName":"search_term_string"}}],"inLanguage":"pt-BR"},{"@type":"Organization","@id":"https:\/\/regiaonews.net.br\/2022\/#organization","name":"Regi\u00e3o News","url":"https:\/\/regiaonews.net.br\/2022\/","logo":{"@type":"ImageObject","inLanguage":"pt-BR","@id":"https:\/\/regiaonews.net.br\/2022\/#\/schema\/logo\/image\/","url":"https:\/\/regiaonews.net.br\/2022\/wp-content\/uploads\/2026\/03\/regiao-13-anos-scaled.jpg","contentUrl":"https:\/\/regiaonews.net.br\/2022\/wp-content\/uploads\/2026\/03\/regiao-13-anos-scaled.jpg","width":2560,"height":635,"caption":"Regi\u00e3o News"},"image":{"@id":"https:\/\/regiaonews.net.br\/2022\/#\/schema\/logo\/image\/"}},{"@type":"Person","@id":"https:\/\/regiaonews.net.br\/2022\/#\/schema\/person\/2d205a608a5aa97ac279d7a5e6d89ad8","name":"Roberto","image":{"@type":"ImageObject","inLanguage":"pt-BR","@id":"https:\/\/secure.gravatar.com\/avatar\/42749d8b712ff9d59ca93dc150494e5b55a44134482993f5baeb97e61b7ecc89?s=96&d=mm&r=g","url":"https:\/\/secure.gravatar.com\/avatar\/42749d8b712ff9d59ca93dc150494e5b55a44134482993f5baeb97e61b7ecc89?s=96&d=mm&r=g","contentUrl":"https:\/\/secure.gravatar.com\/avatar\/42749d8b712ff9d59ca93dc150494e5b55a44134482993f5baeb97e61b7ecc89?s=96&d=mm&r=g","caption":"Roberto"},"url":"https:\/\/regiaonews.net.br\/2022\/author\/roberto\/"}]}},"publishpress_future_action":{"enabled":false,"date":"2026-05-04 05:04:39","action":"change-status","newStatus":"draft","terms":[],"taxonomy":"category","extraData":[]},"publishpress_future_workflow_manual_trigger":{"enabledWorkflows":[]},"_links":{"self":[{"href":"https:\/\/regiaonews.net.br\/2022\/wp-json\/wp\/v2\/posts\/45495","targetHints":{"allow":["GET"]}}],"collection":[{"href":"https:\/\/regiaonews.net.br\/2022\/wp-json\/wp\/v2\/posts"}],"about":[{"href":"https:\/\/regiaonews.net.br\/2022\/wp-json\/wp\/v2\/types\/post"}],"author":[{"embeddable":true,"href":"https:\/\/regiaonews.net.br\/2022\/wp-json\/wp\/v2\/users\/2"}],"replies":[{"embeddable":true,"href":"https:\/\/regiaonews.net.br\/2022\/wp-json\/wp\/v2\/comments?post=45495"}],"version-history":[{"count":0,"href":"https:\/\/regiaonews.net.br\/2022\/wp-json\/wp\/v2\/posts\/45495\/revisions"}],"wp:featuredmedia":[{"embeddable":true,"href":"https:\/\/regiaonews.net.br\/2022\/wp-json\/wp\/v2\/media\/45496"}],"wp:attachment":[{"href":"https:\/\/regiaonews.net.br\/2022\/wp-json\/wp\/v2\/media?parent=45495"}],"wp:term":[{"taxonomy":"category","embeddable":true,"href":"https:\/\/regiaonews.net.br\/2022\/wp-json\/wp\/v2\/categories?post=45495"},{"taxonomy":"post_tag","embeddable":true,"href":"https:\/\/regiaonews.net.br\/2022\/wp-json\/wp\/v2\/tags?post=45495"}],"curies":[{"name":"wp","href":"https:\/\/api.w.org\/{rel}","templated":true}]}}