{"id":45477,"date":"2021-04-19T12:20:45","date_gmt":"2021-04-19T15:20:45","guid":{"rendered":"https:\/\/regiaonews.net.br\/2022\/?p=45477"},"modified":"2021-04-19T14:25:55","modified_gmt":"2021-04-19T17:25:55","slug":"mulheres-que-perderam-emprego-na-pandemia-recorrem-a-prostituicao-em-sp","status":"publish","type":"post","link":"https:\/\/regiaonews.net.br\/2022\/2021\/04\/19\/mulheres-que-perderam-emprego-na-pandemia-recorrem-a-prostituicao-em-sp\/","title":{"rendered":"Mulheres que perderam emprego na pandemia recorrem \u00e0 prostitui\u00e7\u00e3o em SP"},"content":{"rendered":"<p><a href=\"https:\/\/regiaonews.net.br\/2022\/wp-content\/uploads\/2021\/04\/etapaextra-amarok-1080x1080_Prancheta-1.jpg\"><img loading=\"lazy\" decoding=\"async\" class=\"alignnone size-medium wp-image-45473\" src=\"https:\/\/regiaonews.net.br\/2022\/wp-content\/uploads\/2021\/04\/etapaextra-amarok-1080x1080_Prancheta-1-300x300.jpg\" alt=\"\" width=\"300\" height=\"300\" \/><\/a><\/p>\n<p><a href=\"https:\/\/regiaonews.net.br\/2022\/wp-content\/uploads\/2021\/04\/mirella-comecou-a-se-prostituir-nos-ultimos-meses-para-ajudar-a-pagar-uma-divida-com-agiota-1618666824030_v2_750x421.jpg\"><img loading=\"lazy\" decoding=\"async\" class=\"alignnone size-medium wp-image-45478\" src=\"https:\/\/regiaonews.net.br\/2022\/wp-content\/uploads\/2021\/04\/mirella-comecou-a-se-prostituir-nos-ultimos-meses-para-ajudar-a-pagar-uma-divida-com-agiota-1618666824030_v2_750x421-300x168.jpg\" alt=\"\" width=\"300\" height=\"168\" \/><\/a><\/p>\n<p>Imagem: Keiny Andrade\/UOL<\/p>\n<p>Quando a mis\u00e9ria prevalece e o filho chora de fome, certos constrangimentos se dissolvem. Em S\u00e3o Paulo, tem mulher se deitando com desconhecido por R$ 50. A engrenagem da desgra\u00e7a come\u00e7a com com\u00e9rcio fechado pela pandemia, perda do emprego, d\u00edvidas e geladeira vazia. Aconteceu com uma vendedora de 21 anos que trabalhava numa loja do Br\u00e1s, em que n\u00e3o vigorava a CLT. A mo\u00e7a sem direitos trabalhistas tinha um beb\u00ea com bronquite. O que ela n\u00e3o tinha era fralda e leite.<\/p>\n<p><a href=\"https:\/\/regiaonews.net.br\/2022\/wp-content\/uploads\/2021\/04\/33d927d6-6197-43d7-89ca-d7440b866f35-7.jpg\"><img loading=\"lazy\" decoding=\"async\" class=\"alignnone size-medium wp-image-45458\" src=\"https:\/\/regiaonews.net.br\/2022\/wp-content\/uploads\/2021\/04\/33d927d6-6197-43d7-89ca-d7440b866f35-7-300x298.jpg\" alt=\"\" width=\"300\" height=\"298\" \/><\/a><\/p>\n<p>A vendedora resistiu o quanto p\u00f4de, mas choro de filho dispara um alarme. Fazer programa n\u00e3o era indigno. Errado seria deixar o menino de seis meses passar necessidade. Foi com esse racioc\u00ednio que, em abril de 2020, &#8220;nasceu&#8221; P\u00e2mela Cristina, nome de guerra escolhido pela prostituta de shorts jeans e camiseta branca que bate ponto na esquina da esta\u00e7\u00e3o da Luz a partir das 10 horas da manh\u00e3.<\/p>\n<p><a href=\"https:\/\/regiaonews.net.br\/2022\/wp-content\/uploads\/2021\/04\/images-3.jpeg\"><img loading=\"lazy\" decoding=\"async\" class=\"alignnone size-full wp-image-45476\" src=\"https:\/\/regiaonews.net.br\/2022\/wp-content\/uploads\/2021\/04\/images-3.jpeg\" alt=\"\" width=\"225\" height=\"225\" \/><\/a><\/p>\n<p>P\u00e2mela entrou no submundo por meio de uma amiga de inf\u00e2ncia que cresceu com ela num bairro da zona leste de S\u00e3o Paulo. Com o apadrinhamento, garantiu um lugar na cal\u00e7ada sem hostilidades das demais garotas que trabalham na regi\u00e3o. Na data combinada, P\u00e2mela se apresentou maquiada, vestindo cal\u00e7a jeans e a blusa cropped mais curta que tinha no guarda-roupa. Ainda no caminho para a esquina, aconteceu o que ela temia \u2014 um homem perguntou se fazia programa. Respondeu que n\u00e3o, mas a amiga entrou na conversa. &#8220;Faz, sim.&#8221;P\u00e2mela pediu R$ 70, valor acima do pre\u00e7o tabelado de R$ 50. O cliente pagou. &#8220;Fomos para um desses hoteizinhos que tem na Luz. No caminho, eu pensava em desistir e que precisava da grana. Ele entrou no quarto e tirou a roupa. Fiquei chocada. Meio que tirei parte da roupa e falei: &#8216;S\u00f3 chupo de camisinha&#8217;. Transamos, tomei banho e fui embora me sentindo suja, mas feliz com o dinheiro.&#8221; As imedia\u00e7\u00f5es da esta\u00e7\u00e3o da Luz est\u00e3o dentro da \u00e1rea da cracol\u00e2ndia. Nas suas cal\u00e7adas d\u00e1 para conseguir drogas e prostitutas, mas a maioria das mulheres tem idade avan\u00e7ada. P\u00e2mela era novidade e muito mais jovem. Bastante requisitada, logo estava fazendo R$ 500 por dia.<\/p>\n<p><a href=\"https:\/\/regiaonews.net.br\/2022\/wp-content\/uploads\/2021\/04\/b38d4e77-2f8c-49b8-88da-f9fd3eefe259-7.jpg\"><img loading=\"lazy\" decoding=\"async\" class=\"alignnone size-medium wp-image-45493\" src=\"https:\/\/regiaonews.net.br\/2022\/wp-content\/uploads\/2021\/04\/b38d4e77-2f8c-49b8-88da-f9fd3eefe259-7-300x300.jpg\" alt=\"\" width=\"300\" height=\"300\" \/><\/a><\/p>\n<p>O valor endireitou as contas dom\u00e9sticas. Ainda na gravidez, a garota se separou de um ajudante de pedreiro. Sem servi\u00e7o no come\u00e7o da pandemia, ele conseguia enviar coisa como R$ 50 para o beb\u00ea por semana. Depois que P\u00e2mela decidiu se prostituir, o combinado foi a m\u00e3e sustentar a crian\u00e7a e o pai cuidar do filho. Hoje, os rendimentos n\u00e3o repetem o sucesso das primeiras semanas, mas s\u00e3o suficientes para bancar o filho. A garota n\u00e3o entrega dinheiro ao ex. Leva compras, roupas, cal\u00e7ados e brinquedos.<\/p>\n<p><a href=\"https:\/\/regiaonews.net.br\/2022\/wp-content\/uploads\/2021\/04\/20210419_091407.jpg\"><img loading=\"lazy\" decoding=\"async\" class=\"alignnone size-medium wp-image-45464\" src=\"https:\/\/regiaonews.net.br\/2022\/wp-content\/uploads\/2021\/04\/20210419_091407-300x161.jpg\" alt=\"\" width=\"300\" height=\"161\" \/><\/a><\/p>\n<p>Esc\u00e2ndalo na fam\u00edlia<\/p>\n<p>Assim que perdeu o emprego no Br\u00e1s, P\u00e2mela tentou vaga nas lojas do centro de S\u00e3o Paulo. Quando come\u00e7ou a se prostituir, combinou as duas atividades. Pela manh\u00e3, entregava curr\u00edculos; \u00e0 tarde, fazia programas. Ela tamb\u00e9m foi levada a boates, mas n\u00e3o gostou da experi\u00eancia. &#8220;L\u00e1, voc\u00ea trabalha cafetinada e fica s\u00f3 com parte do dinheiro. Na rua, tudo que eu ganho \u00e9 meu.&#8221;<\/p>\n<p><a href=\"https:\/\/regiaonews.net.br\/2022\/wp-content\/uploads\/2021\/04\/20210419_091427.jpg\"><img loading=\"lazy\" decoding=\"async\" class=\"alignnone size-medium wp-image-45466\" src=\"https:\/\/regiaonews.net.br\/2022\/wp-content\/uploads\/2021\/04\/20210419_091427-300x163.jpg\" alt=\"\" width=\"300\" height=\"163\" \/><\/a><\/p>\n<p>P\u00e2mela se fixou na Luz e a decis\u00e3o causou sequelas familiares. A m\u00e3e n\u00e3o falou nada, mas usou o WhatsApp para agir, causando um barraco digno de programa de fofoca vespertino. &#8220;Ela veio at\u00e9 aqui [Luz], tirou fotos de mim fazendo ponto e mandou para o meu pai. Ele me mandou uma mensagem dizendo: &#8216;Voc\u00ea t\u00e1 se prostituindo? Me conta isso direito para eu n\u00e3o te matar&#8217;. A gente ficou dois meses sem se falar.&#8221; Quando o pai aceitou conversar, ouviu o relato da pen\u00faria que a filha e o neto estavam vivendo. O assunto foi colocado embaixo do tapete. P\u00e2mela tem uma fam\u00edlia que prefere se enganar e n\u00e3o toca no assunto. A garota tamb\u00e9m tem seus dramas com que lidar. Criada na Congrega\u00e7\u00e3o Crist\u00e3 do Brasil at\u00e9 os 12 anos, ela tocava \u00f3rg\u00e3o nos cultos e ajudava na limpeza da igreja. O passado religioso gerou um choque de valores. Mas a repeti\u00e7\u00e3o das idas aos quartos dos hot\u00e9is amenizou a crise moral. Hoje, P\u00e2mela conta que n\u00e3o sente vergonha. Mas admite que recorre a v\u00e1lvulas de escape. Junto com a amiga de inf\u00e2ncia, queima at\u00e9 20 gramas de maconha por dia. A realidade \u00e9 dura, mas poderia ser pior. Quando estava sem leite e fralda para o filho, ela avaliou as possibilidades que estavam \u00e0 disposi\u00e7\u00e3o: prostitui\u00e7\u00e3o, roubar ou traficar. A garota explica que, na quebrada onde nasceu, sabe de pessoas que poderiam providenciar meios para as duas atividades criminosas. &#8220;Eu pensei que dava dinheiro, mas n\u00e3o dava futuro. Eu ia ser presa e acabaria longe do meu filho.&#8221; A pandemia imp\u00f4s a P\u00e2mela uma realidade em que a prostitui\u00e7\u00e3o era a alternativa com menos efeitos colaterais. Ela s\u00f3 espera que n\u00e3o esteja contaminada pelo submundo a ponto de n\u00e3o querer voltar a ser vendedora. A preocupa\u00e7\u00e3o existe, porque os rendimentos s\u00e3o bons e o asco ao ser tocada por estranhos desapareceu.<\/p>\n<p><a href=\"https:\/\/regiaonews.net.br\/2022\/wp-content\/uploads\/2021\/04\/20210419_090737.jpg\"><img loading=\"lazy\" decoding=\"async\" class=\"alignnone size-medium wp-image-45460\" src=\"https:\/\/regiaonews.net.br\/2022\/wp-content\/uploads\/2021\/04\/20210419_090737-300x300.jpg\" alt=\"\" width=\"300\" height=\"300\" \/><\/a><\/p>\n<p>&nbsp;<\/p>\n<p>Mirella* come\u00e7ou a se prostituir nos \u00faltimos meses para ajudar a pagar uma d\u00edvida com agiota<\/p>\n<p>Medo do agiota O ano de 2021 come\u00e7ou complicado na casa da cabeleireira Mirella, 40 anos. O fornecimento de cesta b\u00e1sica terminara e ela e o marido passaram dezembro comendo s\u00f3 arroz com feij\u00e3o. Foi o card\u00e1pio at\u00e9 da ceia de Natal. A dieta limitada n\u00e3o impediu que a luz fosse cortada em janeiro. A conta d&#8217;\u00e1gua tamb\u00e9m estava atrasada. Pior de tudo: pela primeira vez, desde o come\u00e7o da pandemia, n\u00e3o havia R$ 700 para pagar o aluguel. O risco de serem despejados mudou de patamar. Passou de uma preocupa\u00e7\u00e3o distante para uma possibilidade. Dormir na rua apavorava Mirella. O medo de roubo, estupro e assassinato fez apelar para um agiota. Com os R$ 1 mil recebidos, a cabeleireira pagou &#8230; &#8211; Veja mais em https:\/\/tab.uol.com.br\/noticias\/redacao\/2021\/04\/19\/desempregadas-pela-pandemia-mulheres-recorrem-a-prostituicao-em-sao-paulo.htm?cmpid=copiaecola<\/p>\n<p>fonte : UOL<\/p>\n","protected":false},"excerpt":{"rendered":"<p>Imagem: Keiny Andrade\/UOL Quando a mis\u00e9ria prevalece e o filho<\/p>\n","protected":false},"author":2,"featured_media":45478,"comment_status":"open","ping_status":"open","sticky":false,"template":"","format":"standard","meta":{"footnotes":""},"categories":[25,29],"tags":[],"class_list":["post-45477","post","type-post","status-publish","format-standard","has-post-thumbnail","hentry","category-cidades","category-sao-paulo"],"yoast_head":"<!-- This site is optimized with the Yoast SEO plugin v27.4 - https:\/\/yoast.com\/product\/yoast-seo-wordpress\/ -->\n<title>Mulheres que perderam emprego na pandemia recorrem \u00e0 prostitui\u00e7\u00e3o em SP - Regi\u00e3o News<\/title>\n<meta name=\"robots\" content=\"index, follow, max-snippet:-1, max-image-preview:large, max-video-preview:-1\" \/>\n<link rel=\"canonical\" href=\"https:\/\/regiaonews.net.br\/2022\/2021\/04\/19\/mulheres-que-perderam-emprego-na-pandemia-recorrem-a-prostituicao-em-sp\/\" \/>\n<meta property=\"og:locale\" content=\"pt_BR\" \/>\n<meta property=\"og:type\" content=\"article\" \/>\n<meta property=\"og:title\" content=\"Mulheres que perderam emprego na pandemia recorrem \u00e0 prostitui\u00e7\u00e3o em SP - Regi\u00e3o News\" \/>\n<meta property=\"og:description\" content=\"Imagem: Keiny Andrade\/UOL Quando a mis\u00e9ria prevalece e o filho\" \/>\n<meta property=\"og:url\" content=\"https:\/\/regiaonews.net.br\/2022\/2021\/04\/19\/mulheres-que-perderam-emprego-na-pandemia-recorrem-a-prostituicao-em-sp\/\" \/>\n<meta property=\"og:site_name\" content=\"Regi\u00e3o News\" \/>\n<meta property=\"article:published_time\" content=\"2021-04-19T15:20:45+00:00\" \/>\n<meta property=\"article:modified_time\" content=\"2021-04-19T17:25:55+00:00\" \/>\n<meta property=\"og:image\" content=\"https:\/\/regiaonews.net.br\/2022\/wp-content\/uploads\/2021\/04\/mirella-comecou-a-se-prostituir-nos-ultimos-meses-para-ajudar-a-pagar-uma-divida-com-agiota-1618666824030_v2_750x421.jpg\" \/>\n\t<meta property=\"og:image:width\" content=\"750\" \/>\n\t<meta property=\"og:image:height\" content=\"421\" \/>\n\t<meta property=\"og:image:type\" content=\"image\/jpeg\" \/>\n<meta name=\"author\" content=\"Roberto\" \/>\n<meta name=\"twitter:card\" content=\"summary_large_image\" \/>\n<meta name=\"twitter:label1\" content=\"Escrito por\" \/>\n\t<meta name=\"twitter:data1\" content=\"Roberto\" \/>\n\t<meta name=\"twitter:label2\" content=\"Est. tempo de leitura\" \/>\n\t<meta name=\"twitter:data2\" content=\"5 minutos\" \/>\n<script type=\"application\/ld+json\" class=\"yoast-schema-graph\">{\"@context\":\"https:\\\/\\\/schema.org\",\"@graph\":[{\"@type\":\"Article\",\"@id\":\"https:\\\/\\\/regiaonews.net.br\\\/2022\\\/2021\\\/04\\\/19\\\/mulheres-que-perderam-emprego-na-pandemia-recorrem-a-prostituicao-em-sp\\\/#article\",\"isPartOf\":{\"@id\":\"https:\\\/\\\/regiaonews.net.br\\\/2022\\\/2021\\\/04\\\/19\\\/mulheres-que-perderam-emprego-na-pandemia-recorrem-a-prostituicao-em-sp\\\/\"},\"author\":{\"name\":\"Roberto\",\"@id\":\"https:\\\/\\\/regiaonews.net.br\\\/2022\\\/#\\\/schema\\\/person\\\/2d205a608a5aa97ac279d7a5e6d89ad8\"},\"headline\":\"Mulheres que perderam emprego na pandemia recorrem \u00e0 prostitui\u00e7\u00e3o em SP\",\"datePublished\":\"2021-04-19T15:20:45+00:00\",\"dateModified\":\"2021-04-19T17:25:55+00:00\",\"mainEntityOfPage\":{\"@id\":\"https:\\\/\\\/regiaonews.net.br\\\/2022\\\/2021\\\/04\\\/19\\\/mulheres-que-perderam-emprego-na-pandemia-recorrem-a-prostituicao-em-sp\\\/\"},\"wordCount\":1064,\"commentCount\":0,\"publisher\":{\"@id\":\"https:\\\/\\\/regiaonews.net.br\\\/2022\\\/#organization\"},\"image\":{\"@id\":\"https:\\\/\\\/regiaonews.net.br\\\/2022\\\/2021\\\/04\\\/19\\\/mulheres-que-perderam-emprego-na-pandemia-recorrem-a-prostituicao-em-sp\\\/#primaryimage\"},\"thumbnailUrl\":\"https:\\\/\\\/regiaonews.net.br\\\/2022\\\/wp-content\\\/uploads\\\/2021\\\/04\\\/mirella-comecou-a-se-prostituir-nos-ultimos-meses-para-ajudar-a-pagar-uma-divida-com-agiota-1618666824030_v2_750x421.jpg\",\"articleSection\":[\"Cidades\",\"S\u00e3o Paulo\"],\"inLanguage\":\"pt-BR\",\"potentialAction\":[{\"@type\":\"CommentAction\",\"name\":\"Comment\",\"target\":[\"https:\\\/\\\/regiaonews.net.br\\\/2022\\\/2021\\\/04\\\/19\\\/mulheres-que-perderam-emprego-na-pandemia-recorrem-a-prostituicao-em-sp\\\/#respond\"]}]},{\"@type\":\"WebPage\",\"@id\":\"https:\\\/\\\/regiaonews.net.br\\\/2022\\\/2021\\\/04\\\/19\\\/mulheres-que-perderam-emprego-na-pandemia-recorrem-a-prostituicao-em-sp\\\/\",\"url\":\"https:\\\/\\\/regiaonews.net.br\\\/2022\\\/2021\\\/04\\\/19\\\/mulheres-que-perderam-emprego-na-pandemia-recorrem-a-prostituicao-em-sp\\\/\",\"name\":\"Mulheres que perderam emprego na pandemia recorrem \u00e0 prostitui\u00e7\u00e3o em SP - Regi\u00e3o News\",\"isPartOf\":{\"@id\":\"https:\\\/\\\/regiaonews.net.br\\\/2022\\\/#website\"},\"primaryImageOfPage\":{\"@id\":\"https:\\\/\\\/regiaonews.net.br\\\/2022\\\/2021\\\/04\\\/19\\\/mulheres-que-perderam-emprego-na-pandemia-recorrem-a-prostituicao-em-sp\\\/#primaryimage\"},\"image\":{\"@id\":\"https:\\\/\\\/regiaonews.net.br\\\/2022\\\/2021\\\/04\\\/19\\\/mulheres-que-perderam-emprego-na-pandemia-recorrem-a-prostituicao-em-sp\\\/#primaryimage\"},\"thumbnailUrl\":\"https:\\\/\\\/regiaonews.net.br\\\/2022\\\/wp-content\\\/uploads\\\/2021\\\/04\\\/mirella-comecou-a-se-prostituir-nos-ultimos-meses-para-ajudar-a-pagar-uma-divida-com-agiota-1618666824030_v2_750x421.jpg\",\"datePublished\":\"2021-04-19T15:20:45+00:00\",\"dateModified\":\"2021-04-19T17:25:55+00:00\",\"breadcrumb\":{\"@id\":\"https:\\\/\\\/regiaonews.net.br\\\/2022\\\/2021\\\/04\\\/19\\\/mulheres-que-perderam-emprego-na-pandemia-recorrem-a-prostituicao-em-sp\\\/#breadcrumb\"},\"inLanguage\":\"pt-BR\",\"potentialAction\":[{\"@type\":\"ReadAction\",\"target\":[\"https:\\\/\\\/regiaonews.net.br\\\/2022\\\/2021\\\/04\\\/19\\\/mulheres-que-perderam-emprego-na-pandemia-recorrem-a-prostituicao-em-sp\\\/\"]}]},{\"@type\":\"ImageObject\",\"inLanguage\":\"pt-BR\",\"@id\":\"https:\\\/\\\/regiaonews.net.br\\\/2022\\\/2021\\\/04\\\/19\\\/mulheres-que-perderam-emprego-na-pandemia-recorrem-a-prostituicao-em-sp\\\/#primaryimage\",\"url\":\"https:\\\/\\\/regiaonews.net.br\\\/2022\\\/wp-content\\\/uploads\\\/2021\\\/04\\\/mirella-comecou-a-se-prostituir-nos-ultimos-meses-para-ajudar-a-pagar-uma-divida-com-agiota-1618666824030_v2_750x421.jpg\",\"contentUrl\":\"https:\\\/\\\/regiaonews.net.br\\\/2022\\\/wp-content\\\/uploads\\\/2021\\\/04\\\/mirella-comecou-a-se-prostituir-nos-ultimos-meses-para-ajudar-a-pagar-uma-divida-com-agiota-1618666824030_v2_750x421.jpg\",\"width\":750,\"height\":421},{\"@type\":\"BreadcrumbList\",\"@id\":\"https:\\\/\\\/regiaonews.net.br\\\/2022\\\/2021\\\/04\\\/19\\\/mulheres-que-perderam-emprego-na-pandemia-recorrem-a-prostituicao-em-sp\\\/#breadcrumb\",\"itemListElement\":[{\"@type\":\"ListItem\",\"position\":1,\"name\":\"In\u00edcio\",\"item\":\"https:\\\/\\\/regiaonews.net.br\\\/2022\\\/\"},{\"@type\":\"ListItem\",\"position\":2,\"name\":\"Mulheres que perderam emprego na pandemia recorrem \u00e0 prostitui\u00e7\u00e3o em SP\"}]},{\"@type\":\"WebSite\",\"@id\":\"https:\\\/\\\/regiaonews.net.br\\\/2022\\\/#website\",\"url\":\"https:\\\/\\\/regiaonews.net.br\\\/2022\\\/\",\"name\":\"Regi\u00e3o News\",\"description\":\"Site de Not\u00edcias de Barretos e regi\u00e3o\",\"publisher\":{\"@id\":\"https:\\\/\\\/regiaonews.net.br\\\/2022\\\/#organization\"},\"potentialAction\":[{\"@type\":\"SearchAction\",\"target\":{\"@type\":\"EntryPoint\",\"urlTemplate\":\"https:\\\/\\\/regiaonews.net.br\\\/2022\\\/?s={search_term_string}\"},\"query-input\":{\"@type\":\"PropertyValueSpecification\",\"valueRequired\":true,\"valueName\":\"search_term_string\"}}],\"inLanguage\":\"pt-BR\"},{\"@type\":\"Organization\",\"@id\":\"https:\\\/\\\/regiaonews.net.br\\\/2022\\\/#organization\",\"name\":\"Regi\u00e3o News\",\"url\":\"https:\\\/\\\/regiaonews.net.br\\\/2022\\\/\",\"logo\":{\"@type\":\"ImageObject\",\"inLanguage\":\"pt-BR\",\"@id\":\"https:\\\/\\\/regiaonews.net.br\\\/2022\\\/#\\\/schema\\\/logo\\\/image\\\/\",\"url\":\"https:\\\/\\\/regiaonews.net.br\\\/2022\\\/wp-content\\\/uploads\\\/2026\\\/03\\\/regiao-13-anos-scaled.jpg\",\"contentUrl\":\"https:\\\/\\\/regiaonews.net.br\\\/2022\\\/wp-content\\\/uploads\\\/2026\\\/03\\\/regiao-13-anos-scaled.jpg\",\"width\":2560,\"height\":635,\"caption\":\"Regi\u00e3o News\"},\"image\":{\"@id\":\"https:\\\/\\\/regiaonews.net.br\\\/2022\\\/#\\\/schema\\\/logo\\\/image\\\/\"}},{\"@type\":\"Person\",\"@id\":\"https:\\\/\\\/regiaonews.net.br\\\/2022\\\/#\\\/schema\\\/person\\\/2d205a608a5aa97ac279d7a5e6d89ad8\",\"name\":\"Roberto\",\"image\":{\"@type\":\"ImageObject\",\"inLanguage\":\"pt-BR\",\"@id\":\"https:\\\/\\\/secure.gravatar.com\\\/avatar\\\/42749d8b712ff9d59ca93dc150494e5b55a44134482993f5baeb97e61b7ecc89?s=96&d=mm&r=g\",\"url\":\"https:\\\/\\\/secure.gravatar.com\\\/avatar\\\/42749d8b712ff9d59ca93dc150494e5b55a44134482993f5baeb97e61b7ecc89?s=96&d=mm&r=g\",\"contentUrl\":\"https:\\\/\\\/secure.gravatar.com\\\/avatar\\\/42749d8b712ff9d59ca93dc150494e5b55a44134482993f5baeb97e61b7ecc89?s=96&d=mm&r=g\",\"caption\":\"Roberto\"},\"url\":\"https:\\\/\\\/regiaonews.net.br\\\/2022\\\/author\\\/roberto\\\/\"}]}<\/script>\n<!-- \/ Yoast SEO plugin. -->","yoast_head_json":{"title":"Mulheres que perderam emprego na pandemia recorrem \u00e0 prostitui\u00e7\u00e3o em SP - Regi\u00e3o News","robots":{"index":"index","follow":"follow","max-snippet":"max-snippet:-1","max-image-preview":"max-image-preview:large","max-video-preview":"max-video-preview:-1"},"canonical":"https:\/\/regiaonews.net.br\/2022\/2021\/04\/19\/mulheres-que-perderam-emprego-na-pandemia-recorrem-a-prostituicao-em-sp\/","og_locale":"pt_BR","og_type":"article","og_title":"Mulheres que perderam emprego na pandemia recorrem \u00e0 prostitui\u00e7\u00e3o em SP - Regi\u00e3o News","og_description":"Imagem: Keiny Andrade\/UOL Quando a mis\u00e9ria prevalece e o filho","og_url":"https:\/\/regiaonews.net.br\/2022\/2021\/04\/19\/mulheres-que-perderam-emprego-na-pandemia-recorrem-a-prostituicao-em-sp\/","og_site_name":"Regi\u00e3o News","article_published_time":"2021-04-19T15:20:45+00:00","article_modified_time":"2021-04-19T17:25:55+00:00","og_image":[{"width":750,"height":421,"url":"https:\/\/regiaonews.net.br\/2022\/wp-content\/uploads\/2021\/04\/mirella-comecou-a-se-prostituir-nos-ultimos-meses-para-ajudar-a-pagar-uma-divida-com-agiota-1618666824030_v2_750x421.jpg","type":"image\/jpeg"}],"author":"Roberto","twitter_card":"summary_large_image","twitter_misc":{"Escrito por":"Roberto","Est. tempo de leitura":"5 minutos"},"schema":{"@context":"https:\/\/schema.org","@graph":[{"@type":"Article","@id":"https:\/\/regiaonews.net.br\/2022\/2021\/04\/19\/mulheres-que-perderam-emprego-na-pandemia-recorrem-a-prostituicao-em-sp\/#article","isPartOf":{"@id":"https:\/\/regiaonews.net.br\/2022\/2021\/04\/19\/mulheres-que-perderam-emprego-na-pandemia-recorrem-a-prostituicao-em-sp\/"},"author":{"name":"Roberto","@id":"https:\/\/regiaonews.net.br\/2022\/#\/schema\/person\/2d205a608a5aa97ac279d7a5e6d89ad8"},"headline":"Mulheres que perderam emprego na pandemia recorrem \u00e0 prostitui\u00e7\u00e3o em SP","datePublished":"2021-04-19T15:20:45+00:00","dateModified":"2021-04-19T17:25:55+00:00","mainEntityOfPage":{"@id":"https:\/\/regiaonews.net.br\/2022\/2021\/04\/19\/mulheres-que-perderam-emprego-na-pandemia-recorrem-a-prostituicao-em-sp\/"},"wordCount":1064,"commentCount":0,"publisher":{"@id":"https:\/\/regiaonews.net.br\/2022\/#organization"},"image":{"@id":"https:\/\/regiaonews.net.br\/2022\/2021\/04\/19\/mulheres-que-perderam-emprego-na-pandemia-recorrem-a-prostituicao-em-sp\/#primaryimage"},"thumbnailUrl":"https:\/\/regiaonews.net.br\/2022\/wp-content\/uploads\/2021\/04\/mirella-comecou-a-se-prostituir-nos-ultimos-meses-para-ajudar-a-pagar-uma-divida-com-agiota-1618666824030_v2_750x421.jpg","articleSection":["Cidades","S\u00e3o Paulo"],"inLanguage":"pt-BR","potentialAction":[{"@type":"CommentAction","name":"Comment","target":["https:\/\/regiaonews.net.br\/2022\/2021\/04\/19\/mulheres-que-perderam-emprego-na-pandemia-recorrem-a-prostituicao-em-sp\/#respond"]}]},{"@type":"WebPage","@id":"https:\/\/regiaonews.net.br\/2022\/2021\/04\/19\/mulheres-que-perderam-emprego-na-pandemia-recorrem-a-prostituicao-em-sp\/","url":"https:\/\/regiaonews.net.br\/2022\/2021\/04\/19\/mulheres-que-perderam-emprego-na-pandemia-recorrem-a-prostituicao-em-sp\/","name":"Mulheres que perderam emprego na pandemia recorrem \u00e0 prostitui\u00e7\u00e3o em SP - Regi\u00e3o News","isPartOf":{"@id":"https:\/\/regiaonews.net.br\/2022\/#website"},"primaryImageOfPage":{"@id":"https:\/\/regiaonews.net.br\/2022\/2021\/04\/19\/mulheres-que-perderam-emprego-na-pandemia-recorrem-a-prostituicao-em-sp\/#primaryimage"},"image":{"@id":"https:\/\/regiaonews.net.br\/2022\/2021\/04\/19\/mulheres-que-perderam-emprego-na-pandemia-recorrem-a-prostituicao-em-sp\/#primaryimage"},"thumbnailUrl":"https:\/\/regiaonews.net.br\/2022\/wp-content\/uploads\/2021\/04\/mirella-comecou-a-se-prostituir-nos-ultimos-meses-para-ajudar-a-pagar-uma-divida-com-agiota-1618666824030_v2_750x421.jpg","datePublished":"2021-04-19T15:20:45+00:00","dateModified":"2021-04-19T17:25:55+00:00","breadcrumb":{"@id":"https:\/\/regiaonews.net.br\/2022\/2021\/04\/19\/mulheres-que-perderam-emprego-na-pandemia-recorrem-a-prostituicao-em-sp\/#breadcrumb"},"inLanguage":"pt-BR","potentialAction":[{"@type":"ReadAction","target":["https:\/\/regiaonews.net.br\/2022\/2021\/04\/19\/mulheres-que-perderam-emprego-na-pandemia-recorrem-a-prostituicao-em-sp\/"]}]},{"@type":"ImageObject","inLanguage":"pt-BR","@id":"https:\/\/regiaonews.net.br\/2022\/2021\/04\/19\/mulheres-que-perderam-emprego-na-pandemia-recorrem-a-prostituicao-em-sp\/#primaryimage","url":"https:\/\/regiaonews.net.br\/2022\/wp-content\/uploads\/2021\/04\/mirella-comecou-a-se-prostituir-nos-ultimos-meses-para-ajudar-a-pagar-uma-divida-com-agiota-1618666824030_v2_750x421.jpg","contentUrl":"https:\/\/regiaonews.net.br\/2022\/wp-content\/uploads\/2021\/04\/mirella-comecou-a-se-prostituir-nos-ultimos-meses-para-ajudar-a-pagar-uma-divida-com-agiota-1618666824030_v2_750x421.jpg","width":750,"height":421},{"@type":"BreadcrumbList","@id":"https:\/\/regiaonews.net.br\/2022\/2021\/04\/19\/mulheres-que-perderam-emprego-na-pandemia-recorrem-a-prostituicao-em-sp\/#breadcrumb","itemListElement":[{"@type":"ListItem","position":1,"name":"In\u00edcio","item":"https:\/\/regiaonews.net.br\/2022\/"},{"@type":"ListItem","position":2,"name":"Mulheres que perderam emprego na pandemia recorrem \u00e0 prostitui\u00e7\u00e3o em SP"}]},{"@type":"WebSite","@id":"https:\/\/regiaonews.net.br\/2022\/#website","url":"https:\/\/regiaonews.net.br\/2022\/","name":"Regi\u00e3o News","description":"Site de Not\u00edcias de Barretos e regi\u00e3o","publisher":{"@id":"https:\/\/regiaonews.net.br\/2022\/#organization"},"potentialAction":[{"@type":"SearchAction","target":{"@type":"EntryPoint","urlTemplate":"https:\/\/regiaonews.net.br\/2022\/?s={search_term_string}"},"query-input":{"@type":"PropertyValueSpecification","valueRequired":true,"valueName":"search_term_string"}}],"inLanguage":"pt-BR"},{"@type":"Organization","@id":"https:\/\/regiaonews.net.br\/2022\/#organization","name":"Regi\u00e3o News","url":"https:\/\/regiaonews.net.br\/2022\/","logo":{"@type":"ImageObject","inLanguage":"pt-BR","@id":"https:\/\/regiaonews.net.br\/2022\/#\/schema\/logo\/image\/","url":"https:\/\/regiaonews.net.br\/2022\/wp-content\/uploads\/2026\/03\/regiao-13-anos-scaled.jpg","contentUrl":"https:\/\/regiaonews.net.br\/2022\/wp-content\/uploads\/2026\/03\/regiao-13-anos-scaled.jpg","width":2560,"height":635,"caption":"Regi\u00e3o News"},"image":{"@id":"https:\/\/regiaonews.net.br\/2022\/#\/schema\/logo\/image\/"}},{"@type":"Person","@id":"https:\/\/regiaonews.net.br\/2022\/#\/schema\/person\/2d205a608a5aa97ac279d7a5e6d89ad8","name":"Roberto","image":{"@type":"ImageObject","inLanguage":"pt-BR","@id":"https:\/\/secure.gravatar.com\/avatar\/42749d8b712ff9d59ca93dc150494e5b55a44134482993f5baeb97e61b7ecc89?s=96&d=mm&r=g","url":"https:\/\/secure.gravatar.com\/avatar\/42749d8b712ff9d59ca93dc150494e5b55a44134482993f5baeb97e61b7ecc89?s=96&d=mm&r=g","contentUrl":"https:\/\/secure.gravatar.com\/avatar\/42749d8b712ff9d59ca93dc150494e5b55a44134482993f5baeb97e61b7ecc89?s=96&d=mm&r=g","caption":"Roberto"},"url":"https:\/\/regiaonews.net.br\/2022\/author\/roberto\/"}]}},"publishpress_future_action":{"enabled":false,"date":"2026-05-04 04:33:56","action":"change-status","newStatus":"draft","terms":[],"taxonomy":"category","extraData":[]},"publishpress_future_workflow_manual_trigger":{"enabledWorkflows":[]},"_links":{"self":[{"href":"https:\/\/regiaonews.net.br\/2022\/wp-json\/wp\/v2\/posts\/45477","targetHints":{"allow":["GET"]}}],"collection":[{"href":"https:\/\/regiaonews.net.br\/2022\/wp-json\/wp\/v2\/posts"}],"about":[{"href":"https:\/\/regiaonews.net.br\/2022\/wp-json\/wp\/v2\/types\/post"}],"author":[{"embeddable":true,"href":"https:\/\/regiaonews.net.br\/2022\/wp-json\/wp\/v2\/users\/2"}],"replies":[{"embeddable":true,"href":"https:\/\/regiaonews.net.br\/2022\/wp-json\/wp\/v2\/comments?post=45477"}],"version-history":[{"count":0,"href":"https:\/\/regiaonews.net.br\/2022\/wp-json\/wp\/v2\/posts\/45477\/revisions"}],"wp:featuredmedia":[{"embeddable":true,"href":"https:\/\/regiaonews.net.br\/2022\/wp-json\/wp\/v2\/media\/45478"}],"wp:attachment":[{"href":"https:\/\/regiaonews.net.br\/2022\/wp-json\/wp\/v2\/media?parent=45477"}],"wp:term":[{"taxonomy":"category","embeddable":true,"href":"https:\/\/regiaonews.net.br\/2022\/wp-json\/wp\/v2\/categories?post=45477"},{"taxonomy":"post_tag","embeddable":true,"href":"https:\/\/regiaonews.net.br\/2022\/wp-json\/wp\/v2\/tags?post=45477"}],"curies":[{"name":"wp","href":"https:\/\/api.w.org\/{rel}","templated":true}]}}