{"id":45469,"date":"2021-04-19T11:03:12","date_gmt":"2021-04-19T14:03:12","guid":{"rendered":"https:\/\/regiaonews.net.br\/2022\/?p=45469"},"modified":"2021-04-19T11:41:52","modified_gmt":"2021-04-19T14:41:52","slug":"covid-variante-acelera-intubacao-de-jovens-e-sp-orienta-procurar-ajuda-no-1o-dia-de-sintomas","status":"publish","type":"post","link":"https:\/\/regiaonews.net.br\/2022\/2021\/04\/19\/covid-variante-acelera-intubacao-de-jovens-e-sp-orienta-procurar-ajuda-no-1o-dia-de-sintomas\/","title":{"rendered":"Covid: Variante acelera intuba\u00e7\u00e3o de jovens e SP orienta procurar ajuda no 1\u00ba dia de sintomas"},"content":{"rendered":"<div class=\"mc-column content-text active-extra-styles \" data-block-type=\"unstyled\" data-block-weight=\"48\" data-block-id=\"2\">\n<p data-track-category=\"Link no Texto\" data-track-links=\"\"><a href=\"https:\/\/regiaonews.net.br\/2022\/wp-content\/uploads\/2021\/04\/etapaextra-amarok-1080x1080_Prancheta-1.jpg\"><img loading=\"lazy\" decoding=\"async\" class=\"alignnone size-medium wp-image-45473\" src=\"https:\/\/regiaonews.net.br\/2022\/wp-content\/uploads\/2021\/04\/etapaextra-amarok-1080x1080_Prancheta-1-300x300.jpg\" alt=\"\" width=\"300\" height=\"300\" \/><\/a><\/p>\n<p data-track-category=\"Link no Texto\" data-track-links=\"\"><a href=\"https:\/\/regiaonews.net.br\/2022\/wp-content\/uploads\/2021\/04\/118060237-3.jpeg\"><img loading=\"lazy\" decoding=\"async\" class=\"alignnone size-medium wp-image-45470\" src=\"https:\/\/regiaonews.net.br\/2022\/wp-content\/uploads\/2021\/04\/118060237-3-300x169.jpeg\" alt=\"\" width=\"300\" height=\"169\" \/><\/a><\/p>\n<p class=\"content-text__container \" data-track-category=\"Link no Texto\" data-track-links=\"\">O avan\u00e7o da variante P.1, descoberta em\u00a0<a href=\"https:\/\/g1.globo.com\/am\/amazonas\/cidade\/manaus\/\">Manaus\u00a0<\/a>em janeiro, levou a cidade de S\u00e3o Paulo a mudar sua orienta\u00e7\u00e3o para todos aqueles que forem infectados por coronav\u00edrus. Agora, eles devem procurar uma unidade de sa\u00fade assim que surgirem os sintomas, e n\u00e3o mais quando eles se agravarem.<\/p>\n<\/div>\n<div class=\"wall protected-content\">\n<div class=\"mc-column content-text active-extra-styles \" data-block-type=\"unstyled\" data-block-weight=\"27\" data-block-id=\"3\">\n<p class=\"content-text__container \" data-track-category=\"Link no Texto\" data-track-links=\"\">Segundo a prefeitura, a mudan\u00e7a tem tr\u00eas motivos, todos associados \u00e0 nova variante: agravamento r\u00e1pido do quadro de sa\u00fade, mais jovens atingidos e tempo de interna\u00e7\u00e3o maior.<\/p>\n<\/div>\n<div class=\"mc-column content-text active-extra-styles\" data-block-type=\"raw\" data-block-weight=\"24\" data-block-id=\"4\">\n<p><a href=\"https:\/\/regiaonews.net.br\/2022\/wp-content\/uploads\/2021\/04\/33d927d6-6197-43d7-89ca-d7440b866f35-7.jpg\"><img loading=\"lazy\" decoding=\"async\" class=\"alignnone size-medium wp-image-45458\" src=\"https:\/\/regiaonews.net.br\/2022\/wp-content\/uploads\/2021\/04\/33d927d6-6197-43d7-89ca-d7440b866f35-7-300x298.jpg\" alt=\"\" width=\"300\" height=\"298\" \/><\/a><\/p>\n<p>&nbsp;<\/p>\n<\/div>\n<div class=\"mc-column content-text active-extra-styles \" data-block-type=\"unstyled\" data-block-weight=\"62\" data-block-id=\"5\">\n<p class=\"content-text__container \" data-track-category=\"Link no Texto\" data-track-links=\"\">&#8220;N\u00e3o s\u00f3 o processo de interna\u00e7\u00e3o \u00e9 mais longo, a viremia (presen\u00e7a do v\u00edrus no sangue), mas o agravamento \u00e9 muito repentino na P.1. H\u00e1 relatos do atendimento na ponta de jovens que s\u00e3o internados e em 24 horas j\u00e1 precisam ser intubadas. Literalmente isso&#8221;, afirmou o secret\u00e1rio municipal de sa\u00fade de S\u00e3o Paulo, Edson Aparecido, em entrevista \u00e0 BBC News Brasil.<\/p>\n<p data-track-category=\"Link no Texto\" data-track-links=\"\"><a href=\"https:\/\/regiaonews.net.br\/2022\/wp-content\/uploads\/2021\/04\/20210419_090927.jpg\"><img loading=\"lazy\" decoding=\"async\" class=\"alignnone size-medium wp-image-45461\" src=\"https:\/\/regiaonews.net.br\/2022\/wp-content\/uploads\/2021\/04\/20210419_090927-300x300.jpg\" alt=\"\" width=\"300\" height=\"300\" \/><\/a><\/p>\n<\/div>\n<div class=\"mc-column content-text active-extra-styles \" data-block-type=\"unstyled\" data-block-weight=\"54\" data-block-id=\"6\">\n<p class=\"content-text__container \" data-track-category=\"Link no Texto\" data-track-links=\"\">Levantamentos apontam que a variante, mais contagiosa, j\u00e1 est\u00e1 presente em mais de 80% dos pacientes da Grande S\u00e3o Paulo no in\u00edcio de mar\u00e7o. A P.1 tem avan\u00e7ado rapidamente em outras partes do pa\u00eds. No Rio de Janeiro, estima-se que a incid\u00eancia dela passou de 67% em fevereiro para quase 100% em abril.<\/p>\n<div class=\"mc-column content-text active-extra-styles \" data-block-type=\"unstyled\" data-block-weight=\"49\" data-block-id=\"9\">\n<p class=\"content-text__container \" data-track-category=\"Link no Texto\" data-track-links=\"\">Essa variante do coronav\u00edrus \u00e9 mais contagiosa, entre outros motivos, por causa de muta\u00e7\u00f5es que facilitaram a invas\u00e3o de c\u00e9lulas humanas. Essa caracter\u00edstica pode estar ligada a outras duas hip\u00f3teses que est\u00e3o pr\u00f3ximas de serem confirmadas por cientistas: agravamento mais r\u00e1pido do quadro de sa\u00fade e maior letalidade.<\/p>\n<\/div>\n<div class=\"mc-column content-text active-extra-styles \" data-block-type=\"unstyled\" data-block-weight=\"69\" data-block-id=\"10\">\n<p data-track-category=\"Link no Texto\" data-track-links=\"\"><a href=\"https:\/\/regiaonews.net.br\/2022\/wp-content\/uploads\/2021\/04\/20210419_090737.jpg\"><img loading=\"lazy\" decoding=\"async\" class=\"alignnone size-medium wp-image-45460\" src=\"https:\/\/regiaonews.net.br\/2022\/wp-content\/uploads\/2021\/04\/20210419_090737-300x300.jpg\" alt=\"\" width=\"300\" height=\"300\" \/><\/a><\/p>\n<p class=\"content-text__container \" data-track-category=\"Link no Texto\" data-track-links=\"\">At\u00e9 agora h\u00e1 diversos relatos de profissionais de sa\u00fade da linha de frente que refor\u00e7am essas possibilidades, mas os estudos conclusivos s\u00f3 devem ficar prontos nas pr\u00f3ximas semanas. Um levantamento da Associa\u00e7\u00e3o de Medicina Intensiva Brasileira (Amib), baseado em quase metade dos 55 mil leitos de UTI do pa\u00eds, apontou na onda atual um aumento de 40% no n\u00famero de pacientes que precisaram ser intubados e receber ventila\u00e7\u00e3o mec\u00e2nica.<\/p>\n<\/div>\n<div class=\"mc-column content-text active-extra-styles \" data-block-type=\"unstyled\" data-block-weight=\"72\" data-block-id=\"11\">\n<p data-track-category=\"Link no Texto\" data-track-links=\"\"><a href=\"https:\/\/regiaonews.net.br\/2022\/wp-content\/uploads\/2021\/04\/20210419_091407.jpg\"><img loading=\"lazy\" decoding=\"async\" class=\"alignnone size-medium wp-image-45464\" src=\"https:\/\/regiaonews.net.br\/2022\/wp-content\/uploads\/2021\/04\/20210419_091407-300x161.jpg\" alt=\"\" width=\"300\" height=\"161\" \/><\/a><\/p>\n<p class=\"content-text__container \" data-track-category=\"Link no Texto\" data-track-links=\"\">&#8220;A preocupa\u00e7\u00e3o de S\u00e3o Paulo se justifica diante de tudo que temos visto em diversas partes do pa\u00eds. A evolu\u00e7\u00e3o mais r\u00e1pida, um alastramento muito maior e mudan\u00e7a no perfil de casos, atingindo tamb\u00e9m pessoas mais jovens. A evolu\u00e7\u00e3o mais r\u00e1pida do quadro de sa\u00fade \u00e9 um fato registrado em diferentes localidades&#8221;, disse o virologista Fernando Spilki, professor da universidade Feevale e da rede Corona-\u00f4mica BR MCTIC\/Finep, projeto de sequenciamento do Sars-CoV-2.<\/p>\n<\/div>\n<div class=\"mc-column content-text active-extra-styles \" data-block-type=\"unstyled\" data-block-weight=\"49\" data-block-id=\"12\">\n<p class=\"content-text__container \" data-track-category=\"Link no Texto\" data-track-links=\"\">Mas se o sistema de sa\u00fade est\u00e1 em colapso pelo pa\u00eds, com milhares de pessoas nas filas \u00e0 espera de UTI e falta de insumos e profissionais de sa\u00fade, por que S\u00e3o Paulo passou a recomendar que ainda mais pessoas busquem atendimento m\u00e9dico logo no in\u00edcio dos sintomas?<\/p>\n<\/div>\n<div class=\"mc-column content-text active-extra-styles \" data-block-type=\"unstyled\" data-block-weight=\"24\" data-block-id=\"13\">\n<p class=\"content-text__container \" data-track-category=\"Link no Texto\" data-track-links=\"\">E o que dizer das cidades menores? Elas teriam capacidade de absorver essa demanda ainda maior por atendimento? Dificilmente, afirmam especialistas ouvidos pela reportagem.<\/p>\n<\/div>\n<div class=\"mc-column content-text active-extra-styles\" data-block-type=\"raw\" data-block-weight=\"5\" data-block-id=\"14\">\n<p class=\"content-text__container\"><a href=\"https:\/\/regiaonews.net.br\/2022\/wp-content\/uploads\/2021\/04\/20210419_091349.jpg\"><img loading=\"lazy\" decoding=\"async\" class=\"alignnone size-medium wp-image-45465\" src=\"https:\/\/regiaonews.net.br\/2022\/wp-content\/uploads\/2021\/04\/20210419_091349-286x300.jpg\" alt=\"\" width=\"286\" height=\"300\" \/><\/a><\/p>\n<div class=\"content-intertitle\">\n<h2>Jovens e o atendimento tardio<\/h2>\n<\/div>\n<p>&nbsp;<\/p>\n<\/div>\n<div class=\"mc-column content-text active-extra-styles \" data-block-type=\"unstyled\" data-block-weight=\"38\" data-block-id=\"15\">\n<p class=\"content-text__container \" data-track-category=\"Link no Texto\" data-track-links=\"\">Uma das principais caracter\u00edsticas associadas \u00e0 nova variante \u00e9 a<span class=\"highlight highlighted\">\u00a0maior incid\u00eancia entre os mais jovens<\/span>. A maioria dos casos registrados em 2021 em S\u00e3o Paulo, por exemplo, se concentra entre pessoas de 20 a 54 anos.<\/p>\n<div class=\"mc-column content-text active-extra-styles \" data-block-type=\"unstyled\" data-block-weight=\"65\" data-block-id=\"17\">\n<p class=\"content-text__container \" data-track-category=\"Link no Texto\" data-track-links=\"\">Dados do governo paulista apontam que na primeira onda da pandemia mais de 80% dos leitos UTIs eram ocupados por idosos e portadores de doen\u00e7as cr\u00f4nicas, e agora 60% das vagas s\u00e3o ocupadas por pessoas de 30 a 50 anos, a maioria sem doen\u00e7a pr\u00e9via. Dados da Associa\u00e7\u00e3o de Medicina Intensiva Brasileira (Amib) apontam alta de 17% nos pacientes de at\u00e9 40 anos em UTIs.<\/p>\n<\/div>\n<div class=\"mc-column content-text active-extra-styles \" data-block-type=\"unstyled\" data-block-weight=\"53\" data-block-id=\"18\">\n<p class=\"content-text__container \" data-track-category=\"Link no Texto\" data-track-links=\"\">A principal hip\u00f3tese para isso \u00e9 epidemiol\u00f3gica, e n\u00e3o uma predile\u00e7\u00e3o do v\u00edrus por mucosas mais jovens. H\u00e1 uma exposi\u00e7\u00e3o grande de homens dessa faixa et\u00e1ria, por exemplo, que n\u00e3o podem deixar de sair para trabalhar ou de circular em transportes p\u00fablicos lotados. H\u00e1 tamb\u00e9m aqueles, minorit\u00e1rios, que n\u00e3o deixaram de frequentar festas.<\/p>\n<\/div>\n<div class=\"mc-column content-text active-extra-styles \" data-block-type=\"unstyled\" data-block-weight=\"21\" data-block-id=\"19\">\n<p data-track-category=\"Link no Texto\" data-track-links=\"\"><a href=\"https:\/\/regiaonews.net.br\/2022\/wp-content\/uploads\/2021\/04\/20210419_091332.jpg\"><img loading=\"lazy\" decoding=\"async\" class=\"alignnone size-medium wp-image-45467\" src=\"https:\/\/regiaonews.net.br\/2022\/wp-content\/uploads\/2021\/04\/20210419_091332-300x160.jpg\" alt=\"\" width=\"300\" height=\"160\" \/><\/a><\/p>\n<p class=\"content-text__container \" data-track-category=\"Link no Texto\" data-track-links=\"\">Mas o que o aumento de casos entre os mais jovens tem a ver com o agravamento da doen\u00e7a mais r\u00e1pido?<\/p>\n<\/div>\n<div class=\"mc-column content-text active-extra-styles \" data-block-type=\"unstyled\" data-block-weight=\"35\" data-block-id=\"20\">\n<p class=\"content-text__container \" data-track-category=\"Link no Texto\" data-track-links=\"\">Bem, a linhagem do coronav\u00edrus identificada em Manaus apresenta muta\u00e7\u00f5es nos genes que codificam a esp\u00edcula, a prote\u00edna que permite a entrada do v\u00edrus nas c\u00e9lulas humanas e, portanto, pode facilitar a infec\u00e7\u00e3o pelo Sars-CoV-2.<\/p>\n<div class=\"mc-column content-text active-extra-styles\" data-block-type=\"raw\" data-block-weight=\"9\" data-block-id=\"32\">\n<div class=\"content-intertitle\">\n<h2><a href=\"https:\/\/regiaonews.net.br\/2022\/wp-content\/uploads\/2021\/04\/20210419_091427.jpg\"><img loading=\"lazy\" decoding=\"async\" class=\"alignnone size-medium wp-image-45466\" src=\"https:\/\/regiaonews.net.br\/2022\/wp-content\/uploads\/2021\/04\/20210419_091427-300x163.jpg\" alt=\"\" width=\"300\" height=\"163\" \/><\/a><\/h2>\n<h2><\/h2>\n<h2>De que modo o atendimento antecipado ajuda o paciente?<\/h2>\n<\/div>\n<p>&nbsp;<\/p>\n<\/div>\n<div class=\"mc-column content-text active-extra-styles \" data-block-type=\"unstyled\" data-block-weight=\"54\" data-block-id=\"33\">\n<p class=\"content-text__container \" data-track-category=\"Link no Texto\" data-track-links=\"\">\u00c9 importante deixar claro que n\u00e3o h\u00e1 um tratamento precoce contra o coronav\u00edrus que tenha se mostrado eficaz. E a recomenda\u00e7\u00e3o de buscar atendimento logo nos primeiros dias de sintomas n\u00e3o inclui medicamentos capazes de evitar o agravamento de alguma forma, mas sim um acompanhamento especializado da evolu\u00e7\u00e3o dos sintomas, com consultas e exames.<\/p>\n<p data-track-category=\"Link no Texto\" data-track-links=\"\"><a href=\"https:\/\/regiaonews.net.br\/2022\/wp-content\/uploads\/2021\/04\/20210419_091446.jpg\"><img loading=\"lazy\" decoding=\"async\" class=\"alignnone size-medium wp-image-45468\" src=\"https:\/\/regiaonews.net.br\/2022\/wp-content\/uploads\/2021\/04\/20210419_091446-298x300.jpg\" alt=\"\" width=\"298\" height=\"300\" \/><\/a><\/p>\n<\/div>\n<\/div>\n<div class=\"row medium-uncollapsed content-media content-photo\" data-block-type=\"backstage-photo\" data-block-id=\"21\">\n<div class=\"mc-column content-media__container\">\n<div class=\"content-media-container glb-skeleton-box\">Ainda assim, \u00e9 importante lembrar que a chegada a uma UTI n\u00e3o \u00e9 uma garantia de que o paciente vai sobreviver. Cerca de 80% dos intubados por covid-19 morreram no Brasil em 2020, sendo que a m\u00e9dia global \u00e9 de 50%.<\/div>\n<\/div>\n<\/div>\n<\/div>\n<p data-track-category=\"Link no Texto\" data-track-links=\"\">fonte : G1<\/p>\n<\/div>\n<div class=\"content-ads content-ads--reveal\" data-block-type=\"ads\" data-block-id=\"7\">\n<div id=\"banner_materia2\" class=\"tag-manager-publicidade-container mc-has-reveal mc-has-ad-lazyload tag-manager-publicidade-banner_materia2 tag-manager-publicidade-container--carregado tag-manager-publicidade-container--visivel\" data-id=\"banner_materia2\" data-req=\"true\" data-google-query-id=\"CKyz4Ye6ivACFcwDuQYdfk8GkQ\" data-cid=\"138347064379\" data-lid=\"5669498819\"><\/div>\n<\/div>\n<\/div>\n","protected":false},"excerpt":{"rendered":"<p>O avan\u00e7o da variante P.1, descoberta em\u00a0Manaus\u00a0em janeiro, levou a<\/p>\n","protected":false},"author":2,"featured_media":45470,"comment_status":"open","ping_status":"open","sticky":false,"template":"","format":"standard","meta":{"footnotes":""},"categories":[25,7],"tags":[],"class_list":["post-45469","post","type-post","status-publish","format-standard","has-post-thumbnail","hentry","category-cidades","category-estado-de-sao-paulo"],"yoast_head":"<!-- This site is optimized with the Yoast SEO plugin v27.4 - https:\/\/yoast.com\/product\/yoast-seo-wordpress\/ -->\n<title>Covid: Variante acelera intuba\u00e7\u00e3o de jovens e SP orienta procurar ajuda no 1\u00ba dia de sintomas - Regi\u00e3o News<\/title>\n<meta name=\"robots\" content=\"index, follow, max-snippet:-1, max-image-preview:large, max-video-preview:-1\" \/>\n<link rel=\"canonical\" href=\"https:\/\/regiaonews.net.br\/2022\/2021\/04\/19\/covid-variante-acelera-intubacao-de-jovens-e-sp-orienta-procurar-ajuda-no-1o-dia-de-sintomas\/\" \/>\n<meta property=\"og:locale\" content=\"pt_BR\" \/>\n<meta property=\"og:type\" content=\"article\" \/>\n<meta property=\"og:title\" content=\"Covid: Variante acelera intuba\u00e7\u00e3o de jovens e SP orienta procurar ajuda no 1\u00ba dia de sintomas - Regi\u00e3o News\" \/>\n<meta property=\"og:description\" content=\"O avan\u00e7o da variante P.1, descoberta em\u00a0Manaus\u00a0em janeiro, levou a\" \/>\n<meta property=\"og:url\" content=\"https:\/\/regiaonews.net.br\/2022\/2021\/04\/19\/covid-variante-acelera-intubacao-de-jovens-e-sp-orienta-procurar-ajuda-no-1o-dia-de-sintomas\/\" \/>\n<meta property=\"og:site_name\" content=\"Regi\u00e3o News\" \/>\n<meta property=\"article:published_time\" content=\"2021-04-19T14:03:12+00:00\" \/>\n<meta property=\"article:modified_time\" content=\"2021-04-19T14:41:52+00:00\" \/>\n<meta property=\"og:image\" content=\"https:\/\/regiaonews.net.br\/2022\/wp-content\/uploads\/2021\/04\/118060237-3.jpeg\" \/>\n\t<meta property=\"og:image:width\" content=\"984\" \/>\n\t<meta property=\"og:image:height\" content=\"554\" \/>\n\t<meta property=\"og:image:type\" content=\"image\/jpeg\" \/>\n<meta name=\"author\" content=\"Roberto\" \/>\n<meta name=\"twitter:card\" content=\"summary_large_image\" \/>\n<meta name=\"twitter:label1\" content=\"Escrito por\" \/>\n\t<meta name=\"twitter:data1\" content=\"Roberto\" \/>\n\t<meta name=\"twitter:label2\" content=\"Est. tempo de leitura\" \/>\n\t<meta name=\"twitter:data2\" content=\"4 minutos\" \/>\n<script type=\"application\/ld+json\" class=\"yoast-schema-graph\">{\"@context\":\"https:\\\/\\\/schema.org\",\"@graph\":[{\"@type\":\"Article\",\"@id\":\"https:\\\/\\\/regiaonews.net.br\\\/2022\\\/2021\\\/04\\\/19\\\/covid-variante-acelera-intubacao-de-jovens-e-sp-orienta-procurar-ajuda-no-1o-dia-de-sintomas\\\/#article\",\"isPartOf\":{\"@id\":\"https:\\\/\\\/regiaonews.net.br\\\/2022\\\/2021\\\/04\\\/19\\\/covid-variante-acelera-intubacao-de-jovens-e-sp-orienta-procurar-ajuda-no-1o-dia-de-sintomas\\\/\"},\"author\":{\"name\":\"Roberto\",\"@id\":\"https:\\\/\\\/regiaonews.net.br\\\/2022\\\/#\\\/schema\\\/person\\\/2d205a608a5aa97ac279d7a5e6d89ad8\"},\"headline\":\"Covid: Variante acelera intuba\u00e7\u00e3o de jovens e SP orienta procurar ajuda no 1\u00ba dia de sintomas\",\"datePublished\":\"2021-04-19T14:03:12+00:00\",\"dateModified\":\"2021-04-19T14:41:52+00:00\",\"mainEntityOfPage\":{\"@id\":\"https:\\\/\\\/regiaonews.net.br\\\/2022\\\/2021\\\/04\\\/19\\\/covid-variante-acelera-intubacao-de-jovens-e-sp-orienta-procurar-ajuda-no-1o-dia-de-sintomas\\\/\"},\"wordCount\":858,\"commentCount\":0,\"publisher\":{\"@id\":\"https:\\\/\\\/regiaonews.net.br\\\/2022\\\/#organization\"},\"image\":{\"@id\":\"https:\\\/\\\/regiaonews.net.br\\\/2022\\\/2021\\\/04\\\/19\\\/covid-variante-acelera-intubacao-de-jovens-e-sp-orienta-procurar-ajuda-no-1o-dia-de-sintomas\\\/#primaryimage\"},\"thumbnailUrl\":\"https:\\\/\\\/regiaonews.net.br\\\/2022\\\/wp-content\\\/uploads\\\/2021\\\/04\\\/118060237-3.jpeg\",\"articleSection\":[\"Cidades\",\"Estado de S\u00e3o Paulo\"],\"inLanguage\":\"pt-BR\",\"potentialAction\":[{\"@type\":\"CommentAction\",\"name\":\"Comment\",\"target\":[\"https:\\\/\\\/regiaonews.net.br\\\/2022\\\/2021\\\/04\\\/19\\\/covid-variante-acelera-intubacao-de-jovens-e-sp-orienta-procurar-ajuda-no-1o-dia-de-sintomas\\\/#respond\"]}]},{\"@type\":\"WebPage\",\"@id\":\"https:\\\/\\\/regiaonews.net.br\\\/2022\\\/2021\\\/04\\\/19\\\/covid-variante-acelera-intubacao-de-jovens-e-sp-orienta-procurar-ajuda-no-1o-dia-de-sintomas\\\/\",\"url\":\"https:\\\/\\\/regiaonews.net.br\\\/2022\\\/2021\\\/04\\\/19\\\/covid-variante-acelera-intubacao-de-jovens-e-sp-orienta-procurar-ajuda-no-1o-dia-de-sintomas\\\/\",\"name\":\"Covid: Variante acelera intuba\u00e7\u00e3o de jovens e SP orienta procurar ajuda no 1\u00ba dia de sintomas - Regi\u00e3o News\",\"isPartOf\":{\"@id\":\"https:\\\/\\\/regiaonews.net.br\\\/2022\\\/#website\"},\"primaryImageOfPage\":{\"@id\":\"https:\\\/\\\/regiaonews.net.br\\\/2022\\\/2021\\\/04\\\/19\\\/covid-variante-acelera-intubacao-de-jovens-e-sp-orienta-procurar-ajuda-no-1o-dia-de-sintomas\\\/#primaryimage\"},\"image\":{\"@id\":\"https:\\\/\\\/regiaonews.net.br\\\/2022\\\/2021\\\/04\\\/19\\\/covid-variante-acelera-intubacao-de-jovens-e-sp-orienta-procurar-ajuda-no-1o-dia-de-sintomas\\\/#primaryimage\"},\"thumbnailUrl\":\"https:\\\/\\\/regiaonews.net.br\\\/2022\\\/wp-content\\\/uploads\\\/2021\\\/04\\\/118060237-3.jpeg\",\"datePublished\":\"2021-04-19T14:03:12+00:00\",\"dateModified\":\"2021-04-19T14:41:52+00:00\",\"breadcrumb\":{\"@id\":\"https:\\\/\\\/regiaonews.net.br\\\/2022\\\/2021\\\/04\\\/19\\\/covid-variante-acelera-intubacao-de-jovens-e-sp-orienta-procurar-ajuda-no-1o-dia-de-sintomas\\\/#breadcrumb\"},\"inLanguage\":\"pt-BR\",\"potentialAction\":[{\"@type\":\"ReadAction\",\"target\":[\"https:\\\/\\\/regiaonews.net.br\\\/2022\\\/2021\\\/04\\\/19\\\/covid-variante-acelera-intubacao-de-jovens-e-sp-orienta-procurar-ajuda-no-1o-dia-de-sintomas\\\/\"]}]},{\"@type\":\"ImageObject\",\"inLanguage\":\"pt-BR\",\"@id\":\"https:\\\/\\\/regiaonews.net.br\\\/2022\\\/2021\\\/04\\\/19\\\/covid-variante-acelera-intubacao-de-jovens-e-sp-orienta-procurar-ajuda-no-1o-dia-de-sintomas\\\/#primaryimage\",\"url\":\"https:\\\/\\\/regiaonews.net.br\\\/2022\\\/wp-content\\\/uploads\\\/2021\\\/04\\\/118060237-3.jpeg\",\"contentUrl\":\"https:\\\/\\\/regiaonews.net.br\\\/2022\\\/wp-content\\\/uploads\\\/2021\\\/04\\\/118060237-3.jpeg\",\"width\":984,\"height\":554},{\"@type\":\"BreadcrumbList\",\"@id\":\"https:\\\/\\\/regiaonews.net.br\\\/2022\\\/2021\\\/04\\\/19\\\/covid-variante-acelera-intubacao-de-jovens-e-sp-orienta-procurar-ajuda-no-1o-dia-de-sintomas\\\/#breadcrumb\",\"itemListElement\":[{\"@type\":\"ListItem\",\"position\":1,\"name\":\"In\u00edcio\",\"item\":\"https:\\\/\\\/regiaonews.net.br\\\/2022\\\/\"},{\"@type\":\"ListItem\",\"position\":2,\"name\":\"Covid: Variante acelera intuba\u00e7\u00e3o de jovens e SP orienta procurar ajuda no 1\u00ba dia de sintomas\"}]},{\"@type\":\"WebSite\",\"@id\":\"https:\\\/\\\/regiaonews.net.br\\\/2022\\\/#website\",\"url\":\"https:\\\/\\\/regiaonews.net.br\\\/2022\\\/\",\"name\":\"Regi\u00e3o News\",\"description\":\"Site de Not\u00edcias de Barretos e regi\u00e3o\",\"publisher\":{\"@id\":\"https:\\\/\\\/regiaonews.net.br\\\/2022\\\/#organization\"},\"potentialAction\":[{\"@type\":\"SearchAction\",\"target\":{\"@type\":\"EntryPoint\",\"urlTemplate\":\"https:\\\/\\\/regiaonews.net.br\\\/2022\\\/?s={search_term_string}\"},\"query-input\":{\"@type\":\"PropertyValueSpecification\",\"valueRequired\":true,\"valueName\":\"search_term_string\"}}],\"inLanguage\":\"pt-BR\"},{\"@type\":\"Organization\",\"@id\":\"https:\\\/\\\/regiaonews.net.br\\\/2022\\\/#organization\",\"name\":\"Regi\u00e3o News\",\"url\":\"https:\\\/\\\/regiaonews.net.br\\\/2022\\\/\",\"logo\":{\"@type\":\"ImageObject\",\"inLanguage\":\"pt-BR\",\"@id\":\"https:\\\/\\\/regiaonews.net.br\\\/2022\\\/#\\\/schema\\\/logo\\\/image\\\/\",\"url\":\"https:\\\/\\\/regiaonews.net.br\\\/2022\\\/wp-content\\\/uploads\\\/2026\\\/03\\\/regiao-13-anos-scaled.jpg\",\"contentUrl\":\"https:\\\/\\\/regiaonews.net.br\\\/2022\\\/wp-content\\\/uploads\\\/2026\\\/03\\\/regiao-13-anos-scaled.jpg\",\"width\":2560,\"height\":635,\"caption\":\"Regi\u00e3o News\"},\"image\":{\"@id\":\"https:\\\/\\\/regiaonews.net.br\\\/2022\\\/#\\\/schema\\\/logo\\\/image\\\/\"}},{\"@type\":\"Person\",\"@id\":\"https:\\\/\\\/regiaonews.net.br\\\/2022\\\/#\\\/schema\\\/person\\\/2d205a608a5aa97ac279d7a5e6d89ad8\",\"name\":\"Roberto\",\"image\":{\"@type\":\"ImageObject\",\"inLanguage\":\"pt-BR\",\"@id\":\"https:\\\/\\\/secure.gravatar.com\\\/avatar\\\/42749d8b712ff9d59ca93dc150494e5b55a44134482993f5baeb97e61b7ecc89?s=96&d=mm&r=g\",\"url\":\"https:\\\/\\\/secure.gravatar.com\\\/avatar\\\/42749d8b712ff9d59ca93dc150494e5b55a44134482993f5baeb97e61b7ecc89?s=96&d=mm&r=g\",\"contentUrl\":\"https:\\\/\\\/secure.gravatar.com\\\/avatar\\\/42749d8b712ff9d59ca93dc150494e5b55a44134482993f5baeb97e61b7ecc89?s=96&d=mm&r=g\",\"caption\":\"Roberto\"},\"url\":\"https:\\\/\\\/regiaonews.net.br\\\/2022\\\/author\\\/roberto\\\/\"}]}<\/script>\n<!-- \/ Yoast SEO plugin. -->","yoast_head_json":{"title":"Covid: Variante acelera intuba\u00e7\u00e3o de jovens e SP orienta procurar ajuda no 1\u00ba dia de sintomas - Regi\u00e3o News","robots":{"index":"index","follow":"follow","max-snippet":"max-snippet:-1","max-image-preview":"max-image-preview:large","max-video-preview":"max-video-preview:-1"},"canonical":"https:\/\/regiaonews.net.br\/2022\/2021\/04\/19\/covid-variante-acelera-intubacao-de-jovens-e-sp-orienta-procurar-ajuda-no-1o-dia-de-sintomas\/","og_locale":"pt_BR","og_type":"article","og_title":"Covid: Variante acelera intuba\u00e7\u00e3o de jovens e SP orienta procurar ajuda no 1\u00ba dia de sintomas - Regi\u00e3o News","og_description":"O avan\u00e7o da variante P.1, descoberta em\u00a0Manaus\u00a0em janeiro, levou a","og_url":"https:\/\/regiaonews.net.br\/2022\/2021\/04\/19\/covid-variante-acelera-intubacao-de-jovens-e-sp-orienta-procurar-ajuda-no-1o-dia-de-sintomas\/","og_site_name":"Regi\u00e3o News","article_published_time":"2021-04-19T14:03:12+00:00","article_modified_time":"2021-04-19T14:41:52+00:00","og_image":[{"width":984,"height":554,"url":"https:\/\/regiaonews.net.br\/2022\/wp-content\/uploads\/2021\/04\/118060237-3.jpeg","type":"image\/jpeg"}],"author":"Roberto","twitter_card":"summary_large_image","twitter_misc":{"Escrito por":"Roberto","Est. tempo de leitura":"4 minutos"},"schema":{"@context":"https:\/\/schema.org","@graph":[{"@type":"Article","@id":"https:\/\/regiaonews.net.br\/2022\/2021\/04\/19\/covid-variante-acelera-intubacao-de-jovens-e-sp-orienta-procurar-ajuda-no-1o-dia-de-sintomas\/#article","isPartOf":{"@id":"https:\/\/regiaonews.net.br\/2022\/2021\/04\/19\/covid-variante-acelera-intubacao-de-jovens-e-sp-orienta-procurar-ajuda-no-1o-dia-de-sintomas\/"},"author":{"name":"Roberto","@id":"https:\/\/regiaonews.net.br\/2022\/#\/schema\/person\/2d205a608a5aa97ac279d7a5e6d89ad8"},"headline":"Covid: Variante acelera intuba\u00e7\u00e3o de jovens e SP orienta procurar ajuda no 1\u00ba dia de sintomas","datePublished":"2021-04-19T14:03:12+00:00","dateModified":"2021-04-19T14:41:52+00:00","mainEntityOfPage":{"@id":"https:\/\/regiaonews.net.br\/2022\/2021\/04\/19\/covid-variante-acelera-intubacao-de-jovens-e-sp-orienta-procurar-ajuda-no-1o-dia-de-sintomas\/"},"wordCount":858,"commentCount":0,"publisher":{"@id":"https:\/\/regiaonews.net.br\/2022\/#organization"},"image":{"@id":"https:\/\/regiaonews.net.br\/2022\/2021\/04\/19\/covid-variante-acelera-intubacao-de-jovens-e-sp-orienta-procurar-ajuda-no-1o-dia-de-sintomas\/#primaryimage"},"thumbnailUrl":"https:\/\/regiaonews.net.br\/2022\/wp-content\/uploads\/2021\/04\/118060237-3.jpeg","articleSection":["Cidades","Estado de S\u00e3o Paulo"],"inLanguage":"pt-BR","potentialAction":[{"@type":"CommentAction","name":"Comment","target":["https:\/\/regiaonews.net.br\/2022\/2021\/04\/19\/covid-variante-acelera-intubacao-de-jovens-e-sp-orienta-procurar-ajuda-no-1o-dia-de-sintomas\/#respond"]}]},{"@type":"WebPage","@id":"https:\/\/regiaonews.net.br\/2022\/2021\/04\/19\/covid-variante-acelera-intubacao-de-jovens-e-sp-orienta-procurar-ajuda-no-1o-dia-de-sintomas\/","url":"https:\/\/regiaonews.net.br\/2022\/2021\/04\/19\/covid-variante-acelera-intubacao-de-jovens-e-sp-orienta-procurar-ajuda-no-1o-dia-de-sintomas\/","name":"Covid: Variante acelera intuba\u00e7\u00e3o de jovens e SP orienta procurar ajuda no 1\u00ba dia de sintomas - Regi\u00e3o News","isPartOf":{"@id":"https:\/\/regiaonews.net.br\/2022\/#website"},"primaryImageOfPage":{"@id":"https:\/\/regiaonews.net.br\/2022\/2021\/04\/19\/covid-variante-acelera-intubacao-de-jovens-e-sp-orienta-procurar-ajuda-no-1o-dia-de-sintomas\/#primaryimage"},"image":{"@id":"https:\/\/regiaonews.net.br\/2022\/2021\/04\/19\/covid-variante-acelera-intubacao-de-jovens-e-sp-orienta-procurar-ajuda-no-1o-dia-de-sintomas\/#primaryimage"},"thumbnailUrl":"https:\/\/regiaonews.net.br\/2022\/wp-content\/uploads\/2021\/04\/118060237-3.jpeg","datePublished":"2021-04-19T14:03:12+00:00","dateModified":"2021-04-19T14:41:52+00:00","breadcrumb":{"@id":"https:\/\/regiaonews.net.br\/2022\/2021\/04\/19\/covid-variante-acelera-intubacao-de-jovens-e-sp-orienta-procurar-ajuda-no-1o-dia-de-sintomas\/#breadcrumb"},"inLanguage":"pt-BR","potentialAction":[{"@type":"ReadAction","target":["https:\/\/regiaonews.net.br\/2022\/2021\/04\/19\/covid-variante-acelera-intubacao-de-jovens-e-sp-orienta-procurar-ajuda-no-1o-dia-de-sintomas\/"]}]},{"@type":"ImageObject","inLanguage":"pt-BR","@id":"https:\/\/regiaonews.net.br\/2022\/2021\/04\/19\/covid-variante-acelera-intubacao-de-jovens-e-sp-orienta-procurar-ajuda-no-1o-dia-de-sintomas\/#primaryimage","url":"https:\/\/regiaonews.net.br\/2022\/wp-content\/uploads\/2021\/04\/118060237-3.jpeg","contentUrl":"https:\/\/regiaonews.net.br\/2022\/wp-content\/uploads\/2021\/04\/118060237-3.jpeg","width":984,"height":554},{"@type":"BreadcrumbList","@id":"https:\/\/regiaonews.net.br\/2022\/2021\/04\/19\/covid-variante-acelera-intubacao-de-jovens-e-sp-orienta-procurar-ajuda-no-1o-dia-de-sintomas\/#breadcrumb","itemListElement":[{"@type":"ListItem","position":1,"name":"In\u00edcio","item":"https:\/\/regiaonews.net.br\/2022\/"},{"@type":"ListItem","position":2,"name":"Covid: Variante acelera intuba\u00e7\u00e3o de jovens e SP orienta procurar ajuda no 1\u00ba dia de sintomas"}]},{"@type":"WebSite","@id":"https:\/\/regiaonews.net.br\/2022\/#website","url":"https:\/\/regiaonews.net.br\/2022\/","name":"Regi\u00e3o News","description":"Site de Not\u00edcias de Barretos e regi\u00e3o","publisher":{"@id":"https:\/\/regiaonews.net.br\/2022\/#organization"},"potentialAction":[{"@type":"SearchAction","target":{"@type":"EntryPoint","urlTemplate":"https:\/\/regiaonews.net.br\/2022\/?s={search_term_string}"},"query-input":{"@type":"PropertyValueSpecification","valueRequired":true,"valueName":"search_term_string"}}],"inLanguage":"pt-BR"},{"@type":"Organization","@id":"https:\/\/regiaonews.net.br\/2022\/#organization","name":"Regi\u00e3o News","url":"https:\/\/regiaonews.net.br\/2022\/","logo":{"@type":"ImageObject","inLanguage":"pt-BR","@id":"https:\/\/regiaonews.net.br\/2022\/#\/schema\/logo\/image\/","url":"https:\/\/regiaonews.net.br\/2022\/wp-content\/uploads\/2026\/03\/regiao-13-anos-scaled.jpg","contentUrl":"https:\/\/regiaonews.net.br\/2022\/wp-content\/uploads\/2026\/03\/regiao-13-anos-scaled.jpg","width":2560,"height":635,"caption":"Regi\u00e3o News"},"image":{"@id":"https:\/\/regiaonews.net.br\/2022\/#\/schema\/logo\/image\/"}},{"@type":"Person","@id":"https:\/\/regiaonews.net.br\/2022\/#\/schema\/person\/2d205a608a5aa97ac279d7a5e6d89ad8","name":"Roberto","image":{"@type":"ImageObject","inLanguage":"pt-BR","@id":"https:\/\/secure.gravatar.com\/avatar\/42749d8b712ff9d59ca93dc150494e5b55a44134482993f5baeb97e61b7ecc89?s=96&d=mm&r=g","url":"https:\/\/secure.gravatar.com\/avatar\/42749d8b712ff9d59ca93dc150494e5b55a44134482993f5baeb97e61b7ecc89?s=96&d=mm&r=g","contentUrl":"https:\/\/secure.gravatar.com\/avatar\/42749d8b712ff9d59ca93dc150494e5b55a44134482993f5baeb97e61b7ecc89?s=96&d=mm&r=g","caption":"Roberto"},"url":"https:\/\/regiaonews.net.br\/2022\/author\/roberto\/"}]}},"publishpress_future_action":{"enabled":false,"date":"2026-05-04 07:26:34","action":"change-status","newStatus":"draft","terms":[],"taxonomy":"category","extraData":[]},"publishpress_future_workflow_manual_trigger":{"enabledWorkflows":[]},"_links":{"self":[{"href":"https:\/\/regiaonews.net.br\/2022\/wp-json\/wp\/v2\/posts\/45469","targetHints":{"allow":["GET"]}}],"collection":[{"href":"https:\/\/regiaonews.net.br\/2022\/wp-json\/wp\/v2\/posts"}],"about":[{"href":"https:\/\/regiaonews.net.br\/2022\/wp-json\/wp\/v2\/types\/post"}],"author":[{"embeddable":true,"href":"https:\/\/regiaonews.net.br\/2022\/wp-json\/wp\/v2\/users\/2"}],"replies":[{"embeddable":true,"href":"https:\/\/regiaonews.net.br\/2022\/wp-json\/wp\/v2\/comments?post=45469"}],"version-history":[{"count":0,"href":"https:\/\/regiaonews.net.br\/2022\/wp-json\/wp\/v2\/posts\/45469\/revisions"}],"wp:featuredmedia":[{"embeddable":true,"href":"https:\/\/regiaonews.net.br\/2022\/wp-json\/wp\/v2\/media\/45470"}],"wp:attachment":[{"href":"https:\/\/regiaonews.net.br\/2022\/wp-json\/wp\/v2\/media?parent=45469"}],"wp:term":[{"taxonomy":"category","embeddable":true,"href":"https:\/\/regiaonews.net.br\/2022\/wp-json\/wp\/v2\/categories?post=45469"},{"taxonomy":"post_tag","embeddable":true,"href":"https:\/\/regiaonews.net.br\/2022\/wp-json\/wp\/v2\/tags?post=45469"}],"curies":[{"name":"wp","href":"https:\/\/api.w.org\/{rel}","templated":true}]}}