{"id":45455,"date":"2021-04-19T08:43:34","date_gmt":"2021-04-19T11:43:34","guid":{"rendered":"https:\/\/regiaonews.net.br\/2022\/?p=45455"},"modified":"2021-04-19T08:43:34","modified_gmt":"2021-04-19T11:43:34","slug":"sp-abre-vacinacao-dos-profissionais-de-saude-a-partir-de-47-anos","status":"publish","type":"post","link":"https:\/\/regiaonews.net.br\/2022\/2021\/04\/19\/sp-abre-vacinacao-dos-profissionais-de-saude-a-partir-de-47-anos\/","title":{"rendered":"SP abre vacina\u00e7\u00e3o dos profissionais de sa\u00fade a partir de 47 anos"},"content":{"rendered":"<p><a href=\"https:\/\/regiaonews.net.br\/2022\/wp-content\/uploads\/2021\/04\/175610430_3576737035885558_3291722173747857931_n-3.jpg\"><img loading=\"lazy\" decoding=\"async\" class=\"alignnone size-medium wp-image-45437\" src=\"https:\/\/regiaonews.net.br\/2022\/wp-content\/uploads\/2021\/04\/175610430_3576737035885558_3291722173747857931_n-3-300x300.jpg\" alt=\"\" width=\"300\" height=\"300\" \/><\/a><\/p>\n<p><a href=\"https:\/\/regiaonews.net.br\/2022\/wp-content\/uploads\/2021\/04\/vacinacao_sp_0502214257_0.jpg\"><img loading=\"lazy\" decoding=\"async\" class=\"size-medium wp-image-45457\" src=\"https:\/\/regiaonews.net.br\/2022\/wp-content\/uploads\/2021\/04\/vacinacao_sp_0502214257_0-300x179.jpg\" alt=\"\" width=\"300\" height=\"179\" \/><\/a><\/p>\n<p>&nbsp;<\/p>\n<p>Come\u00e7a nesta segunda-feira (19) a vacina\u00e7\u00e3o do grupo priorit\u00e1rio formado por trabalhadores dos servi\u00e7os da \u00e1rea de sa\u00fade com 47, 48 e 49 anos na\u00a0capital\u00a0paulista. O p\u00fablico-alvo \u00e9 de cerca de 40 mil pessoas.<img decoding=\"async\" src=\"https:\/\/agenciabrasil.ebc.com.br\/ebc.png?id=1407156&amp;o=node\" \/><img decoding=\"async\" src=\"https:\/\/agenciabrasil.ebc.com.br\/ebc.gif?id=1407156&amp;o=node\" \/><\/p>\n<p>Trabalhadores dos servi\u00e7os de sa\u00fade s\u00e3o todos aqueles que atuam em espa\u00e7os e estabelecimentos de assist\u00eancia e vigil\u00e2ncia \u00e0 sa\u00fade, sejam eles hospitais, cl\u00ednicas, ambulat\u00f3rios, laborat\u00f3rios e outros locais.<\/p>\n<p>T\u00eam prioridade\u00a0neste momento m\u00e9dicos; enfermeiros\/t\u00e9cnicos e auxiliares; nutricionistas; fisioterapeutas\/ terapeutas ocupacionais; bi\u00f3logos; biom\u00e9dicos\/t\u00e9cnicos de laborat\u00f3rio que fa\u00e7am coleta de RT-PCR SARS CoV2 e an\u00e1lise de amostra de covid-19; farmac\u00eauticos\/t\u00e9cnico de farm\u00e1cia; odont\u00f3logos\/ASB (auxiliar de sa\u00fade bucal) e TSB (t\u00e9cnico de sa\u00fade bucal; fonoaudi\u00f3logos; psic\u00f3logos; assistentes sociais; profissionais da educa\u00e7\u00e3o f\u00edsica e m\u00e9dicos veterin\u00e1rios.<\/p>\n<p>Toda a rede de vacina\u00e7\u00e3o da cidade &#8211;\u00a0inclusive as 468 unidades b\u00e1sicas de Sa\u00fade (UBS) &#8211;\u00a0est\u00e1 dispon\u00edvel aos p\u00fablicos eleg\u00edveis da campanha, o que inclui pessoas de grupos priorit\u00e1rios anteriores que ainda n\u00e3o iniciaram ou completaram o esquema vacinal.<\/p>\n<p>A Secretaria Municipal de Sa\u00fade alerta que, mesmo ap\u00f3s a vacina\u00e7\u00e3o, as pessoas devem manter as regras de distanciamento social, o uso de m\u00e1scaras e a lavagem constante das m\u00e3os. O uso de \u00e1lcool em gel tamb\u00e9m segue indispens\u00e1vel.<\/p>\n<p>A secretaria recomenda ainda que as pessoas busquem a vacina de maneira gradual, evitando aglomera\u00e7\u00f5es nos postos da capital e preenchendo o pr\u00e9-cadastro no\u00a0<em>site<\/em>\u00a0<a href=\"https:\/\/vacinaja.sp.gov.br\/\" target=\"_blank\" rel=\"noopener\">Vacina J\u00e1<\/a>,\u00a0a fim de agilizar o tempo de atendimento para imuniza\u00e7\u00e3o.<\/p>\n<p>Informa\u00e7\u00f5es tamb\u00e9m podem ser obtidas acessando o\u00a0<em>link<\/em>\u00a0<a href=\"https:\/\/www.prefeitura.sp.gov.br\/cidade\/secretarias\/saude\/vigilancia_em_saude\/doencas_e_agravos\/coronavirus\/index.php?p=307599\" target=\"_blank\" rel=\"noopener\">Vacina Sampa<\/a>.<\/p>\n<p>fonte : Ag\u00eanciaBrasil<\/p>\n<p><a href=\"https:\/\/regiaonews.net.br\/2022\/wp-content\/uploads\/2021\/04\/33d927d6-6197-43d7-89ca-d7440b866f35-7.jpg\"><img loading=\"lazy\" decoding=\"async\" class=\"alignnone size-medium wp-image-45458\" src=\"https:\/\/regiaonews.net.br\/2022\/wp-content\/uploads\/2021\/04\/33d927d6-6197-43d7-89ca-d7440b866f35-7-300x298.jpg\" alt=\"\" width=\"300\" height=\"298\" \/><\/a><\/p>\n<p>&nbsp;<\/p>\n<p>&nbsp;<\/p>\n","protected":false},"excerpt":{"rendered":"<p>&nbsp; Come\u00e7a nesta segunda-feira (19) a vacina\u00e7\u00e3o do grupo priorit\u00e1rio<\/p>\n","protected":false},"author":2,"featured_media":45457,"comment_status":"open","ping_status":"open","sticky":false,"template":"","format":"standard","meta":{"footnotes":""},"categories":[25,7],"tags":[],"class_list":["post-45455","post","type-post","status-publish","format-standard","has-post-thumbnail","hentry","category-cidades","category-estado-de-sao-paulo"],"yoast_head":"<!-- This site is optimized with the Yoast SEO plugin v27.4 - https:\/\/yoast.com\/product\/yoast-seo-wordpress\/ -->\n<title>SP abre vacina\u00e7\u00e3o dos profissionais de sa\u00fade a partir de 47 anos - Regi\u00e3o News<\/title>\n<meta name=\"robots\" content=\"index, follow, max-snippet:-1, max-image-preview:large, max-video-preview:-1\" \/>\n<link rel=\"canonical\" href=\"https:\/\/regiaonews.net.br\/2022\/2021\/04\/19\/sp-abre-vacinacao-dos-profissionais-de-saude-a-partir-de-47-anos\/\" \/>\n<meta property=\"og:locale\" content=\"pt_BR\" \/>\n<meta property=\"og:type\" content=\"article\" \/>\n<meta property=\"og:title\" content=\"SP abre vacina\u00e7\u00e3o dos profissionais de sa\u00fade a partir de 47 anos - Regi\u00e3o News\" \/>\n<meta property=\"og:description\" content=\"&nbsp; Come\u00e7a nesta segunda-feira (19) a vacina\u00e7\u00e3o do grupo priorit\u00e1rio\" \/>\n<meta property=\"og:url\" content=\"https:\/\/regiaonews.net.br\/2022\/2021\/04\/19\/sp-abre-vacinacao-dos-profissionais-de-saude-a-partir-de-47-anos\/\" \/>\n<meta property=\"og:site_name\" content=\"Regi\u00e3o News\" \/>\n<meta property=\"article:published_time\" content=\"2021-04-19T11:43:34+00:00\" \/>\n<meta property=\"og:image\" content=\"https:\/\/regiaonews.net.br\/2022\/wp-content\/uploads\/2021\/04\/vacinacao_sp_0502214257_0.jpg\" \/>\n\t<meta property=\"og:image:width\" content=\"1170\" \/>\n\t<meta property=\"og:image:height\" content=\"700\" \/>\n\t<meta property=\"og:image:type\" content=\"image\/jpeg\" \/>\n<meta name=\"author\" content=\"Roberto\" \/>\n<meta name=\"twitter:card\" content=\"summary_large_image\" \/>\n<meta name=\"twitter:label1\" content=\"Escrito por\" \/>\n\t<meta name=\"twitter:data1\" content=\"Roberto\" \/>\n\t<meta name=\"twitter:label2\" content=\"Est. tempo de leitura\" \/>\n\t<meta name=\"twitter:data2\" content=\"2 minutos\" \/>\n<script type=\"application\/ld+json\" class=\"yoast-schema-graph\">{\"@context\":\"https:\\\/\\\/schema.org\",\"@graph\":[{\"@type\":\"Article\",\"@id\":\"https:\\\/\\\/regiaonews.net.br\\\/2022\\\/2021\\\/04\\\/19\\\/sp-abre-vacinacao-dos-profissionais-de-saude-a-partir-de-47-anos\\\/#article\",\"isPartOf\":{\"@id\":\"https:\\\/\\\/regiaonews.net.br\\\/2022\\\/2021\\\/04\\\/19\\\/sp-abre-vacinacao-dos-profissionais-de-saude-a-partir-de-47-anos\\\/\"},\"author\":{\"name\":\"Roberto\",\"@id\":\"https:\\\/\\\/regiaonews.net.br\\\/2022\\\/#\\\/schema\\\/person\\\/2d205a608a5aa97ac279d7a5e6d89ad8\"},\"headline\":\"SP abre vacina\u00e7\u00e3o dos profissionais de sa\u00fade a partir de 47 anos\",\"datePublished\":\"2021-04-19T11:43:34+00:00\",\"mainEntityOfPage\":{\"@id\":\"https:\\\/\\\/regiaonews.net.br\\\/2022\\\/2021\\\/04\\\/19\\\/sp-abre-vacinacao-dos-profissionais-de-saude-a-partir-de-47-anos\\\/\"},\"wordCount\":319,\"commentCount\":0,\"publisher\":{\"@id\":\"https:\\\/\\\/regiaonews.net.br\\\/2022\\\/#organization\"},\"image\":{\"@id\":\"https:\\\/\\\/regiaonews.net.br\\\/2022\\\/2021\\\/04\\\/19\\\/sp-abre-vacinacao-dos-profissionais-de-saude-a-partir-de-47-anos\\\/#primaryimage\"},\"thumbnailUrl\":\"https:\\\/\\\/regiaonews.net.br\\\/2022\\\/wp-content\\\/uploads\\\/2021\\\/04\\\/vacinacao_sp_0502214257_0.jpg\",\"articleSection\":[\"Cidades\",\"Estado de S\u00e3o Paulo\"],\"inLanguage\":\"pt-BR\",\"potentialAction\":[{\"@type\":\"CommentAction\",\"name\":\"Comment\",\"target\":[\"https:\\\/\\\/regiaonews.net.br\\\/2022\\\/2021\\\/04\\\/19\\\/sp-abre-vacinacao-dos-profissionais-de-saude-a-partir-de-47-anos\\\/#respond\"]}]},{\"@type\":\"WebPage\",\"@id\":\"https:\\\/\\\/regiaonews.net.br\\\/2022\\\/2021\\\/04\\\/19\\\/sp-abre-vacinacao-dos-profissionais-de-saude-a-partir-de-47-anos\\\/\",\"url\":\"https:\\\/\\\/regiaonews.net.br\\\/2022\\\/2021\\\/04\\\/19\\\/sp-abre-vacinacao-dos-profissionais-de-saude-a-partir-de-47-anos\\\/\",\"name\":\"SP abre vacina\u00e7\u00e3o dos profissionais de sa\u00fade a partir de 47 anos - Regi\u00e3o News\",\"isPartOf\":{\"@id\":\"https:\\\/\\\/regiaonews.net.br\\\/2022\\\/#website\"},\"primaryImageOfPage\":{\"@id\":\"https:\\\/\\\/regiaonews.net.br\\\/2022\\\/2021\\\/04\\\/19\\\/sp-abre-vacinacao-dos-profissionais-de-saude-a-partir-de-47-anos\\\/#primaryimage\"},\"image\":{\"@id\":\"https:\\\/\\\/regiaonews.net.br\\\/2022\\\/2021\\\/04\\\/19\\\/sp-abre-vacinacao-dos-profissionais-de-saude-a-partir-de-47-anos\\\/#primaryimage\"},\"thumbnailUrl\":\"https:\\\/\\\/regiaonews.net.br\\\/2022\\\/wp-content\\\/uploads\\\/2021\\\/04\\\/vacinacao_sp_0502214257_0.jpg\",\"datePublished\":\"2021-04-19T11:43:34+00:00\",\"breadcrumb\":{\"@id\":\"https:\\\/\\\/regiaonews.net.br\\\/2022\\\/2021\\\/04\\\/19\\\/sp-abre-vacinacao-dos-profissionais-de-saude-a-partir-de-47-anos\\\/#breadcrumb\"},\"inLanguage\":\"pt-BR\",\"potentialAction\":[{\"@type\":\"ReadAction\",\"target\":[\"https:\\\/\\\/regiaonews.net.br\\\/2022\\\/2021\\\/04\\\/19\\\/sp-abre-vacinacao-dos-profissionais-de-saude-a-partir-de-47-anos\\\/\"]}]},{\"@type\":\"ImageObject\",\"inLanguage\":\"pt-BR\",\"@id\":\"https:\\\/\\\/regiaonews.net.br\\\/2022\\\/2021\\\/04\\\/19\\\/sp-abre-vacinacao-dos-profissionais-de-saude-a-partir-de-47-anos\\\/#primaryimage\",\"url\":\"https:\\\/\\\/regiaonews.net.br\\\/2022\\\/wp-content\\\/uploads\\\/2021\\\/04\\\/vacinacao_sp_0502214257_0.jpg\",\"contentUrl\":\"https:\\\/\\\/regiaonews.net.br\\\/2022\\\/wp-content\\\/uploads\\\/2021\\\/04\\\/vacinacao_sp_0502214257_0.jpg\",\"width\":1170,\"height\":700,\"caption\":\"In\u00edcio da vacina\u00e7\u00e3o contra covid-19 em pessoas acima de 90 anos na UBS Santo Amaro.\"},{\"@type\":\"BreadcrumbList\",\"@id\":\"https:\\\/\\\/regiaonews.net.br\\\/2022\\\/2021\\\/04\\\/19\\\/sp-abre-vacinacao-dos-profissionais-de-saude-a-partir-de-47-anos\\\/#breadcrumb\",\"itemListElement\":[{\"@type\":\"ListItem\",\"position\":1,\"name\":\"In\u00edcio\",\"item\":\"https:\\\/\\\/regiaonews.net.br\\\/2022\\\/\"},{\"@type\":\"ListItem\",\"position\":2,\"name\":\"SP abre vacina\u00e7\u00e3o dos profissionais de sa\u00fade a partir de 47 anos\"}]},{\"@type\":\"WebSite\",\"@id\":\"https:\\\/\\\/regiaonews.net.br\\\/2022\\\/#website\",\"url\":\"https:\\\/\\\/regiaonews.net.br\\\/2022\\\/\",\"name\":\"Regi\u00e3o News\",\"description\":\"Site de Not\u00edcias de Barretos e regi\u00e3o\",\"publisher\":{\"@id\":\"https:\\\/\\\/regiaonews.net.br\\\/2022\\\/#organization\"},\"potentialAction\":[{\"@type\":\"SearchAction\",\"target\":{\"@type\":\"EntryPoint\",\"urlTemplate\":\"https:\\\/\\\/regiaonews.net.br\\\/2022\\\/?s={search_term_string}\"},\"query-input\":{\"@type\":\"PropertyValueSpecification\",\"valueRequired\":true,\"valueName\":\"search_term_string\"}}],\"inLanguage\":\"pt-BR\"},{\"@type\":\"Organization\",\"@id\":\"https:\\\/\\\/regiaonews.net.br\\\/2022\\\/#organization\",\"name\":\"Regi\u00e3o News\",\"url\":\"https:\\\/\\\/regiaonews.net.br\\\/2022\\\/\",\"logo\":{\"@type\":\"ImageObject\",\"inLanguage\":\"pt-BR\",\"@id\":\"https:\\\/\\\/regiaonews.net.br\\\/2022\\\/#\\\/schema\\\/logo\\\/image\\\/\",\"url\":\"https:\\\/\\\/regiaonews.net.br\\\/2022\\\/wp-content\\\/uploads\\\/2026\\\/03\\\/regiao-13-anos-scaled.jpg\",\"contentUrl\":\"https:\\\/\\\/regiaonews.net.br\\\/2022\\\/wp-content\\\/uploads\\\/2026\\\/03\\\/regiao-13-anos-scaled.jpg\",\"width\":2560,\"height\":635,\"caption\":\"Regi\u00e3o News\"},\"image\":{\"@id\":\"https:\\\/\\\/regiaonews.net.br\\\/2022\\\/#\\\/schema\\\/logo\\\/image\\\/\"}},{\"@type\":\"Person\",\"@id\":\"https:\\\/\\\/regiaonews.net.br\\\/2022\\\/#\\\/schema\\\/person\\\/2d205a608a5aa97ac279d7a5e6d89ad8\",\"name\":\"Roberto\",\"image\":{\"@type\":\"ImageObject\",\"inLanguage\":\"pt-BR\",\"@id\":\"https:\\\/\\\/secure.gravatar.com\\\/avatar\\\/42749d8b712ff9d59ca93dc150494e5b55a44134482993f5baeb97e61b7ecc89?s=96&d=mm&r=g\",\"url\":\"https:\\\/\\\/secure.gravatar.com\\\/avatar\\\/42749d8b712ff9d59ca93dc150494e5b55a44134482993f5baeb97e61b7ecc89?s=96&d=mm&r=g\",\"contentUrl\":\"https:\\\/\\\/secure.gravatar.com\\\/avatar\\\/42749d8b712ff9d59ca93dc150494e5b55a44134482993f5baeb97e61b7ecc89?s=96&d=mm&r=g\",\"caption\":\"Roberto\"},\"url\":\"https:\\\/\\\/regiaonews.net.br\\\/2022\\\/author\\\/roberto\\\/\"}]}<\/script>\n<!-- \/ Yoast SEO plugin. -->","yoast_head_json":{"title":"SP abre vacina\u00e7\u00e3o dos profissionais de sa\u00fade a partir de 47 anos - Regi\u00e3o News","robots":{"index":"index","follow":"follow","max-snippet":"max-snippet:-1","max-image-preview":"max-image-preview:large","max-video-preview":"max-video-preview:-1"},"canonical":"https:\/\/regiaonews.net.br\/2022\/2021\/04\/19\/sp-abre-vacinacao-dos-profissionais-de-saude-a-partir-de-47-anos\/","og_locale":"pt_BR","og_type":"article","og_title":"SP abre vacina\u00e7\u00e3o dos profissionais de sa\u00fade a partir de 47 anos - Regi\u00e3o News","og_description":"&nbsp; Come\u00e7a nesta segunda-feira (19) a vacina\u00e7\u00e3o do grupo priorit\u00e1rio","og_url":"https:\/\/regiaonews.net.br\/2022\/2021\/04\/19\/sp-abre-vacinacao-dos-profissionais-de-saude-a-partir-de-47-anos\/","og_site_name":"Regi\u00e3o News","article_published_time":"2021-04-19T11:43:34+00:00","og_image":[{"width":1170,"height":700,"url":"https:\/\/regiaonews.net.br\/2022\/wp-content\/uploads\/2021\/04\/vacinacao_sp_0502214257_0.jpg","type":"image\/jpeg"}],"author":"Roberto","twitter_card":"summary_large_image","twitter_misc":{"Escrito por":"Roberto","Est. tempo de leitura":"2 minutos"},"schema":{"@context":"https:\/\/schema.org","@graph":[{"@type":"Article","@id":"https:\/\/regiaonews.net.br\/2022\/2021\/04\/19\/sp-abre-vacinacao-dos-profissionais-de-saude-a-partir-de-47-anos\/#article","isPartOf":{"@id":"https:\/\/regiaonews.net.br\/2022\/2021\/04\/19\/sp-abre-vacinacao-dos-profissionais-de-saude-a-partir-de-47-anos\/"},"author":{"name":"Roberto","@id":"https:\/\/regiaonews.net.br\/2022\/#\/schema\/person\/2d205a608a5aa97ac279d7a5e6d89ad8"},"headline":"SP abre vacina\u00e7\u00e3o dos profissionais de sa\u00fade a partir de 47 anos","datePublished":"2021-04-19T11:43:34+00:00","mainEntityOfPage":{"@id":"https:\/\/regiaonews.net.br\/2022\/2021\/04\/19\/sp-abre-vacinacao-dos-profissionais-de-saude-a-partir-de-47-anos\/"},"wordCount":319,"commentCount":0,"publisher":{"@id":"https:\/\/regiaonews.net.br\/2022\/#organization"},"image":{"@id":"https:\/\/regiaonews.net.br\/2022\/2021\/04\/19\/sp-abre-vacinacao-dos-profissionais-de-saude-a-partir-de-47-anos\/#primaryimage"},"thumbnailUrl":"https:\/\/regiaonews.net.br\/2022\/wp-content\/uploads\/2021\/04\/vacinacao_sp_0502214257_0.jpg","articleSection":["Cidades","Estado de S\u00e3o Paulo"],"inLanguage":"pt-BR","potentialAction":[{"@type":"CommentAction","name":"Comment","target":["https:\/\/regiaonews.net.br\/2022\/2021\/04\/19\/sp-abre-vacinacao-dos-profissionais-de-saude-a-partir-de-47-anos\/#respond"]}]},{"@type":"WebPage","@id":"https:\/\/regiaonews.net.br\/2022\/2021\/04\/19\/sp-abre-vacinacao-dos-profissionais-de-saude-a-partir-de-47-anos\/","url":"https:\/\/regiaonews.net.br\/2022\/2021\/04\/19\/sp-abre-vacinacao-dos-profissionais-de-saude-a-partir-de-47-anos\/","name":"SP abre vacina\u00e7\u00e3o dos profissionais de sa\u00fade a partir de 47 anos - Regi\u00e3o News","isPartOf":{"@id":"https:\/\/regiaonews.net.br\/2022\/#website"},"primaryImageOfPage":{"@id":"https:\/\/regiaonews.net.br\/2022\/2021\/04\/19\/sp-abre-vacinacao-dos-profissionais-de-saude-a-partir-de-47-anos\/#primaryimage"},"image":{"@id":"https:\/\/regiaonews.net.br\/2022\/2021\/04\/19\/sp-abre-vacinacao-dos-profissionais-de-saude-a-partir-de-47-anos\/#primaryimage"},"thumbnailUrl":"https:\/\/regiaonews.net.br\/2022\/wp-content\/uploads\/2021\/04\/vacinacao_sp_0502214257_0.jpg","datePublished":"2021-04-19T11:43:34+00:00","breadcrumb":{"@id":"https:\/\/regiaonews.net.br\/2022\/2021\/04\/19\/sp-abre-vacinacao-dos-profissionais-de-saude-a-partir-de-47-anos\/#breadcrumb"},"inLanguage":"pt-BR","potentialAction":[{"@type":"ReadAction","target":["https:\/\/regiaonews.net.br\/2022\/2021\/04\/19\/sp-abre-vacinacao-dos-profissionais-de-saude-a-partir-de-47-anos\/"]}]},{"@type":"ImageObject","inLanguage":"pt-BR","@id":"https:\/\/regiaonews.net.br\/2022\/2021\/04\/19\/sp-abre-vacinacao-dos-profissionais-de-saude-a-partir-de-47-anos\/#primaryimage","url":"https:\/\/regiaonews.net.br\/2022\/wp-content\/uploads\/2021\/04\/vacinacao_sp_0502214257_0.jpg","contentUrl":"https:\/\/regiaonews.net.br\/2022\/wp-content\/uploads\/2021\/04\/vacinacao_sp_0502214257_0.jpg","width":1170,"height":700,"caption":"In\u00edcio da vacina\u00e7\u00e3o contra covid-19 em pessoas acima de 90 anos na UBS Santo Amaro."},{"@type":"BreadcrumbList","@id":"https:\/\/regiaonews.net.br\/2022\/2021\/04\/19\/sp-abre-vacinacao-dos-profissionais-de-saude-a-partir-de-47-anos\/#breadcrumb","itemListElement":[{"@type":"ListItem","position":1,"name":"In\u00edcio","item":"https:\/\/regiaonews.net.br\/2022\/"},{"@type":"ListItem","position":2,"name":"SP abre vacina\u00e7\u00e3o dos profissionais de sa\u00fade a partir de 47 anos"}]},{"@type":"WebSite","@id":"https:\/\/regiaonews.net.br\/2022\/#website","url":"https:\/\/regiaonews.net.br\/2022\/","name":"Regi\u00e3o News","description":"Site de Not\u00edcias de Barretos e regi\u00e3o","publisher":{"@id":"https:\/\/regiaonews.net.br\/2022\/#organization"},"potentialAction":[{"@type":"SearchAction","target":{"@type":"EntryPoint","urlTemplate":"https:\/\/regiaonews.net.br\/2022\/?s={search_term_string}"},"query-input":{"@type":"PropertyValueSpecification","valueRequired":true,"valueName":"search_term_string"}}],"inLanguage":"pt-BR"},{"@type":"Organization","@id":"https:\/\/regiaonews.net.br\/2022\/#organization","name":"Regi\u00e3o News","url":"https:\/\/regiaonews.net.br\/2022\/","logo":{"@type":"ImageObject","inLanguage":"pt-BR","@id":"https:\/\/regiaonews.net.br\/2022\/#\/schema\/logo\/image\/","url":"https:\/\/regiaonews.net.br\/2022\/wp-content\/uploads\/2026\/03\/regiao-13-anos-scaled.jpg","contentUrl":"https:\/\/regiaonews.net.br\/2022\/wp-content\/uploads\/2026\/03\/regiao-13-anos-scaled.jpg","width":2560,"height":635,"caption":"Regi\u00e3o News"},"image":{"@id":"https:\/\/regiaonews.net.br\/2022\/#\/schema\/logo\/image\/"}},{"@type":"Person","@id":"https:\/\/regiaonews.net.br\/2022\/#\/schema\/person\/2d205a608a5aa97ac279d7a5e6d89ad8","name":"Roberto","image":{"@type":"ImageObject","inLanguage":"pt-BR","@id":"https:\/\/secure.gravatar.com\/avatar\/42749d8b712ff9d59ca93dc150494e5b55a44134482993f5baeb97e61b7ecc89?s=96&d=mm&r=g","url":"https:\/\/secure.gravatar.com\/avatar\/42749d8b712ff9d59ca93dc150494e5b55a44134482993f5baeb97e61b7ecc89?s=96&d=mm&r=g","contentUrl":"https:\/\/secure.gravatar.com\/avatar\/42749d8b712ff9d59ca93dc150494e5b55a44134482993f5baeb97e61b7ecc89?s=96&d=mm&r=g","caption":"Roberto"},"url":"https:\/\/regiaonews.net.br\/2022\/author\/roberto\/"}]}},"publishpress_future_action":{"enabled":false,"date":"2026-05-04 07:46:09","action":"change-status","newStatus":"draft","terms":[],"taxonomy":"category","extraData":[]},"publishpress_future_workflow_manual_trigger":{"enabledWorkflows":[]},"_links":{"self":[{"href":"https:\/\/regiaonews.net.br\/2022\/wp-json\/wp\/v2\/posts\/45455","targetHints":{"allow":["GET"]}}],"collection":[{"href":"https:\/\/regiaonews.net.br\/2022\/wp-json\/wp\/v2\/posts"}],"about":[{"href":"https:\/\/regiaonews.net.br\/2022\/wp-json\/wp\/v2\/types\/post"}],"author":[{"embeddable":true,"href":"https:\/\/regiaonews.net.br\/2022\/wp-json\/wp\/v2\/users\/2"}],"replies":[{"embeddable":true,"href":"https:\/\/regiaonews.net.br\/2022\/wp-json\/wp\/v2\/comments?post=45455"}],"version-history":[{"count":0,"href":"https:\/\/regiaonews.net.br\/2022\/wp-json\/wp\/v2\/posts\/45455\/revisions"}],"wp:featuredmedia":[{"embeddable":true,"href":"https:\/\/regiaonews.net.br\/2022\/wp-json\/wp\/v2\/media\/45457"}],"wp:attachment":[{"href":"https:\/\/regiaonews.net.br\/2022\/wp-json\/wp\/v2\/media?parent=45455"}],"wp:term":[{"taxonomy":"category","embeddable":true,"href":"https:\/\/regiaonews.net.br\/2022\/wp-json\/wp\/v2\/categories?post=45455"},{"taxonomy":"post_tag","embeddable":true,"href":"https:\/\/regiaonews.net.br\/2022\/wp-json\/wp\/v2\/tags?post=45455"}],"curies":[{"name":"wp","href":"https:\/\/api.w.org\/{rel}","templated":true}]}}