{"id":45232,"date":"2021-04-15T12:04:42","date_gmt":"2021-04-15T15:04:42","guid":{"rendered":"https:\/\/regiaonews.net.br\/2022\/?p=45232"},"modified":"2021-04-15T12:33:21","modified_gmt":"2021-04-15T15:33:21","slug":"governo-de-sp-notifica-14-prefeituras-por-desrespeito-as-regras-de-decreto-da-quarentena","status":"publish","type":"post","link":"https:\/\/regiaonews.net.br\/2022\/2021\/04\/15\/governo-de-sp-notifica-14-prefeituras-por-desrespeito-as-regras-de-decreto-da-quarentena\/","title":{"rendered":"Governo de SP notifica 14 prefeituras por desrespeito \u00e0s regras de decreto da quarentena"},"content":{"rendered":"<p class=\"content-head__subtitle\">Notifica\u00e7\u00f5es foram expedidas pela Secretaria de Desenvolvimento Regional desde s\u00e1bado (10) e envolvem casos como a abertura de bares, restaurantes e quiosques em praias do litoral norte \u2013 o que n\u00e3o \u00e9 permitido durante a fase vermelha do Plano S\u00e3o Paulo<\/p>\n<div class=\"mc-column content-text active-extra-styles \" data-block-type=\"unstyled\" data-block-weight=\"40\" data-block-id=\"2\">\n<p class=\"content-text__container \" data-track-category=\"Link no Texto\" data-track-links=\"\">O governo do estado de S\u00e3o Paulo notificou, desde s\u00e1bado (10),\u00a0<span class=\"highlight highlighted\">14 prefeituras por desrespeitarem o decreto estadual da quarentena<\/span>. Todo o estado est\u00e1 na fase vermelha do Plano S\u00e3o Paulo. As atuais regras sanit\u00e1rias valem at\u00e9 este domingo (18).<\/p>\n<\/div>\n<div class=\"wall protected-content\">\n<div class=\"mc-column content-text active-extra-styles \" data-block-type=\"unstyled\" data-block-weight=\"38\" data-block-id=\"3\">\n<p class=\"content-text__container \" data-track-category=\"Link no Texto\" data-track-links=\"\">Entre as situa\u00e7\u00f5es de desobedi\u00eancia identificadas pelo monitoramento realizado pela Secretaria de Desenvolvimento Regional est\u00e3o: abertura de bares, restaurantes e quiosques e a libera\u00e7\u00e3o de cultos religiosos em cidades do litoral norte, como Caraguatatuba, S\u00e3o Sebasti\u00e3o e Ilhabela.<\/p>\n<\/div>\n<div class=\"mc-column content-text active-extra-styles \" data-block-type=\"unstyled\" data-block-weight=\"44\" data-block-id=\"4\">\n<p class=\"content-text__container \" data-track-category=\"Link no Texto\" data-track-links=\"\">H\u00e1 casos tamb\u00e9m de cidades que j\u00e1 voltaram atr\u00e1s nas medidas, como Araraquara, que liberou a realiza\u00e7\u00e3o de cultos e missas por meio de um decreto da prefeitura publicado no s\u00e1bado (10). Depois, cancelou o pr\u00f3prio decreto ap\u00f3s ser notificada pelo governo do estado.<\/p>\n<\/div>\n<div class=\"mc-column content-text active-extra-styles \" data-block-type=\"unstyled\" data-block-weight=\"15\" data-block-id=\"5\">\n<p class=\"content-text__container \" data-track-category=\"Link no Texto\" data-track-links=\"\">De acordo com a Secretaria de Desenvolvimento Regional, foram notificadas at\u00e9 agora as seguintes prefeituras:<\/p>\n<\/div>\n<div class=\"mc-column content-text active-extra-styles\" data-block-type=\"raw\" data-block-weight=\"22\" data-block-id=\"6\">\n<ol class=\"content-ordered-list theme-ordered-list-color-primary\">\n<li>Caraguatatuba<\/li>\n<li>Atibaia<\/li>\n<li>S\u00e3o Vicente<\/li>\n<li>Andradina<\/li>\n<li>Piedade<\/li>\n<li>S\u00e3o Bernardo do Campo<\/li>\n<li>Ribeir\u00e3o Pires<\/li>\n<li>Itapecerica da Serra<\/li>\n<li>Ilhabela<\/li>\n<li>Araraquara<\/li>\n<li>Barretos<\/li>\n<li>S\u00e3o Sebasti\u00e3o<\/li>\n<li>Cubat\u00e3o<\/li>\n<li>Amparo<\/li>\n<\/ol>\n<div class=\"mc-column content-text active-extra-styles\" data-block-type=\"raw\" data-block-weight=\"2\" data-block-id=\"7\">\n<div class=\"content-intertitle\">\n<h2>Efeito pr\u00e1tico<\/h2>\n<\/div>\n<p>&nbsp;<\/p>\n<\/div>\n<div class=\"mc-column content-text active-extra-styles \" data-block-type=\"unstyled\" data-block-weight=\"37\" data-block-id=\"8\">\n<p class=\"content-text__container \" data-track-category=\"Link no Texto\" data-track-links=\"\">Quando notifica uma prefeitura por desobedecer alguma norma estabelecida pelo Plano S\u00e3o Paulo, a Secretaria de Desenvolvimento Regional orienta a prefeitura a anular o decreto ou a portaria que, por exemplo, contrarie o decreto estadual da quarentena.<\/p>\n<\/div>\n<div class=\"mc-column content-text active-extra-styles \" data-block-type=\"unstyled\" data-block-weight=\"61\" data-block-id=\"9\">\n<p class=\"content-text__container \" data-track-category=\"Link no Texto\" data-track-links=\"\">Al\u00e9m disso, a Secretaria encaminha a notifica\u00e7\u00e3o ao Minist\u00e9rio P\u00fablico Estadual de S\u00e3o Paulo para que seja tomada a medida cab\u00edvel. Nesse caso, uma consequ\u00eancia comum \u00e9 a Procuradoria-Geral de Justi\u00e7a ajuizar uma A\u00e7\u00e3o Direta de Inconstitucionalidade (Adins) para que o Tribunal de Justi\u00e7a de S\u00e3o Paulo anule um decreto municipal que estabele\u00e7a normas mais flex\u00edveis do que o decreto estadual.<\/p>\n<\/div>\n<p>fonte : G1<\/p>\n<\/div>\n<\/div>\n","protected":false},"excerpt":{"rendered":"<p>Notifica\u00e7\u00f5es foram expedidas pela Secretaria de Desenvolvimento Regional desde s\u00e1bado<\/p>\n","protected":false},"author":2,"featured_media":39603,"comment_status":"open","ping_status":"open","sticky":false,"template":"","format":"standard","meta":{"footnotes":""},"categories":[7],"tags":[],"class_list":["post-45232","post","type-post","status-publish","format-standard","has-post-thumbnail","hentry","category-estado-de-sao-paulo"],"yoast_head":"<!-- This site is optimized with the Yoast SEO plugin v27.4 - https:\/\/yoast.com\/product\/yoast-seo-wordpress\/ -->\n<title>Governo de SP notifica 14 prefeituras por desrespeito \u00e0s regras de decreto da quarentena - Regi\u00e3o News<\/title>\n<meta name=\"robots\" content=\"index, follow, max-snippet:-1, max-image-preview:large, max-video-preview:-1\" \/>\n<link rel=\"canonical\" href=\"https:\/\/regiaonews.net.br\/2022\/2021\/04\/15\/governo-de-sp-notifica-14-prefeituras-por-desrespeito-as-regras-de-decreto-da-quarentena\/\" \/>\n<meta property=\"og:locale\" content=\"pt_BR\" \/>\n<meta property=\"og:type\" content=\"article\" \/>\n<meta property=\"og:title\" content=\"Governo de SP notifica 14 prefeituras por desrespeito \u00e0s regras de decreto da quarentena - Regi\u00e3o News\" \/>\n<meta property=\"og:description\" content=\"Notifica\u00e7\u00f5es foram expedidas pela Secretaria de Desenvolvimento Regional desde s\u00e1bado\" \/>\n<meta property=\"og:url\" content=\"https:\/\/regiaonews.net.br\/2022\/2021\/04\/15\/governo-de-sp-notifica-14-prefeituras-por-desrespeito-as-regras-de-decreto-da-quarentena\/\" \/>\n<meta property=\"og:site_name\" content=\"Regi\u00e3o News\" \/>\n<meta property=\"article:published_time\" content=\"2021-04-15T15:04:42+00:00\" \/>\n<meta property=\"article:modified_time\" content=\"2021-04-15T15:33:21+00:00\" \/>\n<meta property=\"og:image\" content=\"https:\/\/regiaonews.net.br\/2022\/wp-content\/uploads\/2020\/11\/governador-de-sao-paulo-joao-doria-psdb-1599060541580_v2_900x506.jpg\" \/>\n\t<meta property=\"og:image:width\" content=\"900\" \/>\n\t<meta property=\"og:image:height\" content=\"506\" \/>\n\t<meta property=\"og:image:type\" content=\"image\/jpeg\" \/>\n<meta name=\"author\" content=\"Roberto\" \/>\n<meta name=\"twitter:card\" content=\"summary_large_image\" \/>\n<meta name=\"twitter:label1\" content=\"Escrito por\" \/>\n\t<meta name=\"twitter:data1\" content=\"Roberto\" \/>\n\t<meta name=\"twitter:label2\" content=\"Est. tempo de leitura\" \/>\n\t<meta name=\"twitter:data2\" content=\"2 minutos\" \/>\n<script type=\"application\/ld+json\" class=\"yoast-schema-graph\">{\"@context\":\"https:\\\/\\\/schema.org\",\"@graph\":[{\"@type\":\"Article\",\"@id\":\"https:\\\/\\\/regiaonews.net.br\\\/2022\\\/2021\\\/04\\\/15\\\/governo-de-sp-notifica-14-prefeituras-por-desrespeito-as-regras-de-decreto-da-quarentena\\\/#article\",\"isPartOf\":{\"@id\":\"https:\\\/\\\/regiaonews.net.br\\\/2022\\\/2021\\\/04\\\/15\\\/governo-de-sp-notifica-14-prefeituras-por-desrespeito-as-regras-de-decreto-da-quarentena\\\/\"},\"author\":{\"name\":\"Roberto\",\"@id\":\"https:\\\/\\\/regiaonews.net.br\\\/2022\\\/#\\\/schema\\\/person\\\/2d205a608a5aa97ac279d7a5e6d89ad8\"},\"headline\":\"Governo de SP notifica 14 prefeituras por desrespeito \u00e0s regras de decreto da quarentena\",\"datePublished\":\"2021-04-15T15:04:42+00:00\",\"dateModified\":\"2021-04-15T15:33:21+00:00\",\"mainEntityOfPage\":{\"@id\":\"https:\\\/\\\/regiaonews.net.br\\\/2022\\\/2021\\\/04\\\/15\\\/governo-de-sp-notifica-14-prefeituras-por-desrespeito-as-regras-de-decreto-da-quarentena\\\/\"},\"wordCount\":349,\"commentCount\":0,\"publisher\":{\"@id\":\"https:\\\/\\\/regiaonews.net.br\\\/2022\\\/#organization\"},\"image\":{\"@id\":\"https:\\\/\\\/regiaonews.net.br\\\/2022\\\/2021\\\/04\\\/15\\\/governo-de-sp-notifica-14-prefeituras-por-desrespeito-as-regras-de-decreto-da-quarentena\\\/#primaryimage\"},\"thumbnailUrl\":\"https:\\\/\\\/regiaonews.net.br\\\/2022\\\/wp-content\\\/uploads\\\/2020\\\/11\\\/governador-de-sao-paulo-joao-doria-psdb-1599060541580_v2_900x506.jpg\",\"articleSection\":[\"Estado de S\u00e3o Paulo\"],\"inLanguage\":\"pt-BR\",\"potentialAction\":[{\"@type\":\"CommentAction\",\"name\":\"Comment\",\"target\":[\"https:\\\/\\\/regiaonews.net.br\\\/2022\\\/2021\\\/04\\\/15\\\/governo-de-sp-notifica-14-prefeituras-por-desrespeito-as-regras-de-decreto-da-quarentena\\\/#respond\"]}]},{\"@type\":\"WebPage\",\"@id\":\"https:\\\/\\\/regiaonews.net.br\\\/2022\\\/2021\\\/04\\\/15\\\/governo-de-sp-notifica-14-prefeituras-por-desrespeito-as-regras-de-decreto-da-quarentena\\\/\",\"url\":\"https:\\\/\\\/regiaonews.net.br\\\/2022\\\/2021\\\/04\\\/15\\\/governo-de-sp-notifica-14-prefeituras-por-desrespeito-as-regras-de-decreto-da-quarentena\\\/\",\"name\":\"Governo de SP notifica 14 prefeituras por desrespeito \u00e0s regras de decreto da quarentena - Regi\u00e3o News\",\"isPartOf\":{\"@id\":\"https:\\\/\\\/regiaonews.net.br\\\/2022\\\/#website\"},\"primaryImageOfPage\":{\"@id\":\"https:\\\/\\\/regiaonews.net.br\\\/2022\\\/2021\\\/04\\\/15\\\/governo-de-sp-notifica-14-prefeituras-por-desrespeito-as-regras-de-decreto-da-quarentena\\\/#primaryimage\"},\"image\":{\"@id\":\"https:\\\/\\\/regiaonews.net.br\\\/2022\\\/2021\\\/04\\\/15\\\/governo-de-sp-notifica-14-prefeituras-por-desrespeito-as-regras-de-decreto-da-quarentena\\\/#primaryimage\"},\"thumbnailUrl\":\"https:\\\/\\\/regiaonews.net.br\\\/2022\\\/wp-content\\\/uploads\\\/2020\\\/11\\\/governador-de-sao-paulo-joao-doria-psdb-1599060541580_v2_900x506.jpg\",\"datePublished\":\"2021-04-15T15:04:42+00:00\",\"dateModified\":\"2021-04-15T15:33:21+00:00\",\"breadcrumb\":{\"@id\":\"https:\\\/\\\/regiaonews.net.br\\\/2022\\\/2021\\\/04\\\/15\\\/governo-de-sp-notifica-14-prefeituras-por-desrespeito-as-regras-de-decreto-da-quarentena\\\/#breadcrumb\"},\"inLanguage\":\"pt-BR\",\"potentialAction\":[{\"@type\":\"ReadAction\",\"target\":[\"https:\\\/\\\/regiaonews.net.br\\\/2022\\\/2021\\\/04\\\/15\\\/governo-de-sp-notifica-14-prefeituras-por-desrespeito-as-regras-de-decreto-da-quarentena\\\/\"]}]},{\"@type\":\"ImageObject\",\"inLanguage\":\"pt-BR\",\"@id\":\"https:\\\/\\\/regiaonews.net.br\\\/2022\\\/2021\\\/04\\\/15\\\/governo-de-sp-notifica-14-prefeituras-por-desrespeito-as-regras-de-decreto-da-quarentena\\\/#primaryimage\",\"url\":\"https:\\\/\\\/regiaonews.net.br\\\/2022\\\/wp-content\\\/uploads\\\/2020\\\/11\\\/governador-de-sao-paulo-joao-doria-psdb-1599060541580_v2_900x506.jpg\",\"contentUrl\":\"https:\\\/\\\/regiaonews.net.br\\\/2022\\\/wp-content\\\/uploads\\\/2020\\\/11\\\/governador-de-sao-paulo-joao-doria-psdb-1599060541580_v2_900x506.jpg\",\"width\":900,\"height\":506},{\"@type\":\"BreadcrumbList\",\"@id\":\"https:\\\/\\\/regiaonews.net.br\\\/2022\\\/2021\\\/04\\\/15\\\/governo-de-sp-notifica-14-prefeituras-por-desrespeito-as-regras-de-decreto-da-quarentena\\\/#breadcrumb\",\"itemListElement\":[{\"@type\":\"ListItem\",\"position\":1,\"name\":\"In\u00edcio\",\"item\":\"https:\\\/\\\/regiaonews.net.br\\\/2022\\\/\"},{\"@type\":\"ListItem\",\"position\":2,\"name\":\"Governo de SP notifica 14 prefeituras por desrespeito \u00e0s regras de decreto da quarentena\"}]},{\"@type\":\"WebSite\",\"@id\":\"https:\\\/\\\/regiaonews.net.br\\\/2022\\\/#website\",\"url\":\"https:\\\/\\\/regiaonews.net.br\\\/2022\\\/\",\"name\":\"Regi\u00e3o News\",\"description\":\"Site de Not\u00edcias de Barretos e regi\u00e3o\",\"publisher\":{\"@id\":\"https:\\\/\\\/regiaonews.net.br\\\/2022\\\/#organization\"},\"potentialAction\":[{\"@type\":\"SearchAction\",\"target\":{\"@type\":\"EntryPoint\",\"urlTemplate\":\"https:\\\/\\\/regiaonews.net.br\\\/2022\\\/?s={search_term_string}\"},\"query-input\":{\"@type\":\"PropertyValueSpecification\",\"valueRequired\":true,\"valueName\":\"search_term_string\"}}],\"inLanguage\":\"pt-BR\"},{\"@type\":\"Organization\",\"@id\":\"https:\\\/\\\/regiaonews.net.br\\\/2022\\\/#organization\",\"name\":\"Regi\u00e3o News\",\"url\":\"https:\\\/\\\/regiaonews.net.br\\\/2022\\\/\",\"logo\":{\"@type\":\"ImageObject\",\"inLanguage\":\"pt-BR\",\"@id\":\"https:\\\/\\\/regiaonews.net.br\\\/2022\\\/#\\\/schema\\\/logo\\\/image\\\/\",\"url\":\"https:\\\/\\\/regiaonews.net.br\\\/2022\\\/wp-content\\\/uploads\\\/2026\\\/03\\\/regiao-13-anos-scaled.jpg\",\"contentUrl\":\"https:\\\/\\\/regiaonews.net.br\\\/2022\\\/wp-content\\\/uploads\\\/2026\\\/03\\\/regiao-13-anos-scaled.jpg\",\"width\":2560,\"height\":635,\"caption\":\"Regi\u00e3o News\"},\"image\":{\"@id\":\"https:\\\/\\\/regiaonews.net.br\\\/2022\\\/#\\\/schema\\\/logo\\\/image\\\/\"}},{\"@type\":\"Person\",\"@id\":\"https:\\\/\\\/regiaonews.net.br\\\/2022\\\/#\\\/schema\\\/person\\\/2d205a608a5aa97ac279d7a5e6d89ad8\",\"name\":\"Roberto\",\"image\":{\"@type\":\"ImageObject\",\"inLanguage\":\"pt-BR\",\"@id\":\"https:\\\/\\\/secure.gravatar.com\\\/avatar\\\/42749d8b712ff9d59ca93dc150494e5b55a44134482993f5baeb97e61b7ecc89?s=96&d=mm&r=g\",\"url\":\"https:\\\/\\\/secure.gravatar.com\\\/avatar\\\/42749d8b712ff9d59ca93dc150494e5b55a44134482993f5baeb97e61b7ecc89?s=96&d=mm&r=g\",\"contentUrl\":\"https:\\\/\\\/secure.gravatar.com\\\/avatar\\\/42749d8b712ff9d59ca93dc150494e5b55a44134482993f5baeb97e61b7ecc89?s=96&d=mm&r=g\",\"caption\":\"Roberto\"},\"url\":\"https:\\\/\\\/regiaonews.net.br\\\/2022\\\/author\\\/roberto\\\/\"}]}<\/script>\n<!-- \/ Yoast SEO plugin. -->","yoast_head_json":{"title":"Governo de SP notifica 14 prefeituras por desrespeito \u00e0s regras de decreto da quarentena - Regi\u00e3o News","robots":{"index":"index","follow":"follow","max-snippet":"max-snippet:-1","max-image-preview":"max-image-preview:large","max-video-preview":"max-video-preview:-1"},"canonical":"https:\/\/regiaonews.net.br\/2022\/2021\/04\/15\/governo-de-sp-notifica-14-prefeituras-por-desrespeito-as-regras-de-decreto-da-quarentena\/","og_locale":"pt_BR","og_type":"article","og_title":"Governo de SP notifica 14 prefeituras por desrespeito \u00e0s regras de decreto da quarentena - Regi\u00e3o News","og_description":"Notifica\u00e7\u00f5es foram expedidas pela Secretaria de Desenvolvimento Regional desde s\u00e1bado","og_url":"https:\/\/regiaonews.net.br\/2022\/2021\/04\/15\/governo-de-sp-notifica-14-prefeituras-por-desrespeito-as-regras-de-decreto-da-quarentena\/","og_site_name":"Regi\u00e3o News","article_published_time":"2021-04-15T15:04:42+00:00","article_modified_time":"2021-04-15T15:33:21+00:00","og_image":[{"width":900,"height":506,"url":"https:\/\/regiaonews.net.br\/2022\/wp-content\/uploads\/2020\/11\/governador-de-sao-paulo-joao-doria-psdb-1599060541580_v2_900x506.jpg","type":"image\/jpeg"}],"author":"Roberto","twitter_card":"summary_large_image","twitter_misc":{"Escrito por":"Roberto","Est. tempo de leitura":"2 minutos"},"schema":{"@context":"https:\/\/schema.org","@graph":[{"@type":"Article","@id":"https:\/\/regiaonews.net.br\/2022\/2021\/04\/15\/governo-de-sp-notifica-14-prefeituras-por-desrespeito-as-regras-de-decreto-da-quarentena\/#article","isPartOf":{"@id":"https:\/\/regiaonews.net.br\/2022\/2021\/04\/15\/governo-de-sp-notifica-14-prefeituras-por-desrespeito-as-regras-de-decreto-da-quarentena\/"},"author":{"name":"Roberto","@id":"https:\/\/regiaonews.net.br\/2022\/#\/schema\/person\/2d205a608a5aa97ac279d7a5e6d89ad8"},"headline":"Governo de SP notifica 14 prefeituras por desrespeito \u00e0s regras de decreto da quarentena","datePublished":"2021-04-15T15:04:42+00:00","dateModified":"2021-04-15T15:33:21+00:00","mainEntityOfPage":{"@id":"https:\/\/regiaonews.net.br\/2022\/2021\/04\/15\/governo-de-sp-notifica-14-prefeituras-por-desrespeito-as-regras-de-decreto-da-quarentena\/"},"wordCount":349,"commentCount":0,"publisher":{"@id":"https:\/\/regiaonews.net.br\/2022\/#organization"},"image":{"@id":"https:\/\/regiaonews.net.br\/2022\/2021\/04\/15\/governo-de-sp-notifica-14-prefeituras-por-desrespeito-as-regras-de-decreto-da-quarentena\/#primaryimage"},"thumbnailUrl":"https:\/\/regiaonews.net.br\/2022\/wp-content\/uploads\/2020\/11\/governador-de-sao-paulo-joao-doria-psdb-1599060541580_v2_900x506.jpg","articleSection":["Estado de S\u00e3o Paulo"],"inLanguage":"pt-BR","potentialAction":[{"@type":"CommentAction","name":"Comment","target":["https:\/\/regiaonews.net.br\/2022\/2021\/04\/15\/governo-de-sp-notifica-14-prefeituras-por-desrespeito-as-regras-de-decreto-da-quarentena\/#respond"]}]},{"@type":"WebPage","@id":"https:\/\/regiaonews.net.br\/2022\/2021\/04\/15\/governo-de-sp-notifica-14-prefeituras-por-desrespeito-as-regras-de-decreto-da-quarentena\/","url":"https:\/\/regiaonews.net.br\/2022\/2021\/04\/15\/governo-de-sp-notifica-14-prefeituras-por-desrespeito-as-regras-de-decreto-da-quarentena\/","name":"Governo de SP notifica 14 prefeituras por desrespeito \u00e0s regras de decreto da quarentena - Regi\u00e3o News","isPartOf":{"@id":"https:\/\/regiaonews.net.br\/2022\/#website"},"primaryImageOfPage":{"@id":"https:\/\/regiaonews.net.br\/2022\/2021\/04\/15\/governo-de-sp-notifica-14-prefeituras-por-desrespeito-as-regras-de-decreto-da-quarentena\/#primaryimage"},"image":{"@id":"https:\/\/regiaonews.net.br\/2022\/2021\/04\/15\/governo-de-sp-notifica-14-prefeituras-por-desrespeito-as-regras-de-decreto-da-quarentena\/#primaryimage"},"thumbnailUrl":"https:\/\/regiaonews.net.br\/2022\/wp-content\/uploads\/2020\/11\/governador-de-sao-paulo-joao-doria-psdb-1599060541580_v2_900x506.jpg","datePublished":"2021-04-15T15:04:42+00:00","dateModified":"2021-04-15T15:33:21+00:00","breadcrumb":{"@id":"https:\/\/regiaonews.net.br\/2022\/2021\/04\/15\/governo-de-sp-notifica-14-prefeituras-por-desrespeito-as-regras-de-decreto-da-quarentena\/#breadcrumb"},"inLanguage":"pt-BR","potentialAction":[{"@type":"ReadAction","target":["https:\/\/regiaonews.net.br\/2022\/2021\/04\/15\/governo-de-sp-notifica-14-prefeituras-por-desrespeito-as-regras-de-decreto-da-quarentena\/"]}]},{"@type":"ImageObject","inLanguage":"pt-BR","@id":"https:\/\/regiaonews.net.br\/2022\/2021\/04\/15\/governo-de-sp-notifica-14-prefeituras-por-desrespeito-as-regras-de-decreto-da-quarentena\/#primaryimage","url":"https:\/\/regiaonews.net.br\/2022\/wp-content\/uploads\/2020\/11\/governador-de-sao-paulo-joao-doria-psdb-1599060541580_v2_900x506.jpg","contentUrl":"https:\/\/regiaonews.net.br\/2022\/wp-content\/uploads\/2020\/11\/governador-de-sao-paulo-joao-doria-psdb-1599060541580_v2_900x506.jpg","width":900,"height":506},{"@type":"BreadcrumbList","@id":"https:\/\/regiaonews.net.br\/2022\/2021\/04\/15\/governo-de-sp-notifica-14-prefeituras-por-desrespeito-as-regras-de-decreto-da-quarentena\/#breadcrumb","itemListElement":[{"@type":"ListItem","position":1,"name":"In\u00edcio","item":"https:\/\/regiaonews.net.br\/2022\/"},{"@type":"ListItem","position":2,"name":"Governo de SP notifica 14 prefeituras por desrespeito \u00e0s regras de decreto da quarentena"}]},{"@type":"WebSite","@id":"https:\/\/regiaonews.net.br\/2022\/#website","url":"https:\/\/regiaonews.net.br\/2022\/","name":"Regi\u00e3o News","description":"Site de Not\u00edcias de Barretos e regi\u00e3o","publisher":{"@id":"https:\/\/regiaonews.net.br\/2022\/#organization"},"potentialAction":[{"@type":"SearchAction","target":{"@type":"EntryPoint","urlTemplate":"https:\/\/regiaonews.net.br\/2022\/?s={search_term_string}"},"query-input":{"@type":"PropertyValueSpecification","valueRequired":true,"valueName":"search_term_string"}}],"inLanguage":"pt-BR"},{"@type":"Organization","@id":"https:\/\/regiaonews.net.br\/2022\/#organization","name":"Regi\u00e3o News","url":"https:\/\/regiaonews.net.br\/2022\/","logo":{"@type":"ImageObject","inLanguage":"pt-BR","@id":"https:\/\/regiaonews.net.br\/2022\/#\/schema\/logo\/image\/","url":"https:\/\/regiaonews.net.br\/2022\/wp-content\/uploads\/2026\/03\/regiao-13-anos-scaled.jpg","contentUrl":"https:\/\/regiaonews.net.br\/2022\/wp-content\/uploads\/2026\/03\/regiao-13-anos-scaled.jpg","width":2560,"height":635,"caption":"Regi\u00e3o News"},"image":{"@id":"https:\/\/regiaonews.net.br\/2022\/#\/schema\/logo\/image\/"}},{"@type":"Person","@id":"https:\/\/regiaonews.net.br\/2022\/#\/schema\/person\/2d205a608a5aa97ac279d7a5e6d89ad8","name":"Roberto","image":{"@type":"ImageObject","inLanguage":"pt-BR","@id":"https:\/\/secure.gravatar.com\/avatar\/42749d8b712ff9d59ca93dc150494e5b55a44134482993f5baeb97e61b7ecc89?s=96&d=mm&r=g","url":"https:\/\/secure.gravatar.com\/avatar\/42749d8b712ff9d59ca93dc150494e5b55a44134482993f5baeb97e61b7ecc89?s=96&d=mm&r=g","contentUrl":"https:\/\/secure.gravatar.com\/avatar\/42749d8b712ff9d59ca93dc150494e5b55a44134482993f5baeb97e61b7ecc89?s=96&d=mm&r=g","caption":"Roberto"},"url":"https:\/\/regiaonews.net.br\/2022\/author\/roberto\/"}]}},"publishpress_future_action":{"enabled":false,"date":"2026-05-02 05:59:48","action":"change-status","newStatus":"draft","terms":[],"taxonomy":"category","extraData":[]},"publishpress_future_workflow_manual_trigger":{"enabledWorkflows":[]},"_links":{"self":[{"href":"https:\/\/regiaonews.net.br\/2022\/wp-json\/wp\/v2\/posts\/45232","targetHints":{"allow":["GET"]}}],"collection":[{"href":"https:\/\/regiaonews.net.br\/2022\/wp-json\/wp\/v2\/posts"}],"about":[{"href":"https:\/\/regiaonews.net.br\/2022\/wp-json\/wp\/v2\/types\/post"}],"author":[{"embeddable":true,"href":"https:\/\/regiaonews.net.br\/2022\/wp-json\/wp\/v2\/users\/2"}],"replies":[{"embeddable":true,"href":"https:\/\/regiaonews.net.br\/2022\/wp-json\/wp\/v2\/comments?post=45232"}],"version-history":[{"count":0,"href":"https:\/\/regiaonews.net.br\/2022\/wp-json\/wp\/v2\/posts\/45232\/revisions"}],"wp:featuredmedia":[{"embeddable":true,"href":"https:\/\/regiaonews.net.br\/2022\/wp-json\/wp\/v2\/media\/39603"}],"wp:attachment":[{"href":"https:\/\/regiaonews.net.br\/2022\/wp-json\/wp\/v2\/media?parent=45232"}],"wp:term":[{"taxonomy":"category","embeddable":true,"href":"https:\/\/regiaonews.net.br\/2022\/wp-json\/wp\/v2\/categories?post=45232"},{"taxonomy":"post_tag","embeddable":true,"href":"https:\/\/regiaonews.net.br\/2022\/wp-json\/wp\/v2\/tags?post=45232"}],"curies":[{"name":"wp","href":"https:\/\/api.w.org\/{rel}","templated":true}]}}