{"id":45226,"date":"2021-04-15T10:06:02","date_gmt":"2021-04-15T13:06:02","guid":{"rendered":"https:\/\/regiaonews.net.br\/2022\/?p=45226"},"modified":"2021-04-15T10:06:02","modified_gmt":"2021-04-15T13:06:02","slug":"governo-paula-lemos-vacina-barretenses-de-69-a-71-anos-em-segunda-dose-da-vacina-contra-covid-19-nesta-sexta-16","status":"publish","type":"post","link":"https:\/\/regiaonews.net.br\/2022\/2021\/04\/15\/governo-paula-lemos-vacina-barretenses-de-69-a-71-anos-em-segunda-dose-da-vacina-contra-covid-19-nesta-sexta-16\/","title":{"rendered":"Governo Paula Lemos vacina barretenses de 69 a 71 anos em segunda dose da vacina contra Covid-19 nesta sexta (16)"},"content":{"rendered":"<p><a href=\"https:\/\/regiaonews.net.br\/2022\/wp-content\/uploads\/2021\/04\/Vacinacao-Professores-69-a-71anos-2a-Dose-dia-16.04.jpg\"><img loading=\"lazy\" decoding=\"async\" class=\"alignnone size-medium wp-image-45227\" src=\"https:\/\/regiaonews.net.br\/2022\/wp-content\/uploads\/2021\/04\/Vacinacao-Professores-69-a-71anos-2a-Dose-dia-16.04-200x300.jpg\" alt=\"\" width=\"200\" height=\"300\" \/><\/a> <a href=\"https:\/\/regiaonews.net.br\/2022\/wp-content\/uploads\/2021\/04\/MON0878.jpg\"><img loading=\"lazy\" decoding=\"async\" class=\"alignnone size-medium wp-image-45228\" src=\"https:\/\/regiaonews.net.br\/2022\/wp-content\/uploads\/2021\/04\/MON0878-300x200.jpg\" alt=\"\" width=\"300\" height=\"200\" \/><\/a> <a href=\"https:\/\/regiaonews.net.br\/2022\/wp-content\/uploads\/2021\/04\/MON0908.jpg\"><img loading=\"lazy\" decoding=\"async\" class=\"alignnone size-medium wp-image-45229\" src=\"https:\/\/regiaonews.net.br\/2022\/wp-content\/uploads\/2021\/04\/MON0908-300x200.jpg\" alt=\"\" width=\"300\" height=\"200\" \/><\/a> <a href=\"https:\/\/regiaonews.net.br\/2022\/wp-content\/uploads\/2021\/04\/MON0933.jpg\"><img loading=\"lazy\" decoding=\"async\" class=\"alignnone size-medium wp-image-45230\" src=\"https:\/\/regiaonews.net.br\/2022\/wp-content\/uploads\/2021\/04\/MON0933-300x200.jpg\" alt=\"\" width=\"300\" height=\"200\" \/><\/a><\/p>\n<p>Campanha &#8220;Vacina Contra a Fome&#8221; segue arrecadando alimentos para distribuir para quem mais precisa neste momento<\/p>\n<p>A Prefeitura de Barretos, por meio da Secretaria de Sa\u00fade, com apoio da Secretaria de Ordem P\u00fablica, organiza para sexta-feira, 16 de abril\/21, mais um drive-thru de vacina\u00e7\u00e3o contra a Covid-19, das 9h \u00e0s 16h, no gin\u00e1sio Roch\u00e3o. Desta vez ser\u00e1 para a aplica\u00e7\u00e3o da segunda dose no grupo de pessoas entre 69 e 71 anos.<br \/>\nA triagem dos pacientes ser\u00e1 realizada atrav\u00e9s da apresenta\u00e7\u00e3o de documentos com fotos e CPF. Depois do cadastro e com a senha em m\u00e3os, os barretenses ser\u00e3o liberados para a \u00e1rea interna do estacionamento do Roch\u00e3o, onde recebem a vacina.<br \/>\nSimultaneamente, nas Unidades de Sa\u00fade dos bairros: Am\u00e9rica, Barretos 2, Mar\u00edlia e Pimenta tamb\u00e9m haver\u00e1 vacina\u00e7\u00e3o. J\u00e1 os pacientes pertencentes aos territ\u00f3rios de Estrat\u00e9gia de Sa\u00fade da Fam\u00edlia: Ibirapuera, Nova Barretos, CSU, Luis Spina, Cecapinha, Cristiano de Carvalho, Derby Clube, Los Angeles e S\u00e3o Francisco, receber\u00e3o as equipes de vacina\u00e7\u00e3o domiciliar. Pessoas acamadas devem agendar a vacina\u00e7\u00e3o pelo telefone: (17) 98210-2221.<br \/>\nImportante destacar que as pessoas que tomaram a primeira dose em uma unidade de sa\u00fade, devem se dirigir ao mesmo local para receber a segunda dose.<br \/>\nPara o secret\u00e1rio de sa\u00fade, Kleber Rosa, o drive-thru \u00e9 a melhor forma de evitar aglomera\u00e7\u00f5es de pessoas em um s\u00f3 local. \u201cNo drive-thru, cada um fica no seu carro, evitando assim aglomera\u00e7\u00e3o, que \u00e9 o que mais precisamos neste momento\u201d, refor\u00e7a.<br \/>\n&#8220;A Prefeitura tem feito todos os esfor\u00e7os para vacinar as pessoas, conforme recebemos as vacinas do governo estadual. Nosso empenho e nossa luta para o combate \u00e0 prolifera\u00e7\u00e3o do Covid-19 \u00e9 incessante e incans\u00e1vel, pois colocamos as pessoas no centro do nosso governo e cuidamos das pessoas com afeto e carinho,&#8221; afirma a prefeita Paula Lemos.<\/p>\n<p><strong>Vacina contra a Fome<\/strong><br \/>\nJuntamente das a\u00e7\u00f5es de drive-thru de vacina\u00e7\u00e3o contra o Covid-19, segue a campanha de arrecada\u00e7\u00e3o de comida &#8220;Vacina contra a Fome\u201d. A proposta \u00e9 que cada pessoa vacinada doe um quilo de alimento n\u00e3o perec\u00edvel ou de ra\u00e7\u00e3o animal.<br \/>\nEntre 9h e 16 horas no estacionamento do Roch\u00e3o haver\u00e1 um posto de coleta para a ra\u00e7\u00e3o e os alimentos doados. Esses mantimentos ser\u00e3o repassados a fam\u00edlias em situa\u00e7\u00e3o de vulnerabilidade.<\/p>\n","protected":false},"excerpt":{"rendered":"<p>Campanha &#8220;Vacina Contra a Fome&#8221; segue arrecadando alimentos para distribuir<\/p>\n","protected":false},"author":2,"featured_media":45230,"comment_status":"open","ping_status":"open","sticky":false,"template":"","format":"standard","meta":{"footnotes":""},"categories":[14,25],"tags":[],"class_list":["post-45226","post","type-post","status-publish","format-standard","has-post-thumbnail","hentry","category-barretos","category-cidades"],"yoast_head":"<!-- This site is optimized with the Yoast SEO plugin v27.4 - https:\/\/yoast.com\/product\/yoast-seo-wordpress\/ -->\n<title>Governo Paula Lemos vacina barretenses de 69 a 71 anos em segunda dose da vacina contra Covid-19 nesta sexta (16) - Regi\u00e3o News<\/title>\n<meta name=\"robots\" content=\"index, follow, max-snippet:-1, max-image-preview:large, max-video-preview:-1\" \/>\n<link rel=\"canonical\" href=\"https:\/\/regiaonews.net.br\/2022\/2021\/04\/15\/governo-paula-lemos-vacina-barretenses-de-69-a-71-anos-em-segunda-dose-da-vacina-contra-covid-19-nesta-sexta-16\/\" \/>\n<meta property=\"og:locale\" content=\"pt_BR\" \/>\n<meta property=\"og:type\" content=\"article\" \/>\n<meta property=\"og:title\" content=\"Governo Paula Lemos vacina barretenses de 69 a 71 anos em segunda dose da vacina contra Covid-19 nesta sexta (16) - Regi\u00e3o News\" \/>\n<meta property=\"og:description\" content=\"Campanha &#8220;Vacina Contra a Fome&#8221; segue arrecadando alimentos para distribuir\" \/>\n<meta property=\"og:url\" content=\"https:\/\/regiaonews.net.br\/2022\/2021\/04\/15\/governo-paula-lemos-vacina-barretenses-de-69-a-71-anos-em-segunda-dose-da-vacina-contra-covid-19-nesta-sexta-16\/\" \/>\n<meta property=\"og:site_name\" content=\"Regi\u00e3o News\" \/>\n<meta property=\"article:published_time\" content=\"2021-04-15T13:06:02+00:00\" \/>\n<meta property=\"og:image\" content=\"https:\/\/regiaonews.net.br\/2022\/wp-content\/uploads\/2021\/04\/MON0933.jpg\" \/>\n\t<meta property=\"og:image:width\" content=\"2000\" \/>\n\t<meta property=\"og:image:height\" content=\"1335\" \/>\n\t<meta property=\"og:image:type\" content=\"image\/jpeg\" \/>\n<meta name=\"author\" content=\"Roberto\" \/>\n<meta name=\"twitter:card\" content=\"summary_large_image\" \/>\n<meta name=\"twitter:label1\" content=\"Escrito por\" \/>\n\t<meta name=\"twitter:data1\" content=\"Roberto\" \/>\n\t<meta name=\"twitter:label2\" content=\"Est. tempo de leitura\" \/>\n\t<meta name=\"twitter:data2\" content=\"2 minutos\" \/>\n<script type=\"application\/ld+json\" class=\"yoast-schema-graph\">{\"@context\":\"https:\\\/\\\/schema.org\",\"@graph\":[{\"@type\":\"Article\",\"@id\":\"https:\\\/\\\/regiaonews.net.br\\\/2022\\\/2021\\\/04\\\/15\\\/governo-paula-lemos-vacina-barretenses-de-69-a-71-anos-em-segunda-dose-da-vacina-contra-covid-19-nesta-sexta-16\\\/#article\",\"isPartOf\":{\"@id\":\"https:\\\/\\\/regiaonews.net.br\\\/2022\\\/2021\\\/04\\\/15\\\/governo-paula-lemos-vacina-barretenses-de-69-a-71-anos-em-segunda-dose-da-vacina-contra-covid-19-nesta-sexta-16\\\/\"},\"author\":{\"name\":\"Roberto\",\"@id\":\"https:\\\/\\\/regiaonews.net.br\\\/2022\\\/#\\\/schema\\\/person\\\/2d205a608a5aa97ac279d7a5e6d89ad8\"},\"headline\":\"Governo Paula Lemos vacina barretenses de 69 a 71 anos em segunda dose da vacina contra Covid-19 nesta sexta (16)\",\"datePublished\":\"2021-04-15T13:06:02+00:00\",\"mainEntityOfPage\":{\"@id\":\"https:\\\/\\\/regiaonews.net.br\\\/2022\\\/2021\\\/04\\\/15\\\/governo-paula-lemos-vacina-barretenses-de-69-a-71-anos-em-segunda-dose-da-vacina-contra-covid-19-nesta-sexta-16\\\/\"},\"wordCount\":421,\"commentCount\":0,\"publisher\":{\"@id\":\"https:\\\/\\\/regiaonews.net.br\\\/2022\\\/#organization\"},\"image\":{\"@id\":\"https:\\\/\\\/regiaonews.net.br\\\/2022\\\/2021\\\/04\\\/15\\\/governo-paula-lemos-vacina-barretenses-de-69-a-71-anos-em-segunda-dose-da-vacina-contra-covid-19-nesta-sexta-16\\\/#primaryimage\"},\"thumbnailUrl\":\"https:\\\/\\\/regiaonews.net.br\\\/2022\\\/wp-content\\\/uploads\\\/2021\\\/04\\\/MON0933.jpg\",\"articleSection\":[\"Barretos\",\"Cidades\"],\"inLanguage\":\"pt-BR\",\"potentialAction\":[{\"@type\":\"CommentAction\",\"name\":\"Comment\",\"target\":[\"https:\\\/\\\/regiaonews.net.br\\\/2022\\\/2021\\\/04\\\/15\\\/governo-paula-lemos-vacina-barretenses-de-69-a-71-anos-em-segunda-dose-da-vacina-contra-covid-19-nesta-sexta-16\\\/#respond\"]}]},{\"@type\":\"WebPage\",\"@id\":\"https:\\\/\\\/regiaonews.net.br\\\/2022\\\/2021\\\/04\\\/15\\\/governo-paula-lemos-vacina-barretenses-de-69-a-71-anos-em-segunda-dose-da-vacina-contra-covid-19-nesta-sexta-16\\\/\",\"url\":\"https:\\\/\\\/regiaonews.net.br\\\/2022\\\/2021\\\/04\\\/15\\\/governo-paula-lemos-vacina-barretenses-de-69-a-71-anos-em-segunda-dose-da-vacina-contra-covid-19-nesta-sexta-16\\\/\",\"name\":\"Governo Paula Lemos vacina barretenses de 69 a 71 anos em segunda dose da vacina contra Covid-19 nesta sexta (16) - Regi\u00e3o News\",\"isPartOf\":{\"@id\":\"https:\\\/\\\/regiaonews.net.br\\\/2022\\\/#website\"},\"primaryImageOfPage\":{\"@id\":\"https:\\\/\\\/regiaonews.net.br\\\/2022\\\/2021\\\/04\\\/15\\\/governo-paula-lemos-vacina-barretenses-de-69-a-71-anos-em-segunda-dose-da-vacina-contra-covid-19-nesta-sexta-16\\\/#primaryimage\"},\"image\":{\"@id\":\"https:\\\/\\\/regiaonews.net.br\\\/2022\\\/2021\\\/04\\\/15\\\/governo-paula-lemos-vacina-barretenses-de-69-a-71-anos-em-segunda-dose-da-vacina-contra-covid-19-nesta-sexta-16\\\/#primaryimage\"},\"thumbnailUrl\":\"https:\\\/\\\/regiaonews.net.br\\\/2022\\\/wp-content\\\/uploads\\\/2021\\\/04\\\/MON0933.jpg\",\"datePublished\":\"2021-04-15T13:06:02+00:00\",\"breadcrumb\":{\"@id\":\"https:\\\/\\\/regiaonews.net.br\\\/2022\\\/2021\\\/04\\\/15\\\/governo-paula-lemos-vacina-barretenses-de-69-a-71-anos-em-segunda-dose-da-vacina-contra-covid-19-nesta-sexta-16\\\/#breadcrumb\"},\"inLanguage\":\"pt-BR\",\"potentialAction\":[{\"@type\":\"ReadAction\",\"target\":[\"https:\\\/\\\/regiaonews.net.br\\\/2022\\\/2021\\\/04\\\/15\\\/governo-paula-lemos-vacina-barretenses-de-69-a-71-anos-em-segunda-dose-da-vacina-contra-covid-19-nesta-sexta-16\\\/\"]}]},{\"@type\":\"ImageObject\",\"inLanguage\":\"pt-BR\",\"@id\":\"https:\\\/\\\/regiaonews.net.br\\\/2022\\\/2021\\\/04\\\/15\\\/governo-paula-lemos-vacina-barretenses-de-69-a-71-anos-em-segunda-dose-da-vacina-contra-covid-19-nesta-sexta-16\\\/#primaryimage\",\"url\":\"https:\\\/\\\/regiaonews.net.br\\\/2022\\\/wp-content\\\/uploads\\\/2021\\\/04\\\/MON0933.jpg\",\"contentUrl\":\"https:\\\/\\\/regiaonews.net.br\\\/2022\\\/wp-content\\\/uploads\\\/2021\\\/04\\\/MON0933.jpg\",\"width\":2000,\"height\":1335},{\"@type\":\"BreadcrumbList\",\"@id\":\"https:\\\/\\\/regiaonews.net.br\\\/2022\\\/2021\\\/04\\\/15\\\/governo-paula-lemos-vacina-barretenses-de-69-a-71-anos-em-segunda-dose-da-vacina-contra-covid-19-nesta-sexta-16\\\/#breadcrumb\",\"itemListElement\":[{\"@type\":\"ListItem\",\"position\":1,\"name\":\"In\u00edcio\",\"item\":\"https:\\\/\\\/regiaonews.net.br\\\/2022\\\/\"},{\"@type\":\"ListItem\",\"position\":2,\"name\":\"Governo Paula Lemos vacina barretenses de 69 a 71 anos em segunda dose da vacina contra Covid-19 nesta sexta (16)\"}]},{\"@type\":\"WebSite\",\"@id\":\"https:\\\/\\\/regiaonews.net.br\\\/2022\\\/#website\",\"url\":\"https:\\\/\\\/regiaonews.net.br\\\/2022\\\/\",\"name\":\"Regi\u00e3o News\",\"description\":\"Site de Not\u00edcias de Barretos e regi\u00e3o\",\"publisher\":{\"@id\":\"https:\\\/\\\/regiaonews.net.br\\\/2022\\\/#organization\"},\"potentialAction\":[{\"@type\":\"SearchAction\",\"target\":{\"@type\":\"EntryPoint\",\"urlTemplate\":\"https:\\\/\\\/regiaonews.net.br\\\/2022\\\/?s={search_term_string}\"},\"query-input\":{\"@type\":\"PropertyValueSpecification\",\"valueRequired\":true,\"valueName\":\"search_term_string\"}}],\"inLanguage\":\"pt-BR\"},{\"@type\":\"Organization\",\"@id\":\"https:\\\/\\\/regiaonews.net.br\\\/2022\\\/#organization\",\"name\":\"Regi\u00e3o News\",\"url\":\"https:\\\/\\\/regiaonews.net.br\\\/2022\\\/\",\"logo\":{\"@type\":\"ImageObject\",\"inLanguage\":\"pt-BR\",\"@id\":\"https:\\\/\\\/regiaonews.net.br\\\/2022\\\/#\\\/schema\\\/logo\\\/image\\\/\",\"url\":\"https:\\\/\\\/regiaonews.net.br\\\/2022\\\/wp-content\\\/uploads\\\/2026\\\/03\\\/regiao-13-anos-scaled.jpg\",\"contentUrl\":\"https:\\\/\\\/regiaonews.net.br\\\/2022\\\/wp-content\\\/uploads\\\/2026\\\/03\\\/regiao-13-anos-scaled.jpg\",\"width\":2560,\"height\":635,\"caption\":\"Regi\u00e3o News\"},\"image\":{\"@id\":\"https:\\\/\\\/regiaonews.net.br\\\/2022\\\/#\\\/schema\\\/logo\\\/image\\\/\"}},{\"@type\":\"Person\",\"@id\":\"https:\\\/\\\/regiaonews.net.br\\\/2022\\\/#\\\/schema\\\/person\\\/2d205a608a5aa97ac279d7a5e6d89ad8\",\"name\":\"Roberto\",\"image\":{\"@type\":\"ImageObject\",\"inLanguage\":\"pt-BR\",\"@id\":\"https:\\\/\\\/secure.gravatar.com\\\/avatar\\\/42749d8b712ff9d59ca93dc150494e5b55a44134482993f5baeb97e61b7ecc89?s=96&d=mm&r=g\",\"url\":\"https:\\\/\\\/secure.gravatar.com\\\/avatar\\\/42749d8b712ff9d59ca93dc150494e5b55a44134482993f5baeb97e61b7ecc89?s=96&d=mm&r=g\",\"contentUrl\":\"https:\\\/\\\/secure.gravatar.com\\\/avatar\\\/42749d8b712ff9d59ca93dc150494e5b55a44134482993f5baeb97e61b7ecc89?s=96&d=mm&r=g\",\"caption\":\"Roberto\"},\"url\":\"https:\\\/\\\/regiaonews.net.br\\\/2022\\\/author\\\/roberto\\\/\"}]}<\/script>\n<!-- \/ Yoast SEO plugin. -->","yoast_head_json":{"title":"Governo Paula Lemos vacina barretenses de 69 a 71 anos em segunda dose da vacina contra Covid-19 nesta sexta (16) - Regi\u00e3o News","robots":{"index":"index","follow":"follow","max-snippet":"max-snippet:-1","max-image-preview":"max-image-preview:large","max-video-preview":"max-video-preview:-1"},"canonical":"https:\/\/regiaonews.net.br\/2022\/2021\/04\/15\/governo-paula-lemos-vacina-barretenses-de-69-a-71-anos-em-segunda-dose-da-vacina-contra-covid-19-nesta-sexta-16\/","og_locale":"pt_BR","og_type":"article","og_title":"Governo Paula Lemos vacina barretenses de 69 a 71 anos em segunda dose da vacina contra Covid-19 nesta sexta (16) - Regi\u00e3o News","og_description":"Campanha &#8220;Vacina Contra a Fome&#8221; segue arrecadando alimentos para distribuir","og_url":"https:\/\/regiaonews.net.br\/2022\/2021\/04\/15\/governo-paula-lemos-vacina-barretenses-de-69-a-71-anos-em-segunda-dose-da-vacina-contra-covid-19-nesta-sexta-16\/","og_site_name":"Regi\u00e3o News","article_published_time":"2021-04-15T13:06:02+00:00","og_image":[{"width":2000,"height":1335,"url":"https:\/\/regiaonews.net.br\/2022\/wp-content\/uploads\/2021\/04\/MON0933.jpg","type":"image\/jpeg"}],"author":"Roberto","twitter_card":"summary_large_image","twitter_misc":{"Escrito por":"Roberto","Est. tempo de leitura":"2 minutos"},"schema":{"@context":"https:\/\/schema.org","@graph":[{"@type":"Article","@id":"https:\/\/regiaonews.net.br\/2022\/2021\/04\/15\/governo-paula-lemos-vacina-barretenses-de-69-a-71-anos-em-segunda-dose-da-vacina-contra-covid-19-nesta-sexta-16\/#article","isPartOf":{"@id":"https:\/\/regiaonews.net.br\/2022\/2021\/04\/15\/governo-paula-lemos-vacina-barretenses-de-69-a-71-anos-em-segunda-dose-da-vacina-contra-covid-19-nesta-sexta-16\/"},"author":{"name":"Roberto","@id":"https:\/\/regiaonews.net.br\/2022\/#\/schema\/person\/2d205a608a5aa97ac279d7a5e6d89ad8"},"headline":"Governo Paula Lemos vacina barretenses de 69 a 71 anos em segunda dose da vacina contra Covid-19 nesta sexta (16)","datePublished":"2021-04-15T13:06:02+00:00","mainEntityOfPage":{"@id":"https:\/\/regiaonews.net.br\/2022\/2021\/04\/15\/governo-paula-lemos-vacina-barretenses-de-69-a-71-anos-em-segunda-dose-da-vacina-contra-covid-19-nesta-sexta-16\/"},"wordCount":421,"commentCount":0,"publisher":{"@id":"https:\/\/regiaonews.net.br\/2022\/#organization"},"image":{"@id":"https:\/\/regiaonews.net.br\/2022\/2021\/04\/15\/governo-paula-lemos-vacina-barretenses-de-69-a-71-anos-em-segunda-dose-da-vacina-contra-covid-19-nesta-sexta-16\/#primaryimage"},"thumbnailUrl":"https:\/\/regiaonews.net.br\/2022\/wp-content\/uploads\/2021\/04\/MON0933.jpg","articleSection":["Barretos","Cidades"],"inLanguage":"pt-BR","potentialAction":[{"@type":"CommentAction","name":"Comment","target":["https:\/\/regiaonews.net.br\/2022\/2021\/04\/15\/governo-paula-lemos-vacina-barretenses-de-69-a-71-anos-em-segunda-dose-da-vacina-contra-covid-19-nesta-sexta-16\/#respond"]}]},{"@type":"WebPage","@id":"https:\/\/regiaonews.net.br\/2022\/2021\/04\/15\/governo-paula-lemos-vacina-barretenses-de-69-a-71-anos-em-segunda-dose-da-vacina-contra-covid-19-nesta-sexta-16\/","url":"https:\/\/regiaonews.net.br\/2022\/2021\/04\/15\/governo-paula-lemos-vacina-barretenses-de-69-a-71-anos-em-segunda-dose-da-vacina-contra-covid-19-nesta-sexta-16\/","name":"Governo Paula Lemos vacina barretenses de 69 a 71 anos em segunda dose da vacina contra Covid-19 nesta sexta (16) - Regi\u00e3o News","isPartOf":{"@id":"https:\/\/regiaonews.net.br\/2022\/#website"},"primaryImageOfPage":{"@id":"https:\/\/regiaonews.net.br\/2022\/2021\/04\/15\/governo-paula-lemos-vacina-barretenses-de-69-a-71-anos-em-segunda-dose-da-vacina-contra-covid-19-nesta-sexta-16\/#primaryimage"},"image":{"@id":"https:\/\/regiaonews.net.br\/2022\/2021\/04\/15\/governo-paula-lemos-vacina-barretenses-de-69-a-71-anos-em-segunda-dose-da-vacina-contra-covid-19-nesta-sexta-16\/#primaryimage"},"thumbnailUrl":"https:\/\/regiaonews.net.br\/2022\/wp-content\/uploads\/2021\/04\/MON0933.jpg","datePublished":"2021-04-15T13:06:02+00:00","breadcrumb":{"@id":"https:\/\/regiaonews.net.br\/2022\/2021\/04\/15\/governo-paula-lemos-vacina-barretenses-de-69-a-71-anos-em-segunda-dose-da-vacina-contra-covid-19-nesta-sexta-16\/#breadcrumb"},"inLanguage":"pt-BR","potentialAction":[{"@type":"ReadAction","target":["https:\/\/regiaonews.net.br\/2022\/2021\/04\/15\/governo-paula-lemos-vacina-barretenses-de-69-a-71-anos-em-segunda-dose-da-vacina-contra-covid-19-nesta-sexta-16\/"]}]},{"@type":"ImageObject","inLanguage":"pt-BR","@id":"https:\/\/regiaonews.net.br\/2022\/2021\/04\/15\/governo-paula-lemos-vacina-barretenses-de-69-a-71-anos-em-segunda-dose-da-vacina-contra-covid-19-nesta-sexta-16\/#primaryimage","url":"https:\/\/regiaonews.net.br\/2022\/wp-content\/uploads\/2021\/04\/MON0933.jpg","contentUrl":"https:\/\/regiaonews.net.br\/2022\/wp-content\/uploads\/2021\/04\/MON0933.jpg","width":2000,"height":1335},{"@type":"BreadcrumbList","@id":"https:\/\/regiaonews.net.br\/2022\/2021\/04\/15\/governo-paula-lemos-vacina-barretenses-de-69-a-71-anos-em-segunda-dose-da-vacina-contra-covid-19-nesta-sexta-16\/#breadcrumb","itemListElement":[{"@type":"ListItem","position":1,"name":"In\u00edcio","item":"https:\/\/regiaonews.net.br\/2022\/"},{"@type":"ListItem","position":2,"name":"Governo Paula Lemos vacina barretenses de 69 a 71 anos em segunda dose da vacina contra Covid-19 nesta sexta (16)"}]},{"@type":"WebSite","@id":"https:\/\/regiaonews.net.br\/2022\/#website","url":"https:\/\/regiaonews.net.br\/2022\/","name":"Regi\u00e3o News","description":"Site de Not\u00edcias de Barretos e regi\u00e3o","publisher":{"@id":"https:\/\/regiaonews.net.br\/2022\/#organization"},"potentialAction":[{"@type":"SearchAction","target":{"@type":"EntryPoint","urlTemplate":"https:\/\/regiaonews.net.br\/2022\/?s={search_term_string}"},"query-input":{"@type":"PropertyValueSpecification","valueRequired":true,"valueName":"search_term_string"}}],"inLanguage":"pt-BR"},{"@type":"Organization","@id":"https:\/\/regiaonews.net.br\/2022\/#organization","name":"Regi\u00e3o News","url":"https:\/\/regiaonews.net.br\/2022\/","logo":{"@type":"ImageObject","inLanguage":"pt-BR","@id":"https:\/\/regiaonews.net.br\/2022\/#\/schema\/logo\/image\/","url":"https:\/\/regiaonews.net.br\/2022\/wp-content\/uploads\/2026\/03\/regiao-13-anos-scaled.jpg","contentUrl":"https:\/\/regiaonews.net.br\/2022\/wp-content\/uploads\/2026\/03\/regiao-13-anos-scaled.jpg","width":2560,"height":635,"caption":"Regi\u00e3o News"},"image":{"@id":"https:\/\/regiaonews.net.br\/2022\/#\/schema\/logo\/image\/"}},{"@type":"Person","@id":"https:\/\/regiaonews.net.br\/2022\/#\/schema\/person\/2d205a608a5aa97ac279d7a5e6d89ad8","name":"Roberto","image":{"@type":"ImageObject","inLanguage":"pt-BR","@id":"https:\/\/secure.gravatar.com\/avatar\/42749d8b712ff9d59ca93dc150494e5b55a44134482993f5baeb97e61b7ecc89?s=96&d=mm&r=g","url":"https:\/\/secure.gravatar.com\/avatar\/42749d8b712ff9d59ca93dc150494e5b55a44134482993f5baeb97e61b7ecc89?s=96&d=mm&r=g","contentUrl":"https:\/\/secure.gravatar.com\/avatar\/42749d8b712ff9d59ca93dc150494e5b55a44134482993f5baeb97e61b7ecc89?s=96&d=mm&r=g","caption":"Roberto"},"url":"https:\/\/regiaonews.net.br\/2022\/author\/roberto\/"}]}},"publishpress_future_action":{"enabled":false,"date":"2026-05-02 04:12:24","action":"change-status","newStatus":"draft","terms":[],"taxonomy":"category","extraData":[]},"publishpress_future_workflow_manual_trigger":{"enabledWorkflows":[]},"_links":{"self":[{"href":"https:\/\/regiaonews.net.br\/2022\/wp-json\/wp\/v2\/posts\/45226","targetHints":{"allow":["GET"]}}],"collection":[{"href":"https:\/\/regiaonews.net.br\/2022\/wp-json\/wp\/v2\/posts"}],"about":[{"href":"https:\/\/regiaonews.net.br\/2022\/wp-json\/wp\/v2\/types\/post"}],"author":[{"embeddable":true,"href":"https:\/\/regiaonews.net.br\/2022\/wp-json\/wp\/v2\/users\/2"}],"replies":[{"embeddable":true,"href":"https:\/\/regiaonews.net.br\/2022\/wp-json\/wp\/v2\/comments?post=45226"}],"version-history":[{"count":0,"href":"https:\/\/regiaonews.net.br\/2022\/wp-json\/wp\/v2\/posts\/45226\/revisions"}],"wp:featuredmedia":[{"embeddable":true,"href":"https:\/\/regiaonews.net.br\/2022\/wp-json\/wp\/v2\/media\/45230"}],"wp:attachment":[{"href":"https:\/\/regiaonews.net.br\/2022\/wp-json\/wp\/v2\/media?parent=45226"}],"wp:term":[{"taxonomy":"category","embeddable":true,"href":"https:\/\/regiaonews.net.br\/2022\/wp-json\/wp\/v2\/categories?post=45226"},{"taxonomy":"post_tag","embeddable":true,"href":"https:\/\/regiaonews.net.br\/2022\/wp-json\/wp\/v2\/tags?post=45226"}],"curies":[{"name":"wp","href":"https:\/\/api.w.org\/{rel}","templated":true}]}}