{"id":45223,"date":"2021-04-15T09:18:30","date_gmt":"2021-04-15T12:18:30","guid":{"rendered":"https:\/\/regiaonews.net.br\/2022\/?p=45223"},"modified":"2021-04-15T09:20:07","modified_gmt":"2021-04-15T12:20:07","slug":"apos-divulgacoes-em-outdoor-e-agendamento-de-carreata-para-junho-familia-mantem-busca-por-justica","status":"publish","type":"post","link":"https:\/\/regiaonews.net.br\/2022\/2021\/04\/15\/apos-divulgacoes-em-outdoor-e-agendamento-de-carreata-para-junho-familia-mantem-busca-por-justica\/","title":{"rendered":"Ap\u00f3s divulga\u00e7\u00f5es  em outdoor e  agendamento de carreata para junho,  fam\u00edlia mant\u00e9m  busca por  justi\u00e7a"},"content":{"rendered":"<p>Os familiares da idosa Maria Jos\u00e9 Camargo da Silva, 85 anos, que morreu em 2019, no dia 13 de junho de 2019, ap\u00f3s divulgarem tr\u00eas outdoor e panfletos colocados pela cidade e na imprensa, pedindo a reabertura do caso, pela Pol\u00edcia Civil de Barretos, est\u00e3o agendando a realiza\u00e7\u00e3o de uma passeata ou carreata, para o dia 6 de junho, data em que completa dois anos do crime. \u201cVai depender da situa\u00e7\u00e3o da Covid-19, se tiver condi\u00e7\u00f5es ser\u00e1 uma passeata, caso contr\u00e1rio uma carreata para pedir o apoio da popula\u00e7\u00e3o e autoridades\u201d, afirmou a nora Antonieta Freitas, que a fam\u00edlia n\u00e3o cessar\u00e1 a cobran\u00e7a por justi\u00e7a. Desde a morte da aposentada Maria Jos\u00e9, a fam\u00edlia, n\u00e3o concorda com a vers\u00e3o do inqu\u00e9rito conclu\u00eddo em 2019 como queda acidental e acredita que idosa foi morta diante do cen\u00e1rio encontrado na casa. A nora da v\u00edtima, Antonieta de Freitas, disse que a fam\u00edlia vem buscando novas informa\u00e7\u00f5es e objetivo de divulgar o outdoor foi de conseguir alguma nova den\u00fancia que possa ajudar a pol\u00edcia no esclarecimento do caso.<a href=\"https:\/\/regiaonews.net.br\/2022\/wp-content\/uploads\/2021\/02\/maria-jose.jpg\"><img loading=\"lazy\" decoding=\"async\" class=\"alignnone size-medium wp-image-43199\" src=\"https:\/\/regiaonews.net.br\/2022\/wp-content\/uploads\/2021\/02\/maria-jose-300x80.jpg\" alt=\"\" width=\"300\" height=\"80\" \/><\/a><\/p>\n","protected":false},"excerpt":{"rendered":"<p>Os familiares da idosa Maria Jos\u00e9 Camargo da Silva, 85<\/p>\n","protected":false},"author":2,"featured_media":43298,"comment_status":"open","ping_status":"open","sticky":false,"template":"","format":"standard","meta":{"footnotes":""},"categories":[14,25,23],"tags":[],"class_list":["post-45223","post","type-post","status-publish","format-standard","has-post-thumbnail","hentry","category-barretos","category-cidades","category-policia"],"yoast_head":"<!-- This site is optimized with the Yoast SEO plugin v27.4 - https:\/\/yoast.com\/product\/yoast-seo-wordpress\/ -->\n<title>Ap\u00f3s divulga\u00e7\u00f5es em outdoor e agendamento de carreata para junho, fam\u00edlia mant\u00e9m busca por justi\u00e7a - Regi\u00e3o News<\/title>\n<meta name=\"robots\" content=\"index, follow, max-snippet:-1, max-image-preview:large, max-video-preview:-1\" \/>\n<link rel=\"canonical\" href=\"https:\/\/regiaonews.net.br\/2022\/2021\/04\/15\/apos-divulgacoes-em-outdoor-e-agendamento-de-carreata-para-junho-familia-mantem-busca-por-justica\/\" \/>\n<meta property=\"og:locale\" content=\"pt_BR\" \/>\n<meta property=\"og:type\" content=\"article\" \/>\n<meta property=\"og:title\" content=\"Ap\u00f3s divulga\u00e7\u00f5es em outdoor e agendamento de carreata para junho, fam\u00edlia mant\u00e9m busca por justi\u00e7a - Regi\u00e3o News\" \/>\n<meta property=\"og:description\" content=\"Os familiares da idosa Maria Jos\u00e9 Camargo da Silva, 85\" \/>\n<meta property=\"og:url\" content=\"https:\/\/regiaonews.net.br\/2022\/2021\/04\/15\/apos-divulgacoes-em-outdoor-e-agendamento-de-carreata-para-junho-familia-mantem-busca-por-justica\/\" \/>\n<meta property=\"og:site_name\" content=\"Regi\u00e3o News\" \/>\n<meta property=\"article:published_time\" content=\"2021-04-15T12:18:30+00:00\" \/>\n<meta property=\"article:modified_time\" content=\"2021-04-15T12:20:07+00:00\" \/>\n<meta property=\"og:image\" content=\"https:\/\/regiaonews.net.br\/2022\/wp-content\/uploads\/2021\/02\/familia.jpg\" \/>\n\t<meta property=\"og:image:width\" content=\"978\" \/>\n\t<meta property=\"og:image:height\" content=\"634\" \/>\n\t<meta property=\"og:image:type\" content=\"image\/jpeg\" \/>\n<meta name=\"author\" content=\"Roberto\" \/>\n<meta name=\"twitter:card\" content=\"summary_large_image\" \/>\n<meta name=\"twitter:label1\" content=\"Escrito por\" \/>\n\t<meta name=\"twitter:data1\" content=\"Roberto\" \/>\n\t<meta name=\"twitter:label2\" content=\"Est. tempo de leitura\" \/>\n\t<meta name=\"twitter:data2\" content=\"1 minuto\" \/>\n<script type=\"application\/ld+json\" class=\"yoast-schema-graph\">{\"@context\":\"https:\\\/\\\/schema.org\",\"@graph\":[{\"@type\":\"Article\",\"@id\":\"https:\\\/\\\/regiaonews.net.br\\\/2022\\\/2021\\\/04\\\/15\\\/apos-divulgacoes-em-outdoor-e-agendamento-de-carreata-para-junho-familia-mantem-busca-por-justica\\\/#article\",\"isPartOf\":{\"@id\":\"https:\\\/\\\/regiaonews.net.br\\\/2022\\\/2021\\\/04\\\/15\\\/apos-divulgacoes-em-outdoor-e-agendamento-de-carreata-para-junho-familia-mantem-busca-por-justica\\\/\"},\"author\":{\"name\":\"Roberto\",\"@id\":\"https:\\\/\\\/regiaonews.net.br\\\/2022\\\/#\\\/schema\\\/person\\\/2d205a608a5aa97ac279d7a5e6d89ad8\"},\"headline\":\"Ap\u00f3s divulga\u00e7\u00f5es em outdoor e agendamento de carreata para junho, fam\u00edlia mant\u00e9m busca por justi\u00e7a\",\"datePublished\":\"2021-04-15T12:18:30+00:00\",\"dateModified\":\"2021-04-15T12:20:07+00:00\",\"mainEntityOfPage\":{\"@id\":\"https:\\\/\\\/regiaonews.net.br\\\/2022\\\/2021\\\/04\\\/15\\\/apos-divulgacoes-em-outdoor-e-agendamento-de-carreata-para-junho-familia-mantem-busca-por-justica\\\/\"},\"wordCount\":213,\"commentCount\":0,\"publisher\":{\"@id\":\"https:\\\/\\\/regiaonews.net.br\\\/2022\\\/#organization\"},\"image\":{\"@id\":\"https:\\\/\\\/regiaonews.net.br\\\/2022\\\/2021\\\/04\\\/15\\\/apos-divulgacoes-em-outdoor-e-agendamento-de-carreata-para-junho-familia-mantem-busca-por-justica\\\/#primaryimage\"},\"thumbnailUrl\":\"https:\\\/\\\/regiaonews.net.br\\\/2022\\\/wp-content\\\/uploads\\\/2021\\\/02\\\/familia.jpg\",\"articleSection\":[\"Barretos\",\"Cidades\",\"Policia\"],\"inLanguage\":\"pt-BR\",\"potentialAction\":[{\"@type\":\"CommentAction\",\"name\":\"Comment\",\"target\":[\"https:\\\/\\\/regiaonews.net.br\\\/2022\\\/2021\\\/04\\\/15\\\/apos-divulgacoes-em-outdoor-e-agendamento-de-carreata-para-junho-familia-mantem-busca-por-justica\\\/#respond\"]}]},{\"@type\":\"WebPage\",\"@id\":\"https:\\\/\\\/regiaonews.net.br\\\/2022\\\/2021\\\/04\\\/15\\\/apos-divulgacoes-em-outdoor-e-agendamento-de-carreata-para-junho-familia-mantem-busca-por-justica\\\/\",\"url\":\"https:\\\/\\\/regiaonews.net.br\\\/2022\\\/2021\\\/04\\\/15\\\/apos-divulgacoes-em-outdoor-e-agendamento-de-carreata-para-junho-familia-mantem-busca-por-justica\\\/\",\"name\":\"Ap\u00f3s divulga\u00e7\u00f5es em outdoor e agendamento de carreata para junho, fam\u00edlia mant\u00e9m busca por justi\u00e7a - Regi\u00e3o News\",\"isPartOf\":{\"@id\":\"https:\\\/\\\/regiaonews.net.br\\\/2022\\\/#website\"},\"primaryImageOfPage\":{\"@id\":\"https:\\\/\\\/regiaonews.net.br\\\/2022\\\/2021\\\/04\\\/15\\\/apos-divulgacoes-em-outdoor-e-agendamento-de-carreata-para-junho-familia-mantem-busca-por-justica\\\/#primaryimage\"},\"image\":{\"@id\":\"https:\\\/\\\/regiaonews.net.br\\\/2022\\\/2021\\\/04\\\/15\\\/apos-divulgacoes-em-outdoor-e-agendamento-de-carreata-para-junho-familia-mantem-busca-por-justica\\\/#primaryimage\"},\"thumbnailUrl\":\"https:\\\/\\\/regiaonews.net.br\\\/2022\\\/wp-content\\\/uploads\\\/2021\\\/02\\\/familia.jpg\",\"datePublished\":\"2021-04-15T12:18:30+00:00\",\"dateModified\":\"2021-04-15T12:20:07+00:00\",\"breadcrumb\":{\"@id\":\"https:\\\/\\\/regiaonews.net.br\\\/2022\\\/2021\\\/04\\\/15\\\/apos-divulgacoes-em-outdoor-e-agendamento-de-carreata-para-junho-familia-mantem-busca-por-justica\\\/#breadcrumb\"},\"inLanguage\":\"pt-BR\",\"potentialAction\":[{\"@type\":\"ReadAction\",\"target\":[\"https:\\\/\\\/regiaonews.net.br\\\/2022\\\/2021\\\/04\\\/15\\\/apos-divulgacoes-em-outdoor-e-agendamento-de-carreata-para-junho-familia-mantem-busca-por-justica\\\/\"]}]},{\"@type\":\"ImageObject\",\"inLanguage\":\"pt-BR\",\"@id\":\"https:\\\/\\\/regiaonews.net.br\\\/2022\\\/2021\\\/04\\\/15\\\/apos-divulgacoes-em-outdoor-e-agendamento-de-carreata-para-junho-familia-mantem-busca-por-justica\\\/#primaryimage\",\"url\":\"https:\\\/\\\/regiaonews.net.br\\\/2022\\\/wp-content\\\/uploads\\\/2021\\\/02\\\/familia.jpg\",\"contentUrl\":\"https:\\\/\\\/regiaonews.net.br\\\/2022\\\/wp-content\\\/uploads\\\/2021\\\/02\\\/familia.jpg\",\"width\":978,\"height\":634},{\"@type\":\"BreadcrumbList\",\"@id\":\"https:\\\/\\\/regiaonews.net.br\\\/2022\\\/2021\\\/04\\\/15\\\/apos-divulgacoes-em-outdoor-e-agendamento-de-carreata-para-junho-familia-mantem-busca-por-justica\\\/#breadcrumb\",\"itemListElement\":[{\"@type\":\"ListItem\",\"position\":1,\"name\":\"In\u00edcio\",\"item\":\"https:\\\/\\\/regiaonews.net.br\\\/2022\\\/\"},{\"@type\":\"ListItem\",\"position\":2,\"name\":\"Ap\u00f3s divulga\u00e7\u00f5es em outdoor e agendamento de carreata para junho, fam\u00edlia mant\u00e9m busca por justi\u00e7a\"}]},{\"@type\":\"WebSite\",\"@id\":\"https:\\\/\\\/regiaonews.net.br\\\/2022\\\/#website\",\"url\":\"https:\\\/\\\/regiaonews.net.br\\\/2022\\\/\",\"name\":\"Regi\u00e3o News\",\"description\":\"Site de Not\u00edcias de Barretos e regi\u00e3o\",\"publisher\":{\"@id\":\"https:\\\/\\\/regiaonews.net.br\\\/2022\\\/#organization\"},\"potentialAction\":[{\"@type\":\"SearchAction\",\"target\":{\"@type\":\"EntryPoint\",\"urlTemplate\":\"https:\\\/\\\/regiaonews.net.br\\\/2022\\\/?s={search_term_string}\"},\"query-input\":{\"@type\":\"PropertyValueSpecification\",\"valueRequired\":true,\"valueName\":\"search_term_string\"}}],\"inLanguage\":\"pt-BR\"},{\"@type\":\"Organization\",\"@id\":\"https:\\\/\\\/regiaonews.net.br\\\/2022\\\/#organization\",\"name\":\"Regi\u00e3o News\",\"url\":\"https:\\\/\\\/regiaonews.net.br\\\/2022\\\/\",\"logo\":{\"@type\":\"ImageObject\",\"inLanguage\":\"pt-BR\",\"@id\":\"https:\\\/\\\/regiaonews.net.br\\\/2022\\\/#\\\/schema\\\/logo\\\/image\\\/\",\"url\":\"https:\\\/\\\/regiaonews.net.br\\\/2022\\\/wp-content\\\/uploads\\\/2026\\\/03\\\/regiao-13-anos-scaled.jpg\",\"contentUrl\":\"https:\\\/\\\/regiaonews.net.br\\\/2022\\\/wp-content\\\/uploads\\\/2026\\\/03\\\/regiao-13-anos-scaled.jpg\",\"width\":2560,\"height\":635,\"caption\":\"Regi\u00e3o News\"},\"image\":{\"@id\":\"https:\\\/\\\/regiaonews.net.br\\\/2022\\\/#\\\/schema\\\/logo\\\/image\\\/\"}},{\"@type\":\"Person\",\"@id\":\"https:\\\/\\\/regiaonews.net.br\\\/2022\\\/#\\\/schema\\\/person\\\/2d205a608a5aa97ac279d7a5e6d89ad8\",\"name\":\"Roberto\",\"image\":{\"@type\":\"ImageObject\",\"inLanguage\":\"pt-BR\",\"@id\":\"https:\\\/\\\/secure.gravatar.com\\\/avatar\\\/42749d8b712ff9d59ca93dc150494e5b55a44134482993f5baeb97e61b7ecc89?s=96&d=mm&r=g\",\"url\":\"https:\\\/\\\/secure.gravatar.com\\\/avatar\\\/42749d8b712ff9d59ca93dc150494e5b55a44134482993f5baeb97e61b7ecc89?s=96&d=mm&r=g\",\"contentUrl\":\"https:\\\/\\\/secure.gravatar.com\\\/avatar\\\/42749d8b712ff9d59ca93dc150494e5b55a44134482993f5baeb97e61b7ecc89?s=96&d=mm&r=g\",\"caption\":\"Roberto\"},\"url\":\"https:\\\/\\\/regiaonews.net.br\\\/2022\\\/author\\\/roberto\\\/\"}]}<\/script>\n<!-- \/ Yoast SEO plugin. -->","yoast_head_json":{"title":"Ap\u00f3s divulga\u00e7\u00f5es em outdoor e agendamento de carreata para junho, fam\u00edlia mant\u00e9m busca por justi\u00e7a - Regi\u00e3o News","robots":{"index":"index","follow":"follow","max-snippet":"max-snippet:-1","max-image-preview":"max-image-preview:large","max-video-preview":"max-video-preview:-1"},"canonical":"https:\/\/regiaonews.net.br\/2022\/2021\/04\/15\/apos-divulgacoes-em-outdoor-e-agendamento-de-carreata-para-junho-familia-mantem-busca-por-justica\/","og_locale":"pt_BR","og_type":"article","og_title":"Ap\u00f3s divulga\u00e7\u00f5es em outdoor e agendamento de carreata para junho, fam\u00edlia mant\u00e9m busca por justi\u00e7a - Regi\u00e3o News","og_description":"Os familiares da idosa Maria Jos\u00e9 Camargo da Silva, 85","og_url":"https:\/\/regiaonews.net.br\/2022\/2021\/04\/15\/apos-divulgacoes-em-outdoor-e-agendamento-de-carreata-para-junho-familia-mantem-busca-por-justica\/","og_site_name":"Regi\u00e3o News","article_published_time":"2021-04-15T12:18:30+00:00","article_modified_time":"2021-04-15T12:20:07+00:00","og_image":[{"width":978,"height":634,"url":"https:\/\/regiaonews.net.br\/2022\/wp-content\/uploads\/2021\/02\/familia.jpg","type":"image\/jpeg"}],"author":"Roberto","twitter_card":"summary_large_image","twitter_misc":{"Escrito por":"Roberto","Est. tempo de leitura":"1 minuto"},"schema":{"@context":"https:\/\/schema.org","@graph":[{"@type":"Article","@id":"https:\/\/regiaonews.net.br\/2022\/2021\/04\/15\/apos-divulgacoes-em-outdoor-e-agendamento-de-carreata-para-junho-familia-mantem-busca-por-justica\/#article","isPartOf":{"@id":"https:\/\/regiaonews.net.br\/2022\/2021\/04\/15\/apos-divulgacoes-em-outdoor-e-agendamento-de-carreata-para-junho-familia-mantem-busca-por-justica\/"},"author":{"name":"Roberto","@id":"https:\/\/regiaonews.net.br\/2022\/#\/schema\/person\/2d205a608a5aa97ac279d7a5e6d89ad8"},"headline":"Ap\u00f3s divulga\u00e7\u00f5es em outdoor e agendamento de carreata para junho, fam\u00edlia mant\u00e9m busca por justi\u00e7a","datePublished":"2021-04-15T12:18:30+00:00","dateModified":"2021-04-15T12:20:07+00:00","mainEntityOfPage":{"@id":"https:\/\/regiaonews.net.br\/2022\/2021\/04\/15\/apos-divulgacoes-em-outdoor-e-agendamento-de-carreata-para-junho-familia-mantem-busca-por-justica\/"},"wordCount":213,"commentCount":0,"publisher":{"@id":"https:\/\/regiaonews.net.br\/2022\/#organization"},"image":{"@id":"https:\/\/regiaonews.net.br\/2022\/2021\/04\/15\/apos-divulgacoes-em-outdoor-e-agendamento-de-carreata-para-junho-familia-mantem-busca-por-justica\/#primaryimage"},"thumbnailUrl":"https:\/\/regiaonews.net.br\/2022\/wp-content\/uploads\/2021\/02\/familia.jpg","articleSection":["Barretos","Cidades","Policia"],"inLanguage":"pt-BR","potentialAction":[{"@type":"CommentAction","name":"Comment","target":["https:\/\/regiaonews.net.br\/2022\/2021\/04\/15\/apos-divulgacoes-em-outdoor-e-agendamento-de-carreata-para-junho-familia-mantem-busca-por-justica\/#respond"]}]},{"@type":"WebPage","@id":"https:\/\/regiaonews.net.br\/2022\/2021\/04\/15\/apos-divulgacoes-em-outdoor-e-agendamento-de-carreata-para-junho-familia-mantem-busca-por-justica\/","url":"https:\/\/regiaonews.net.br\/2022\/2021\/04\/15\/apos-divulgacoes-em-outdoor-e-agendamento-de-carreata-para-junho-familia-mantem-busca-por-justica\/","name":"Ap\u00f3s divulga\u00e7\u00f5es em outdoor e agendamento de carreata para junho, fam\u00edlia mant\u00e9m busca por justi\u00e7a - Regi\u00e3o News","isPartOf":{"@id":"https:\/\/regiaonews.net.br\/2022\/#website"},"primaryImageOfPage":{"@id":"https:\/\/regiaonews.net.br\/2022\/2021\/04\/15\/apos-divulgacoes-em-outdoor-e-agendamento-de-carreata-para-junho-familia-mantem-busca-por-justica\/#primaryimage"},"image":{"@id":"https:\/\/regiaonews.net.br\/2022\/2021\/04\/15\/apos-divulgacoes-em-outdoor-e-agendamento-de-carreata-para-junho-familia-mantem-busca-por-justica\/#primaryimage"},"thumbnailUrl":"https:\/\/regiaonews.net.br\/2022\/wp-content\/uploads\/2021\/02\/familia.jpg","datePublished":"2021-04-15T12:18:30+00:00","dateModified":"2021-04-15T12:20:07+00:00","breadcrumb":{"@id":"https:\/\/regiaonews.net.br\/2022\/2021\/04\/15\/apos-divulgacoes-em-outdoor-e-agendamento-de-carreata-para-junho-familia-mantem-busca-por-justica\/#breadcrumb"},"inLanguage":"pt-BR","potentialAction":[{"@type":"ReadAction","target":["https:\/\/regiaonews.net.br\/2022\/2021\/04\/15\/apos-divulgacoes-em-outdoor-e-agendamento-de-carreata-para-junho-familia-mantem-busca-por-justica\/"]}]},{"@type":"ImageObject","inLanguage":"pt-BR","@id":"https:\/\/regiaonews.net.br\/2022\/2021\/04\/15\/apos-divulgacoes-em-outdoor-e-agendamento-de-carreata-para-junho-familia-mantem-busca-por-justica\/#primaryimage","url":"https:\/\/regiaonews.net.br\/2022\/wp-content\/uploads\/2021\/02\/familia.jpg","contentUrl":"https:\/\/regiaonews.net.br\/2022\/wp-content\/uploads\/2021\/02\/familia.jpg","width":978,"height":634},{"@type":"BreadcrumbList","@id":"https:\/\/regiaonews.net.br\/2022\/2021\/04\/15\/apos-divulgacoes-em-outdoor-e-agendamento-de-carreata-para-junho-familia-mantem-busca-por-justica\/#breadcrumb","itemListElement":[{"@type":"ListItem","position":1,"name":"In\u00edcio","item":"https:\/\/regiaonews.net.br\/2022\/"},{"@type":"ListItem","position":2,"name":"Ap\u00f3s divulga\u00e7\u00f5es em outdoor e agendamento de carreata para junho, fam\u00edlia mant\u00e9m busca por justi\u00e7a"}]},{"@type":"WebSite","@id":"https:\/\/regiaonews.net.br\/2022\/#website","url":"https:\/\/regiaonews.net.br\/2022\/","name":"Regi\u00e3o News","description":"Site de Not\u00edcias de Barretos e regi\u00e3o","publisher":{"@id":"https:\/\/regiaonews.net.br\/2022\/#organization"},"potentialAction":[{"@type":"SearchAction","target":{"@type":"EntryPoint","urlTemplate":"https:\/\/regiaonews.net.br\/2022\/?s={search_term_string}"},"query-input":{"@type":"PropertyValueSpecification","valueRequired":true,"valueName":"search_term_string"}}],"inLanguage":"pt-BR"},{"@type":"Organization","@id":"https:\/\/regiaonews.net.br\/2022\/#organization","name":"Regi\u00e3o News","url":"https:\/\/regiaonews.net.br\/2022\/","logo":{"@type":"ImageObject","inLanguage":"pt-BR","@id":"https:\/\/regiaonews.net.br\/2022\/#\/schema\/logo\/image\/","url":"https:\/\/regiaonews.net.br\/2022\/wp-content\/uploads\/2026\/03\/regiao-13-anos-scaled.jpg","contentUrl":"https:\/\/regiaonews.net.br\/2022\/wp-content\/uploads\/2026\/03\/regiao-13-anos-scaled.jpg","width":2560,"height":635,"caption":"Regi\u00e3o News"},"image":{"@id":"https:\/\/regiaonews.net.br\/2022\/#\/schema\/logo\/image\/"}},{"@type":"Person","@id":"https:\/\/regiaonews.net.br\/2022\/#\/schema\/person\/2d205a608a5aa97ac279d7a5e6d89ad8","name":"Roberto","image":{"@type":"ImageObject","inLanguage":"pt-BR","@id":"https:\/\/secure.gravatar.com\/avatar\/42749d8b712ff9d59ca93dc150494e5b55a44134482993f5baeb97e61b7ecc89?s=96&d=mm&r=g","url":"https:\/\/secure.gravatar.com\/avatar\/42749d8b712ff9d59ca93dc150494e5b55a44134482993f5baeb97e61b7ecc89?s=96&d=mm&r=g","contentUrl":"https:\/\/secure.gravatar.com\/avatar\/42749d8b712ff9d59ca93dc150494e5b55a44134482993f5baeb97e61b7ecc89?s=96&d=mm&r=g","caption":"Roberto"},"url":"https:\/\/regiaonews.net.br\/2022\/author\/roberto\/"}]}},"publishpress_future_action":{"enabled":false,"date":"2026-05-02 02:24:05","action":"change-status","newStatus":"draft","terms":[],"taxonomy":"category","extraData":[]},"publishpress_future_workflow_manual_trigger":{"enabledWorkflows":[]},"_links":{"self":[{"href":"https:\/\/regiaonews.net.br\/2022\/wp-json\/wp\/v2\/posts\/45223","targetHints":{"allow":["GET"]}}],"collection":[{"href":"https:\/\/regiaonews.net.br\/2022\/wp-json\/wp\/v2\/posts"}],"about":[{"href":"https:\/\/regiaonews.net.br\/2022\/wp-json\/wp\/v2\/types\/post"}],"author":[{"embeddable":true,"href":"https:\/\/regiaonews.net.br\/2022\/wp-json\/wp\/v2\/users\/2"}],"replies":[{"embeddable":true,"href":"https:\/\/regiaonews.net.br\/2022\/wp-json\/wp\/v2\/comments?post=45223"}],"version-history":[{"count":0,"href":"https:\/\/regiaonews.net.br\/2022\/wp-json\/wp\/v2\/posts\/45223\/revisions"}],"wp:featuredmedia":[{"embeddable":true,"href":"https:\/\/regiaonews.net.br\/2022\/wp-json\/wp\/v2\/media\/43298"}],"wp:attachment":[{"href":"https:\/\/regiaonews.net.br\/2022\/wp-json\/wp\/v2\/media?parent=45223"}],"wp:term":[{"taxonomy":"category","embeddable":true,"href":"https:\/\/regiaonews.net.br\/2022\/wp-json\/wp\/v2\/categories?post=45223"},{"taxonomy":"post_tag","embeddable":true,"href":"https:\/\/regiaonews.net.br\/2022\/wp-json\/wp\/v2\/tags?post=45223"}],"curies":[{"name":"wp","href":"https:\/\/api.w.org\/{rel}","templated":true}]}}