{"id":44941,"date":"2021-04-09T07:30:40","date_gmt":"2021-04-09T10:30:40","guid":{"rendered":"https:\/\/regiaonews.net.br\/2022\/?p=44941"},"modified":"2021-04-09T07:30:40","modified_gmt":"2021-04-09T10:30:40","slug":"tereos-abre-inscricoes-para-programa-de-estagio-2021","status":"publish","type":"post","link":"https:\/\/regiaonews.net.br\/2022\/2021\/04\/09\/tereos-abre-inscricoes-para-programa-de-estagio-2021\/","title":{"rendered":"Tereos abre inscri\u00e7\u00f5es para programa de est\u00e1gio 2021"},"content":{"rendered":"<p><a href=\"https:\/\/regiaonews.net.br\/2022\/wp-content\/uploads\/2018\/10\/tereos.jpg\"><img loading=\"lazy\" decoding=\"async\" class=\"alignnone size-medium wp-image-15811\" src=\"https:\/\/regiaonews.net.br\/2022\/wp-content\/uploads\/2018\/10\/tereos-300x201.jpg\" alt=\"\" width=\"300\" height=\"201\" \/><\/a><\/p>\n<p>A Tereos est\u00e1 com inscri\u00e7\u00f5es abertas para o programa de est\u00e1gio Jovens Talentos. H\u00e1 vagas para as oito unidades do Grupo, localizadas nas cidades de Colina, Guaraci, Gua\u00edra, Ol\u00edmpia, Pitangueiras, Sever\u00ednia, Tanabi e Palmital. O prazo para participar segue aberto at\u00e9 o dia 16 de maio.<\/p>\n<p>Neste ano, o programa abre oportunidades para estudantes de v\u00e1rias \u00e1reas do ensino superior, entre elas: Administra\u00e7\u00e3o, Agronomia, Com\u00e9rcio Exterior, Contabilidade, Direito, Economia, Engenharia Agron\u00f4mica ou Agr\u00edcola, Engenharias em geral, Psicologia, Publicidade, Matem\u00e1tica. Ci\u00eancia da Computa\u00e7\u00e3o, Comunica\u00e7\u00e3o Social, Rela\u00e7\u00f5es Internacionais, Tecnologia da Informa\u00e7\u00e3o, Qu\u00edmica e Nutri\u00e7\u00e3o.<\/p>\n<p>Para se candidatar, \u00e9 preciso que os interessados possuam n\u00edvel intermedi\u00e1rio em ingl\u00eas ou franc\u00eas, al\u00e9m de dom\u00ednio em inform\u00e1tica, com habilidades em programas do pacote Office e internet, al\u00e9m de disponibilidade para estagiar seis horas por dia, de segunda a sexta-feira. As vagas dispon\u00edveis est\u00e3o distribu\u00eddas pelas mais diversas \u00e1reas da companhia, desde a opera\u00e7\u00e3o at\u00e9 fun\u00e7\u00f5es administrativas.<\/p>\n<p>O programa tem dura\u00e7\u00e3o de 11 meses e, durante o trabalho, os jovens podem participar de atividades como o\u00a0<em>Job Rotation<\/em>, em que escolhem outras \u00e1reas da empresa para conhecer melhor durante o per\u00edodo de est\u00e1gio. Al\u00e9m disso, participam de trilhas de desenvolvimento, com din\u00e2micas de grupo e gamifica\u00e7\u00e3o.<\/p>\n<p>O Jovens Talentos ter\u00e1 in\u00edcio em agosto, com possibilidade de efetiva\u00e7\u00e3o ao t\u00e9rmino do programa. Entre os benef\u00edcios oferecidos pela Tereos est\u00e3o: bolsa-aux\u00edlio, plano de sa\u00fade, seguro de vida, transporte, refei\u00e7\u00f5es na empresa e vale-alimenta\u00e7\u00e3o.<\/p>\n<p>\u201cHoje, o nosso programa \u00e9 um dos mais conceituados e atrai talentos de todo o Pa\u00eds, sendo um dos principais meios de sele\u00e7\u00e3o para vagas no Grupo Tereos. No programa atualmente em curso, a despeito das dificuldades impostas pela pandemia, estamos desenvolvendo nossos jovens talentos e conseguindo um alto \u00edndice de efetiva\u00e7\u00e3o\u201d, destaca o gestor de Aquisi\u00e7\u00e3o de Talentos, Teo Gebrim Oliveira.<\/p>\n<p><strong>Inscri\u00e7\u00e3o<\/strong><\/p>\n<p>Para se inscrever, os interessados dever\u00e3o acessar o portal, em\u00a0<a href=\"https:\/\/bit.ly\/39R05ks\">https:\/\/bit.ly\/39R05ks<\/a>.<\/p>\n<p>O processo seletivo ser\u00e1 composto por provas on-line de racioc\u00ednio l\u00f3gico, idiomas (ingl\u00eas ou franc\u00eas) e conhecimentos gerais, al\u00e9m de videoentrevistas e entrevistas presenciais.<\/p>\n","protected":false},"excerpt":{"rendered":"<p>A Tereos est\u00e1 com inscri\u00e7\u00f5es abertas para o programa de<\/p>\n","protected":false},"author":2,"featured_media":15811,"comment_status":"open","ping_status":"open","sticky":false,"template":"","format":"standard","meta":{"footnotes":""},"categories":[30],"tags":[],"class_list":["post-44941","post","type-post","status-publish","format-standard","has-post-thumbnail","hentry","category-regiao"],"yoast_head":"<!-- This site is optimized with the Yoast SEO plugin v27.4 - https:\/\/yoast.com\/product\/yoast-seo-wordpress\/ -->\n<title>Tereos abre inscri\u00e7\u00f5es para programa de est\u00e1gio 2021 - Regi\u00e3o News<\/title>\n<meta name=\"robots\" content=\"index, follow, max-snippet:-1, max-image-preview:large, max-video-preview:-1\" \/>\n<link rel=\"canonical\" href=\"https:\/\/regiaonews.net.br\/2022\/2021\/04\/09\/tereos-abre-inscricoes-para-programa-de-estagio-2021\/\" \/>\n<meta property=\"og:locale\" content=\"pt_BR\" \/>\n<meta property=\"og:type\" content=\"article\" \/>\n<meta property=\"og:title\" content=\"Tereos abre inscri\u00e7\u00f5es para programa de est\u00e1gio 2021 - Regi\u00e3o News\" \/>\n<meta property=\"og:description\" content=\"A Tereos est\u00e1 com inscri\u00e7\u00f5es abertas para o programa de\" \/>\n<meta property=\"og:url\" content=\"https:\/\/regiaonews.net.br\/2022\/2021\/04\/09\/tereos-abre-inscricoes-para-programa-de-estagio-2021\/\" \/>\n<meta property=\"og:site_name\" content=\"Regi\u00e3o News\" \/>\n<meta property=\"article:published_time\" content=\"2021-04-09T10:30:40+00:00\" \/>\n<meta property=\"og:image\" content=\"https:\/\/regiaonews.net.br\/2022\/wp-content\/uploads\/2018\/10\/tereos.jpg\" \/>\n\t<meta property=\"og:image:width\" content=\"700\" \/>\n\t<meta property=\"og:image:height\" content=\"470\" \/>\n\t<meta property=\"og:image:type\" content=\"image\/jpeg\" \/>\n<meta name=\"author\" content=\"Roberto\" \/>\n<meta name=\"twitter:card\" content=\"summary_large_image\" \/>\n<meta name=\"twitter:label1\" content=\"Escrito por\" \/>\n\t<meta name=\"twitter:data1\" content=\"Roberto\" \/>\n\t<meta name=\"twitter:label2\" content=\"Est. tempo de leitura\" \/>\n\t<meta name=\"twitter:data2\" content=\"2 minutos\" \/>\n<script type=\"application\/ld+json\" class=\"yoast-schema-graph\">{\"@context\":\"https:\\\/\\\/schema.org\",\"@graph\":[{\"@type\":\"Article\",\"@id\":\"https:\\\/\\\/regiaonews.net.br\\\/2022\\\/2021\\\/04\\\/09\\\/tereos-abre-inscricoes-para-programa-de-estagio-2021\\\/#article\",\"isPartOf\":{\"@id\":\"https:\\\/\\\/regiaonews.net.br\\\/2022\\\/2021\\\/04\\\/09\\\/tereos-abre-inscricoes-para-programa-de-estagio-2021\\\/\"},\"author\":{\"name\":\"Roberto\",\"@id\":\"https:\\\/\\\/regiaonews.net.br\\\/2022\\\/#\\\/schema\\\/person\\\/2d205a608a5aa97ac279d7a5e6d89ad8\"},\"headline\":\"Tereos abre inscri\u00e7\u00f5es para programa de est\u00e1gio 2021\",\"datePublished\":\"2021-04-09T10:30:40+00:00\",\"mainEntityOfPage\":{\"@id\":\"https:\\\/\\\/regiaonews.net.br\\\/2022\\\/2021\\\/04\\\/09\\\/tereos-abre-inscricoes-para-programa-de-estagio-2021\\\/\"},\"wordCount\":399,\"commentCount\":0,\"publisher\":{\"@id\":\"https:\\\/\\\/regiaonews.net.br\\\/2022\\\/#organization\"},\"image\":{\"@id\":\"https:\\\/\\\/regiaonews.net.br\\\/2022\\\/2021\\\/04\\\/09\\\/tereos-abre-inscricoes-para-programa-de-estagio-2021\\\/#primaryimage\"},\"thumbnailUrl\":\"https:\\\/\\\/regiaonews.net.br\\\/2022\\\/wp-content\\\/uploads\\\/2018\\\/10\\\/tereos.jpg\",\"articleSection\":[\"Regi\u00e3o\"],\"inLanguage\":\"pt-BR\",\"potentialAction\":[{\"@type\":\"CommentAction\",\"name\":\"Comment\",\"target\":[\"https:\\\/\\\/regiaonews.net.br\\\/2022\\\/2021\\\/04\\\/09\\\/tereos-abre-inscricoes-para-programa-de-estagio-2021\\\/#respond\"]}]},{\"@type\":\"WebPage\",\"@id\":\"https:\\\/\\\/regiaonews.net.br\\\/2022\\\/2021\\\/04\\\/09\\\/tereos-abre-inscricoes-para-programa-de-estagio-2021\\\/\",\"url\":\"https:\\\/\\\/regiaonews.net.br\\\/2022\\\/2021\\\/04\\\/09\\\/tereos-abre-inscricoes-para-programa-de-estagio-2021\\\/\",\"name\":\"Tereos abre inscri\u00e7\u00f5es para programa de est\u00e1gio 2021 - Regi\u00e3o News\",\"isPartOf\":{\"@id\":\"https:\\\/\\\/regiaonews.net.br\\\/2022\\\/#website\"},\"primaryImageOfPage\":{\"@id\":\"https:\\\/\\\/regiaonews.net.br\\\/2022\\\/2021\\\/04\\\/09\\\/tereos-abre-inscricoes-para-programa-de-estagio-2021\\\/#primaryimage\"},\"image\":{\"@id\":\"https:\\\/\\\/regiaonews.net.br\\\/2022\\\/2021\\\/04\\\/09\\\/tereos-abre-inscricoes-para-programa-de-estagio-2021\\\/#primaryimage\"},\"thumbnailUrl\":\"https:\\\/\\\/regiaonews.net.br\\\/2022\\\/wp-content\\\/uploads\\\/2018\\\/10\\\/tereos.jpg\",\"datePublished\":\"2021-04-09T10:30:40+00:00\",\"breadcrumb\":{\"@id\":\"https:\\\/\\\/regiaonews.net.br\\\/2022\\\/2021\\\/04\\\/09\\\/tereos-abre-inscricoes-para-programa-de-estagio-2021\\\/#breadcrumb\"},\"inLanguage\":\"pt-BR\",\"potentialAction\":[{\"@type\":\"ReadAction\",\"target\":[\"https:\\\/\\\/regiaonews.net.br\\\/2022\\\/2021\\\/04\\\/09\\\/tereos-abre-inscricoes-para-programa-de-estagio-2021\\\/\"]}]},{\"@type\":\"ImageObject\",\"inLanguage\":\"pt-BR\",\"@id\":\"https:\\\/\\\/regiaonews.net.br\\\/2022\\\/2021\\\/04\\\/09\\\/tereos-abre-inscricoes-para-programa-de-estagio-2021\\\/#primaryimage\",\"url\":\"https:\\\/\\\/regiaonews.net.br\\\/2022\\\/wp-content\\\/uploads\\\/2018\\\/10\\\/tereos.jpg\",\"contentUrl\":\"https:\\\/\\\/regiaonews.net.br\\\/2022\\\/wp-content\\\/uploads\\\/2018\\\/10\\\/tereos.jpg\",\"width\":700,\"height\":470},{\"@type\":\"BreadcrumbList\",\"@id\":\"https:\\\/\\\/regiaonews.net.br\\\/2022\\\/2021\\\/04\\\/09\\\/tereos-abre-inscricoes-para-programa-de-estagio-2021\\\/#breadcrumb\",\"itemListElement\":[{\"@type\":\"ListItem\",\"position\":1,\"name\":\"In\u00edcio\",\"item\":\"https:\\\/\\\/regiaonews.net.br\\\/2022\\\/\"},{\"@type\":\"ListItem\",\"position\":2,\"name\":\"Tereos abre inscri\u00e7\u00f5es para programa de est\u00e1gio 2021\"}]},{\"@type\":\"WebSite\",\"@id\":\"https:\\\/\\\/regiaonews.net.br\\\/2022\\\/#website\",\"url\":\"https:\\\/\\\/regiaonews.net.br\\\/2022\\\/\",\"name\":\"Regi\u00e3o News\",\"description\":\"Site de Not\u00edcias de Barretos e regi\u00e3o\",\"publisher\":{\"@id\":\"https:\\\/\\\/regiaonews.net.br\\\/2022\\\/#organization\"},\"potentialAction\":[{\"@type\":\"SearchAction\",\"target\":{\"@type\":\"EntryPoint\",\"urlTemplate\":\"https:\\\/\\\/regiaonews.net.br\\\/2022\\\/?s={search_term_string}\"},\"query-input\":{\"@type\":\"PropertyValueSpecification\",\"valueRequired\":true,\"valueName\":\"search_term_string\"}}],\"inLanguage\":\"pt-BR\"},{\"@type\":\"Organization\",\"@id\":\"https:\\\/\\\/regiaonews.net.br\\\/2022\\\/#organization\",\"name\":\"Regi\u00e3o News\",\"url\":\"https:\\\/\\\/regiaonews.net.br\\\/2022\\\/\",\"logo\":{\"@type\":\"ImageObject\",\"inLanguage\":\"pt-BR\",\"@id\":\"https:\\\/\\\/regiaonews.net.br\\\/2022\\\/#\\\/schema\\\/logo\\\/image\\\/\",\"url\":\"https:\\\/\\\/regiaonews.net.br\\\/2022\\\/wp-content\\\/uploads\\\/2026\\\/03\\\/regiao-13-anos-scaled.jpg\",\"contentUrl\":\"https:\\\/\\\/regiaonews.net.br\\\/2022\\\/wp-content\\\/uploads\\\/2026\\\/03\\\/regiao-13-anos-scaled.jpg\",\"width\":2560,\"height\":635,\"caption\":\"Regi\u00e3o News\"},\"image\":{\"@id\":\"https:\\\/\\\/regiaonews.net.br\\\/2022\\\/#\\\/schema\\\/logo\\\/image\\\/\"}},{\"@type\":\"Person\",\"@id\":\"https:\\\/\\\/regiaonews.net.br\\\/2022\\\/#\\\/schema\\\/person\\\/2d205a608a5aa97ac279d7a5e6d89ad8\",\"name\":\"Roberto\",\"image\":{\"@type\":\"ImageObject\",\"inLanguage\":\"pt-BR\",\"@id\":\"https:\\\/\\\/secure.gravatar.com\\\/avatar\\\/42749d8b712ff9d59ca93dc150494e5b55a44134482993f5baeb97e61b7ecc89?s=96&d=mm&r=g\",\"url\":\"https:\\\/\\\/secure.gravatar.com\\\/avatar\\\/42749d8b712ff9d59ca93dc150494e5b55a44134482993f5baeb97e61b7ecc89?s=96&d=mm&r=g\",\"contentUrl\":\"https:\\\/\\\/secure.gravatar.com\\\/avatar\\\/42749d8b712ff9d59ca93dc150494e5b55a44134482993f5baeb97e61b7ecc89?s=96&d=mm&r=g\",\"caption\":\"Roberto\"},\"url\":\"https:\\\/\\\/regiaonews.net.br\\\/2022\\\/author\\\/roberto\\\/\"}]}<\/script>\n<!-- \/ Yoast SEO plugin. -->","yoast_head_json":{"title":"Tereos abre inscri\u00e7\u00f5es para programa de est\u00e1gio 2021 - Regi\u00e3o News","robots":{"index":"index","follow":"follow","max-snippet":"max-snippet:-1","max-image-preview":"max-image-preview:large","max-video-preview":"max-video-preview:-1"},"canonical":"https:\/\/regiaonews.net.br\/2022\/2021\/04\/09\/tereos-abre-inscricoes-para-programa-de-estagio-2021\/","og_locale":"pt_BR","og_type":"article","og_title":"Tereos abre inscri\u00e7\u00f5es para programa de est\u00e1gio 2021 - Regi\u00e3o News","og_description":"A Tereos est\u00e1 com inscri\u00e7\u00f5es abertas para o programa de","og_url":"https:\/\/regiaonews.net.br\/2022\/2021\/04\/09\/tereos-abre-inscricoes-para-programa-de-estagio-2021\/","og_site_name":"Regi\u00e3o News","article_published_time":"2021-04-09T10:30:40+00:00","og_image":[{"width":700,"height":470,"url":"https:\/\/regiaonews.net.br\/2022\/wp-content\/uploads\/2018\/10\/tereos.jpg","type":"image\/jpeg"}],"author":"Roberto","twitter_card":"summary_large_image","twitter_misc":{"Escrito por":"Roberto","Est. tempo de leitura":"2 minutos"},"schema":{"@context":"https:\/\/schema.org","@graph":[{"@type":"Article","@id":"https:\/\/regiaonews.net.br\/2022\/2021\/04\/09\/tereos-abre-inscricoes-para-programa-de-estagio-2021\/#article","isPartOf":{"@id":"https:\/\/regiaonews.net.br\/2022\/2021\/04\/09\/tereos-abre-inscricoes-para-programa-de-estagio-2021\/"},"author":{"name":"Roberto","@id":"https:\/\/regiaonews.net.br\/2022\/#\/schema\/person\/2d205a608a5aa97ac279d7a5e6d89ad8"},"headline":"Tereos abre inscri\u00e7\u00f5es para programa de est\u00e1gio 2021","datePublished":"2021-04-09T10:30:40+00:00","mainEntityOfPage":{"@id":"https:\/\/regiaonews.net.br\/2022\/2021\/04\/09\/tereos-abre-inscricoes-para-programa-de-estagio-2021\/"},"wordCount":399,"commentCount":0,"publisher":{"@id":"https:\/\/regiaonews.net.br\/2022\/#organization"},"image":{"@id":"https:\/\/regiaonews.net.br\/2022\/2021\/04\/09\/tereos-abre-inscricoes-para-programa-de-estagio-2021\/#primaryimage"},"thumbnailUrl":"https:\/\/regiaonews.net.br\/2022\/wp-content\/uploads\/2018\/10\/tereos.jpg","articleSection":["Regi\u00e3o"],"inLanguage":"pt-BR","potentialAction":[{"@type":"CommentAction","name":"Comment","target":["https:\/\/regiaonews.net.br\/2022\/2021\/04\/09\/tereos-abre-inscricoes-para-programa-de-estagio-2021\/#respond"]}]},{"@type":"WebPage","@id":"https:\/\/regiaonews.net.br\/2022\/2021\/04\/09\/tereos-abre-inscricoes-para-programa-de-estagio-2021\/","url":"https:\/\/regiaonews.net.br\/2022\/2021\/04\/09\/tereos-abre-inscricoes-para-programa-de-estagio-2021\/","name":"Tereos abre inscri\u00e7\u00f5es para programa de est\u00e1gio 2021 - Regi\u00e3o News","isPartOf":{"@id":"https:\/\/regiaonews.net.br\/2022\/#website"},"primaryImageOfPage":{"@id":"https:\/\/regiaonews.net.br\/2022\/2021\/04\/09\/tereos-abre-inscricoes-para-programa-de-estagio-2021\/#primaryimage"},"image":{"@id":"https:\/\/regiaonews.net.br\/2022\/2021\/04\/09\/tereos-abre-inscricoes-para-programa-de-estagio-2021\/#primaryimage"},"thumbnailUrl":"https:\/\/regiaonews.net.br\/2022\/wp-content\/uploads\/2018\/10\/tereos.jpg","datePublished":"2021-04-09T10:30:40+00:00","breadcrumb":{"@id":"https:\/\/regiaonews.net.br\/2022\/2021\/04\/09\/tereos-abre-inscricoes-para-programa-de-estagio-2021\/#breadcrumb"},"inLanguage":"pt-BR","potentialAction":[{"@type":"ReadAction","target":["https:\/\/regiaonews.net.br\/2022\/2021\/04\/09\/tereos-abre-inscricoes-para-programa-de-estagio-2021\/"]}]},{"@type":"ImageObject","inLanguage":"pt-BR","@id":"https:\/\/regiaonews.net.br\/2022\/2021\/04\/09\/tereos-abre-inscricoes-para-programa-de-estagio-2021\/#primaryimage","url":"https:\/\/regiaonews.net.br\/2022\/wp-content\/uploads\/2018\/10\/tereos.jpg","contentUrl":"https:\/\/regiaonews.net.br\/2022\/wp-content\/uploads\/2018\/10\/tereos.jpg","width":700,"height":470},{"@type":"BreadcrumbList","@id":"https:\/\/regiaonews.net.br\/2022\/2021\/04\/09\/tereos-abre-inscricoes-para-programa-de-estagio-2021\/#breadcrumb","itemListElement":[{"@type":"ListItem","position":1,"name":"In\u00edcio","item":"https:\/\/regiaonews.net.br\/2022\/"},{"@type":"ListItem","position":2,"name":"Tereos abre inscri\u00e7\u00f5es para programa de est\u00e1gio 2021"}]},{"@type":"WebSite","@id":"https:\/\/regiaonews.net.br\/2022\/#website","url":"https:\/\/regiaonews.net.br\/2022\/","name":"Regi\u00e3o News","description":"Site de Not\u00edcias de Barretos e regi\u00e3o","publisher":{"@id":"https:\/\/regiaonews.net.br\/2022\/#organization"},"potentialAction":[{"@type":"SearchAction","target":{"@type":"EntryPoint","urlTemplate":"https:\/\/regiaonews.net.br\/2022\/?s={search_term_string}"},"query-input":{"@type":"PropertyValueSpecification","valueRequired":true,"valueName":"search_term_string"}}],"inLanguage":"pt-BR"},{"@type":"Organization","@id":"https:\/\/regiaonews.net.br\/2022\/#organization","name":"Regi\u00e3o News","url":"https:\/\/regiaonews.net.br\/2022\/","logo":{"@type":"ImageObject","inLanguage":"pt-BR","@id":"https:\/\/regiaonews.net.br\/2022\/#\/schema\/logo\/image\/","url":"https:\/\/regiaonews.net.br\/2022\/wp-content\/uploads\/2026\/03\/regiao-13-anos-scaled.jpg","contentUrl":"https:\/\/regiaonews.net.br\/2022\/wp-content\/uploads\/2026\/03\/regiao-13-anos-scaled.jpg","width":2560,"height":635,"caption":"Regi\u00e3o News"},"image":{"@id":"https:\/\/regiaonews.net.br\/2022\/#\/schema\/logo\/image\/"}},{"@type":"Person","@id":"https:\/\/regiaonews.net.br\/2022\/#\/schema\/person\/2d205a608a5aa97ac279d7a5e6d89ad8","name":"Roberto","image":{"@type":"ImageObject","inLanguage":"pt-BR","@id":"https:\/\/secure.gravatar.com\/avatar\/42749d8b712ff9d59ca93dc150494e5b55a44134482993f5baeb97e61b7ecc89?s=96&d=mm&r=g","url":"https:\/\/secure.gravatar.com\/avatar\/42749d8b712ff9d59ca93dc150494e5b55a44134482993f5baeb97e61b7ecc89?s=96&d=mm&r=g","contentUrl":"https:\/\/secure.gravatar.com\/avatar\/42749d8b712ff9d59ca93dc150494e5b55a44134482993f5baeb97e61b7ecc89?s=96&d=mm&r=g","caption":"Roberto"},"url":"https:\/\/regiaonews.net.br\/2022\/author\/roberto\/"}]}},"publishpress_future_action":{"enabled":false,"date":"2026-05-04 04:09:58","action":"change-status","newStatus":"draft","terms":[],"taxonomy":"category","extraData":[]},"publishpress_future_workflow_manual_trigger":{"enabledWorkflows":[]},"_links":{"self":[{"href":"https:\/\/regiaonews.net.br\/2022\/wp-json\/wp\/v2\/posts\/44941","targetHints":{"allow":["GET"]}}],"collection":[{"href":"https:\/\/regiaonews.net.br\/2022\/wp-json\/wp\/v2\/posts"}],"about":[{"href":"https:\/\/regiaonews.net.br\/2022\/wp-json\/wp\/v2\/types\/post"}],"author":[{"embeddable":true,"href":"https:\/\/regiaonews.net.br\/2022\/wp-json\/wp\/v2\/users\/2"}],"replies":[{"embeddable":true,"href":"https:\/\/regiaonews.net.br\/2022\/wp-json\/wp\/v2\/comments?post=44941"}],"version-history":[{"count":0,"href":"https:\/\/regiaonews.net.br\/2022\/wp-json\/wp\/v2\/posts\/44941\/revisions"}],"wp:featuredmedia":[{"embeddable":true,"href":"https:\/\/regiaonews.net.br\/2022\/wp-json\/wp\/v2\/media\/15811"}],"wp:attachment":[{"href":"https:\/\/regiaonews.net.br\/2022\/wp-json\/wp\/v2\/media?parent=44941"}],"wp:term":[{"taxonomy":"category","embeddable":true,"href":"https:\/\/regiaonews.net.br\/2022\/wp-json\/wp\/v2\/categories?post=44941"},{"taxonomy":"post_tag","embeddable":true,"href":"https:\/\/regiaonews.net.br\/2022\/wp-json\/wp\/v2\/tags?post=44941"}],"curies":[{"name":"wp","href":"https:\/\/api.w.org\/{rel}","templated":true}]}}