{"id":44931,"date":"2021-04-09T07:16:51","date_gmt":"2021-04-09T10:16:51","guid":{"rendered":"https:\/\/regiaonews.net.br\/2022\/?p=44931"},"modified":"2021-04-09T07:16:51","modified_gmt":"2021-04-09T10:16:51","slug":"prefeito-e-vice-participam-de-reuniao-com-a-policia-ambiental-e-autoridades-do-municipio-de-colombia","status":"publish","type":"post","link":"https:\/\/regiaonews.net.br\/2022\/2021\/04\/09\/prefeito-e-vice-participam-de-reuniao-com-a-policia-ambiental-e-autoridades-do-municipio-de-colombia\/","title":{"rendered":"Prefeito e Vice Participam de reuni\u00e3o com a Pol\u00edcia Ambiental e autoridades do munic\u00edpio de Col\u00f4mbia"},"content":{"rendered":"<p><strong><a href=\"https:\/\/regiaonews.net.br\/2022\/wp-content\/uploads\/2021\/04\/DSC_6070.jpg\"><img loading=\"lazy\" decoding=\"async\" class=\"alignnone size-medium wp-image-44932\" src=\"https:\/\/regiaonews.net.br\/2022\/wp-content\/uploads\/2021\/04\/DSC_6070-300x200.jpg\" alt=\"\" width=\"300\" height=\"200\" \/><\/a> <a href=\"https:\/\/regiaonews.net.br\/2022\/wp-content\/uploads\/2021\/04\/DSC_6076.jpg\"><img loading=\"lazy\" decoding=\"async\" class=\"alignnone size-medium wp-image-44933\" src=\"https:\/\/regiaonews.net.br\/2022\/wp-content\/uploads\/2021\/04\/DSC_6076-300x200.jpg\" alt=\"\" width=\"300\" height=\"200\" \/><\/a> <a href=\"https:\/\/regiaonews.net.br\/2022\/wp-content\/uploads\/2021\/04\/DSC_6081.jpg\"><img loading=\"lazy\" decoding=\"async\" class=\"alignnone size-medium wp-image-44934\" src=\"https:\/\/regiaonews.net.br\/2022\/wp-content\/uploads\/2021\/04\/DSC_6081-300x200.jpg\" alt=\"\" width=\"300\" height=\"200\" \/><\/a> <a href=\"https:\/\/regiaonews.net.br\/2022\/wp-content\/uploads\/2021\/04\/DSC_6196.jpg\"><img loading=\"lazy\" decoding=\"async\" class=\"alignnone size-medium wp-image-44935\" src=\"https:\/\/regiaonews.net.br\/2022\/wp-content\/uploads\/2021\/04\/DSC_6196-300x200.jpg\" alt=\"\" width=\"300\" height=\"200\" \/><\/a><\/strong><\/p>\n<p>Nesta quinta-feira, dia 08 de abril\/21, aconteceu na C\u00e2mara Municipal de Vereadores de Col\u00f4mbia, reuni\u00e3o que teve o intuito de esclarecimento de alguns procedimentos adotados pela Policia Ambiental, quanto a abordagem e sobre a problem\u00e1tica da pesca predat\u00f3ria e esclarecendo d\u00favidas.\u00a0A reuni\u00e3o contou com a presen\u00e7a do Prefeito Julio C\u00e9sar (Tuta), a Vice-Prefeita, Eloisa Prado, da Superintendente do Meio Ambiente Maria In\u00e1cia Freitas, do Presidente da C\u00e2mara de Vereadores, Geraldo dos Reis, juntamente com os vereadores M\u00e1rcio Lopes, Junior Prado (Tuluz\u00e3o), Fernando Tamburus, Adelmo Nozaki, Aparecido Daniel Pimenta, Rinaldo Nozaki e tamb\u00e9m\u00a0 do Capit\u00e3o Rodrigo Ant\u00f4nio, Comandante da 3\u00b0 Companhia do 4\u00b0 Batalh\u00e3o de Pol\u00edcia Ambiental, sediado em Fran\u00e7a-SP. Partes dos vereadores do munic\u00edpio tamb\u00e9m participaram.<\/p>\n<p>O Capit\u00e3o Rodrigo esclarece que, a pol\u00edtica da Policia Ambiental \u00e9 voltada para a fiscaliza\u00e7\u00e3o dentro da maior legalidade poss\u00edvel, buscando sempre uma aproxima\u00e7\u00e3o entre fiscalizador e fiscalizado, defendo sempre o cidad\u00e3o de bem. Mostrando que a policial ambiental n\u00e3o \u00e9 um \u00f3rg\u00e3o inimigo, e sim, sociedade como um todo. Por\u00e9m \u00e9 um \u00f3rg\u00e3o que trabalha executando e cumprindo regras.<\/p>\n<p>Abrangendo 40 munic\u00edpios, com uma Base da Policia Ambiental em Franca\/SP, outra no munic\u00edpio de Ituverava\/SP e um pelot\u00e3o no munic\u00edpio de Barretos\/SP. A Policia Ambiental deixa sempre portas das bases operacionais abertas para que qualquer cidad\u00e3o possa vir a buscar de informa\u00e7\u00f5es, al\u00e9m de orienta\u00e7\u00f5es quanto a seus direitos e deveres.<\/p>\n<p>O Prefeito Tuta, disponibilizou a Assessoria de Imprensa da Prefeitura, para que pudesse apoiar com seus canais de comunica\u00e7\u00e3o com a popula\u00e7\u00e3o, para intensificar a informa\u00e7\u00e3o e fazer com que a ponte entre a Pol\u00edcia Ambiental cres\u00e7a em rela\u00e7\u00e3o aos pescadores e tamb\u00e9m da popula\u00e7\u00e3o.<\/p>\n<p>\u201cUma reuni\u00e3o como essa, \u00e9 o primeiro passo para muitas discuss\u00f5es, e unido a um trabalho de divulga\u00e7\u00e3o, principalmente em uma cidade como o munic\u00edpio Col\u00f4mbia que tem na pesca um reduto muito forte, \u00e9 algo que ter\u00e1 resultados sempre positivos.\u201d \u2013 Salientou o Capit\u00e3o Rodrigo Ant\u00f4nio.<\/p>\n<p>\u201cN\u00f3s s\u00f3 temos a agradecer por ter atendido a solicita\u00e7\u00e3o desta reuni\u00e3o que \u00e9 reivindicada a mais de um ano, n\u00f3s ouvimos a popula\u00e7\u00e3o e precisamos apurar o que chega at\u00e9 n\u00f3s, e com o apoio da Pol\u00edcia Ambiental, ser mais acess\u00edvel, mais ouvida por n\u00f3s, \u00e9 um passo muito grande para a pesca regular, dentro dos conformes da lei\u201d. Comentou o Prefeito Julio C\u00e9sar.<\/p>\n","protected":false},"excerpt":{"rendered":"<p>Nesta quinta-feira, dia 08 de abril\/21, aconteceu na C\u00e2mara Municipal<\/p>\n","protected":false},"author":2,"featured_media":44935,"comment_status":"open","ping_status":"open","sticky":false,"template":"","format":"standard","meta":{"footnotes":""},"categories":[25,6],"tags":[],"class_list":["post-44931","post","type-post","status-publish","format-standard","has-post-thumbnail","hentry","category-cidades","category-colombia"],"yoast_head":"<!-- This site is optimized with the Yoast SEO plugin v27.4 - https:\/\/yoast.com\/product\/yoast-seo-wordpress\/ -->\n<title>Prefeito e Vice Participam de reuni\u00e3o com a Pol\u00edcia Ambiental e autoridades do munic\u00edpio de Col\u00f4mbia - Regi\u00e3o News<\/title>\n<meta name=\"robots\" content=\"index, follow, max-snippet:-1, max-image-preview:large, max-video-preview:-1\" \/>\n<link rel=\"canonical\" href=\"https:\/\/regiaonews.net.br\/2022\/2021\/04\/09\/prefeito-e-vice-participam-de-reuniao-com-a-policia-ambiental-e-autoridades-do-municipio-de-colombia\/\" \/>\n<meta property=\"og:locale\" content=\"pt_BR\" \/>\n<meta property=\"og:type\" content=\"article\" \/>\n<meta property=\"og:title\" content=\"Prefeito e Vice Participam de reuni\u00e3o com a Pol\u00edcia Ambiental e autoridades do munic\u00edpio de Col\u00f4mbia - Regi\u00e3o News\" \/>\n<meta property=\"og:description\" content=\"Nesta quinta-feira, dia 08 de abril\/21, aconteceu na C\u00e2mara Municipal\" \/>\n<meta property=\"og:url\" content=\"https:\/\/regiaonews.net.br\/2022\/2021\/04\/09\/prefeito-e-vice-participam-de-reuniao-com-a-policia-ambiental-e-autoridades-do-municipio-de-colombia\/\" \/>\n<meta property=\"og:site_name\" content=\"Regi\u00e3o News\" \/>\n<meta property=\"article:published_time\" content=\"2021-04-09T10:16:51+00:00\" \/>\n<meta property=\"og:image\" content=\"https:\/\/regiaonews.net.br\/2022\/wp-content\/uploads\/2021\/04\/DSC_6196.jpg\" \/>\n\t<meta property=\"og:image:width\" content=\"998\" \/>\n\t<meta property=\"og:image:height\" content=\"665\" \/>\n\t<meta property=\"og:image:type\" content=\"image\/jpeg\" \/>\n<meta name=\"author\" content=\"Roberto\" \/>\n<meta name=\"twitter:card\" content=\"summary_large_image\" \/>\n<meta name=\"twitter:label1\" content=\"Escrito por\" \/>\n\t<meta name=\"twitter:data1\" content=\"Roberto\" \/>\n\t<meta name=\"twitter:label2\" content=\"Est. tempo de leitura\" \/>\n\t<meta name=\"twitter:data2\" content=\"2 minutos\" \/>\n<script type=\"application\/ld+json\" class=\"yoast-schema-graph\">{\"@context\":\"https:\\\/\\\/schema.org\",\"@graph\":[{\"@type\":\"Article\",\"@id\":\"https:\\\/\\\/regiaonews.net.br\\\/2022\\\/2021\\\/04\\\/09\\\/prefeito-e-vice-participam-de-reuniao-com-a-policia-ambiental-e-autoridades-do-municipio-de-colombia\\\/#article\",\"isPartOf\":{\"@id\":\"https:\\\/\\\/regiaonews.net.br\\\/2022\\\/2021\\\/04\\\/09\\\/prefeito-e-vice-participam-de-reuniao-com-a-policia-ambiental-e-autoridades-do-municipio-de-colombia\\\/\"},\"author\":{\"name\":\"Roberto\",\"@id\":\"https:\\\/\\\/regiaonews.net.br\\\/2022\\\/#\\\/schema\\\/person\\\/2d205a608a5aa97ac279d7a5e6d89ad8\"},\"headline\":\"Prefeito e Vice Participam de reuni\u00e3o com a Pol\u00edcia Ambiental e autoridades do munic\u00edpio de Col\u00f4mbia\",\"datePublished\":\"2021-04-09T10:16:51+00:00\",\"mainEntityOfPage\":{\"@id\":\"https:\\\/\\\/regiaonews.net.br\\\/2022\\\/2021\\\/04\\\/09\\\/prefeito-e-vice-participam-de-reuniao-com-a-policia-ambiental-e-autoridades-do-municipio-de-colombia\\\/\"},\"wordCount\":461,\"commentCount\":0,\"publisher\":{\"@id\":\"https:\\\/\\\/regiaonews.net.br\\\/2022\\\/#organization\"},\"image\":{\"@id\":\"https:\\\/\\\/regiaonews.net.br\\\/2022\\\/2021\\\/04\\\/09\\\/prefeito-e-vice-participam-de-reuniao-com-a-policia-ambiental-e-autoridades-do-municipio-de-colombia\\\/#primaryimage\"},\"thumbnailUrl\":\"https:\\\/\\\/regiaonews.net.br\\\/2022\\\/wp-content\\\/uploads\\\/2021\\\/04\\\/DSC_6196.jpg\",\"articleSection\":[\"Cidades\",\"Col\u00f4mbia\"],\"inLanguage\":\"pt-BR\",\"potentialAction\":[{\"@type\":\"CommentAction\",\"name\":\"Comment\",\"target\":[\"https:\\\/\\\/regiaonews.net.br\\\/2022\\\/2021\\\/04\\\/09\\\/prefeito-e-vice-participam-de-reuniao-com-a-policia-ambiental-e-autoridades-do-municipio-de-colombia\\\/#respond\"]}]},{\"@type\":\"WebPage\",\"@id\":\"https:\\\/\\\/regiaonews.net.br\\\/2022\\\/2021\\\/04\\\/09\\\/prefeito-e-vice-participam-de-reuniao-com-a-policia-ambiental-e-autoridades-do-municipio-de-colombia\\\/\",\"url\":\"https:\\\/\\\/regiaonews.net.br\\\/2022\\\/2021\\\/04\\\/09\\\/prefeito-e-vice-participam-de-reuniao-com-a-policia-ambiental-e-autoridades-do-municipio-de-colombia\\\/\",\"name\":\"Prefeito e Vice Participam de reuni\u00e3o com a Pol\u00edcia Ambiental e autoridades do munic\u00edpio de Col\u00f4mbia - Regi\u00e3o News\",\"isPartOf\":{\"@id\":\"https:\\\/\\\/regiaonews.net.br\\\/2022\\\/#website\"},\"primaryImageOfPage\":{\"@id\":\"https:\\\/\\\/regiaonews.net.br\\\/2022\\\/2021\\\/04\\\/09\\\/prefeito-e-vice-participam-de-reuniao-com-a-policia-ambiental-e-autoridades-do-municipio-de-colombia\\\/#primaryimage\"},\"image\":{\"@id\":\"https:\\\/\\\/regiaonews.net.br\\\/2022\\\/2021\\\/04\\\/09\\\/prefeito-e-vice-participam-de-reuniao-com-a-policia-ambiental-e-autoridades-do-municipio-de-colombia\\\/#primaryimage\"},\"thumbnailUrl\":\"https:\\\/\\\/regiaonews.net.br\\\/2022\\\/wp-content\\\/uploads\\\/2021\\\/04\\\/DSC_6196.jpg\",\"datePublished\":\"2021-04-09T10:16:51+00:00\",\"breadcrumb\":{\"@id\":\"https:\\\/\\\/regiaonews.net.br\\\/2022\\\/2021\\\/04\\\/09\\\/prefeito-e-vice-participam-de-reuniao-com-a-policia-ambiental-e-autoridades-do-municipio-de-colombia\\\/#breadcrumb\"},\"inLanguage\":\"pt-BR\",\"potentialAction\":[{\"@type\":\"ReadAction\",\"target\":[\"https:\\\/\\\/regiaonews.net.br\\\/2022\\\/2021\\\/04\\\/09\\\/prefeito-e-vice-participam-de-reuniao-com-a-policia-ambiental-e-autoridades-do-municipio-de-colombia\\\/\"]}]},{\"@type\":\"ImageObject\",\"inLanguage\":\"pt-BR\",\"@id\":\"https:\\\/\\\/regiaonews.net.br\\\/2022\\\/2021\\\/04\\\/09\\\/prefeito-e-vice-participam-de-reuniao-com-a-policia-ambiental-e-autoridades-do-municipio-de-colombia\\\/#primaryimage\",\"url\":\"https:\\\/\\\/regiaonews.net.br\\\/2022\\\/wp-content\\\/uploads\\\/2021\\\/04\\\/DSC_6196.jpg\",\"contentUrl\":\"https:\\\/\\\/regiaonews.net.br\\\/2022\\\/wp-content\\\/uploads\\\/2021\\\/04\\\/DSC_6196.jpg\",\"width\":998,\"height\":665},{\"@type\":\"BreadcrumbList\",\"@id\":\"https:\\\/\\\/regiaonews.net.br\\\/2022\\\/2021\\\/04\\\/09\\\/prefeito-e-vice-participam-de-reuniao-com-a-policia-ambiental-e-autoridades-do-municipio-de-colombia\\\/#breadcrumb\",\"itemListElement\":[{\"@type\":\"ListItem\",\"position\":1,\"name\":\"In\u00edcio\",\"item\":\"https:\\\/\\\/regiaonews.net.br\\\/2022\\\/\"},{\"@type\":\"ListItem\",\"position\":2,\"name\":\"Prefeito e Vice Participam de reuni\u00e3o com a Pol\u00edcia Ambiental e autoridades do munic\u00edpio de Col\u00f4mbia\"}]},{\"@type\":\"WebSite\",\"@id\":\"https:\\\/\\\/regiaonews.net.br\\\/2022\\\/#website\",\"url\":\"https:\\\/\\\/regiaonews.net.br\\\/2022\\\/\",\"name\":\"Regi\u00e3o News\",\"description\":\"Site de Not\u00edcias de Barretos e regi\u00e3o\",\"publisher\":{\"@id\":\"https:\\\/\\\/regiaonews.net.br\\\/2022\\\/#organization\"},\"potentialAction\":[{\"@type\":\"SearchAction\",\"target\":{\"@type\":\"EntryPoint\",\"urlTemplate\":\"https:\\\/\\\/regiaonews.net.br\\\/2022\\\/?s={search_term_string}\"},\"query-input\":{\"@type\":\"PropertyValueSpecification\",\"valueRequired\":true,\"valueName\":\"search_term_string\"}}],\"inLanguage\":\"pt-BR\"},{\"@type\":\"Organization\",\"@id\":\"https:\\\/\\\/regiaonews.net.br\\\/2022\\\/#organization\",\"name\":\"Regi\u00e3o News\",\"url\":\"https:\\\/\\\/regiaonews.net.br\\\/2022\\\/\",\"logo\":{\"@type\":\"ImageObject\",\"inLanguage\":\"pt-BR\",\"@id\":\"https:\\\/\\\/regiaonews.net.br\\\/2022\\\/#\\\/schema\\\/logo\\\/image\\\/\",\"url\":\"https:\\\/\\\/regiaonews.net.br\\\/2022\\\/wp-content\\\/uploads\\\/2026\\\/03\\\/regiao-13-anos-scaled.jpg\",\"contentUrl\":\"https:\\\/\\\/regiaonews.net.br\\\/2022\\\/wp-content\\\/uploads\\\/2026\\\/03\\\/regiao-13-anos-scaled.jpg\",\"width\":2560,\"height\":635,\"caption\":\"Regi\u00e3o News\"},\"image\":{\"@id\":\"https:\\\/\\\/regiaonews.net.br\\\/2022\\\/#\\\/schema\\\/logo\\\/image\\\/\"}},{\"@type\":\"Person\",\"@id\":\"https:\\\/\\\/regiaonews.net.br\\\/2022\\\/#\\\/schema\\\/person\\\/2d205a608a5aa97ac279d7a5e6d89ad8\",\"name\":\"Roberto\",\"image\":{\"@type\":\"ImageObject\",\"inLanguage\":\"pt-BR\",\"@id\":\"https:\\\/\\\/secure.gravatar.com\\\/avatar\\\/42749d8b712ff9d59ca93dc150494e5b55a44134482993f5baeb97e61b7ecc89?s=96&d=mm&r=g\",\"url\":\"https:\\\/\\\/secure.gravatar.com\\\/avatar\\\/42749d8b712ff9d59ca93dc150494e5b55a44134482993f5baeb97e61b7ecc89?s=96&d=mm&r=g\",\"contentUrl\":\"https:\\\/\\\/secure.gravatar.com\\\/avatar\\\/42749d8b712ff9d59ca93dc150494e5b55a44134482993f5baeb97e61b7ecc89?s=96&d=mm&r=g\",\"caption\":\"Roberto\"},\"url\":\"https:\\\/\\\/regiaonews.net.br\\\/2022\\\/author\\\/roberto\\\/\"}]}<\/script>\n<!-- \/ Yoast SEO plugin. -->","yoast_head_json":{"title":"Prefeito e Vice Participam de reuni\u00e3o com a Pol\u00edcia Ambiental e autoridades do munic\u00edpio de Col\u00f4mbia - Regi\u00e3o News","robots":{"index":"index","follow":"follow","max-snippet":"max-snippet:-1","max-image-preview":"max-image-preview:large","max-video-preview":"max-video-preview:-1"},"canonical":"https:\/\/regiaonews.net.br\/2022\/2021\/04\/09\/prefeito-e-vice-participam-de-reuniao-com-a-policia-ambiental-e-autoridades-do-municipio-de-colombia\/","og_locale":"pt_BR","og_type":"article","og_title":"Prefeito e Vice Participam de reuni\u00e3o com a Pol\u00edcia Ambiental e autoridades do munic\u00edpio de Col\u00f4mbia - Regi\u00e3o News","og_description":"Nesta quinta-feira, dia 08 de abril\/21, aconteceu na C\u00e2mara Municipal","og_url":"https:\/\/regiaonews.net.br\/2022\/2021\/04\/09\/prefeito-e-vice-participam-de-reuniao-com-a-policia-ambiental-e-autoridades-do-municipio-de-colombia\/","og_site_name":"Regi\u00e3o News","article_published_time":"2021-04-09T10:16:51+00:00","og_image":[{"width":998,"height":665,"url":"https:\/\/regiaonews.net.br\/2022\/wp-content\/uploads\/2021\/04\/DSC_6196.jpg","type":"image\/jpeg"}],"author":"Roberto","twitter_card":"summary_large_image","twitter_misc":{"Escrito por":"Roberto","Est. tempo de leitura":"2 minutos"},"schema":{"@context":"https:\/\/schema.org","@graph":[{"@type":"Article","@id":"https:\/\/regiaonews.net.br\/2022\/2021\/04\/09\/prefeito-e-vice-participam-de-reuniao-com-a-policia-ambiental-e-autoridades-do-municipio-de-colombia\/#article","isPartOf":{"@id":"https:\/\/regiaonews.net.br\/2022\/2021\/04\/09\/prefeito-e-vice-participam-de-reuniao-com-a-policia-ambiental-e-autoridades-do-municipio-de-colombia\/"},"author":{"name":"Roberto","@id":"https:\/\/regiaonews.net.br\/2022\/#\/schema\/person\/2d205a608a5aa97ac279d7a5e6d89ad8"},"headline":"Prefeito e Vice Participam de reuni\u00e3o com a Pol\u00edcia Ambiental e autoridades do munic\u00edpio de Col\u00f4mbia","datePublished":"2021-04-09T10:16:51+00:00","mainEntityOfPage":{"@id":"https:\/\/regiaonews.net.br\/2022\/2021\/04\/09\/prefeito-e-vice-participam-de-reuniao-com-a-policia-ambiental-e-autoridades-do-municipio-de-colombia\/"},"wordCount":461,"commentCount":0,"publisher":{"@id":"https:\/\/regiaonews.net.br\/2022\/#organization"},"image":{"@id":"https:\/\/regiaonews.net.br\/2022\/2021\/04\/09\/prefeito-e-vice-participam-de-reuniao-com-a-policia-ambiental-e-autoridades-do-municipio-de-colombia\/#primaryimage"},"thumbnailUrl":"https:\/\/regiaonews.net.br\/2022\/wp-content\/uploads\/2021\/04\/DSC_6196.jpg","articleSection":["Cidades","Col\u00f4mbia"],"inLanguage":"pt-BR","potentialAction":[{"@type":"CommentAction","name":"Comment","target":["https:\/\/regiaonews.net.br\/2022\/2021\/04\/09\/prefeito-e-vice-participam-de-reuniao-com-a-policia-ambiental-e-autoridades-do-municipio-de-colombia\/#respond"]}]},{"@type":"WebPage","@id":"https:\/\/regiaonews.net.br\/2022\/2021\/04\/09\/prefeito-e-vice-participam-de-reuniao-com-a-policia-ambiental-e-autoridades-do-municipio-de-colombia\/","url":"https:\/\/regiaonews.net.br\/2022\/2021\/04\/09\/prefeito-e-vice-participam-de-reuniao-com-a-policia-ambiental-e-autoridades-do-municipio-de-colombia\/","name":"Prefeito e Vice Participam de reuni\u00e3o com a Pol\u00edcia Ambiental e autoridades do munic\u00edpio de Col\u00f4mbia - Regi\u00e3o News","isPartOf":{"@id":"https:\/\/regiaonews.net.br\/2022\/#website"},"primaryImageOfPage":{"@id":"https:\/\/regiaonews.net.br\/2022\/2021\/04\/09\/prefeito-e-vice-participam-de-reuniao-com-a-policia-ambiental-e-autoridades-do-municipio-de-colombia\/#primaryimage"},"image":{"@id":"https:\/\/regiaonews.net.br\/2022\/2021\/04\/09\/prefeito-e-vice-participam-de-reuniao-com-a-policia-ambiental-e-autoridades-do-municipio-de-colombia\/#primaryimage"},"thumbnailUrl":"https:\/\/regiaonews.net.br\/2022\/wp-content\/uploads\/2021\/04\/DSC_6196.jpg","datePublished":"2021-04-09T10:16:51+00:00","breadcrumb":{"@id":"https:\/\/regiaonews.net.br\/2022\/2021\/04\/09\/prefeito-e-vice-participam-de-reuniao-com-a-policia-ambiental-e-autoridades-do-municipio-de-colombia\/#breadcrumb"},"inLanguage":"pt-BR","potentialAction":[{"@type":"ReadAction","target":["https:\/\/regiaonews.net.br\/2022\/2021\/04\/09\/prefeito-e-vice-participam-de-reuniao-com-a-policia-ambiental-e-autoridades-do-municipio-de-colombia\/"]}]},{"@type":"ImageObject","inLanguage":"pt-BR","@id":"https:\/\/regiaonews.net.br\/2022\/2021\/04\/09\/prefeito-e-vice-participam-de-reuniao-com-a-policia-ambiental-e-autoridades-do-municipio-de-colombia\/#primaryimage","url":"https:\/\/regiaonews.net.br\/2022\/wp-content\/uploads\/2021\/04\/DSC_6196.jpg","contentUrl":"https:\/\/regiaonews.net.br\/2022\/wp-content\/uploads\/2021\/04\/DSC_6196.jpg","width":998,"height":665},{"@type":"BreadcrumbList","@id":"https:\/\/regiaonews.net.br\/2022\/2021\/04\/09\/prefeito-e-vice-participam-de-reuniao-com-a-policia-ambiental-e-autoridades-do-municipio-de-colombia\/#breadcrumb","itemListElement":[{"@type":"ListItem","position":1,"name":"In\u00edcio","item":"https:\/\/regiaonews.net.br\/2022\/"},{"@type":"ListItem","position":2,"name":"Prefeito e Vice Participam de reuni\u00e3o com a Pol\u00edcia Ambiental e autoridades do munic\u00edpio de Col\u00f4mbia"}]},{"@type":"WebSite","@id":"https:\/\/regiaonews.net.br\/2022\/#website","url":"https:\/\/regiaonews.net.br\/2022\/","name":"Regi\u00e3o News","description":"Site de Not\u00edcias de Barretos e regi\u00e3o","publisher":{"@id":"https:\/\/regiaonews.net.br\/2022\/#organization"},"potentialAction":[{"@type":"SearchAction","target":{"@type":"EntryPoint","urlTemplate":"https:\/\/regiaonews.net.br\/2022\/?s={search_term_string}"},"query-input":{"@type":"PropertyValueSpecification","valueRequired":true,"valueName":"search_term_string"}}],"inLanguage":"pt-BR"},{"@type":"Organization","@id":"https:\/\/regiaonews.net.br\/2022\/#organization","name":"Regi\u00e3o News","url":"https:\/\/regiaonews.net.br\/2022\/","logo":{"@type":"ImageObject","inLanguage":"pt-BR","@id":"https:\/\/regiaonews.net.br\/2022\/#\/schema\/logo\/image\/","url":"https:\/\/regiaonews.net.br\/2022\/wp-content\/uploads\/2026\/03\/regiao-13-anos-scaled.jpg","contentUrl":"https:\/\/regiaonews.net.br\/2022\/wp-content\/uploads\/2026\/03\/regiao-13-anos-scaled.jpg","width":2560,"height":635,"caption":"Regi\u00e3o News"},"image":{"@id":"https:\/\/regiaonews.net.br\/2022\/#\/schema\/logo\/image\/"}},{"@type":"Person","@id":"https:\/\/regiaonews.net.br\/2022\/#\/schema\/person\/2d205a608a5aa97ac279d7a5e6d89ad8","name":"Roberto","image":{"@type":"ImageObject","inLanguage":"pt-BR","@id":"https:\/\/secure.gravatar.com\/avatar\/42749d8b712ff9d59ca93dc150494e5b55a44134482993f5baeb97e61b7ecc89?s=96&d=mm&r=g","url":"https:\/\/secure.gravatar.com\/avatar\/42749d8b712ff9d59ca93dc150494e5b55a44134482993f5baeb97e61b7ecc89?s=96&d=mm&r=g","contentUrl":"https:\/\/secure.gravatar.com\/avatar\/42749d8b712ff9d59ca93dc150494e5b55a44134482993f5baeb97e61b7ecc89?s=96&d=mm&r=g","caption":"Roberto"},"url":"https:\/\/regiaonews.net.br\/2022\/author\/roberto\/"}]}},"publishpress_future_action":{"enabled":false,"date":"2026-05-04 05:50:02","action":"change-status","newStatus":"draft","terms":[],"taxonomy":"category","extraData":[]},"publishpress_future_workflow_manual_trigger":{"enabledWorkflows":[]},"_links":{"self":[{"href":"https:\/\/regiaonews.net.br\/2022\/wp-json\/wp\/v2\/posts\/44931","targetHints":{"allow":["GET"]}}],"collection":[{"href":"https:\/\/regiaonews.net.br\/2022\/wp-json\/wp\/v2\/posts"}],"about":[{"href":"https:\/\/regiaonews.net.br\/2022\/wp-json\/wp\/v2\/types\/post"}],"author":[{"embeddable":true,"href":"https:\/\/regiaonews.net.br\/2022\/wp-json\/wp\/v2\/users\/2"}],"replies":[{"embeddable":true,"href":"https:\/\/regiaonews.net.br\/2022\/wp-json\/wp\/v2\/comments?post=44931"}],"version-history":[{"count":0,"href":"https:\/\/regiaonews.net.br\/2022\/wp-json\/wp\/v2\/posts\/44931\/revisions"}],"wp:featuredmedia":[{"embeddable":true,"href":"https:\/\/regiaonews.net.br\/2022\/wp-json\/wp\/v2\/media\/44935"}],"wp:attachment":[{"href":"https:\/\/regiaonews.net.br\/2022\/wp-json\/wp\/v2\/media?parent=44931"}],"wp:term":[{"taxonomy":"category","embeddable":true,"href":"https:\/\/regiaonews.net.br\/2022\/wp-json\/wp\/v2\/categories?post=44931"},{"taxonomy":"post_tag","embeddable":true,"href":"https:\/\/regiaonews.net.br\/2022\/wp-json\/wp\/v2\/tags?post=44931"}],"curies":[{"name":"wp","href":"https:\/\/api.w.org\/{rel}","templated":true}]}}