{"id":44922,"date":"2021-04-08T19:36:11","date_gmt":"2021-04-08T22:36:11","guid":{"rendered":"https:\/\/regiaonews.net.br\/2022\/?p=44922"},"modified":"2021-04-08T23:00:30","modified_gmt":"2021-04-09T02:00:30","slug":"ato-simbolico-marca-fixacao-do-nome-de-euripinho-no-predio-da-camara","status":"publish","type":"post","link":"https:\/\/regiaonews.net.br\/2022\/2021\/04\/08\/ato-simbolico-marca-fixacao-do-nome-de-euripinho-no-predio-da-camara\/","title":{"rendered":"Ato simb\u00f3lico marca fixa\u00e7\u00e3o do nome de Euripinho no pr\u00e9dio da C\u00e2mara"},"content":{"rendered":"<p><a href=\"https:\/\/regiaonews.net.br\/2022\/wp-content\/uploads\/2021\/04\/IMG-20210408-WA0313.jpg\"><img loading=\"lazy\" decoding=\"async\" class=\"alignnone size-medium wp-image-44927\" src=\"https:\/\/regiaonews.net.br\/2022\/wp-content\/uploads\/2021\/04\/IMG-20210408-WA0313-300x199.jpg\" alt=\"\" width=\"300\" height=\"199\" \/><\/a> <a href=\"https:\/\/regiaonews.net.br\/2022\/wp-content\/uploads\/2021\/04\/IMG-20210408-WA0311.jpg\"><img loading=\"lazy\" decoding=\"async\" class=\"alignnone size-medium wp-image-44928\" src=\"https:\/\/regiaonews.net.br\/2022\/wp-content\/uploads\/2021\/04\/IMG-20210408-WA0311-300x165.jpg\" alt=\"\" width=\"300\" height=\"165\" \/><\/a><\/p>\n<p>Ato simb\u00f3lico realizado nesta quinta-feira(8), marcou a fixa\u00e7\u00e3o de letreiro em homenagem ao ex-vereador\u00a0<strong>Olimpio Jorge Naben \u201cEuripinho\u201d<\/strong>\u00a0no pr\u00e9dio da C\u00e2mara Municipal.<\/p>\n<p>&nbsp;<\/p>\n<p>O nome da sede do Poder Legislativo foi definido pela\u00a0<a title=\"\" href=\"http:\/\/consulta.camarabarretos.sp.gov.br\/Documentos\/Documento\/355040\" target=\"_blank\" rel=\"noopener\" data-original-title=\"\"><strong>Lei Municipal n\u00ba 6.010\/ 2021<\/strong><\/a>, aprovada por todos os vereadores.<\/p>\n<p>&nbsp;<\/p>\n<p>Euripinho, que estava no 6\u00ba (sexto) mandato consecutivo como Vereador, morreu em outubro de 2020, v\u00edtima da Covid-19. Nas elei\u00e7\u00f5es de 2008 e 2012 foi o vereador mais votado da regi\u00e3o (mais de 3 mil votos).<\/p>\n<p>&nbsp;<\/p>\n<p>Para evitar aglomera\u00e7\u00f5es, o ato simb\u00f3lico foi realizado ap\u00f3s o hor\u00e1rio de funcionamento da C\u00e2mara e contou com a presen\u00e7a da esposa de Euripinho, Waldecler Naben, os filhos Michel, Matheus e Marcelo.<\/p>\n<p>&nbsp;<\/p>\n<p>Durante o Ato, os vereadores da Mesa, Paulo Correa (PL), Ricardo Bodinho (PP) e Gabriel Uchida (DEM) se solidarizaram com as fam\u00edlias que perderam pessoas queridas para a Covid-19 e refor\u00e7aram que todos os vereadores est\u00e3o trabalhando para aprovar projetos que auxiliem na Sa\u00fade p\u00fablica e n\u00e3o prejudiquem a atividade econ\u00f4mica.<\/p>\n<p><strong>EURIPINHO<\/strong><\/p>\n<p>&nbsp;<\/p>\n<p>Euripinho tinha 59 anos. Era formado em\u00a0Matem\u00e1tica e atuava no Minist\u00e9rio do Trabalho como Servidor P\u00fablico Federal h\u00e1\u00a0mais de 30 anos.<\/p>\n<p>&nbsp;<\/p>\n<p>Na C\u00e2mara, estava no 6\u00ba (sexto) mandato consecutivo como vereador (1997-2000; 2001-2004; 2005-2008; 2009-2012; 2013-2016 e 2017-2020). Nas elei\u00e7\u00f5es de 2008 e 2012 foi o vereador mais votado da regi\u00e3o (mais de 3 mil votos).<\/p>\n<p>&nbsp;<\/p>\n<p>Foi atleta profissional do Barretos Esporte Clube e, posteriormente,\u00a0sagrou-se o maior artilheiro da hist\u00f3ria do Campeonato Varzeano de Barretos, de onde veio o apelido &#8220;Artilheiro do Povo&#8221;<\/p>\n<p>&nbsp;<\/p>\n<p>Olimpio Jorge Naben deixou a esposa Waldecler, os filhos Michel, Matheus e Marcelo e o neto Ben\u00edcio.<\/p>\n<p>&nbsp;<\/p>\n","protected":false},"excerpt":{"rendered":"<p>Ato simb\u00f3lico realizado nesta quinta-feira(8), marcou a fixa\u00e7\u00e3o de letreiro<\/p>\n","protected":false},"author":2,"featured_media":44926,"comment_status":"open","ping_status":"open","sticky":false,"template":"","format":"standard","meta":{"footnotes":""},"categories":[14,25],"tags":[],"class_list":["post-44922","post","type-post","status-publish","format-standard","has-post-thumbnail","hentry","category-barretos","category-cidades"],"yoast_head":"<!-- This site is optimized with the Yoast SEO plugin v27.4 - https:\/\/yoast.com\/product\/yoast-seo-wordpress\/ -->\n<title>Ato simb\u00f3lico marca fixa\u00e7\u00e3o do nome de Euripinho no pr\u00e9dio da C\u00e2mara - Regi\u00e3o News<\/title>\n<meta name=\"robots\" content=\"index, follow, max-snippet:-1, max-image-preview:large, max-video-preview:-1\" \/>\n<link rel=\"canonical\" href=\"https:\/\/regiaonews.net.br\/2022\/2021\/04\/08\/ato-simbolico-marca-fixacao-do-nome-de-euripinho-no-predio-da-camara\/\" \/>\n<meta property=\"og:locale\" content=\"pt_BR\" \/>\n<meta property=\"og:type\" content=\"article\" \/>\n<meta property=\"og:title\" content=\"Ato simb\u00f3lico marca fixa\u00e7\u00e3o do nome de Euripinho no pr\u00e9dio da C\u00e2mara - Regi\u00e3o News\" \/>\n<meta property=\"og:description\" content=\"Ato simb\u00f3lico realizado nesta quinta-feira(8), marcou a fixa\u00e7\u00e3o de letreiro\" \/>\n<meta property=\"og:url\" content=\"https:\/\/regiaonews.net.br\/2022\/2021\/04\/08\/ato-simbolico-marca-fixacao-do-nome-de-euripinho-no-predio-da-camara\/\" \/>\n<meta property=\"og:site_name\" content=\"Regi\u00e3o News\" \/>\n<meta property=\"article:published_time\" content=\"2021-04-08T22:36:11+00:00\" \/>\n<meta property=\"article:modified_time\" content=\"2021-04-09T02:00:30+00:00\" \/>\n<meta property=\"og:image\" content=\"https:\/\/regiaonews.net.br\/2022\/wp-content\/uploads\/2021\/04\/IMG-20210408-WA0343.jpg\" \/>\n\t<meta property=\"og:image:width\" content=\"1280\" \/>\n\t<meta property=\"og:image:height\" content=\"902\" \/>\n\t<meta property=\"og:image:type\" content=\"image\/jpeg\" \/>\n<meta name=\"author\" content=\"Roberto\" \/>\n<meta name=\"twitter:card\" content=\"summary_large_image\" \/>\n<meta name=\"twitter:label1\" content=\"Escrito por\" \/>\n\t<meta name=\"twitter:data1\" content=\"Roberto\" \/>\n\t<meta name=\"twitter:label2\" content=\"Est. tempo de leitura\" \/>\n\t<meta name=\"twitter:data2\" content=\"1 minuto\" \/>\n<script type=\"application\/ld+json\" class=\"yoast-schema-graph\">{\"@context\":\"https:\\\/\\\/schema.org\",\"@graph\":[{\"@type\":\"Article\",\"@id\":\"https:\\\/\\\/regiaonews.net.br\\\/2022\\\/2021\\\/04\\\/08\\\/ato-simbolico-marca-fixacao-do-nome-de-euripinho-no-predio-da-camara\\\/#article\",\"isPartOf\":{\"@id\":\"https:\\\/\\\/regiaonews.net.br\\\/2022\\\/2021\\\/04\\\/08\\\/ato-simbolico-marca-fixacao-do-nome-de-euripinho-no-predio-da-camara\\\/\"},\"author\":{\"name\":\"Roberto\",\"@id\":\"https:\\\/\\\/regiaonews.net.br\\\/2022\\\/#\\\/schema\\\/person\\\/2d205a608a5aa97ac279d7a5e6d89ad8\"},\"headline\":\"Ato simb\u00f3lico marca fixa\u00e7\u00e3o do nome de Euripinho no pr\u00e9dio da C\u00e2mara\",\"datePublished\":\"2021-04-08T22:36:11+00:00\",\"dateModified\":\"2021-04-09T02:00:30+00:00\",\"mainEntityOfPage\":{\"@id\":\"https:\\\/\\\/regiaonews.net.br\\\/2022\\\/2021\\\/04\\\/08\\\/ato-simbolico-marca-fixacao-do-nome-de-euripinho-no-predio-da-camara\\\/\"},\"wordCount\":306,\"commentCount\":0,\"publisher\":{\"@id\":\"https:\\\/\\\/regiaonews.net.br\\\/2022\\\/#organization\"},\"image\":{\"@id\":\"https:\\\/\\\/regiaonews.net.br\\\/2022\\\/2021\\\/04\\\/08\\\/ato-simbolico-marca-fixacao-do-nome-de-euripinho-no-predio-da-camara\\\/#primaryimage\"},\"thumbnailUrl\":\"https:\\\/\\\/regiaonews.net.br\\\/2022\\\/wp-content\\\/uploads\\\/2021\\\/04\\\/IMG-20210408-WA0343.jpg\",\"articleSection\":[\"Barretos\",\"Cidades\"],\"inLanguage\":\"pt-BR\",\"potentialAction\":[{\"@type\":\"CommentAction\",\"name\":\"Comment\",\"target\":[\"https:\\\/\\\/regiaonews.net.br\\\/2022\\\/2021\\\/04\\\/08\\\/ato-simbolico-marca-fixacao-do-nome-de-euripinho-no-predio-da-camara\\\/#respond\"]}]},{\"@type\":\"WebPage\",\"@id\":\"https:\\\/\\\/regiaonews.net.br\\\/2022\\\/2021\\\/04\\\/08\\\/ato-simbolico-marca-fixacao-do-nome-de-euripinho-no-predio-da-camara\\\/\",\"url\":\"https:\\\/\\\/regiaonews.net.br\\\/2022\\\/2021\\\/04\\\/08\\\/ato-simbolico-marca-fixacao-do-nome-de-euripinho-no-predio-da-camara\\\/\",\"name\":\"Ato simb\u00f3lico marca fixa\u00e7\u00e3o do nome de Euripinho no pr\u00e9dio da C\u00e2mara - Regi\u00e3o News\",\"isPartOf\":{\"@id\":\"https:\\\/\\\/regiaonews.net.br\\\/2022\\\/#website\"},\"primaryImageOfPage\":{\"@id\":\"https:\\\/\\\/regiaonews.net.br\\\/2022\\\/2021\\\/04\\\/08\\\/ato-simbolico-marca-fixacao-do-nome-de-euripinho-no-predio-da-camara\\\/#primaryimage\"},\"image\":{\"@id\":\"https:\\\/\\\/regiaonews.net.br\\\/2022\\\/2021\\\/04\\\/08\\\/ato-simbolico-marca-fixacao-do-nome-de-euripinho-no-predio-da-camara\\\/#primaryimage\"},\"thumbnailUrl\":\"https:\\\/\\\/regiaonews.net.br\\\/2022\\\/wp-content\\\/uploads\\\/2021\\\/04\\\/IMG-20210408-WA0343.jpg\",\"datePublished\":\"2021-04-08T22:36:11+00:00\",\"dateModified\":\"2021-04-09T02:00:30+00:00\",\"breadcrumb\":{\"@id\":\"https:\\\/\\\/regiaonews.net.br\\\/2022\\\/2021\\\/04\\\/08\\\/ato-simbolico-marca-fixacao-do-nome-de-euripinho-no-predio-da-camara\\\/#breadcrumb\"},\"inLanguage\":\"pt-BR\",\"potentialAction\":[{\"@type\":\"ReadAction\",\"target\":[\"https:\\\/\\\/regiaonews.net.br\\\/2022\\\/2021\\\/04\\\/08\\\/ato-simbolico-marca-fixacao-do-nome-de-euripinho-no-predio-da-camara\\\/\"]}]},{\"@type\":\"ImageObject\",\"inLanguage\":\"pt-BR\",\"@id\":\"https:\\\/\\\/regiaonews.net.br\\\/2022\\\/2021\\\/04\\\/08\\\/ato-simbolico-marca-fixacao-do-nome-de-euripinho-no-predio-da-camara\\\/#primaryimage\",\"url\":\"https:\\\/\\\/regiaonews.net.br\\\/2022\\\/wp-content\\\/uploads\\\/2021\\\/04\\\/IMG-20210408-WA0343.jpg\",\"contentUrl\":\"https:\\\/\\\/regiaonews.net.br\\\/2022\\\/wp-content\\\/uploads\\\/2021\\\/04\\\/IMG-20210408-WA0343.jpg\",\"width\":1280,\"height\":902},{\"@type\":\"BreadcrumbList\",\"@id\":\"https:\\\/\\\/regiaonews.net.br\\\/2022\\\/2021\\\/04\\\/08\\\/ato-simbolico-marca-fixacao-do-nome-de-euripinho-no-predio-da-camara\\\/#breadcrumb\",\"itemListElement\":[{\"@type\":\"ListItem\",\"position\":1,\"name\":\"In\u00edcio\",\"item\":\"https:\\\/\\\/regiaonews.net.br\\\/2022\\\/\"},{\"@type\":\"ListItem\",\"position\":2,\"name\":\"Ato simb\u00f3lico marca fixa\u00e7\u00e3o do nome de Euripinho no pr\u00e9dio da C\u00e2mara\"}]},{\"@type\":\"WebSite\",\"@id\":\"https:\\\/\\\/regiaonews.net.br\\\/2022\\\/#website\",\"url\":\"https:\\\/\\\/regiaonews.net.br\\\/2022\\\/\",\"name\":\"Regi\u00e3o News\",\"description\":\"Site de Not\u00edcias de Barretos e regi\u00e3o\",\"publisher\":{\"@id\":\"https:\\\/\\\/regiaonews.net.br\\\/2022\\\/#organization\"},\"potentialAction\":[{\"@type\":\"SearchAction\",\"target\":{\"@type\":\"EntryPoint\",\"urlTemplate\":\"https:\\\/\\\/regiaonews.net.br\\\/2022\\\/?s={search_term_string}\"},\"query-input\":{\"@type\":\"PropertyValueSpecification\",\"valueRequired\":true,\"valueName\":\"search_term_string\"}}],\"inLanguage\":\"pt-BR\"},{\"@type\":\"Organization\",\"@id\":\"https:\\\/\\\/regiaonews.net.br\\\/2022\\\/#organization\",\"name\":\"Regi\u00e3o News\",\"url\":\"https:\\\/\\\/regiaonews.net.br\\\/2022\\\/\",\"logo\":{\"@type\":\"ImageObject\",\"inLanguage\":\"pt-BR\",\"@id\":\"https:\\\/\\\/regiaonews.net.br\\\/2022\\\/#\\\/schema\\\/logo\\\/image\\\/\",\"url\":\"https:\\\/\\\/regiaonews.net.br\\\/2022\\\/wp-content\\\/uploads\\\/2026\\\/03\\\/regiao-13-anos-scaled.jpg\",\"contentUrl\":\"https:\\\/\\\/regiaonews.net.br\\\/2022\\\/wp-content\\\/uploads\\\/2026\\\/03\\\/regiao-13-anos-scaled.jpg\",\"width\":2560,\"height\":635,\"caption\":\"Regi\u00e3o News\"},\"image\":{\"@id\":\"https:\\\/\\\/regiaonews.net.br\\\/2022\\\/#\\\/schema\\\/logo\\\/image\\\/\"}},{\"@type\":\"Person\",\"@id\":\"https:\\\/\\\/regiaonews.net.br\\\/2022\\\/#\\\/schema\\\/person\\\/2d205a608a5aa97ac279d7a5e6d89ad8\",\"name\":\"Roberto\",\"image\":{\"@type\":\"ImageObject\",\"inLanguage\":\"pt-BR\",\"@id\":\"https:\\\/\\\/secure.gravatar.com\\\/avatar\\\/42749d8b712ff9d59ca93dc150494e5b55a44134482993f5baeb97e61b7ecc89?s=96&d=mm&r=g\",\"url\":\"https:\\\/\\\/secure.gravatar.com\\\/avatar\\\/42749d8b712ff9d59ca93dc150494e5b55a44134482993f5baeb97e61b7ecc89?s=96&d=mm&r=g\",\"contentUrl\":\"https:\\\/\\\/secure.gravatar.com\\\/avatar\\\/42749d8b712ff9d59ca93dc150494e5b55a44134482993f5baeb97e61b7ecc89?s=96&d=mm&r=g\",\"caption\":\"Roberto\"},\"url\":\"https:\\\/\\\/regiaonews.net.br\\\/2022\\\/author\\\/roberto\\\/\"}]}<\/script>\n<!-- \/ Yoast SEO plugin. -->","yoast_head_json":{"title":"Ato simb\u00f3lico marca fixa\u00e7\u00e3o do nome de Euripinho no pr\u00e9dio da C\u00e2mara - Regi\u00e3o News","robots":{"index":"index","follow":"follow","max-snippet":"max-snippet:-1","max-image-preview":"max-image-preview:large","max-video-preview":"max-video-preview:-1"},"canonical":"https:\/\/regiaonews.net.br\/2022\/2021\/04\/08\/ato-simbolico-marca-fixacao-do-nome-de-euripinho-no-predio-da-camara\/","og_locale":"pt_BR","og_type":"article","og_title":"Ato simb\u00f3lico marca fixa\u00e7\u00e3o do nome de Euripinho no pr\u00e9dio da C\u00e2mara - Regi\u00e3o News","og_description":"Ato simb\u00f3lico realizado nesta quinta-feira(8), marcou a fixa\u00e7\u00e3o de letreiro","og_url":"https:\/\/regiaonews.net.br\/2022\/2021\/04\/08\/ato-simbolico-marca-fixacao-do-nome-de-euripinho-no-predio-da-camara\/","og_site_name":"Regi\u00e3o News","article_published_time":"2021-04-08T22:36:11+00:00","article_modified_time":"2021-04-09T02:00:30+00:00","og_image":[{"width":1280,"height":902,"url":"https:\/\/regiaonews.net.br\/2022\/wp-content\/uploads\/2021\/04\/IMG-20210408-WA0343.jpg","type":"image\/jpeg"}],"author":"Roberto","twitter_card":"summary_large_image","twitter_misc":{"Escrito por":"Roberto","Est. tempo de leitura":"1 minuto"},"schema":{"@context":"https:\/\/schema.org","@graph":[{"@type":"Article","@id":"https:\/\/regiaonews.net.br\/2022\/2021\/04\/08\/ato-simbolico-marca-fixacao-do-nome-de-euripinho-no-predio-da-camara\/#article","isPartOf":{"@id":"https:\/\/regiaonews.net.br\/2022\/2021\/04\/08\/ato-simbolico-marca-fixacao-do-nome-de-euripinho-no-predio-da-camara\/"},"author":{"name":"Roberto","@id":"https:\/\/regiaonews.net.br\/2022\/#\/schema\/person\/2d205a608a5aa97ac279d7a5e6d89ad8"},"headline":"Ato simb\u00f3lico marca fixa\u00e7\u00e3o do nome de Euripinho no pr\u00e9dio da C\u00e2mara","datePublished":"2021-04-08T22:36:11+00:00","dateModified":"2021-04-09T02:00:30+00:00","mainEntityOfPage":{"@id":"https:\/\/regiaonews.net.br\/2022\/2021\/04\/08\/ato-simbolico-marca-fixacao-do-nome-de-euripinho-no-predio-da-camara\/"},"wordCount":306,"commentCount":0,"publisher":{"@id":"https:\/\/regiaonews.net.br\/2022\/#organization"},"image":{"@id":"https:\/\/regiaonews.net.br\/2022\/2021\/04\/08\/ato-simbolico-marca-fixacao-do-nome-de-euripinho-no-predio-da-camara\/#primaryimage"},"thumbnailUrl":"https:\/\/regiaonews.net.br\/2022\/wp-content\/uploads\/2021\/04\/IMG-20210408-WA0343.jpg","articleSection":["Barretos","Cidades"],"inLanguage":"pt-BR","potentialAction":[{"@type":"CommentAction","name":"Comment","target":["https:\/\/regiaonews.net.br\/2022\/2021\/04\/08\/ato-simbolico-marca-fixacao-do-nome-de-euripinho-no-predio-da-camara\/#respond"]}]},{"@type":"WebPage","@id":"https:\/\/regiaonews.net.br\/2022\/2021\/04\/08\/ato-simbolico-marca-fixacao-do-nome-de-euripinho-no-predio-da-camara\/","url":"https:\/\/regiaonews.net.br\/2022\/2021\/04\/08\/ato-simbolico-marca-fixacao-do-nome-de-euripinho-no-predio-da-camara\/","name":"Ato simb\u00f3lico marca fixa\u00e7\u00e3o do nome de Euripinho no pr\u00e9dio da C\u00e2mara - Regi\u00e3o News","isPartOf":{"@id":"https:\/\/regiaonews.net.br\/2022\/#website"},"primaryImageOfPage":{"@id":"https:\/\/regiaonews.net.br\/2022\/2021\/04\/08\/ato-simbolico-marca-fixacao-do-nome-de-euripinho-no-predio-da-camara\/#primaryimage"},"image":{"@id":"https:\/\/regiaonews.net.br\/2022\/2021\/04\/08\/ato-simbolico-marca-fixacao-do-nome-de-euripinho-no-predio-da-camara\/#primaryimage"},"thumbnailUrl":"https:\/\/regiaonews.net.br\/2022\/wp-content\/uploads\/2021\/04\/IMG-20210408-WA0343.jpg","datePublished":"2021-04-08T22:36:11+00:00","dateModified":"2021-04-09T02:00:30+00:00","breadcrumb":{"@id":"https:\/\/regiaonews.net.br\/2022\/2021\/04\/08\/ato-simbolico-marca-fixacao-do-nome-de-euripinho-no-predio-da-camara\/#breadcrumb"},"inLanguage":"pt-BR","potentialAction":[{"@type":"ReadAction","target":["https:\/\/regiaonews.net.br\/2022\/2021\/04\/08\/ato-simbolico-marca-fixacao-do-nome-de-euripinho-no-predio-da-camara\/"]}]},{"@type":"ImageObject","inLanguage":"pt-BR","@id":"https:\/\/regiaonews.net.br\/2022\/2021\/04\/08\/ato-simbolico-marca-fixacao-do-nome-de-euripinho-no-predio-da-camara\/#primaryimage","url":"https:\/\/regiaonews.net.br\/2022\/wp-content\/uploads\/2021\/04\/IMG-20210408-WA0343.jpg","contentUrl":"https:\/\/regiaonews.net.br\/2022\/wp-content\/uploads\/2021\/04\/IMG-20210408-WA0343.jpg","width":1280,"height":902},{"@type":"BreadcrumbList","@id":"https:\/\/regiaonews.net.br\/2022\/2021\/04\/08\/ato-simbolico-marca-fixacao-do-nome-de-euripinho-no-predio-da-camara\/#breadcrumb","itemListElement":[{"@type":"ListItem","position":1,"name":"In\u00edcio","item":"https:\/\/regiaonews.net.br\/2022\/"},{"@type":"ListItem","position":2,"name":"Ato simb\u00f3lico marca fixa\u00e7\u00e3o do nome de Euripinho no pr\u00e9dio da C\u00e2mara"}]},{"@type":"WebSite","@id":"https:\/\/regiaonews.net.br\/2022\/#website","url":"https:\/\/regiaonews.net.br\/2022\/","name":"Regi\u00e3o News","description":"Site de Not\u00edcias de Barretos e regi\u00e3o","publisher":{"@id":"https:\/\/regiaonews.net.br\/2022\/#organization"},"potentialAction":[{"@type":"SearchAction","target":{"@type":"EntryPoint","urlTemplate":"https:\/\/regiaonews.net.br\/2022\/?s={search_term_string}"},"query-input":{"@type":"PropertyValueSpecification","valueRequired":true,"valueName":"search_term_string"}}],"inLanguage":"pt-BR"},{"@type":"Organization","@id":"https:\/\/regiaonews.net.br\/2022\/#organization","name":"Regi\u00e3o News","url":"https:\/\/regiaonews.net.br\/2022\/","logo":{"@type":"ImageObject","inLanguage":"pt-BR","@id":"https:\/\/regiaonews.net.br\/2022\/#\/schema\/logo\/image\/","url":"https:\/\/regiaonews.net.br\/2022\/wp-content\/uploads\/2026\/03\/regiao-13-anos-scaled.jpg","contentUrl":"https:\/\/regiaonews.net.br\/2022\/wp-content\/uploads\/2026\/03\/regiao-13-anos-scaled.jpg","width":2560,"height":635,"caption":"Regi\u00e3o News"},"image":{"@id":"https:\/\/regiaonews.net.br\/2022\/#\/schema\/logo\/image\/"}},{"@type":"Person","@id":"https:\/\/regiaonews.net.br\/2022\/#\/schema\/person\/2d205a608a5aa97ac279d7a5e6d89ad8","name":"Roberto","image":{"@type":"ImageObject","inLanguage":"pt-BR","@id":"https:\/\/secure.gravatar.com\/avatar\/42749d8b712ff9d59ca93dc150494e5b55a44134482993f5baeb97e61b7ecc89?s=96&d=mm&r=g","url":"https:\/\/secure.gravatar.com\/avatar\/42749d8b712ff9d59ca93dc150494e5b55a44134482993f5baeb97e61b7ecc89?s=96&d=mm&r=g","contentUrl":"https:\/\/secure.gravatar.com\/avatar\/42749d8b712ff9d59ca93dc150494e5b55a44134482993f5baeb97e61b7ecc89?s=96&d=mm&r=g","caption":"Roberto"},"url":"https:\/\/regiaonews.net.br\/2022\/author\/roberto\/"}]}},"publishpress_future_action":{"enabled":false,"date":"2026-05-04 07:25:10","action":"change-status","newStatus":"draft","terms":[],"taxonomy":"category","extraData":[]},"publishpress_future_workflow_manual_trigger":{"enabledWorkflows":[]},"_links":{"self":[{"href":"https:\/\/regiaonews.net.br\/2022\/wp-json\/wp\/v2\/posts\/44922","targetHints":{"allow":["GET"]}}],"collection":[{"href":"https:\/\/regiaonews.net.br\/2022\/wp-json\/wp\/v2\/posts"}],"about":[{"href":"https:\/\/regiaonews.net.br\/2022\/wp-json\/wp\/v2\/types\/post"}],"author":[{"embeddable":true,"href":"https:\/\/regiaonews.net.br\/2022\/wp-json\/wp\/v2\/users\/2"}],"replies":[{"embeddable":true,"href":"https:\/\/regiaonews.net.br\/2022\/wp-json\/wp\/v2\/comments?post=44922"}],"version-history":[{"count":0,"href":"https:\/\/regiaonews.net.br\/2022\/wp-json\/wp\/v2\/posts\/44922\/revisions"}],"wp:featuredmedia":[{"embeddable":true,"href":"https:\/\/regiaonews.net.br\/2022\/wp-json\/wp\/v2\/media\/44926"}],"wp:attachment":[{"href":"https:\/\/regiaonews.net.br\/2022\/wp-json\/wp\/v2\/media?parent=44922"}],"wp:term":[{"taxonomy":"category","embeddable":true,"href":"https:\/\/regiaonews.net.br\/2022\/wp-json\/wp\/v2\/categories?post=44922"},{"taxonomy":"post_tag","embeddable":true,"href":"https:\/\/regiaonews.net.br\/2022\/wp-json\/wp\/v2\/tags?post=44922"}],"curies":[{"name":"wp","href":"https:\/\/api.w.org\/{rel}","templated":true}]}}