{"id":44902,"date":"2021-04-07T23:18:08","date_gmt":"2021-04-08T02:18:08","guid":{"rendered":"https:\/\/regiaonews.net.br\/2022\/?p=44902"},"modified":"2021-04-07T23:18:08","modified_gmt":"2021-04-08T02:18:08","slug":"barretense-que-chegou-a-ser-desenganado-recebe-alta-hospitalar-apos-2-meses","status":"publish","type":"post","link":"https:\/\/regiaonews.net.br\/2022\/2021\/04\/07\/barretense-que-chegou-a-ser-desenganado-recebe-alta-hospitalar-apos-2-meses\/","title":{"rendered":"Barretense que chegou a ser desenganado recebe alta hospitalar ap\u00f3s 2 meses"},"content":{"rendered":"<p><a href=\"https:\/\/regiaonews.net.br\/2022\/wp-content\/uploads\/2021\/04\/IMG-20210407-WA0463.jpg\"><img loading=\"lazy\" decoding=\"async\" class=\"alignnone size-medium wp-image-44903\" src=\"https:\/\/regiaonews.net.br\/2022\/wp-content\/uploads\/2021\/04\/IMG-20210407-WA0463-225x300.jpg\" alt=\"\" width=\"225\" height=\"300\" \/><\/a><\/p>\n<p>&nbsp;<\/p>\n<p>\u201cDeus me deu um nova chance\u201d, afirmou Jaiminho na sa\u00edda do hospital<\/p>\n<p>Foto \u2013 Jaiminho ap\u00f3s deixar o hospital<\/p>\n<p>Na manh\u00e3 desta quarta, dia 7, o barretense Jaime Pereira J\u00fanior, 57 anos, o conhecido Jaiminho, que atua como assessor de empres\u00e1rio e diretor de Eventos Especiais na Associa\u00e7\u00e3o Os Independentes, recebeu alta hospitalar na Santa Casa de Barretos, ap\u00f3s permanecer 60 dias, para tratamento da Covid-19 e posteriormente de uma infec\u00e7\u00e3o hospitalar generalizada. Segundo a esposa, Sandra Regina Pedroso Pereira, Jaiminho foi internado no dia 7 de fevereiro no Hospital Nossa Senhora, onde permaneceu 24 dias intubado, chegando a ser desenganado pelos m\u00e9dicos, que lhe deram 3 a 5 dias de vida no m\u00e1ximo. \u201cCom 15 dias intubado estava curado do COVID por\u00e9m, pegou uma bact\u00e9ria hospitalar multi resistente, o que agravou muito o quadro com infec\u00e7\u00e3o generalizada\u201d, afirmou Sandra.<br \/>\nNo 10 de mar\u00e7o, foi foi transferido para a Santa Casa onde deu continuidade ao processo de recupera\u00e7\u00e3o, permanecendo 21 dias na UTI e 8 dias no quarto de enfermaria fazendo fisioterapia. \u201cForam mais 29 dias de interna\u00e7\u00e3o na Santa Casa. E hoje com a Gra\u00e7a de Deus j\u00e1 est\u00e1 em casa\u201d, explicou Sandra.<br \/>\nSegundo a esposa, Sandra Pereira, durante os dias de interna\u00e7\u00e3o, com o apoio dos amigos, no dia 6 de mar\u00e7o, foi realizada uma carreata em volta do Hospital Nossa Senhora, onde todos rezaram o Ter\u00e7o da Miseric\u00f3rdia, clamando a Miseric\u00f3rdia de Jesus pelos enfermos do mundo inteiro. &#8220;Por mais dif\u00edcil que seja a situa\u00e7\u00e3o, n\u00e3o duvidem da Miseric\u00f3rdia de Deus e do poder da ora\u00e7\u00e3o. Quem d\u00e1 a \u00faltima palavra \u00e9 Deus\u201d, agradeceu Sandra.<br \/>\nOntem, ao deixar o hospital na cadeira de rodas, carregando uma imagem de Nossa Senhora, Jaiminho, agradeceu o apoio dos amigos e toda a dedica\u00e7\u00e3o dos m\u00e9dicos, enfermeiros, fisioterapeutas e profissionais da sa\u00fade que lhe atenderam durante o tratamento, e disse bastante emocionado que \u201cDeus me deu uma nova chance\u201d. O barretense voltou para a sua resid\u00eancia e ao convivo dos filhos Conrado e Lucas.<\/p>\n","protected":false},"excerpt":{"rendered":"<p>&nbsp; \u201cDeus me deu um nova chance\u201d, afirmou Jaiminho na<\/p>\n","protected":false},"author":2,"featured_media":44903,"comment_status":"open","ping_status":"open","sticky":false,"template":"","format":"standard","meta":{"footnotes":""},"categories":[14,25],"tags":[],"class_list":["post-44902","post","type-post","status-publish","format-standard","has-post-thumbnail","hentry","category-barretos","category-cidades"],"yoast_head":"<!-- This site is optimized with the Yoast SEO plugin v27.4 - https:\/\/yoast.com\/product\/yoast-seo-wordpress\/ -->\n<title>Barretense que chegou a ser desenganado recebe alta hospitalar ap\u00f3s 2 meses - Regi\u00e3o News<\/title>\n<meta name=\"robots\" content=\"index, follow, max-snippet:-1, max-image-preview:large, max-video-preview:-1\" \/>\n<link rel=\"canonical\" href=\"https:\/\/regiaonews.net.br\/2022\/2021\/04\/07\/barretense-que-chegou-a-ser-desenganado-recebe-alta-hospitalar-apos-2-meses\/\" \/>\n<meta property=\"og:locale\" content=\"pt_BR\" \/>\n<meta property=\"og:type\" content=\"article\" \/>\n<meta property=\"og:title\" content=\"Barretense que chegou a ser desenganado recebe alta hospitalar ap\u00f3s 2 meses - Regi\u00e3o News\" \/>\n<meta property=\"og:description\" content=\"&nbsp; \u201cDeus me deu um nova chance\u201d, afirmou Jaiminho na\" \/>\n<meta property=\"og:url\" content=\"https:\/\/regiaonews.net.br\/2022\/2021\/04\/07\/barretense-que-chegou-a-ser-desenganado-recebe-alta-hospitalar-apos-2-meses\/\" \/>\n<meta property=\"og:site_name\" content=\"Regi\u00e3o News\" \/>\n<meta property=\"article:published_time\" content=\"2021-04-08T02:18:08+00:00\" \/>\n<meta property=\"og:image\" content=\"https:\/\/regiaonews.net.br\/2022\/wp-content\/uploads\/2021\/04\/IMG-20210407-WA0463.jpg\" \/>\n\t<meta property=\"og:image:width\" content=\"958\" \/>\n\t<meta property=\"og:image:height\" content=\"1280\" \/>\n\t<meta property=\"og:image:type\" content=\"image\/jpeg\" \/>\n<meta name=\"author\" content=\"Roberto\" \/>\n<meta name=\"twitter:card\" content=\"summary_large_image\" \/>\n<meta name=\"twitter:label1\" content=\"Escrito por\" \/>\n\t<meta name=\"twitter:data1\" content=\"Roberto\" \/>\n\t<meta name=\"twitter:label2\" content=\"Est. tempo de leitura\" \/>\n\t<meta name=\"twitter:data2\" content=\"2 minutos\" \/>\n<script type=\"application\/ld+json\" class=\"yoast-schema-graph\">{\"@context\":\"https:\\\/\\\/schema.org\",\"@graph\":[{\"@type\":\"Article\",\"@id\":\"https:\\\/\\\/regiaonews.net.br\\\/2022\\\/2021\\\/04\\\/07\\\/barretense-que-chegou-a-ser-desenganado-recebe-alta-hospitalar-apos-2-meses\\\/#article\",\"isPartOf\":{\"@id\":\"https:\\\/\\\/regiaonews.net.br\\\/2022\\\/2021\\\/04\\\/07\\\/barretense-que-chegou-a-ser-desenganado-recebe-alta-hospitalar-apos-2-meses\\\/\"},\"author\":{\"name\":\"Roberto\",\"@id\":\"https:\\\/\\\/regiaonews.net.br\\\/2022\\\/#\\\/schema\\\/person\\\/2d205a608a5aa97ac279d7a5e6d89ad8\"},\"headline\":\"Barretense que chegou a ser desenganado recebe alta hospitalar ap\u00f3s 2 meses\",\"datePublished\":\"2021-04-08T02:18:08+00:00\",\"mainEntityOfPage\":{\"@id\":\"https:\\\/\\\/regiaonews.net.br\\\/2022\\\/2021\\\/04\\\/07\\\/barretense-que-chegou-a-ser-desenganado-recebe-alta-hospitalar-apos-2-meses\\\/\"},\"wordCount\":361,\"commentCount\":0,\"publisher\":{\"@id\":\"https:\\\/\\\/regiaonews.net.br\\\/2022\\\/#organization\"},\"image\":{\"@id\":\"https:\\\/\\\/regiaonews.net.br\\\/2022\\\/2021\\\/04\\\/07\\\/barretense-que-chegou-a-ser-desenganado-recebe-alta-hospitalar-apos-2-meses\\\/#primaryimage\"},\"thumbnailUrl\":\"https:\\\/\\\/regiaonews.net.br\\\/2022\\\/wp-content\\\/uploads\\\/2021\\\/04\\\/IMG-20210407-WA0463.jpg\",\"articleSection\":[\"Barretos\",\"Cidades\"],\"inLanguage\":\"pt-BR\",\"potentialAction\":[{\"@type\":\"CommentAction\",\"name\":\"Comment\",\"target\":[\"https:\\\/\\\/regiaonews.net.br\\\/2022\\\/2021\\\/04\\\/07\\\/barretense-que-chegou-a-ser-desenganado-recebe-alta-hospitalar-apos-2-meses\\\/#respond\"]}]},{\"@type\":\"WebPage\",\"@id\":\"https:\\\/\\\/regiaonews.net.br\\\/2022\\\/2021\\\/04\\\/07\\\/barretense-que-chegou-a-ser-desenganado-recebe-alta-hospitalar-apos-2-meses\\\/\",\"url\":\"https:\\\/\\\/regiaonews.net.br\\\/2022\\\/2021\\\/04\\\/07\\\/barretense-que-chegou-a-ser-desenganado-recebe-alta-hospitalar-apos-2-meses\\\/\",\"name\":\"Barretense que chegou a ser desenganado recebe alta hospitalar ap\u00f3s 2 meses - Regi\u00e3o News\",\"isPartOf\":{\"@id\":\"https:\\\/\\\/regiaonews.net.br\\\/2022\\\/#website\"},\"primaryImageOfPage\":{\"@id\":\"https:\\\/\\\/regiaonews.net.br\\\/2022\\\/2021\\\/04\\\/07\\\/barretense-que-chegou-a-ser-desenganado-recebe-alta-hospitalar-apos-2-meses\\\/#primaryimage\"},\"image\":{\"@id\":\"https:\\\/\\\/regiaonews.net.br\\\/2022\\\/2021\\\/04\\\/07\\\/barretense-que-chegou-a-ser-desenganado-recebe-alta-hospitalar-apos-2-meses\\\/#primaryimage\"},\"thumbnailUrl\":\"https:\\\/\\\/regiaonews.net.br\\\/2022\\\/wp-content\\\/uploads\\\/2021\\\/04\\\/IMG-20210407-WA0463.jpg\",\"datePublished\":\"2021-04-08T02:18:08+00:00\",\"breadcrumb\":{\"@id\":\"https:\\\/\\\/regiaonews.net.br\\\/2022\\\/2021\\\/04\\\/07\\\/barretense-que-chegou-a-ser-desenganado-recebe-alta-hospitalar-apos-2-meses\\\/#breadcrumb\"},\"inLanguage\":\"pt-BR\",\"potentialAction\":[{\"@type\":\"ReadAction\",\"target\":[\"https:\\\/\\\/regiaonews.net.br\\\/2022\\\/2021\\\/04\\\/07\\\/barretense-que-chegou-a-ser-desenganado-recebe-alta-hospitalar-apos-2-meses\\\/\"]}]},{\"@type\":\"ImageObject\",\"inLanguage\":\"pt-BR\",\"@id\":\"https:\\\/\\\/regiaonews.net.br\\\/2022\\\/2021\\\/04\\\/07\\\/barretense-que-chegou-a-ser-desenganado-recebe-alta-hospitalar-apos-2-meses\\\/#primaryimage\",\"url\":\"https:\\\/\\\/regiaonews.net.br\\\/2022\\\/wp-content\\\/uploads\\\/2021\\\/04\\\/IMG-20210407-WA0463.jpg\",\"contentUrl\":\"https:\\\/\\\/regiaonews.net.br\\\/2022\\\/wp-content\\\/uploads\\\/2021\\\/04\\\/IMG-20210407-WA0463.jpg\",\"width\":958,\"height\":1280},{\"@type\":\"BreadcrumbList\",\"@id\":\"https:\\\/\\\/regiaonews.net.br\\\/2022\\\/2021\\\/04\\\/07\\\/barretense-que-chegou-a-ser-desenganado-recebe-alta-hospitalar-apos-2-meses\\\/#breadcrumb\",\"itemListElement\":[{\"@type\":\"ListItem\",\"position\":1,\"name\":\"In\u00edcio\",\"item\":\"https:\\\/\\\/regiaonews.net.br\\\/2022\\\/\"},{\"@type\":\"ListItem\",\"position\":2,\"name\":\"Barretense que chegou a ser desenganado recebe alta hospitalar ap\u00f3s 2 meses\"}]},{\"@type\":\"WebSite\",\"@id\":\"https:\\\/\\\/regiaonews.net.br\\\/2022\\\/#website\",\"url\":\"https:\\\/\\\/regiaonews.net.br\\\/2022\\\/\",\"name\":\"Regi\u00e3o News\",\"description\":\"Site de Not\u00edcias de Barretos e regi\u00e3o\",\"publisher\":{\"@id\":\"https:\\\/\\\/regiaonews.net.br\\\/2022\\\/#organization\"},\"potentialAction\":[{\"@type\":\"SearchAction\",\"target\":{\"@type\":\"EntryPoint\",\"urlTemplate\":\"https:\\\/\\\/regiaonews.net.br\\\/2022\\\/?s={search_term_string}\"},\"query-input\":{\"@type\":\"PropertyValueSpecification\",\"valueRequired\":true,\"valueName\":\"search_term_string\"}}],\"inLanguage\":\"pt-BR\"},{\"@type\":\"Organization\",\"@id\":\"https:\\\/\\\/regiaonews.net.br\\\/2022\\\/#organization\",\"name\":\"Regi\u00e3o News\",\"url\":\"https:\\\/\\\/regiaonews.net.br\\\/2022\\\/\",\"logo\":{\"@type\":\"ImageObject\",\"inLanguage\":\"pt-BR\",\"@id\":\"https:\\\/\\\/regiaonews.net.br\\\/2022\\\/#\\\/schema\\\/logo\\\/image\\\/\",\"url\":\"https:\\\/\\\/regiaonews.net.br\\\/2022\\\/wp-content\\\/uploads\\\/2026\\\/03\\\/regiao-13-anos-scaled.jpg\",\"contentUrl\":\"https:\\\/\\\/regiaonews.net.br\\\/2022\\\/wp-content\\\/uploads\\\/2026\\\/03\\\/regiao-13-anos-scaled.jpg\",\"width\":2560,\"height\":635,\"caption\":\"Regi\u00e3o News\"},\"image\":{\"@id\":\"https:\\\/\\\/regiaonews.net.br\\\/2022\\\/#\\\/schema\\\/logo\\\/image\\\/\"}},{\"@type\":\"Person\",\"@id\":\"https:\\\/\\\/regiaonews.net.br\\\/2022\\\/#\\\/schema\\\/person\\\/2d205a608a5aa97ac279d7a5e6d89ad8\",\"name\":\"Roberto\",\"image\":{\"@type\":\"ImageObject\",\"inLanguage\":\"pt-BR\",\"@id\":\"https:\\\/\\\/secure.gravatar.com\\\/avatar\\\/42749d8b712ff9d59ca93dc150494e5b55a44134482993f5baeb97e61b7ecc89?s=96&d=mm&r=g\",\"url\":\"https:\\\/\\\/secure.gravatar.com\\\/avatar\\\/42749d8b712ff9d59ca93dc150494e5b55a44134482993f5baeb97e61b7ecc89?s=96&d=mm&r=g\",\"contentUrl\":\"https:\\\/\\\/secure.gravatar.com\\\/avatar\\\/42749d8b712ff9d59ca93dc150494e5b55a44134482993f5baeb97e61b7ecc89?s=96&d=mm&r=g\",\"caption\":\"Roberto\"},\"url\":\"https:\\\/\\\/regiaonews.net.br\\\/2022\\\/author\\\/roberto\\\/\"}]}<\/script>\n<!-- \/ Yoast SEO plugin. -->","yoast_head_json":{"title":"Barretense que chegou a ser desenganado recebe alta hospitalar ap\u00f3s 2 meses - Regi\u00e3o News","robots":{"index":"index","follow":"follow","max-snippet":"max-snippet:-1","max-image-preview":"max-image-preview:large","max-video-preview":"max-video-preview:-1"},"canonical":"https:\/\/regiaonews.net.br\/2022\/2021\/04\/07\/barretense-que-chegou-a-ser-desenganado-recebe-alta-hospitalar-apos-2-meses\/","og_locale":"pt_BR","og_type":"article","og_title":"Barretense que chegou a ser desenganado recebe alta hospitalar ap\u00f3s 2 meses - Regi\u00e3o News","og_description":"&nbsp; \u201cDeus me deu um nova chance\u201d, afirmou Jaiminho na","og_url":"https:\/\/regiaonews.net.br\/2022\/2021\/04\/07\/barretense-que-chegou-a-ser-desenganado-recebe-alta-hospitalar-apos-2-meses\/","og_site_name":"Regi\u00e3o News","article_published_time":"2021-04-08T02:18:08+00:00","og_image":[{"width":958,"height":1280,"url":"https:\/\/regiaonews.net.br\/2022\/wp-content\/uploads\/2021\/04\/IMG-20210407-WA0463.jpg","type":"image\/jpeg"}],"author":"Roberto","twitter_card":"summary_large_image","twitter_misc":{"Escrito por":"Roberto","Est. tempo de leitura":"2 minutos"},"schema":{"@context":"https:\/\/schema.org","@graph":[{"@type":"Article","@id":"https:\/\/regiaonews.net.br\/2022\/2021\/04\/07\/barretense-que-chegou-a-ser-desenganado-recebe-alta-hospitalar-apos-2-meses\/#article","isPartOf":{"@id":"https:\/\/regiaonews.net.br\/2022\/2021\/04\/07\/barretense-que-chegou-a-ser-desenganado-recebe-alta-hospitalar-apos-2-meses\/"},"author":{"name":"Roberto","@id":"https:\/\/regiaonews.net.br\/2022\/#\/schema\/person\/2d205a608a5aa97ac279d7a5e6d89ad8"},"headline":"Barretense que chegou a ser desenganado recebe alta hospitalar ap\u00f3s 2 meses","datePublished":"2021-04-08T02:18:08+00:00","mainEntityOfPage":{"@id":"https:\/\/regiaonews.net.br\/2022\/2021\/04\/07\/barretense-que-chegou-a-ser-desenganado-recebe-alta-hospitalar-apos-2-meses\/"},"wordCount":361,"commentCount":0,"publisher":{"@id":"https:\/\/regiaonews.net.br\/2022\/#organization"},"image":{"@id":"https:\/\/regiaonews.net.br\/2022\/2021\/04\/07\/barretense-que-chegou-a-ser-desenganado-recebe-alta-hospitalar-apos-2-meses\/#primaryimage"},"thumbnailUrl":"https:\/\/regiaonews.net.br\/2022\/wp-content\/uploads\/2021\/04\/IMG-20210407-WA0463.jpg","articleSection":["Barretos","Cidades"],"inLanguage":"pt-BR","potentialAction":[{"@type":"CommentAction","name":"Comment","target":["https:\/\/regiaonews.net.br\/2022\/2021\/04\/07\/barretense-que-chegou-a-ser-desenganado-recebe-alta-hospitalar-apos-2-meses\/#respond"]}]},{"@type":"WebPage","@id":"https:\/\/regiaonews.net.br\/2022\/2021\/04\/07\/barretense-que-chegou-a-ser-desenganado-recebe-alta-hospitalar-apos-2-meses\/","url":"https:\/\/regiaonews.net.br\/2022\/2021\/04\/07\/barretense-que-chegou-a-ser-desenganado-recebe-alta-hospitalar-apos-2-meses\/","name":"Barretense que chegou a ser desenganado recebe alta hospitalar ap\u00f3s 2 meses - Regi\u00e3o News","isPartOf":{"@id":"https:\/\/regiaonews.net.br\/2022\/#website"},"primaryImageOfPage":{"@id":"https:\/\/regiaonews.net.br\/2022\/2021\/04\/07\/barretense-que-chegou-a-ser-desenganado-recebe-alta-hospitalar-apos-2-meses\/#primaryimage"},"image":{"@id":"https:\/\/regiaonews.net.br\/2022\/2021\/04\/07\/barretense-que-chegou-a-ser-desenganado-recebe-alta-hospitalar-apos-2-meses\/#primaryimage"},"thumbnailUrl":"https:\/\/regiaonews.net.br\/2022\/wp-content\/uploads\/2021\/04\/IMG-20210407-WA0463.jpg","datePublished":"2021-04-08T02:18:08+00:00","breadcrumb":{"@id":"https:\/\/regiaonews.net.br\/2022\/2021\/04\/07\/barretense-que-chegou-a-ser-desenganado-recebe-alta-hospitalar-apos-2-meses\/#breadcrumb"},"inLanguage":"pt-BR","potentialAction":[{"@type":"ReadAction","target":["https:\/\/regiaonews.net.br\/2022\/2021\/04\/07\/barretense-que-chegou-a-ser-desenganado-recebe-alta-hospitalar-apos-2-meses\/"]}]},{"@type":"ImageObject","inLanguage":"pt-BR","@id":"https:\/\/regiaonews.net.br\/2022\/2021\/04\/07\/barretense-que-chegou-a-ser-desenganado-recebe-alta-hospitalar-apos-2-meses\/#primaryimage","url":"https:\/\/regiaonews.net.br\/2022\/wp-content\/uploads\/2021\/04\/IMG-20210407-WA0463.jpg","contentUrl":"https:\/\/regiaonews.net.br\/2022\/wp-content\/uploads\/2021\/04\/IMG-20210407-WA0463.jpg","width":958,"height":1280},{"@type":"BreadcrumbList","@id":"https:\/\/regiaonews.net.br\/2022\/2021\/04\/07\/barretense-que-chegou-a-ser-desenganado-recebe-alta-hospitalar-apos-2-meses\/#breadcrumb","itemListElement":[{"@type":"ListItem","position":1,"name":"In\u00edcio","item":"https:\/\/regiaonews.net.br\/2022\/"},{"@type":"ListItem","position":2,"name":"Barretense que chegou a ser desenganado recebe alta hospitalar ap\u00f3s 2 meses"}]},{"@type":"WebSite","@id":"https:\/\/regiaonews.net.br\/2022\/#website","url":"https:\/\/regiaonews.net.br\/2022\/","name":"Regi\u00e3o News","description":"Site de Not\u00edcias de Barretos e regi\u00e3o","publisher":{"@id":"https:\/\/regiaonews.net.br\/2022\/#organization"},"potentialAction":[{"@type":"SearchAction","target":{"@type":"EntryPoint","urlTemplate":"https:\/\/regiaonews.net.br\/2022\/?s={search_term_string}"},"query-input":{"@type":"PropertyValueSpecification","valueRequired":true,"valueName":"search_term_string"}}],"inLanguage":"pt-BR"},{"@type":"Organization","@id":"https:\/\/regiaonews.net.br\/2022\/#organization","name":"Regi\u00e3o News","url":"https:\/\/regiaonews.net.br\/2022\/","logo":{"@type":"ImageObject","inLanguage":"pt-BR","@id":"https:\/\/regiaonews.net.br\/2022\/#\/schema\/logo\/image\/","url":"https:\/\/regiaonews.net.br\/2022\/wp-content\/uploads\/2026\/03\/regiao-13-anos-scaled.jpg","contentUrl":"https:\/\/regiaonews.net.br\/2022\/wp-content\/uploads\/2026\/03\/regiao-13-anos-scaled.jpg","width":2560,"height":635,"caption":"Regi\u00e3o News"},"image":{"@id":"https:\/\/regiaonews.net.br\/2022\/#\/schema\/logo\/image\/"}},{"@type":"Person","@id":"https:\/\/regiaonews.net.br\/2022\/#\/schema\/person\/2d205a608a5aa97ac279d7a5e6d89ad8","name":"Roberto","image":{"@type":"ImageObject","inLanguage":"pt-BR","@id":"https:\/\/secure.gravatar.com\/avatar\/42749d8b712ff9d59ca93dc150494e5b55a44134482993f5baeb97e61b7ecc89?s=96&d=mm&r=g","url":"https:\/\/secure.gravatar.com\/avatar\/42749d8b712ff9d59ca93dc150494e5b55a44134482993f5baeb97e61b7ecc89?s=96&d=mm&r=g","contentUrl":"https:\/\/secure.gravatar.com\/avatar\/42749d8b712ff9d59ca93dc150494e5b55a44134482993f5baeb97e61b7ecc89?s=96&d=mm&r=g","caption":"Roberto"},"url":"https:\/\/regiaonews.net.br\/2022\/author\/roberto\/"}]}},"publishpress_future_action":{"enabled":false,"date":"2026-05-04 01:35:49","action":"change-status","newStatus":"draft","terms":[],"taxonomy":"category","extraData":[]},"publishpress_future_workflow_manual_trigger":{"enabledWorkflows":[]},"_links":{"self":[{"href":"https:\/\/regiaonews.net.br\/2022\/wp-json\/wp\/v2\/posts\/44902","targetHints":{"allow":["GET"]}}],"collection":[{"href":"https:\/\/regiaonews.net.br\/2022\/wp-json\/wp\/v2\/posts"}],"about":[{"href":"https:\/\/regiaonews.net.br\/2022\/wp-json\/wp\/v2\/types\/post"}],"author":[{"embeddable":true,"href":"https:\/\/regiaonews.net.br\/2022\/wp-json\/wp\/v2\/users\/2"}],"replies":[{"embeddable":true,"href":"https:\/\/regiaonews.net.br\/2022\/wp-json\/wp\/v2\/comments?post=44902"}],"version-history":[{"count":0,"href":"https:\/\/regiaonews.net.br\/2022\/wp-json\/wp\/v2\/posts\/44902\/revisions"}],"wp:featuredmedia":[{"embeddable":true,"href":"https:\/\/regiaonews.net.br\/2022\/wp-json\/wp\/v2\/media\/44903"}],"wp:attachment":[{"href":"https:\/\/regiaonews.net.br\/2022\/wp-json\/wp\/v2\/media?parent=44902"}],"wp:term":[{"taxonomy":"category","embeddable":true,"href":"https:\/\/regiaonews.net.br\/2022\/wp-json\/wp\/v2\/categories?post=44902"},{"taxonomy":"post_tag","embeddable":true,"href":"https:\/\/regiaonews.net.br\/2022\/wp-json\/wp\/v2\/tags?post=44902"}],"curies":[{"name":"wp","href":"https:\/\/api.w.org\/{rel}","templated":true}]}}