{"id":44898,"date":"2021-04-07T21:10:34","date_gmt":"2021-04-08T00:10:34","guid":{"rendered":"https:\/\/regiaonews.net.br\/2022\/?p=44898"},"modified":"2021-04-07T21:11:28","modified_gmt":"2021-04-08T00:11:28","slug":"44898barretos-inicia-2021-com-previsao-de-crescimento-do-setor-imobiliario-na-cidade","status":"publish","type":"post","link":"https:\/\/regiaonews.net.br\/2022\/2021\/04\/07\/44898barretos-inicia-2021-com-previsao-de-crescimento-do-setor-imobiliario-na-cidade\/","title":{"rendered":"Barretos inicia 2021 com previs\u00e3o de crescimento do setor imobili\u00e1rio na cidade"},"content":{"rendered":"<p><a href=\"https:\/\/regiaonews.net.br\/2022\/wp-content\/uploads\/2021\/04\/Habib-Jajah.jpeg\"><img loading=\"lazy\" decoding=\"async\" class=\"alignnone size-medium wp-image-44899\" src=\"https:\/\/regiaonews.net.br\/2022\/wp-content\/uploads\/2021\/04\/Habib-Jajah-300x200.jpeg\" alt=\"\" width=\"300\" height=\"200\" \/><\/a><\/p>\n<p><span style=\"box-sizing: border-box;\"><span style=\"font-size: 12.0pt; line-height: 115%; font-family: 'Arial',sans-serif; color: #444444;\">\u00a0Habib Jajah \u00e9 consultor imobili\u00e1rio<\/span><\/span><\/p>\n<p style=\"margin-bottom: 10.0pt; text-align: justify; line-height: 115%;\"><span style=\"font-size: 12.0pt; line-height: 115%; font-family: 'Arial',sans-serif; color: #444444;\">Hoje em dia, s\u00e3o poucas as pessoas que j\u00e1 n\u00e3o tiveram sua casa ou bem violados. A inseguran\u00e7a fez com que pessoas e empresas come\u00e7assem a pensar em solu\u00e7\u00f5es mais ativas para a seguran\u00e7a de seu carro, im\u00f3vel, moto e at\u00e9 celular. Ap\u00f3s um ano de pandemia, iniciada em mar\u00e7o do ano passado, al\u00e9m do trabalho que j\u00e1 \u00e9 realizado em seguran\u00e7a, as pessoas come\u00e7aram a viver mais suas casas, principalmente com o distanciamento social e teletrabalho.\u00a0<\/span><\/p>\n<p style=\"margin-bottom: 10.0pt; text-align: justify; line-height: 115%; box-sizing: border-box;\"><span style=\"box-sizing: border-box;\"><span style=\"font-size: 12.0pt; line-height: 115%; font-family: 'Arial',sans-serif; color: #444444;\">Al\u00e9m do investimento em seguran\u00e7a, muitas pessoas optaram por condom\u00ednios fechados, que pensando no conforto que poderia trazer para a fam\u00edlia. Avaliando em todo o investimento que \u00e9 feito em seguran\u00e7a por cada fam\u00edlia em bairros tradicionais, os condom\u00ednios s\u00e3o uma solu\u00e7\u00e3o para quem quer trabalhar mesmo em casa, mas com paz. Os servi\u00e7os de prote\u00e7\u00e3o oferecidos em condom\u00ednios trazem diversos equipamentos e instrumentos que v\u00eam sendo desenvolvidos para realizar fun\u00e7\u00f5es com facilidade, agilidade e precis\u00e3o e, se tratando de seguran\u00e7a condominial, isso garante medidas de seguran\u00e7a essenciais para as pessoas.<\/span><\/span><\/p>\n<p style=\"margin-bottom: 10.0pt; text-align: justify; box-sizing: border-box;\"><span style=\"box-sizing: border-box;\"><span style=\"font-size: 12.0pt; font-family: 'Arial',sans-serif; color: black;\">Em Barretos, com um &#8220;boom&#8221; de empreendimentos imobili\u00e1rios desde 2015, novos moradores est\u00e3o se adaptando ao novo jeito de morar, mas com resultados positivos, como proximidade do trabalho, asfaltamento da regi\u00e3o, facilidade no pagamento, lotes de tamanhos diversos, \u00e1reas verde e de lazer, parques, academias, campos de futebol, lotes prontos para construir, al\u00e9m da infraestrutura. Importante ressaltar a diversidade de escolha de cada empreendimento, como pr\u00e9dios, casas<\/span><\/span><span style=\"box-sizing: border-box;\"><span style=\"font-size: 12.0pt; font-family: 'Arial',sans-serif; color: #444444;\">\u00a0populares, lotes,<span style=\"font-size: 12.0pt; font-family: 'Arial',sans-serif; color: black;\">\u00a0mans\u00f5es e at\u00e9 ch\u00e1caras, em diferentes regi\u00f5es do munic\u00edpio.<\/span><\/span><\/span><\/p>\n<p style=\"margin-bottom: 10.0pt; text-align: justify; box-sizing: border-box;\"><span style=\"box-sizing: border-box;\"><span style=\"font-size: 12.0pt; font-family: 'Arial',sans-serif; color: black;\">Segundo a CBIC (C\u00e2mara Brasileira da Ind\u00fastria da Constru\u00e7\u00e3o Civil), o mercado imobili\u00e1rio brasileiro ter\u00e1 crescimento de 5 a 10% neste ano, considerando o crescimento em torno de 3,5% do PIB brasileiro, diminui\u00e7\u00e3o da taxa de juros e avan\u00e7o em reformas administrativas e tribut\u00e1rias<\/span><\/span><\/p>\n<p style=\"margin-bottom: 10.0pt; text-align: justify; line-height: 115%; box-sizing: border-box;\"><span style=\"box-sizing: border-box;\"><span style=\"font-size: 12.0pt; line-height: 115%; font-family: 'Arial',sans-serif; color: #444444;\">O consultor de neg\u00f3cios imobili\u00e1rios, Habih Jajah, da Link Empreendimentos, falou conosco sobre a espera do crescimento do setor em 2021 tamb\u00e9m para a cidade, segundo o especialista, as pessoas come\u00e7aram a entender que o pagamento de taxa mensal de condom\u00ednio pode trazer benef\u00edcios em seguran\u00e7a, e no final das contas, isso proporciona tranquilidade.<\/span><\/span><\/p>\n<p style=\"margin-bottom: 10.0pt; text-align: justify; line-height: 115%; box-sizing: border-box;\"><span style=\"box-sizing: border-box;\"><span style=\"font-size: 12.0pt; line-height: 115%; font-family: 'Arial',sans-serif; color: #444444;\">&#8220;As crian\u00e7as podem brincar na rua, podem deixar os brinquedos na garagem aberta e voltar para brincar depois. Hoje em dia, isso \u00e9 inimagin\u00e1vel em casas fora de condom\u00ednios. D\u00e1 para resgatar a inf\u00e2ncia das crian\u00e7as, brincar na areia. A seguran\u00e7a e tranquilidade \u00e9 essencial.&#8221; &#8211; afirmou.<\/span><\/span><\/p>\n<p style=\"margin-bottom: 10.0pt; text-align: justify; line-height: 115%; box-sizing: border-box;\"><span style=\"box-sizing: border-box;\"><span style=\"font-size: 12.0pt; line-height: 115%; font-family: 'Arial',sans-serif; color: #444444;\">Assim como outros casos, adquirir um im\u00f3vel, seja casa ou apartamento em condom\u00ednio fechado, \u00e9 um excelente investimento. Por serem cobi\u00e7ados, possui boa liquidez no setor. Mas o fator mais importante \u00e9 que h\u00e1 \u00f3tima possibilidade de valoriza\u00e7\u00e3o. J\u00e1 que os condom\u00ednios s\u00e3o reconhecidos pelos benef\u00edcios de morar bem.<\/span><\/span><\/p>\n<p style=\"margin-bottom: 10.0pt; line-height: 115%;\"><span style=\"font-size: 12.0pt; line-height: 115%; font-family: 'Arial',sans-serif; color: #444444;\">Cr\u00e9dito texto: Lucas Mattar<\/span><span style=\"box-sizing: border-box;\"><span style=\"font-size: 12.0pt; line-height: 115%; font-family: 'Arial',sans-serif; color: #444444;\">\u00a0<\/span><\/span><\/p>\n<p style=\"margin-bottom: 10.0pt; line-height: 115%; box-sizing: border-box;\"><span style=\"box-sizing: border-box;\"><span style=\"font-size: 12.0pt; line-height: 115%; font-family: 'Arial',sans-serif; color: #444444;\">Cr\u00e9dito foto: Lucas de Toledo<\/span><\/span><\/p>\n","protected":false},"excerpt":{"rendered":"<p>\u00a0Habib Jajah \u00e9 consultor imobili\u00e1rio Hoje em dia, s\u00e3o poucas<\/p>\n","protected":false},"author":2,"featured_media":44899,"comment_status":"open","ping_status":"open","sticky":false,"template":"","format":"standard","meta":{"footnotes":""},"categories":[25,94],"tags":[],"class_list":["post-44898","post","type-post","status-publish","format-standard","has-post-thumbnail","hentry","category-cidades","category-economia"],"yoast_head":"<!-- This site is optimized with the Yoast SEO plugin v27.4 - https:\/\/yoast.com\/product\/yoast-seo-wordpress\/ -->\n<title>Barretos inicia 2021 com previs\u00e3o de crescimento do setor imobili\u00e1rio na cidade - Regi\u00e3o News<\/title>\n<meta name=\"robots\" content=\"index, follow, max-snippet:-1, max-image-preview:large, max-video-preview:-1\" \/>\n<link rel=\"canonical\" href=\"https:\/\/regiaonews.net.br\/2022\/2021\/04\/07\/44898barretos-inicia-2021-com-previsao-de-crescimento-do-setor-imobiliario-na-cidade\/\" \/>\n<meta property=\"og:locale\" content=\"pt_BR\" \/>\n<meta property=\"og:type\" content=\"article\" \/>\n<meta property=\"og:title\" content=\"Barretos inicia 2021 com previs\u00e3o de crescimento do setor imobili\u00e1rio na cidade - Regi\u00e3o News\" \/>\n<meta property=\"og:description\" content=\"\u00a0Habib Jajah \u00e9 consultor imobili\u00e1rio Hoje em dia, s\u00e3o poucas\" \/>\n<meta property=\"og:url\" content=\"https:\/\/regiaonews.net.br\/2022\/2021\/04\/07\/44898barretos-inicia-2021-com-previsao-de-crescimento-do-setor-imobiliario-na-cidade\/\" \/>\n<meta property=\"og:site_name\" content=\"Regi\u00e3o News\" \/>\n<meta property=\"article:published_time\" content=\"2021-04-08T00:10:34+00:00\" \/>\n<meta property=\"article:modified_time\" content=\"2021-04-08T00:11:28+00:00\" \/>\n<meta property=\"og:image\" content=\"https:\/\/regiaonews.net.br\/2022\/wp-content\/uploads\/2021\/04\/Habib-Jajah.jpeg\" \/>\n\t<meta property=\"og:image:width\" content=\"1280\" \/>\n\t<meta property=\"og:image:height\" content=\"853\" \/>\n\t<meta property=\"og:image:type\" content=\"image\/jpeg\" \/>\n<meta name=\"author\" content=\"Roberto\" \/>\n<meta name=\"twitter:card\" content=\"summary_large_image\" \/>\n<meta name=\"twitter:label1\" content=\"Escrito por\" \/>\n\t<meta name=\"twitter:data1\" content=\"Roberto\" \/>\n\t<meta name=\"twitter:label2\" content=\"Est. tempo de leitura\" \/>\n\t<meta name=\"twitter:data2\" content=\"3 minutos\" \/>\n<script type=\"application\/ld+json\" class=\"yoast-schema-graph\">{\"@context\":\"https:\\\/\\\/schema.org\",\"@graph\":[{\"@type\":\"Article\",\"@id\":\"https:\\\/\\\/regiaonews.net.br\\\/2022\\\/2021\\\/04\\\/07\\\/44898barretos-inicia-2021-com-previsao-de-crescimento-do-setor-imobiliario-na-cidade\\\/#article\",\"isPartOf\":{\"@id\":\"https:\\\/\\\/regiaonews.net.br\\\/2022\\\/2021\\\/04\\\/07\\\/44898barretos-inicia-2021-com-previsao-de-crescimento-do-setor-imobiliario-na-cidade\\\/\"},\"author\":{\"name\":\"Roberto\",\"@id\":\"https:\\\/\\\/regiaonews.net.br\\\/2022\\\/#\\\/schema\\\/person\\\/2d205a608a5aa97ac279d7a5e6d89ad8\"},\"headline\":\"Barretos inicia 2021 com previs\u00e3o de crescimento do setor imobili\u00e1rio na cidade\",\"datePublished\":\"2021-04-08T00:10:34+00:00\",\"dateModified\":\"2021-04-08T00:11:28+00:00\",\"mainEntityOfPage\":{\"@id\":\"https:\\\/\\\/regiaonews.net.br\\\/2022\\\/2021\\\/04\\\/07\\\/44898barretos-inicia-2021-com-previsao-de-crescimento-do-setor-imobiliario-na-cidade\\\/\"},\"wordCount\":523,\"commentCount\":0,\"publisher\":{\"@id\":\"https:\\\/\\\/regiaonews.net.br\\\/2022\\\/#organization\"},\"image\":{\"@id\":\"https:\\\/\\\/regiaonews.net.br\\\/2022\\\/2021\\\/04\\\/07\\\/44898barretos-inicia-2021-com-previsao-de-crescimento-do-setor-imobiliario-na-cidade\\\/#primaryimage\"},\"thumbnailUrl\":\"https:\\\/\\\/regiaonews.net.br\\\/2022\\\/wp-content\\\/uploads\\\/2021\\\/04\\\/Habib-Jajah.jpeg\",\"articleSection\":[\"Cidades\",\"Economia\"],\"inLanguage\":\"pt-BR\",\"potentialAction\":[{\"@type\":\"CommentAction\",\"name\":\"Comment\",\"target\":[\"https:\\\/\\\/regiaonews.net.br\\\/2022\\\/2021\\\/04\\\/07\\\/44898barretos-inicia-2021-com-previsao-de-crescimento-do-setor-imobiliario-na-cidade\\\/#respond\"]}]},{\"@type\":\"WebPage\",\"@id\":\"https:\\\/\\\/regiaonews.net.br\\\/2022\\\/2021\\\/04\\\/07\\\/44898barretos-inicia-2021-com-previsao-de-crescimento-do-setor-imobiliario-na-cidade\\\/\",\"url\":\"https:\\\/\\\/regiaonews.net.br\\\/2022\\\/2021\\\/04\\\/07\\\/44898barretos-inicia-2021-com-previsao-de-crescimento-do-setor-imobiliario-na-cidade\\\/\",\"name\":\"Barretos inicia 2021 com previs\u00e3o de crescimento do setor imobili\u00e1rio na cidade - Regi\u00e3o News\",\"isPartOf\":{\"@id\":\"https:\\\/\\\/regiaonews.net.br\\\/2022\\\/#website\"},\"primaryImageOfPage\":{\"@id\":\"https:\\\/\\\/regiaonews.net.br\\\/2022\\\/2021\\\/04\\\/07\\\/44898barretos-inicia-2021-com-previsao-de-crescimento-do-setor-imobiliario-na-cidade\\\/#primaryimage\"},\"image\":{\"@id\":\"https:\\\/\\\/regiaonews.net.br\\\/2022\\\/2021\\\/04\\\/07\\\/44898barretos-inicia-2021-com-previsao-de-crescimento-do-setor-imobiliario-na-cidade\\\/#primaryimage\"},\"thumbnailUrl\":\"https:\\\/\\\/regiaonews.net.br\\\/2022\\\/wp-content\\\/uploads\\\/2021\\\/04\\\/Habib-Jajah.jpeg\",\"datePublished\":\"2021-04-08T00:10:34+00:00\",\"dateModified\":\"2021-04-08T00:11:28+00:00\",\"breadcrumb\":{\"@id\":\"https:\\\/\\\/regiaonews.net.br\\\/2022\\\/2021\\\/04\\\/07\\\/44898barretos-inicia-2021-com-previsao-de-crescimento-do-setor-imobiliario-na-cidade\\\/#breadcrumb\"},\"inLanguage\":\"pt-BR\",\"potentialAction\":[{\"@type\":\"ReadAction\",\"target\":[\"https:\\\/\\\/regiaonews.net.br\\\/2022\\\/2021\\\/04\\\/07\\\/44898barretos-inicia-2021-com-previsao-de-crescimento-do-setor-imobiliario-na-cidade\\\/\"]}]},{\"@type\":\"ImageObject\",\"inLanguage\":\"pt-BR\",\"@id\":\"https:\\\/\\\/regiaonews.net.br\\\/2022\\\/2021\\\/04\\\/07\\\/44898barretos-inicia-2021-com-previsao-de-crescimento-do-setor-imobiliario-na-cidade\\\/#primaryimage\",\"url\":\"https:\\\/\\\/regiaonews.net.br\\\/2022\\\/wp-content\\\/uploads\\\/2021\\\/04\\\/Habib-Jajah.jpeg\",\"contentUrl\":\"https:\\\/\\\/regiaonews.net.br\\\/2022\\\/wp-content\\\/uploads\\\/2021\\\/04\\\/Habib-Jajah.jpeg\",\"width\":1280,\"height\":853},{\"@type\":\"BreadcrumbList\",\"@id\":\"https:\\\/\\\/regiaonews.net.br\\\/2022\\\/2021\\\/04\\\/07\\\/44898barretos-inicia-2021-com-previsao-de-crescimento-do-setor-imobiliario-na-cidade\\\/#breadcrumb\",\"itemListElement\":[{\"@type\":\"ListItem\",\"position\":1,\"name\":\"In\u00edcio\",\"item\":\"https:\\\/\\\/regiaonews.net.br\\\/2022\\\/\"},{\"@type\":\"ListItem\",\"position\":2,\"name\":\"Barretos inicia 2021 com previs\u00e3o de crescimento do setor imobili\u00e1rio na cidade\"}]},{\"@type\":\"WebSite\",\"@id\":\"https:\\\/\\\/regiaonews.net.br\\\/2022\\\/#website\",\"url\":\"https:\\\/\\\/regiaonews.net.br\\\/2022\\\/\",\"name\":\"Regi\u00e3o News\",\"description\":\"Site de Not\u00edcias de Barretos e regi\u00e3o\",\"publisher\":{\"@id\":\"https:\\\/\\\/regiaonews.net.br\\\/2022\\\/#organization\"},\"potentialAction\":[{\"@type\":\"SearchAction\",\"target\":{\"@type\":\"EntryPoint\",\"urlTemplate\":\"https:\\\/\\\/regiaonews.net.br\\\/2022\\\/?s={search_term_string}\"},\"query-input\":{\"@type\":\"PropertyValueSpecification\",\"valueRequired\":true,\"valueName\":\"search_term_string\"}}],\"inLanguage\":\"pt-BR\"},{\"@type\":\"Organization\",\"@id\":\"https:\\\/\\\/regiaonews.net.br\\\/2022\\\/#organization\",\"name\":\"Regi\u00e3o News\",\"url\":\"https:\\\/\\\/regiaonews.net.br\\\/2022\\\/\",\"logo\":{\"@type\":\"ImageObject\",\"inLanguage\":\"pt-BR\",\"@id\":\"https:\\\/\\\/regiaonews.net.br\\\/2022\\\/#\\\/schema\\\/logo\\\/image\\\/\",\"url\":\"https:\\\/\\\/regiaonews.net.br\\\/2022\\\/wp-content\\\/uploads\\\/2026\\\/03\\\/regiao-13-anos-scaled.jpg\",\"contentUrl\":\"https:\\\/\\\/regiaonews.net.br\\\/2022\\\/wp-content\\\/uploads\\\/2026\\\/03\\\/regiao-13-anos-scaled.jpg\",\"width\":2560,\"height\":635,\"caption\":\"Regi\u00e3o News\"},\"image\":{\"@id\":\"https:\\\/\\\/regiaonews.net.br\\\/2022\\\/#\\\/schema\\\/logo\\\/image\\\/\"}},{\"@type\":\"Person\",\"@id\":\"https:\\\/\\\/regiaonews.net.br\\\/2022\\\/#\\\/schema\\\/person\\\/2d205a608a5aa97ac279d7a5e6d89ad8\",\"name\":\"Roberto\",\"image\":{\"@type\":\"ImageObject\",\"inLanguage\":\"pt-BR\",\"@id\":\"https:\\\/\\\/secure.gravatar.com\\\/avatar\\\/42749d8b712ff9d59ca93dc150494e5b55a44134482993f5baeb97e61b7ecc89?s=96&d=mm&r=g\",\"url\":\"https:\\\/\\\/secure.gravatar.com\\\/avatar\\\/42749d8b712ff9d59ca93dc150494e5b55a44134482993f5baeb97e61b7ecc89?s=96&d=mm&r=g\",\"contentUrl\":\"https:\\\/\\\/secure.gravatar.com\\\/avatar\\\/42749d8b712ff9d59ca93dc150494e5b55a44134482993f5baeb97e61b7ecc89?s=96&d=mm&r=g\",\"caption\":\"Roberto\"},\"url\":\"https:\\\/\\\/regiaonews.net.br\\\/2022\\\/author\\\/roberto\\\/\"}]}<\/script>\n<!-- \/ Yoast SEO plugin. -->","yoast_head_json":{"title":"Barretos inicia 2021 com previs\u00e3o de crescimento do setor imobili\u00e1rio na cidade - Regi\u00e3o News","robots":{"index":"index","follow":"follow","max-snippet":"max-snippet:-1","max-image-preview":"max-image-preview:large","max-video-preview":"max-video-preview:-1"},"canonical":"https:\/\/regiaonews.net.br\/2022\/2021\/04\/07\/44898barretos-inicia-2021-com-previsao-de-crescimento-do-setor-imobiliario-na-cidade\/","og_locale":"pt_BR","og_type":"article","og_title":"Barretos inicia 2021 com previs\u00e3o de crescimento do setor imobili\u00e1rio na cidade - Regi\u00e3o News","og_description":"\u00a0Habib Jajah \u00e9 consultor imobili\u00e1rio Hoje em dia, s\u00e3o poucas","og_url":"https:\/\/regiaonews.net.br\/2022\/2021\/04\/07\/44898barretos-inicia-2021-com-previsao-de-crescimento-do-setor-imobiliario-na-cidade\/","og_site_name":"Regi\u00e3o News","article_published_time":"2021-04-08T00:10:34+00:00","article_modified_time":"2021-04-08T00:11:28+00:00","og_image":[{"width":1280,"height":853,"url":"https:\/\/regiaonews.net.br\/2022\/wp-content\/uploads\/2021\/04\/Habib-Jajah.jpeg","type":"image\/jpeg"}],"author":"Roberto","twitter_card":"summary_large_image","twitter_misc":{"Escrito por":"Roberto","Est. tempo de leitura":"3 minutos"},"schema":{"@context":"https:\/\/schema.org","@graph":[{"@type":"Article","@id":"https:\/\/regiaonews.net.br\/2022\/2021\/04\/07\/44898barretos-inicia-2021-com-previsao-de-crescimento-do-setor-imobiliario-na-cidade\/#article","isPartOf":{"@id":"https:\/\/regiaonews.net.br\/2022\/2021\/04\/07\/44898barretos-inicia-2021-com-previsao-de-crescimento-do-setor-imobiliario-na-cidade\/"},"author":{"name":"Roberto","@id":"https:\/\/regiaonews.net.br\/2022\/#\/schema\/person\/2d205a608a5aa97ac279d7a5e6d89ad8"},"headline":"Barretos inicia 2021 com previs\u00e3o de crescimento do setor imobili\u00e1rio na cidade","datePublished":"2021-04-08T00:10:34+00:00","dateModified":"2021-04-08T00:11:28+00:00","mainEntityOfPage":{"@id":"https:\/\/regiaonews.net.br\/2022\/2021\/04\/07\/44898barretos-inicia-2021-com-previsao-de-crescimento-do-setor-imobiliario-na-cidade\/"},"wordCount":523,"commentCount":0,"publisher":{"@id":"https:\/\/regiaonews.net.br\/2022\/#organization"},"image":{"@id":"https:\/\/regiaonews.net.br\/2022\/2021\/04\/07\/44898barretos-inicia-2021-com-previsao-de-crescimento-do-setor-imobiliario-na-cidade\/#primaryimage"},"thumbnailUrl":"https:\/\/regiaonews.net.br\/2022\/wp-content\/uploads\/2021\/04\/Habib-Jajah.jpeg","articleSection":["Cidades","Economia"],"inLanguage":"pt-BR","potentialAction":[{"@type":"CommentAction","name":"Comment","target":["https:\/\/regiaonews.net.br\/2022\/2021\/04\/07\/44898barretos-inicia-2021-com-previsao-de-crescimento-do-setor-imobiliario-na-cidade\/#respond"]}]},{"@type":"WebPage","@id":"https:\/\/regiaonews.net.br\/2022\/2021\/04\/07\/44898barretos-inicia-2021-com-previsao-de-crescimento-do-setor-imobiliario-na-cidade\/","url":"https:\/\/regiaonews.net.br\/2022\/2021\/04\/07\/44898barretos-inicia-2021-com-previsao-de-crescimento-do-setor-imobiliario-na-cidade\/","name":"Barretos inicia 2021 com previs\u00e3o de crescimento do setor imobili\u00e1rio na cidade - Regi\u00e3o News","isPartOf":{"@id":"https:\/\/regiaonews.net.br\/2022\/#website"},"primaryImageOfPage":{"@id":"https:\/\/regiaonews.net.br\/2022\/2021\/04\/07\/44898barretos-inicia-2021-com-previsao-de-crescimento-do-setor-imobiliario-na-cidade\/#primaryimage"},"image":{"@id":"https:\/\/regiaonews.net.br\/2022\/2021\/04\/07\/44898barretos-inicia-2021-com-previsao-de-crescimento-do-setor-imobiliario-na-cidade\/#primaryimage"},"thumbnailUrl":"https:\/\/regiaonews.net.br\/2022\/wp-content\/uploads\/2021\/04\/Habib-Jajah.jpeg","datePublished":"2021-04-08T00:10:34+00:00","dateModified":"2021-04-08T00:11:28+00:00","breadcrumb":{"@id":"https:\/\/regiaonews.net.br\/2022\/2021\/04\/07\/44898barretos-inicia-2021-com-previsao-de-crescimento-do-setor-imobiliario-na-cidade\/#breadcrumb"},"inLanguage":"pt-BR","potentialAction":[{"@type":"ReadAction","target":["https:\/\/regiaonews.net.br\/2022\/2021\/04\/07\/44898barretos-inicia-2021-com-previsao-de-crescimento-do-setor-imobiliario-na-cidade\/"]}]},{"@type":"ImageObject","inLanguage":"pt-BR","@id":"https:\/\/regiaonews.net.br\/2022\/2021\/04\/07\/44898barretos-inicia-2021-com-previsao-de-crescimento-do-setor-imobiliario-na-cidade\/#primaryimage","url":"https:\/\/regiaonews.net.br\/2022\/wp-content\/uploads\/2021\/04\/Habib-Jajah.jpeg","contentUrl":"https:\/\/regiaonews.net.br\/2022\/wp-content\/uploads\/2021\/04\/Habib-Jajah.jpeg","width":1280,"height":853},{"@type":"BreadcrumbList","@id":"https:\/\/regiaonews.net.br\/2022\/2021\/04\/07\/44898barretos-inicia-2021-com-previsao-de-crescimento-do-setor-imobiliario-na-cidade\/#breadcrumb","itemListElement":[{"@type":"ListItem","position":1,"name":"In\u00edcio","item":"https:\/\/regiaonews.net.br\/2022\/"},{"@type":"ListItem","position":2,"name":"Barretos inicia 2021 com previs\u00e3o de crescimento do setor imobili\u00e1rio na cidade"}]},{"@type":"WebSite","@id":"https:\/\/regiaonews.net.br\/2022\/#website","url":"https:\/\/regiaonews.net.br\/2022\/","name":"Regi\u00e3o News","description":"Site de Not\u00edcias de Barretos e regi\u00e3o","publisher":{"@id":"https:\/\/regiaonews.net.br\/2022\/#organization"},"potentialAction":[{"@type":"SearchAction","target":{"@type":"EntryPoint","urlTemplate":"https:\/\/regiaonews.net.br\/2022\/?s={search_term_string}"},"query-input":{"@type":"PropertyValueSpecification","valueRequired":true,"valueName":"search_term_string"}}],"inLanguage":"pt-BR"},{"@type":"Organization","@id":"https:\/\/regiaonews.net.br\/2022\/#organization","name":"Regi\u00e3o News","url":"https:\/\/regiaonews.net.br\/2022\/","logo":{"@type":"ImageObject","inLanguage":"pt-BR","@id":"https:\/\/regiaonews.net.br\/2022\/#\/schema\/logo\/image\/","url":"https:\/\/regiaonews.net.br\/2022\/wp-content\/uploads\/2026\/03\/regiao-13-anos-scaled.jpg","contentUrl":"https:\/\/regiaonews.net.br\/2022\/wp-content\/uploads\/2026\/03\/regiao-13-anos-scaled.jpg","width":2560,"height":635,"caption":"Regi\u00e3o News"},"image":{"@id":"https:\/\/regiaonews.net.br\/2022\/#\/schema\/logo\/image\/"}},{"@type":"Person","@id":"https:\/\/regiaonews.net.br\/2022\/#\/schema\/person\/2d205a608a5aa97ac279d7a5e6d89ad8","name":"Roberto","image":{"@type":"ImageObject","inLanguage":"pt-BR","@id":"https:\/\/secure.gravatar.com\/avatar\/42749d8b712ff9d59ca93dc150494e5b55a44134482993f5baeb97e61b7ecc89?s=96&d=mm&r=g","url":"https:\/\/secure.gravatar.com\/avatar\/42749d8b712ff9d59ca93dc150494e5b55a44134482993f5baeb97e61b7ecc89?s=96&d=mm&r=g","contentUrl":"https:\/\/secure.gravatar.com\/avatar\/42749d8b712ff9d59ca93dc150494e5b55a44134482993f5baeb97e61b7ecc89?s=96&d=mm&r=g","caption":"Roberto"},"url":"https:\/\/regiaonews.net.br\/2022\/author\/roberto\/"}]}},"publishpress_future_action":{"enabled":false,"date":"2026-05-04 02:59:10","action":"change-status","newStatus":"draft","terms":[],"taxonomy":"category","extraData":[]},"publishpress_future_workflow_manual_trigger":{"enabledWorkflows":[]},"_links":{"self":[{"href":"https:\/\/regiaonews.net.br\/2022\/wp-json\/wp\/v2\/posts\/44898","targetHints":{"allow":["GET"]}}],"collection":[{"href":"https:\/\/regiaonews.net.br\/2022\/wp-json\/wp\/v2\/posts"}],"about":[{"href":"https:\/\/regiaonews.net.br\/2022\/wp-json\/wp\/v2\/types\/post"}],"author":[{"embeddable":true,"href":"https:\/\/regiaonews.net.br\/2022\/wp-json\/wp\/v2\/users\/2"}],"replies":[{"embeddable":true,"href":"https:\/\/regiaonews.net.br\/2022\/wp-json\/wp\/v2\/comments?post=44898"}],"version-history":[{"count":0,"href":"https:\/\/regiaonews.net.br\/2022\/wp-json\/wp\/v2\/posts\/44898\/revisions"}],"wp:featuredmedia":[{"embeddable":true,"href":"https:\/\/regiaonews.net.br\/2022\/wp-json\/wp\/v2\/media\/44899"}],"wp:attachment":[{"href":"https:\/\/regiaonews.net.br\/2022\/wp-json\/wp\/v2\/media?parent=44898"}],"wp:term":[{"taxonomy":"category","embeddable":true,"href":"https:\/\/regiaonews.net.br\/2022\/wp-json\/wp\/v2\/categories?post=44898"},{"taxonomy":"post_tag","embeddable":true,"href":"https:\/\/regiaonews.net.br\/2022\/wp-json\/wp\/v2\/tags?post=44898"}],"curies":[{"name":"wp","href":"https:\/\/api.w.org\/{rel}","templated":true}]}}