{"id":44887,"date":"2021-04-07T21:03:27","date_gmt":"2021-04-08T00:03:27","guid":{"rendered":"https:\/\/regiaonews.net.br\/2022\/?p=44887"},"modified":"2021-04-07T21:03:27","modified_gmt":"2021-04-08T00:03:27","slug":"licitacao-escolhera-novo-material-pedagogico-da-educacao-municipal","status":"publish","type":"post","link":"https:\/\/regiaonews.net.br\/2022\/2021\/04\/07\/licitacao-escolhera-novo-material-pedagogico-da-educacao-municipal\/","title":{"rendered":"Licita\u00e7\u00e3o escolher\u00e1 novo material pedag\u00f3gico da Educa\u00e7\u00e3o municipal"},"content":{"rendered":"<p><a href=\"https:\/\/regiaonews.net.br\/2022\/wp-content\/uploads\/2021\/04\/Secretaria-Municipal-de-Educacao-Jessica-Maria-dos-Santos.jpg\"><img loading=\"lazy\" decoding=\"async\" class=\"alignnone size-medium wp-image-44888\" src=\"https:\/\/regiaonews.net.br\/2022\/wp-content\/uploads\/2021\/04\/Secretaria-Municipal-de-Educacao-Jessica-Maria-dos-Santos-200x300.jpg\" alt=\"\" width=\"200\" height=\"300\" \/><\/a> <a href=\"https:\/\/regiaonews.net.br\/2022\/wp-content\/uploads\/2021\/04\/WhatsApp-Image-2021-04-07-at-14.17.48.jpeg\"><img loading=\"lazy\" decoding=\"async\" class=\"alignnone size-medium wp-image-44889\" src=\"https:\/\/regiaonews.net.br\/2022\/wp-content\/uploads\/2021\/04\/WhatsApp-Image-2021-04-07-at-14.17.48-300x300.jpeg\" alt=\"\" width=\"300\" height=\"300\" \/><\/a><\/p>\n<p>A escolha do novo material pedag\u00f3gico para a rede municipal de ensino de Barretos ter\u00e1 in\u00edcio \u00e0s 09 horas desta quinta-feira, dia 08 de abril\/21, quando haver\u00e1 o recebimento \u2013 e posterior abertura &#8211; dos envelopes com as propostas das empresas interessadas.<br \/>\nA licita\u00e7\u00e3o ser\u00e1 na modalidade concorr\u00eancia p\u00fablica, do tipo melhor t\u00e9cnica e pre\u00e7o, ou seja, ser\u00e1 avaliada a qualidade do material, al\u00e9m do pre\u00e7o ofertado. Ser\u00e1 contratado um sistema did\u00e1tico para a Educa\u00e7\u00e3o Infantil, Anos Iniciais e Anos Finais do Ensino Fundamental, incluindo assessoria pedag\u00f3gica continuada e suporte \u00e0 equipe de docentes. O edital com as informa\u00e7\u00f5es foi publicado no Di\u00e1rio Oficial de Barretos do dia 12 de fevereiro.<br \/>\nAguardado por toda a rede de ensino municipal, o novo material ser\u00e1 implantado assim que o processo licitat\u00f3rio for finalizado pelo Departamento de Licita\u00e7\u00f5es da Prefeitura.<br \/>\n\u201cEra um compromisso de campanha da prefeita Paula Lemos a realiza\u00e7\u00e3o desta licita\u00e7\u00e3o, demonstrando a legalidade que pauta as a\u00e7\u00f5es do governo\u201d, afirma a professora J\u00e9ssica Maria Santos, secret\u00e1ria de Educa\u00e7\u00e3o do munic\u00edpio.<br \/>\nAinda de acordo com a secret\u00e1ria, a aquisi\u00e7\u00e3o do material did\u00e1tico representa o compromisso com a consolida\u00e7\u00e3o de um ensino pautado na qualidade dos conte\u00fados, no desenvolvimento dos objetivos educacionais essenciais, no cumprimento da matriz curricular e da Base Nacional Comum Curricular, na forma\u00e7\u00e3o docente e principalmente na equidade de oportunidades aos estudantes de nosso munic\u00edpio.<br \/>\n\u201cO sistema apostila garante a todos os alunos o contato com um planejamento did\u00e1tico cuidadoso, que considera as necessidades e interesses dos alunos, observando as caracter\u00edsticas de cada faixa et\u00e1ria e tamb\u00e9m os conhecimentos pedag\u00f3gicos cient\u00edficos contempor\u00e2neos, com atualiza\u00e7\u00f5es constantes\u201d, destaca J\u00e9ssica Santos.<br \/>\nO material ser\u00e1 escolhido por uma comiss\u00e3o de avalia\u00e7\u00e3o compostas por profissionais representantes de todas as \u00e1reas e etapas, considerando crit\u00e9rios pedag\u00f3gicos e did\u00e1ticos r\u00edgidos e coerentes com a proposta educacional da rede e com o plano de governo da prefeita Paula Lemos, primando pelos princ\u00edpios da gest\u00e3o p\u00fablica. \u201c\u00c9 mais um compromisso de campanha que efetivamos pensando sempre nas nossas crian\u00e7as e na qualidade da educa\u00e7\u00e3o municipal que ser\u00e1 uma marca deste governo\u201d, afirma a prefeita Paula Lemos.<\/p>\n","protected":false},"excerpt":{"rendered":"<p>A escolha do novo material pedag\u00f3gico para a rede municipal<\/p>\n","protected":false},"author":2,"featured_media":44888,"comment_status":"open","ping_status":"open","sticky":false,"template":"","format":"standard","meta":{"footnotes":""},"categories":[14,25,98],"tags":[],"class_list":["post-44887","post","type-post","status-publish","format-standard","has-post-thumbnail","hentry","category-barretos","category-cidades","category-educacao-educacao"],"yoast_head":"<!-- This site is optimized with the Yoast SEO plugin v27.4 - https:\/\/yoast.com\/product\/yoast-seo-wordpress\/ -->\n<title>Licita\u00e7\u00e3o escolher\u00e1 novo material pedag\u00f3gico da Educa\u00e7\u00e3o municipal - Regi\u00e3o News<\/title>\n<meta name=\"robots\" content=\"index, follow, max-snippet:-1, max-image-preview:large, max-video-preview:-1\" \/>\n<link rel=\"canonical\" href=\"https:\/\/regiaonews.net.br\/2022\/2021\/04\/07\/licitacao-escolhera-novo-material-pedagogico-da-educacao-municipal\/\" \/>\n<meta property=\"og:locale\" content=\"pt_BR\" \/>\n<meta property=\"og:type\" content=\"article\" \/>\n<meta property=\"og:title\" content=\"Licita\u00e7\u00e3o escolher\u00e1 novo material pedag\u00f3gico da Educa\u00e7\u00e3o municipal - Regi\u00e3o News\" \/>\n<meta property=\"og:description\" content=\"A escolha do novo material pedag\u00f3gico para a rede municipal\" \/>\n<meta property=\"og:url\" content=\"https:\/\/regiaonews.net.br\/2022\/2021\/04\/07\/licitacao-escolhera-novo-material-pedagogico-da-educacao-municipal\/\" \/>\n<meta property=\"og:site_name\" content=\"Regi\u00e3o News\" \/>\n<meta property=\"article:published_time\" content=\"2021-04-08T00:03:27+00:00\" \/>\n<meta property=\"og:image\" content=\"https:\/\/regiaonews.net.br\/2022\/wp-content\/uploads\/2021\/04\/Secretaria-Municipal-de-Educacao-Jessica-Maria-dos-Santos.jpg\" \/>\n\t<meta property=\"og:image:width\" content=\"1333\" \/>\n\t<meta property=\"og:image:height\" content=\"2000\" \/>\n\t<meta property=\"og:image:type\" content=\"image\/jpeg\" \/>\n<meta name=\"author\" content=\"Roberto\" \/>\n<meta name=\"twitter:card\" content=\"summary_large_image\" \/>\n<meta name=\"twitter:label1\" content=\"Escrito por\" \/>\n\t<meta name=\"twitter:data1\" content=\"Roberto\" \/>\n\t<meta name=\"twitter:label2\" content=\"Est. tempo de leitura\" \/>\n\t<meta name=\"twitter:data2\" content=\"2 minutos\" \/>\n<script type=\"application\/ld+json\" class=\"yoast-schema-graph\">{\"@context\":\"https:\\\/\\\/schema.org\",\"@graph\":[{\"@type\":\"Article\",\"@id\":\"https:\\\/\\\/regiaonews.net.br\\\/2022\\\/2021\\\/04\\\/07\\\/licitacao-escolhera-novo-material-pedagogico-da-educacao-municipal\\\/#article\",\"isPartOf\":{\"@id\":\"https:\\\/\\\/regiaonews.net.br\\\/2022\\\/2021\\\/04\\\/07\\\/licitacao-escolhera-novo-material-pedagogico-da-educacao-municipal\\\/\"},\"author\":{\"name\":\"Roberto\",\"@id\":\"https:\\\/\\\/regiaonews.net.br\\\/2022\\\/#\\\/schema\\\/person\\\/2d205a608a5aa97ac279d7a5e6d89ad8\"},\"headline\":\"Licita\u00e7\u00e3o escolher\u00e1 novo material pedag\u00f3gico da Educa\u00e7\u00e3o municipal\",\"datePublished\":\"2021-04-08T00:03:27+00:00\",\"mainEntityOfPage\":{\"@id\":\"https:\\\/\\\/regiaonews.net.br\\\/2022\\\/2021\\\/04\\\/07\\\/licitacao-escolhera-novo-material-pedagogico-da-educacao-municipal\\\/\"},\"wordCount\":403,\"commentCount\":0,\"publisher\":{\"@id\":\"https:\\\/\\\/regiaonews.net.br\\\/2022\\\/#organization\"},\"image\":{\"@id\":\"https:\\\/\\\/regiaonews.net.br\\\/2022\\\/2021\\\/04\\\/07\\\/licitacao-escolhera-novo-material-pedagogico-da-educacao-municipal\\\/#primaryimage\"},\"thumbnailUrl\":\"https:\\\/\\\/regiaonews.net.br\\\/2022\\\/wp-content\\\/uploads\\\/2021\\\/04\\\/Secretaria-Municipal-de-Educacao-Jessica-Maria-dos-Santos.jpg\",\"articleSection\":[\"Barretos\",\"Cidades\",\"Educa\u00e7\u00e3o\"],\"inLanguage\":\"pt-BR\",\"potentialAction\":[{\"@type\":\"CommentAction\",\"name\":\"Comment\",\"target\":[\"https:\\\/\\\/regiaonews.net.br\\\/2022\\\/2021\\\/04\\\/07\\\/licitacao-escolhera-novo-material-pedagogico-da-educacao-municipal\\\/#respond\"]}]},{\"@type\":\"WebPage\",\"@id\":\"https:\\\/\\\/regiaonews.net.br\\\/2022\\\/2021\\\/04\\\/07\\\/licitacao-escolhera-novo-material-pedagogico-da-educacao-municipal\\\/\",\"url\":\"https:\\\/\\\/regiaonews.net.br\\\/2022\\\/2021\\\/04\\\/07\\\/licitacao-escolhera-novo-material-pedagogico-da-educacao-municipal\\\/\",\"name\":\"Licita\u00e7\u00e3o escolher\u00e1 novo material pedag\u00f3gico da Educa\u00e7\u00e3o municipal - Regi\u00e3o News\",\"isPartOf\":{\"@id\":\"https:\\\/\\\/regiaonews.net.br\\\/2022\\\/#website\"},\"primaryImageOfPage\":{\"@id\":\"https:\\\/\\\/regiaonews.net.br\\\/2022\\\/2021\\\/04\\\/07\\\/licitacao-escolhera-novo-material-pedagogico-da-educacao-municipal\\\/#primaryimage\"},\"image\":{\"@id\":\"https:\\\/\\\/regiaonews.net.br\\\/2022\\\/2021\\\/04\\\/07\\\/licitacao-escolhera-novo-material-pedagogico-da-educacao-municipal\\\/#primaryimage\"},\"thumbnailUrl\":\"https:\\\/\\\/regiaonews.net.br\\\/2022\\\/wp-content\\\/uploads\\\/2021\\\/04\\\/Secretaria-Municipal-de-Educacao-Jessica-Maria-dos-Santos.jpg\",\"datePublished\":\"2021-04-08T00:03:27+00:00\",\"breadcrumb\":{\"@id\":\"https:\\\/\\\/regiaonews.net.br\\\/2022\\\/2021\\\/04\\\/07\\\/licitacao-escolhera-novo-material-pedagogico-da-educacao-municipal\\\/#breadcrumb\"},\"inLanguage\":\"pt-BR\",\"potentialAction\":[{\"@type\":\"ReadAction\",\"target\":[\"https:\\\/\\\/regiaonews.net.br\\\/2022\\\/2021\\\/04\\\/07\\\/licitacao-escolhera-novo-material-pedagogico-da-educacao-municipal\\\/\"]}]},{\"@type\":\"ImageObject\",\"inLanguage\":\"pt-BR\",\"@id\":\"https:\\\/\\\/regiaonews.net.br\\\/2022\\\/2021\\\/04\\\/07\\\/licitacao-escolhera-novo-material-pedagogico-da-educacao-municipal\\\/#primaryimage\",\"url\":\"https:\\\/\\\/regiaonews.net.br\\\/2022\\\/wp-content\\\/uploads\\\/2021\\\/04\\\/Secretaria-Municipal-de-Educacao-Jessica-Maria-dos-Santos.jpg\",\"contentUrl\":\"https:\\\/\\\/regiaonews.net.br\\\/2022\\\/wp-content\\\/uploads\\\/2021\\\/04\\\/Secretaria-Municipal-de-Educacao-Jessica-Maria-dos-Santos.jpg\",\"width\":1333,\"height\":2000},{\"@type\":\"BreadcrumbList\",\"@id\":\"https:\\\/\\\/regiaonews.net.br\\\/2022\\\/2021\\\/04\\\/07\\\/licitacao-escolhera-novo-material-pedagogico-da-educacao-municipal\\\/#breadcrumb\",\"itemListElement\":[{\"@type\":\"ListItem\",\"position\":1,\"name\":\"In\u00edcio\",\"item\":\"https:\\\/\\\/regiaonews.net.br\\\/2022\\\/\"},{\"@type\":\"ListItem\",\"position\":2,\"name\":\"Licita\u00e7\u00e3o escolher\u00e1 novo material pedag\u00f3gico da Educa\u00e7\u00e3o municipal\"}]},{\"@type\":\"WebSite\",\"@id\":\"https:\\\/\\\/regiaonews.net.br\\\/2022\\\/#website\",\"url\":\"https:\\\/\\\/regiaonews.net.br\\\/2022\\\/\",\"name\":\"Regi\u00e3o News\",\"description\":\"Site de Not\u00edcias de Barretos e regi\u00e3o\",\"publisher\":{\"@id\":\"https:\\\/\\\/regiaonews.net.br\\\/2022\\\/#organization\"},\"potentialAction\":[{\"@type\":\"SearchAction\",\"target\":{\"@type\":\"EntryPoint\",\"urlTemplate\":\"https:\\\/\\\/regiaonews.net.br\\\/2022\\\/?s={search_term_string}\"},\"query-input\":{\"@type\":\"PropertyValueSpecification\",\"valueRequired\":true,\"valueName\":\"search_term_string\"}}],\"inLanguage\":\"pt-BR\"},{\"@type\":\"Organization\",\"@id\":\"https:\\\/\\\/regiaonews.net.br\\\/2022\\\/#organization\",\"name\":\"Regi\u00e3o News\",\"url\":\"https:\\\/\\\/regiaonews.net.br\\\/2022\\\/\",\"logo\":{\"@type\":\"ImageObject\",\"inLanguage\":\"pt-BR\",\"@id\":\"https:\\\/\\\/regiaonews.net.br\\\/2022\\\/#\\\/schema\\\/logo\\\/image\\\/\",\"url\":\"https:\\\/\\\/regiaonews.net.br\\\/2022\\\/wp-content\\\/uploads\\\/2026\\\/03\\\/regiao-13-anos-scaled.jpg\",\"contentUrl\":\"https:\\\/\\\/regiaonews.net.br\\\/2022\\\/wp-content\\\/uploads\\\/2026\\\/03\\\/regiao-13-anos-scaled.jpg\",\"width\":2560,\"height\":635,\"caption\":\"Regi\u00e3o News\"},\"image\":{\"@id\":\"https:\\\/\\\/regiaonews.net.br\\\/2022\\\/#\\\/schema\\\/logo\\\/image\\\/\"}},{\"@type\":\"Person\",\"@id\":\"https:\\\/\\\/regiaonews.net.br\\\/2022\\\/#\\\/schema\\\/person\\\/2d205a608a5aa97ac279d7a5e6d89ad8\",\"name\":\"Roberto\",\"image\":{\"@type\":\"ImageObject\",\"inLanguage\":\"pt-BR\",\"@id\":\"https:\\\/\\\/secure.gravatar.com\\\/avatar\\\/42749d8b712ff9d59ca93dc150494e5b55a44134482993f5baeb97e61b7ecc89?s=96&d=mm&r=g\",\"url\":\"https:\\\/\\\/secure.gravatar.com\\\/avatar\\\/42749d8b712ff9d59ca93dc150494e5b55a44134482993f5baeb97e61b7ecc89?s=96&d=mm&r=g\",\"contentUrl\":\"https:\\\/\\\/secure.gravatar.com\\\/avatar\\\/42749d8b712ff9d59ca93dc150494e5b55a44134482993f5baeb97e61b7ecc89?s=96&d=mm&r=g\",\"caption\":\"Roberto\"},\"url\":\"https:\\\/\\\/regiaonews.net.br\\\/2022\\\/author\\\/roberto\\\/\"}]}<\/script>\n<!-- \/ Yoast SEO plugin. -->","yoast_head_json":{"title":"Licita\u00e7\u00e3o escolher\u00e1 novo material pedag\u00f3gico da Educa\u00e7\u00e3o municipal - Regi\u00e3o News","robots":{"index":"index","follow":"follow","max-snippet":"max-snippet:-1","max-image-preview":"max-image-preview:large","max-video-preview":"max-video-preview:-1"},"canonical":"https:\/\/regiaonews.net.br\/2022\/2021\/04\/07\/licitacao-escolhera-novo-material-pedagogico-da-educacao-municipal\/","og_locale":"pt_BR","og_type":"article","og_title":"Licita\u00e7\u00e3o escolher\u00e1 novo material pedag\u00f3gico da Educa\u00e7\u00e3o municipal - Regi\u00e3o News","og_description":"A escolha do novo material pedag\u00f3gico para a rede municipal","og_url":"https:\/\/regiaonews.net.br\/2022\/2021\/04\/07\/licitacao-escolhera-novo-material-pedagogico-da-educacao-municipal\/","og_site_name":"Regi\u00e3o News","article_published_time":"2021-04-08T00:03:27+00:00","og_image":[{"width":1333,"height":2000,"url":"https:\/\/regiaonews.net.br\/2022\/wp-content\/uploads\/2021\/04\/Secretaria-Municipal-de-Educacao-Jessica-Maria-dos-Santos.jpg","type":"image\/jpeg"}],"author":"Roberto","twitter_card":"summary_large_image","twitter_misc":{"Escrito por":"Roberto","Est. tempo de leitura":"2 minutos"},"schema":{"@context":"https:\/\/schema.org","@graph":[{"@type":"Article","@id":"https:\/\/regiaonews.net.br\/2022\/2021\/04\/07\/licitacao-escolhera-novo-material-pedagogico-da-educacao-municipal\/#article","isPartOf":{"@id":"https:\/\/regiaonews.net.br\/2022\/2021\/04\/07\/licitacao-escolhera-novo-material-pedagogico-da-educacao-municipal\/"},"author":{"name":"Roberto","@id":"https:\/\/regiaonews.net.br\/2022\/#\/schema\/person\/2d205a608a5aa97ac279d7a5e6d89ad8"},"headline":"Licita\u00e7\u00e3o escolher\u00e1 novo material pedag\u00f3gico da Educa\u00e7\u00e3o municipal","datePublished":"2021-04-08T00:03:27+00:00","mainEntityOfPage":{"@id":"https:\/\/regiaonews.net.br\/2022\/2021\/04\/07\/licitacao-escolhera-novo-material-pedagogico-da-educacao-municipal\/"},"wordCount":403,"commentCount":0,"publisher":{"@id":"https:\/\/regiaonews.net.br\/2022\/#organization"},"image":{"@id":"https:\/\/regiaonews.net.br\/2022\/2021\/04\/07\/licitacao-escolhera-novo-material-pedagogico-da-educacao-municipal\/#primaryimage"},"thumbnailUrl":"https:\/\/regiaonews.net.br\/2022\/wp-content\/uploads\/2021\/04\/Secretaria-Municipal-de-Educacao-Jessica-Maria-dos-Santos.jpg","articleSection":["Barretos","Cidades","Educa\u00e7\u00e3o"],"inLanguage":"pt-BR","potentialAction":[{"@type":"CommentAction","name":"Comment","target":["https:\/\/regiaonews.net.br\/2022\/2021\/04\/07\/licitacao-escolhera-novo-material-pedagogico-da-educacao-municipal\/#respond"]}]},{"@type":"WebPage","@id":"https:\/\/regiaonews.net.br\/2022\/2021\/04\/07\/licitacao-escolhera-novo-material-pedagogico-da-educacao-municipal\/","url":"https:\/\/regiaonews.net.br\/2022\/2021\/04\/07\/licitacao-escolhera-novo-material-pedagogico-da-educacao-municipal\/","name":"Licita\u00e7\u00e3o escolher\u00e1 novo material pedag\u00f3gico da Educa\u00e7\u00e3o municipal - Regi\u00e3o News","isPartOf":{"@id":"https:\/\/regiaonews.net.br\/2022\/#website"},"primaryImageOfPage":{"@id":"https:\/\/regiaonews.net.br\/2022\/2021\/04\/07\/licitacao-escolhera-novo-material-pedagogico-da-educacao-municipal\/#primaryimage"},"image":{"@id":"https:\/\/regiaonews.net.br\/2022\/2021\/04\/07\/licitacao-escolhera-novo-material-pedagogico-da-educacao-municipal\/#primaryimage"},"thumbnailUrl":"https:\/\/regiaonews.net.br\/2022\/wp-content\/uploads\/2021\/04\/Secretaria-Municipal-de-Educacao-Jessica-Maria-dos-Santos.jpg","datePublished":"2021-04-08T00:03:27+00:00","breadcrumb":{"@id":"https:\/\/regiaonews.net.br\/2022\/2021\/04\/07\/licitacao-escolhera-novo-material-pedagogico-da-educacao-municipal\/#breadcrumb"},"inLanguage":"pt-BR","potentialAction":[{"@type":"ReadAction","target":["https:\/\/regiaonews.net.br\/2022\/2021\/04\/07\/licitacao-escolhera-novo-material-pedagogico-da-educacao-municipal\/"]}]},{"@type":"ImageObject","inLanguage":"pt-BR","@id":"https:\/\/regiaonews.net.br\/2022\/2021\/04\/07\/licitacao-escolhera-novo-material-pedagogico-da-educacao-municipal\/#primaryimage","url":"https:\/\/regiaonews.net.br\/2022\/wp-content\/uploads\/2021\/04\/Secretaria-Municipal-de-Educacao-Jessica-Maria-dos-Santos.jpg","contentUrl":"https:\/\/regiaonews.net.br\/2022\/wp-content\/uploads\/2021\/04\/Secretaria-Municipal-de-Educacao-Jessica-Maria-dos-Santos.jpg","width":1333,"height":2000},{"@type":"BreadcrumbList","@id":"https:\/\/regiaonews.net.br\/2022\/2021\/04\/07\/licitacao-escolhera-novo-material-pedagogico-da-educacao-municipal\/#breadcrumb","itemListElement":[{"@type":"ListItem","position":1,"name":"In\u00edcio","item":"https:\/\/regiaonews.net.br\/2022\/"},{"@type":"ListItem","position":2,"name":"Licita\u00e7\u00e3o escolher\u00e1 novo material pedag\u00f3gico da Educa\u00e7\u00e3o municipal"}]},{"@type":"WebSite","@id":"https:\/\/regiaonews.net.br\/2022\/#website","url":"https:\/\/regiaonews.net.br\/2022\/","name":"Regi\u00e3o News","description":"Site de Not\u00edcias de Barretos e regi\u00e3o","publisher":{"@id":"https:\/\/regiaonews.net.br\/2022\/#organization"},"potentialAction":[{"@type":"SearchAction","target":{"@type":"EntryPoint","urlTemplate":"https:\/\/regiaonews.net.br\/2022\/?s={search_term_string}"},"query-input":{"@type":"PropertyValueSpecification","valueRequired":true,"valueName":"search_term_string"}}],"inLanguage":"pt-BR"},{"@type":"Organization","@id":"https:\/\/regiaonews.net.br\/2022\/#organization","name":"Regi\u00e3o News","url":"https:\/\/regiaonews.net.br\/2022\/","logo":{"@type":"ImageObject","inLanguage":"pt-BR","@id":"https:\/\/regiaonews.net.br\/2022\/#\/schema\/logo\/image\/","url":"https:\/\/regiaonews.net.br\/2022\/wp-content\/uploads\/2026\/03\/regiao-13-anos-scaled.jpg","contentUrl":"https:\/\/regiaonews.net.br\/2022\/wp-content\/uploads\/2026\/03\/regiao-13-anos-scaled.jpg","width":2560,"height":635,"caption":"Regi\u00e3o News"},"image":{"@id":"https:\/\/regiaonews.net.br\/2022\/#\/schema\/logo\/image\/"}},{"@type":"Person","@id":"https:\/\/regiaonews.net.br\/2022\/#\/schema\/person\/2d205a608a5aa97ac279d7a5e6d89ad8","name":"Roberto","image":{"@type":"ImageObject","inLanguage":"pt-BR","@id":"https:\/\/secure.gravatar.com\/avatar\/42749d8b712ff9d59ca93dc150494e5b55a44134482993f5baeb97e61b7ecc89?s=96&d=mm&r=g","url":"https:\/\/secure.gravatar.com\/avatar\/42749d8b712ff9d59ca93dc150494e5b55a44134482993f5baeb97e61b7ecc89?s=96&d=mm&r=g","contentUrl":"https:\/\/secure.gravatar.com\/avatar\/42749d8b712ff9d59ca93dc150494e5b55a44134482993f5baeb97e61b7ecc89?s=96&d=mm&r=g","caption":"Roberto"},"url":"https:\/\/regiaonews.net.br\/2022\/author\/roberto\/"}]}},"publishpress_future_action":{"enabled":false,"date":"2026-05-04 03:00:13","action":"change-status","newStatus":"draft","terms":[],"taxonomy":"category","extraData":[]},"publishpress_future_workflow_manual_trigger":{"enabledWorkflows":[]},"_links":{"self":[{"href":"https:\/\/regiaonews.net.br\/2022\/wp-json\/wp\/v2\/posts\/44887","targetHints":{"allow":["GET"]}}],"collection":[{"href":"https:\/\/regiaonews.net.br\/2022\/wp-json\/wp\/v2\/posts"}],"about":[{"href":"https:\/\/regiaonews.net.br\/2022\/wp-json\/wp\/v2\/types\/post"}],"author":[{"embeddable":true,"href":"https:\/\/regiaonews.net.br\/2022\/wp-json\/wp\/v2\/users\/2"}],"replies":[{"embeddable":true,"href":"https:\/\/regiaonews.net.br\/2022\/wp-json\/wp\/v2\/comments?post=44887"}],"version-history":[{"count":0,"href":"https:\/\/regiaonews.net.br\/2022\/wp-json\/wp\/v2\/posts\/44887\/revisions"}],"wp:featuredmedia":[{"embeddable":true,"href":"https:\/\/regiaonews.net.br\/2022\/wp-json\/wp\/v2\/media\/44888"}],"wp:attachment":[{"href":"https:\/\/regiaonews.net.br\/2022\/wp-json\/wp\/v2\/media?parent=44887"}],"wp:term":[{"taxonomy":"category","embeddable":true,"href":"https:\/\/regiaonews.net.br\/2022\/wp-json\/wp\/v2\/categories?post=44887"},{"taxonomy":"post_tag","embeddable":true,"href":"https:\/\/regiaonews.net.br\/2022\/wp-json\/wp\/v2\/tags?post=44887"}],"curies":[{"name":"wp","href":"https:\/\/api.w.org\/{rel}","templated":true}]}}