{"id":44849,"date":"2021-04-06T20:50:31","date_gmt":"2021-04-06T23:50:31","guid":{"rendered":"https:\/\/regiaonews.net.br\/2022\/?p=44849"},"modified":"2021-04-06T20:51:05","modified_gmt":"2021-04-06T23:51:05","slug":"banco-do-povo-tera-credito-sem-juros-para-pequenos-empresarios","status":"publish","type":"post","link":"https:\/\/regiaonews.net.br\/2022\/2021\/04\/06\/banco-do-povo-tera-credito-sem-juros-para-pequenos-empresarios\/","title":{"rendered":"Banco do Povo ter\u00e1 cr\u00e9dito sem juros para pequenos empres\u00e1rios"},"content":{"rendered":"<p><a href=\"https:\/\/regiaonews.net.br\/2022\/wp-content\/uploads\/2021\/04\/pref3.jpg\"><img loading=\"lazy\" decoding=\"async\" class=\"alignnone size-medium wp-image-44850\" src=\"https:\/\/regiaonews.net.br\/2022\/wp-content\/uploads\/2021\/04\/pref3-300x199.jpg\" alt=\"\" width=\"300\" height=\"199\" \/><\/a> <a href=\"https:\/\/regiaonews.net.br\/2022\/wp-content\/uploads\/2021\/04\/pref5.jpg\"><img loading=\"lazy\" decoding=\"async\" class=\"alignnone size-medium wp-image-44851\" src=\"https:\/\/regiaonews.net.br\/2022\/wp-content\/uploads\/2021\/04\/pref5-300x199.jpg\" alt=\"\" width=\"300\" height=\"199\" \/><\/a> <a href=\"https:\/\/regiaonews.net.br\/2022\/wp-content\/uploads\/2021\/04\/pref7.jpg\"><img loading=\"lazy\" decoding=\"async\" class=\"alignnone size-medium wp-image-44852\" src=\"https:\/\/regiaonews.net.br\/2022\/wp-content\/uploads\/2021\/04\/pref7-300x199.jpg\" alt=\"\" width=\"300\" height=\"199\" \/><\/a><br \/>\nA prefeita de Barretos, Paula Lemos, e a Secret\u00e1ria de Desenvolvimento Econ\u00f4mico, Maria Ad\u00e9lia Espinha de Lima Bueno, anunciaram, nesta ter\u00e7a-feira, dia 6 de abril\/21, a chegada de uma linha emergencial de cr\u00e9dito para atender micro e pequenas empresas da cidade.<br \/>\nO cr\u00e9dito ser\u00e1 oferecido pelo Banco do Povo, em uma parceria do governo estadual com o Sebrae, para empresas que tenham em seu CNAE o CNPJ das seguintes atividades: Academias, Beleza e Est\u00e9tica, Com\u00e9rcio, Atividades Imobili\u00e1rias, Cultura, Economia Criativa, Turismo, Hot\u00e9is, Bares e Restaurantes, bastante afetadas pela pandemia de Covid-19.<br \/>\nOs valores v\u00e3o de R$ 200,00 a R$ 5.000,00, para capital de giro, com juros zero, at\u00e9 30 meses para pagar e com 06 meses de car\u00eancia. O per\u00edodo para este empr\u00e9stimo acontecer\u00e1 de 12 de abril a 30 de junho. Os interessados devem procurar a Unidade do Banco do Povo, no antigo Pa\u00e7o Municipal, na Rua 30, n. 564, nas salas 36 e 37.<br \/>\nA prefeita Paula Lemos destacou que \u00e9 uma verba consider\u00e1vel para ajudar os empres\u00e1rios barretenses nesse momento econ\u00f4mico dif\u00edcil devido \u00e0 pandemia. \u201cNossos funcion\u00e1rios est\u00e3o aqui para auxiliar a todos os empreendedores que atendam aos requisitos a conseguirem esse importante benef\u00edcio, assim nosso governo ajuda estes setores prejudicados neste per\u00edodo\u201d, comentou.<br \/>\nPara a Secret\u00e1ria de Desenvolvimento Econ\u00f4mico, Maria Ad\u00e9lia, a mudan\u00e7a de endere\u00e7o do Banco do Povo, agora no antigo Pa\u00e7o Municipal, servir\u00e1 para que o pr\u00e9dio se torne um centro voltado ao empreendedorismo local. \u201cA ideia \u00e9 poder oferecer linhas de cr\u00e9ditos e tamb\u00e9m capacita\u00e7\u00f5es para os empres\u00e1rios barretenses\u201d, informou.<br \/>\nA prefeita completou que o objetivo do seu governo, prestes a completar 100 dias, tem sido equilibrar a sa\u00fade das pessoas, mas sem deixar de lado a manuten\u00e7\u00e3o da economia local.<\/p>\n","protected":false},"excerpt":{"rendered":"<p>A prefeita de Barretos, Paula Lemos, e a Secret\u00e1ria de<\/p>\n","protected":false},"author":2,"featured_media":44852,"comment_status":"open","ping_status":"open","sticky":false,"template":"","format":"standard","meta":{"footnotes":""},"categories":[1],"tags":[],"class_list":["post-44849","post","type-post","status-publish","format-standard","has-post-thumbnail","hentry","category-indefinido"],"yoast_head":"<!-- This site is optimized with the Yoast SEO plugin v27.4 - https:\/\/yoast.com\/product\/yoast-seo-wordpress\/ -->\n<title>Banco do Povo ter\u00e1 cr\u00e9dito sem juros para pequenos empres\u00e1rios - Regi\u00e3o News<\/title>\n<meta name=\"robots\" content=\"index, follow, max-snippet:-1, max-image-preview:large, max-video-preview:-1\" \/>\n<link rel=\"canonical\" href=\"https:\/\/regiaonews.net.br\/2022\/2021\/04\/06\/banco-do-povo-tera-credito-sem-juros-para-pequenos-empresarios\/\" \/>\n<meta property=\"og:locale\" content=\"pt_BR\" \/>\n<meta property=\"og:type\" content=\"article\" \/>\n<meta property=\"og:title\" content=\"Banco do Povo ter\u00e1 cr\u00e9dito sem juros para pequenos empres\u00e1rios - Regi\u00e3o News\" \/>\n<meta property=\"og:description\" content=\"A prefeita de Barretos, Paula Lemos, e a Secret\u00e1ria de\" \/>\n<meta property=\"og:url\" content=\"https:\/\/regiaonews.net.br\/2022\/2021\/04\/06\/banco-do-povo-tera-credito-sem-juros-para-pequenos-empresarios\/\" \/>\n<meta property=\"og:site_name\" content=\"Regi\u00e3o News\" \/>\n<meta property=\"article:published_time\" content=\"2021-04-06T23:50:31+00:00\" \/>\n<meta property=\"article:modified_time\" content=\"2021-04-06T23:51:05+00:00\" \/>\n<meta property=\"og:image\" content=\"https:\/\/regiaonews.net.br\/2022\/wp-content\/uploads\/2021\/04\/pref7.jpg\" \/>\n\t<meta property=\"og:image:width\" content=\"1670\" \/>\n\t<meta property=\"og:image:height\" content=\"1109\" \/>\n\t<meta property=\"og:image:type\" content=\"image\/jpeg\" \/>\n<meta name=\"author\" content=\"Roberto\" \/>\n<meta name=\"twitter:card\" content=\"summary_large_image\" \/>\n<meta name=\"twitter:label1\" content=\"Escrito por\" \/>\n\t<meta name=\"twitter:data1\" content=\"Roberto\" \/>\n\t<meta name=\"twitter:label2\" content=\"Est. tempo de leitura\" \/>\n\t<meta name=\"twitter:data2\" content=\"2 minutos\" \/>\n<script type=\"application\/ld+json\" class=\"yoast-schema-graph\">{\"@context\":\"https:\\\/\\\/schema.org\",\"@graph\":[{\"@type\":\"Article\",\"@id\":\"https:\\\/\\\/regiaonews.net.br\\\/2022\\\/2021\\\/04\\\/06\\\/banco-do-povo-tera-credito-sem-juros-para-pequenos-empresarios\\\/#article\",\"isPartOf\":{\"@id\":\"https:\\\/\\\/regiaonews.net.br\\\/2022\\\/2021\\\/04\\\/06\\\/banco-do-povo-tera-credito-sem-juros-para-pequenos-empresarios\\\/\"},\"author\":{\"name\":\"Roberto\",\"@id\":\"https:\\\/\\\/regiaonews.net.br\\\/2022\\\/#\\\/schema\\\/person\\\/2d205a608a5aa97ac279d7a5e6d89ad8\"},\"headline\":\"Banco do Povo ter\u00e1 cr\u00e9dito sem juros para pequenos empres\u00e1rios\",\"datePublished\":\"2021-04-06T23:50:31+00:00\",\"dateModified\":\"2021-04-06T23:51:05+00:00\",\"mainEntityOfPage\":{\"@id\":\"https:\\\/\\\/regiaonews.net.br\\\/2022\\\/2021\\\/04\\\/06\\\/banco-do-povo-tera-credito-sem-juros-para-pequenos-empresarios\\\/\"},\"wordCount\":321,\"commentCount\":0,\"publisher\":{\"@id\":\"https:\\\/\\\/regiaonews.net.br\\\/2022\\\/#organization\"},\"image\":{\"@id\":\"https:\\\/\\\/regiaonews.net.br\\\/2022\\\/2021\\\/04\\\/06\\\/banco-do-povo-tera-credito-sem-juros-para-pequenos-empresarios\\\/#primaryimage\"},\"thumbnailUrl\":\"https:\\\/\\\/regiaonews.net.br\\\/2022\\\/wp-content\\\/uploads\\\/2021\\\/04\\\/pref7.jpg\",\"articleSection\":[\"Indefinido\"],\"inLanguage\":\"pt-BR\",\"potentialAction\":[{\"@type\":\"CommentAction\",\"name\":\"Comment\",\"target\":[\"https:\\\/\\\/regiaonews.net.br\\\/2022\\\/2021\\\/04\\\/06\\\/banco-do-povo-tera-credito-sem-juros-para-pequenos-empresarios\\\/#respond\"]}]},{\"@type\":\"WebPage\",\"@id\":\"https:\\\/\\\/regiaonews.net.br\\\/2022\\\/2021\\\/04\\\/06\\\/banco-do-povo-tera-credito-sem-juros-para-pequenos-empresarios\\\/\",\"url\":\"https:\\\/\\\/regiaonews.net.br\\\/2022\\\/2021\\\/04\\\/06\\\/banco-do-povo-tera-credito-sem-juros-para-pequenos-empresarios\\\/\",\"name\":\"Banco do Povo ter\u00e1 cr\u00e9dito sem juros para pequenos empres\u00e1rios - Regi\u00e3o News\",\"isPartOf\":{\"@id\":\"https:\\\/\\\/regiaonews.net.br\\\/2022\\\/#website\"},\"primaryImageOfPage\":{\"@id\":\"https:\\\/\\\/regiaonews.net.br\\\/2022\\\/2021\\\/04\\\/06\\\/banco-do-povo-tera-credito-sem-juros-para-pequenos-empresarios\\\/#primaryimage\"},\"image\":{\"@id\":\"https:\\\/\\\/regiaonews.net.br\\\/2022\\\/2021\\\/04\\\/06\\\/banco-do-povo-tera-credito-sem-juros-para-pequenos-empresarios\\\/#primaryimage\"},\"thumbnailUrl\":\"https:\\\/\\\/regiaonews.net.br\\\/2022\\\/wp-content\\\/uploads\\\/2021\\\/04\\\/pref7.jpg\",\"datePublished\":\"2021-04-06T23:50:31+00:00\",\"dateModified\":\"2021-04-06T23:51:05+00:00\",\"breadcrumb\":{\"@id\":\"https:\\\/\\\/regiaonews.net.br\\\/2022\\\/2021\\\/04\\\/06\\\/banco-do-povo-tera-credito-sem-juros-para-pequenos-empresarios\\\/#breadcrumb\"},\"inLanguage\":\"pt-BR\",\"potentialAction\":[{\"@type\":\"ReadAction\",\"target\":[\"https:\\\/\\\/regiaonews.net.br\\\/2022\\\/2021\\\/04\\\/06\\\/banco-do-povo-tera-credito-sem-juros-para-pequenos-empresarios\\\/\"]}]},{\"@type\":\"ImageObject\",\"inLanguage\":\"pt-BR\",\"@id\":\"https:\\\/\\\/regiaonews.net.br\\\/2022\\\/2021\\\/04\\\/06\\\/banco-do-povo-tera-credito-sem-juros-para-pequenos-empresarios\\\/#primaryimage\",\"url\":\"https:\\\/\\\/regiaonews.net.br\\\/2022\\\/wp-content\\\/uploads\\\/2021\\\/04\\\/pref7.jpg\",\"contentUrl\":\"https:\\\/\\\/regiaonews.net.br\\\/2022\\\/wp-content\\\/uploads\\\/2021\\\/04\\\/pref7.jpg\",\"width\":1670,\"height\":1109},{\"@type\":\"BreadcrumbList\",\"@id\":\"https:\\\/\\\/regiaonews.net.br\\\/2022\\\/2021\\\/04\\\/06\\\/banco-do-povo-tera-credito-sem-juros-para-pequenos-empresarios\\\/#breadcrumb\",\"itemListElement\":[{\"@type\":\"ListItem\",\"position\":1,\"name\":\"In\u00edcio\",\"item\":\"https:\\\/\\\/regiaonews.net.br\\\/2022\\\/\"},{\"@type\":\"ListItem\",\"position\":2,\"name\":\"Banco do Povo ter\u00e1 cr\u00e9dito sem juros para pequenos empres\u00e1rios\"}]},{\"@type\":\"WebSite\",\"@id\":\"https:\\\/\\\/regiaonews.net.br\\\/2022\\\/#website\",\"url\":\"https:\\\/\\\/regiaonews.net.br\\\/2022\\\/\",\"name\":\"Regi\u00e3o News\",\"description\":\"Site de Not\u00edcias de Barretos e regi\u00e3o\",\"publisher\":{\"@id\":\"https:\\\/\\\/regiaonews.net.br\\\/2022\\\/#organization\"},\"potentialAction\":[{\"@type\":\"SearchAction\",\"target\":{\"@type\":\"EntryPoint\",\"urlTemplate\":\"https:\\\/\\\/regiaonews.net.br\\\/2022\\\/?s={search_term_string}\"},\"query-input\":{\"@type\":\"PropertyValueSpecification\",\"valueRequired\":true,\"valueName\":\"search_term_string\"}}],\"inLanguage\":\"pt-BR\"},{\"@type\":\"Organization\",\"@id\":\"https:\\\/\\\/regiaonews.net.br\\\/2022\\\/#organization\",\"name\":\"Regi\u00e3o News\",\"url\":\"https:\\\/\\\/regiaonews.net.br\\\/2022\\\/\",\"logo\":{\"@type\":\"ImageObject\",\"inLanguage\":\"pt-BR\",\"@id\":\"https:\\\/\\\/regiaonews.net.br\\\/2022\\\/#\\\/schema\\\/logo\\\/image\\\/\",\"url\":\"https:\\\/\\\/regiaonews.net.br\\\/2022\\\/wp-content\\\/uploads\\\/2026\\\/03\\\/regiao-13-anos-scaled.jpg\",\"contentUrl\":\"https:\\\/\\\/regiaonews.net.br\\\/2022\\\/wp-content\\\/uploads\\\/2026\\\/03\\\/regiao-13-anos-scaled.jpg\",\"width\":2560,\"height\":635,\"caption\":\"Regi\u00e3o News\"},\"image\":{\"@id\":\"https:\\\/\\\/regiaonews.net.br\\\/2022\\\/#\\\/schema\\\/logo\\\/image\\\/\"}},{\"@type\":\"Person\",\"@id\":\"https:\\\/\\\/regiaonews.net.br\\\/2022\\\/#\\\/schema\\\/person\\\/2d205a608a5aa97ac279d7a5e6d89ad8\",\"name\":\"Roberto\",\"image\":{\"@type\":\"ImageObject\",\"inLanguage\":\"pt-BR\",\"@id\":\"https:\\\/\\\/secure.gravatar.com\\\/avatar\\\/42749d8b712ff9d59ca93dc150494e5b55a44134482993f5baeb97e61b7ecc89?s=96&d=mm&r=g\",\"url\":\"https:\\\/\\\/secure.gravatar.com\\\/avatar\\\/42749d8b712ff9d59ca93dc150494e5b55a44134482993f5baeb97e61b7ecc89?s=96&d=mm&r=g\",\"contentUrl\":\"https:\\\/\\\/secure.gravatar.com\\\/avatar\\\/42749d8b712ff9d59ca93dc150494e5b55a44134482993f5baeb97e61b7ecc89?s=96&d=mm&r=g\",\"caption\":\"Roberto\"},\"url\":\"https:\\\/\\\/regiaonews.net.br\\\/2022\\\/author\\\/roberto\\\/\"}]}<\/script>\n<!-- \/ Yoast SEO plugin. -->","yoast_head_json":{"title":"Banco do Povo ter\u00e1 cr\u00e9dito sem juros para pequenos empres\u00e1rios - Regi\u00e3o News","robots":{"index":"index","follow":"follow","max-snippet":"max-snippet:-1","max-image-preview":"max-image-preview:large","max-video-preview":"max-video-preview:-1"},"canonical":"https:\/\/regiaonews.net.br\/2022\/2021\/04\/06\/banco-do-povo-tera-credito-sem-juros-para-pequenos-empresarios\/","og_locale":"pt_BR","og_type":"article","og_title":"Banco do Povo ter\u00e1 cr\u00e9dito sem juros para pequenos empres\u00e1rios - Regi\u00e3o News","og_description":"A prefeita de Barretos, Paula Lemos, e a Secret\u00e1ria de","og_url":"https:\/\/regiaonews.net.br\/2022\/2021\/04\/06\/banco-do-povo-tera-credito-sem-juros-para-pequenos-empresarios\/","og_site_name":"Regi\u00e3o News","article_published_time":"2021-04-06T23:50:31+00:00","article_modified_time":"2021-04-06T23:51:05+00:00","og_image":[{"width":1670,"height":1109,"url":"https:\/\/regiaonews.net.br\/2022\/wp-content\/uploads\/2021\/04\/pref7.jpg","type":"image\/jpeg"}],"author":"Roberto","twitter_card":"summary_large_image","twitter_misc":{"Escrito por":"Roberto","Est. tempo de leitura":"2 minutos"},"schema":{"@context":"https:\/\/schema.org","@graph":[{"@type":"Article","@id":"https:\/\/regiaonews.net.br\/2022\/2021\/04\/06\/banco-do-povo-tera-credito-sem-juros-para-pequenos-empresarios\/#article","isPartOf":{"@id":"https:\/\/regiaonews.net.br\/2022\/2021\/04\/06\/banco-do-povo-tera-credito-sem-juros-para-pequenos-empresarios\/"},"author":{"name":"Roberto","@id":"https:\/\/regiaonews.net.br\/2022\/#\/schema\/person\/2d205a608a5aa97ac279d7a5e6d89ad8"},"headline":"Banco do Povo ter\u00e1 cr\u00e9dito sem juros para pequenos empres\u00e1rios","datePublished":"2021-04-06T23:50:31+00:00","dateModified":"2021-04-06T23:51:05+00:00","mainEntityOfPage":{"@id":"https:\/\/regiaonews.net.br\/2022\/2021\/04\/06\/banco-do-povo-tera-credito-sem-juros-para-pequenos-empresarios\/"},"wordCount":321,"commentCount":0,"publisher":{"@id":"https:\/\/regiaonews.net.br\/2022\/#organization"},"image":{"@id":"https:\/\/regiaonews.net.br\/2022\/2021\/04\/06\/banco-do-povo-tera-credito-sem-juros-para-pequenos-empresarios\/#primaryimage"},"thumbnailUrl":"https:\/\/regiaonews.net.br\/2022\/wp-content\/uploads\/2021\/04\/pref7.jpg","articleSection":["Indefinido"],"inLanguage":"pt-BR","potentialAction":[{"@type":"CommentAction","name":"Comment","target":["https:\/\/regiaonews.net.br\/2022\/2021\/04\/06\/banco-do-povo-tera-credito-sem-juros-para-pequenos-empresarios\/#respond"]}]},{"@type":"WebPage","@id":"https:\/\/regiaonews.net.br\/2022\/2021\/04\/06\/banco-do-povo-tera-credito-sem-juros-para-pequenos-empresarios\/","url":"https:\/\/regiaonews.net.br\/2022\/2021\/04\/06\/banco-do-povo-tera-credito-sem-juros-para-pequenos-empresarios\/","name":"Banco do Povo ter\u00e1 cr\u00e9dito sem juros para pequenos empres\u00e1rios - Regi\u00e3o News","isPartOf":{"@id":"https:\/\/regiaonews.net.br\/2022\/#website"},"primaryImageOfPage":{"@id":"https:\/\/regiaonews.net.br\/2022\/2021\/04\/06\/banco-do-povo-tera-credito-sem-juros-para-pequenos-empresarios\/#primaryimage"},"image":{"@id":"https:\/\/regiaonews.net.br\/2022\/2021\/04\/06\/banco-do-povo-tera-credito-sem-juros-para-pequenos-empresarios\/#primaryimage"},"thumbnailUrl":"https:\/\/regiaonews.net.br\/2022\/wp-content\/uploads\/2021\/04\/pref7.jpg","datePublished":"2021-04-06T23:50:31+00:00","dateModified":"2021-04-06T23:51:05+00:00","breadcrumb":{"@id":"https:\/\/regiaonews.net.br\/2022\/2021\/04\/06\/banco-do-povo-tera-credito-sem-juros-para-pequenos-empresarios\/#breadcrumb"},"inLanguage":"pt-BR","potentialAction":[{"@type":"ReadAction","target":["https:\/\/regiaonews.net.br\/2022\/2021\/04\/06\/banco-do-povo-tera-credito-sem-juros-para-pequenos-empresarios\/"]}]},{"@type":"ImageObject","inLanguage":"pt-BR","@id":"https:\/\/regiaonews.net.br\/2022\/2021\/04\/06\/banco-do-povo-tera-credito-sem-juros-para-pequenos-empresarios\/#primaryimage","url":"https:\/\/regiaonews.net.br\/2022\/wp-content\/uploads\/2021\/04\/pref7.jpg","contentUrl":"https:\/\/regiaonews.net.br\/2022\/wp-content\/uploads\/2021\/04\/pref7.jpg","width":1670,"height":1109},{"@type":"BreadcrumbList","@id":"https:\/\/regiaonews.net.br\/2022\/2021\/04\/06\/banco-do-povo-tera-credito-sem-juros-para-pequenos-empresarios\/#breadcrumb","itemListElement":[{"@type":"ListItem","position":1,"name":"In\u00edcio","item":"https:\/\/regiaonews.net.br\/2022\/"},{"@type":"ListItem","position":2,"name":"Banco do Povo ter\u00e1 cr\u00e9dito sem juros para pequenos empres\u00e1rios"}]},{"@type":"WebSite","@id":"https:\/\/regiaonews.net.br\/2022\/#website","url":"https:\/\/regiaonews.net.br\/2022\/","name":"Regi\u00e3o News","description":"Site de Not\u00edcias de Barretos e regi\u00e3o","publisher":{"@id":"https:\/\/regiaonews.net.br\/2022\/#organization"},"potentialAction":[{"@type":"SearchAction","target":{"@type":"EntryPoint","urlTemplate":"https:\/\/regiaonews.net.br\/2022\/?s={search_term_string}"},"query-input":{"@type":"PropertyValueSpecification","valueRequired":true,"valueName":"search_term_string"}}],"inLanguage":"pt-BR"},{"@type":"Organization","@id":"https:\/\/regiaonews.net.br\/2022\/#organization","name":"Regi\u00e3o News","url":"https:\/\/regiaonews.net.br\/2022\/","logo":{"@type":"ImageObject","inLanguage":"pt-BR","@id":"https:\/\/regiaonews.net.br\/2022\/#\/schema\/logo\/image\/","url":"https:\/\/regiaonews.net.br\/2022\/wp-content\/uploads\/2026\/03\/regiao-13-anos-scaled.jpg","contentUrl":"https:\/\/regiaonews.net.br\/2022\/wp-content\/uploads\/2026\/03\/regiao-13-anos-scaled.jpg","width":2560,"height":635,"caption":"Regi\u00e3o News"},"image":{"@id":"https:\/\/regiaonews.net.br\/2022\/#\/schema\/logo\/image\/"}},{"@type":"Person","@id":"https:\/\/regiaonews.net.br\/2022\/#\/schema\/person\/2d205a608a5aa97ac279d7a5e6d89ad8","name":"Roberto","image":{"@type":"ImageObject","inLanguage":"pt-BR","@id":"https:\/\/secure.gravatar.com\/avatar\/42749d8b712ff9d59ca93dc150494e5b55a44134482993f5baeb97e61b7ecc89?s=96&d=mm&r=g","url":"https:\/\/secure.gravatar.com\/avatar\/42749d8b712ff9d59ca93dc150494e5b55a44134482993f5baeb97e61b7ecc89?s=96&d=mm&r=g","contentUrl":"https:\/\/secure.gravatar.com\/avatar\/42749d8b712ff9d59ca93dc150494e5b55a44134482993f5baeb97e61b7ecc89?s=96&d=mm&r=g","caption":"Roberto"},"url":"https:\/\/regiaonews.net.br\/2022\/author\/roberto\/"}]}},"publishpress_future_action":{"enabled":false,"date":"2026-05-04 01:36:41","action":"change-status","newStatus":"draft","terms":[],"taxonomy":"category","extraData":[]},"publishpress_future_workflow_manual_trigger":{"enabledWorkflows":[]},"_links":{"self":[{"href":"https:\/\/regiaonews.net.br\/2022\/wp-json\/wp\/v2\/posts\/44849","targetHints":{"allow":["GET"]}}],"collection":[{"href":"https:\/\/regiaonews.net.br\/2022\/wp-json\/wp\/v2\/posts"}],"about":[{"href":"https:\/\/regiaonews.net.br\/2022\/wp-json\/wp\/v2\/types\/post"}],"author":[{"embeddable":true,"href":"https:\/\/regiaonews.net.br\/2022\/wp-json\/wp\/v2\/users\/2"}],"replies":[{"embeddable":true,"href":"https:\/\/regiaonews.net.br\/2022\/wp-json\/wp\/v2\/comments?post=44849"}],"version-history":[{"count":0,"href":"https:\/\/regiaonews.net.br\/2022\/wp-json\/wp\/v2\/posts\/44849\/revisions"}],"wp:featuredmedia":[{"embeddable":true,"href":"https:\/\/regiaonews.net.br\/2022\/wp-json\/wp\/v2\/media\/44852"}],"wp:attachment":[{"href":"https:\/\/regiaonews.net.br\/2022\/wp-json\/wp\/v2\/media?parent=44849"}],"wp:term":[{"taxonomy":"category","embeddable":true,"href":"https:\/\/regiaonews.net.br\/2022\/wp-json\/wp\/v2\/categories?post=44849"},{"taxonomy":"post_tag","embeddable":true,"href":"https:\/\/regiaonews.net.br\/2022\/wp-json\/wp\/v2\/tags?post=44849"}],"curies":[{"name":"wp","href":"https:\/\/api.w.org\/{rel}","templated":true}]}}