{"id":44838,"date":"2021-04-06T17:36:06","date_gmt":"2021-04-06T20:36:06","guid":{"rendered":"https:\/\/regiaonews.net.br\/2022\/?p=44838"},"modified":"2021-04-06T17:36:48","modified_gmt":"2021-04-06T20:36:48","slug":"trabalho-temporario-gera-mais-de-300-mil-vagas-no-brasil-em-fevereiro-segundo-asserttem","status":"publish","type":"post","link":"https:\/\/regiaonews.net.br\/2022\/2021\/04\/06\/trabalho-temporario-gera-mais-de-300-mil-vagas-no-brasil-em-fevereiro-segundo-asserttem\/","title":{"rendered":"Trabalho Tempor\u00e1rio gera mais de 300 mil vagas no Brasil em fevereiro, segundo ASSERTTEM"},"content":{"rendered":"<p><a href=\"https:\/\/regiaonews.net.br\/2022\/wp-content\/uploads\/2017\/01\/CarteiraDeTrabalho.jpg\"><img loading=\"lazy\" decoding=\"async\" class=\"alignnone size-medium wp-image-2848\" src=\"https:\/\/regiaonews.net.br\/2022\/wp-content\/uploads\/2017\/01\/CarteiraDeTrabalho-300x171.jpg\" alt=\"\" width=\"300\" height=\"171\" \/><\/a><\/p>\n<p><em>N\u00famero \u00e9 18,77% superior em rela\u00e7\u00e3o a 2020. Dados da modalidade no Pa\u00eds est\u00e3o sendo inclu\u00eddos no CAGED desde janeiro de 2020 e contribu\u00edram com o saldo positivo informado<\/em><\/p>\n<p>O novo Caged (Cadastro Geral de Empregados e Desempregados) informou na ter\u00e7a-feira (30) que o Brasil gerou um saldo positivo de 401.639 novos postos de trabalho em fevereiro deste ano, resultado de 1.694.604 admiss\u00f5es contra 1.292.965 desligamentos de empregos.<\/p>\n<p>A nova metodologia de capta\u00e7\u00e3o do Caged adotada em janeiro deste ano passou a contar, por exemplo, com n\u00fameros do Trabalho Tempor\u00e1rio, informados no c\u00f3digo 106 do eSocial, o que contribui para o saldo positivo.<\/p>\n<p>De acordo com a Associa\u00e7\u00e3o Brasileira do Trabalho Tempor\u00e1rio (ASSERTTEM), em fevereiro de 2021, foram preenchidas 301.460 vagas tempor\u00e1rias, um aumento de 18,77% com rela\u00e7\u00e3o ao mesmo m\u00eas de 2020.<\/p>\n<p>&#8220;Deste total de vagas tempor\u00e1rias geradas em fevereiro, 66.321 foram convertidas em empregos permanentes, o que contribuiu com 16,5% do saldo positivo informado nesta semana pelo novo Caged&#8221;, explica o presidente da associa\u00e7\u00e3o, Marcos de Abreu.<\/p>\n<p>Segundo ele, o Trabalho Tempor\u00e1rio vem crescendo com a pandemia, porque equaciona tr\u00eas cen\u00e1rios para as empresas: a incerteza quanto ao tempo que ser\u00e1 necess\u00e1rio manter essa contrata\u00e7\u00e3o; a emerg\u00eancia, porque \u00e9 uma forma r\u00e1pida e eficaz de contratar pessoal e assim n\u00e3o perder a oportunidade de atender as demandas do mercado; e a flexibilidade no prazo contratual.<\/p>\n<p>Prova disso, \u00e9 que em 2020, o Trabalho Tempor\u00e1rio cresceu 34,8% em rela\u00e7\u00e3o ao ano anterior, gerando 2.002.920 vagas frente \u00e0s 1.485.877 de 2019. &#8220;A modalidade tem se mostrado uma excelente oportunidade para os trabalhadores que est\u00e3o desempregados e que buscam por uma efetiva\u00e7\u00e3o, pois trata-se de um trabalho formal que lhes garante todos os direitos trabalhistas como 13\u00ba, f\u00e9rias e FGTS&#8221;, conclui.<\/p>\n","protected":false},"excerpt":{"rendered":"<p>N\u00famero \u00e9 18,77% superior em rela\u00e7\u00e3o a 2020. Dados da<\/p>\n","protected":false},"author":2,"featured_media":36409,"comment_status":"open","ping_status":"open","sticky":false,"template":"","format":"standard","meta":{"footnotes":""},"categories":[24,25],"tags":[],"class_list":["post-44838","post","type-post","status-publish","format-standard","has-post-thumbnail","hentry","category-brasil","category-cidades"],"yoast_head":"<!-- This site is optimized with the Yoast SEO plugin v27.4 - https:\/\/yoast.com\/product\/yoast-seo-wordpress\/ -->\n<title>Trabalho Tempor\u00e1rio gera mais de 300 mil vagas no Brasil em fevereiro, segundo ASSERTTEM - Regi\u00e3o News<\/title>\n<meta name=\"robots\" content=\"index, follow, max-snippet:-1, max-image-preview:large, max-video-preview:-1\" \/>\n<link rel=\"canonical\" href=\"https:\/\/regiaonews.net.br\/2022\/2021\/04\/06\/trabalho-temporario-gera-mais-de-300-mil-vagas-no-brasil-em-fevereiro-segundo-asserttem\/\" \/>\n<meta property=\"og:locale\" content=\"pt_BR\" \/>\n<meta property=\"og:type\" content=\"article\" \/>\n<meta property=\"og:title\" content=\"Trabalho Tempor\u00e1rio gera mais de 300 mil vagas no Brasil em fevereiro, segundo ASSERTTEM - Regi\u00e3o News\" \/>\n<meta property=\"og:description\" content=\"N\u00famero \u00e9 18,77% superior em rela\u00e7\u00e3o a 2020. Dados da\" \/>\n<meta property=\"og:url\" content=\"https:\/\/regiaonews.net.br\/2022\/2021\/04\/06\/trabalho-temporario-gera-mais-de-300-mil-vagas-no-brasil-em-fevereiro-segundo-asserttem\/\" \/>\n<meta property=\"og:site_name\" content=\"Regi\u00e3o News\" \/>\n<meta property=\"article:published_time\" content=\"2021-04-06T20:36:06+00:00\" \/>\n<meta property=\"article:modified_time\" content=\"2021-04-06T20:36:48+00:00\" \/>\n<meta property=\"og:image\" content=\"https:\/\/regiaonews.net.br\/2022\/wp-content\/uploads\/2020\/08\/carteira-de-trabalho.jpeg\" \/>\n\t<meta property=\"og:image:width\" content=\"984\" \/>\n\t<meta property=\"og:image:height\" content=\"819\" \/>\n\t<meta property=\"og:image:type\" content=\"image\/jpeg\" \/>\n<meta name=\"author\" content=\"Roberto\" \/>\n<meta name=\"twitter:card\" content=\"summary_large_image\" \/>\n<meta name=\"twitter:label1\" content=\"Escrito por\" \/>\n\t<meta name=\"twitter:data1\" content=\"Roberto\" \/>\n\t<meta name=\"twitter:label2\" content=\"Est. tempo de leitura\" \/>\n\t<meta name=\"twitter:data2\" content=\"1 minuto\" \/>\n<script type=\"application\/ld+json\" class=\"yoast-schema-graph\">{\"@context\":\"https:\\\/\\\/schema.org\",\"@graph\":[{\"@type\":\"Article\",\"@id\":\"https:\\\/\\\/regiaonews.net.br\\\/2022\\\/2021\\\/04\\\/06\\\/trabalho-temporario-gera-mais-de-300-mil-vagas-no-brasil-em-fevereiro-segundo-asserttem\\\/#article\",\"isPartOf\":{\"@id\":\"https:\\\/\\\/regiaonews.net.br\\\/2022\\\/2021\\\/04\\\/06\\\/trabalho-temporario-gera-mais-de-300-mil-vagas-no-brasil-em-fevereiro-segundo-asserttem\\\/\"},\"author\":{\"name\":\"Roberto\",\"@id\":\"https:\\\/\\\/regiaonews.net.br\\\/2022\\\/#\\\/schema\\\/person\\\/2d205a608a5aa97ac279d7a5e6d89ad8\"},\"headline\":\"Trabalho Tempor\u00e1rio gera mais de 300 mil vagas no Brasil em fevereiro, segundo ASSERTTEM\",\"datePublished\":\"2021-04-06T20:36:06+00:00\",\"dateModified\":\"2021-04-06T20:36:48+00:00\",\"mainEntityOfPage\":{\"@id\":\"https:\\\/\\\/regiaonews.net.br\\\/2022\\\/2021\\\/04\\\/06\\\/trabalho-temporario-gera-mais-de-300-mil-vagas-no-brasil-em-fevereiro-segundo-asserttem\\\/\"},\"wordCount\":313,\"commentCount\":0,\"publisher\":{\"@id\":\"https:\\\/\\\/regiaonews.net.br\\\/2022\\\/#organization\"},\"image\":{\"@id\":\"https:\\\/\\\/regiaonews.net.br\\\/2022\\\/2021\\\/04\\\/06\\\/trabalho-temporario-gera-mais-de-300-mil-vagas-no-brasil-em-fevereiro-segundo-asserttem\\\/#primaryimage\"},\"thumbnailUrl\":\"https:\\\/\\\/regiaonews.net.br\\\/2022\\\/wp-content\\\/uploads\\\/2020\\\/08\\\/carteira-de-trabalho.jpeg\",\"articleSection\":[\"Brasil\",\"Cidades\"],\"inLanguage\":\"pt-BR\",\"potentialAction\":[{\"@type\":\"CommentAction\",\"name\":\"Comment\",\"target\":[\"https:\\\/\\\/regiaonews.net.br\\\/2022\\\/2021\\\/04\\\/06\\\/trabalho-temporario-gera-mais-de-300-mil-vagas-no-brasil-em-fevereiro-segundo-asserttem\\\/#respond\"]}]},{\"@type\":\"WebPage\",\"@id\":\"https:\\\/\\\/regiaonews.net.br\\\/2022\\\/2021\\\/04\\\/06\\\/trabalho-temporario-gera-mais-de-300-mil-vagas-no-brasil-em-fevereiro-segundo-asserttem\\\/\",\"url\":\"https:\\\/\\\/regiaonews.net.br\\\/2022\\\/2021\\\/04\\\/06\\\/trabalho-temporario-gera-mais-de-300-mil-vagas-no-brasil-em-fevereiro-segundo-asserttem\\\/\",\"name\":\"Trabalho Tempor\u00e1rio gera mais de 300 mil vagas no Brasil em fevereiro, segundo ASSERTTEM - Regi\u00e3o News\",\"isPartOf\":{\"@id\":\"https:\\\/\\\/regiaonews.net.br\\\/2022\\\/#website\"},\"primaryImageOfPage\":{\"@id\":\"https:\\\/\\\/regiaonews.net.br\\\/2022\\\/2021\\\/04\\\/06\\\/trabalho-temporario-gera-mais-de-300-mil-vagas-no-brasil-em-fevereiro-segundo-asserttem\\\/#primaryimage\"},\"image\":{\"@id\":\"https:\\\/\\\/regiaonews.net.br\\\/2022\\\/2021\\\/04\\\/06\\\/trabalho-temporario-gera-mais-de-300-mil-vagas-no-brasil-em-fevereiro-segundo-asserttem\\\/#primaryimage\"},\"thumbnailUrl\":\"https:\\\/\\\/regiaonews.net.br\\\/2022\\\/wp-content\\\/uploads\\\/2020\\\/08\\\/carteira-de-trabalho.jpeg\",\"datePublished\":\"2021-04-06T20:36:06+00:00\",\"dateModified\":\"2021-04-06T20:36:48+00:00\",\"breadcrumb\":{\"@id\":\"https:\\\/\\\/regiaonews.net.br\\\/2022\\\/2021\\\/04\\\/06\\\/trabalho-temporario-gera-mais-de-300-mil-vagas-no-brasil-em-fevereiro-segundo-asserttem\\\/#breadcrumb\"},\"inLanguage\":\"pt-BR\",\"potentialAction\":[{\"@type\":\"ReadAction\",\"target\":[\"https:\\\/\\\/regiaonews.net.br\\\/2022\\\/2021\\\/04\\\/06\\\/trabalho-temporario-gera-mais-de-300-mil-vagas-no-brasil-em-fevereiro-segundo-asserttem\\\/\"]}]},{\"@type\":\"ImageObject\",\"inLanguage\":\"pt-BR\",\"@id\":\"https:\\\/\\\/regiaonews.net.br\\\/2022\\\/2021\\\/04\\\/06\\\/trabalho-temporario-gera-mais-de-300-mil-vagas-no-brasil-em-fevereiro-segundo-asserttem\\\/#primaryimage\",\"url\":\"https:\\\/\\\/regiaonews.net.br\\\/2022\\\/wp-content\\\/uploads\\\/2020\\\/08\\\/carteira-de-trabalho.jpeg\",\"contentUrl\":\"https:\\\/\\\/regiaonews.net.br\\\/2022\\\/wp-content\\\/uploads\\\/2020\\\/08\\\/carteira-de-trabalho.jpeg\",\"width\":984,\"height\":819},{\"@type\":\"BreadcrumbList\",\"@id\":\"https:\\\/\\\/regiaonews.net.br\\\/2022\\\/2021\\\/04\\\/06\\\/trabalho-temporario-gera-mais-de-300-mil-vagas-no-brasil-em-fevereiro-segundo-asserttem\\\/#breadcrumb\",\"itemListElement\":[{\"@type\":\"ListItem\",\"position\":1,\"name\":\"In\u00edcio\",\"item\":\"https:\\\/\\\/regiaonews.net.br\\\/2022\\\/\"},{\"@type\":\"ListItem\",\"position\":2,\"name\":\"Trabalho Tempor\u00e1rio gera mais de 300 mil vagas no Brasil em fevereiro, segundo ASSERTTEM\"}]},{\"@type\":\"WebSite\",\"@id\":\"https:\\\/\\\/regiaonews.net.br\\\/2022\\\/#website\",\"url\":\"https:\\\/\\\/regiaonews.net.br\\\/2022\\\/\",\"name\":\"Regi\u00e3o News\",\"description\":\"Site de Not\u00edcias de Barretos e regi\u00e3o\",\"publisher\":{\"@id\":\"https:\\\/\\\/regiaonews.net.br\\\/2022\\\/#organization\"},\"potentialAction\":[{\"@type\":\"SearchAction\",\"target\":{\"@type\":\"EntryPoint\",\"urlTemplate\":\"https:\\\/\\\/regiaonews.net.br\\\/2022\\\/?s={search_term_string}\"},\"query-input\":{\"@type\":\"PropertyValueSpecification\",\"valueRequired\":true,\"valueName\":\"search_term_string\"}}],\"inLanguage\":\"pt-BR\"},{\"@type\":\"Organization\",\"@id\":\"https:\\\/\\\/regiaonews.net.br\\\/2022\\\/#organization\",\"name\":\"Regi\u00e3o News\",\"url\":\"https:\\\/\\\/regiaonews.net.br\\\/2022\\\/\",\"logo\":{\"@type\":\"ImageObject\",\"inLanguage\":\"pt-BR\",\"@id\":\"https:\\\/\\\/regiaonews.net.br\\\/2022\\\/#\\\/schema\\\/logo\\\/image\\\/\",\"url\":\"https:\\\/\\\/regiaonews.net.br\\\/2022\\\/wp-content\\\/uploads\\\/2026\\\/03\\\/regiao-13-anos-scaled.jpg\",\"contentUrl\":\"https:\\\/\\\/regiaonews.net.br\\\/2022\\\/wp-content\\\/uploads\\\/2026\\\/03\\\/regiao-13-anos-scaled.jpg\",\"width\":2560,\"height\":635,\"caption\":\"Regi\u00e3o News\"},\"image\":{\"@id\":\"https:\\\/\\\/regiaonews.net.br\\\/2022\\\/#\\\/schema\\\/logo\\\/image\\\/\"}},{\"@type\":\"Person\",\"@id\":\"https:\\\/\\\/regiaonews.net.br\\\/2022\\\/#\\\/schema\\\/person\\\/2d205a608a5aa97ac279d7a5e6d89ad8\",\"name\":\"Roberto\",\"image\":{\"@type\":\"ImageObject\",\"inLanguage\":\"pt-BR\",\"@id\":\"https:\\\/\\\/secure.gravatar.com\\\/avatar\\\/42749d8b712ff9d59ca93dc150494e5b55a44134482993f5baeb97e61b7ecc89?s=96&d=mm&r=g\",\"url\":\"https:\\\/\\\/secure.gravatar.com\\\/avatar\\\/42749d8b712ff9d59ca93dc150494e5b55a44134482993f5baeb97e61b7ecc89?s=96&d=mm&r=g\",\"contentUrl\":\"https:\\\/\\\/secure.gravatar.com\\\/avatar\\\/42749d8b712ff9d59ca93dc150494e5b55a44134482993f5baeb97e61b7ecc89?s=96&d=mm&r=g\",\"caption\":\"Roberto\"},\"url\":\"https:\\\/\\\/regiaonews.net.br\\\/2022\\\/author\\\/roberto\\\/\"}]}<\/script>\n<!-- \/ Yoast SEO plugin. -->","yoast_head_json":{"title":"Trabalho Tempor\u00e1rio gera mais de 300 mil vagas no Brasil em fevereiro, segundo ASSERTTEM - Regi\u00e3o News","robots":{"index":"index","follow":"follow","max-snippet":"max-snippet:-1","max-image-preview":"max-image-preview:large","max-video-preview":"max-video-preview:-1"},"canonical":"https:\/\/regiaonews.net.br\/2022\/2021\/04\/06\/trabalho-temporario-gera-mais-de-300-mil-vagas-no-brasil-em-fevereiro-segundo-asserttem\/","og_locale":"pt_BR","og_type":"article","og_title":"Trabalho Tempor\u00e1rio gera mais de 300 mil vagas no Brasil em fevereiro, segundo ASSERTTEM - Regi\u00e3o News","og_description":"N\u00famero \u00e9 18,77% superior em rela\u00e7\u00e3o a 2020. Dados da","og_url":"https:\/\/regiaonews.net.br\/2022\/2021\/04\/06\/trabalho-temporario-gera-mais-de-300-mil-vagas-no-brasil-em-fevereiro-segundo-asserttem\/","og_site_name":"Regi\u00e3o News","article_published_time":"2021-04-06T20:36:06+00:00","article_modified_time":"2021-04-06T20:36:48+00:00","og_image":[{"width":984,"height":819,"url":"https:\/\/regiaonews.net.br\/2022\/wp-content\/uploads\/2020\/08\/carteira-de-trabalho.jpeg","type":"image\/jpeg"}],"author":"Roberto","twitter_card":"summary_large_image","twitter_misc":{"Escrito por":"Roberto","Est. tempo de leitura":"1 minuto"},"schema":{"@context":"https:\/\/schema.org","@graph":[{"@type":"Article","@id":"https:\/\/regiaonews.net.br\/2022\/2021\/04\/06\/trabalho-temporario-gera-mais-de-300-mil-vagas-no-brasil-em-fevereiro-segundo-asserttem\/#article","isPartOf":{"@id":"https:\/\/regiaonews.net.br\/2022\/2021\/04\/06\/trabalho-temporario-gera-mais-de-300-mil-vagas-no-brasil-em-fevereiro-segundo-asserttem\/"},"author":{"name":"Roberto","@id":"https:\/\/regiaonews.net.br\/2022\/#\/schema\/person\/2d205a608a5aa97ac279d7a5e6d89ad8"},"headline":"Trabalho Tempor\u00e1rio gera mais de 300 mil vagas no Brasil em fevereiro, segundo ASSERTTEM","datePublished":"2021-04-06T20:36:06+00:00","dateModified":"2021-04-06T20:36:48+00:00","mainEntityOfPage":{"@id":"https:\/\/regiaonews.net.br\/2022\/2021\/04\/06\/trabalho-temporario-gera-mais-de-300-mil-vagas-no-brasil-em-fevereiro-segundo-asserttem\/"},"wordCount":313,"commentCount":0,"publisher":{"@id":"https:\/\/regiaonews.net.br\/2022\/#organization"},"image":{"@id":"https:\/\/regiaonews.net.br\/2022\/2021\/04\/06\/trabalho-temporario-gera-mais-de-300-mil-vagas-no-brasil-em-fevereiro-segundo-asserttem\/#primaryimage"},"thumbnailUrl":"https:\/\/regiaonews.net.br\/2022\/wp-content\/uploads\/2020\/08\/carteira-de-trabalho.jpeg","articleSection":["Brasil","Cidades"],"inLanguage":"pt-BR","potentialAction":[{"@type":"CommentAction","name":"Comment","target":["https:\/\/regiaonews.net.br\/2022\/2021\/04\/06\/trabalho-temporario-gera-mais-de-300-mil-vagas-no-brasil-em-fevereiro-segundo-asserttem\/#respond"]}]},{"@type":"WebPage","@id":"https:\/\/regiaonews.net.br\/2022\/2021\/04\/06\/trabalho-temporario-gera-mais-de-300-mil-vagas-no-brasil-em-fevereiro-segundo-asserttem\/","url":"https:\/\/regiaonews.net.br\/2022\/2021\/04\/06\/trabalho-temporario-gera-mais-de-300-mil-vagas-no-brasil-em-fevereiro-segundo-asserttem\/","name":"Trabalho Tempor\u00e1rio gera mais de 300 mil vagas no Brasil em fevereiro, segundo ASSERTTEM - Regi\u00e3o News","isPartOf":{"@id":"https:\/\/regiaonews.net.br\/2022\/#website"},"primaryImageOfPage":{"@id":"https:\/\/regiaonews.net.br\/2022\/2021\/04\/06\/trabalho-temporario-gera-mais-de-300-mil-vagas-no-brasil-em-fevereiro-segundo-asserttem\/#primaryimage"},"image":{"@id":"https:\/\/regiaonews.net.br\/2022\/2021\/04\/06\/trabalho-temporario-gera-mais-de-300-mil-vagas-no-brasil-em-fevereiro-segundo-asserttem\/#primaryimage"},"thumbnailUrl":"https:\/\/regiaonews.net.br\/2022\/wp-content\/uploads\/2020\/08\/carteira-de-trabalho.jpeg","datePublished":"2021-04-06T20:36:06+00:00","dateModified":"2021-04-06T20:36:48+00:00","breadcrumb":{"@id":"https:\/\/regiaonews.net.br\/2022\/2021\/04\/06\/trabalho-temporario-gera-mais-de-300-mil-vagas-no-brasil-em-fevereiro-segundo-asserttem\/#breadcrumb"},"inLanguage":"pt-BR","potentialAction":[{"@type":"ReadAction","target":["https:\/\/regiaonews.net.br\/2022\/2021\/04\/06\/trabalho-temporario-gera-mais-de-300-mil-vagas-no-brasil-em-fevereiro-segundo-asserttem\/"]}]},{"@type":"ImageObject","inLanguage":"pt-BR","@id":"https:\/\/regiaonews.net.br\/2022\/2021\/04\/06\/trabalho-temporario-gera-mais-de-300-mil-vagas-no-brasil-em-fevereiro-segundo-asserttem\/#primaryimage","url":"https:\/\/regiaonews.net.br\/2022\/wp-content\/uploads\/2020\/08\/carteira-de-trabalho.jpeg","contentUrl":"https:\/\/regiaonews.net.br\/2022\/wp-content\/uploads\/2020\/08\/carteira-de-trabalho.jpeg","width":984,"height":819},{"@type":"BreadcrumbList","@id":"https:\/\/regiaonews.net.br\/2022\/2021\/04\/06\/trabalho-temporario-gera-mais-de-300-mil-vagas-no-brasil-em-fevereiro-segundo-asserttem\/#breadcrumb","itemListElement":[{"@type":"ListItem","position":1,"name":"In\u00edcio","item":"https:\/\/regiaonews.net.br\/2022\/"},{"@type":"ListItem","position":2,"name":"Trabalho Tempor\u00e1rio gera mais de 300 mil vagas no Brasil em fevereiro, segundo ASSERTTEM"}]},{"@type":"WebSite","@id":"https:\/\/regiaonews.net.br\/2022\/#website","url":"https:\/\/regiaonews.net.br\/2022\/","name":"Regi\u00e3o News","description":"Site de Not\u00edcias de Barretos e regi\u00e3o","publisher":{"@id":"https:\/\/regiaonews.net.br\/2022\/#organization"},"potentialAction":[{"@type":"SearchAction","target":{"@type":"EntryPoint","urlTemplate":"https:\/\/regiaonews.net.br\/2022\/?s={search_term_string}"},"query-input":{"@type":"PropertyValueSpecification","valueRequired":true,"valueName":"search_term_string"}}],"inLanguage":"pt-BR"},{"@type":"Organization","@id":"https:\/\/regiaonews.net.br\/2022\/#organization","name":"Regi\u00e3o News","url":"https:\/\/regiaonews.net.br\/2022\/","logo":{"@type":"ImageObject","inLanguage":"pt-BR","@id":"https:\/\/regiaonews.net.br\/2022\/#\/schema\/logo\/image\/","url":"https:\/\/regiaonews.net.br\/2022\/wp-content\/uploads\/2026\/03\/regiao-13-anos-scaled.jpg","contentUrl":"https:\/\/regiaonews.net.br\/2022\/wp-content\/uploads\/2026\/03\/regiao-13-anos-scaled.jpg","width":2560,"height":635,"caption":"Regi\u00e3o News"},"image":{"@id":"https:\/\/regiaonews.net.br\/2022\/#\/schema\/logo\/image\/"}},{"@type":"Person","@id":"https:\/\/regiaonews.net.br\/2022\/#\/schema\/person\/2d205a608a5aa97ac279d7a5e6d89ad8","name":"Roberto","image":{"@type":"ImageObject","inLanguage":"pt-BR","@id":"https:\/\/secure.gravatar.com\/avatar\/42749d8b712ff9d59ca93dc150494e5b55a44134482993f5baeb97e61b7ecc89?s=96&d=mm&r=g","url":"https:\/\/secure.gravatar.com\/avatar\/42749d8b712ff9d59ca93dc150494e5b55a44134482993f5baeb97e61b7ecc89?s=96&d=mm&r=g","contentUrl":"https:\/\/secure.gravatar.com\/avatar\/42749d8b712ff9d59ca93dc150494e5b55a44134482993f5baeb97e61b7ecc89?s=96&d=mm&r=g","caption":"Roberto"},"url":"https:\/\/regiaonews.net.br\/2022\/author\/roberto\/"}]}},"publishpress_future_action":{"enabled":false,"date":"2026-05-04 04:33:14","action":"change-status","newStatus":"draft","terms":[],"taxonomy":"category","extraData":[]},"publishpress_future_workflow_manual_trigger":{"enabledWorkflows":[]},"_links":{"self":[{"href":"https:\/\/regiaonews.net.br\/2022\/wp-json\/wp\/v2\/posts\/44838","targetHints":{"allow":["GET"]}}],"collection":[{"href":"https:\/\/regiaonews.net.br\/2022\/wp-json\/wp\/v2\/posts"}],"about":[{"href":"https:\/\/regiaonews.net.br\/2022\/wp-json\/wp\/v2\/types\/post"}],"author":[{"embeddable":true,"href":"https:\/\/regiaonews.net.br\/2022\/wp-json\/wp\/v2\/users\/2"}],"replies":[{"embeddable":true,"href":"https:\/\/regiaonews.net.br\/2022\/wp-json\/wp\/v2\/comments?post=44838"}],"version-history":[{"count":0,"href":"https:\/\/regiaonews.net.br\/2022\/wp-json\/wp\/v2\/posts\/44838\/revisions"}],"wp:featuredmedia":[{"embeddable":true,"href":"https:\/\/regiaonews.net.br\/2022\/wp-json\/wp\/v2\/media\/36409"}],"wp:attachment":[{"href":"https:\/\/regiaonews.net.br\/2022\/wp-json\/wp\/v2\/media?parent=44838"}],"wp:term":[{"taxonomy":"category","embeddable":true,"href":"https:\/\/regiaonews.net.br\/2022\/wp-json\/wp\/v2\/categories?post=44838"},{"taxonomy":"post_tag","embeddable":true,"href":"https:\/\/regiaonews.net.br\/2022\/wp-json\/wp\/v2\/tags?post=44838"}],"curies":[{"name":"wp","href":"https:\/\/api.w.org\/{rel}","templated":true}]}}