{"id":44820,"date":"2021-04-06T17:14:25","date_gmt":"2021-04-06T20:14:25","guid":{"rendered":"https:\/\/regiaonews.net.br\/2022\/?p=44820"},"modified":"2021-04-06T17:14:47","modified_gmt":"2021-04-06T20:14:47","slug":"paula-lemos-participa-de-entrega-de-537-casas-do-bairro-vida-nova-barretos-3","status":"publish","type":"post","link":"https:\/\/regiaonews.net.br\/2022\/2021\/04\/06\/paula-lemos-participa-de-entrega-de-537-casas-do-bairro-vida-nova-barretos-3\/","title":{"rendered":"Paula Lemos participa de entrega de 537 casas do bairro Vida Nova Barretos 3"},"content":{"rendered":"<p><a href=\"https:\/\/regiaonews.net.br\/2022\/wp-content\/uploads\/2021\/04\/NIV_9397.jpg\"><img loading=\"lazy\" decoding=\"async\" class=\"size-medium wp-image-44821\" src=\"https:\/\/regiaonews.net.br\/2022\/wp-content\/uploads\/2021\/04\/NIV_9397-300x199.jpg\" alt=\"\" width=\"300\" height=\"199\" \/><\/a><\/p>\n<p><a href=\"https:\/\/regiaonews.net.br\/2022\/wp-content\/uploads\/2021\/04\/NIV_9138.jpg\"><img loading=\"lazy\" decoding=\"async\" class=\"size-medium wp-image-44822\" src=\"https:\/\/regiaonews.net.br\/2022\/wp-content\/uploads\/2021\/04\/NIV_9138-300x199.jpg\" alt=\"\" width=\"300\" height=\"199\" \/><\/a><\/p>\n<figure id=\"attachment_44823\" aria-describedby=\"caption-attachment-44823\" style=\"width: 300px\" class=\"wp-caption alignnone\"><a href=\"https:\/\/regiaonews.net.br\/2022\/wp-content\/uploads\/2021\/04\/NIV_9240.jpg\"><img loading=\"lazy\" decoding=\"async\" class=\"size-medium wp-image-44823\" src=\"https:\/\/regiaonews.net.br\/2022\/wp-content\/uploads\/2021\/04\/NIV_9240-300x199.jpg\" alt=\"\" width=\"300\" height=\"199\" \/><\/a><figcaption id=\"caption-attachment-44823\" class=\"wp-caption-text\">????????????????????????????????????<\/figcaption><\/figure>\n<p><a href=\"https:\/\/regiaonews.net.br\/2022\/wp-content\/uploads\/2021\/04\/NIV_9250.jpg\"><img loading=\"lazy\" decoding=\"async\" class=\"size-medium wp-image-44824\" src=\"https:\/\/regiaonews.net.br\/2022\/wp-content\/uploads\/2021\/04\/NIV_9250-300x199.jpg\" alt=\"\" width=\"300\" height=\"199\" \/><\/a><\/p>\n<p><a href=\"https:\/\/regiaonews.net.br\/2022\/wp-content\/uploads\/2021\/04\/NIV_9313.jpg\"><img loading=\"lazy\" decoding=\"async\" class=\"size-medium wp-image-44825\" src=\"https:\/\/regiaonews.net.br\/2022\/wp-content\/uploads\/2021\/04\/NIV_9313-300x199.jpg\" alt=\"\" width=\"300\" height=\"199\" \/><\/a><\/p>\n<p>Prefeita foi acompanhada pelos secret\u00e1rios de habita\u00e7\u00e3o, obras e servi\u00e7os urbanos e planejamento territorial e urbano.<\/p>\n<p>Na manh\u00e3 de ter\u00e7a-feira, 06 de abril, a prefeita Paula Lemos esteve no drive-thru para entrega de 537 casa do bairro Vida Nova Barretos 3, que seguiu todas as normas de distanciamento social e de medidas sanit\u00e1rias.<\/p>\n<p>Estiveram presentes tamb\u00e9m os secret\u00e1rios de Habita\u00e7\u00e3o \u2013 C\u00e9lia Rodrigues; Obras e Servi\u00e7os Urbanos \u2013 Reinaldo Garcia e Planejamento Territorial e Urbano \u2013 Carlos Henrique L\u00facio, al\u00e9m do presidente da C\u00e2mara Municipal, vereador Paulo Henrique Correa. Pela Pacaembu, empresa respons\u00e1vel pelo empreendimento habitacional planejado, presenciaram a entrega Victor Almeida \u2013 Diretor de Neg\u00f3cios da Pacaembu e Fred Escobar \u2013 Diretor Comercial da Pacaembu.<\/p>\n<p>\u201cS\u00e3o mais de quinhentas fam\u00edlias que recebem mais que uma casa, recebem um lar. \u00c9 uma quest\u00e3o de muita alegria e meu cora\u00e7\u00e3o de enche de amor, pois um pai ou uma m\u00e3e, uma crian\u00e7a que foi \u00e0 escola, ter\u00e3o para onde voltar e estarem juntos, compartilhando uma vida e o verdadeiro esp\u00edrito de fam\u00edlia\u201d, afirmou Paula.<\/p>\n<p>O empreendimento \u00e9 uma consolida\u00e7\u00e3o da Pacaembu em Barretos, onde j\u00e1 foram entregues mais de tr\u00eas mil casas em empreendimentos que se tornaram polos de desenvolvimento da cidade. Um bairro planejado que teve o apoio da Prefeitura de Barretos e \u00e9 resultado de um investimento de mais de R$ 65 milh\u00f5es do Minist\u00e9rio do Desenvolvimento Regional, por meio do programa habitacional Casa Verde e Amarela, com financiamento exclusivo da Caixa Econ\u00f4mica Federal.<\/p>\n<p>\u201cPara o nosso governo \u00e9 um privil\u00e9gio entregar estas casas em menos de 100 dias de governo e colocamos nossa equipe, logo ap\u00f3s a posse, empenhada na solu\u00e7\u00e3o de todas as pend\u00eancias para que este momento especial chegasse para estas fam\u00edlias\u201d, completou Paula. O bairro conta ainda com infraestrutura completa, com \u00e1gua, esgoto, ilumina\u00e7\u00e3o, asfalto de qualidade e sinaliza\u00e7\u00e3o vi\u00e1ria. A mobilidade urbana \u00e9 facilitada por amplas avenidas de acesso que permitem deslocamento r\u00e1pido at\u00e9 outros pontos da cidade, como shopping e faculdade, e a qualidade de vida foi pensada com \u00e1reas de lazer, como playgrounds, e reservas verdes.<\/p>\n<p>\u201cAs fam\u00edlias j\u00e1 recebem aqui, junto com a chave, tamb\u00e9m a libera\u00e7\u00e3o do SAAE e da CPFL, fruto do trabalho em equipe que realizamos por meio de nossas secretarias\u201d, concluiu a prefeita.<\/p>\n","protected":false},"excerpt":{"rendered":"<p>Prefeita foi acompanhada pelos secret\u00e1rios de habita\u00e7\u00e3o, obras e servi\u00e7os<\/p>\n","protected":false},"author":2,"featured_media":44822,"comment_status":"open","ping_status":"open","sticky":false,"template":"","format":"standard","meta":{"footnotes":""},"categories":[1],"tags":[],"class_list":["post-44820","post","type-post","status-publish","format-standard","has-post-thumbnail","hentry","category-indefinido"],"yoast_head":"<!-- This site is optimized with the Yoast SEO plugin v27.4 - https:\/\/yoast.com\/product\/yoast-seo-wordpress\/ -->\n<title>Paula Lemos participa de entrega de 537 casas do bairro Vida Nova Barretos 3 - Regi\u00e3o News<\/title>\n<meta name=\"robots\" content=\"index, follow, max-snippet:-1, max-image-preview:large, max-video-preview:-1\" \/>\n<link rel=\"canonical\" href=\"https:\/\/regiaonews.net.br\/2022\/2021\/04\/06\/paula-lemos-participa-de-entrega-de-537-casas-do-bairro-vida-nova-barretos-3\/\" \/>\n<meta property=\"og:locale\" content=\"pt_BR\" \/>\n<meta property=\"og:type\" content=\"article\" \/>\n<meta property=\"og:title\" content=\"Paula Lemos participa de entrega de 537 casas do bairro Vida Nova Barretos 3 - Regi\u00e3o News\" \/>\n<meta property=\"og:description\" content=\"Prefeita foi acompanhada pelos secret\u00e1rios de habita\u00e7\u00e3o, obras e servi\u00e7os\" \/>\n<meta property=\"og:url\" content=\"https:\/\/regiaonews.net.br\/2022\/2021\/04\/06\/paula-lemos-participa-de-entrega-de-537-casas-do-bairro-vida-nova-barretos-3\/\" \/>\n<meta property=\"og:site_name\" content=\"Regi\u00e3o News\" \/>\n<meta property=\"article:published_time\" content=\"2021-04-06T20:14:25+00:00\" \/>\n<meta property=\"article:modified_time\" content=\"2021-04-06T20:14:47+00:00\" \/>\n<meta property=\"og:image\" content=\"https:\/\/regiaonews.net.br\/2022\/wp-content\/uploads\/2021\/04\/NIV_9138.jpg\" \/>\n\t<meta property=\"og:image:width\" content=\"1670\" \/>\n\t<meta property=\"og:image:height\" content=\"1109\" \/>\n\t<meta property=\"og:image:type\" content=\"image\/jpeg\" \/>\n<meta name=\"author\" content=\"Roberto\" \/>\n<meta name=\"twitter:card\" content=\"summary_large_image\" \/>\n<meta name=\"twitter:label1\" content=\"Escrito por\" \/>\n\t<meta name=\"twitter:data1\" content=\"Roberto\" \/>\n\t<meta name=\"twitter:label2\" content=\"Est. tempo de leitura\" \/>\n\t<meta name=\"twitter:data2\" content=\"2 minutos\" \/>\n<script type=\"application\/ld+json\" class=\"yoast-schema-graph\">{\"@context\":\"https:\\\/\\\/schema.org\",\"@graph\":[{\"@type\":\"Article\",\"@id\":\"https:\\\/\\\/regiaonews.net.br\\\/2022\\\/2021\\\/04\\\/06\\\/paula-lemos-participa-de-entrega-de-537-casas-do-bairro-vida-nova-barretos-3\\\/#article\",\"isPartOf\":{\"@id\":\"https:\\\/\\\/regiaonews.net.br\\\/2022\\\/2021\\\/04\\\/06\\\/paula-lemos-participa-de-entrega-de-537-casas-do-bairro-vida-nova-barretos-3\\\/\"},\"author\":{\"name\":\"Roberto\",\"@id\":\"https:\\\/\\\/regiaonews.net.br\\\/2022\\\/#\\\/schema\\\/person\\\/2d205a608a5aa97ac279d7a5e6d89ad8\"},\"headline\":\"Paula Lemos participa de entrega de 537 casas do bairro Vida Nova Barretos 3\",\"datePublished\":\"2021-04-06T20:14:25+00:00\",\"dateModified\":\"2021-04-06T20:14:47+00:00\",\"mainEntityOfPage\":{\"@id\":\"https:\\\/\\\/regiaonews.net.br\\\/2022\\\/2021\\\/04\\\/06\\\/paula-lemos-participa-de-entrega-de-537-casas-do-bairro-vida-nova-barretos-3\\\/\"},\"wordCount\":420,\"commentCount\":0,\"publisher\":{\"@id\":\"https:\\\/\\\/regiaonews.net.br\\\/2022\\\/#organization\"},\"image\":{\"@id\":\"https:\\\/\\\/regiaonews.net.br\\\/2022\\\/2021\\\/04\\\/06\\\/paula-lemos-participa-de-entrega-de-537-casas-do-bairro-vida-nova-barretos-3\\\/#primaryimage\"},\"thumbnailUrl\":\"https:\\\/\\\/regiaonews.net.br\\\/2022\\\/wp-content\\\/uploads\\\/2021\\\/04\\\/NIV_9138.jpg\",\"articleSection\":[\"Indefinido\"],\"inLanguage\":\"pt-BR\",\"potentialAction\":[{\"@type\":\"CommentAction\",\"name\":\"Comment\",\"target\":[\"https:\\\/\\\/regiaonews.net.br\\\/2022\\\/2021\\\/04\\\/06\\\/paula-lemos-participa-de-entrega-de-537-casas-do-bairro-vida-nova-barretos-3\\\/#respond\"]}]},{\"@type\":\"WebPage\",\"@id\":\"https:\\\/\\\/regiaonews.net.br\\\/2022\\\/2021\\\/04\\\/06\\\/paula-lemos-participa-de-entrega-de-537-casas-do-bairro-vida-nova-barretos-3\\\/\",\"url\":\"https:\\\/\\\/regiaonews.net.br\\\/2022\\\/2021\\\/04\\\/06\\\/paula-lemos-participa-de-entrega-de-537-casas-do-bairro-vida-nova-barretos-3\\\/\",\"name\":\"Paula Lemos participa de entrega de 537 casas do bairro Vida Nova Barretos 3 - Regi\u00e3o News\",\"isPartOf\":{\"@id\":\"https:\\\/\\\/regiaonews.net.br\\\/2022\\\/#website\"},\"primaryImageOfPage\":{\"@id\":\"https:\\\/\\\/regiaonews.net.br\\\/2022\\\/2021\\\/04\\\/06\\\/paula-lemos-participa-de-entrega-de-537-casas-do-bairro-vida-nova-barretos-3\\\/#primaryimage\"},\"image\":{\"@id\":\"https:\\\/\\\/regiaonews.net.br\\\/2022\\\/2021\\\/04\\\/06\\\/paula-lemos-participa-de-entrega-de-537-casas-do-bairro-vida-nova-barretos-3\\\/#primaryimage\"},\"thumbnailUrl\":\"https:\\\/\\\/regiaonews.net.br\\\/2022\\\/wp-content\\\/uploads\\\/2021\\\/04\\\/NIV_9138.jpg\",\"datePublished\":\"2021-04-06T20:14:25+00:00\",\"dateModified\":\"2021-04-06T20:14:47+00:00\",\"breadcrumb\":{\"@id\":\"https:\\\/\\\/regiaonews.net.br\\\/2022\\\/2021\\\/04\\\/06\\\/paula-lemos-participa-de-entrega-de-537-casas-do-bairro-vida-nova-barretos-3\\\/#breadcrumb\"},\"inLanguage\":\"pt-BR\",\"potentialAction\":[{\"@type\":\"ReadAction\",\"target\":[\"https:\\\/\\\/regiaonews.net.br\\\/2022\\\/2021\\\/04\\\/06\\\/paula-lemos-participa-de-entrega-de-537-casas-do-bairro-vida-nova-barretos-3\\\/\"]}]},{\"@type\":\"ImageObject\",\"inLanguage\":\"pt-BR\",\"@id\":\"https:\\\/\\\/regiaonews.net.br\\\/2022\\\/2021\\\/04\\\/06\\\/paula-lemos-participa-de-entrega-de-537-casas-do-bairro-vida-nova-barretos-3\\\/#primaryimage\",\"url\":\"https:\\\/\\\/regiaonews.net.br\\\/2022\\\/wp-content\\\/uploads\\\/2021\\\/04\\\/NIV_9138.jpg\",\"contentUrl\":\"https:\\\/\\\/regiaonews.net.br\\\/2022\\\/wp-content\\\/uploads\\\/2021\\\/04\\\/NIV_9138.jpg\",\"width\":1670,\"height\":1109,\"caption\":\"????????????????????????????????????\"},{\"@type\":\"BreadcrumbList\",\"@id\":\"https:\\\/\\\/regiaonews.net.br\\\/2022\\\/2021\\\/04\\\/06\\\/paula-lemos-participa-de-entrega-de-537-casas-do-bairro-vida-nova-barretos-3\\\/#breadcrumb\",\"itemListElement\":[{\"@type\":\"ListItem\",\"position\":1,\"name\":\"In\u00edcio\",\"item\":\"https:\\\/\\\/regiaonews.net.br\\\/2022\\\/\"},{\"@type\":\"ListItem\",\"position\":2,\"name\":\"Paula Lemos participa de entrega de 537 casas do bairro Vida Nova Barretos 3\"}]},{\"@type\":\"WebSite\",\"@id\":\"https:\\\/\\\/regiaonews.net.br\\\/2022\\\/#website\",\"url\":\"https:\\\/\\\/regiaonews.net.br\\\/2022\\\/\",\"name\":\"Regi\u00e3o News\",\"description\":\"Site de Not\u00edcias de Barretos e regi\u00e3o\",\"publisher\":{\"@id\":\"https:\\\/\\\/regiaonews.net.br\\\/2022\\\/#organization\"},\"potentialAction\":[{\"@type\":\"SearchAction\",\"target\":{\"@type\":\"EntryPoint\",\"urlTemplate\":\"https:\\\/\\\/regiaonews.net.br\\\/2022\\\/?s={search_term_string}\"},\"query-input\":{\"@type\":\"PropertyValueSpecification\",\"valueRequired\":true,\"valueName\":\"search_term_string\"}}],\"inLanguage\":\"pt-BR\"},{\"@type\":\"Organization\",\"@id\":\"https:\\\/\\\/regiaonews.net.br\\\/2022\\\/#organization\",\"name\":\"Regi\u00e3o News\",\"url\":\"https:\\\/\\\/regiaonews.net.br\\\/2022\\\/\",\"logo\":{\"@type\":\"ImageObject\",\"inLanguage\":\"pt-BR\",\"@id\":\"https:\\\/\\\/regiaonews.net.br\\\/2022\\\/#\\\/schema\\\/logo\\\/image\\\/\",\"url\":\"https:\\\/\\\/regiaonews.net.br\\\/2022\\\/wp-content\\\/uploads\\\/2026\\\/03\\\/regiao-13-anos-scaled.jpg\",\"contentUrl\":\"https:\\\/\\\/regiaonews.net.br\\\/2022\\\/wp-content\\\/uploads\\\/2026\\\/03\\\/regiao-13-anos-scaled.jpg\",\"width\":2560,\"height\":635,\"caption\":\"Regi\u00e3o News\"},\"image\":{\"@id\":\"https:\\\/\\\/regiaonews.net.br\\\/2022\\\/#\\\/schema\\\/logo\\\/image\\\/\"}},{\"@type\":\"Person\",\"@id\":\"https:\\\/\\\/regiaonews.net.br\\\/2022\\\/#\\\/schema\\\/person\\\/2d205a608a5aa97ac279d7a5e6d89ad8\",\"name\":\"Roberto\",\"image\":{\"@type\":\"ImageObject\",\"inLanguage\":\"pt-BR\",\"@id\":\"https:\\\/\\\/secure.gravatar.com\\\/avatar\\\/42749d8b712ff9d59ca93dc150494e5b55a44134482993f5baeb97e61b7ecc89?s=96&d=mm&r=g\",\"url\":\"https:\\\/\\\/secure.gravatar.com\\\/avatar\\\/42749d8b712ff9d59ca93dc150494e5b55a44134482993f5baeb97e61b7ecc89?s=96&d=mm&r=g\",\"contentUrl\":\"https:\\\/\\\/secure.gravatar.com\\\/avatar\\\/42749d8b712ff9d59ca93dc150494e5b55a44134482993f5baeb97e61b7ecc89?s=96&d=mm&r=g\",\"caption\":\"Roberto\"},\"url\":\"https:\\\/\\\/regiaonews.net.br\\\/2022\\\/author\\\/roberto\\\/\"}]}<\/script>\n<!-- \/ Yoast SEO plugin. -->","yoast_head_json":{"title":"Paula Lemos participa de entrega de 537 casas do bairro Vida Nova Barretos 3 - Regi\u00e3o News","robots":{"index":"index","follow":"follow","max-snippet":"max-snippet:-1","max-image-preview":"max-image-preview:large","max-video-preview":"max-video-preview:-1"},"canonical":"https:\/\/regiaonews.net.br\/2022\/2021\/04\/06\/paula-lemos-participa-de-entrega-de-537-casas-do-bairro-vida-nova-barretos-3\/","og_locale":"pt_BR","og_type":"article","og_title":"Paula Lemos participa de entrega de 537 casas do bairro Vida Nova Barretos 3 - Regi\u00e3o News","og_description":"Prefeita foi acompanhada pelos secret\u00e1rios de habita\u00e7\u00e3o, obras e servi\u00e7os","og_url":"https:\/\/regiaonews.net.br\/2022\/2021\/04\/06\/paula-lemos-participa-de-entrega-de-537-casas-do-bairro-vida-nova-barretos-3\/","og_site_name":"Regi\u00e3o News","article_published_time":"2021-04-06T20:14:25+00:00","article_modified_time":"2021-04-06T20:14:47+00:00","og_image":[{"width":1670,"height":1109,"url":"https:\/\/regiaonews.net.br\/2022\/wp-content\/uploads\/2021\/04\/NIV_9138.jpg","type":"image\/jpeg"}],"author":"Roberto","twitter_card":"summary_large_image","twitter_misc":{"Escrito por":"Roberto","Est. tempo de leitura":"2 minutos"},"schema":{"@context":"https:\/\/schema.org","@graph":[{"@type":"Article","@id":"https:\/\/regiaonews.net.br\/2022\/2021\/04\/06\/paula-lemos-participa-de-entrega-de-537-casas-do-bairro-vida-nova-barretos-3\/#article","isPartOf":{"@id":"https:\/\/regiaonews.net.br\/2022\/2021\/04\/06\/paula-lemos-participa-de-entrega-de-537-casas-do-bairro-vida-nova-barretos-3\/"},"author":{"name":"Roberto","@id":"https:\/\/regiaonews.net.br\/2022\/#\/schema\/person\/2d205a608a5aa97ac279d7a5e6d89ad8"},"headline":"Paula Lemos participa de entrega de 537 casas do bairro Vida Nova Barretos 3","datePublished":"2021-04-06T20:14:25+00:00","dateModified":"2021-04-06T20:14:47+00:00","mainEntityOfPage":{"@id":"https:\/\/regiaonews.net.br\/2022\/2021\/04\/06\/paula-lemos-participa-de-entrega-de-537-casas-do-bairro-vida-nova-barretos-3\/"},"wordCount":420,"commentCount":0,"publisher":{"@id":"https:\/\/regiaonews.net.br\/2022\/#organization"},"image":{"@id":"https:\/\/regiaonews.net.br\/2022\/2021\/04\/06\/paula-lemos-participa-de-entrega-de-537-casas-do-bairro-vida-nova-barretos-3\/#primaryimage"},"thumbnailUrl":"https:\/\/regiaonews.net.br\/2022\/wp-content\/uploads\/2021\/04\/NIV_9138.jpg","articleSection":["Indefinido"],"inLanguage":"pt-BR","potentialAction":[{"@type":"CommentAction","name":"Comment","target":["https:\/\/regiaonews.net.br\/2022\/2021\/04\/06\/paula-lemos-participa-de-entrega-de-537-casas-do-bairro-vida-nova-barretos-3\/#respond"]}]},{"@type":"WebPage","@id":"https:\/\/regiaonews.net.br\/2022\/2021\/04\/06\/paula-lemos-participa-de-entrega-de-537-casas-do-bairro-vida-nova-barretos-3\/","url":"https:\/\/regiaonews.net.br\/2022\/2021\/04\/06\/paula-lemos-participa-de-entrega-de-537-casas-do-bairro-vida-nova-barretos-3\/","name":"Paula Lemos participa de entrega de 537 casas do bairro Vida Nova Barretos 3 - Regi\u00e3o News","isPartOf":{"@id":"https:\/\/regiaonews.net.br\/2022\/#website"},"primaryImageOfPage":{"@id":"https:\/\/regiaonews.net.br\/2022\/2021\/04\/06\/paula-lemos-participa-de-entrega-de-537-casas-do-bairro-vida-nova-barretos-3\/#primaryimage"},"image":{"@id":"https:\/\/regiaonews.net.br\/2022\/2021\/04\/06\/paula-lemos-participa-de-entrega-de-537-casas-do-bairro-vida-nova-barretos-3\/#primaryimage"},"thumbnailUrl":"https:\/\/regiaonews.net.br\/2022\/wp-content\/uploads\/2021\/04\/NIV_9138.jpg","datePublished":"2021-04-06T20:14:25+00:00","dateModified":"2021-04-06T20:14:47+00:00","breadcrumb":{"@id":"https:\/\/regiaonews.net.br\/2022\/2021\/04\/06\/paula-lemos-participa-de-entrega-de-537-casas-do-bairro-vida-nova-barretos-3\/#breadcrumb"},"inLanguage":"pt-BR","potentialAction":[{"@type":"ReadAction","target":["https:\/\/regiaonews.net.br\/2022\/2021\/04\/06\/paula-lemos-participa-de-entrega-de-537-casas-do-bairro-vida-nova-barretos-3\/"]}]},{"@type":"ImageObject","inLanguage":"pt-BR","@id":"https:\/\/regiaonews.net.br\/2022\/2021\/04\/06\/paula-lemos-participa-de-entrega-de-537-casas-do-bairro-vida-nova-barretos-3\/#primaryimage","url":"https:\/\/regiaonews.net.br\/2022\/wp-content\/uploads\/2021\/04\/NIV_9138.jpg","contentUrl":"https:\/\/regiaonews.net.br\/2022\/wp-content\/uploads\/2021\/04\/NIV_9138.jpg","width":1670,"height":1109,"caption":"????????????????????????????????????"},{"@type":"BreadcrumbList","@id":"https:\/\/regiaonews.net.br\/2022\/2021\/04\/06\/paula-lemos-participa-de-entrega-de-537-casas-do-bairro-vida-nova-barretos-3\/#breadcrumb","itemListElement":[{"@type":"ListItem","position":1,"name":"In\u00edcio","item":"https:\/\/regiaonews.net.br\/2022\/"},{"@type":"ListItem","position":2,"name":"Paula Lemos participa de entrega de 537 casas do bairro Vida Nova Barretos 3"}]},{"@type":"WebSite","@id":"https:\/\/regiaonews.net.br\/2022\/#website","url":"https:\/\/regiaonews.net.br\/2022\/","name":"Regi\u00e3o News","description":"Site de Not\u00edcias de Barretos e regi\u00e3o","publisher":{"@id":"https:\/\/regiaonews.net.br\/2022\/#organization"},"potentialAction":[{"@type":"SearchAction","target":{"@type":"EntryPoint","urlTemplate":"https:\/\/regiaonews.net.br\/2022\/?s={search_term_string}"},"query-input":{"@type":"PropertyValueSpecification","valueRequired":true,"valueName":"search_term_string"}}],"inLanguage":"pt-BR"},{"@type":"Organization","@id":"https:\/\/regiaonews.net.br\/2022\/#organization","name":"Regi\u00e3o News","url":"https:\/\/regiaonews.net.br\/2022\/","logo":{"@type":"ImageObject","inLanguage":"pt-BR","@id":"https:\/\/regiaonews.net.br\/2022\/#\/schema\/logo\/image\/","url":"https:\/\/regiaonews.net.br\/2022\/wp-content\/uploads\/2026\/03\/regiao-13-anos-scaled.jpg","contentUrl":"https:\/\/regiaonews.net.br\/2022\/wp-content\/uploads\/2026\/03\/regiao-13-anos-scaled.jpg","width":2560,"height":635,"caption":"Regi\u00e3o News"},"image":{"@id":"https:\/\/regiaonews.net.br\/2022\/#\/schema\/logo\/image\/"}},{"@type":"Person","@id":"https:\/\/regiaonews.net.br\/2022\/#\/schema\/person\/2d205a608a5aa97ac279d7a5e6d89ad8","name":"Roberto","image":{"@type":"ImageObject","inLanguage":"pt-BR","@id":"https:\/\/secure.gravatar.com\/avatar\/42749d8b712ff9d59ca93dc150494e5b55a44134482993f5baeb97e61b7ecc89?s=96&d=mm&r=g","url":"https:\/\/secure.gravatar.com\/avatar\/42749d8b712ff9d59ca93dc150494e5b55a44134482993f5baeb97e61b7ecc89?s=96&d=mm&r=g","contentUrl":"https:\/\/secure.gravatar.com\/avatar\/42749d8b712ff9d59ca93dc150494e5b55a44134482993f5baeb97e61b7ecc89?s=96&d=mm&r=g","caption":"Roberto"},"url":"https:\/\/regiaonews.net.br\/2022\/author\/roberto\/"}]}},"publishpress_future_action":{"enabled":false,"date":"2026-05-04 04:19:04","action":"change-status","newStatus":"draft","terms":[],"taxonomy":"category","extraData":[]},"publishpress_future_workflow_manual_trigger":{"enabledWorkflows":[]},"_links":{"self":[{"href":"https:\/\/regiaonews.net.br\/2022\/wp-json\/wp\/v2\/posts\/44820","targetHints":{"allow":["GET"]}}],"collection":[{"href":"https:\/\/regiaonews.net.br\/2022\/wp-json\/wp\/v2\/posts"}],"about":[{"href":"https:\/\/regiaonews.net.br\/2022\/wp-json\/wp\/v2\/types\/post"}],"author":[{"embeddable":true,"href":"https:\/\/regiaonews.net.br\/2022\/wp-json\/wp\/v2\/users\/2"}],"replies":[{"embeddable":true,"href":"https:\/\/regiaonews.net.br\/2022\/wp-json\/wp\/v2\/comments?post=44820"}],"version-history":[{"count":0,"href":"https:\/\/regiaonews.net.br\/2022\/wp-json\/wp\/v2\/posts\/44820\/revisions"}],"wp:featuredmedia":[{"embeddable":true,"href":"https:\/\/regiaonews.net.br\/2022\/wp-json\/wp\/v2\/media\/44822"}],"wp:attachment":[{"href":"https:\/\/regiaonews.net.br\/2022\/wp-json\/wp\/v2\/media?parent=44820"}],"wp:term":[{"taxonomy":"category","embeddable":true,"href":"https:\/\/regiaonews.net.br\/2022\/wp-json\/wp\/v2\/categories?post=44820"},{"taxonomy":"post_tag","embeddable":true,"href":"https:\/\/regiaonews.net.br\/2022\/wp-json\/wp\/v2\/tags?post=44820"}],"curies":[{"name":"wp","href":"https:\/\/api.w.org\/{rel}","templated":true}]}}