{"id":44813,"date":"2021-04-06T13:54:35","date_gmt":"2021-04-06T16:54:35","guid":{"rendered":"https:\/\/regiaonews.net.br\/2022\/?p=44813"},"modified":"2021-04-06T13:54:35","modified_gmt":"2021-04-06T16:54:35","slug":"sao-paulo-bate-recorde-na-apreensao-de-drogas-no-primeiro-bimestre-do-ano","status":"publish","type":"post","link":"https:\/\/regiaonews.net.br\/2022\/2021\/04\/06\/sao-paulo-bate-recorde-na-apreensao-de-drogas-no-primeiro-bimestre-do-ano\/","title":{"rendered":"S\u00e3o Paulo bate recorde na apreens\u00e3o de drogas no primeiro bimestre do ano"},"content":{"rendered":"<div>\n<h1 class=\"chapeu2 ng-binding\"><\/h1>\n<h2><a href=\"https:\/\/regiaonews.net.br\/2022\/wp-content\/uploads\/2021\/04\/6912daa2-89e8-4ae5-8928-084e912c939f-1.jpg\"><img loading=\"lazy\" decoding=\"async\" class=\"alignnone size-medium wp-image-44814\" src=\"https:\/\/regiaonews.net.br\/2022\/wp-content\/uploads\/2021\/04\/6912daa2-89e8-4ae5-8928-084e912c939f-1-300x225.jpg\" alt=\"\" width=\"300\" height=\"225\" \/><\/a><\/h2>\n<p class=\"titulopreto ng-binding\">For\u00e7as de seguran\u00e7a do Estado tiraram das ruas mais de 40 toneladas de entorpecentes em janeiro e fevereiro; \u00e9 a maior marca dos \u00faltimos 20 anos<\/p>\n<p><center><\/p>\n<h2 class=\"titulopreto ng-binding\"><\/h2>\n<p><\/center><\/div>\n<div id=\"notCorpo\" class=\"ng-binding\">\n<p>O trabalho das pol\u00edcias paulistas permitiu a apreens\u00e3o de 40,2 toneladas de entorpecentes em janeiro e fevereiro deste ano. A quantidade \u00e9 sete vezes maior que a recolhida nos dois primeiros meses de 2001 (600,7 quilos) \u2013 primeiro ano da s\u00e9rie hist\u00f3rica.<\/p>\n<p>No per\u00edodo, a droga mais apreendida foi a maconha com 33,7 toneladas, seguida pela coca\u00edna 4,6, crack, 500 quilos e 1,4 t de outras subst\u00e2ncias ilegais. Os n\u00fameros demonstram a efetividade das a\u00e7\u00f5es policiais no combate ao tr\u00e1fico em todo o Estado.<\/p>\n<p>Al\u00e9m de ser o maior total de drogas apreendidos em 20 anos, a quantidade ainda representa um aumento de mais de 120% na quantidade de entorpecentes apreendidos no primeiro bimestre de 2020, quando foram recolhidas 18,1 toneladas, sendo cerca de 13,6 de maconha, 3,7 de coca\u00edna, 0,1 de crack e 0,7 de outros.<\/p>\n<p>Ainda ao longo dos dois primeiros meses de 2021, as atividades das pol\u00edcias paulistas permitiram em 24.808 pris\u00f5es e na apreens\u00e3o de 1.865 armas de fogo ilegais. Al\u00e9m disto, foram registrados 6.812 flagrantes por tr\u00e1fico de drogas.<\/p>\n<p>Todo esse resultado foi obtido por meio do forte trabalho investigativo da Pol\u00edcia Civil e do policiamento ostensivo da Pol\u00edcia Militar que, em diferentes locais, conta com o apoio de Batalh\u00f5es de A\u00e7\u00f5es Especiais de Pol\u00edcia (Baep) &#8211; unidades que atuam de forma semelhante aos padr\u00f5es do policiamento de choque.<\/p>\n<p>H\u00e1 que destacar tamb\u00e9m as megaopera\u00e7\u00f5es como as S\u00e3o Paulo, Rodovia e Interior Mais Seguro, realizadas desde o in\u00edcio da nova gest\u00e3o, com o empenho do policiamento rodovi\u00e1rio e de outras unidades especializadas, para refor\u00e7ar o policiamento em locais estrat\u00e9gicos, contribuir com a redu\u00e7\u00e3o dos indicadores criminais, combater o crime e aumentar a percep\u00e7\u00e3o de seguran\u00e7a das pessoas.<\/p>\n<p>&#8220;O volume de drogas apreendidas no Estado de S\u00e3o Paulo tem aumentado significativamente, fruto da expertise dos profissionais empenhados no trabalho di\u00e1rio, do uso da tecnologia e da intelig\u00eancia policial aplicada no combate ao crime, com o monitoramento das rotas poss\u00edveis rotas e caminhos do tr\u00e1fico\u201d, ressaltou o capit\u00e3o Fernando Souza, porta-voz do Comando de Policiamento Rodovi\u00e1rio (BPRV), respons\u00e1vel pelo patrulhamento em toda a malha vi\u00e1ria estadual paulista.<\/p>\n<\/div>\n","protected":false},"excerpt":{"rendered":"<p>For\u00e7as de seguran\u00e7a do Estado tiraram das ruas mais de<\/p>\n","protected":false},"author":2,"featured_media":44814,"comment_status":"open","ping_status":"open","sticky":false,"template":"","format":"standard","meta":{"footnotes":""},"categories":[25,7,23],"tags":[],"class_list":["post-44813","post","type-post","status-publish","format-standard","has-post-thumbnail","hentry","category-cidades","category-estado-de-sao-paulo","category-policia"],"yoast_head":"<!-- This site is optimized with the Yoast SEO plugin v27.4 - https:\/\/yoast.com\/product\/yoast-seo-wordpress\/ -->\n<title>S\u00e3o Paulo bate recorde na apreens\u00e3o de drogas no primeiro bimestre do ano - Regi\u00e3o News<\/title>\n<meta name=\"robots\" content=\"index, follow, max-snippet:-1, max-image-preview:large, max-video-preview:-1\" \/>\n<link rel=\"canonical\" href=\"https:\/\/regiaonews.net.br\/2022\/2021\/04\/06\/sao-paulo-bate-recorde-na-apreensao-de-drogas-no-primeiro-bimestre-do-ano\/\" \/>\n<meta property=\"og:locale\" content=\"pt_BR\" \/>\n<meta property=\"og:type\" content=\"article\" \/>\n<meta property=\"og:title\" content=\"S\u00e3o Paulo bate recorde na apreens\u00e3o de drogas no primeiro bimestre do ano - Regi\u00e3o News\" \/>\n<meta property=\"og:description\" content=\"For\u00e7as de seguran\u00e7a do Estado tiraram das ruas mais de\" \/>\n<meta property=\"og:url\" content=\"https:\/\/regiaonews.net.br\/2022\/2021\/04\/06\/sao-paulo-bate-recorde-na-apreensao-de-drogas-no-primeiro-bimestre-do-ano\/\" \/>\n<meta property=\"og:site_name\" content=\"Regi\u00e3o News\" \/>\n<meta property=\"article:published_time\" content=\"2021-04-06T16:54:35+00:00\" \/>\n<meta property=\"og:image\" content=\"https:\/\/regiaonews.net.br\/2022\/wp-content\/uploads\/2021\/04\/6912daa2-89e8-4ae5-8928-084e912c939f-1.jpg\" \/>\n\t<meta property=\"og:image:width\" content=\"1024\" \/>\n\t<meta property=\"og:image:height\" content=\"768\" \/>\n\t<meta property=\"og:image:type\" content=\"image\/jpeg\" \/>\n<meta name=\"author\" content=\"Roberto\" \/>\n<meta name=\"twitter:card\" content=\"summary_large_image\" \/>\n<meta name=\"twitter:label1\" content=\"Escrito por\" \/>\n\t<meta name=\"twitter:data1\" content=\"Roberto\" \/>\n\t<meta name=\"twitter:label2\" content=\"Est. tempo de leitura\" \/>\n\t<meta name=\"twitter:data2\" content=\"2 minutos\" \/>\n<script type=\"application\/ld+json\" class=\"yoast-schema-graph\">{\"@context\":\"https:\\\/\\\/schema.org\",\"@graph\":[{\"@type\":\"Article\",\"@id\":\"https:\\\/\\\/regiaonews.net.br\\\/2022\\\/2021\\\/04\\\/06\\\/sao-paulo-bate-recorde-na-apreensao-de-drogas-no-primeiro-bimestre-do-ano\\\/#article\",\"isPartOf\":{\"@id\":\"https:\\\/\\\/regiaonews.net.br\\\/2022\\\/2021\\\/04\\\/06\\\/sao-paulo-bate-recorde-na-apreensao-de-drogas-no-primeiro-bimestre-do-ano\\\/\"},\"author\":{\"name\":\"Roberto\",\"@id\":\"https:\\\/\\\/regiaonews.net.br\\\/2022\\\/#\\\/schema\\\/person\\\/2d205a608a5aa97ac279d7a5e6d89ad8\"},\"headline\":\"S\u00e3o Paulo bate recorde na apreens\u00e3o de drogas no primeiro bimestre do ano\",\"datePublished\":\"2021-04-06T16:54:35+00:00\",\"mainEntityOfPage\":{\"@id\":\"https:\\\/\\\/regiaonews.net.br\\\/2022\\\/2021\\\/04\\\/06\\\/sao-paulo-bate-recorde-na-apreensao-de-drogas-no-primeiro-bimestre-do-ano\\\/\"},\"wordCount\":412,\"commentCount\":0,\"publisher\":{\"@id\":\"https:\\\/\\\/regiaonews.net.br\\\/2022\\\/#organization\"},\"image\":{\"@id\":\"https:\\\/\\\/regiaonews.net.br\\\/2022\\\/2021\\\/04\\\/06\\\/sao-paulo-bate-recorde-na-apreensao-de-drogas-no-primeiro-bimestre-do-ano\\\/#primaryimage\"},\"thumbnailUrl\":\"https:\\\/\\\/regiaonews.net.br\\\/2022\\\/wp-content\\\/uploads\\\/2021\\\/04\\\/6912daa2-89e8-4ae5-8928-084e912c939f-1.jpg\",\"articleSection\":[\"Cidades\",\"Estado de S\u00e3o Paulo\",\"Policia\"],\"inLanguage\":\"pt-BR\",\"potentialAction\":[{\"@type\":\"CommentAction\",\"name\":\"Comment\",\"target\":[\"https:\\\/\\\/regiaonews.net.br\\\/2022\\\/2021\\\/04\\\/06\\\/sao-paulo-bate-recorde-na-apreensao-de-drogas-no-primeiro-bimestre-do-ano\\\/#respond\"]}]},{\"@type\":\"WebPage\",\"@id\":\"https:\\\/\\\/regiaonews.net.br\\\/2022\\\/2021\\\/04\\\/06\\\/sao-paulo-bate-recorde-na-apreensao-de-drogas-no-primeiro-bimestre-do-ano\\\/\",\"url\":\"https:\\\/\\\/regiaonews.net.br\\\/2022\\\/2021\\\/04\\\/06\\\/sao-paulo-bate-recorde-na-apreensao-de-drogas-no-primeiro-bimestre-do-ano\\\/\",\"name\":\"S\u00e3o Paulo bate recorde na apreens\u00e3o de drogas no primeiro bimestre do ano - Regi\u00e3o News\",\"isPartOf\":{\"@id\":\"https:\\\/\\\/regiaonews.net.br\\\/2022\\\/#website\"},\"primaryImageOfPage\":{\"@id\":\"https:\\\/\\\/regiaonews.net.br\\\/2022\\\/2021\\\/04\\\/06\\\/sao-paulo-bate-recorde-na-apreensao-de-drogas-no-primeiro-bimestre-do-ano\\\/#primaryimage\"},\"image\":{\"@id\":\"https:\\\/\\\/regiaonews.net.br\\\/2022\\\/2021\\\/04\\\/06\\\/sao-paulo-bate-recorde-na-apreensao-de-drogas-no-primeiro-bimestre-do-ano\\\/#primaryimage\"},\"thumbnailUrl\":\"https:\\\/\\\/regiaonews.net.br\\\/2022\\\/wp-content\\\/uploads\\\/2021\\\/04\\\/6912daa2-89e8-4ae5-8928-084e912c939f-1.jpg\",\"datePublished\":\"2021-04-06T16:54:35+00:00\",\"breadcrumb\":{\"@id\":\"https:\\\/\\\/regiaonews.net.br\\\/2022\\\/2021\\\/04\\\/06\\\/sao-paulo-bate-recorde-na-apreensao-de-drogas-no-primeiro-bimestre-do-ano\\\/#breadcrumb\"},\"inLanguage\":\"pt-BR\",\"potentialAction\":[{\"@type\":\"ReadAction\",\"target\":[\"https:\\\/\\\/regiaonews.net.br\\\/2022\\\/2021\\\/04\\\/06\\\/sao-paulo-bate-recorde-na-apreensao-de-drogas-no-primeiro-bimestre-do-ano\\\/\"]}]},{\"@type\":\"ImageObject\",\"inLanguage\":\"pt-BR\",\"@id\":\"https:\\\/\\\/regiaonews.net.br\\\/2022\\\/2021\\\/04\\\/06\\\/sao-paulo-bate-recorde-na-apreensao-de-drogas-no-primeiro-bimestre-do-ano\\\/#primaryimage\",\"url\":\"https:\\\/\\\/regiaonews.net.br\\\/2022\\\/wp-content\\\/uploads\\\/2021\\\/04\\\/6912daa2-89e8-4ae5-8928-084e912c939f-1.jpg\",\"contentUrl\":\"https:\\\/\\\/regiaonews.net.br\\\/2022\\\/wp-content\\\/uploads\\\/2021\\\/04\\\/6912daa2-89e8-4ae5-8928-084e912c939f-1.jpg\",\"width\":1024,\"height\":768},{\"@type\":\"BreadcrumbList\",\"@id\":\"https:\\\/\\\/regiaonews.net.br\\\/2022\\\/2021\\\/04\\\/06\\\/sao-paulo-bate-recorde-na-apreensao-de-drogas-no-primeiro-bimestre-do-ano\\\/#breadcrumb\",\"itemListElement\":[{\"@type\":\"ListItem\",\"position\":1,\"name\":\"In\u00edcio\",\"item\":\"https:\\\/\\\/regiaonews.net.br\\\/2022\\\/\"},{\"@type\":\"ListItem\",\"position\":2,\"name\":\"S\u00e3o Paulo bate recorde na apreens\u00e3o de drogas no primeiro bimestre do ano\"}]},{\"@type\":\"WebSite\",\"@id\":\"https:\\\/\\\/regiaonews.net.br\\\/2022\\\/#website\",\"url\":\"https:\\\/\\\/regiaonews.net.br\\\/2022\\\/\",\"name\":\"Regi\u00e3o News\",\"description\":\"Site de Not\u00edcias de Barretos e regi\u00e3o\",\"publisher\":{\"@id\":\"https:\\\/\\\/regiaonews.net.br\\\/2022\\\/#organization\"},\"potentialAction\":[{\"@type\":\"SearchAction\",\"target\":{\"@type\":\"EntryPoint\",\"urlTemplate\":\"https:\\\/\\\/regiaonews.net.br\\\/2022\\\/?s={search_term_string}\"},\"query-input\":{\"@type\":\"PropertyValueSpecification\",\"valueRequired\":true,\"valueName\":\"search_term_string\"}}],\"inLanguage\":\"pt-BR\"},{\"@type\":\"Organization\",\"@id\":\"https:\\\/\\\/regiaonews.net.br\\\/2022\\\/#organization\",\"name\":\"Regi\u00e3o News\",\"url\":\"https:\\\/\\\/regiaonews.net.br\\\/2022\\\/\",\"logo\":{\"@type\":\"ImageObject\",\"inLanguage\":\"pt-BR\",\"@id\":\"https:\\\/\\\/regiaonews.net.br\\\/2022\\\/#\\\/schema\\\/logo\\\/image\\\/\",\"url\":\"https:\\\/\\\/regiaonews.net.br\\\/2022\\\/wp-content\\\/uploads\\\/2026\\\/03\\\/regiao-13-anos-scaled.jpg\",\"contentUrl\":\"https:\\\/\\\/regiaonews.net.br\\\/2022\\\/wp-content\\\/uploads\\\/2026\\\/03\\\/regiao-13-anos-scaled.jpg\",\"width\":2560,\"height\":635,\"caption\":\"Regi\u00e3o News\"},\"image\":{\"@id\":\"https:\\\/\\\/regiaonews.net.br\\\/2022\\\/#\\\/schema\\\/logo\\\/image\\\/\"}},{\"@type\":\"Person\",\"@id\":\"https:\\\/\\\/regiaonews.net.br\\\/2022\\\/#\\\/schema\\\/person\\\/2d205a608a5aa97ac279d7a5e6d89ad8\",\"name\":\"Roberto\",\"image\":{\"@type\":\"ImageObject\",\"inLanguage\":\"pt-BR\",\"@id\":\"https:\\\/\\\/secure.gravatar.com\\\/avatar\\\/42749d8b712ff9d59ca93dc150494e5b55a44134482993f5baeb97e61b7ecc89?s=96&d=mm&r=g\",\"url\":\"https:\\\/\\\/secure.gravatar.com\\\/avatar\\\/42749d8b712ff9d59ca93dc150494e5b55a44134482993f5baeb97e61b7ecc89?s=96&d=mm&r=g\",\"contentUrl\":\"https:\\\/\\\/secure.gravatar.com\\\/avatar\\\/42749d8b712ff9d59ca93dc150494e5b55a44134482993f5baeb97e61b7ecc89?s=96&d=mm&r=g\",\"caption\":\"Roberto\"},\"url\":\"https:\\\/\\\/regiaonews.net.br\\\/2022\\\/author\\\/roberto\\\/\"}]}<\/script>\n<!-- \/ Yoast SEO plugin. -->","yoast_head_json":{"title":"S\u00e3o Paulo bate recorde na apreens\u00e3o de drogas no primeiro bimestre do ano - Regi\u00e3o News","robots":{"index":"index","follow":"follow","max-snippet":"max-snippet:-1","max-image-preview":"max-image-preview:large","max-video-preview":"max-video-preview:-1"},"canonical":"https:\/\/regiaonews.net.br\/2022\/2021\/04\/06\/sao-paulo-bate-recorde-na-apreensao-de-drogas-no-primeiro-bimestre-do-ano\/","og_locale":"pt_BR","og_type":"article","og_title":"S\u00e3o Paulo bate recorde na apreens\u00e3o de drogas no primeiro bimestre do ano - Regi\u00e3o News","og_description":"For\u00e7as de seguran\u00e7a do Estado tiraram das ruas mais de","og_url":"https:\/\/regiaonews.net.br\/2022\/2021\/04\/06\/sao-paulo-bate-recorde-na-apreensao-de-drogas-no-primeiro-bimestre-do-ano\/","og_site_name":"Regi\u00e3o News","article_published_time":"2021-04-06T16:54:35+00:00","og_image":[{"width":1024,"height":768,"url":"https:\/\/regiaonews.net.br\/2022\/wp-content\/uploads\/2021\/04\/6912daa2-89e8-4ae5-8928-084e912c939f-1.jpg","type":"image\/jpeg"}],"author":"Roberto","twitter_card":"summary_large_image","twitter_misc":{"Escrito por":"Roberto","Est. tempo de leitura":"2 minutos"},"schema":{"@context":"https:\/\/schema.org","@graph":[{"@type":"Article","@id":"https:\/\/regiaonews.net.br\/2022\/2021\/04\/06\/sao-paulo-bate-recorde-na-apreensao-de-drogas-no-primeiro-bimestre-do-ano\/#article","isPartOf":{"@id":"https:\/\/regiaonews.net.br\/2022\/2021\/04\/06\/sao-paulo-bate-recorde-na-apreensao-de-drogas-no-primeiro-bimestre-do-ano\/"},"author":{"name":"Roberto","@id":"https:\/\/regiaonews.net.br\/2022\/#\/schema\/person\/2d205a608a5aa97ac279d7a5e6d89ad8"},"headline":"S\u00e3o Paulo bate recorde na apreens\u00e3o de drogas no primeiro bimestre do ano","datePublished":"2021-04-06T16:54:35+00:00","mainEntityOfPage":{"@id":"https:\/\/regiaonews.net.br\/2022\/2021\/04\/06\/sao-paulo-bate-recorde-na-apreensao-de-drogas-no-primeiro-bimestre-do-ano\/"},"wordCount":412,"commentCount":0,"publisher":{"@id":"https:\/\/regiaonews.net.br\/2022\/#organization"},"image":{"@id":"https:\/\/regiaonews.net.br\/2022\/2021\/04\/06\/sao-paulo-bate-recorde-na-apreensao-de-drogas-no-primeiro-bimestre-do-ano\/#primaryimage"},"thumbnailUrl":"https:\/\/regiaonews.net.br\/2022\/wp-content\/uploads\/2021\/04\/6912daa2-89e8-4ae5-8928-084e912c939f-1.jpg","articleSection":["Cidades","Estado de S\u00e3o Paulo","Policia"],"inLanguage":"pt-BR","potentialAction":[{"@type":"CommentAction","name":"Comment","target":["https:\/\/regiaonews.net.br\/2022\/2021\/04\/06\/sao-paulo-bate-recorde-na-apreensao-de-drogas-no-primeiro-bimestre-do-ano\/#respond"]}]},{"@type":"WebPage","@id":"https:\/\/regiaonews.net.br\/2022\/2021\/04\/06\/sao-paulo-bate-recorde-na-apreensao-de-drogas-no-primeiro-bimestre-do-ano\/","url":"https:\/\/regiaonews.net.br\/2022\/2021\/04\/06\/sao-paulo-bate-recorde-na-apreensao-de-drogas-no-primeiro-bimestre-do-ano\/","name":"S\u00e3o Paulo bate recorde na apreens\u00e3o de drogas no primeiro bimestre do ano - Regi\u00e3o News","isPartOf":{"@id":"https:\/\/regiaonews.net.br\/2022\/#website"},"primaryImageOfPage":{"@id":"https:\/\/regiaonews.net.br\/2022\/2021\/04\/06\/sao-paulo-bate-recorde-na-apreensao-de-drogas-no-primeiro-bimestre-do-ano\/#primaryimage"},"image":{"@id":"https:\/\/regiaonews.net.br\/2022\/2021\/04\/06\/sao-paulo-bate-recorde-na-apreensao-de-drogas-no-primeiro-bimestre-do-ano\/#primaryimage"},"thumbnailUrl":"https:\/\/regiaonews.net.br\/2022\/wp-content\/uploads\/2021\/04\/6912daa2-89e8-4ae5-8928-084e912c939f-1.jpg","datePublished":"2021-04-06T16:54:35+00:00","breadcrumb":{"@id":"https:\/\/regiaonews.net.br\/2022\/2021\/04\/06\/sao-paulo-bate-recorde-na-apreensao-de-drogas-no-primeiro-bimestre-do-ano\/#breadcrumb"},"inLanguage":"pt-BR","potentialAction":[{"@type":"ReadAction","target":["https:\/\/regiaonews.net.br\/2022\/2021\/04\/06\/sao-paulo-bate-recorde-na-apreensao-de-drogas-no-primeiro-bimestre-do-ano\/"]}]},{"@type":"ImageObject","inLanguage":"pt-BR","@id":"https:\/\/regiaonews.net.br\/2022\/2021\/04\/06\/sao-paulo-bate-recorde-na-apreensao-de-drogas-no-primeiro-bimestre-do-ano\/#primaryimage","url":"https:\/\/regiaonews.net.br\/2022\/wp-content\/uploads\/2021\/04\/6912daa2-89e8-4ae5-8928-084e912c939f-1.jpg","contentUrl":"https:\/\/regiaonews.net.br\/2022\/wp-content\/uploads\/2021\/04\/6912daa2-89e8-4ae5-8928-084e912c939f-1.jpg","width":1024,"height":768},{"@type":"BreadcrumbList","@id":"https:\/\/regiaonews.net.br\/2022\/2021\/04\/06\/sao-paulo-bate-recorde-na-apreensao-de-drogas-no-primeiro-bimestre-do-ano\/#breadcrumb","itemListElement":[{"@type":"ListItem","position":1,"name":"In\u00edcio","item":"https:\/\/regiaonews.net.br\/2022\/"},{"@type":"ListItem","position":2,"name":"S\u00e3o Paulo bate recorde na apreens\u00e3o de drogas no primeiro bimestre do ano"}]},{"@type":"WebSite","@id":"https:\/\/regiaonews.net.br\/2022\/#website","url":"https:\/\/regiaonews.net.br\/2022\/","name":"Regi\u00e3o News","description":"Site de Not\u00edcias de Barretos e regi\u00e3o","publisher":{"@id":"https:\/\/regiaonews.net.br\/2022\/#organization"},"potentialAction":[{"@type":"SearchAction","target":{"@type":"EntryPoint","urlTemplate":"https:\/\/regiaonews.net.br\/2022\/?s={search_term_string}"},"query-input":{"@type":"PropertyValueSpecification","valueRequired":true,"valueName":"search_term_string"}}],"inLanguage":"pt-BR"},{"@type":"Organization","@id":"https:\/\/regiaonews.net.br\/2022\/#organization","name":"Regi\u00e3o News","url":"https:\/\/regiaonews.net.br\/2022\/","logo":{"@type":"ImageObject","inLanguage":"pt-BR","@id":"https:\/\/regiaonews.net.br\/2022\/#\/schema\/logo\/image\/","url":"https:\/\/regiaonews.net.br\/2022\/wp-content\/uploads\/2026\/03\/regiao-13-anos-scaled.jpg","contentUrl":"https:\/\/regiaonews.net.br\/2022\/wp-content\/uploads\/2026\/03\/regiao-13-anos-scaled.jpg","width":2560,"height":635,"caption":"Regi\u00e3o News"},"image":{"@id":"https:\/\/regiaonews.net.br\/2022\/#\/schema\/logo\/image\/"}},{"@type":"Person","@id":"https:\/\/regiaonews.net.br\/2022\/#\/schema\/person\/2d205a608a5aa97ac279d7a5e6d89ad8","name":"Roberto","image":{"@type":"ImageObject","inLanguage":"pt-BR","@id":"https:\/\/secure.gravatar.com\/avatar\/42749d8b712ff9d59ca93dc150494e5b55a44134482993f5baeb97e61b7ecc89?s=96&d=mm&r=g","url":"https:\/\/secure.gravatar.com\/avatar\/42749d8b712ff9d59ca93dc150494e5b55a44134482993f5baeb97e61b7ecc89?s=96&d=mm&r=g","contentUrl":"https:\/\/secure.gravatar.com\/avatar\/42749d8b712ff9d59ca93dc150494e5b55a44134482993f5baeb97e61b7ecc89?s=96&d=mm&r=g","caption":"Roberto"},"url":"https:\/\/regiaonews.net.br\/2022\/author\/roberto\/"}]}},"publishpress_future_action":{"enabled":false,"date":"2026-05-03 23:57:30","action":"change-status","newStatus":"draft","terms":[],"taxonomy":"category","extraData":[]},"publishpress_future_workflow_manual_trigger":{"enabledWorkflows":[]},"_links":{"self":[{"href":"https:\/\/regiaonews.net.br\/2022\/wp-json\/wp\/v2\/posts\/44813","targetHints":{"allow":["GET"]}}],"collection":[{"href":"https:\/\/regiaonews.net.br\/2022\/wp-json\/wp\/v2\/posts"}],"about":[{"href":"https:\/\/regiaonews.net.br\/2022\/wp-json\/wp\/v2\/types\/post"}],"author":[{"embeddable":true,"href":"https:\/\/regiaonews.net.br\/2022\/wp-json\/wp\/v2\/users\/2"}],"replies":[{"embeddable":true,"href":"https:\/\/regiaonews.net.br\/2022\/wp-json\/wp\/v2\/comments?post=44813"}],"version-history":[{"count":0,"href":"https:\/\/regiaonews.net.br\/2022\/wp-json\/wp\/v2\/posts\/44813\/revisions"}],"wp:featuredmedia":[{"embeddable":true,"href":"https:\/\/regiaonews.net.br\/2022\/wp-json\/wp\/v2\/media\/44814"}],"wp:attachment":[{"href":"https:\/\/regiaonews.net.br\/2022\/wp-json\/wp\/v2\/media?parent=44813"}],"wp:term":[{"taxonomy":"category","embeddable":true,"href":"https:\/\/regiaonews.net.br\/2022\/wp-json\/wp\/v2\/categories?post=44813"},{"taxonomy":"post_tag","embeddable":true,"href":"https:\/\/regiaonews.net.br\/2022\/wp-json\/wp\/v2\/tags?post=44813"}],"curies":[{"name":"wp","href":"https:\/\/api.w.org\/{rel}","templated":true}]}}