{"id":44639,"date":"2021-04-01T16:33:53","date_gmt":"2021-04-01T19:33:53","guid":{"rendered":"https:\/\/regiaonews.net.br\/2022\/?p=44639"},"modified":"2021-04-01T16:50:14","modified_gmt":"2021-04-01T19:50:14","slug":"barretos-implanta-a-partir-de-hoje-atividade-delegada","status":"publish","type":"post","link":"https:\/\/regiaonews.net.br\/2022\/2021\/04\/01\/barretos-implanta-a-partir-de-hoje-atividade-delegada\/","title":{"rendered":"Barretos implanta a partir de hoje Atividade Delegada"},"content":{"rendered":"<p><a href=\"https:\/\/regiaonews.net.br\/2022\/wp-content\/uploads\/2021\/04\/e9c8408e-d1ae-48d2-881c-12e73db32498.jpg\"><img loading=\"lazy\" decoding=\"async\" class=\"alignnone size-medium wp-image-44642\" src=\"https:\/\/regiaonews.net.br\/2022\/wp-content\/uploads\/2021\/04\/e9c8408e-d1ae-48d2-881c-12e73db32498-300x200.jpg\" alt=\"\" width=\"300\" height=\"200\" \/><\/a><\/p>\n<p>Foto \u2013 Capit\u00e3o F\u00e1bio Webel, explicando o trabalho da atividade delegada<\/p>\n<p>Na tarde de ontem, a prefeita Paula Lemos e o secret\u00e1rio de Ordem P\u00fablica, Jorge Coutinho, com a presen\u00e7a do Tenente Coronel Mauro Alves dos Santos J\u00fanior, comandante do 33\u00ba BPMI, e o Capit\u00e3o F\u00e1bio Webel anunciaram o inicio da Atividade Delegada no munic\u00edpio a partir de hoje (1\u00ba). De acordo com o projeto, ser\u00e3o oito policiais militares, divididos em quatro viaturas, fardados e munidos do equipamento de prote\u00e7\u00e3o individual, em escala especial e em locais especificados em plano de trabalho elaborado pela Secretaria de Ordem P\u00fablica. As atribui\u00e7\u00f5es mediante delega\u00e7\u00e3o compartilhada s\u00e3o previstas em lei e se referem \u00e0 fiscaliza\u00e7\u00e3o do funcionamento do com\u00e9rcio em geral, ambulantes e inerentes ao sossego p\u00fablico, tudo sempre mantendo rela\u00e7\u00e3o com as miss\u00f5es constitucionais do Pol\u00edcia Militar do Estado de S\u00e3o Paulo, quais sejam o policiamento ostensivo e a preserva\u00e7\u00e3o da ordem p\u00fablica. A jornada de PM empregado na atividade delegada, respeitadas as caracter\u00edsticas e exig\u00eancias do objeto, para efeito de pagamento de Gratifica\u00e7\u00e3o por Desempenho de Atividade Delegada, ser\u00e1 de oito horas de servi\u00e7o di\u00e1rias, com limite de at\u00e9 80 horas dentro do m\u00eas considerado.<br \/>\n\u201cTeremos um efetivo muito consider\u00e1vel no servi\u00e7o de policiamento. Isto \u00e9 mais seguran\u00e7a para as pessoas e a gra\u00e7as a iniciativa da prefeita Paula Lemos que ap\u00f3s 11 anos de Lei j\u00e1 aprovada, conseguiu implantar efetivamente a Atividade Delegada, \u00e9 muito louv\u00e1vel\u201d, destacou oTenente Coronel Mauro Alves dos Santos J\u00fanior.<br \/>\nA prefeita Paula Lemos afirmou estar extremamente feliz em cumprir mais um item do seu programa de governo antes mesmo dos 100 dias de gest\u00e3o. \u201cA import\u00e2ncia est\u00e1 n\u00e3o s\u00f3 no fato de oferecermos mais seguran\u00e7a p\u00fablica para as pessoas, mas tamb\u00e9m na valoriza\u00e7\u00e3o do profissional do militar que exercem seu trabalho com muita dedica\u00e7\u00e3o no seu dia. Assim, se confirma o lema do nosso governo que \u00e9 cuidar das pessoas\u201d, frisou.<\/p>\n<p><a href=\"https:\/\/regiaonews.net.br\/2022\/wp-content\/uploads\/2021\/04\/d010b199-3bba-4c9f-b3b7-17d2cbb93418.jpg\"><img loading=\"lazy\" decoding=\"async\" class=\"alignnone size-medium wp-image-44641\" src=\"https:\/\/regiaonews.net.br\/2022\/wp-content\/uploads\/2021\/04\/d010b199-3bba-4c9f-b3b7-17d2cbb93418-300x200.jpg\" alt=\"\" width=\"300\" height=\"200\" \/><\/a><\/p>\n","protected":false},"excerpt":{"rendered":"<p>Foto \u2013 Capit\u00e3o F\u00e1bio Webel, explicando o trabalho da atividade<\/p>\n","protected":false},"author":2,"featured_media":44641,"comment_status":"open","ping_status":"open","sticky":false,"template":"","format":"standard","meta":{"footnotes":""},"categories":[14,25,23],"tags":[],"class_list":["post-44639","post","type-post","status-publish","format-standard","has-post-thumbnail","hentry","category-barretos","category-cidades","category-policia"],"yoast_head":"<!-- This site is optimized with the Yoast SEO plugin v27.4 - https:\/\/yoast.com\/product\/yoast-seo-wordpress\/ -->\n<title>Barretos implanta a partir de hoje Atividade Delegada - Regi\u00e3o News<\/title>\n<meta name=\"robots\" content=\"index, follow, max-snippet:-1, max-image-preview:large, max-video-preview:-1\" \/>\n<link rel=\"canonical\" href=\"https:\/\/regiaonews.net.br\/2022\/2021\/04\/01\/barretos-implanta-a-partir-de-hoje-atividade-delegada\/\" \/>\n<meta property=\"og:locale\" content=\"pt_BR\" \/>\n<meta property=\"og:type\" content=\"article\" \/>\n<meta property=\"og:title\" content=\"Barretos implanta a partir de hoje Atividade Delegada - Regi\u00e3o News\" \/>\n<meta property=\"og:description\" content=\"Foto \u2013 Capit\u00e3o F\u00e1bio Webel, explicando o trabalho da atividade\" \/>\n<meta property=\"og:url\" content=\"https:\/\/regiaonews.net.br\/2022\/2021\/04\/01\/barretos-implanta-a-partir-de-hoje-atividade-delegada\/\" \/>\n<meta property=\"og:site_name\" content=\"Regi\u00e3o News\" \/>\n<meta property=\"article:published_time\" content=\"2021-04-01T19:33:53+00:00\" \/>\n<meta property=\"article:modified_time\" content=\"2021-04-01T19:50:14+00:00\" \/>\n<meta property=\"og:image\" content=\"https:\/\/regiaonews.net.br\/2022\/wp-content\/uploads\/2021\/04\/d010b199-3bba-4c9f-b3b7-17d2cbb93418.jpg\" \/>\n\t<meta property=\"og:image:width\" content=\"1280\" \/>\n\t<meta property=\"og:image:height\" content=\"854\" \/>\n\t<meta property=\"og:image:type\" content=\"image\/jpeg\" \/>\n<meta name=\"author\" content=\"Roberto\" \/>\n<meta name=\"twitter:card\" content=\"summary_large_image\" \/>\n<meta name=\"twitter:label1\" content=\"Escrito por\" \/>\n\t<meta name=\"twitter:data1\" content=\"Roberto\" \/>\n\t<meta name=\"twitter:label2\" content=\"Est. tempo de leitura\" \/>\n\t<meta name=\"twitter:data2\" content=\"2 minutos\" \/>\n<script type=\"application\/ld+json\" class=\"yoast-schema-graph\">{\"@context\":\"https:\\\/\\\/schema.org\",\"@graph\":[{\"@type\":\"Article\",\"@id\":\"https:\\\/\\\/regiaonews.net.br\\\/2022\\\/2021\\\/04\\\/01\\\/barretos-implanta-a-partir-de-hoje-atividade-delegada\\\/#article\",\"isPartOf\":{\"@id\":\"https:\\\/\\\/regiaonews.net.br\\\/2022\\\/2021\\\/04\\\/01\\\/barretos-implanta-a-partir-de-hoje-atividade-delegada\\\/\"},\"author\":{\"name\":\"Roberto\",\"@id\":\"https:\\\/\\\/regiaonews.net.br\\\/2022\\\/#\\\/schema\\\/person\\\/2d205a608a5aa97ac279d7a5e6d89ad8\"},\"headline\":\"Barretos implanta a partir de hoje Atividade Delegada\",\"datePublished\":\"2021-04-01T19:33:53+00:00\",\"dateModified\":\"2021-04-01T19:50:14+00:00\",\"mainEntityOfPage\":{\"@id\":\"https:\\\/\\\/regiaonews.net.br\\\/2022\\\/2021\\\/04\\\/01\\\/barretos-implanta-a-partir-de-hoje-atividade-delegada\\\/\"},\"wordCount\":359,\"commentCount\":0,\"publisher\":{\"@id\":\"https:\\\/\\\/regiaonews.net.br\\\/2022\\\/#organization\"},\"image\":{\"@id\":\"https:\\\/\\\/regiaonews.net.br\\\/2022\\\/2021\\\/04\\\/01\\\/barretos-implanta-a-partir-de-hoje-atividade-delegada\\\/#primaryimage\"},\"thumbnailUrl\":\"https:\\\/\\\/regiaonews.net.br\\\/2022\\\/wp-content\\\/uploads\\\/2021\\\/04\\\/d010b199-3bba-4c9f-b3b7-17d2cbb93418.jpg\",\"articleSection\":[\"Barretos\",\"Cidades\",\"Policia\"],\"inLanguage\":\"pt-BR\",\"potentialAction\":[{\"@type\":\"CommentAction\",\"name\":\"Comment\",\"target\":[\"https:\\\/\\\/regiaonews.net.br\\\/2022\\\/2021\\\/04\\\/01\\\/barretos-implanta-a-partir-de-hoje-atividade-delegada\\\/#respond\"]}]},{\"@type\":\"WebPage\",\"@id\":\"https:\\\/\\\/regiaonews.net.br\\\/2022\\\/2021\\\/04\\\/01\\\/barretos-implanta-a-partir-de-hoje-atividade-delegada\\\/\",\"url\":\"https:\\\/\\\/regiaonews.net.br\\\/2022\\\/2021\\\/04\\\/01\\\/barretos-implanta-a-partir-de-hoje-atividade-delegada\\\/\",\"name\":\"Barretos implanta a partir de hoje Atividade Delegada - Regi\u00e3o News\",\"isPartOf\":{\"@id\":\"https:\\\/\\\/regiaonews.net.br\\\/2022\\\/#website\"},\"primaryImageOfPage\":{\"@id\":\"https:\\\/\\\/regiaonews.net.br\\\/2022\\\/2021\\\/04\\\/01\\\/barretos-implanta-a-partir-de-hoje-atividade-delegada\\\/#primaryimage\"},\"image\":{\"@id\":\"https:\\\/\\\/regiaonews.net.br\\\/2022\\\/2021\\\/04\\\/01\\\/barretos-implanta-a-partir-de-hoje-atividade-delegada\\\/#primaryimage\"},\"thumbnailUrl\":\"https:\\\/\\\/regiaonews.net.br\\\/2022\\\/wp-content\\\/uploads\\\/2021\\\/04\\\/d010b199-3bba-4c9f-b3b7-17d2cbb93418.jpg\",\"datePublished\":\"2021-04-01T19:33:53+00:00\",\"dateModified\":\"2021-04-01T19:50:14+00:00\",\"breadcrumb\":{\"@id\":\"https:\\\/\\\/regiaonews.net.br\\\/2022\\\/2021\\\/04\\\/01\\\/barretos-implanta-a-partir-de-hoje-atividade-delegada\\\/#breadcrumb\"},\"inLanguage\":\"pt-BR\",\"potentialAction\":[{\"@type\":\"ReadAction\",\"target\":[\"https:\\\/\\\/regiaonews.net.br\\\/2022\\\/2021\\\/04\\\/01\\\/barretos-implanta-a-partir-de-hoje-atividade-delegada\\\/\"]}]},{\"@type\":\"ImageObject\",\"inLanguage\":\"pt-BR\",\"@id\":\"https:\\\/\\\/regiaonews.net.br\\\/2022\\\/2021\\\/04\\\/01\\\/barretos-implanta-a-partir-de-hoje-atividade-delegada\\\/#primaryimage\",\"url\":\"https:\\\/\\\/regiaonews.net.br\\\/2022\\\/wp-content\\\/uploads\\\/2021\\\/04\\\/d010b199-3bba-4c9f-b3b7-17d2cbb93418.jpg\",\"contentUrl\":\"https:\\\/\\\/regiaonews.net.br\\\/2022\\\/wp-content\\\/uploads\\\/2021\\\/04\\\/d010b199-3bba-4c9f-b3b7-17d2cbb93418.jpg\",\"width\":1280,\"height\":854},{\"@type\":\"BreadcrumbList\",\"@id\":\"https:\\\/\\\/regiaonews.net.br\\\/2022\\\/2021\\\/04\\\/01\\\/barretos-implanta-a-partir-de-hoje-atividade-delegada\\\/#breadcrumb\",\"itemListElement\":[{\"@type\":\"ListItem\",\"position\":1,\"name\":\"In\u00edcio\",\"item\":\"https:\\\/\\\/regiaonews.net.br\\\/2022\\\/\"},{\"@type\":\"ListItem\",\"position\":2,\"name\":\"Barretos implanta a partir de hoje Atividade Delegada\"}]},{\"@type\":\"WebSite\",\"@id\":\"https:\\\/\\\/regiaonews.net.br\\\/2022\\\/#website\",\"url\":\"https:\\\/\\\/regiaonews.net.br\\\/2022\\\/\",\"name\":\"Regi\u00e3o News\",\"description\":\"Site de Not\u00edcias de Barretos e regi\u00e3o\",\"publisher\":{\"@id\":\"https:\\\/\\\/regiaonews.net.br\\\/2022\\\/#organization\"},\"potentialAction\":[{\"@type\":\"SearchAction\",\"target\":{\"@type\":\"EntryPoint\",\"urlTemplate\":\"https:\\\/\\\/regiaonews.net.br\\\/2022\\\/?s={search_term_string}\"},\"query-input\":{\"@type\":\"PropertyValueSpecification\",\"valueRequired\":true,\"valueName\":\"search_term_string\"}}],\"inLanguage\":\"pt-BR\"},{\"@type\":\"Organization\",\"@id\":\"https:\\\/\\\/regiaonews.net.br\\\/2022\\\/#organization\",\"name\":\"Regi\u00e3o News\",\"url\":\"https:\\\/\\\/regiaonews.net.br\\\/2022\\\/\",\"logo\":{\"@type\":\"ImageObject\",\"inLanguage\":\"pt-BR\",\"@id\":\"https:\\\/\\\/regiaonews.net.br\\\/2022\\\/#\\\/schema\\\/logo\\\/image\\\/\",\"url\":\"https:\\\/\\\/regiaonews.net.br\\\/2022\\\/wp-content\\\/uploads\\\/2026\\\/03\\\/regiao-13-anos-scaled.jpg\",\"contentUrl\":\"https:\\\/\\\/regiaonews.net.br\\\/2022\\\/wp-content\\\/uploads\\\/2026\\\/03\\\/regiao-13-anos-scaled.jpg\",\"width\":2560,\"height\":635,\"caption\":\"Regi\u00e3o News\"},\"image\":{\"@id\":\"https:\\\/\\\/regiaonews.net.br\\\/2022\\\/#\\\/schema\\\/logo\\\/image\\\/\"}},{\"@type\":\"Person\",\"@id\":\"https:\\\/\\\/regiaonews.net.br\\\/2022\\\/#\\\/schema\\\/person\\\/2d205a608a5aa97ac279d7a5e6d89ad8\",\"name\":\"Roberto\",\"image\":{\"@type\":\"ImageObject\",\"inLanguage\":\"pt-BR\",\"@id\":\"https:\\\/\\\/secure.gravatar.com\\\/avatar\\\/42749d8b712ff9d59ca93dc150494e5b55a44134482993f5baeb97e61b7ecc89?s=96&d=mm&r=g\",\"url\":\"https:\\\/\\\/secure.gravatar.com\\\/avatar\\\/42749d8b712ff9d59ca93dc150494e5b55a44134482993f5baeb97e61b7ecc89?s=96&d=mm&r=g\",\"contentUrl\":\"https:\\\/\\\/secure.gravatar.com\\\/avatar\\\/42749d8b712ff9d59ca93dc150494e5b55a44134482993f5baeb97e61b7ecc89?s=96&d=mm&r=g\",\"caption\":\"Roberto\"},\"url\":\"https:\\\/\\\/regiaonews.net.br\\\/2022\\\/author\\\/roberto\\\/\"}]}<\/script>\n<!-- \/ Yoast SEO plugin. -->","yoast_head_json":{"title":"Barretos implanta a partir de hoje Atividade Delegada - Regi\u00e3o News","robots":{"index":"index","follow":"follow","max-snippet":"max-snippet:-1","max-image-preview":"max-image-preview:large","max-video-preview":"max-video-preview:-1"},"canonical":"https:\/\/regiaonews.net.br\/2022\/2021\/04\/01\/barretos-implanta-a-partir-de-hoje-atividade-delegada\/","og_locale":"pt_BR","og_type":"article","og_title":"Barretos implanta a partir de hoje Atividade Delegada - Regi\u00e3o News","og_description":"Foto \u2013 Capit\u00e3o F\u00e1bio Webel, explicando o trabalho da atividade","og_url":"https:\/\/regiaonews.net.br\/2022\/2021\/04\/01\/barretos-implanta-a-partir-de-hoje-atividade-delegada\/","og_site_name":"Regi\u00e3o News","article_published_time":"2021-04-01T19:33:53+00:00","article_modified_time":"2021-04-01T19:50:14+00:00","og_image":[{"width":1280,"height":854,"url":"https:\/\/regiaonews.net.br\/2022\/wp-content\/uploads\/2021\/04\/d010b199-3bba-4c9f-b3b7-17d2cbb93418.jpg","type":"image\/jpeg"}],"author":"Roberto","twitter_card":"summary_large_image","twitter_misc":{"Escrito por":"Roberto","Est. tempo de leitura":"2 minutos"},"schema":{"@context":"https:\/\/schema.org","@graph":[{"@type":"Article","@id":"https:\/\/regiaonews.net.br\/2022\/2021\/04\/01\/barretos-implanta-a-partir-de-hoje-atividade-delegada\/#article","isPartOf":{"@id":"https:\/\/regiaonews.net.br\/2022\/2021\/04\/01\/barretos-implanta-a-partir-de-hoje-atividade-delegada\/"},"author":{"name":"Roberto","@id":"https:\/\/regiaonews.net.br\/2022\/#\/schema\/person\/2d205a608a5aa97ac279d7a5e6d89ad8"},"headline":"Barretos implanta a partir de hoje Atividade Delegada","datePublished":"2021-04-01T19:33:53+00:00","dateModified":"2021-04-01T19:50:14+00:00","mainEntityOfPage":{"@id":"https:\/\/regiaonews.net.br\/2022\/2021\/04\/01\/barretos-implanta-a-partir-de-hoje-atividade-delegada\/"},"wordCount":359,"commentCount":0,"publisher":{"@id":"https:\/\/regiaonews.net.br\/2022\/#organization"},"image":{"@id":"https:\/\/regiaonews.net.br\/2022\/2021\/04\/01\/barretos-implanta-a-partir-de-hoje-atividade-delegada\/#primaryimage"},"thumbnailUrl":"https:\/\/regiaonews.net.br\/2022\/wp-content\/uploads\/2021\/04\/d010b199-3bba-4c9f-b3b7-17d2cbb93418.jpg","articleSection":["Barretos","Cidades","Policia"],"inLanguage":"pt-BR","potentialAction":[{"@type":"CommentAction","name":"Comment","target":["https:\/\/regiaonews.net.br\/2022\/2021\/04\/01\/barretos-implanta-a-partir-de-hoje-atividade-delegada\/#respond"]}]},{"@type":"WebPage","@id":"https:\/\/regiaonews.net.br\/2022\/2021\/04\/01\/barretos-implanta-a-partir-de-hoje-atividade-delegada\/","url":"https:\/\/regiaonews.net.br\/2022\/2021\/04\/01\/barretos-implanta-a-partir-de-hoje-atividade-delegada\/","name":"Barretos implanta a partir de hoje Atividade Delegada - Regi\u00e3o News","isPartOf":{"@id":"https:\/\/regiaonews.net.br\/2022\/#website"},"primaryImageOfPage":{"@id":"https:\/\/regiaonews.net.br\/2022\/2021\/04\/01\/barretos-implanta-a-partir-de-hoje-atividade-delegada\/#primaryimage"},"image":{"@id":"https:\/\/regiaonews.net.br\/2022\/2021\/04\/01\/barretos-implanta-a-partir-de-hoje-atividade-delegada\/#primaryimage"},"thumbnailUrl":"https:\/\/regiaonews.net.br\/2022\/wp-content\/uploads\/2021\/04\/d010b199-3bba-4c9f-b3b7-17d2cbb93418.jpg","datePublished":"2021-04-01T19:33:53+00:00","dateModified":"2021-04-01T19:50:14+00:00","breadcrumb":{"@id":"https:\/\/regiaonews.net.br\/2022\/2021\/04\/01\/barretos-implanta-a-partir-de-hoje-atividade-delegada\/#breadcrumb"},"inLanguage":"pt-BR","potentialAction":[{"@type":"ReadAction","target":["https:\/\/regiaonews.net.br\/2022\/2021\/04\/01\/barretos-implanta-a-partir-de-hoje-atividade-delegada\/"]}]},{"@type":"ImageObject","inLanguage":"pt-BR","@id":"https:\/\/regiaonews.net.br\/2022\/2021\/04\/01\/barretos-implanta-a-partir-de-hoje-atividade-delegada\/#primaryimage","url":"https:\/\/regiaonews.net.br\/2022\/wp-content\/uploads\/2021\/04\/d010b199-3bba-4c9f-b3b7-17d2cbb93418.jpg","contentUrl":"https:\/\/regiaonews.net.br\/2022\/wp-content\/uploads\/2021\/04\/d010b199-3bba-4c9f-b3b7-17d2cbb93418.jpg","width":1280,"height":854},{"@type":"BreadcrumbList","@id":"https:\/\/regiaonews.net.br\/2022\/2021\/04\/01\/barretos-implanta-a-partir-de-hoje-atividade-delegada\/#breadcrumb","itemListElement":[{"@type":"ListItem","position":1,"name":"In\u00edcio","item":"https:\/\/regiaonews.net.br\/2022\/"},{"@type":"ListItem","position":2,"name":"Barretos implanta a partir de hoje Atividade Delegada"}]},{"@type":"WebSite","@id":"https:\/\/regiaonews.net.br\/2022\/#website","url":"https:\/\/regiaonews.net.br\/2022\/","name":"Regi\u00e3o News","description":"Site de Not\u00edcias de Barretos e regi\u00e3o","publisher":{"@id":"https:\/\/regiaonews.net.br\/2022\/#organization"},"potentialAction":[{"@type":"SearchAction","target":{"@type":"EntryPoint","urlTemplate":"https:\/\/regiaonews.net.br\/2022\/?s={search_term_string}"},"query-input":{"@type":"PropertyValueSpecification","valueRequired":true,"valueName":"search_term_string"}}],"inLanguage":"pt-BR"},{"@type":"Organization","@id":"https:\/\/regiaonews.net.br\/2022\/#organization","name":"Regi\u00e3o News","url":"https:\/\/regiaonews.net.br\/2022\/","logo":{"@type":"ImageObject","inLanguage":"pt-BR","@id":"https:\/\/regiaonews.net.br\/2022\/#\/schema\/logo\/image\/","url":"https:\/\/regiaonews.net.br\/2022\/wp-content\/uploads\/2026\/03\/regiao-13-anos-scaled.jpg","contentUrl":"https:\/\/regiaonews.net.br\/2022\/wp-content\/uploads\/2026\/03\/regiao-13-anos-scaled.jpg","width":2560,"height":635,"caption":"Regi\u00e3o News"},"image":{"@id":"https:\/\/regiaonews.net.br\/2022\/#\/schema\/logo\/image\/"}},{"@type":"Person","@id":"https:\/\/regiaonews.net.br\/2022\/#\/schema\/person\/2d205a608a5aa97ac279d7a5e6d89ad8","name":"Roberto","image":{"@type":"ImageObject","inLanguage":"pt-BR","@id":"https:\/\/secure.gravatar.com\/avatar\/42749d8b712ff9d59ca93dc150494e5b55a44134482993f5baeb97e61b7ecc89?s=96&d=mm&r=g","url":"https:\/\/secure.gravatar.com\/avatar\/42749d8b712ff9d59ca93dc150494e5b55a44134482993f5baeb97e61b7ecc89?s=96&d=mm&r=g","contentUrl":"https:\/\/secure.gravatar.com\/avatar\/42749d8b712ff9d59ca93dc150494e5b55a44134482993f5baeb97e61b7ecc89?s=96&d=mm&r=g","caption":"Roberto"},"url":"https:\/\/regiaonews.net.br\/2022\/author\/roberto\/"}]}},"publishpress_future_action":{"enabled":false,"date":"2026-05-03 22:28:44","action":"change-status","newStatus":"draft","terms":[],"taxonomy":"category","extraData":[]},"publishpress_future_workflow_manual_trigger":{"enabledWorkflows":[]},"_links":{"self":[{"href":"https:\/\/regiaonews.net.br\/2022\/wp-json\/wp\/v2\/posts\/44639","targetHints":{"allow":["GET"]}}],"collection":[{"href":"https:\/\/regiaonews.net.br\/2022\/wp-json\/wp\/v2\/posts"}],"about":[{"href":"https:\/\/regiaonews.net.br\/2022\/wp-json\/wp\/v2\/types\/post"}],"author":[{"embeddable":true,"href":"https:\/\/regiaonews.net.br\/2022\/wp-json\/wp\/v2\/users\/2"}],"replies":[{"embeddable":true,"href":"https:\/\/regiaonews.net.br\/2022\/wp-json\/wp\/v2\/comments?post=44639"}],"version-history":[{"count":0,"href":"https:\/\/regiaonews.net.br\/2022\/wp-json\/wp\/v2\/posts\/44639\/revisions"}],"wp:featuredmedia":[{"embeddable":true,"href":"https:\/\/regiaonews.net.br\/2022\/wp-json\/wp\/v2\/media\/44641"}],"wp:attachment":[{"href":"https:\/\/regiaonews.net.br\/2022\/wp-json\/wp\/v2\/media?parent=44639"}],"wp:term":[{"taxonomy":"category","embeddable":true,"href":"https:\/\/regiaonews.net.br\/2022\/wp-json\/wp\/v2\/categories?post=44639"},{"taxonomy":"post_tag","embeddable":true,"href":"https:\/\/regiaonews.net.br\/2022\/wp-json\/wp\/v2\/tags?post=44639"}],"curies":[{"name":"wp","href":"https:\/\/api.w.org\/{rel}","templated":true}]}}