{"id":44616,"date":"2021-03-31T23:14:30","date_gmt":"2021-04-01T02:14:30","guid":{"rendered":"https:\/\/regiaonews.net.br\/2022\/?p=44616"},"modified":"2021-03-31T23:14:30","modified_gmt":"2021-04-01T02:14:30","slug":"conselheiros-tutelares-do-estado-poderao-ser-incluidos-no-plano-estadual-de-imunizacao","status":"publish","type":"post","link":"https:\/\/regiaonews.net.br\/2022\/2021\/03\/31\/conselheiros-tutelares-do-estado-poderao-ser-incluidos-no-plano-estadual-de-imunizacao\/","title":{"rendered":"Conselheiros tutelares do Estado  poder\u00e3o ser inclu\u00eddos no Plano Estadual de Imuniza\u00e7\u00e3o"},"content":{"rendered":"<p><a href=\"https:\/\/regiaonews.net.br\/2022\/wp-content\/uploads\/2021\/03\/IMG-20210331-WA0291.jpg\"><img loading=\"lazy\" decoding=\"async\" class=\"alignnone size-medium wp-image-44617\" src=\"https:\/\/regiaonews.net.br\/2022\/wp-content\/uploads\/2021\/03\/IMG-20210331-WA0291-300x222.jpg\" alt=\"\" width=\"300\" height=\"222\" \/><\/a><\/p>\n<p>&nbsp;<\/p>\n<p>Coordenador da Frente Parlamentar em Defesa do Conselho Tutelar do Estado de S\u00e3o Paulo, o deputado estadual Sebasti\u00e3o Santos (Republicanos), protocolou no dia 29 de mar\u00e7o, a indica\u00e7\u00e3o n\u00ba 1223, e publicado no Di\u00e1rio Oficial do Estado no dia 31 de mar\u00e7o, onde determina e pede ao Secret\u00e1rio de Sa\u00fade do Estado de S\u00e3o Paulo \u00e0 inclus\u00e3o dos conselheiros tutelares, entre os grupos priorit\u00e1rios para recebimento da vacina contra a Covid-19 constante no Plano Estadual de Imuniza\u00e7\u00e3o.<\/p>\n<p>De acordo com o trecho da indica\u00e7\u00e3o, \u00e9 essencial a inclus\u00e3o dos Conselheiros Tutelares na lista de prioridades para vacina\u00e7\u00e3o, visto que estes profissionais est\u00e3o exercendo suas atividades com normalidade, inclusive em plant\u00e3o de 24 horas, onde atendem den\u00fancias, reivindica\u00e7\u00f5es, reclama\u00e7\u00f5es e solicita\u00e7\u00f5es realizadas na prote\u00e7\u00e3o de crian\u00e7as, adolescentes, familiares e a comunidade no geral. Ainda, segundo o documento, estes atendimentos dependem da averigua\u00e7\u00e3o dos conselheiros tutelares nos locais onde se encontram as v\u00edtimas para comprova\u00e7\u00e3o dos fatos denunciados.<\/p>\n<p>Segundo o deputado, o per\u00edodo da pandemia teve aumento nos casos na demanda do trabalho destes profissionais, por conta do grande n\u00famero das den\u00fancias de abusos contra a crian\u00e7a e adolescente.<\/p>\n<p>\u201cO Estado possui 722 Conselhos Tutelares, onde seus conselheiros est\u00e3o totalmente vulner\u00e1veis perante ao COVID-19, essa reivindica\u00e7\u00e3o se faz justa e necess\u00e1ria, pois s\u00e3o profissionais na linha de frente no enfrentamento da viol\u00eancia as nossas crian\u00e7as e adolescentes\u201d, disse Santos.<\/p>\n<p>Texto e foto: Abrah\u00e3o Hackme \/ Assessoria de Imprensa \u2013 Deputado Estadual Sebasti\u00e3o Santos (Republicanos)<\/p>\n","protected":false},"excerpt":{"rendered":"<p>&nbsp; Coordenador da Frente Parlamentar em Defesa do Conselho Tutelar<\/p>\n","protected":false},"author":2,"featured_media":44617,"comment_status":"open","ping_status":"open","sticky":false,"template":"","format":"standard","meta":{"footnotes":""},"categories":[7,22],"tags":[],"class_list":["post-44616","post","type-post","status-publish","format-standard","has-post-thumbnail","hentry","category-estado-de-sao-paulo","category-politica"],"yoast_head":"<!-- This site is optimized with the Yoast SEO plugin v27.4 - https:\/\/yoast.com\/product\/yoast-seo-wordpress\/ -->\n<title>Conselheiros tutelares do Estado poder\u00e3o ser inclu\u00eddos no Plano Estadual de Imuniza\u00e7\u00e3o - Regi\u00e3o News<\/title>\n<meta name=\"robots\" content=\"index, follow, max-snippet:-1, max-image-preview:large, max-video-preview:-1\" \/>\n<link rel=\"canonical\" href=\"https:\/\/regiaonews.net.br\/2022\/2021\/03\/31\/conselheiros-tutelares-do-estado-poderao-ser-incluidos-no-plano-estadual-de-imunizacao\/\" \/>\n<meta property=\"og:locale\" content=\"pt_BR\" \/>\n<meta property=\"og:type\" content=\"article\" \/>\n<meta property=\"og:title\" content=\"Conselheiros tutelares do Estado poder\u00e3o ser inclu\u00eddos no Plano Estadual de Imuniza\u00e7\u00e3o - Regi\u00e3o News\" \/>\n<meta property=\"og:description\" content=\"&nbsp; Coordenador da Frente Parlamentar em Defesa do Conselho Tutelar\" \/>\n<meta property=\"og:url\" content=\"https:\/\/regiaonews.net.br\/2022\/2021\/03\/31\/conselheiros-tutelares-do-estado-poderao-ser-incluidos-no-plano-estadual-de-imunizacao\/\" \/>\n<meta property=\"og:site_name\" content=\"Regi\u00e3o News\" \/>\n<meta property=\"article:published_time\" content=\"2021-04-01T02:14:30+00:00\" \/>\n<meta property=\"og:image\" content=\"https:\/\/regiaonews.net.br\/2022\/wp-content\/uploads\/2021\/03\/IMG-20210331-WA0291.jpg\" \/>\n\t<meta property=\"og:image:width\" content=\"1280\" \/>\n\t<meta property=\"og:image:height\" content=\"949\" \/>\n\t<meta property=\"og:image:type\" content=\"image\/jpeg\" \/>\n<meta name=\"author\" content=\"Roberto\" \/>\n<meta name=\"twitter:card\" content=\"summary_large_image\" \/>\n<meta name=\"twitter:label1\" content=\"Escrito por\" \/>\n\t<meta name=\"twitter:data1\" content=\"Roberto\" \/>\n\t<meta name=\"twitter:label2\" content=\"Est. tempo de leitura\" \/>\n\t<meta name=\"twitter:data2\" content=\"1 minuto\" \/>\n<script type=\"application\/ld+json\" class=\"yoast-schema-graph\">{\"@context\":\"https:\\\/\\\/schema.org\",\"@graph\":[{\"@type\":\"Article\",\"@id\":\"https:\\\/\\\/regiaonews.net.br\\\/2022\\\/2021\\\/03\\\/31\\\/conselheiros-tutelares-do-estado-poderao-ser-incluidos-no-plano-estadual-de-imunizacao\\\/#article\",\"isPartOf\":{\"@id\":\"https:\\\/\\\/regiaonews.net.br\\\/2022\\\/2021\\\/03\\\/31\\\/conselheiros-tutelares-do-estado-poderao-ser-incluidos-no-plano-estadual-de-imunizacao\\\/\"},\"author\":{\"name\":\"Roberto\",\"@id\":\"https:\\\/\\\/regiaonews.net.br\\\/2022\\\/#\\\/schema\\\/person\\\/2d205a608a5aa97ac279d7a5e6d89ad8\"},\"headline\":\"Conselheiros tutelares do Estado poder\u00e3o ser inclu\u00eddos no Plano Estadual de Imuniza\u00e7\u00e3o\",\"datePublished\":\"2021-04-01T02:14:30+00:00\",\"mainEntityOfPage\":{\"@id\":\"https:\\\/\\\/regiaonews.net.br\\\/2022\\\/2021\\\/03\\\/31\\\/conselheiros-tutelares-do-estado-poderao-ser-incluidos-no-plano-estadual-de-imunizacao\\\/\"},\"wordCount\":288,\"commentCount\":0,\"publisher\":{\"@id\":\"https:\\\/\\\/regiaonews.net.br\\\/2022\\\/#organization\"},\"image\":{\"@id\":\"https:\\\/\\\/regiaonews.net.br\\\/2022\\\/2021\\\/03\\\/31\\\/conselheiros-tutelares-do-estado-poderao-ser-incluidos-no-plano-estadual-de-imunizacao\\\/#primaryimage\"},\"thumbnailUrl\":\"https:\\\/\\\/regiaonews.net.br\\\/2022\\\/wp-content\\\/uploads\\\/2021\\\/03\\\/IMG-20210331-WA0291.jpg\",\"articleSection\":[\"Estado de S\u00e3o Paulo\",\"Pol\u00edtica\"],\"inLanguage\":\"pt-BR\",\"potentialAction\":[{\"@type\":\"CommentAction\",\"name\":\"Comment\",\"target\":[\"https:\\\/\\\/regiaonews.net.br\\\/2022\\\/2021\\\/03\\\/31\\\/conselheiros-tutelares-do-estado-poderao-ser-incluidos-no-plano-estadual-de-imunizacao\\\/#respond\"]}]},{\"@type\":\"WebPage\",\"@id\":\"https:\\\/\\\/regiaonews.net.br\\\/2022\\\/2021\\\/03\\\/31\\\/conselheiros-tutelares-do-estado-poderao-ser-incluidos-no-plano-estadual-de-imunizacao\\\/\",\"url\":\"https:\\\/\\\/regiaonews.net.br\\\/2022\\\/2021\\\/03\\\/31\\\/conselheiros-tutelares-do-estado-poderao-ser-incluidos-no-plano-estadual-de-imunizacao\\\/\",\"name\":\"Conselheiros tutelares do Estado poder\u00e3o ser inclu\u00eddos no Plano Estadual de Imuniza\u00e7\u00e3o - Regi\u00e3o News\",\"isPartOf\":{\"@id\":\"https:\\\/\\\/regiaonews.net.br\\\/2022\\\/#website\"},\"primaryImageOfPage\":{\"@id\":\"https:\\\/\\\/regiaonews.net.br\\\/2022\\\/2021\\\/03\\\/31\\\/conselheiros-tutelares-do-estado-poderao-ser-incluidos-no-plano-estadual-de-imunizacao\\\/#primaryimage\"},\"image\":{\"@id\":\"https:\\\/\\\/regiaonews.net.br\\\/2022\\\/2021\\\/03\\\/31\\\/conselheiros-tutelares-do-estado-poderao-ser-incluidos-no-plano-estadual-de-imunizacao\\\/#primaryimage\"},\"thumbnailUrl\":\"https:\\\/\\\/regiaonews.net.br\\\/2022\\\/wp-content\\\/uploads\\\/2021\\\/03\\\/IMG-20210331-WA0291.jpg\",\"datePublished\":\"2021-04-01T02:14:30+00:00\",\"breadcrumb\":{\"@id\":\"https:\\\/\\\/regiaonews.net.br\\\/2022\\\/2021\\\/03\\\/31\\\/conselheiros-tutelares-do-estado-poderao-ser-incluidos-no-plano-estadual-de-imunizacao\\\/#breadcrumb\"},\"inLanguage\":\"pt-BR\",\"potentialAction\":[{\"@type\":\"ReadAction\",\"target\":[\"https:\\\/\\\/regiaonews.net.br\\\/2022\\\/2021\\\/03\\\/31\\\/conselheiros-tutelares-do-estado-poderao-ser-incluidos-no-plano-estadual-de-imunizacao\\\/\"]}]},{\"@type\":\"ImageObject\",\"inLanguage\":\"pt-BR\",\"@id\":\"https:\\\/\\\/regiaonews.net.br\\\/2022\\\/2021\\\/03\\\/31\\\/conselheiros-tutelares-do-estado-poderao-ser-incluidos-no-plano-estadual-de-imunizacao\\\/#primaryimage\",\"url\":\"https:\\\/\\\/regiaonews.net.br\\\/2022\\\/wp-content\\\/uploads\\\/2021\\\/03\\\/IMG-20210331-WA0291.jpg\",\"contentUrl\":\"https:\\\/\\\/regiaonews.net.br\\\/2022\\\/wp-content\\\/uploads\\\/2021\\\/03\\\/IMG-20210331-WA0291.jpg\",\"width\":1280,\"height\":949},{\"@type\":\"BreadcrumbList\",\"@id\":\"https:\\\/\\\/regiaonews.net.br\\\/2022\\\/2021\\\/03\\\/31\\\/conselheiros-tutelares-do-estado-poderao-ser-incluidos-no-plano-estadual-de-imunizacao\\\/#breadcrumb\",\"itemListElement\":[{\"@type\":\"ListItem\",\"position\":1,\"name\":\"In\u00edcio\",\"item\":\"https:\\\/\\\/regiaonews.net.br\\\/2022\\\/\"},{\"@type\":\"ListItem\",\"position\":2,\"name\":\"Conselheiros tutelares do Estado poder\u00e3o ser inclu\u00eddos no Plano Estadual de Imuniza\u00e7\u00e3o\"}]},{\"@type\":\"WebSite\",\"@id\":\"https:\\\/\\\/regiaonews.net.br\\\/2022\\\/#website\",\"url\":\"https:\\\/\\\/regiaonews.net.br\\\/2022\\\/\",\"name\":\"Regi\u00e3o News\",\"description\":\"Site de Not\u00edcias de Barretos e regi\u00e3o\",\"publisher\":{\"@id\":\"https:\\\/\\\/regiaonews.net.br\\\/2022\\\/#organization\"},\"potentialAction\":[{\"@type\":\"SearchAction\",\"target\":{\"@type\":\"EntryPoint\",\"urlTemplate\":\"https:\\\/\\\/regiaonews.net.br\\\/2022\\\/?s={search_term_string}\"},\"query-input\":{\"@type\":\"PropertyValueSpecification\",\"valueRequired\":true,\"valueName\":\"search_term_string\"}}],\"inLanguage\":\"pt-BR\"},{\"@type\":\"Organization\",\"@id\":\"https:\\\/\\\/regiaonews.net.br\\\/2022\\\/#organization\",\"name\":\"Regi\u00e3o News\",\"url\":\"https:\\\/\\\/regiaonews.net.br\\\/2022\\\/\",\"logo\":{\"@type\":\"ImageObject\",\"inLanguage\":\"pt-BR\",\"@id\":\"https:\\\/\\\/regiaonews.net.br\\\/2022\\\/#\\\/schema\\\/logo\\\/image\\\/\",\"url\":\"https:\\\/\\\/regiaonews.net.br\\\/2022\\\/wp-content\\\/uploads\\\/2026\\\/03\\\/regiao-13-anos-scaled.jpg\",\"contentUrl\":\"https:\\\/\\\/regiaonews.net.br\\\/2022\\\/wp-content\\\/uploads\\\/2026\\\/03\\\/regiao-13-anos-scaled.jpg\",\"width\":2560,\"height\":635,\"caption\":\"Regi\u00e3o News\"},\"image\":{\"@id\":\"https:\\\/\\\/regiaonews.net.br\\\/2022\\\/#\\\/schema\\\/logo\\\/image\\\/\"}},{\"@type\":\"Person\",\"@id\":\"https:\\\/\\\/regiaonews.net.br\\\/2022\\\/#\\\/schema\\\/person\\\/2d205a608a5aa97ac279d7a5e6d89ad8\",\"name\":\"Roberto\",\"image\":{\"@type\":\"ImageObject\",\"inLanguage\":\"pt-BR\",\"@id\":\"https:\\\/\\\/secure.gravatar.com\\\/avatar\\\/42749d8b712ff9d59ca93dc150494e5b55a44134482993f5baeb97e61b7ecc89?s=96&d=mm&r=g\",\"url\":\"https:\\\/\\\/secure.gravatar.com\\\/avatar\\\/42749d8b712ff9d59ca93dc150494e5b55a44134482993f5baeb97e61b7ecc89?s=96&d=mm&r=g\",\"contentUrl\":\"https:\\\/\\\/secure.gravatar.com\\\/avatar\\\/42749d8b712ff9d59ca93dc150494e5b55a44134482993f5baeb97e61b7ecc89?s=96&d=mm&r=g\",\"caption\":\"Roberto\"},\"url\":\"https:\\\/\\\/regiaonews.net.br\\\/2022\\\/author\\\/roberto\\\/\"}]}<\/script>\n<!-- \/ Yoast SEO plugin. -->","yoast_head_json":{"title":"Conselheiros tutelares do Estado poder\u00e3o ser inclu\u00eddos no Plano Estadual de Imuniza\u00e7\u00e3o - Regi\u00e3o News","robots":{"index":"index","follow":"follow","max-snippet":"max-snippet:-1","max-image-preview":"max-image-preview:large","max-video-preview":"max-video-preview:-1"},"canonical":"https:\/\/regiaonews.net.br\/2022\/2021\/03\/31\/conselheiros-tutelares-do-estado-poderao-ser-incluidos-no-plano-estadual-de-imunizacao\/","og_locale":"pt_BR","og_type":"article","og_title":"Conselheiros tutelares do Estado poder\u00e3o ser inclu\u00eddos no Plano Estadual de Imuniza\u00e7\u00e3o - Regi\u00e3o News","og_description":"&nbsp; Coordenador da Frente Parlamentar em Defesa do Conselho Tutelar","og_url":"https:\/\/regiaonews.net.br\/2022\/2021\/03\/31\/conselheiros-tutelares-do-estado-poderao-ser-incluidos-no-plano-estadual-de-imunizacao\/","og_site_name":"Regi\u00e3o News","article_published_time":"2021-04-01T02:14:30+00:00","og_image":[{"width":1280,"height":949,"url":"https:\/\/regiaonews.net.br\/2022\/wp-content\/uploads\/2021\/03\/IMG-20210331-WA0291.jpg","type":"image\/jpeg"}],"author":"Roberto","twitter_card":"summary_large_image","twitter_misc":{"Escrito por":"Roberto","Est. tempo de leitura":"1 minuto"},"schema":{"@context":"https:\/\/schema.org","@graph":[{"@type":"Article","@id":"https:\/\/regiaonews.net.br\/2022\/2021\/03\/31\/conselheiros-tutelares-do-estado-poderao-ser-incluidos-no-plano-estadual-de-imunizacao\/#article","isPartOf":{"@id":"https:\/\/regiaonews.net.br\/2022\/2021\/03\/31\/conselheiros-tutelares-do-estado-poderao-ser-incluidos-no-plano-estadual-de-imunizacao\/"},"author":{"name":"Roberto","@id":"https:\/\/regiaonews.net.br\/2022\/#\/schema\/person\/2d205a608a5aa97ac279d7a5e6d89ad8"},"headline":"Conselheiros tutelares do Estado poder\u00e3o ser inclu\u00eddos no Plano Estadual de Imuniza\u00e7\u00e3o","datePublished":"2021-04-01T02:14:30+00:00","mainEntityOfPage":{"@id":"https:\/\/regiaonews.net.br\/2022\/2021\/03\/31\/conselheiros-tutelares-do-estado-poderao-ser-incluidos-no-plano-estadual-de-imunizacao\/"},"wordCount":288,"commentCount":0,"publisher":{"@id":"https:\/\/regiaonews.net.br\/2022\/#organization"},"image":{"@id":"https:\/\/regiaonews.net.br\/2022\/2021\/03\/31\/conselheiros-tutelares-do-estado-poderao-ser-incluidos-no-plano-estadual-de-imunizacao\/#primaryimage"},"thumbnailUrl":"https:\/\/regiaonews.net.br\/2022\/wp-content\/uploads\/2021\/03\/IMG-20210331-WA0291.jpg","articleSection":["Estado de S\u00e3o Paulo","Pol\u00edtica"],"inLanguage":"pt-BR","potentialAction":[{"@type":"CommentAction","name":"Comment","target":["https:\/\/regiaonews.net.br\/2022\/2021\/03\/31\/conselheiros-tutelares-do-estado-poderao-ser-incluidos-no-plano-estadual-de-imunizacao\/#respond"]}]},{"@type":"WebPage","@id":"https:\/\/regiaonews.net.br\/2022\/2021\/03\/31\/conselheiros-tutelares-do-estado-poderao-ser-incluidos-no-plano-estadual-de-imunizacao\/","url":"https:\/\/regiaonews.net.br\/2022\/2021\/03\/31\/conselheiros-tutelares-do-estado-poderao-ser-incluidos-no-plano-estadual-de-imunizacao\/","name":"Conselheiros tutelares do Estado poder\u00e3o ser inclu\u00eddos no Plano Estadual de Imuniza\u00e7\u00e3o - Regi\u00e3o News","isPartOf":{"@id":"https:\/\/regiaonews.net.br\/2022\/#website"},"primaryImageOfPage":{"@id":"https:\/\/regiaonews.net.br\/2022\/2021\/03\/31\/conselheiros-tutelares-do-estado-poderao-ser-incluidos-no-plano-estadual-de-imunizacao\/#primaryimage"},"image":{"@id":"https:\/\/regiaonews.net.br\/2022\/2021\/03\/31\/conselheiros-tutelares-do-estado-poderao-ser-incluidos-no-plano-estadual-de-imunizacao\/#primaryimage"},"thumbnailUrl":"https:\/\/regiaonews.net.br\/2022\/wp-content\/uploads\/2021\/03\/IMG-20210331-WA0291.jpg","datePublished":"2021-04-01T02:14:30+00:00","breadcrumb":{"@id":"https:\/\/regiaonews.net.br\/2022\/2021\/03\/31\/conselheiros-tutelares-do-estado-poderao-ser-incluidos-no-plano-estadual-de-imunizacao\/#breadcrumb"},"inLanguage":"pt-BR","potentialAction":[{"@type":"ReadAction","target":["https:\/\/regiaonews.net.br\/2022\/2021\/03\/31\/conselheiros-tutelares-do-estado-poderao-ser-incluidos-no-plano-estadual-de-imunizacao\/"]}]},{"@type":"ImageObject","inLanguage":"pt-BR","@id":"https:\/\/regiaonews.net.br\/2022\/2021\/03\/31\/conselheiros-tutelares-do-estado-poderao-ser-incluidos-no-plano-estadual-de-imunizacao\/#primaryimage","url":"https:\/\/regiaonews.net.br\/2022\/wp-content\/uploads\/2021\/03\/IMG-20210331-WA0291.jpg","contentUrl":"https:\/\/regiaonews.net.br\/2022\/wp-content\/uploads\/2021\/03\/IMG-20210331-WA0291.jpg","width":1280,"height":949},{"@type":"BreadcrumbList","@id":"https:\/\/regiaonews.net.br\/2022\/2021\/03\/31\/conselheiros-tutelares-do-estado-poderao-ser-incluidos-no-plano-estadual-de-imunizacao\/#breadcrumb","itemListElement":[{"@type":"ListItem","position":1,"name":"In\u00edcio","item":"https:\/\/regiaonews.net.br\/2022\/"},{"@type":"ListItem","position":2,"name":"Conselheiros tutelares do Estado poder\u00e3o ser inclu\u00eddos no Plano Estadual de Imuniza\u00e7\u00e3o"}]},{"@type":"WebSite","@id":"https:\/\/regiaonews.net.br\/2022\/#website","url":"https:\/\/regiaonews.net.br\/2022\/","name":"Regi\u00e3o News","description":"Site de Not\u00edcias de Barretos e regi\u00e3o","publisher":{"@id":"https:\/\/regiaonews.net.br\/2022\/#organization"},"potentialAction":[{"@type":"SearchAction","target":{"@type":"EntryPoint","urlTemplate":"https:\/\/regiaonews.net.br\/2022\/?s={search_term_string}"},"query-input":{"@type":"PropertyValueSpecification","valueRequired":true,"valueName":"search_term_string"}}],"inLanguage":"pt-BR"},{"@type":"Organization","@id":"https:\/\/regiaonews.net.br\/2022\/#organization","name":"Regi\u00e3o News","url":"https:\/\/regiaonews.net.br\/2022\/","logo":{"@type":"ImageObject","inLanguage":"pt-BR","@id":"https:\/\/regiaonews.net.br\/2022\/#\/schema\/logo\/image\/","url":"https:\/\/regiaonews.net.br\/2022\/wp-content\/uploads\/2026\/03\/regiao-13-anos-scaled.jpg","contentUrl":"https:\/\/regiaonews.net.br\/2022\/wp-content\/uploads\/2026\/03\/regiao-13-anos-scaled.jpg","width":2560,"height":635,"caption":"Regi\u00e3o News"},"image":{"@id":"https:\/\/regiaonews.net.br\/2022\/#\/schema\/logo\/image\/"}},{"@type":"Person","@id":"https:\/\/regiaonews.net.br\/2022\/#\/schema\/person\/2d205a608a5aa97ac279d7a5e6d89ad8","name":"Roberto","image":{"@type":"ImageObject","inLanguage":"pt-BR","@id":"https:\/\/secure.gravatar.com\/avatar\/42749d8b712ff9d59ca93dc150494e5b55a44134482993f5baeb97e61b7ecc89?s=96&d=mm&r=g","url":"https:\/\/secure.gravatar.com\/avatar\/42749d8b712ff9d59ca93dc150494e5b55a44134482993f5baeb97e61b7ecc89?s=96&d=mm&r=g","contentUrl":"https:\/\/secure.gravatar.com\/avatar\/42749d8b712ff9d59ca93dc150494e5b55a44134482993f5baeb97e61b7ecc89?s=96&d=mm&r=g","caption":"Roberto"},"url":"https:\/\/regiaonews.net.br\/2022\/author\/roberto\/"}]}},"publishpress_future_action":{"enabled":false,"date":"2026-05-04 01:26:41","action":"change-status","newStatus":"draft","terms":[],"taxonomy":"category","extraData":[]},"publishpress_future_workflow_manual_trigger":{"enabledWorkflows":[]},"_links":{"self":[{"href":"https:\/\/regiaonews.net.br\/2022\/wp-json\/wp\/v2\/posts\/44616","targetHints":{"allow":["GET"]}}],"collection":[{"href":"https:\/\/regiaonews.net.br\/2022\/wp-json\/wp\/v2\/posts"}],"about":[{"href":"https:\/\/regiaonews.net.br\/2022\/wp-json\/wp\/v2\/types\/post"}],"author":[{"embeddable":true,"href":"https:\/\/regiaonews.net.br\/2022\/wp-json\/wp\/v2\/users\/2"}],"replies":[{"embeddable":true,"href":"https:\/\/regiaonews.net.br\/2022\/wp-json\/wp\/v2\/comments?post=44616"}],"version-history":[{"count":0,"href":"https:\/\/regiaonews.net.br\/2022\/wp-json\/wp\/v2\/posts\/44616\/revisions"}],"wp:featuredmedia":[{"embeddable":true,"href":"https:\/\/regiaonews.net.br\/2022\/wp-json\/wp\/v2\/media\/44617"}],"wp:attachment":[{"href":"https:\/\/regiaonews.net.br\/2022\/wp-json\/wp\/v2\/media?parent=44616"}],"wp:term":[{"taxonomy":"category","embeddable":true,"href":"https:\/\/regiaonews.net.br\/2022\/wp-json\/wp\/v2\/categories?post=44616"},{"taxonomy":"post_tag","embeddable":true,"href":"https:\/\/regiaonews.net.br\/2022\/wp-json\/wp\/v2\/tags?post=44616"}],"curies":[{"name":"wp","href":"https:\/\/api.w.org\/{rel}","templated":true}]}}