{"id":44612,"date":"2021-03-31T20:00:47","date_gmt":"2021-03-31T23:00:47","guid":{"rendered":"https:\/\/regiaonews.net.br\/2022\/?p=44612"},"modified":"2021-03-31T20:00:47","modified_gmt":"2021-03-31T23:00:47","slug":"mp-de-guaira-recomenda-que-prefeitura-decrete-lockdown-com-urgencia","status":"publish","type":"post","link":"https:\/\/regiaonews.net.br\/2022\/2021\/03\/31\/mp-de-guaira-recomenda-que-prefeitura-decrete-lockdown-com-urgencia\/","title":{"rendered":"MP de Gua\u00edra recomenda que Prefeitura decrete Lockdown com urg\u00eancia"},"content":{"rendered":"<p><a href=\"https:\/\/regiaonews.net.br\/2022\/wp-content\/uploads\/2018\/12\/pa\u00e7o-municipal-de-gua\u00edra.jpg\"><img loading=\"lazy\" decoding=\"async\" class=\"alignnone size-medium wp-image-17335\" src=\"https:\/\/regiaonews.net.br\/2022\/wp-content\/uploads\/2018\/12\/pa\u00e7o-municipal-de-gua\u00edra-300x169.jpg\" alt=\"\" width=\"300\" height=\"169\" \/><\/a><br \/>\nO promotor de Justi\u00e7a Diego Antonio Bisco Lelis, do Minist\u00e9rio P\u00fablico do Estado de S\u00e3o Paulo, emitiu uma recomenda\u00e7\u00e3o administrativa \u00e0 prefeitura na data de hoje, 31 de mar\u00e7o, recomendando que Gua\u00edra decrete lockdown, COM URG\u00caNCIA, como medida imprescind\u00edvel para o atual enfrentamento da pandemia do novo Coronav\u00edrus (COVID-19).<br \/>\nO promotor cita os problemas que a cidade tem enfrentando, como a falta de leitos hospitalares p\u00fablicos e privados necess\u00e1rios para o atendimento \u00e0 popula\u00e7\u00e3o (n\u00e3o s\u00f3 no munic\u00edpio, mas n\u00e3o tamb\u00e9m no polo regional de Barretos) . \u201cChegou ao conhecimento deste Promotor de Justi\u00e7a a not\u00edcia de esgotamento dos leitos destinados \u00e0 interna\u00e7\u00e3o disponibilizados para tratamento de pacientes acometidos pelo novo Coronav\u00edrus nesta cidade de Gua\u00edra e tamb\u00e9m insufici\u00eancia na cidade de Barretos, refer\u00eancia regional. Al\u00e9m da aus\u00eancia de insumos, sobretudo cilindros de oxig\u00eanios, extremamente necess\u00e1rios para o tratamento da doen\u00e7a\u201d, disse.<br \/>\nDiego destaca que \u00e9 necess\u00e1rio urg\u00eancia para a medida j\u00e1 que a semana \u00e9 prop\u00edcia de festas e a vinda de turistas. \u201cCumpre ressaltar que estas s\u00e3o medidas urgentes e necess\u00e1rias ao munic\u00edpio, tendo em vista a possibilidade de nossa regi\u00e3o receber in\u00fameros visitantes oriundos de outras localidades durante essa semana, por conta dos feriados da \u2018Semana Santa\u2019\u201d.<br \/>\nO MP ainda recomenda que a Guarda Civil Municipal, a Pol\u00edcia Militar e a Pol\u00edcia Civil intensifiquem a fiscaliza\u00e7\u00e3o das medidas de restri\u00e7\u00e3o, inclusive com a possibilidade de pris\u00e3o em flagrante pelo crime previsto no artigo 268 do C\u00f3digo Penal.<\/p>\n<p>Fonte &#8211; Jornal O Gua\u00edra<\/p>\n","protected":false},"excerpt":{"rendered":"<p>O promotor de Justi\u00e7a Diego Antonio Bisco Lelis, do Minist\u00e9rio<\/p>\n","protected":false},"author":2,"featured_media":17335,"comment_status":"open","ping_status":"open","sticky":false,"template":"","format":"standard","meta":{"footnotes":""},"categories":[25,8],"tags":[],"class_list":["post-44612","post","type-post","status-publish","format-standard","has-post-thumbnail","hentry","category-cidades","category-guaira"],"yoast_head":"<!-- This site is optimized with the Yoast SEO plugin v27.4 - https:\/\/yoast.com\/product\/yoast-seo-wordpress\/ -->\n<title>MP de Gua\u00edra recomenda que Prefeitura decrete Lockdown com urg\u00eancia - Regi\u00e3o News<\/title>\n<meta name=\"robots\" content=\"index, follow, max-snippet:-1, max-image-preview:large, max-video-preview:-1\" \/>\n<link rel=\"canonical\" href=\"https:\/\/regiaonews.net.br\/2022\/2021\/03\/31\/mp-de-guaira-recomenda-que-prefeitura-decrete-lockdown-com-urgencia\/\" \/>\n<meta property=\"og:locale\" content=\"pt_BR\" \/>\n<meta property=\"og:type\" content=\"article\" \/>\n<meta property=\"og:title\" content=\"MP de Gua\u00edra recomenda que Prefeitura decrete Lockdown com urg\u00eancia - Regi\u00e3o News\" \/>\n<meta property=\"og:description\" content=\"O promotor de Justi\u00e7a Diego Antonio Bisco Lelis, do Minist\u00e9rio\" \/>\n<meta property=\"og:url\" content=\"https:\/\/regiaonews.net.br\/2022\/2021\/03\/31\/mp-de-guaira-recomenda-que-prefeitura-decrete-lockdown-com-urgencia\/\" \/>\n<meta property=\"og:site_name\" content=\"Regi\u00e3o News\" \/>\n<meta property=\"article:published_time\" content=\"2021-03-31T23:00:47+00:00\" \/>\n<meta property=\"og:image\" content=\"https:\/\/regiaonews.net.br\/2022\/wp-content\/uploads\/2018\/12\/pa\u00e7o-municipal-de-gua\u00edra.jpg\" \/>\n\t<meta property=\"og:image:width\" content=\"1000\" \/>\n\t<meta property=\"og:image:height\" content=\"562\" \/>\n\t<meta property=\"og:image:type\" content=\"image\/jpeg\" \/>\n<meta name=\"author\" content=\"Roberto\" \/>\n<meta name=\"twitter:card\" content=\"summary_large_image\" \/>\n<meta name=\"twitter:label1\" content=\"Escrito por\" \/>\n\t<meta name=\"twitter:data1\" content=\"Roberto\" \/>\n\t<meta name=\"twitter:label2\" content=\"Est. tempo de leitura\" \/>\n\t<meta name=\"twitter:data2\" content=\"1 minuto\" \/>\n<script type=\"application\/ld+json\" class=\"yoast-schema-graph\">{\"@context\":\"https:\\\/\\\/schema.org\",\"@graph\":[{\"@type\":\"Article\",\"@id\":\"https:\\\/\\\/regiaonews.net.br\\\/2022\\\/2021\\\/03\\\/31\\\/mp-de-guaira-recomenda-que-prefeitura-decrete-lockdown-com-urgencia\\\/#article\",\"isPartOf\":{\"@id\":\"https:\\\/\\\/regiaonews.net.br\\\/2022\\\/2021\\\/03\\\/31\\\/mp-de-guaira-recomenda-que-prefeitura-decrete-lockdown-com-urgencia\\\/\"},\"author\":{\"name\":\"Roberto\",\"@id\":\"https:\\\/\\\/regiaonews.net.br\\\/2022\\\/#\\\/schema\\\/person\\\/2d205a608a5aa97ac279d7a5e6d89ad8\"},\"headline\":\"MP de Gua\u00edra recomenda que Prefeitura decrete Lockdown com urg\u00eancia\",\"datePublished\":\"2021-03-31T23:00:47+00:00\",\"mainEntityOfPage\":{\"@id\":\"https:\\\/\\\/regiaonews.net.br\\\/2022\\\/2021\\\/03\\\/31\\\/mp-de-guaira-recomenda-que-prefeitura-decrete-lockdown-com-urgencia\\\/\"},\"wordCount\":294,\"commentCount\":0,\"publisher\":{\"@id\":\"https:\\\/\\\/regiaonews.net.br\\\/2022\\\/#organization\"},\"image\":{\"@id\":\"https:\\\/\\\/regiaonews.net.br\\\/2022\\\/2021\\\/03\\\/31\\\/mp-de-guaira-recomenda-que-prefeitura-decrete-lockdown-com-urgencia\\\/#primaryimage\"},\"thumbnailUrl\":\"https:\\\/\\\/regiaonews.net.br\\\/2022\\\/wp-content\\\/uploads\\\/2018\\\/12\\\/pa\u00e7o-municipal-de-gua\u00edra.jpg\",\"articleSection\":[\"Cidades\",\"Gua\u00edra\"],\"inLanguage\":\"pt-BR\",\"potentialAction\":[{\"@type\":\"CommentAction\",\"name\":\"Comment\",\"target\":[\"https:\\\/\\\/regiaonews.net.br\\\/2022\\\/2021\\\/03\\\/31\\\/mp-de-guaira-recomenda-que-prefeitura-decrete-lockdown-com-urgencia\\\/#respond\"]}]},{\"@type\":\"WebPage\",\"@id\":\"https:\\\/\\\/regiaonews.net.br\\\/2022\\\/2021\\\/03\\\/31\\\/mp-de-guaira-recomenda-que-prefeitura-decrete-lockdown-com-urgencia\\\/\",\"url\":\"https:\\\/\\\/regiaonews.net.br\\\/2022\\\/2021\\\/03\\\/31\\\/mp-de-guaira-recomenda-que-prefeitura-decrete-lockdown-com-urgencia\\\/\",\"name\":\"MP de Gua\u00edra recomenda que Prefeitura decrete Lockdown com urg\u00eancia - Regi\u00e3o News\",\"isPartOf\":{\"@id\":\"https:\\\/\\\/regiaonews.net.br\\\/2022\\\/#website\"},\"primaryImageOfPage\":{\"@id\":\"https:\\\/\\\/regiaonews.net.br\\\/2022\\\/2021\\\/03\\\/31\\\/mp-de-guaira-recomenda-que-prefeitura-decrete-lockdown-com-urgencia\\\/#primaryimage\"},\"image\":{\"@id\":\"https:\\\/\\\/regiaonews.net.br\\\/2022\\\/2021\\\/03\\\/31\\\/mp-de-guaira-recomenda-que-prefeitura-decrete-lockdown-com-urgencia\\\/#primaryimage\"},\"thumbnailUrl\":\"https:\\\/\\\/regiaonews.net.br\\\/2022\\\/wp-content\\\/uploads\\\/2018\\\/12\\\/pa\u00e7o-municipal-de-gua\u00edra.jpg\",\"datePublished\":\"2021-03-31T23:00:47+00:00\",\"breadcrumb\":{\"@id\":\"https:\\\/\\\/regiaonews.net.br\\\/2022\\\/2021\\\/03\\\/31\\\/mp-de-guaira-recomenda-que-prefeitura-decrete-lockdown-com-urgencia\\\/#breadcrumb\"},\"inLanguage\":\"pt-BR\",\"potentialAction\":[{\"@type\":\"ReadAction\",\"target\":[\"https:\\\/\\\/regiaonews.net.br\\\/2022\\\/2021\\\/03\\\/31\\\/mp-de-guaira-recomenda-que-prefeitura-decrete-lockdown-com-urgencia\\\/\"]}]},{\"@type\":\"ImageObject\",\"inLanguage\":\"pt-BR\",\"@id\":\"https:\\\/\\\/regiaonews.net.br\\\/2022\\\/2021\\\/03\\\/31\\\/mp-de-guaira-recomenda-que-prefeitura-decrete-lockdown-com-urgencia\\\/#primaryimage\",\"url\":\"https:\\\/\\\/regiaonews.net.br\\\/2022\\\/wp-content\\\/uploads\\\/2018\\\/12\\\/pa\u00e7o-municipal-de-gua\u00edra.jpg\",\"contentUrl\":\"https:\\\/\\\/regiaonews.net.br\\\/2022\\\/wp-content\\\/uploads\\\/2018\\\/12\\\/pa\u00e7o-municipal-de-gua\u00edra.jpg\",\"width\":1000,\"height\":562},{\"@type\":\"BreadcrumbList\",\"@id\":\"https:\\\/\\\/regiaonews.net.br\\\/2022\\\/2021\\\/03\\\/31\\\/mp-de-guaira-recomenda-que-prefeitura-decrete-lockdown-com-urgencia\\\/#breadcrumb\",\"itemListElement\":[{\"@type\":\"ListItem\",\"position\":1,\"name\":\"In\u00edcio\",\"item\":\"https:\\\/\\\/regiaonews.net.br\\\/2022\\\/\"},{\"@type\":\"ListItem\",\"position\":2,\"name\":\"MP de Gua\u00edra recomenda que Prefeitura decrete Lockdown com urg\u00eancia\"}]},{\"@type\":\"WebSite\",\"@id\":\"https:\\\/\\\/regiaonews.net.br\\\/2022\\\/#website\",\"url\":\"https:\\\/\\\/regiaonews.net.br\\\/2022\\\/\",\"name\":\"Regi\u00e3o News\",\"description\":\"Site de Not\u00edcias de Barretos e regi\u00e3o\",\"publisher\":{\"@id\":\"https:\\\/\\\/regiaonews.net.br\\\/2022\\\/#organization\"},\"potentialAction\":[{\"@type\":\"SearchAction\",\"target\":{\"@type\":\"EntryPoint\",\"urlTemplate\":\"https:\\\/\\\/regiaonews.net.br\\\/2022\\\/?s={search_term_string}\"},\"query-input\":{\"@type\":\"PropertyValueSpecification\",\"valueRequired\":true,\"valueName\":\"search_term_string\"}}],\"inLanguage\":\"pt-BR\"},{\"@type\":\"Organization\",\"@id\":\"https:\\\/\\\/regiaonews.net.br\\\/2022\\\/#organization\",\"name\":\"Regi\u00e3o News\",\"url\":\"https:\\\/\\\/regiaonews.net.br\\\/2022\\\/\",\"logo\":{\"@type\":\"ImageObject\",\"inLanguage\":\"pt-BR\",\"@id\":\"https:\\\/\\\/regiaonews.net.br\\\/2022\\\/#\\\/schema\\\/logo\\\/image\\\/\",\"url\":\"https:\\\/\\\/regiaonews.net.br\\\/2022\\\/wp-content\\\/uploads\\\/2026\\\/03\\\/regiao-13-anos-scaled.jpg\",\"contentUrl\":\"https:\\\/\\\/regiaonews.net.br\\\/2022\\\/wp-content\\\/uploads\\\/2026\\\/03\\\/regiao-13-anos-scaled.jpg\",\"width\":2560,\"height\":635,\"caption\":\"Regi\u00e3o News\"},\"image\":{\"@id\":\"https:\\\/\\\/regiaonews.net.br\\\/2022\\\/#\\\/schema\\\/logo\\\/image\\\/\"}},{\"@type\":\"Person\",\"@id\":\"https:\\\/\\\/regiaonews.net.br\\\/2022\\\/#\\\/schema\\\/person\\\/2d205a608a5aa97ac279d7a5e6d89ad8\",\"name\":\"Roberto\",\"image\":{\"@type\":\"ImageObject\",\"inLanguage\":\"pt-BR\",\"@id\":\"https:\\\/\\\/secure.gravatar.com\\\/avatar\\\/42749d8b712ff9d59ca93dc150494e5b55a44134482993f5baeb97e61b7ecc89?s=96&d=mm&r=g\",\"url\":\"https:\\\/\\\/secure.gravatar.com\\\/avatar\\\/42749d8b712ff9d59ca93dc150494e5b55a44134482993f5baeb97e61b7ecc89?s=96&d=mm&r=g\",\"contentUrl\":\"https:\\\/\\\/secure.gravatar.com\\\/avatar\\\/42749d8b712ff9d59ca93dc150494e5b55a44134482993f5baeb97e61b7ecc89?s=96&d=mm&r=g\",\"caption\":\"Roberto\"},\"url\":\"https:\\\/\\\/regiaonews.net.br\\\/2022\\\/author\\\/roberto\\\/\"}]}<\/script>\n<!-- \/ Yoast SEO plugin. -->","yoast_head_json":{"title":"MP de Gua\u00edra recomenda que Prefeitura decrete Lockdown com urg\u00eancia - Regi\u00e3o News","robots":{"index":"index","follow":"follow","max-snippet":"max-snippet:-1","max-image-preview":"max-image-preview:large","max-video-preview":"max-video-preview:-1"},"canonical":"https:\/\/regiaonews.net.br\/2022\/2021\/03\/31\/mp-de-guaira-recomenda-que-prefeitura-decrete-lockdown-com-urgencia\/","og_locale":"pt_BR","og_type":"article","og_title":"MP de Gua\u00edra recomenda que Prefeitura decrete Lockdown com urg\u00eancia - Regi\u00e3o News","og_description":"O promotor de Justi\u00e7a Diego Antonio Bisco Lelis, do Minist\u00e9rio","og_url":"https:\/\/regiaonews.net.br\/2022\/2021\/03\/31\/mp-de-guaira-recomenda-que-prefeitura-decrete-lockdown-com-urgencia\/","og_site_name":"Regi\u00e3o News","article_published_time":"2021-03-31T23:00:47+00:00","og_image":[{"width":1000,"height":562,"url":"https:\/\/regiaonews.net.br\/2022\/wp-content\/uploads\/2018\/12\/pa\u00e7o-municipal-de-gua\u00edra.jpg","type":"image\/jpeg"}],"author":"Roberto","twitter_card":"summary_large_image","twitter_misc":{"Escrito por":"Roberto","Est. tempo de leitura":"1 minuto"},"schema":{"@context":"https:\/\/schema.org","@graph":[{"@type":"Article","@id":"https:\/\/regiaonews.net.br\/2022\/2021\/03\/31\/mp-de-guaira-recomenda-que-prefeitura-decrete-lockdown-com-urgencia\/#article","isPartOf":{"@id":"https:\/\/regiaonews.net.br\/2022\/2021\/03\/31\/mp-de-guaira-recomenda-que-prefeitura-decrete-lockdown-com-urgencia\/"},"author":{"name":"Roberto","@id":"https:\/\/regiaonews.net.br\/2022\/#\/schema\/person\/2d205a608a5aa97ac279d7a5e6d89ad8"},"headline":"MP de Gua\u00edra recomenda que Prefeitura decrete Lockdown com urg\u00eancia","datePublished":"2021-03-31T23:00:47+00:00","mainEntityOfPage":{"@id":"https:\/\/regiaonews.net.br\/2022\/2021\/03\/31\/mp-de-guaira-recomenda-que-prefeitura-decrete-lockdown-com-urgencia\/"},"wordCount":294,"commentCount":0,"publisher":{"@id":"https:\/\/regiaonews.net.br\/2022\/#organization"},"image":{"@id":"https:\/\/regiaonews.net.br\/2022\/2021\/03\/31\/mp-de-guaira-recomenda-que-prefeitura-decrete-lockdown-com-urgencia\/#primaryimage"},"thumbnailUrl":"https:\/\/regiaonews.net.br\/2022\/wp-content\/uploads\/2018\/12\/pa\u00e7o-municipal-de-gua\u00edra.jpg","articleSection":["Cidades","Gua\u00edra"],"inLanguage":"pt-BR","potentialAction":[{"@type":"CommentAction","name":"Comment","target":["https:\/\/regiaonews.net.br\/2022\/2021\/03\/31\/mp-de-guaira-recomenda-que-prefeitura-decrete-lockdown-com-urgencia\/#respond"]}]},{"@type":"WebPage","@id":"https:\/\/regiaonews.net.br\/2022\/2021\/03\/31\/mp-de-guaira-recomenda-que-prefeitura-decrete-lockdown-com-urgencia\/","url":"https:\/\/regiaonews.net.br\/2022\/2021\/03\/31\/mp-de-guaira-recomenda-que-prefeitura-decrete-lockdown-com-urgencia\/","name":"MP de Gua\u00edra recomenda que Prefeitura decrete Lockdown com urg\u00eancia - Regi\u00e3o News","isPartOf":{"@id":"https:\/\/regiaonews.net.br\/2022\/#website"},"primaryImageOfPage":{"@id":"https:\/\/regiaonews.net.br\/2022\/2021\/03\/31\/mp-de-guaira-recomenda-que-prefeitura-decrete-lockdown-com-urgencia\/#primaryimage"},"image":{"@id":"https:\/\/regiaonews.net.br\/2022\/2021\/03\/31\/mp-de-guaira-recomenda-que-prefeitura-decrete-lockdown-com-urgencia\/#primaryimage"},"thumbnailUrl":"https:\/\/regiaonews.net.br\/2022\/wp-content\/uploads\/2018\/12\/pa\u00e7o-municipal-de-gua\u00edra.jpg","datePublished":"2021-03-31T23:00:47+00:00","breadcrumb":{"@id":"https:\/\/regiaonews.net.br\/2022\/2021\/03\/31\/mp-de-guaira-recomenda-que-prefeitura-decrete-lockdown-com-urgencia\/#breadcrumb"},"inLanguage":"pt-BR","potentialAction":[{"@type":"ReadAction","target":["https:\/\/regiaonews.net.br\/2022\/2021\/03\/31\/mp-de-guaira-recomenda-que-prefeitura-decrete-lockdown-com-urgencia\/"]}]},{"@type":"ImageObject","inLanguage":"pt-BR","@id":"https:\/\/regiaonews.net.br\/2022\/2021\/03\/31\/mp-de-guaira-recomenda-que-prefeitura-decrete-lockdown-com-urgencia\/#primaryimage","url":"https:\/\/regiaonews.net.br\/2022\/wp-content\/uploads\/2018\/12\/pa\u00e7o-municipal-de-gua\u00edra.jpg","contentUrl":"https:\/\/regiaonews.net.br\/2022\/wp-content\/uploads\/2018\/12\/pa\u00e7o-municipal-de-gua\u00edra.jpg","width":1000,"height":562},{"@type":"BreadcrumbList","@id":"https:\/\/regiaonews.net.br\/2022\/2021\/03\/31\/mp-de-guaira-recomenda-que-prefeitura-decrete-lockdown-com-urgencia\/#breadcrumb","itemListElement":[{"@type":"ListItem","position":1,"name":"In\u00edcio","item":"https:\/\/regiaonews.net.br\/2022\/"},{"@type":"ListItem","position":2,"name":"MP de Gua\u00edra recomenda que Prefeitura decrete Lockdown com urg\u00eancia"}]},{"@type":"WebSite","@id":"https:\/\/regiaonews.net.br\/2022\/#website","url":"https:\/\/regiaonews.net.br\/2022\/","name":"Regi\u00e3o News","description":"Site de Not\u00edcias de Barretos e regi\u00e3o","publisher":{"@id":"https:\/\/regiaonews.net.br\/2022\/#organization"},"potentialAction":[{"@type":"SearchAction","target":{"@type":"EntryPoint","urlTemplate":"https:\/\/regiaonews.net.br\/2022\/?s={search_term_string}"},"query-input":{"@type":"PropertyValueSpecification","valueRequired":true,"valueName":"search_term_string"}}],"inLanguage":"pt-BR"},{"@type":"Organization","@id":"https:\/\/regiaonews.net.br\/2022\/#organization","name":"Regi\u00e3o News","url":"https:\/\/regiaonews.net.br\/2022\/","logo":{"@type":"ImageObject","inLanguage":"pt-BR","@id":"https:\/\/regiaonews.net.br\/2022\/#\/schema\/logo\/image\/","url":"https:\/\/regiaonews.net.br\/2022\/wp-content\/uploads\/2026\/03\/regiao-13-anos-scaled.jpg","contentUrl":"https:\/\/regiaonews.net.br\/2022\/wp-content\/uploads\/2026\/03\/regiao-13-anos-scaled.jpg","width":2560,"height":635,"caption":"Regi\u00e3o News"},"image":{"@id":"https:\/\/regiaonews.net.br\/2022\/#\/schema\/logo\/image\/"}},{"@type":"Person","@id":"https:\/\/regiaonews.net.br\/2022\/#\/schema\/person\/2d205a608a5aa97ac279d7a5e6d89ad8","name":"Roberto","image":{"@type":"ImageObject","inLanguage":"pt-BR","@id":"https:\/\/secure.gravatar.com\/avatar\/42749d8b712ff9d59ca93dc150494e5b55a44134482993f5baeb97e61b7ecc89?s=96&d=mm&r=g","url":"https:\/\/secure.gravatar.com\/avatar\/42749d8b712ff9d59ca93dc150494e5b55a44134482993f5baeb97e61b7ecc89?s=96&d=mm&r=g","contentUrl":"https:\/\/secure.gravatar.com\/avatar\/42749d8b712ff9d59ca93dc150494e5b55a44134482993f5baeb97e61b7ecc89?s=96&d=mm&r=g","caption":"Roberto"},"url":"https:\/\/regiaonews.net.br\/2022\/author\/roberto\/"}]}},"publishpress_future_action":{"enabled":false,"date":"2026-05-04 00:20:16","action":"change-status","newStatus":"draft","terms":[],"taxonomy":"category","extraData":[]},"publishpress_future_workflow_manual_trigger":{"enabledWorkflows":[]},"_links":{"self":[{"href":"https:\/\/regiaonews.net.br\/2022\/wp-json\/wp\/v2\/posts\/44612","targetHints":{"allow":["GET"]}}],"collection":[{"href":"https:\/\/regiaonews.net.br\/2022\/wp-json\/wp\/v2\/posts"}],"about":[{"href":"https:\/\/regiaonews.net.br\/2022\/wp-json\/wp\/v2\/types\/post"}],"author":[{"embeddable":true,"href":"https:\/\/regiaonews.net.br\/2022\/wp-json\/wp\/v2\/users\/2"}],"replies":[{"embeddable":true,"href":"https:\/\/regiaonews.net.br\/2022\/wp-json\/wp\/v2\/comments?post=44612"}],"version-history":[{"count":0,"href":"https:\/\/regiaonews.net.br\/2022\/wp-json\/wp\/v2\/posts\/44612\/revisions"}],"wp:featuredmedia":[{"embeddable":true,"href":"https:\/\/regiaonews.net.br\/2022\/wp-json\/wp\/v2\/media\/17335"}],"wp:attachment":[{"href":"https:\/\/regiaonews.net.br\/2022\/wp-json\/wp\/v2\/media?parent=44612"}],"wp:term":[{"taxonomy":"category","embeddable":true,"href":"https:\/\/regiaonews.net.br\/2022\/wp-json\/wp\/v2\/categories?post=44612"},{"taxonomy":"post_tag","embeddable":true,"href":"https:\/\/regiaonews.net.br\/2022\/wp-json\/wp\/v2\/tags?post=44612"}],"curies":[{"name":"wp","href":"https:\/\/api.w.org\/{rel}","templated":true}]}}