{"id":44600,"date":"2021-03-31T17:11:37","date_gmt":"2021-03-31T20:11:37","guid":{"rendered":"https:\/\/regiaonews.net.br\/2022\/?p=44600"},"modified":"2021-03-31T17:11:37","modified_gmt":"2021-03-31T20:11:37","slug":"assistencia-social-recebe-doacoes-de-cestas-basicas-atraves-de-acao-realizada-pela-segunda-igreja-presbiteriana-de-barretos","status":"publish","type":"post","link":"https:\/\/regiaonews.net.br\/2022\/2021\/03\/31\/assistencia-social-recebe-doacoes-de-cestas-basicas-atraves-de-acao-realizada-pela-segunda-igreja-presbiteriana-de-barretos\/","title":{"rendered":"Assist\u00eancia Social recebe doa\u00e7\u00f5es de cestas b\u00e1sicas atrav\u00e9s de a\u00e7\u00e3o realizada pela Segunda Igreja Presbiteriana de Barretos"},"content":{"rendered":"<p><a href=\"https:\/\/regiaonews.net.br\/2022\/wp-content\/uploads\/2021\/03\/1-18.jpg\"><img loading=\"lazy\" decoding=\"async\" class=\"alignnone size-medium wp-image-44601\" src=\"https:\/\/regiaonews.net.br\/2022\/wp-content\/uploads\/2021\/03\/1-18-300x199.jpg\" alt=\"\" width=\"300\" height=\"199\" \/><\/a> <a href=\"https:\/\/regiaonews.net.br\/2022\/wp-content\/uploads\/2021\/03\/2-9.jpg\"><img loading=\"lazy\" decoding=\"async\" class=\"alignnone size-medium wp-image-44602\" src=\"https:\/\/regiaonews.net.br\/2022\/wp-content\/uploads\/2021\/03\/2-9-300x199.jpg\" alt=\"\" width=\"300\" height=\"199\" \/><\/a><\/p>\n<p>Nesta ter\u00e7a feira, 30 de mar\u00e7o\/21, a Secretaria Municipal de Assist\u00eancia Social e Desenvolvimento Humano recebeu a doa\u00e7\u00e3o de 90 cestas b\u00e1sicas arrecadadas pela Segunda Igreja Presbiteriana de Barretos, presidida pelo Pastor Silvio Novo.<\/p>\n<p>A a\u00e7\u00e3o intitulada Drive Thru Solid\u00e1rio foi realizada pela Igreja no \u00faltimo final de semana e contou com o apoio de seus membros para a arrecada\u00e7\u00e3o dos alimentos. \u00a0As cestas recebidas ser\u00e3o destinadas aos Centros de Refer\u00eancia de Assist\u00eancia Social \u2013 CRAS, que atualmente atendem uma demanda cada vez mais crescente de fam\u00edlias em situa\u00e7\u00e3o de vulnerabilidade social, decorrente de v\u00e1rios fatores, mas em especial aquelas que v\u00eam sofrendo com os impactos pela Pandemia do Covid19.<\/p>\n<p>\u201cAssim como o corpo sem esp\u00edrito est\u00e1 morto, tamb\u00e9m a f\u00e9 sem obras est\u00e1 morta. Tiago 2:26 NVI. N\u00f3s da segunda igreja Presbiteriana colocamos nossa f\u00e9 em pr\u00e1tica ajudando aqueles que precisam. Agradecemos aos membros da nossa comunidade que abra\u00e7aram a causa e glorificaram Jesus Cristo com suas doa\u00e7\u00f5es. Muitos doaram, outros trabalharam por entenderem que essa \u00e9 a vontade de Deus. Estamos felizes por ajudarmos quem precisa.\u201d Pastor Alex de Paula , Segunda Igreja Presbiteriana de Barretos.<\/p>\n","protected":false},"excerpt":{"rendered":"<p>Nesta ter\u00e7a feira, 30 de mar\u00e7o\/21, a Secretaria Municipal de<\/p>\n","protected":false},"author":2,"featured_media":44602,"comment_status":"open","ping_status":"open","sticky":false,"template":"","format":"standard","meta":{"footnotes":""},"categories":[14,25,82],"tags":[],"class_list":["post-44600","post","type-post","status-publish","format-standard","has-post-thumbnail","hentry","category-barretos","category-cidades","category-solidariedade"],"yoast_head":"<!-- This site is optimized with the Yoast SEO plugin v27.4 - https:\/\/yoast.com\/product\/yoast-seo-wordpress\/ -->\n<title>Assist\u00eancia Social recebe doa\u00e7\u00f5es de cestas b\u00e1sicas atrav\u00e9s de a\u00e7\u00e3o realizada pela Segunda Igreja Presbiteriana de Barretos - Regi\u00e3o News<\/title>\n<meta name=\"robots\" content=\"index, follow, max-snippet:-1, max-image-preview:large, max-video-preview:-1\" \/>\n<link rel=\"canonical\" href=\"https:\/\/regiaonews.net.br\/2022\/2021\/03\/31\/assistencia-social-recebe-doacoes-de-cestas-basicas-atraves-de-acao-realizada-pela-segunda-igreja-presbiteriana-de-barretos\/\" \/>\n<meta property=\"og:locale\" content=\"pt_BR\" \/>\n<meta property=\"og:type\" content=\"article\" \/>\n<meta property=\"og:title\" content=\"Assist\u00eancia Social recebe doa\u00e7\u00f5es de cestas b\u00e1sicas atrav\u00e9s de a\u00e7\u00e3o realizada pela Segunda Igreja Presbiteriana de Barretos - Regi\u00e3o News\" \/>\n<meta property=\"og:description\" content=\"Nesta ter\u00e7a feira, 30 de mar\u00e7o\/21, a Secretaria Municipal de\" \/>\n<meta property=\"og:url\" content=\"https:\/\/regiaonews.net.br\/2022\/2021\/03\/31\/assistencia-social-recebe-doacoes-de-cestas-basicas-atraves-de-acao-realizada-pela-segunda-igreja-presbiteriana-de-barretos\/\" \/>\n<meta property=\"og:site_name\" content=\"Regi\u00e3o News\" \/>\n<meta property=\"article:published_time\" content=\"2021-03-31T20:11:37+00:00\" \/>\n<meta property=\"og:image\" content=\"https:\/\/regiaonews.net.br\/2022\/wp-content\/uploads\/2021\/03\/2-9.jpg\" \/>\n\t<meta property=\"og:image:width\" content=\"1670\" \/>\n\t<meta property=\"og:image:height\" content=\"1109\" \/>\n\t<meta property=\"og:image:type\" content=\"image\/jpeg\" \/>\n<meta name=\"author\" content=\"Roberto\" \/>\n<meta name=\"twitter:card\" content=\"summary_large_image\" \/>\n<meta name=\"twitter:label1\" content=\"Escrito por\" \/>\n\t<meta name=\"twitter:data1\" content=\"Roberto\" \/>\n\t<meta name=\"twitter:label2\" content=\"Est. tempo de leitura\" \/>\n\t<meta name=\"twitter:data2\" content=\"1 minuto\" \/>\n<script type=\"application\/ld+json\" class=\"yoast-schema-graph\">{\"@context\":\"https:\\\/\\\/schema.org\",\"@graph\":[{\"@type\":\"Article\",\"@id\":\"https:\\\/\\\/regiaonews.net.br\\\/2022\\\/2021\\\/03\\\/31\\\/assistencia-social-recebe-doacoes-de-cestas-basicas-atraves-de-acao-realizada-pela-segunda-igreja-presbiteriana-de-barretos\\\/#article\",\"isPartOf\":{\"@id\":\"https:\\\/\\\/regiaonews.net.br\\\/2022\\\/2021\\\/03\\\/31\\\/assistencia-social-recebe-doacoes-de-cestas-basicas-atraves-de-acao-realizada-pela-segunda-igreja-presbiteriana-de-barretos\\\/\"},\"author\":{\"name\":\"Roberto\",\"@id\":\"https:\\\/\\\/regiaonews.net.br\\\/2022\\\/#\\\/schema\\\/person\\\/2d205a608a5aa97ac279d7a5e6d89ad8\"},\"headline\":\"Assist\u00eancia Social recebe doa\u00e7\u00f5es de cestas b\u00e1sicas atrav\u00e9s de a\u00e7\u00e3o realizada pela Segunda Igreja Presbiteriana de Barretos\",\"datePublished\":\"2021-03-31T20:11:37+00:00\",\"mainEntityOfPage\":{\"@id\":\"https:\\\/\\\/regiaonews.net.br\\\/2022\\\/2021\\\/03\\\/31\\\/assistencia-social-recebe-doacoes-de-cestas-basicas-atraves-de-acao-realizada-pela-segunda-igreja-presbiteriana-de-barretos\\\/\"},\"wordCount\":225,\"commentCount\":0,\"publisher\":{\"@id\":\"https:\\\/\\\/regiaonews.net.br\\\/2022\\\/#organization\"},\"image\":{\"@id\":\"https:\\\/\\\/regiaonews.net.br\\\/2022\\\/2021\\\/03\\\/31\\\/assistencia-social-recebe-doacoes-de-cestas-basicas-atraves-de-acao-realizada-pela-segunda-igreja-presbiteriana-de-barretos\\\/#primaryimage\"},\"thumbnailUrl\":\"https:\\\/\\\/regiaonews.net.br\\\/2022\\\/wp-content\\\/uploads\\\/2021\\\/03\\\/2-9.jpg\",\"articleSection\":[\"Barretos\",\"Cidades\",\"Solidariedade\"],\"inLanguage\":\"pt-BR\",\"potentialAction\":[{\"@type\":\"CommentAction\",\"name\":\"Comment\",\"target\":[\"https:\\\/\\\/regiaonews.net.br\\\/2022\\\/2021\\\/03\\\/31\\\/assistencia-social-recebe-doacoes-de-cestas-basicas-atraves-de-acao-realizada-pela-segunda-igreja-presbiteriana-de-barretos\\\/#respond\"]}]},{\"@type\":\"WebPage\",\"@id\":\"https:\\\/\\\/regiaonews.net.br\\\/2022\\\/2021\\\/03\\\/31\\\/assistencia-social-recebe-doacoes-de-cestas-basicas-atraves-de-acao-realizada-pela-segunda-igreja-presbiteriana-de-barretos\\\/\",\"url\":\"https:\\\/\\\/regiaonews.net.br\\\/2022\\\/2021\\\/03\\\/31\\\/assistencia-social-recebe-doacoes-de-cestas-basicas-atraves-de-acao-realizada-pela-segunda-igreja-presbiteriana-de-barretos\\\/\",\"name\":\"Assist\u00eancia Social recebe doa\u00e7\u00f5es de cestas b\u00e1sicas atrav\u00e9s de a\u00e7\u00e3o realizada pela Segunda Igreja Presbiteriana de Barretos - Regi\u00e3o News\",\"isPartOf\":{\"@id\":\"https:\\\/\\\/regiaonews.net.br\\\/2022\\\/#website\"},\"primaryImageOfPage\":{\"@id\":\"https:\\\/\\\/regiaonews.net.br\\\/2022\\\/2021\\\/03\\\/31\\\/assistencia-social-recebe-doacoes-de-cestas-basicas-atraves-de-acao-realizada-pela-segunda-igreja-presbiteriana-de-barretos\\\/#primaryimage\"},\"image\":{\"@id\":\"https:\\\/\\\/regiaonews.net.br\\\/2022\\\/2021\\\/03\\\/31\\\/assistencia-social-recebe-doacoes-de-cestas-basicas-atraves-de-acao-realizada-pela-segunda-igreja-presbiteriana-de-barretos\\\/#primaryimage\"},\"thumbnailUrl\":\"https:\\\/\\\/regiaonews.net.br\\\/2022\\\/wp-content\\\/uploads\\\/2021\\\/03\\\/2-9.jpg\",\"datePublished\":\"2021-03-31T20:11:37+00:00\",\"breadcrumb\":{\"@id\":\"https:\\\/\\\/regiaonews.net.br\\\/2022\\\/2021\\\/03\\\/31\\\/assistencia-social-recebe-doacoes-de-cestas-basicas-atraves-de-acao-realizada-pela-segunda-igreja-presbiteriana-de-barretos\\\/#breadcrumb\"},\"inLanguage\":\"pt-BR\",\"potentialAction\":[{\"@type\":\"ReadAction\",\"target\":[\"https:\\\/\\\/regiaonews.net.br\\\/2022\\\/2021\\\/03\\\/31\\\/assistencia-social-recebe-doacoes-de-cestas-basicas-atraves-de-acao-realizada-pela-segunda-igreja-presbiteriana-de-barretos\\\/\"]}]},{\"@type\":\"ImageObject\",\"inLanguage\":\"pt-BR\",\"@id\":\"https:\\\/\\\/regiaonews.net.br\\\/2022\\\/2021\\\/03\\\/31\\\/assistencia-social-recebe-doacoes-de-cestas-basicas-atraves-de-acao-realizada-pela-segunda-igreja-presbiteriana-de-barretos\\\/#primaryimage\",\"url\":\"https:\\\/\\\/regiaonews.net.br\\\/2022\\\/wp-content\\\/uploads\\\/2021\\\/03\\\/2-9.jpg\",\"contentUrl\":\"https:\\\/\\\/regiaonews.net.br\\\/2022\\\/wp-content\\\/uploads\\\/2021\\\/03\\\/2-9.jpg\",\"width\":1670,\"height\":1109},{\"@type\":\"BreadcrumbList\",\"@id\":\"https:\\\/\\\/regiaonews.net.br\\\/2022\\\/2021\\\/03\\\/31\\\/assistencia-social-recebe-doacoes-de-cestas-basicas-atraves-de-acao-realizada-pela-segunda-igreja-presbiteriana-de-barretos\\\/#breadcrumb\",\"itemListElement\":[{\"@type\":\"ListItem\",\"position\":1,\"name\":\"In\u00edcio\",\"item\":\"https:\\\/\\\/regiaonews.net.br\\\/2022\\\/\"},{\"@type\":\"ListItem\",\"position\":2,\"name\":\"Assist\u00eancia Social recebe doa\u00e7\u00f5es de cestas b\u00e1sicas atrav\u00e9s de a\u00e7\u00e3o realizada pela Segunda Igreja Presbiteriana de Barretos\"}]},{\"@type\":\"WebSite\",\"@id\":\"https:\\\/\\\/regiaonews.net.br\\\/2022\\\/#website\",\"url\":\"https:\\\/\\\/regiaonews.net.br\\\/2022\\\/\",\"name\":\"Regi\u00e3o News\",\"description\":\"Site de Not\u00edcias de Barretos e regi\u00e3o\",\"publisher\":{\"@id\":\"https:\\\/\\\/regiaonews.net.br\\\/2022\\\/#organization\"},\"potentialAction\":[{\"@type\":\"SearchAction\",\"target\":{\"@type\":\"EntryPoint\",\"urlTemplate\":\"https:\\\/\\\/regiaonews.net.br\\\/2022\\\/?s={search_term_string}\"},\"query-input\":{\"@type\":\"PropertyValueSpecification\",\"valueRequired\":true,\"valueName\":\"search_term_string\"}}],\"inLanguage\":\"pt-BR\"},{\"@type\":\"Organization\",\"@id\":\"https:\\\/\\\/regiaonews.net.br\\\/2022\\\/#organization\",\"name\":\"Regi\u00e3o News\",\"url\":\"https:\\\/\\\/regiaonews.net.br\\\/2022\\\/\",\"logo\":{\"@type\":\"ImageObject\",\"inLanguage\":\"pt-BR\",\"@id\":\"https:\\\/\\\/regiaonews.net.br\\\/2022\\\/#\\\/schema\\\/logo\\\/image\\\/\",\"url\":\"https:\\\/\\\/regiaonews.net.br\\\/2022\\\/wp-content\\\/uploads\\\/2026\\\/03\\\/regiao-13-anos-scaled.jpg\",\"contentUrl\":\"https:\\\/\\\/regiaonews.net.br\\\/2022\\\/wp-content\\\/uploads\\\/2026\\\/03\\\/regiao-13-anos-scaled.jpg\",\"width\":2560,\"height\":635,\"caption\":\"Regi\u00e3o News\"},\"image\":{\"@id\":\"https:\\\/\\\/regiaonews.net.br\\\/2022\\\/#\\\/schema\\\/logo\\\/image\\\/\"}},{\"@type\":\"Person\",\"@id\":\"https:\\\/\\\/regiaonews.net.br\\\/2022\\\/#\\\/schema\\\/person\\\/2d205a608a5aa97ac279d7a5e6d89ad8\",\"name\":\"Roberto\",\"image\":{\"@type\":\"ImageObject\",\"inLanguage\":\"pt-BR\",\"@id\":\"https:\\\/\\\/secure.gravatar.com\\\/avatar\\\/42749d8b712ff9d59ca93dc150494e5b55a44134482993f5baeb97e61b7ecc89?s=96&d=mm&r=g\",\"url\":\"https:\\\/\\\/secure.gravatar.com\\\/avatar\\\/42749d8b712ff9d59ca93dc150494e5b55a44134482993f5baeb97e61b7ecc89?s=96&d=mm&r=g\",\"contentUrl\":\"https:\\\/\\\/secure.gravatar.com\\\/avatar\\\/42749d8b712ff9d59ca93dc150494e5b55a44134482993f5baeb97e61b7ecc89?s=96&d=mm&r=g\",\"caption\":\"Roberto\"},\"url\":\"https:\\\/\\\/regiaonews.net.br\\\/2022\\\/author\\\/roberto\\\/\"}]}<\/script>\n<!-- \/ Yoast SEO plugin. -->","yoast_head_json":{"title":"Assist\u00eancia Social recebe doa\u00e7\u00f5es de cestas b\u00e1sicas atrav\u00e9s de a\u00e7\u00e3o realizada pela Segunda Igreja Presbiteriana de Barretos - Regi\u00e3o News","robots":{"index":"index","follow":"follow","max-snippet":"max-snippet:-1","max-image-preview":"max-image-preview:large","max-video-preview":"max-video-preview:-1"},"canonical":"https:\/\/regiaonews.net.br\/2022\/2021\/03\/31\/assistencia-social-recebe-doacoes-de-cestas-basicas-atraves-de-acao-realizada-pela-segunda-igreja-presbiteriana-de-barretos\/","og_locale":"pt_BR","og_type":"article","og_title":"Assist\u00eancia Social recebe doa\u00e7\u00f5es de cestas b\u00e1sicas atrav\u00e9s de a\u00e7\u00e3o realizada pela Segunda Igreja Presbiteriana de Barretos - Regi\u00e3o News","og_description":"Nesta ter\u00e7a feira, 30 de mar\u00e7o\/21, a Secretaria Municipal de","og_url":"https:\/\/regiaonews.net.br\/2022\/2021\/03\/31\/assistencia-social-recebe-doacoes-de-cestas-basicas-atraves-de-acao-realizada-pela-segunda-igreja-presbiteriana-de-barretos\/","og_site_name":"Regi\u00e3o News","article_published_time":"2021-03-31T20:11:37+00:00","og_image":[{"width":1670,"height":1109,"url":"https:\/\/regiaonews.net.br\/2022\/wp-content\/uploads\/2021\/03\/2-9.jpg","type":"image\/jpeg"}],"author":"Roberto","twitter_card":"summary_large_image","twitter_misc":{"Escrito por":"Roberto","Est. tempo de leitura":"1 minuto"},"schema":{"@context":"https:\/\/schema.org","@graph":[{"@type":"Article","@id":"https:\/\/regiaonews.net.br\/2022\/2021\/03\/31\/assistencia-social-recebe-doacoes-de-cestas-basicas-atraves-de-acao-realizada-pela-segunda-igreja-presbiteriana-de-barretos\/#article","isPartOf":{"@id":"https:\/\/regiaonews.net.br\/2022\/2021\/03\/31\/assistencia-social-recebe-doacoes-de-cestas-basicas-atraves-de-acao-realizada-pela-segunda-igreja-presbiteriana-de-barretos\/"},"author":{"name":"Roberto","@id":"https:\/\/regiaonews.net.br\/2022\/#\/schema\/person\/2d205a608a5aa97ac279d7a5e6d89ad8"},"headline":"Assist\u00eancia Social recebe doa\u00e7\u00f5es de cestas b\u00e1sicas atrav\u00e9s de a\u00e7\u00e3o realizada pela Segunda Igreja Presbiteriana de Barretos","datePublished":"2021-03-31T20:11:37+00:00","mainEntityOfPage":{"@id":"https:\/\/regiaonews.net.br\/2022\/2021\/03\/31\/assistencia-social-recebe-doacoes-de-cestas-basicas-atraves-de-acao-realizada-pela-segunda-igreja-presbiteriana-de-barretos\/"},"wordCount":225,"commentCount":0,"publisher":{"@id":"https:\/\/regiaonews.net.br\/2022\/#organization"},"image":{"@id":"https:\/\/regiaonews.net.br\/2022\/2021\/03\/31\/assistencia-social-recebe-doacoes-de-cestas-basicas-atraves-de-acao-realizada-pela-segunda-igreja-presbiteriana-de-barretos\/#primaryimage"},"thumbnailUrl":"https:\/\/regiaonews.net.br\/2022\/wp-content\/uploads\/2021\/03\/2-9.jpg","articleSection":["Barretos","Cidades","Solidariedade"],"inLanguage":"pt-BR","potentialAction":[{"@type":"CommentAction","name":"Comment","target":["https:\/\/regiaonews.net.br\/2022\/2021\/03\/31\/assistencia-social-recebe-doacoes-de-cestas-basicas-atraves-de-acao-realizada-pela-segunda-igreja-presbiteriana-de-barretos\/#respond"]}]},{"@type":"WebPage","@id":"https:\/\/regiaonews.net.br\/2022\/2021\/03\/31\/assistencia-social-recebe-doacoes-de-cestas-basicas-atraves-de-acao-realizada-pela-segunda-igreja-presbiteriana-de-barretos\/","url":"https:\/\/regiaonews.net.br\/2022\/2021\/03\/31\/assistencia-social-recebe-doacoes-de-cestas-basicas-atraves-de-acao-realizada-pela-segunda-igreja-presbiteriana-de-barretos\/","name":"Assist\u00eancia Social recebe doa\u00e7\u00f5es de cestas b\u00e1sicas atrav\u00e9s de a\u00e7\u00e3o realizada pela Segunda Igreja Presbiteriana de Barretos - Regi\u00e3o News","isPartOf":{"@id":"https:\/\/regiaonews.net.br\/2022\/#website"},"primaryImageOfPage":{"@id":"https:\/\/regiaonews.net.br\/2022\/2021\/03\/31\/assistencia-social-recebe-doacoes-de-cestas-basicas-atraves-de-acao-realizada-pela-segunda-igreja-presbiteriana-de-barretos\/#primaryimage"},"image":{"@id":"https:\/\/regiaonews.net.br\/2022\/2021\/03\/31\/assistencia-social-recebe-doacoes-de-cestas-basicas-atraves-de-acao-realizada-pela-segunda-igreja-presbiteriana-de-barretos\/#primaryimage"},"thumbnailUrl":"https:\/\/regiaonews.net.br\/2022\/wp-content\/uploads\/2021\/03\/2-9.jpg","datePublished":"2021-03-31T20:11:37+00:00","breadcrumb":{"@id":"https:\/\/regiaonews.net.br\/2022\/2021\/03\/31\/assistencia-social-recebe-doacoes-de-cestas-basicas-atraves-de-acao-realizada-pela-segunda-igreja-presbiteriana-de-barretos\/#breadcrumb"},"inLanguage":"pt-BR","potentialAction":[{"@type":"ReadAction","target":["https:\/\/regiaonews.net.br\/2022\/2021\/03\/31\/assistencia-social-recebe-doacoes-de-cestas-basicas-atraves-de-acao-realizada-pela-segunda-igreja-presbiteriana-de-barretos\/"]}]},{"@type":"ImageObject","inLanguage":"pt-BR","@id":"https:\/\/regiaonews.net.br\/2022\/2021\/03\/31\/assistencia-social-recebe-doacoes-de-cestas-basicas-atraves-de-acao-realizada-pela-segunda-igreja-presbiteriana-de-barretos\/#primaryimage","url":"https:\/\/regiaonews.net.br\/2022\/wp-content\/uploads\/2021\/03\/2-9.jpg","contentUrl":"https:\/\/regiaonews.net.br\/2022\/wp-content\/uploads\/2021\/03\/2-9.jpg","width":1670,"height":1109},{"@type":"BreadcrumbList","@id":"https:\/\/regiaonews.net.br\/2022\/2021\/03\/31\/assistencia-social-recebe-doacoes-de-cestas-basicas-atraves-de-acao-realizada-pela-segunda-igreja-presbiteriana-de-barretos\/#breadcrumb","itemListElement":[{"@type":"ListItem","position":1,"name":"In\u00edcio","item":"https:\/\/regiaonews.net.br\/2022\/"},{"@type":"ListItem","position":2,"name":"Assist\u00eancia Social recebe doa\u00e7\u00f5es de cestas b\u00e1sicas atrav\u00e9s de a\u00e7\u00e3o realizada pela Segunda Igreja Presbiteriana de Barretos"}]},{"@type":"WebSite","@id":"https:\/\/regiaonews.net.br\/2022\/#website","url":"https:\/\/regiaonews.net.br\/2022\/","name":"Regi\u00e3o News","description":"Site de Not\u00edcias de Barretos e regi\u00e3o","publisher":{"@id":"https:\/\/regiaonews.net.br\/2022\/#organization"},"potentialAction":[{"@type":"SearchAction","target":{"@type":"EntryPoint","urlTemplate":"https:\/\/regiaonews.net.br\/2022\/?s={search_term_string}"},"query-input":{"@type":"PropertyValueSpecification","valueRequired":true,"valueName":"search_term_string"}}],"inLanguage":"pt-BR"},{"@type":"Organization","@id":"https:\/\/regiaonews.net.br\/2022\/#organization","name":"Regi\u00e3o News","url":"https:\/\/regiaonews.net.br\/2022\/","logo":{"@type":"ImageObject","inLanguage":"pt-BR","@id":"https:\/\/regiaonews.net.br\/2022\/#\/schema\/logo\/image\/","url":"https:\/\/regiaonews.net.br\/2022\/wp-content\/uploads\/2026\/03\/regiao-13-anos-scaled.jpg","contentUrl":"https:\/\/regiaonews.net.br\/2022\/wp-content\/uploads\/2026\/03\/regiao-13-anos-scaled.jpg","width":2560,"height":635,"caption":"Regi\u00e3o News"},"image":{"@id":"https:\/\/regiaonews.net.br\/2022\/#\/schema\/logo\/image\/"}},{"@type":"Person","@id":"https:\/\/regiaonews.net.br\/2022\/#\/schema\/person\/2d205a608a5aa97ac279d7a5e6d89ad8","name":"Roberto","image":{"@type":"ImageObject","inLanguage":"pt-BR","@id":"https:\/\/secure.gravatar.com\/avatar\/42749d8b712ff9d59ca93dc150494e5b55a44134482993f5baeb97e61b7ecc89?s=96&d=mm&r=g","url":"https:\/\/secure.gravatar.com\/avatar\/42749d8b712ff9d59ca93dc150494e5b55a44134482993f5baeb97e61b7ecc89?s=96&d=mm&r=g","contentUrl":"https:\/\/secure.gravatar.com\/avatar\/42749d8b712ff9d59ca93dc150494e5b55a44134482993f5baeb97e61b7ecc89?s=96&d=mm&r=g","caption":"Roberto"},"url":"https:\/\/regiaonews.net.br\/2022\/author\/roberto\/"}]}},"publishpress_future_action":{"enabled":false,"date":"2026-05-04 00:19:25","action":"change-status","newStatus":"draft","terms":[],"taxonomy":"category","extraData":[]},"publishpress_future_workflow_manual_trigger":{"enabledWorkflows":[]},"_links":{"self":[{"href":"https:\/\/regiaonews.net.br\/2022\/wp-json\/wp\/v2\/posts\/44600","targetHints":{"allow":["GET"]}}],"collection":[{"href":"https:\/\/regiaonews.net.br\/2022\/wp-json\/wp\/v2\/posts"}],"about":[{"href":"https:\/\/regiaonews.net.br\/2022\/wp-json\/wp\/v2\/types\/post"}],"author":[{"embeddable":true,"href":"https:\/\/regiaonews.net.br\/2022\/wp-json\/wp\/v2\/users\/2"}],"replies":[{"embeddable":true,"href":"https:\/\/regiaonews.net.br\/2022\/wp-json\/wp\/v2\/comments?post=44600"}],"version-history":[{"count":0,"href":"https:\/\/regiaonews.net.br\/2022\/wp-json\/wp\/v2\/posts\/44600\/revisions"}],"wp:featuredmedia":[{"embeddable":true,"href":"https:\/\/regiaonews.net.br\/2022\/wp-json\/wp\/v2\/media\/44602"}],"wp:attachment":[{"href":"https:\/\/regiaonews.net.br\/2022\/wp-json\/wp\/v2\/media?parent=44600"}],"wp:term":[{"taxonomy":"category","embeddable":true,"href":"https:\/\/regiaonews.net.br\/2022\/wp-json\/wp\/v2\/categories?post=44600"},{"taxonomy":"post_tag","embeddable":true,"href":"https:\/\/regiaonews.net.br\/2022\/wp-json\/wp\/v2\/tags?post=44600"}],"curies":[{"name":"wp","href":"https:\/\/api.w.org\/{rel}","templated":true}]}}