{"id":44583,"date":"2021-03-31T13:17:28","date_gmt":"2021-03-31T16:17:28","guid":{"rendered":"https:\/\/regiaonews.net.br\/2022\/?p=44583"},"modified":"2021-03-31T13:17:28","modified_gmt":"2021-03-31T16:17:28","slug":"governo-comeca-a-pagar-novo-auxilio-emergencial-em-6-de-abril","status":"publish","type":"post","link":"https:\/\/regiaonews.net.br\/2022\/2021\/03\/31\/governo-comeca-a-pagar-novo-auxilio-emergencial-em-6-de-abril\/","title":{"rendered":"Governo come\u00e7a a pagar novo aux\u00edlio emergencial em 6 de abril."},"content":{"rendered":"<p><a href=\"https:\/\/regiaonews.net.br\/2022\/wp-content\/uploads\/2020\/04\/auxilio-emergencial-passos-1200x675.jpg\"><img loading=\"lazy\" decoding=\"async\" class=\"alignnone size-medium wp-image-30422\" src=\"https:\/\/regiaonews.net.br\/2022\/wp-content\/uploads\/2020\/04\/auxilio-emergencial-passos-1200x675-300x169.jpg\" alt=\"\" width=\"300\" height=\"169\" \/><\/a><\/p>\n<p>O governo federal anunciou hoje o calend\u00e1rio oficial de pagamento do aux\u00edlio emergencial 2021. O pagamento come\u00e7ar\u00e1 a ser feito a partir da pr\u00f3xima ter\u00e7a-feira (6), com dep\u00f3sitos em contas digitais na Caixa Econ\u00f4mica Federal.<\/p>\n<p>A nova rodada ter\u00e1 quatro parcelas e o calend\u00e1rio de pagamento vai variar conforme a data de nascimento do benefici\u00e1rio. Benefici\u00e1rios do Bolsa Fam\u00edlia receber\u00e3o o aux\u00edlio de acordo com o \u00faltimo d\u00edgito do NIS. Veja abaixo o calend\u00e1rio completo.<\/p>\n<p>O an\u00fancio foi feito ap\u00f3s reuni\u00e3o entre o presidente da Rep\u00fablica, Jair Bolsonaro (sem partido), o Ministro da Cidadania, Jo\u00e3o Roma, e os presidentes da Caixa Econ\u00f4mica Federal, Pedro Guimar\u00e3es, e Dataprev, Gustavo Canuto. O aux\u00edlio emergencial 2021 est\u00e1 mais restrito do que o do ano passado. Ser\u00e1 pago em quatro parcelas, com valores de R$ 150, R$ 250 ou R$ 375, dependendo da fam\u00edlia, limitado a um benef\u00edcio por fam\u00edlia. Ser\u00e3o beneficiadas 45,6 milh\u00f5es de pessoas, 22,6 milh\u00f5es a menos do que no aux\u00edlio emergencial de R$ 600, pago em meados do ano passado (68,2 milh\u00f5es de pessoas).<\/p>\n<p>S\u00f3 vai receber o novo aux\u00edlio quem j\u00e1 recebeu no ano passado e, portanto, j\u00e1 est\u00e1 inscrito nos cadastros p\u00fablicos usados para a an\u00e1lise dos pedidos. Quem n\u00e3o faz parte dos cadastros n\u00e3o receber\u00e1 o benef\u00edcio, visto que n\u00e3o haver\u00e1 novos pedidos.<\/p>\n<p><a href=\"https:\/\/regiaonews.net.br\/2022\/wp-content\/uploads\/2021\/03\/419109389_calenda-CC-81rio_auxilioemergencial.pdf\">_ Clique aqui\u00a0 calend\u00e1rio completo.<\/a><\/p>\n","protected":false},"excerpt":{"rendered":"<p>O governo federal anunciou hoje o calend\u00e1rio oficial de pagamento<\/p>\n","protected":false},"author":2,"featured_media":30422,"comment_status":"open","ping_status":"open","sticky":false,"template":"","format":"standard","meta":{"footnotes":""},"categories":[24,25],"tags":[],"class_list":["post-44583","post","type-post","status-publish","format-standard","has-post-thumbnail","hentry","category-brasil","category-cidades"],"yoast_head":"<!-- This site is optimized with the Yoast SEO plugin v27.4 - https:\/\/yoast.com\/product\/yoast-seo-wordpress\/ -->\n<title>Governo come\u00e7a a pagar novo aux\u00edlio emergencial em 6 de abril. - Regi\u00e3o News<\/title>\n<meta name=\"robots\" content=\"index, follow, max-snippet:-1, max-image-preview:large, max-video-preview:-1\" \/>\n<link rel=\"canonical\" href=\"https:\/\/regiaonews.net.br\/2022\/2021\/03\/31\/governo-comeca-a-pagar-novo-auxilio-emergencial-em-6-de-abril\/\" \/>\n<meta property=\"og:locale\" content=\"pt_BR\" \/>\n<meta property=\"og:type\" content=\"article\" \/>\n<meta property=\"og:title\" content=\"Governo come\u00e7a a pagar novo aux\u00edlio emergencial em 6 de abril. - Regi\u00e3o News\" \/>\n<meta property=\"og:description\" content=\"O governo federal anunciou hoje o calend\u00e1rio oficial de pagamento\" \/>\n<meta property=\"og:url\" content=\"https:\/\/regiaonews.net.br\/2022\/2021\/03\/31\/governo-comeca-a-pagar-novo-auxilio-emergencial-em-6-de-abril\/\" \/>\n<meta property=\"og:site_name\" content=\"Regi\u00e3o News\" \/>\n<meta property=\"article:published_time\" content=\"2021-03-31T16:17:28+00:00\" \/>\n<meta property=\"og:image\" content=\"https:\/\/regiaonews.net.br\/2022\/wp-content\/uploads\/2020\/04\/auxilio-emergencial-passos-1200x675.jpg\" \/>\n\t<meta property=\"og:image:width\" content=\"1200\" \/>\n\t<meta property=\"og:image:height\" content=\"675\" \/>\n\t<meta property=\"og:image:type\" content=\"image\/jpeg\" \/>\n<meta name=\"author\" content=\"Roberto\" \/>\n<meta name=\"twitter:card\" content=\"summary_large_image\" \/>\n<meta name=\"twitter:label1\" content=\"Escrito por\" \/>\n\t<meta name=\"twitter:data1\" content=\"Roberto\" \/>\n\t<meta name=\"twitter:label2\" content=\"Est. tempo de leitura\" \/>\n\t<meta name=\"twitter:data2\" content=\"1 minuto\" \/>\n<script type=\"application\/ld+json\" class=\"yoast-schema-graph\">{\"@context\":\"https:\\\/\\\/schema.org\",\"@graph\":[{\"@type\":\"Article\",\"@id\":\"https:\\\/\\\/regiaonews.net.br\\\/2022\\\/2021\\\/03\\\/31\\\/governo-comeca-a-pagar-novo-auxilio-emergencial-em-6-de-abril\\\/#article\",\"isPartOf\":{\"@id\":\"https:\\\/\\\/regiaonews.net.br\\\/2022\\\/2021\\\/03\\\/31\\\/governo-comeca-a-pagar-novo-auxilio-emergencial-em-6-de-abril\\\/\"},\"author\":{\"name\":\"Roberto\",\"@id\":\"https:\\\/\\\/regiaonews.net.br\\\/2022\\\/#\\\/schema\\\/person\\\/2d205a608a5aa97ac279d7a5e6d89ad8\"},\"headline\":\"Governo come\u00e7a a pagar novo aux\u00edlio emergencial em 6 de abril.\",\"datePublished\":\"2021-03-31T16:17:28+00:00\",\"mainEntityOfPage\":{\"@id\":\"https:\\\/\\\/regiaonews.net.br\\\/2022\\\/2021\\\/03\\\/31\\\/governo-comeca-a-pagar-novo-auxilio-emergencial-em-6-de-abril\\\/\"},\"wordCount\":261,\"commentCount\":0,\"publisher\":{\"@id\":\"https:\\\/\\\/regiaonews.net.br\\\/2022\\\/#organization\"},\"image\":{\"@id\":\"https:\\\/\\\/regiaonews.net.br\\\/2022\\\/2021\\\/03\\\/31\\\/governo-comeca-a-pagar-novo-auxilio-emergencial-em-6-de-abril\\\/#primaryimage\"},\"thumbnailUrl\":\"https:\\\/\\\/regiaonews.net.br\\\/2022\\\/wp-content\\\/uploads\\\/2020\\\/04\\\/auxilio-emergencial-passos-1200x675.jpg\",\"articleSection\":[\"Brasil\",\"Cidades\"],\"inLanguage\":\"pt-BR\",\"potentialAction\":[{\"@type\":\"CommentAction\",\"name\":\"Comment\",\"target\":[\"https:\\\/\\\/regiaonews.net.br\\\/2022\\\/2021\\\/03\\\/31\\\/governo-comeca-a-pagar-novo-auxilio-emergencial-em-6-de-abril\\\/#respond\"]}]},{\"@type\":\"WebPage\",\"@id\":\"https:\\\/\\\/regiaonews.net.br\\\/2022\\\/2021\\\/03\\\/31\\\/governo-comeca-a-pagar-novo-auxilio-emergencial-em-6-de-abril\\\/\",\"url\":\"https:\\\/\\\/regiaonews.net.br\\\/2022\\\/2021\\\/03\\\/31\\\/governo-comeca-a-pagar-novo-auxilio-emergencial-em-6-de-abril\\\/\",\"name\":\"Governo come\u00e7a a pagar novo aux\u00edlio emergencial em 6 de abril. - Regi\u00e3o News\",\"isPartOf\":{\"@id\":\"https:\\\/\\\/regiaonews.net.br\\\/2022\\\/#website\"},\"primaryImageOfPage\":{\"@id\":\"https:\\\/\\\/regiaonews.net.br\\\/2022\\\/2021\\\/03\\\/31\\\/governo-comeca-a-pagar-novo-auxilio-emergencial-em-6-de-abril\\\/#primaryimage\"},\"image\":{\"@id\":\"https:\\\/\\\/regiaonews.net.br\\\/2022\\\/2021\\\/03\\\/31\\\/governo-comeca-a-pagar-novo-auxilio-emergencial-em-6-de-abril\\\/#primaryimage\"},\"thumbnailUrl\":\"https:\\\/\\\/regiaonews.net.br\\\/2022\\\/wp-content\\\/uploads\\\/2020\\\/04\\\/auxilio-emergencial-passos-1200x675.jpg\",\"datePublished\":\"2021-03-31T16:17:28+00:00\",\"breadcrumb\":{\"@id\":\"https:\\\/\\\/regiaonews.net.br\\\/2022\\\/2021\\\/03\\\/31\\\/governo-comeca-a-pagar-novo-auxilio-emergencial-em-6-de-abril\\\/#breadcrumb\"},\"inLanguage\":\"pt-BR\",\"potentialAction\":[{\"@type\":\"ReadAction\",\"target\":[\"https:\\\/\\\/regiaonews.net.br\\\/2022\\\/2021\\\/03\\\/31\\\/governo-comeca-a-pagar-novo-auxilio-emergencial-em-6-de-abril\\\/\"]}]},{\"@type\":\"ImageObject\",\"inLanguage\":\"pt-BR\",\"@id\":\"https:\\\/\\\/regiaonews.net.br\\\/2022\\\/2021\\\/03\\\/31\\\/governo-comeca-a-pagar-novo-auxilio-emergencial-em-6-de-abril\\\/#primaryimage\",\"url\":\"https:\\\/\\\/regiaonews.net.br\\\/2022\\\/wp-content\\\/uploads\\\/2020\\\/04\\\/auxilio-emergencial-passos-1200x675.jpg\",\"contentUrl\":\"https:\\\/\\\/regiaonews.net.br\\\/2022\\\/wp-content\\\/uploads\\\/2020\\\/04\\\/auxilio-emergencial-passos-1200x675.jpg\",\"width\":1200,\"height\":675},{\"@type\":\"BreadcrumbList\",\"@id\":\"https:\\\/\\\/regiaonews.net.br\\\/2022\\\/2021\\\/03\\\/31\\\/governo-comeca-a-pagar-novo-auxilio-emergencial-em-6-de-abril\\\/#breadcrumb\",\"itemListElement\":[{\"@type\":\"ListItem\",\"position\":1,\"name\":\"In\u00edcio\",\"item\":\"https:\\\/\\\/regiaonews.net.br\\\/2022\\\/\"},{\"@type\":\"ListItem\",\"position\":2,\"name\":\"Governo come\u00e7a a pagar novo aux\u00edlio emergencial em 6 de abril.\"}]},{\"@type\":\"WebSite\",\"@id\":\"https:\\\/\\\/regiaonews.net.br\\\/2022\\\/#website\",\"url\":\"https:\\\/\\\/regiaonews.net.br\\\/2022\\\/\",\"name\":\"Regi\u00e3o News\",\"description\":\"Site de Not\u00edcias de Barretos e regi\u00e3o\",\"publisher\":{\"@id\":\"https:\\\/\\\/regiaonews.net.br\\\/2022\\\/#organization\"},\"potentialAction\":[{\"@type\":\"SearchAction\",\"target\":{\"@type\":\"EntryPoint\",\"urlTemplate\":\"https:\\\/\\\/regiaonews.net.br\\\/2022\\\/?s={search_term_string}\"},\"query-input\":{\"@type\":\"PropertyValueSpecification\",\"valueRequired\":true,\"valueName\":\"search_term_string\"}}],\"inLanguage\":\"pt-BR\"},{\"@type\":\"Organization\",\"@id\":\"https:\\\/\\\/regiaonews.net.br\\\/2022\\\/#organization\",\"name\":\"Regi\u00e3o News\",\"url\":\"https:\\\/\\\/regiaonews.net.br\\\/2022\\\/\",\"logo\":{\"@type\":\"ImageObject\",\"inLanguage\":\"pt-BR\",\"@id\":\"https:\\\/\\\/regiaonews.net.br\\\/2022\\\/#\\\/schema\\\/logo\\\/image\\\/\",\"url\":\"https:\\\/\\\/regiaonews.net.br\\\/2022\\\/wp-content\\\/uploads\\\/2026\\\/03\\\/regiao-13-anos-scaled.jpg\",\"contentUrl\":\"https:\\\/\\\/regiaonews.net.br\\\/2022\\\/wp-content\\\/uploads\\\/2026\\\/03\\\/regiao-13-anos-scaled.jpg\",\"width\":2560,\"height\":635,\"caption\":\"Regi\u00e3o News\"},\"image\":{\"@id\":\"https:\\\/\\\/regiaonews.net.br\\\/2022\\\/#\\\/schema\\\/logo\\\/image\\\/\"}},{\"@type\":\"Person\",\"@id\":\"https:\\\/\\\/regiaonews.net.br\\\/2022\\\/#\\\/schema\\\/person\\\/2d205a608a5aa97ac279d7a5e6d89ad8\",\"name\":\"Roberto\",\"image\":{\"@type\":\"ImageObject\",\"inLanguage\":\"pt-BR\",\"@id\":\"https:\\\/\\\/secure.gravatar.com\\\/avatar\\\/42749d8b712ff9d59ca93dc150494e5b55a44134482993f5baeb97e61b7ecc89?s=96&d=mm&r=g\",\"url\":\"https:\\\/\\\/secure.gravatar.com\\\/avatar\\\/42749d8b712ff9d59ca93dc150494e5b55a44134482993f5baeb97e61b7ecc89?s=96&d=mm&r=g\",\"contentUrl\":\"https:\\\/\\\/secure.gravatar.com\\\/avatar\\\/42749d8b712ff9d59ca93dc150494e5b55a44134482993f5baeb97e61b7ecc89?s=96&d=mm&r=g\",\"caption\":\"Roberto\"},\"url\":\"https:\\\/\\\/regiaonews.net.br\\\/2022\\\/author\\\/roberto\\\/\"}]}<\/script>\n<!-- \/ Yoast SEO plugin. -->","yoast_head_json":{"title":"Governo come\u00e7a a pagar novo aux\u00edlio emergencial em 6 de abril. - Regi\u00e3o News","robots":{"index":"index","follow":"follow","max-snippet":"max-snippet:-1","max-image-preview":"max-image-preview:large","max-video-preview":"max-video-preview:-1"},"canonical":"https:\/\/regiaonews.net.br\/2022\/2021\/03\/31\/governo-comeca-a-pagar-novo-auxilio-emergencial-em-6-de-abril\/","og_locale":"pt_BR","og_type":"article","og_title":"Governo come\u00e7a a pagar novo aux\u00edlio emergencial em 6 de abril. - Regi\u00e3o News","og_description":"O governo federal anunciou hoje o calend\u00e1rio oficial de pagamento","og_url":"https:\/\/regiaonews.net.br\/2022\/2021\/03\/31\/governo-comeca-a-pagar-novo-auxilio-emergencial-em-6-de-abril\/","og_site_name":"Regi\u00e3o News","article_published_time":"2021-03-31T16:17:28+00:00","og_image":[{"width":1200,"height":675,"url":"https:\/\/regiaonews.net.br\/2022\/wp-content\/uploads\/2020\/04\/auxilio-emergencial-passos-1200x675.jpg","type":"image\/jpeg"}],"author":"Roberto","twitter_card":"summary_large_image","twitter_misc":{"Escrito por":"Roberto","Est. tempo de leitura":"1 minuto"},"schema":{"@context":"https:\/\/schema.org","@graph":[{"@type":"Article","@id":"https:\/\/regiaonews.net.br\/2022\/2021\/03\/31\/governo-comeca-a-pagar-novo-auxilio-emergencial-em-6-de-abril\/#article","isPartOf":{"@id":"https:\/\/regiaonews.net.br\/2022\/2021\/03\/31\/governo-comeca-a-pagar-novo-auxilio-emergencial-em-6-de-abril\/"},"author":{"name":"Roberto","@id":"https:\/\/regiaonews.net.br\/2022\/#\/schema\/person\/2d205a608a5aa97ac279d7a5e6d89ad8"},"headline":"Governo come\u00e7a a pagar novo aux\u00edlio emergencial em 6 de abril.","datePublished":"2021-03-31T16:17:28+00:00","mainEntityOfPage":{"@id":"https:\/\/regiaonews.net.br\/2022\/2021\/03\/31\/governo-comeca-a-pagar-novo-auxilio-emergencial-em-6-de-abril\/"},"wordCount":261,"commentCount":0,"publisher":{"@id":"https:\/\/regiaonews.net.br\/2022\/#organization"},"image":{"@id":"https:\/\/regiaonews.net.br\/2022\/2021\/03\/31\/governo-comeca-a-pagar-novo-auxilio-emergencial-em-6-de-abril\/#primaryimage"},"thumbnailUrl":"https:\/\/regiaonews.net.br\/2022\/wp-content\/uploads\/2020\/04\/auxilio-emergencial-passos-1200x675.jpg","articleSection":["Brasil","Cidades"],"inLanguage":"pt-BR","potentialAction":[{"@type":"CommentAction","name":"Comment","target":["https:\/\/regiaonews.net.br\/2022\/2021\/03\/31\/governo-comeca-a-pagar-novo-auxilio-emergencial-em-6-de-abril\/#respond"]}]},{"@type":"WebPage","@id":"https:\/\/regiaonews.net.br\/2022\/2021\/03\/31\/governo-comeca-a-pagar-novo-auxilio-emergencial-em-6-de-abril\/","url":"https:\/\/regiaonews.net.br\/2022\/2021\/03\/31\/governo-comeca-a-pagar-novo-auxilio-emergencial-em-6-de-abril\/","name":"Governo come\u00e7a a pagar novo aux\u00edlio emergencial em 6 de abril. - Regi\u00e3o News","isPartOf":{"@id":"https:\/\/regiaonews.net.br\/2022\/#website"},"primaryImageOfPage":{"@id":"https:\/\/regiaonews.net.br\/2022\/2021\/03\/31\/governo-comeca-a-pagar-novo-auxilio-emergencial-em-6-de-abril\/#primaryimage"},"image":{"@id":"https:\/\/regiaonews.net.br\/2022\/2021\/03\/31\/governo-comeca-a-pagar-novo-auxilio-emergencial-em-6-de-abril\/#primaryimage"},"thumbnailUrl":"https:\/\/regiaonews.net.br\/2022\/wp-content\/uploads\/2020\/04\/auxilio-emergencial-passos-1200x675.jpg","datePublished":"2021-03-31T16:17:28+00:00","breadcrumb":{"@id":"https:\/\/regiaonews.net.br\/2022\/2021\/03\/31\/governo-comeca-a-pagar-novo-auxilio-emergencial-em-6-de-abril\/#breadcrumb"},"inLanguage":"pt-BR","potentialAction":[{"@type":"ReadAction","target":["https:\/\/regiaonews.net.br\/2022\/2021\/03\/31\/governo-comeca-a-pagar-novo-auxilio-emergencial-em-6-de-abril\/"]}]},{"@type":"ImageObject","inLanguage":"pt-BR","@id":"https:\/\/regiaonews.net.br\/2022\/2021\/03\/31\/governo-comeca-a-pagar-novo-auxilio-emergencial-em-6-de-abril\/#primaryimage","url":"https:\/\/regiaonews.net.br\/2022\/wp-content\/uploads\/2020\/04\/auxilio-emergencial-passos-1200x675.jpg","contentUrl":"https:\/\/regiaonews.net.br\/2022\/wp-content\/uploads\/2020\/04\/auxilio-emergencial-passos-1200x675.jpg","width":1200,"height":675},{"@type":"BreadcrumbList","@id":"https:\/\/regiaonews.net.br\/2022\/2021\/03\/31\/governo-comeca-a-pagar-novo-auxilio-emergencial-em-6-de-abril\/#breadcrumb","itemListElement":[{"@type":"ListItem","position":1,"name":"In\u00edcio","item":"https:\/\/regiaonews.net.br\/2022\/"},{"@type":"ListItem","position":2,"name":"Governo come\u00e7a a pagar novo aux\u00edlio emergencial em 6 de abril."}]},{"@type":"WebSite","@id":"https:\/\/regiaonews.net.br\/2022\/#website","url":"https:\/\/regiaonews.net.br\/2022\/","name":"Regi\u00e3o News","description":"Site de Not\u00edcias de Barretos e regi\u00e3o","publisher":{"@id":"https:\/\/regiaonews.net.br\/2022\/#organization"},"potentialAction":[{"@type":"SearchAction","target":{"@type":"EntryPoint","urlTemplate":"https:\/\/regiaonews.net.br\/2022\/?s={search_term_string}"},"query-input":{"@type":"PropertyValueSpecification","valueRequired":true,"valueName":"search_term_string"}}],"inLanguage":"pt-BR"},{"@type":"Organization","@id":"https:\/\/regiaonews.net.br\/2022\/#organization","name":"Regi\u00e3o News","url":"https:\/\/regiaonews.net.br\/2022\/","logo":{"@type":"ImageObject","inLanguage":"pt-BR","@id":"https:\/\/regiaonews.net.br\/2022\/#\/schema\/logo\/image\/","url":"https:\/\/regiaonews.net.br\/2022\/wp-content\/uploads\/2026\/03\/regiao-13-anos-scaled.jpg","contentUrl":"https:\/\/regiaonews.net.br\/2022\/wp-content\/uploads\/2026\/03\/regiao-13-anos-scaled.jpg","width":2560,"height":635,"caption":"Regi\u00e3o News"},"image":{"@id":"https:\/\/regiaonews.net.br\/2022\/#\/schema\/logo\/image\/"}},{"@type":"Person","@id":"https:\/\/regiaonews.net.br\/2022\/#\/schema\/person\/2d205a608a5aa97ac279d7a5e6d89ad8","name":"Roberto","image":{"@type":"ImageObject","inLanguage":"pt-BR","@id":"https:\/\/secure.gravatar.com\/avatar\/42749d8b712ff9d59ca93dc150494e5b55a44134482993f5baeb97e61b7ecc89?s=96&d=mm&r=g","url":"https:\/\/secure.gravatar.com\/avatar\/42749d8b712ff9d59ca93dc150494e5b55a44134482993f5baeb97e61b7ecc89?s=96&d=mm&r=g","contentUrl":"https:\/\/secure.gravatar.com\/avatar\/42749d8b712ff9d59ca93dc150494e5b55a44134482993f5baeb97e61b7ecc89?s=96&d=mm&r=g","caption":"Roberto"},"url":"https:\/\/regiaonews.net.br\/2022\/author\/roberto\/"}]}},"publishpress_future_action":{"enabled":false,"date":"2026-05-04 01:46:33","action":"change-status","newStatus":"draft","terms":[],"taxonomy":"category","extraData":[]},"publishpress_future_workflow_manual_trigger":{"enabledWorkflows":[]},"_links":{"self":[{"href":"https:\/\/regiaonews.net.br\/2022\/wp-json\/wp\/v2\/posts\/44583","targetHints":{"allow":["GET"]}}],"collection":[{"href":"https:\/\/regiaonews.net.br\/2022\/wp-json\/wp\/v2\/posts"}],"about":[{"href":"https:\/\/regiaonews.net.br\/2022\/wp-json\/wp\/v2\/types\/post"}],"author":[{"embeddable":true,"href":"https:\/\/regiaonews.net.br\/2022\/wp-json\/wp\/v2\/users\/2"}],"replies":[{"embeddable":true,"href":"https:\/\/regiaonews.net.br\/2022\/wp-json\/wp\/v2\/comments?post=44583"}],"version-history":[{"count":0,"href":"https:\/\/regiaonews.net.br\/2022\/wp-json\/wp\/v2\/posts\/44583\/revisions"}],"wp:featuredmedia":[{"embeddable":true,"href":"https:\/\/regiaonews.net.br\/2022\/wp-json\/wp\/v2\/media\/30422"}],"wp:attachment":[{"href":"https:\/\/regiaonews.net.br\/2022\/wp-json\/wp\/v2\/media?parent=44583"}],"wp:term":[{"taxonomy":"category","embeddable":true,"href":"https:\/\/regiaonews.net.br\/2022\/wp-json\/wp\/v2\/categories?post=44583"},{"taxonomy":"post_tag","embeddable":true,"href":"https:\/\/regiaonews.net.br\/2022\/wp-json\/wp\/v2\/tags?post=44583"}],"curies":[{"name":"wp","href":"https:\/\/api.w.org\/{rel}","templated":true}]}}