{"id":44569,"date":"2021-03-31T07:31:27","date_gmt":"2021-03-31T10:31:27","guid":{"rendered":"https:\/\/regiaonews.net.br\/2022\/?p=44569"},"modified":"2021-03-31T07:31:27","modified_gmt":"2021-03-31T10:31:27","slug":"prefeita-sanciona-lei-que-torna-atividade-religiosa-como-essencial","status":"publish","type":"post","link":"https:\/\/regiaonews.net.br\/2022\/2021\/03\/31\/prefeita-sanciona-lei-que-torna-atividade-religiosa-como-essencial\/","title":{"rendered":"Prefeita sanciona lei que torna atividade religiosa como essencial"},"content":{"rendered":"<p><a href=\"https:\/\/regiaonews.net.br\/2022\/wp-content\/uploads\/2021\/01\/Sebasti\u00e3o-Santos-e-Elson-Santos.jpg\"><img loading=\"lazy\" decoding=\"async\" class=\"alignnone size-medium wp-image-41612\" src=\"https:\/\/regiaonews.net.br\/2022\/wp-content\/uploads\/2021\/01\/Sebasti\u00e3o-Santos-e-Elson-Santos-300x218.jpg\" alt=\"\" width=\"300\" height=\"218\" \/><\/a><\/p>\n<p>Foto &#8211; Deputado Sebasti\u00e3o e o vereador licenciado pastor \u00c9lson dos Santos<\/p>\n<p>Foi sancionado ontem (30), pela prefeita Paula Lemos (DEM), a Lei Municipal 6.038, que foi aprovada na C\u00e2mara Municipal de Barretos de autoria do vereador licenciado pastor Elson dos Santos, que reconhece a atividade religiosa como essencial para a popula\u00e7\u00e3o de Barretos. De acordo com a lei, fica reconhecida as atividades realizadas em seus respectivos templos e fora deles como atividade essencial a ser mantida em tempos de crises oriundas de mol\u00e9stias contagiosas ou catastrofes naturais. De acordo com o paragr\u00e1fo \u00fanico da Lei Municipal, havendo autoriza\u00e7\u00e3o para a abertura dos templos para a realiza\u00e7\u00e3o das atividades religiosas, \u00e9 necess\u00e1rio a ado\u00e7\u00e3o das medidas de bioseguran\u00e7a recomendadas pela OMS \u2013 Organiza\u00e7\u00e3o Mundial de Sa\u00fade \u2013 as quais est\u00e3o contidas no Decreto Municipal. \u201cEssa lei torna de utilidade p\u00fablica as Igrejas da cidade de Barretos\u201d, afirmou o Pastor Elson.<br \/>\nNo Estado de S\u00e3o Paulo, o deputado estadual Sebasti\u00e3o Santos, explicou que a Frente Parlamentar Evang\u00e9lica, conseguiu o apoio do governador Jo\u00e3o Doria.<\/p>\n","protected":false},"excerpt":{"rendered":"<p>Foto &#8211; Deputado Sebasti\u00e3o e o vereador licenciado pastor \u00c9lson<\/p>\n","protected":false},"author":2,"featured_media":41612,"comment_status":"open","ping_status":"open","sticky":false,"template":"","format":"standard","meta":{"footnotes":""},"categories":[14,25,22],"tags":[],"class_list":["post-44569","post","type-post","status-publish","format-standard","has-post-thumbnail","hentry","category-barretos","category-cidades","category-politica"],"yoast_head":"<!-- This site is optimized with the Yoast SEO plugin v27.4 - https:\/\/yoast.com\/product\/yoast-seo-wordpress\/ -->\n<title>Prefeita sanciona lei que torna atividade religiosa como essencial - Regi\u00e3o News<\/title>\n<meta name=\"robots\" content=\"index, follow, max-snippet:-1, max-image-preview:large, max-video-preview:-1\" \/>\n<link rel=\"canonical\" href=\"https:\/\/regiaonews.net.br\/2022\/2021\/03\/31\/prefeita-sanciona-lei-que-torna-atividade-religiosa-como-essencial\/\" \/>\n<meta property=\"og:locale\" content=\"pt_BR\" \/>\n<meta property=\"og:type\" content=\"article\" \/>\n<meta property=\"og:title\" content=\"Prefeita sanciona lei que torna atividade religiosa como essencial - Regi\u00e3o News\" \/>\n<meta property=\"og:description\" content=\"Foto &#8211; Deputado Sebasti\u00e3o e o vereador licenciado pastor \u00c9lson\" \/>\n<meta property=\"og:url\" content=\"https:\/\/regiaonews.net.br\/2022\/2021\/03\/31\/prefeita-sanciona-lei-que-torna-atividade-religiosa-como-essencial\/\" \/>\n<meta property=\"og:site_name\" content=\"Regi\u00e3o News\" \/>\n<meta property=\"article:published_time\" content=\"2021-03-31T10:31:27+00:00\" \/>\n<meta property=\"og:image\" content=\"https:\/\/regiaonews.net.br\/2022\/wp-content\/uploads\/2021\/01\/Sebasti\u00e3o-Santos-e-Elson-Santos.jpg\" \/>\n\t<meta property=\"og:image:width\" content=\"564\" \/>\n\t<meta property=\"og:image:height\" content=\"410\" \/>\n\t<meta property=\"og:image:type\" content=\"image\/jpeg\" \/>\n<meta name=\"author\" content=\"Roberto\" \/>\n<meta name=\"twitter:card\" content=\"summary_large_image\" \/>\n<meta name=\"twitter:label1\" content=\"Escrito por\" \/>\n\t<meta name=\"twitter:data1\" content=\"Roberto\" \/>\n\t<meta name=\"twitter:label2\" content=\"Est. tempo de leitura\" \/>\n\t<meta name=\"twitter:data2\" content=\"1 minuto\" \/>\n<script type=\"application\/ld+json\" class=\"yoast-schema-graph\">{\"@context\":\"https:\\\/\\\/schema.org\",\"@graph\":[{\"@type\":\"Article\",\"@id\":\"https:\\\/\\\/regiaonews.net.br\\\/2022\\\/2021\\\/03\\\/31\\\/prefeita-sanciona-lei-que-torna-atividade-religiosa-como-essencial\\\/#article\",\"isPartOf\":{\"@id\":\"https:\\\/\\\/regiaonews.net.br\\\/2022\\\/2021\\\/03\\\/31\\\/prefeita-sanciona-lei-que-torna-atividade-religiosa-como-essencial\\\/\"},\"author\":{\"name\":\"Roberto\",\"@id\":\"https:\\\/\\\/regiaonews.net.br\\\/2022\\\/#\\\/schema\\\/person\\\/2d205a608a5aa97ac279d7a5e6d89ad8\"},\"headline\":\"Prefeita sanciona lei que torna atividade religiosa como essencial\",\"datePublished\":\"2021-03-31T10:31:27+00:00\",\"mainEntityOfPage\":{\"@id\":\"https:\\\/\\\/regiaonews.net.br\\\/2022\\\/2021\\\/03\\\/31\\\/prefeita-sanciona-lei-que-torna-atividade-religiosa-como-essencial\\\/\"},\"wordCount\":195,\"commentCount\":0,\"publisher\":{\"@id\":\"https:\\\/\\\/regiaonews.net.br\\\/2022\\\/#organization\"},\"image\":{\"@id\":\"https:\\\/\\\/regiaonews.net.br\\\/2022\\\/2021\\\/03\\\/31\\\/prefeita-sanciona-lei-que-torna-atividade-religiosa-como-essencial\\\/#primaryimage\"},\"thumbnailUrl\":\"https:\\\/\\\/regiaonews.net.br\\\/2022\\\/wp-content\\\/uploads\\\/2021\\\/01\\\/Sebasti\u00e3o-Santos-e-Elson-Santos.jpg\",\"articleSection\":[\"Barretos\",\"Cidades\",\"Pol\u00edtica\"],\"inLanguage\":\"pt-BR\",\"potentialAction\":[{\"@type\":\"CommentAction\",\"name\":\"Comment\",\"target\":[\"https:\\\/\\\/regiaonews.net.br\\\/2022\\\/2021\\\/03\\\/31\\\/prefeita-sanciona-lei-que-torna-atividade-religiosa-como-essencial\\\/#respond\"]}]},{\"@type\":\"WebPage\",\"@id\":\"https:\\\/\\\/regiaonews.net.br\\\/2022\\\/2021\\\/03\\\/31\\\/prefeita-sanciona-lei-que-torna-atividade-religiosa-como-essencial\\\/\",\"url\":\"https:\\\/\\\/regiaonews.net.br\\\/2022\\\/2021\\\/03\\\/31\\\/prefeita-sanciona-lei-que-torna-atividade-religiosa-como-essencial\\\/\",\"name\":\"Prefeita sanciona lei que torna atividade religiosa como essencial - Regi\u00e3o News\",\"isPartOf\":{\"@id\":\"https:\\\/\\\/regiaonews.net.br\\\/2022\\\/#website\"},\"primaryImageOfPage\":{\"@id\":\"https:\\\/\\\/regiaonews.net.br\\\/2022\\\/2021\\\/03\\\/31\\\/prefeita-sanciona-lei-que-torna-atividade-religiosa-como-essencial\\\/#primaryimage\"},\"image\":{\"@id\":\"https:\\\/\\\/regiaonews.net.br\\\/2022\\\/2021\\\/03\\\/31\\\/prefeita-sanciona-lei-que-torna-atividade-religiosa-como-essencial\\\/#primaryimage\"},\"thumbnailUrl\":\"https:\\\/\\\/regiaonews.net.br\\\/2022\\\/wp-content\\\/uploads\\\/2021\\\/01\\\/Sebasti\u00e3o-Santos-e-Elson-Santos.jpg\",\"datePublished\":\"2021-03-31T10:31:27+00:00\",\"breadcrumb\":{\"@id\":\"https:\\\/\\\/regiaonews.net.br\\\/2022\\\/2021\\\/03\\\/31\\\/prefeita-sanciona-lei-que-torna-atividade-religiosa-como-essencial\\\/#breadcrumb\"},\"inLanguage\":\"pt-BR\",\"potentialAction\":[{\"@type\":\"ReadAction\",\"target\":[\"https:\\\/\\\/regiaonews.net.br\\\/2022\\\/2021\\\/03\\\/31\\\/prefeita-sanciona-lei-que-torna-atividade-religiosa-como-essencial\\\/\"]}]},{\"@type\":\"ImageObject\",\"inLanguage\":\"pt-BR\",\"@id\":\"https:\\\/\\\/regiaonews.net.br\\\/2022\\\/2021\\\/03\\\/31\\\/prefeita-sanciona-lei-que-torna-atividade-religiosa-como-essencial\\\/#primaryimage\",\"url\":\"https:\\\/\\\/regiaonews.net.br\\\/2022\\\/wp-content\\\/uploads\\\/2021\\\/01\\\/Sebasti\u00e3o-Santos-e-Elson-Santos.jpg\",\"contentUrl\":\"https:\\\/\\\/regiaonews.net.br\\\/2022\\\/wp-content\\\/uploads\\\/2021\\\/01\\\/Sebasti\u00e3o-Santos-e-Elson-Santos.jpg\",\"width\":564,\"height\":410},{\"@type\":\"BreadcrumbList\",\"@id\":\"https:\\\/\\\/regiaonews.net.br\\\/2022\\\/2021\\\/03\\\/31\\\/prefeita-sanciona-lei-que-torna-atividade-religiosa-como-essencial\\\/#breadcrumb\",\"itemListElement\":[{\"@type\":\"ListItem\",\"position\":1,\"name\":\"In\u00edcio\",\"item\":\"https:\\\/\\\/regiaonews.net.br\\\/2022\\\/\"},{\"@type\":\"ListItem\",\"position\":2,\"name\":\"Prefeita sanciona lei que torna atividade religiosa como essencial\"}]},{\"@type\":\"WebSite\",\"@id\":\"https:\\\/\\\/regiaonews.net.br\\\/2022\\\/#website\",\"url\":\"https:\\\/\\\/regiaonews.net.br\\\/2022\\\/\",\"name\":\"Regi\u00e3o News\",\"description\":\"Site de Not\u00edcias de Barretos e regi\u00e3o\",\"publisher\":{\"@id\":\"https:\\\/\\\/regiaonews.net.br\\\/2022\\\/#organization\"},\"potentialAction\":[{\"@type\":\"SearchAction\",\"target\":{\"@type\":\"EntryPoint\",\"urlTemplate\":\"https:\\\/\\\/regiaonews.net.br\\\/2022\\\/?s={search_term_string}\"},\"query-input\":{\"@type\":\"PropertyValueSpecification\",\"valueRequired\":true,\"valueName\":\"search_term_string\"}}],\"inLanguage\":\"pt-BR\"},{\"@type\":\"Organization\",\"@id\":\"https:\\\/\\\/regiaonews.net.br\\\/2022\\\/#organization\",\"name\":\"Regi\u00e3o News\",\"url\":\"https:\\\/\\\/regiaonews.net.br\\\/2022\\\/\",\"logo\":{\"@type\":\"ImageObject\",\"inLanguage\":\"pt-BR\",\"@id\":\"https:\\\/\\\/regiaonews.net.br\\\/2022\\\/#\\\/schema\\\/logo\\\/image\\\/\",\"url\":\"https:\\\/\\\/regiaonews.net.br\\\/2022\\\/wp-content\\\/uploads\\\/2026\\\/03\\\/regiao-13-anos-scaled.jpg\",\"contentUrl\":\"https:\\\/\\\/regiaonews.net.br\\\/2022\\\/wp-content\\\/uploads\\\/2026\\\/03\\\/regiao-13-anos-scaled.jpg\",\"width\":2560,\"height\":635,\"caption\":\"Regi\u00e3o News\"},\"image\":{\"@id\":\"https:\\\/\\\/regiaonews.net.br\\\/2022\\\/#\\\/schema\\\/logo\\\/image\\\/\"}},{\"@type\":\"Person\",\"@id\":\"https:\\\/\\\/regiaonews.net.br\\\/2022\\\/#\\\/schema\\\/person\\\/2d205a608a5aa97ac279d7a5e6d89ad8\",\"name\":\"Roberto\",\"image\":{\"@type\":\"ImageObject\",\"inLanguage\":\"pt-BR\",\"@id\":\"https:\\\/\\\/secure.gravatar.com\\\/avatar\\\/42749d8b712ff9d59ca93dc150494e5b55a44134482993f5baeb97e61b7ecc89?s=96&d=mm&r=g\",\"url\":\"https:\\\/\\\/secure.gravatar.com\\\/avatar\\\/42749d8b712ff9d59ca93dc150494e5b55a44134482993f5baeb97e61b7ecc89?s=96&d=mm&r=g\",\"contentUrl\":\"https:\\\/\\\/secure.gravatar.com\\\/avatar\\\/42749d8b712ff9d59ca93dc150494e5b55a44134482993f5baeb97e61b7ecc89?s=96&d=mm&r=g\",\"caption\":\"Roberto\"},\"url\":\"https:\\\/\\\/regiaonews.net.br\\\/2022\\\/author\\\/roberto\\\/\"}]}<\/script>\n<!-- \/ Yoast SEO plugin. -->","yoast_head_json":{"title":"Prefeita sanciona lei que torna atividade religiosa como essencial - Regi\u00e3o News","robots":{"index":"index","follow":"follow","max-snippet":"max-snippet:-1","max-image-preview":"max-image-preview:large","max-video-preview":"max-video-preview:-1"},"canonical":"https:\/\/regiaonews.net.br\/2022\/2021\/03\/31\/prefeita-sanciona-lei-que-torna-atividade-religiosa-como-essencial\/","og_locale":"pt_BR","og_type":"article","og_title":"Prefeita sanciona lei que torna atividade religiosa como essencial - Regi\u00e3o News","og_description":"Foto &#8211; Deputado Sebasti\u00e3o e o vereador licenciado pastor \u00c9lson","og_url":"https:\/\/regiaonews.net.br\/2022\/2021\/03\/31\/prefeita-sanciona-lei-que-torna-atividade-religiosa-como-essencial\/","og_site_name":"Regi\u00e3o News","article_published_time":"2021-03-31T10:31:27+00:00","og_image":[{"width":564,"height":410,"url":"https:\/\/regiaonews.net.br\/2022\/wp-content\/uploads\/2021\/01\/Sebasti\u00e3o-Santos-e-Elson-Santos.jpg","type":"image\/jpeg"}],"author":"Roberto","twitter_card":"summary_large_image","twitter_misc":{"Escrito por":"Roberto","Est. tempo de leitura":"1 minuto"},"schema":{"@context":"https:\/\/schema.org","@graph":[{"@type":"Article","@id":"https:\/\/regiaonews.net.br\/2022\/2021\/03\/31\/prefeita-sanciona-lei-que-torna-atividade-religiosa-como-essencial\/#article","isPartOf":{"@id":"https:\/\/regiaonews.net.br\/2022\/2021\/03\/31\/prefeita-sanciona-lei-que-torna-atividade-religiosa-como-essencial\/"},"author":{"name":"Roberto","@id":"https:\/\/regiaonews.net.br\/2022\/#\/schema\/person\/2d205a608a5aa97ac279d7a5e6d89ad8"},"headline":"Prefeita sanciona lei que torna atividade religiosa como essencial","datePublished":"2021-03-31T10:31:27+00:00","mainEntityOfPage":{"@id":"https:\/\/regiaonews.net.br\/2022\/2021\/03\/31\/prefeita-sanciona-lei-que-torna-atividade-religiosa-como-essencial\/"},"wordCount":195,"commentCount":0,"publisher":{"@id":"https:\/\/regiaonews.net.br\/2022\/#organization"},"image":{"@id":"https:\/\/regiaonews.net.br\/2022\/2021\/03\/31\/prefeita-sanciona-lei-que-torna-atividade-religiosa-como-essencial\/#primaryimage"},"thumbnailUrl":"https:\/\/regiaonews.net.br\/2022\/wp-content\/uploads\/2021\/01\/Sebasti\u00e3o-Santos-e-Elson-Santos.jpg","articleSection":["Barretos","Cidades","Pol\u00edtica"],"inLanguage":"pt-BR","potentialAction":[{"@type":"CommentAction","name":"Comment","target":["https:\/\/regiaonews.net.br\/2022\/2021\/03\/31\/prefeita-sanciona-lei-que-torna-atividade-religiosa-como-essencial\/#respond"]}]},{"@type":"WebPage","@id":"https:\/\/regiaonews.net.br\/2022\/2021\/03\/31\/prefeita-sanciona-lei-que-torna-atividade-religiosa-como-essencial\/","url":"https:\/\/regiaonews.net.br\/2022\/2021\/03\/31\/prefeita-sanciona-lei-que-torna-atividade-religiosa-como-essencial\/","name":"Prefeita sanciona lei que torna atividade religiosa como essencial - Regi\u00e3o News","isPartOf":{"@id":"https:\/\/regiaonews.net.br\/2022\/#website"},"primaryImageOfPage":{"@id":"https:\/\/regiaonews.net.br\/2022\/2021\/03\/31\/prefeita-sanciona-lei-que-torna-atividade-religiosa-como-essencial\/#primaryimage"},"image":{"@id":"https:\/\/regiaonews.net.br\/2022\/2021\/03\/31\/prefeita-sanciona-lei-que-torna-atividade-religiosa-como-essencial\/#primaryimage"},"thumbnailUrl":"https:\/\/regiaonews.net.br\/2022\/wp-content\/uploads\/2021\/01\/Sebasti\u00e3o-Santos-e-Elson-Santos.jpg","datePublished":"2021-03-31T10:31:27+00:00","breadcrumb":{"@id":"https:\/\/regiaonews.net.br\/2022\/2021\/03\/31\/prefeita-sanciona-lei-que-torna-atividade-religiosa-como-essencial\/#breadcrumb"},"inLanguage":"pt-BR","potentialAction":[{"@type":"ReadAction","target":["https:\/\/regiaonews.net.br\/2022\/2021\/03\/31\/prefeita-sanciona-lei-que-torna-atividade-religiosa-como-essencial\/"]}]},{"@type":"ImageObject","inLanguage":"pt-BR","@id":"https:\/\/regiaonews.net.br\/2022\/2021\/03\/31\/prefeita-sanciona-lei-que-torna-atividade-religiosa-como-essencial\/#primaryimage","url":"https:\/\/regiaonews.net.br\/2022\/wp-content\/uploads\/2021\/01\/Sebasti\u00e3o-Santos-e-Elson-Santos.jpg","contentUrl":"https:\/\/regiaonews.net.br\/2022\/wp-content\/uploads\/2021\/01\/Sebasti\u00e3o-Santos-e-Elson-Santos.jpg","width":564,"height":410},{"@type":"BreadcrumbList","@id":"https:\/\/regiaonews.net.br\/2022\/2021\/03\/31\/prefeita-sanciona-lei-que-torna-atividade-religiosa-como-essencial\/#breadcrumb","itemListElement":[{"@type":"ListItem","position":1,"name":"In\u00edcio","item":"https:\/\/regiaonews.net.br\/2022\/"},{"@type":"ListItem","position":2,"name":"Prefeita sanciona lei que torna atividade religiosa como essencial"}]},{"@type":"WebSite","@id":"https:\/\/regiaonews.net.br\/2022\/#website","url":"https:\/\/regiaonews.net.br\/2022\/","name":"Regi\u00e3o News","description":"Site de Not\u00edcias de Barretos e regi\u00e3o","publisher":{"@id":"https:\/\/regiaonews.net.br\/2022\/#organization"},"potentialAction":[{"@type":"SearchAction","target":{"@type":"EntryPoint","urlTemplate":"https:\/\/regiaonews.net.br\/2022\/?s={search_term_string}"},"query-input":{"@type":"PropertyValueSpecification","valueRequired":true,"valueName":"search_term_string"}}],"inLanguage":"pt-BR"},{"@type":"Organization","@id":"https:\/\/regiaonews.net.br\/2022\/#organization","name":"Regi\u00e3o News","url":"https:\/\/regiaonews.net.br\/2022\/","logo":{"@type":"ImageObject","inLanguage":"pt-BR","@id":"https:\/\/regiaonews.net.br\/2022\/#\/schema\/logo\/image\/","url":"https:\/\/regiaonews.net.br\/2022\/wp-content\/uploads\/2026\/03\/regiao-13-anos-scaled.jpg","contentUrl":"https:\/\/regiaonews.net.br\/2022\/wp-content\/uploads\/2026\/03\/regiao-13-anos-scaled.jpg","width":2560,"height":635,"caption":"Regi\u00e3o News"},"image":{"@id":"https:\/\/regiaonews.net.br\/2022\/#\/schema\/logo\/image\/"}},{"@type":"Person","@id":"https:\/\/regiaonews.net.br\/2022\/#\/schema\/person\/2d205a608a5aa97ac279d7a5e6d89ad8","name":"Roberto","image":{"@type":"ImageObject","inLanguage":"pt-BR","@id":"https:\/\/secure.gravatar.com\/avatar\/42749d8b712ff9d59ca93dc150494e5b55a44134482993f5baeb97e61b7ecc89?s=96&d=mm&r=g","url":"https:\/\/secure.gravatar.com\/avatar\/42749d8b712ff9d59ca93dc150494e5b55a44134482993f5baeb97e61b7ecc89?s=96&d=mm&r=g","contentUrl":"https:\/\/secure.gravatar.com\/avatar\/42749d8b712ff9d59ca93dc150494e5b55a44134482993f5baeb97e61b7ecc89?s=96&d=mm&r=g","caption":"Roberto"},"url":"https:\/\/regiaonews.net.br\/2022\/author\/roberto\/"}]}},"publishpress_future_action":{"enabled":false,"date":"2026-05-04 00:07:39","action":"change-status","newStatus":"draft","terms":[],"taxonomy":"category","extraData":[]},"publishpress_future_workflow_manual_trigger":{"enabledWorkflows":[]},"_links":{"self":[{"href":"https:\/\/regiaonews.net.br\/2022\/wp-json\/wp\/v2\/posts\/44569","targetHints":{"allow":["GET"]}}],"collection":[{"href":"https:\/\/regiaonews.net.br\/2022\/wp-json\/wp\/v2\/posts"}],"about":[{"href":"https:\/\/regiaonews.net.br\/2022\/wp-json\/wp\/v2\/types\/post"}],"author":[{"embeddable":true,"href":"https:\/\/regiaonews.net.br\/2022\/wp-json\/wp\/v2\/users\/2"}],"replies":[{"embeddable":true,"href":"https:\/\/regiaonews.net.br\/2022\/wp-json\/wp\/v2\/comments?post=44569"}],"version-history":[{"count":0,"href":"https:\/\/regiaonews.net.br\/2022\/wp-json\/wp\/v2\/posts\/44569\/revisions"}],"wp:featuredmedia":[{"embeddable":true,"href":"https:\/\/regiaonews.net.br\/2022\/wp-json\/wp\/v2\/media\/41612"}],"wp:attachment":[{"href":"https:\/\/regiaonews.net.br\/2022\/wp-json\/wp\/v2\/media?parent=44569"}],"wp:term":[{"taxonomy":"category","embeddable":true,"href":"https:\/\/regiaonews.net.br\/2022\/wp-json\/wp\/v2\/categories?post=44569"},{"taxonomy":"post_tag","embeddable":true,"href":"https:\/\/regiaonews.net.br\/2022\/wp-json\/wp\/v2\/tags?post=44569"}],"curies":[{"name":"wp","href":"https:\/\/api.w.org\/{rel}","templated":true}]}}