{"id":44557,"date":"2021-03-30T20:03:38","date_gmt":"2021-03-30T23:03:38","guid":{"rendered":"https:\/\/regiaonews.net.br\/2022\/?p=44557"},"modified":"2021-03-30T20:05:59","modified_gmt":"2021-03-30T23:05:59","slug":"comandantes-do-exercito-da-marinha-e-da-aeronautica-deixam-cargos","status":"publish","type":"post","link":"https:\/\/regiaonews.net.br\/2022\/2021\/03\/30\/comandantes-do-exercito-da-marinha-e-da-aeronautica-deixam-cargos\/","title":{"rendered":"Comandantes do Ex\u00e9rcito, da Marinha e da Aeron\u00e1utica deixam cargos"},"content":{"rendered":"<p><a href=\"https:\/\/regiaonews.net.br\/2022\/wp-content\/uploads\/2021\/03\/ministros.jpg\"><img loading=\"lazy\" decoding=\"async\" class=\"alignnone size-medium wp-image-44558\" src=\"https:\/\/regiaonews.net.br\/2022\/wp-content\/uploads\/2021\/03\/ministros-300x169.jpg\" alt=\"\" width=\"300\" height=\"169\" \/><\/a><\/p>\n<p>O Minist\u00e9rio da Defesa anunciou hoje (30) a sa\u00edda dos comandantes da Marinha, do Ex\u00e9rcito e da Aeron\u00e1utica. A mudan\u00e7a ocorre um dia ap\u00f3s\u00a0<a href=\"http:\/\/agenciabrasil.ebc.com.br\/politica\/noticia\/2021-03\/fernando-azevedo-e-silva-anuncia-que-vai-deixar-o-ministerio-da-defesa\" target=\"_blank\" rel=\"noopener\">Fernando Azevedo e Silva ter deixado o cargo de ministro da Defesa<\/a>, assumido ent\u00e3o por Braga Netto, que chefiava a Casa Civil.<img decoding=\"async\" src=\"https:\/\/agenciabrasil.ebc.com.br\/ebc.png?id=1405411&amp;o=node\" \/><img decoding=\"async\" src=\"https:\/\/agenciabrasil.ebc.com.br\/ebc.gif?id=1405411&amp;o=node\" \/><\/p>\n<p>A nota do minist\u00e9rio n\u00e3o informa o motivo das sa\u00eddas nem os nomes de quem ocupar\u00e1 os comandos das tr\u00eas For\u00e7as Armadas. Segundo a pasta, a decis\u00e3o foi tomada durante reuni\u00e3o realizada hoje (30), com a presen\u00e7a de Fernando Azevedo e Silva, Braga Netto e dos tr\u00eas comandantes substitu\u00eddos \u2013 Edson Pujol (Ex\u00e9rcito), Ilques Barbosa (Marinha) e Ant\u00f4nio Carlos Moretti Bermudez (Aeron\u00e1utica).<\/p>\n<p>Ontem (29), ao anunciar que deixaria o cargo de ministro da Defesa, Azevedo e Silva agradeceu ao presidente Jair Bolsonaro a oportunidade de \u201cservir ao pa\u00eds\u201d, integrando o governo por mais de dois anos. \u201cNesse per\u00edodo, preservei as For\u00e7as Armadas como institui\u00e7\u00f5es de Estado\u201d, afirmou, destacando que deixa o posto com a certeza de ter cumprido sua \u201cmiss\u00e3o\u201d.<\/p>\n<p>Azevedo e Silva tamb\u00e9m disse ter dedicado total lealdade ao presidente, e agradeceu aos comandantes das For\u00e7as Armadas (Aeron\u00e1utica, Ex\u00e9rcito e Marinha), bem como \u00e0s respectivas tropas, \u201cque nunca mediram esfor\u00e7os para atender \u00e0s necessidades e emerg\u00eancias da popula\u00e7\u00e3o brasileira\u201d.<\/p>\n","protected":false},"excerpt":{"rendered":"<p>O Minist\u00e9rio da Defesa anunciou hoje (30) a sa\u00edda dos<\/p>\n","protected":false},"author":2,"featured_media":44558,"comment_status":"open","ping_status":"open","sticky":false,"template":"","format":"standard","meta":{"footnotes":""},"categories":[24,22],"tags":[],"class_list":["post-44557","post","type-post","status-publish","format-standard","has-post-thumbnail","hentry","category-brasil","category-politica"],"yoast_head":"<!-- This site is optimized with the Yoast SEO plugin v27.4 - https:\/\/yoast.com\/product\/yoast-seo-wordpress\/ -->\n<title>Comandantes do Ex\u00e9rcito, da Marinha e da Aeron\u00e1utica deixam cargos - Regi\u00e3o News<\/title>\n<meta name=\"robots\" content=\"index, follow, max-snippet:-1, max-image-preview:large, max-video-preview:-1\" \/>\n<link rel=\"canonical\" href=\"https:\/\/regiaonews.net.br\/2022\/2021\/03\/30\/comandantes-do-exercito-da-marinha-e-da-aeronautica-deixam-cargos\/\" \/>\n<meta property=\"og:locale\" content=\"pt_BR\" \/>\n<meta property=\"og:type\" content=\"article\" \/>\n<meta property=\"og:title\" content=\"Comandantes do Ex\u00e9rcito, da Marinha e da Aeron\u00e1utica deixam cargos - Regi\u00e3o News\" \/>\n<meta property=\"og:description\" content=\"O Minist\u00e9rio da Defesa anunciou hoje (30) a sa\u00edda dos\" \/>\n<meta property=\"og:url\" content=\"https:\/\/regiaonews.net.br\/2022\/2021\/03\/30\/comandantes-do-exercito-da-marinha-e-da-aeronautica-deixam-cargos\/\" \/>\n<meta property=\"og:site_name\" content=\"Regi\u00e3o News\" \/>\n<meta property=\"article:published_time\" content=\"2021-03-30T23:03:38+00:00\" \/>\n<meta property=\"article:modified_time\" content=\"2021-03-30T23:05:59+00:00\" \/>\n<meta property=\"og:image\" content=\"https:\/\/regiaonews.net.br\/2022\/wp-content\/uploads\/2021\/03\/ministros.jpg\" \/>\n\t<meta property=\"og:image:width\" content=\"1167\" \/>\n\t<meta property=\"og:image:height\" content=\"659\" \/>\n\t<meta property=\"og:image:type\" content=\"image\/jpeg\" \/>\n<meta name=\"author\" content=\"Roberto\" \/>\n<meta name=\"twitter:card\" content=\"summary_large_image\" \/>\n<meta name=\"twitter:label1\" content=\"Escrito por\" \/>\n\t<meta name=\"twitter:data1\" content=\"Roberto\" \/>\n\t<meta name=\"twitter:label2\" content=\"Est. tempo de leitura\" \/>\n\t<meta name=\"twitter:data2\" content=\"1 minuto\" \/>\n<script type=\"application\/ld+json\" class=\"yoast-schema-graph\">{\"@context\":\"https:\\\/\\\/schema.org\",\"@graph\":[{\"@type\":\"Article\",\"@id\":\"https:\\\/\\\/regiaonews.net.br\\\/2022\\\/2021\\\/03\\\/30\\\/comandantes-do-exercito-da-marinha-e-da-aeronautica-deixam-cargos\\\/#article\",\"isPartOf\":{\"@id\":\"https:\\\/\\\/regiaonews.net.br\\\/2022\\\/2021\\\/03\\\/30\\\/comandantes-do-exercito-da-marinha-e-da-aeronautica-deixam-cargos\\\/\"},\"author\":{\"name\":\"Roberto\",\"@id\":\"https:\\\/\\\/regiaonews.net.br\\\/2022\\\/#\\\/schema\\\/person\\\/2d205a608a5aa97ac279d7a5e6d89ad8\"},\"headline\":\"Comandantes do Ex\u00e9rcito, da Marinha e da Aeron\u00e1utica deixam cargos\",\"datePublished\":\"2021-03-30T23:03:38+00:00\",\"dateModified\":\"2021-03-30T23:05:59+00:00\",\"mainEntityOfPage\":{\"@id\":\"https:\\\/\\\/regiaonews.net.br\\\/2022\\\/2021\\\/03\\\/30\\\/comandantes-do-exercito-da-marinha-e-da-aeronautica-deixam-cargos\\\/\"},\"wordCount\":246,\"commentCount\":0,\"publisher\":{\"@id\":\"https:\\\/\\\/regiaonews.net.br\\\/2022\\\/#organization\"},\"image\":{\"@id\":\"https:\\\/\\\/regiaonews.net.br\\\/2022\\\/2021\\\/03\\\/30\\\/comandantes-do-exercito-da-marinha-e-da-aeronautica-deixam-cargos\\\/#primaryimage\"},\"thumbnailUrl\":\"https:\\\/\\\/regiaonews.net.br\\\/2022\\\/wp-content\\\/uploads\\\/2021\\\/03\\\/ministros.jpg\",\"articleSection\":[\"Brasil\",\"Pol\u00edtica\"],\"inLanguage\":\"pt-BR\",\"potentialAction\":[{\"@type\":\"CommentAction\",\"name\":\"Comment\",\"target\":[\"https:\\\/\\\/regiaonews.net.br\\\/2022\\\/2021\\\/03\\\/30\\\/comandantes-do-exercito-da-marinha-e-da-aeronautica-deixam-cargos\\\/#respond\"]}]},{\"@type\":\"WebPage\",\"@id\":\"https:\\\/\\\/regiaonews.net.br\\\/2022\\\/2021\\\/03\\\/30\\\/comandantes-do-exercito-da-marinha-e-da-aeronautica-deixam-cargos\\\/\",\"url\":\"https:\\\/\\\/regiaonews.net.br\\\/2022\\\/2021\\\/03\\\/30\\\/comandantes-do-exercito-da-marinha-e-da-aeronautica-deixam-cargos\\\/\",\"name\":\"Comandantes do Ex\u00e9rcito, da Marinha e da Aeron\u00e1utica deixam cargos - Regi\u00e3o News\",\"isPartOf\":{\"@id\":\"https:\\\/\\\/regiaonews.net.br\\\/2022\\\/#website\"},\"primaryImageOfPage\":{\"@id\":\"https:\\\/\\\/regiaonews.net.br\\\/2022\\\/2021\\\/03\\\/30\\\/comandantes-do-exercito-da-marinha-e-da-aeronautica-deixam-cargos\\\/#primaryimage\"},\"image\":{\"@id\":\"https:\\\/\\\/regiaonews.net.br\\\/2022\\\/2021\\\/03\\\/30\\\/comandantes-do-exercito-da-marinha-e-da-aeronautica-deixam-cargos\\\/#primaryimage\"},\"thumbnailUrl\":\"https:\\\/\\\/regiaonews.net.br\\\/2022\\\/wp-content\\\/uploads\\\/2021\\\/03\\\/ministros.jpg\",\"datePublished\":\"2021-03-30T23:03:38+00:00\",\"dateModified\":\"2021-03-30T23:05:59+00:00\",\"breadcrumb\":{\"@id\":\"https:\\\/\\\/regiaonews.net.br\\\/2022\\\/2021\\\/03\\\/30\\\/comandantes-do-exercito-da-marinha-e-da-aeronautica-deixam-cargos\\\/#breadcrumb\"},\"inLanguage\":\"pt-BR\",\"potentialAction\":[{\"@type\":\"ReadAction\",\"target\":[\"https:\\\/\\\/regiaonews.net.br\\\/2022\\\/2021\\\/03\\\/30\\\/comandantes-do-exercito-da-marinha-e-da-aeronautica-deixam-cargos\\\/\"]}]},{\"@type\":\"ImageObject\",\"inLanguage\":\"pt-BR\",\"@id\":\"https:\\\/\\\/regiaonews.net.br\\\/2022\\\/2021\\\/03\\\/30\\\/comandantes-do-exercito-da-marinha-e-da-aeronautica-deixam-cargos\\\/#primaryimage\",\"url\":\"https:\\\/\\\/regiaonews.net.br\\\/2022\\\/wp-content\\\/uploads\\\/2021\\\/03\\\/ministros.jpg\",\"contentUrl\":\"https:\\\/\\\/regiaonews.net.br\\\/2022\\\/wp-content\\\/uploads\\\/2021\\\/03\\\/ministros.jpg\",\"width\":1167,\"height\":659},{\"@type\":\"BreadcrumbList\",\"@id\":\"https:\\\/\\\/regiaonews.net.br\\\/2022\\\/2021\\\/03\\\/30\\\/comandantes-do-exercito-da-marinha-e-da-aeronautica-deixam-cargos\\\/#breadcrumb\",\"itemListElement\":[{\"@type\":\"ListItem\",\"position\":1,\"name\":\"In\u00edcio\",\"item\":\"https:\\\/\\\/regiaonews.net.br\\\/2022\\\/\"},{\"@type\":\"ListItem\",\"position\":2,\"name\":\"Comandantes do Ex\u00e9rcito, da Marinha e da Aeron\u00e1utica deixam cargos\"}]},{\"@type\":\"WebSite\",\"@id\":\"https:\\\/\\\/regiaonews.net.br\\\/2022\\\/#website\",\"url\":\"https:\\\/\\\/regiaonews.net.br\\\/2022\\\/\",\"name\":\"Regi\u00e3o News\",\"description\":\"Site de Not\u00edcias de Barretos e regi\u00e3o\",\"publisher\":{\"@id\":\"https:\\\/\\\/regiaonews.net.br\\\/2022\\\/#organization\"},\"potentialAction\":[{\"@type\":\"SearchAction\",\"target\":{\"@type\":\"EntryPoint\",\"urlTemplate\":\"https:\\\/\\\/regiaonews.net.br\\\/2022\\\/?s={search_term_string}\"},\"query-input\":{\"@type\":\"PropertyValueSpecification\",\"valueRequired\":true,\"valueName\":\"search_term_string\"}}],\"inLanguage\":\"pt-BR\"},{\"@type\":\"Organization\",\"@id\":\"https:\\\/\\\/regiaonews.net.br\\\/2022\\\/#organization\",\"name\":\"Regi\u00e3o News\",\"url\":\"https:\\\/\\\/regiaonews.net.br\\\/2022\\\/\",\"logo\":{\"@type\":\"ImageObject\",\"inLanguage\":\"pt-BR\",\"@id\":\"https:\\\/\\\/regiaonews.net.br\\\/2022\\\/#\\\/schema\\\/logo\\\/image\\\/\",\"url\":\"https:\\\/\\\/regiaonews.net.br\\\/2022\\\/wp-content\\\/uploads\\\/2026\\\/03\\\/regiao-13-anos-scaled.jpg\",\"contentUrl\":\"https:\\\/\\\/regiaonews.net.br\\\/2022\\\/wp-content\\\/uploads\\\/2026\\\/03\\\/regiao-13-anos-scaled.jpg\",\"width\":2560,\"height\":635,\"caption\":\"Regi\u00e3o News\"},\"image\":{\"@id\":\"https:\\\/\\\/regiaonews.net.br\\\/2022\\\/#\\\/schema\\\/logo\\\/image\\\/\"}},{\"@type\":\"Person\",\"@id\":\"https:\\\/\\\/regiaonews.net.br\\\/2022\\\/#\\\/schema\\\/person\\\/2d205a608a5aa97ac279d7a5e6d89ad8\",\"name\":\"Roberto\",\"image\":{\"@type\":\"ImageObject\",\"inLanguage\":\"pt-BR\",\"@id\":\"https:\\\/\\\/secure.gravatar.com\\\/avatar\\\/42749d8b712ff9d59ca93dc150494e5b55a44134482993f5baeb97e61b7ecc89?s=96&d=mm&r=g\",\"url\":\"https:\\\/\\\/secure.gravatar.com\\\/avatar\\\/42749d8b712ff9d59ca93dc150494e5b55a44134482993f5baeb97e61b7ecc89?s=96&d=mm&r=g\",\"contentUrl\":\"https:\\\/\\\/secure.gravatar.com\\\/avatar\\\/42749d8b712ff9d59ca93dc150494e5b55a44134482993f5baeb97e61b7ecc89?s=96&d=mm&r=g\",\"caption\":\"Roberto\"},\"url\":\"https:\\\/\\\/regiaonews.net.br\\\/2022\\\/author\\\/roberto\\\/\"}]}<\/script>\n<!-- \/ Yoast SEO plugin. -->","yoast_head_json":{"title":"Comandantes do Ex\u00e9rcito, da Marinha e da Aeron\u00e1utica deixam cargos - Regi\u00e3o News","robots":{"index":"index","follow":"follow","max-snippet":"max-snippet:-1","max-image-preview":"max-image-preview:large","max-video-preview":"max-video-preview:-1"},"canonical":"https:\/\/regiaonews.net.br\/2022\/2021\/03\/30\/comandantes-do-exercito-da-marinha-e-da-aeronautica-deixam-cargos\/","og_locale":"pt_BR","og_type":"article","og_title":"Comandantes do Ex\u00e9rcito, da Marinha e da Aeron\u00e1utica deixam cargos - Regi\u00e3o News","og_description":"O Minist\u00e9rio da Defesa anunciou hoje (30) a sa\u00edda dos","og_url":"https:\/\/regiaonews.net.br\/2022\/2021\/03\/30\/comandantes-do-exercito-da-marinha-e-da-aeronautica-deixam-cargos\/","og_site_name":"Regi\u00e3o News","article_published_time":"2021-03-30T23:03:38+00:00","article_modified_time":"2021-03-30T23:05:59+00:00","og_image":[{"width":1167,"height":659,"url":"https:\/\/regiaonews.net.br\/2022\/wp-content\/uploads\/2021\/03\/ministros.jpg","type":"image\/jpeg"}],"author":"Roberto","twitter_card":"summary_large_image","twitter_misc":{"Escrito por":"Roberto","Est. tempo de leitura":"1 minuto"},"schema":{"@context":"https:\/\/schema.org","@graph":[{"@type":"Article","@id":"https:\/\/regiaonews.net.br\/2022\/2021\/03\/30\/comandantes-do-exercito-da-marinha-e-da-aeronautica-deixam-cargos\/#article","isPartOf":{"@id":"https:\/\/regiaonews.net.br\/2022\/2021\/03\/30\/comandantes-do-exercito-da-marinha-e-da-aeronautica-deixam-cargos\/"},"author":{"name":"Roberto","@id":"https:\/\/regiaonews.net.br\/2022\/#\/schema\/person\/2d205a608a5aa97ac279d7a5e6d89ad8"},"headline":"Comandantes do Ex\u00e9rcito, da Marinha e da Aeron\u00e1utica deixam cargos","datePublished":"2021-03-30T23:03:38+00:00","dateModified":"2021-03-30T23:05:59+00:00","mainEntityOfPage":{"@id":"https:\/\/regiaonews.net.br\/2022\/2021\/03\/30\/comandantes-do-exercito-da-marinha-e-da-aeronautica-deixam-cargos\/"},"wordCount":246,"commentCount":0,"publisher":{"@id":"https:\/\/regiaonews.net.br\/2022\/#organization"},"image":{"@id":"https:\/\/regiaonews.net.br\/2022\/2021\/03\/30\/comandantes-do-exercito-da-marinha-e-da-aeronautica-deixam-cargos\/#primaryimage"},"thumbnailUrl":"https:\/\/regiaonews.net.br\/2022\/wp-content\/uploads\/2021\/03\/ministros.jpg","articleSection":["Brasil","Pol\u00edtica"],"inLanguage":"pt-BR","potentialAction":[{"@type":"CommentAction","name":"Comment","target":["https:\/\/regiaonews.net.br\/2022\/2021\/03\/30\/comandantes-do-exercito-da-marinha-e-da-aeronautica-deixam-cargos\/#respond"]}]},{"@type":"WebPage","@id":"https:\/\/regiaonews.net.br\/2022\/2021\/03\/30\/comandantes-do-exercito-da-marinha-e-da-aeronautica-deixam-cargos\/","url":"https:\/\/regiaonews.net.br\/2022\/2021\/03\/30\/comandantes-do-exercito-da-marinha-e-da-aeronautica-deixam-cargos\/","name":"Comandantes do Ex\u00e9rcito, da Marinha e da Aeron\u00e1utica deixam cargos - Regi\u00e3o News","isPartOf":{"@id":"https:\/\/regiaonews.net.br\/2022\/#website"},"primaryImageOfPage":{"@id":"https:\/\/regiaonews.net.br\/2022\/2021\/03\/30\/comandantes-do-exercito-da-marinha-e-da-aeronautica-deixam-cargos\/#primaryimage"},"image":{"@id":"https:\/\/regiaonews.net.br\/2022\/2021\/03\/30\/comandantes-do-exercito-da-marinha-e-da-aeronautica-deixam-cargos\/#primaryimage"},"thumbnailUrl":"https:\/\/regiaonews.net.br\/2022\/wp-content\/uploads\/2021\/03\/ministros.jpg","datePublished":"2021-03-30T23:03:38+00:00","dateModified":"2021-03-30T23:05:59+00:00","breadcrumb":{"@id":"https:\/\/regiaonews.net.br\/2022\/2021\/03\/30\/comandantes-do-exercito-da-marinha-e-da-aeronautica-deixam-cargos\/#breadcrumb"},"inLanguage":"pt-BR","potentialAction":[{"@type":"ReadAction","target":["https:\/\/regiaonews.net.br\/2022\/2021\/03\/30\/comandantes-do-exercito-da-marinha-e-da-aeronautica-deixam-cargos\/"]}]},{"@type":"ImageObject","inLanguage":"pt-BR","@id":"https:\/\/regiaonews.net.br\/2022\/2021\/03\/30\/comandantes-do-exercito-da-marinha-e-da-aeronautica-deixam-cargos\/#primaryimage","url":"https:\/\/regiaonews.net.br\/2022\/wp-content\/uploads\/2021\/03\/ministros.jpg","contentUrl":"https:\/\/regiaonews.net.br\/2022\/wp-content\/uploads\/2021\/03\/ministros.jpg","width":1167,"height":659},{"@type":"BreadcrumbList","@id":"https:\/\/regiaonews.net.br\/2022\/2021\/03\/30\/comandantes-do-exercito-da-marinha-e-da-aeronautica-deixam-cargos\/#breadcrumb","itemListElement":[{"@type":"ListItem","position":1,"name":"In\u00edcio","item":"https:\/\/regiaonews.net.br\/2022\/"},{"@type":"ListItem","position":2,"name":"Comandantes do Ex\u00e9rcito, da Marinha e da Aeron\u00e1utica deixam cargos"}]},{"@type":"WebSite","@id":"https:\/\/regiaonews.net.br\/2022\/#website","url":"https:\/\/regiaonews.net.br\/2022\/","name":"Regi\u00e3o News","description":"Site de Not\u00edcias de Barretos e regi\u00e3o","publisher":{"@id":"https:\/\/regiaonews.net.br\/2022\/#organization"},"potentialAction":[{"@type":"SearchAction","target":{"@type":"EntryPoint","urlTemplate":"https:\/\/regiaonews.net.br\/2022\/?s={search_term_string}"},"query-input":{"@type":"PropertyValueSpecification","valueRequired":true,"valueName":"search_term_string"}}],"inLanguage":"pt-BR"},{"@type":"Organization","@id":"https:\/\/regiaonews.net.br\/2022\/#organization","name":"Regi\u00e3o News","url":"https:\/\/regiaonews.net.br\/2022\/","logo":{"@type":"ImageObject","inLanguage":"pt-BR","@id":"https:\/\/regiaonews.net.br\/2022\/#\/schema\/logo\/image\/","url":"https:\/\/regiaonews.net.br\/2022\/wp-content\/uploads\/2026\/03\/regiao-13-anos-scaled.jpg","contentUrl":"https:\/\/regiaonews.net.br\/2022\/wp-content\/uploads\/2026\/03\/regiao-13-anos-scaled.jpg","width":2560,"height":635,"caption":"Regi\u00e3o News"},"image":{"@id":"https:\/\/regiaonews.net.br\/2022\/#\/schema\/logo\/image\/"}},{"@type":"Person","@id":"https:\/\/regiaonews.net.br\/2022\/#\/schema\/person\/2d205a608a5aa97ac279d7a5e6d89ad8","name":"Roberto","image":{"@type":"ImageObject","inLanguage":"pt-BR","@id":"https:\/\/secure.gravatar.com\/avatar\/42749d8b712ff9d59ca93dc150494e5b55a44134482993f5baeb97e61b7ecc89?s=96&d=mm&r=g","url":"https:\/\/secure.gravatar.com\/avatar\/42749d8b712ff9d59ca93dc150494e5b55a44134482993f5baeb97e61b7ecc89?s=96&d=mm&r=g","contentUrl":"https:\/\/secure.gravatar.com\/avatar\/42749d8b712ff9d59ca93dc150494e5b55a44134482993f5baeb97e61b7ecc89?s=96&d=mm&r=g","caption":"Roberto"},"url":"https:\/\/regiaonews.net.br\/2022\/author\/roberto\/"}]}},"publishpress_future_action":{"enabled":false,"date":"2026-05-04 04:34:22","action":"change-status","newStatus":"draft","terms":[],"taxonomy":"category","extraData":[]},"publishpress_future_workflow_manual_trigger":{"enabledWorkflows":[]},"_links":{"self":[{"href":"https:\/\/regiaonews.net.br\/2022\/wp-json\/wp\/v2\/posts\/44557","targetHints":{"allow":["GET"]}}],"collection":[{"href":"https:\/\/regiaonews.net.br\/2022\/wp-json\/wp\/v2\/posts"}],"about":[{"href":"https:\/\/regiaonews.net.br\/2022\/wp-json\/wp\/v2\/types\/post"}],"author":[{"embeddable":true,"href":"https:\/\/regiaonews.net.br\/2022\/wp-json\/wp\/v2\/users\/2"}],"replies":[{"embeddable":true,"href":"https:\/\/regiaonews.net.br\/2022\/wp-json\/wp\/v2\/comments?post=44557"}],"version-history":[{"count":0,"href":"https:\/\/regiaonews.net.br\/2022\/wp-json\/wp\/v2\/posts\/44557\/revisions"}],"wp:featuredmedia":[{"embeddable":true,"href":"https:\/\/regiaonews.net.br\/2022\/wp-json\/wp\/v2\/media\/44558"}],"wp:attachment":[{"href":"https:\/\/regiaonews.net.br\/2022\/wp-json\/wp\/v2\/media?parent=44557"}],"wp:term":[{"taxonomy":"category","embeddable":true,"href":"https:\/\/regiaonews.net.br\/2022\/wp-json\/wp\/v2\/categories?post=44557"},{"taxonomy":"post_tag","embeddable":true,"href":"https:\/\/regiaonews.net.br\/2022\/wp-json\/wp\/v2\/tags?post=44557"}],"curies":[{"name":"wp","href":"https:\/\/api.w.org\/{rel}","templated":true}]}}