{"id":44546,"date":"2021-03-30T17:55:21","date_gmt":"2021-03-30T20:55:21","guid":{"rendered":"https:\/\/regiaonews.net.br\/2022\/?p=44546"},"modified":"2021-03-30T17:55:21","modified_gmt":"2021-03-30T20:55:21","slug":"paula-lemos-recebe-doacao-da-italac-para-fundo-social-de-solidariedade","status":"publish","type":"post","link":"https:\/\/regiaonews.net.br\/2022\/2021\/03\/30\/paula-lemos-recebe-doacao-da-italac-para-fundo-social-de-solidariedade\/","title":{"rendered":"Paula Lemos recebe doa\u00e7\u00e3o da Italac para Fundo Social de Solidariedade"},"content":{"rendered":"<p><a href=\"https:\/\/regiaonews.net.br\/2022\/wp-content\/uploads\/2021\/03\/MON1107.jpg\"><img loading=\"lazy\" decoding=\"async\" class=\"alignnone size-medium wp-image-44549\" src=\"https:\/\/regiaonews.net.br\/2022\/wp-content\/uploads\/2021\/03\/MON1107-300x200.jpg\" alt=\"\" width=\"300\" height=\"200\" \/><\/a> <a href=\"https:\/\/regiaonews.net.br\/2022\/wp-content\/uploads\/2021\/03\/MON1117.jpg\"><img loading=\"lazy\" decoding=\"async\" class=\"alignnone size-medium wp-image-44550\" src=\"https:\/\/regiaonews.net.br\/2022\/wp-content\/uploads\/2021\/03\/MON1117-300x200.jpg\" alt=\"\" width=\"300\" height=\"200\" \/><\/a> <a href=\"https:\/\/regiaonews.net.br\/2022\/wp-content\/uploads\/2021\/03\/MON1179.jpg\"><img loading=\"lazy\" decoding=\"async\" class=\"alignnone size-medium wp-image-44551\" src=\"https:\/\/regiaonews.net.br\/2022\/wp-content\/uploads\/2021\/03\/MON1179-300x200.jpg\" alt=\"\" width=\"300\" height=\"200\" \/><\/a> <a href=\"https:\/\/regiaonews.net.br\/2022\/wp-content\/uploads\/2021\/03\/MON1195.jpg\"><img loading=\"lazy\" decoding=\"async\" class=\"alignnone size-medium wp-image-44552\" src=\"https:\/\/regiaonews.net.br\/2022\/wp-content\/uploads\/2021\/03\/MON1195-300x200.jpg\" alt=\"\" width=\"300\" height=\"200\" \/><\/a> <a href=\"https:\/\/regiaonews.net.br\/2022\/wp-content\/uploads\/2021\/03\/MON1205.jpg\"><img loading=\"lazy\" decoding=\"async\" class=\"alignnone size-medium wp-image-44553\" src=\"https:\/\/regiaonews.net.br\/2022\/wp-content\/uploads\/2021\/03\/MON1205-300x200.jpg\" alt=\"\" width=\"300\" height=\"200\" \/><\/a><\/p>\n<p>Na tarde desta ter\u00e7a-feira, 30 de mar\u00e7o\/21, no audit\u00f3rio da Prefeitura de Barretos, a prefeita Paula Lemos junto com a Presidente do FSS- Fundo Social de Solidariedade, Let\u00edcia Oliveira Lemos, recebeu o Secret\u00e1rio Municipal de Turismo &#8211; Cuiabano Lima, representando a Empresa Italac, que realizou a doa\u00e7\u00e3o de 5 mil litros de leite longa vida integral para o Fundo Social de Solidariedade de Barretos, que ser\u00e3o destinadas \u00e0s fam\u00edlias assistidas pelo FSS e algumas institui\u00e7\u00f5es parceiras \u2013 especialmente \u00e0quelas que t\u00eam idosos e crian\u00e7as.<\/p>\n<p>Paula Lemos se diz satisfeita demais com o engajamento de todo o seu secretariado que est\u00e1 totalmente envolvido nas Campanhas do Fundo Social de Solidariedade. \u201cDe m\u00e3os dadas, mas neste momento de pandemias, tamb\u00e9m de cora\u00e7\u00f5es juntos, \u00e9 assim que tenho visto toda a minha equipe de gest\u00e3o, comprometidos em ajudar o pr\u00f3ximo. \u00c9 um momento especial, em que temos que nos solidarizar com todas as fam\u00edlias que passam por dificuldades. O meu filho toma um copo de leite todos os dias ao ir deitar, ent\u00e3o, que o filho de cada fam\u00edlia barretense que precisa, tamb\u00e9m possa tomar\u201d ressaltou a Prefeita.<\/p>\n<p>Representando a empresa doadora, o secretario Cuiabano Lima, fez a leitura de uma carta da Empresa Italac assinada pela fam\u00edlia Teixeira e todos os seus mais de 3 mil colaboradores onde mencionava a alegria e a satisfa\u00e7\u00e3o em poder colaborar com a sociedade neste per\u00edodo de pandemia.<br \/>\n\u201cA nossa miss\u00e3o \u00e9 \u00e1rdua, mas sabemos que desde que assumimos um papel na Gest\u00e3o Paula Lemos, assumimos tamb\u00e9m um compromisso com as pessoas. Trabalhar em parceria com todo o secretariado \u00e9 harmonioso, alegre e emocionante.\u201d disse Cuiabano.<\/p>\n<p>De acordo com a Presidente do FSS, Leticia Lemos, cerca de 20 mil pessoas em Barretos vivem hoje em Barretos em situa\u00e7\u00e3o de vulnerabilidade.\u00a0 \u201cPor esse motivo \u00e9 com imensa alegria que recebo cada doa\u00e7\u00e3o. Mesmo diante deste momento t\u00e3o dif\u00edcil, \u00e9 poss\u00edvel ver a\u00e7\u00f5es parceiras, que vem do cora\u00e7\u00e3o e que garantir\u00e1 o sustento de muitas fam\u00edlias\u201d enfatizou Leticia.<br \/>\nDurante a coletiva a Presidente do FSS agradeceu e empenho de toda sua equipe de volunt\u00e1rios colaboradores, que nesta ocasi\u00e3o\u00a0 foram representados pelas conselheiras do FSS, L\u00edgia e Andreia.<\/p>\n<p><strong><em>Sobre a Italac:<\/em><\/strong> Desde 1996, a Funda\u00e7\u00e3o da empresa Goiasminas, no estado de Goi\u00e1s, onde se originou a marca Italac, fornece alimentos l\u00e1cteos para todo o pa\u00eds; com centenas de produtos, mais de 20 mil pontos de vendas e com produ\u00e7\u00e3o de mais de 7 milh\u00f5es de litros de l\u00e1cteos por dia. A miss\u00e3o da empresa: \u00e9 desenvolver, produzir e comercializar produtos aliment\u00edcios de qualidade, acompanhando a evolu\u00e7\u00e3o tecnol\u00f3gica, proporcionando o bem-estar, sa\u00fade, prazer aos consumidores, preservando os aspectos ambientais.<\/p>\n","protected":false},"excerpt":{"rendered":"<p>Na tarde desta ter\u00e7a-feira, 30 de mar\u00e7o\/21, no audit\u00f3rio da<\/p>\n","protected":false},"author":2,"featured_media":44553,"comment_status":"open","ping_status":"open","sticky":false,"template":"","format":"standard","meta":{"footnotes":""},"categories":[14,25,82],"tags":[],"class_list":["post-44546","post","type-post","status-publish","format-standard","has-post-thumbnail","hentry","category-barretos","category-cidades","category-solidariedade"],"yoast_head":"<!-- This site is optimized with the Yoast SEO plugin v27.4 - https:\/\/yoast.com\/product\/yoast-seo-wordpress\/ -->\n<title>Paula Lemos recebe doa\u00e7\u00e3o da Italac para Fundo Social de Solidariedade - Regi\u00e3o News<\/title>\n<meta name=\"robots\" content=\"index, follow, max-snippet:-1, max-image-preview:large, max-video-preview:-1\" \/>\n<link rel=\"canonical\" href=\"https:\/\/regiaonews.net.br\/2022\/2021\/03\/30\/paula-lemos-recebe-doacao-da-italac-para-fundo-social-de-solidariedade\/\" \/>\n<meta property=\"og:locale\" content=\"pt_BR\" \/>\n<meta property=\"og:type\" content=\"article\" \/>\n<meta property=\"og:title\" content=\"Paula Lemos recebe doa\u00e7\u00e3o da Italac para Fundo Social de Solidariedade - Regi\u00e3o News\" \/>\n<meta property=\"og:description\" content=\"Na tarde desta ter\u00e7a-feira, 30 de mar\u00e7o\/21, no audit\u00f3rio da\" \/>\n<meta property=\"og:url\" content=\"https:\/\/regiaonews.net.br\/2022\/2021\/03\/30\/paula-lemos-recebe-doacao-da-italac-para-fundo-social-de-solidariedade\/\" \/>\n<meta property=\"og:site_name\" content=\"Regi\u00e3o News\" \/>\n<meta property=\"article:published_time\" content=\"2021-03-30T20:55:21+00:00\" \/>\n<meta property=\"og:image\" content=\"https:\/\/regiaonews.net.br\/2022\/wp-content\/uploads\/2021\/03\/MON1205.jpg\" \/>\n\t<meta property=\"og:image:width\" content=\"2000\" \/>\n\t<meta property=\"og:image:height\" content=\"1335\" \/>\n\t<meta property=\"og:image:type\" content=\"image\/jpeg\" \/>\n<meta name=\"author\" content=\"Roberto\" \/>\n<meta name=\"twitter:card\" content=\"summary_large_image\" \/>\n<meta name=\"twitter:label1\" content=\"Escrito por\" \/>\n\t<meta name=\"twitter:data1\" content=\"Roberto\" \/>\n\t<meta name=\"twitter:label2\" content=\"Est. tempo de leitura\" \/>\n\t<meta name=\"twitter:data2\" content=\"2 minutos\" \/>\n<script type=\"application\/ld+json\" class=\"yoast-schema-graph\">{\"@context\":\"https:\\\/\\\/schema.org\",\"@graph\":[{\"@type\":\"Article\",\"@id\":\"https:\\\/\\\/regiaonews.net.br\\\/2022\\\/2021\\\/03\\\/30\\\/paula-lemos-recebe-doacao-da-italac-para-fundo-social-de-solidariedade\\\/#article\",\"isPartOf\":{\"@id\":\"https:\\\/\\\/regiaonews.net.br\\\/2022\\\/2021\\\/03\\\/30\\\/paula-lemos-recebe-doacao-da-italac-para-fundo-social-de-solidariedade\\\/\"},\"author\":{\"name\":\"Roberto\",\"@id\":\"https:\\\/\\\/regiaonews.net.br\\\/2022\\\/#\\\/schema\\\/person\\\/2d205a608a5aa97ac279d7a5e6d89ad8\"},\"headline\":\"Paula Lemos recebe doa\u00e7\u00e3o da Italac para Fundo Social de Solidariedade\",\"datePublished\":\"2021-03-30T20:55:21+00:00\",\"mainEntityOfPage\":{\"@id\":\"https:\\\/\\\/regiaonews.net.br\\\/2022\\\/2021\\\/03\\\/30\\\/paula-lemos-recebe-doacao-da-italac-para-fundo-social-de-solidariedade\\\/\"},\"wordCount\":485,\"commentCount\":0,\"publisher\":{\"@id\":\"https:\\\/\\\/regiaonews.net.br\\\/2022\\\/#organization\"},\"image\":{\"@id\":\"https:\\\/\\\/regiaonews.net.br\\\/2022\\\/2021\\\/03\\\/30\\\/paula-lemos-recebe-doacao-da-italac-para-fundo-social-de-solidariedade\\\/#primaryimage\"},\"thumbnailUrl\":\"https:\\\/\\\/regiaonews.net.br\\\/2022\\\/wp-content\\\/uploads\\\/2021\\\/03\\\/MON1205.jpg\",\"articleSection\":[\"Barretos\",\"Cidades\",\"Solidariedade\"],\"inLanguage\":\"pt-BR\",\"potentialAction\":[{\"@type\":\"CommentAction\",\"name\":\"Comment\",\"target\":[\"https:\\\/\\\/regiaonews.net.br\\\/2022\\\/2021\\\/03\\\/30\\\/paula-lemos-recebe-doacao-da-italac-para-fundo-social-de-solidariedade\\\/#respond\"]}]},{\"@type\":\"WebPage\",\"@id\":\"https:\\\/\\\/regiaonews.net.br\\\/2022\\\/2021\\\/03\\\/30\\\/paula-lemos-recebe-doacao-da-italac-para-fundo-social-de-solidariedade\\\/\",\"url\":\"https:\\\/\\\/regiaonews.net.br\\\/2022\\\/2021\\\/03\\\/30\\\/paula-lemos-recebe-doacao-da-italac-para-fundo-social-de-solidariedade\\\/\",\"name\":\"Paula Lemos recebe doa\u00e7\u00e3o da Italac para Fundo Social de Solidariedade - Regi\u00e3o News\",\"isPartOf\":{\"@id\":\"https:\\\/\\\/regiaonews.net.br\\\/2022\\\/#website\"},\"primaryImageOfPage\":{\"@id\":\"https:\\\/\\\/regiaonews.net.br\\\/2022\\\/2021\\\/03\\\/30\\\/paula-lemos-recebe-doacao-da-italac-para-fundo-social-de-solidariedade\\\/#primaryimage\"},\"image\":{\"@id\":\"https:\\\/\\\/regiaonews.net.br\\\/2022\\\/2021\\\/03\\\/30\\\/paula-lemos-recebe-doacao-da-italac-para-fundo-social-de-solidariedade\\\/#primaryimage\"},\"thumbnailUrl\":\"https:\\\/\\\/regiaonews.net.br\\\/2022\\\/wp-content\\\/uploads\\\/2021\\\/03\\\/MON1205.jpg\",\"datePublished\":\"2021-03-30T20:55:21+00:00\",\"breadcrumb\":{\"@id\":\"https:\\\/\\\/regiaonews.net.br\\\/2022\\\/2021\\\/03\\\/30\\\/paula-lemos-recebe-doacao-da-italac-para-fundo-social-de-solidariedade\\\/#breadcrumb\"},\"inLanguage\":\"pt-BR\",\"potentialAction\":[{\"@type\":\"ReadAction\",\"target\":[\"https:\\\/\\\/regiaonews.net.br\\\/2022\\\/2021\\\/03\\\/30\\\/paula-lemos-recebe-doacao-da-italac-para-fundo-social-de-solidariedade\\\/\"]}]},{\"@type\":\"ImageObject\",\"inLanguage\":\"pt-BR\",\"@id\":\"https:\\\/\\\/regiaonews.net.br\\\/2022\\\/2021\\\/03\\\/30\\\/paula-lemos-recebe-doacao-da-italac-para-fundo-social-de-solidariedade\\\/#primaryimage\",\"url\":\"https:\\\/\\\/regiaonews.net.br\\\/2022\\\/wp-content\\\/uploads\\\/2021\\\/03\\\/MON1205.jpg\",\"contentUrl\":\"https:\\\/\\\/regiaonews.net.br\\\/2022\\\/wp-content\\\/uploads\\\/2021\\\/03\\\/MON1205.jpg\",\"width\":2000,\"height\":1335},{\"@type\":\"BreadcrumbList\",\"@id\":\"https:\\\/\\\/regiaonews.net.br\\\/2022\\\/2021\\\/03\\\/30\\\/paula-lemos-recebe-doacao-da-italac-para-fundo-social-de-solidariedade\\\/#breadcrumb\",\"itemListElement\":[{\"@type\":\"ListItem\",\"position\":1,\"name\":\"In\u00edcio\",\"item\":\"https:\\\/\\\/regiaonews.net.br\\\/2022\\\/\"},{\"@type\":\"ListItem\",\"position\":2,\"name\":\"Paula Lemos recebe doa\u00e7\u00e3o da Italac para Fundo Social de Solidariedade\"}]},{\"@type\":\"WebSite\",\"@id\":\"https:\\\/\\\/regiaonews.net.br\\\/2022\\\/#website\",\"url\":\"https:\\\/\\\/regiaonews.net.br\\\/2022\\\/\",\"name\":\"Regi\u00e3o News\",\"description\":\"Site de Not\u00edcias de Barretos e regi\u00e3o\",\"publisher\":{\"@id\":\"https:\\\/\\\/regiaonews.net.br\\\/2022\\\/#organization\"},\"potentialAction\":[{\"@type\":\"SearchAction\",\"target\":{\"@type\":\"EntryPoint\",\"urlTemplate\":\"https:\\\/\\\/regiaonews.net.br\\\/2022\\\/?s={search_term_string}\"},\"query-input\":{\"@type\":\"PropertyValueSpecification\",\"valueRequired\":true,\"valueName\":\"search_term_string\"}}],\"inLanguage\":\"pt-BR\"},{\"@type\":\"Organization\",\"@id\":\"https:\\\/\\\/regiaonews.net.br\\\/2022\\\/#organization\",\"name\":\"Regi\u00e3o News\",\"url\":\"https:\\\/\\\/regiaonews.net.br\\\/2022\\\/\",\"logo\":{\"@type\":\"ImageObject\",\"inLanguage\":\"pt-BR\",\"@id\":\"https:\\\/\\\/regiaonews.net.br\\\/2022\\\/#\\\/schema\\\/logo\\\/image\\\/\",\"url\":\"https:\\\/\\\/regiaonews.net.br\\\/2022\\\/wp-content\\\/uploads\\\/2026\\\/03\\\/regiao-13-anos-scaled.jpg\",\"contentUrl\":\"https:\\\/\\\/regiaonews.net.br\\\/2022\\\/wp-content\\\/uploads\\\/2026\\\/03\\\/regiao-13-anos-scaled.jpg\",\"width\":2560,\"height\":635,\"caption\":\"Regi\u00e3o News\"},\"image\":{\"@id\":\"https:\\\/\\\/regiaonews.net.br\\\/2022\\\/#\\\/schema\\\/logo\\\/image\\\/\"}},{\"@type\":\"Person\",\"@id\":\"https:\\\/\\\/regiaonews.net.br\\\/2022\\\/#\\\/schema\\\/person\\\/2d205a608a5aa97ac279d7a5e6d89ad8\",\"name\":\"Roberto\",\"image\":{\"@type\":\"ImageObject\",\"inLanguage\":\"pt-BR\",\"@id\":\"https:\\\/\\\/secure.gravatar.com\\\/avatar\\\/42749d8b712ff9d59ca93dc150494e5b55a44134482993f5baeb97e61b7ecc89?s=96&d=mm&r=g\",\"url\":\"https:\\\/\\\/secure.gravatar.com\\\/avatar\\\/42749d8b712ff9d59ca93dc150494e5b55a44134482993f5baeb97e61b7ecc89?s=96&d=mm&r=g\",\"contentUrl\":\"https:\\\/\\\/secure.gravatar.com\\\/avatar\\\/42749d8b712ff9d59ca93dc150494e5b55a44134482993f5baeb97e61b7ecc89?s=96&d=mm&r=g\",\"caption\":\"Roberto\"},\"url\":\"https:\\\/\\\/regiaonews.net.br\\\/2022\\\/author\\\/roberto\\\/\"}]}<\/script>\n<!-- \/ Yoast SEO plugin. -->","yoast_head_json":{"title":"Paula Lemos recebe doa\u00e7\u00e3o da Italac para Fundo Social de Solidariedade - Regi\u00e3o News","robots":{"index":"index","follow":"follow","max-snippet":"max-snippet:-1","max-image-preview":"max-image-preview:large","max-video-preview":"max-video-preview:-1"},"canonical":"https:\/\/regiaonews.net.br\/2022\/2021\/03\/30\/paula-lemos-recebe-doacao-da-italac-para-fundo-social-de-solidariedade\/","og_locale":"pt_BR","og_type":"article","og_title":"Paula Lemos recebe doa\u00e7\u00e3o da Italac para Fundo Social de Solidariedade - Regi\u00e3o News","og_description":"Na tarde desta ter\u00e7a-feira, 30 de mar\u00e7o\/21, no audit\u00f3rio da","og_url":"https:\/\/regiaonews.net.br\/2022\/2021\/03\/30\/paula-lemos-recebe-doacao-da-italac-para-fundo-social-de-solidariedade\/","og_site_name":"Regi\u00e3o News","article_published_time":"2021-03-30T20:55:21+00:00","og_image":[{"width":2000,"height":1335,"url":"https:\/\/regiaonews.net.br\/2022\/wp-content\/uploads\/2021\/03\/MON1205.jpg","type":"image\/jpeg"}],"author":"Roberto","twitter_card":"summary_large_image","twitter_misc":{"Escrito por":"Roberto","Est. tempo de leitura":"2 minutos"},"schema":{"@context":"https:\/\/schema.org","@graph":[{"@type":"Article","@id":"https:\/\/regiaonews.net.br\/2022\/2021\/03\/30\/paula-lemos-recebe-doacao-da-italac-para-fundo-social-de-solidariedade\/#article","isPartOf":{"@id":"https:\/\/regiaonews.net.br\/2022\/2021\/03\/30\/paula-lemos-recebe-doacao-da-italac-para-fundo-social-de-solidariedade\/"},"author":{"name":"Roberto","@id":"https:\/\/regiaonews.net.br\/2022\/#\/schema\/person\/2d205a608a5aa97ac279d7a5e6d89ad8"},"headline":"Paula Lemos recebe doa\u00e7\u00e3o da Italac para Fundo Social de Solidariedade","datePublished":"2021-03-30T20:55:21+00:00","mainEntityOfPage":{"@id":"https:\/\/regiaonews.net.br\/2022\/2021\/03\/30\/paula-lemos-recebe-doacao-da-italac-para-fundo-social-de-solidariedade\/"},"wordCount":485,"commentCount":0,"publisher":{"@id":"https:\/\/regiaonews.net.br\/2022\/#organization"},"image":{"@id":"https:\/\/regiaonews.net.br\/2022\/2021\/03\/30\/paula-lemos-recebe-doacao-da-italac-para-fundo-social-de-solidariedade\/#primaryimage"},"thumbnailUrl":"https:\/\/regiaonews.net.br\/2022\/wp-content\/uploads\/2021\/03\/MON1205.jpg","articleSection":["Barretos","Cidades","Solidariedade"],"inLanguage":"pt-BR","potentialAction":[{"@type":"CommentAction","name":"Comment","target":["https:\/\/regiaonews.net.br\/2022\/2021\/03\/30\/paula-lemos-recebe-doacao-da-italac-para-fundo-social-de-solidariedade\/#respond"]}]},{"@type":"WebPage","@id":"https:\/\/regiaonews.net.br\/2022\/2021\/03\/30\/paula-lemos-recebe-doacao-da-italac-para-fundo-social-de-solidariedade\/","url":"https:\/\/regiaonews.net.br\/2022\/2021\/03\/30\/paula-lemos-recebe-doacao-da-italac-para-fundo-social-de-solidariedade\/","name":"Paula Lemos recebe doa\u00e7\u00e3o da Italac para Fundo Social de Solidariedade - Regi\u00e3o News","isPartOf":{"@id":"https:\/\/regiaonews.net.br\/2022\/#website"},"primaryImageOfPage":{"@id":"https:\/\/regiaonews.net.br\/2022\/2021\/03\/30\/paula-lemos-recebe-doacao-da-italac-para-fundo-social-de-solidariedade\/#primaryimage"},"image":{"@id":"https:\/\/regiaonews.net.br\/2022\/2021\/03\/30\/paula-lemos-recebe-doacao-da-italac-para-fundo-social-de-solidariedade\/#primaryimage"},"thumbnailUrl":"https:\/\/regiaonews.net.br\/2022\/wp-content\/uploads\/2021\/03\/MON1205.jpg","datePublished":"2021-03-30T20:55:21+00:00","breadcrumb":{"@id":"https:\/\/regiaonews.net.br\/2022\/2021\/03\/30\/paula-lemos-recebe-doacao-da-italac-para-fundo-social-de-solidariedade\/#breadcrumb"},"inLanguage":"pt-BR","potentialAction":[{"@type":"ReadAction","target":["https:\/\/regiaonews.net.br\/2022\/2021\/03\/30\/paula-lemos-recebe-doacao-da-italac-para-fundo-social-de-solidariedade\/"]}]},{"@type":"ImageObject","inLanguage":"pt-BR","@id":"https:\/\/regiaonews.net.br\/2022\/2021\/03\/30\/paula-lemos-recebe-doacao-da-italac-para-fundo-social-de-solidariedade\/#primaryimage","url":"https:\/\/regiaonews.net.br\/2022\/wp-content\/uploads\/2021\/03\/MON1205.jpg","contentUrl":"https:\/\/regiaonews.net.br\/2022\/wp-content\/uploads\/2021\/03\/MON1205.jpg","width":2000,"height":1335},{"@type":"BreadcrumbList","@id":"https:\/\/regiaonews.net.br\/2022\/2021\/03\/30\/paula-lemos-recebe-doacao-da-italac-para-fundo-social-de-solidariedade\/#breadcrumb","itemListElement":[{"@type":"ListItem","position":1,"name":"In\u00edcio","item":"https:\/\/regiaonews.net.br\/2022\/"},{"@type":"ListItem","position":2,"name":"Paula Lemos recebe doa\u00e7\u00e3o da Italac para Fundo Social de Solidariedade"}]},{"@type":"WebSite","@id":"https:\/\/regiaonews.net.br\/2022\/#website","url":"https:\/\/regiaonews.net.br\/2022\/","name":"Regi\u00e3o News","description":"Site de Not\u00edcias de Barretos e regi\u00e3o","publisher":{"@id":"https:\/\/regiaonews.net.br\/2022\/#organization"},"potentialAction":[{"@type":"SearchAction","target":{"@type":"EntryPoint","urlTemplate":"https:\/\/regiaonews.net.br\/2022\/?s={search_term_string}"},"query-input":{"@type":"PropertyValueSpecification","valueRequired":true,"valueName":"search_term_string"}}],"inLanguage":"pt-BR"},{"@type":"Organization","@id":"https:\/\/regiaonews.net.br\/2022\/#organization","name":"Regi\u00e3o News","url":"https:\/\/regiaonews.net.br\/2022\/","logo":{"@type":"ImageObject","inLanguage":"pt-BR","@id":"https:\/\/regiaonews.net.br\/2022\/#\/schema\/logo\/image\/","url":"https:\/\/regiaonews.net.br\/2022\/wp-content\/uploads\/2026\/03\/regiao-13-anos-scaled.jpg","contentUrl":"https:\/\/regiaonews.net.br\/2022\/wp-content\/uploads\/2026\/03\/regiao-13-anos-scaled.jpg","width":2560,"height":635,"caption":"Regi\u00e3o News"},"image":{"@id":"https:\/\/regiaonews.net.br\/2022\/#\/schema\/logo\/image\/"}},{"@type":"Person","@id":"https:\/\/regiaonews.net.br\/2022\/#\/schema\/person\/2d205a608a5aa97ac279d7a5e6d89ad8","name":"Roberto","image":{"@type":"ImageObject","inLanguage":"pt-BR","@id":"https:\/\/secure.gravatar.com\/avatar\/42749d8b712ff9d59ca93dc150494e5b55a44134482993f5baeb97e61b7ecc89?s=96&d=mm&r=g","url":"https:\/\/secure.gravatar.com\/avatar\/42749d8b712ff9d59ca93dc150494e5b55a44134482993f5baeb97e61b7ecc89?s=96&d=mm&r=g","contentUrl":"https:\/\/secure.gravatar.com\/avatar\/42749d8b712ff9d59ca93dc150494e5b55a44134482993f5baeb97e61b7ecc89?s=96&d=mm&r=g","caption":"Roberto"},"url":"https:\/\/regiaonews.net.br\/2022\/author\/roberto\/"}]}},"publishpress_future_action":{"enabled":false,"date":"2026-05-04 06:05:20","action":"change-status","newStatus":"draft","terms":[],"taxonomy":"category","extraData":[]},"publishpress_future_workflow_manual_trigger":{"enabledWorkflows":[]},"_links":{"self":[{"href":"https:\/\/regiaonews.net.br\/2022\/wp-json\/wp\/v2\/posts\/44546","targetHints":{"allow":["GET"]}}],"collection":[{"href":"https:\/\/regiaonews.net.br\/2022\/wp-json\/wp\/v2\/posts"}],"about":[{"href":"https:\/\/regiaonews.net.br\/2022\/wp-json\/wp\/v2\/types\/post"}],"author":[{"embeddable":true,"href":"https:\/\/regiaonews.net.br\/2022\/wp-json\/wp\/v2\/users\/2"}],"replies":[{"embeddable":true,"href":"https:\/\/regiaonews.net.br\/2022\/wp-json\/wp\/v2\/comments?post=44546"}],"version-history":[{"count":0,"href":"https:\/\/regiaonews.net.br\/2022\/wp-json\/wp\/v2\/posts\/44546\/revisions"}],"wp:featuredmedia":[{"embeddable":true,"href":"https:\/\/regiaonews.net.br\/2022\/wp-json\/wp\/v2\/media\/44553"}],"wp:attachment":[{"href":"https:\/\/regiaonews.net.br\/2022\/wp-json\/wp\/v2\/media?parent=44546"}],"wp:term":[{"taxonomy":"category","embeddable":true,"href":"https:\/\/regiaonews.net.br\/2022\/wp-json\/wp\/v2\/categories?post=44546"},{"taxonomy":"post_tag","embeddable":true,"href":"https:\/\/regiaonews.net.br\/2022\/wp-json\/wp\/v2\/tags?post=44546"}],"curies":[{"name":"wp","href":"https:\/\/api.w.org\/{rel}","templated":true}]}}