{"id":44490,"date":"2021-03-29T19:15:03","date_gmt":"2021-03-29T22:15:03","guid":{"rendered":"https:\/\/regiaonews.net.br\/2022\/?p=44490"},"modified":"2021-03-29T19:16:08","modified_gmt":"2021-03-29T22:16:08","slug":"governo-paula-lemos-tem-menor-indice-de-casos-de-dengue-dos-ultimos-tres-anos","status":"publish","type":"post","link":"https:\/\/regiaonews.net.br\/2022\/2021\/03\/29\/governo-paula-lemos-tem-menor-indice-de-casos-de-dengue-dos-ultimos-tres-anos\/","title":{"rendered":"Governo Paula Lemos tem menor \u00edndice de casos de dengue dos \u00faltimos tr\u00eas anos"},"content":{"rendered":"<p><strong><a href=\"https:\/\/regiaonews.net.br\/2022\/wp-content\/uploads\/2021\/03\/MON6799.jpg\"><img loading=\"lazy\" decoding=\"async\" class=\"alignnone size-medium wp-image-44491\" src=\"https:\/\/regiaonews.net.br\/2022\/wp-content\/uploads\/2021\/03\/MON6799-300x200.jpg\" alt=\"\" width=\"300\" height=\"200\" \/><\/a> <a href=\"https:\/\/regiaonews.net.br\/2022\/wp-content\/uploads\/2021\/03\/MON6802.jpg\"><img loading=\"lazy\" decoding=\"async\" class=\"alignnone size-medium wp-image-44492\" src=\"https:\/\/regiaonews.net.br\/2022\/wp-content\/uploads\/2021\/03\/MON6802-300x200.jpg\" alt=\"\" width=\"300\" height=\"200\" \/><\/a> <a href=\"https:\/\/regiaonews.net.br\/2022\/wp-content\/uploads\/2021\/03\/MON6819.jpg\"><img loading=\"lazy\" decoding=\"async\" class=\"alignnone size-medium wp-image-44493\" src=\"https:\/\/regiaonews.net.br\/2022\/wp-content\/uploads\/2021\/03\/MON6819-300x200.jpg\" alt=\"\" width=\"300\" height=\"200\" \/><\/a> <a href=\"https:\/\/regiaonews.net.br\/2022\/wp-content\/uploads\/2021\/03\/MON6827.jpg\"><img loading=\"lazy\" decoding=\"async\" class=\"alignnone size-medium wp-image-44494\" src=\"https:\/\/regiaonews.net.br\/2022\/wp-content\/uploads\/2021\/03\/MON6827-200x300.jpg\" alt=\"\" width=\"200\" height=\"300\" \/><\/a> <a href=\"https:\/\/regiaonews.net.br\/2022\/wp-content\/uploads\/2021\/03\/MON6831.jpg\"><img loading=\"lazy\" decoding=\"async\" class=\"alignnone size-medium wp-image-44495\" src=\"https:\/\/regiaonews.net.br\/2022\/wp-content\/uploads\/2021\/03\/MON6831-300x200.jpg\" alt=\"\" width=\"300\" height=\"200\" \/><\/a><\/strong><\/p>\n<p>Na tarde desta segunda-feira, 29 de mar\u00e7o\/21, na Prefeitura de Barretos, a secret\u00e1ria de Governo e Gest\u00e3o Estrat\u00e9gica, Gra\u00e7a Lemos junto da coordenadora do Controle de Vetores, Cristiane Parreira Lima recebeu a imprensa barretense para apresentar estudos realizados sobre redu\u00e7\u00e3o do n\u00famero de casos positivos de dengue no Munic\u00edpio.<\/p>\n<p>Entre janeiro e mar\u00e7o deste ano foram registrados em Barretos apenas 12 casos confirmados de dengue. O munic\u00edpio nos \u00faltimos anos passou por momentos complicados no combate ao Aedes aegypti, principalmente nos ano de 2013 e 2019, onde o n\u00famero de contaminados por dengue foi superior a duas mil pessoas &#8211; no mesmo per\u00edodo janeiro a mar\u00e7o.<\/p>\n<p>Para evitar que uma nova epidemia de dengue aconte\u00e7a em Barretos, a Prefeitura, por meio da Secretaria de Sa\u00fade e o CV- Controle de Vetores t\u00eam intensificado todas as a\u00e7\u00f5es de combate a mosquito Aedes aegypti, que tamb\u00e9m transmite outras doen\u00e7as assim como a zika, chikungunya e febre amarela. Desde janeiro, per\u00edodo em que ocorreu chuvas mais intensas, o trabalho de preven\u00e7\u00e3o \u00e9 mantido com as visitas domiciliares, im\u00f3veis especiais, ponto estrat\u00e9gicos, bloqueios qu\u00edmicos ( nebuliza\u00e7\u00e3o costais), carro de nebuliza\u00e7\u00e3o , o &#8220;fumac\u00ea&#8221;, e orienta\u00e7\u00f5es sobre cuidados, doen\u00e7as e sintomas. De acordo com a secret\u00e1ria Gra\u00e7a Lemos, desde o inicio da Gest\u00e3o Paula Lemos o compromisso com a sa\u00fade da popula\u00e7\u00e3o foi sempre uma prioridade e para isso houve investimento e melhorias na estrutura de trabalho, assim como compara de venenos, botinas, uniformes dos agentes de nebuliza\u00e7\u00e3o, manuten\u00e7\u00e3o veicular, realizada a troca de pneus de cinco ve\u00edculos, antes sucateados, manuten\u00e7\u00e3o de 2 ve\u00edculos e mais 3 em andamento), compra de pe\u00e7as para bombas de nebuliza\u00e7\u00e3o, diesel para os trabalhos do Fumac\u00ea , m\u00e1scaras e demais EPIS.<\/p>\n<p>De acordo com a coordenadora Cristiane, o trabalho do Controle de Vetores \u00e9 constante. \u201cMesmo neste per\u00edodo de pandemia do Covid19, seguimos com o trabalho das visitas domiciliares e nos pontos estrat\u00e9gicos como forma preventiva, e o uso de bombas costais e de carro fumac\u00ea, de acordo com os casos positivos passados pela Vigil\u00e2ncia Epidemiol\u00f3gica. Vale ressaltar que todos os agentes de endemias trabalham devidamente paramentados com EPIs m\u00e1scara e \u00e1lcool 70% e realizam as abordagens dentro dos protocolos\u201d, informou.<\/p>\n<p>Gra\u00e7a Lemos agradeceu o empenho de todos os profissionais que mesmo durante a pandemia do covid19 seguem focados no combate ao Aedes e refor\u00e7ou o pedido para que cada morador auxilie na manuten\u00e7\u00e3o dos trabalhos. \u201d\u00c9 necess\u00e1rio que a popula\u00e7\u00e3o continue apoiando e colaborando com as a\u00e7\u00f5es da Secretaria da Sa\u00fade e Controle de Vetores, cada fam\u00edlia fazendo a sua parte, diariamente limpando e cuidando do seu quintal. \u00a0\u00c9 um momento de cuidado e tamb\u00e9m de gratid\u00e3o\u201d salientou.<\/p>\n<p>Em tr\u00eas meses de trabalho no combate ao Aedes aegypti, a equipe do Controle de Vetores visitou 40.348 im\u00f3veis, sendo constatados 3802 focos. Nestes foram comprovados 1820 im\u00f3veis com larvas do mosquito.\u00a0 J\u00e1 o trabalho de nebuliza\u00e7\u00e3o totalizou 1838 resid\u00eancias, 231 im\u00f3veis especiais, 152 pontos estrat\u00e9gicos, atendeu 54 bairros da zona urbana e mais 2 comunidades da zona rural com a a\u00e7\u00e3o de bloqueio com o carro fumac\u00ea.<\/p>\n","protected":false},"excerpt":{"rendered":"<p>Na tarde desta segunda-feira, 29 de mar\u00e7o\/21, na Prefeitura de<\/p>\n","protected":false},"author":2,"featured_media":44491,"comment_status":"open","ping_status":"open","sticky":false,"template":"","format":"standard","meta":{"footnotes":""},"categories":[14,25],"tags":[],"class_list":["post-44490","post","type-post","status-publish","format-standard","has-post-thumbnail","hentry","category-barretos","category-cidades"],"yoast_head":"<!-- This site is optimized with the Yoast SEO plugin v27.4 - https:\/\/yoast.com\/product\/yoast-seo-wordpress\/ -->\n<title>Governo Paula Lemos tem menor \u00edndice de casos de dengue dos \u00faltimos tr\u00eas anos - Regi\u00e3o News<\/title>\n<meta name=\"robots\" content=\"index, follow, max-snippet:-1, max-image-preview:large, max-video-preview:-1\" \/>\n<link rel=\"canonical\" href=\"https:\/\/regiaonews.net.br\/2022\/2021\/03\/29\/governo-paula-lemos-tem-menor-indice-de-casos-de-dengue-dos-ultimos-tres-anos\/\" \/>\n<meta property=\"og:locale\" content=\"pt_BR\" \/>\n<meta property=\"og:type\" content=\"article\" \/>\n<meta property=\"og:title\" content=\"Governo Paula Lemos tem menor \u00edndice de casos de dengue dos \u00faltimos tr\u00eas anos - Regi\u00e3o News\" \/>\n<meta property=\"og:description\" content=\"Na tarde desta segunda-feira, 29 de mar\u00e7o\/21, na Prefeitura de\" \/>\n<meta property=\"og:url\" content=\"https:\/\/regiaonews.net.br\/2022\/2021\/03\/29\/governo-paula-lemos-tem-menor-indice-de-casos-de-dengue-dos-ultimos-tres-anos\/\" \/>\n<meta property=\"og:site_name\" content=\"Regi\u00e3o News\" \/>\n<meta property=\"article:published_time\" content=\"2021-03-29T22:15:03+00:00\" \/>\n<meta property=\"article:modified_time\" content=\"2021-03-29T22:16:08+00:00\" \/>\n<meta property=\"og:image\" content=\"https:\/\/regiaonews.net.br\/2022\/wp-content\/uploads\/2021\/03\/MON6799.jpg\" \/>\n\t<meta property=\"og:image:width\" content=\"2000\" \/>\n\t<meta property=\"og:image:height\" content=\"1335\" \/>\n\t<meta property=\"og:image:type\" content=\"image\/jpeg\" \/>\n<meta name=\"author\" content=\"Roberto\" \/>\n<meta name=\"twitter:card\" content=\"summary_large_image\" \/>\n<meta name=\"twitter:label1\" content=\"Escrito por\" \/>\n\t<meta name=\"twitter:data1\" content=\"Roberto\" \/>\n\t<meta name=\"twitter:label2\" content=\"Est. tempo de leitura\" \/>\n\t<meta name=\"twitter:data2\" content=\"3 minutos\" \/>\n<script type=\"application\/ld+json\" class=\"yoast-schema-graph\">{\"@context\":\"https:\\\/\\\/schema.org\",\"@graph\":[{\"@type\":\"Article\",\"@id\":\"https:\\\/\\\/regiaonews.net.br\\\/2022\\\/2021\\\/03\\\/29\\\/governo-paula-lemos-tem-menor-indice-de-casos-de-dengue-dos-ultimos-tres-anos\\\/#article\",\"isPartOf\":{\"@id\":\"https:\\\/\\\/regiaonews.net.br\\\/2022\\\/2021\\\/03\\\/29\\\/governo-paula-lemos-tem-menor-indice-de-casos-de-dengue-dos-ultimos-tres-anos\\\/\"},\"author\":{\"name\":\"Roberto\",\"@id\":\"https:\\\/\\\/regiaonews.net.br\\\/2022\\\/#\\\/schema\\\/person\\\/2d205a608a5aa97ac279d7a5e6d89ad8\"},\"headline\":\"Governo Paula Lemos tem menor \u00edndice de casos de dengue dos \u00faltimos tr\u00eas anos\",\"datePublished\":\"2021-03-29T22:15:03+00:00\",\"dateModified\":\"2021-03-29T22:16:08+00:00\",\"mainEntityOfPage\":{\"@id\":\"https:\\\/\\\/regiaonews.net.br\\\/2022\\\/2021\\\/03\\\/29\\\/governo-paula-lemos-tem-menor-indice-de-casos-de-dengue-dos-ultimos-tres-anos\\\/\"},\"wordCount\":565,\"commentCount\":0,\"publisher\":{\"@id\":\"https:\\\/\\\/regiaonews.net.br\\\/2022\\\/#organization\"},\"image\":{\"@id\":\"https:\\\/\\\/regiaonews.net.br\\\/2022\\\/2021\\\/03\\\/29\\\/governo-paula-lemos-tem-menor-indice-de-casos-de-dengue-dos-ultimos-tres-anos\\\/#primaryimage\"},\"thumbnailUrl\":\"https:\\\/\\\/regiaonews.net.br\\\/2022\\\/wp-content\\\/uploads\\\/2021\\\/03\\\/MON6799.jpg\",\"articleSection\":[\"Barretos\",\"Cidades\"],\"inLanguage\":\"pt-BR\",\"potentialAction\":[{\"@type\":\"CommentAction\",\"name\":\"Comment\",\"target\":[\"https:\\\/\\\/regiaonews.net.br\\\/2022\\\/2021\\\/03\\\/29\\\/governo-paula-lemos-tem-menor-indice-de-casos-de-dengue-dos-ultimos-tres-anos\\\/#respond\"]}]},{\"@type\":\"WebPage\",\"@id\":\"https:\\\/\\\/regiaonews.net.br\\\/2022\\\/2021\\\/03\\\/29\\\/governo-paula-lemos-tem-menor-indice-de-casos-de-dengue-dos-ultimos-tres-anos\\\/\",\"url\":\"https:\\\/\\\/regiaonews.net.br\\\/2022\\\/2021\\\/03\\\/29\\\/governo-paula-lemos-tem-menor-indice-de-casos-de-dengue-dos-ultimos-tres-anos\\\/\",\"name\":\"Governo Paula Lemos tem menor \u00edndice de casos de dengue dos \u00faltimos tr\u00eas anos - Regi\u00e3o News\",\"isPartOf\":{\"@id\":\"https:\\\/\\\/regiaonews.net.br\\\/2022\\\/#website\"},\"primaryImageOfPage\":{\"@id\":\"https:\\\/\\\/regiaonews.net.br\\\/2022\\\/2021\\\/03\\\/29\\\/governo-paula-lemos-tem-menor-indice-de-casos-de-dengue-dos-ultimos-tres-anos\\\/#primaryimage\"},\"image\":{\"@id\":\"https:\\\/\\\/regiaonews.net.br\\\/2022\\\/2021\\\/03\\\/29\\\/governo-paula-lemos-tem-menor-indice-de-casos-de-dengue-dos-ultimos-tres-anos\\\/#primaryimage\"},\"thumbnailUrl\":\"https:\\\/\\\/regiaonews.net.br\\\/2022\\\/wp-content\\\/uploads\\\/2021\\\/03\\\/MON6799.jpg\",\"datePublished\":\"2021-03-29T22:15:03+00:00\",\"dateModified\":\"2021-03-29T22:16:08+00:00\",\"breadcrumb\":{\"@id\":\"https:\\\/\\\/regiaonews.net.br\\\/2022\\\/2021\\\/03\\\/29\\\/governo-paula-lemos-tem-menor-indice-de-casos-de-dengue-dos-ultimos-tres-anos\\\/#breadcrumb\"},\"inLanguage\":\"pt-BR\",\"potentialAction\":[{\"@type\":\"ReadAction\",\"target\":[\"https:\\\/\\\/regiaonews.net.br\\\/2022\\\/2021\\\/03\\\/29\\\/governo-paula-lemos-tem-menor-indice-de-casos-de-dengue-dos-ultimos-tres-anos\\\/\"]}]},{\"@type\":\"ImageObject\",\"inLanguage\":\"pt-BR\",\"@id\":\"https:\\\/\\\/regiaonews.net.br\\\/2022\\\/2021\\\/03\\\/29\\\/governo-paula-lemos-tem-menor-indice-de-casos-de-dengue-dos-ultimos-tres-anos\\\/#primaryimage\",\"url\":\"https:\\\/\\\/regiaonews.net.br\\\/2022\\\/wp-content\\\/uploads\\\/2021\\\/03\\\/MON6799.jpg\",\"contentUrl\":\"https:\\\/\\\/regiaonews.net.br\\\/2022\\\/wp-content\\\/uploads\\\/2021\\\/03\\\/MON6799.jpg\",\"width\":2000,\"height\":1335},{\"@type\":\"BreadcrumbList\",\"@id\":\"https:\\\/\\\/regiaonews.net.br\\\/2022\\\/2021\\\/03\\\/29\\\/governo-paula-lemos-tem-menor-indice-de-casos-de-dengue-dos-ultimos-tres-anos\\\/#breadcrumb\",\"itemListElement\":[{\"@type\":\"ListItem\",\"position\":1,\"name\":\"In\u00edcio\",\"item\":\"https:\\\/\\\/regiaonews.net.br\\\/2022\\\/\"},{\"@type\":\"ListItem\",\"position\":2,\"name\":\"Governo Paula Lemos tem menor \u00edndice de casos de dengue dos \u00faltimos tr\u00eas anos\"}]},{\"@type\":\"WebSite\",\"@id\":\"https:\\\/\\\/regiaonews.net.br\\\/2022\\\/#website\",\"url\":\"https:\\\/\\\/regiaonews.net.br\\\/2022\\\/\",\"name\":\"Regi\u00e3o News\",\"description\":\"Site de Not\u00edcias de Barretos e regi\u00e3o\",\"publisher\":{\"@id\":\"https:\\\/\\\/regiaonews.net.br\\\/2022\\\/#organization\"},\"potentialAction\":[{\"@type\":\"SearchAction\",\"target\":{\"@type\":\"EntryPoint\",\"urlTemplate\":\"https:\\\/\\\/regiaonews.net.br\\\/2022\\\/?s={search_term_string}\"},\"query-input\":{\"@type\":\"PropertyValueSpecification\",\"valueRequired\":true,\"valueName\":\"search_term_string\"}}],\"inLanguage\":\"pt-BR\"},{\"@type\":\"Organization\",\"@id\":\"https:\\\/\\\/regiaonews.net.br\\\/2022\\\/#organization\",\"name\":\"Regi\u00e3o News\",\"url\":\"https:\\\/\\\/regiaonews.net.br\\\/2022\\\/\",\"logo\":{\"@type\":\"ImageObject\",\"inLanguage\":\"pt-BR\",\"@id\":\"https:\\\/\\\/regiaonews.net.br\\\/2022\\\/#\\\/schema\\\/logo\\\/image\\\/\",\"url\":\"https:\\\/\\\/regiaonews.net.br\\\/2022\\\/wp-content\\\/uploads\\\/2026\\\/03\\\/regiao-13-anos-scaled.jpg\",\"contentUrl\":\"https:\\\/\\\/regiaonews.net.br\\\/2022\\\/wp-content\\\/uploads\\\/2026\\\/03\\\/regiao-13-anos-scaled.jpg\",\"width\":2560,\"height\":635,\"caption\":\"Regi\u00e3o News\"},\"image\":{\"@id\":\"https:\\\/\\\/regiaonews.net.br\\\/2022\\\/#\\\/schema\\\/logo\\\/image\\\/\"}},{\"@type\":\"Person\",\"@id\":\"https:\\\/\\\/regiaonews.net.br\\\/2022\\\/#\\\/schema\\\/person\\\/2d205a608a5aa97ac279d7a5e6d89ad8\",\"name\":\"Roberto\",\"image\":{\"@type\":\"ImageObject\",\"inLanguage\":\"pt-BR\",\"@id\":\"https:\\\/\\\/secure.gravatar.com\\\/avatar\\\/42749d8b712ff9d59ca93dc150494e5b55a44134482993f5baeb97e61b7ecc89?s=96&d=mm&r=g\",\"url\":\"https:\\\/\\\/secure.gravatar.com\\\/avatar\\\/42749d8b712ff9d59ca93dc150494e5b55a44134482993f5baeb97e61b7ecc89?s=96&d=mm&r=g\",\"contentUrl\":\"https:\\\/\\\/secure.gravatar.com\\\/avatar\\\/42749d8b712ff9d59ca93dc150494e5b55a44134482993f5baeb97e61b7ecc89?s=96&d=mm&r=g\",\"caption\":\"Roberto\"},\"url\":\"https:\\\/\\\/regiaonews.net.br\\\/2022\\\/author\\\/roberto\\\/\"}]}<\/script>\n<!-- \/ Yoast SEO plugin. -->","yoast_head_json":{"title":"Governo Paula Lemos tem menor \u00edndice de casos de dengue dos \u00faltimos tr\u00eas anos - Regi\u00e3o News","robots":{"index":"index","follow":"follow","max-snippet":"max-snippet:-1","max-image-preview":"max-image-preview:large","max-video-preview":"max-video-preview:-1"},"canonical":"https:\/\/regiaonews.net.br\/2022\/2021\/03\/29\/governo-paula-lemos-tem-menor-indice-de-casos-de-dengue-dos-ultimos-tres-anos\/","og_locale":"pt_BR","og_type":"article","og_title":"Governo Paula Lemos tem menor \u00edndice de casos de dengue dos \u00faltimos tr\u00eas anos - Regi\u00e3o News","og_description":"Na tarde desta segunda-feira, 29 de mar\u00e7o\/21, na Prefeitura de","og_url":"https:\/\/regiaonews.net.br\/2022\/2021\/03\/29\/governo-paula-lemos-tem-menor-indice-de-casos-de-dengue-dos-ultimos-tres-anos\/","og_site_name":"Regi\u00e3o News","article_published_time":"2021-03-29T22:15:03+00:00","article_modified_time":"2021-03-29T22:16:08+00:00","og_image":[{"width":2000,"height":1335,"url":"https:\/\/regiaonews.net.br\/2022\/wp-content\/uploads\/2021\/03\/MON6799.jpg","type":"image\/jpeg"}],"author":"Roberto","twitter_card":"summary_large_image","twitter_misc":{"Escrito por":"Roberto","Est. tempo de leitura":"3 minutos"},"schema":{"@context":"https:\/\/schema.org","@graph":[{"@type":"Article","@id":"https:\/\/regiaonews.net.br\/2022\/2021\/03\/29\/governo-paula-lemos-tem-menor-indice-de-casos-de-dengue-dos-ultimos-tres-anos\/#article","isPartOf":{"@id":"https:\/\/regiaonews.net.br\/2022\/2021\/03\/29\/governo-paula-lemos-tem-menor-indice-de-casos-de-dengue-dos-ultimos-tres-anos\/"},"author":{"name":"Roberto","@id":"https:\/\/regiaonews.net.br\/2022\/#\/schema\/person\/2d205a608a5aa97ac279d7a5e6d89ad8"},"headline":"Governo Paula Lemos tem menor \u00edndice de casos de dengue dos \u00faltimos tr\u00eas anos","datePublished":"2021-03-29T22:15:03+00:00","dateModified":"2021-03-29T22:16:08+00:00","mainEntityOfPage":{"@id":"https:\/\/regiaonews.net.br\/2022\/2021\/03\/29\/governo-paula-lemos-tem-menor-indice-de-casos-de-dengue-dos-ultimos-tres-anos\/"},"wordCount":565,"commentCount":0,"publisher":{"@id":"https:\/\/regiaonews.net.br\/2022\/#organization"},"image":{"@id":"https:\/\/regiaonews.net.br\/2022\/2021\/03\/29\/governo-paula-lemos-tem-menor-indice-de-casos-de-dengue-dos-ultimos-tres-anos\/#primaryimage"},"thumbnailUrl":"https:\/\/regiaonews.net.br\/2022\/wp-content\/uploads\/2021\/03\/MON6799.jpg","articleSection":["Barretos","Cidades"],"inLanguage":"pt-BR","potentialAction":[{"@type":"CommentAction","name":"Comment","target":["https:\/\/regiaonews.net.br\/2022\/2021\/03\/29\/governo-paula-lemos-tem-menor-indice-de-casos-de-dengue-dos-ultimos-tres-anos\/#respond"]}]},{"@type":"WebPage","@id":"https:\/\/regiaonews.net.br\/2022\/2021\/03\/29\/governo-paula-lemos-tem-menor-indice-de-casos-de-dengue-dos-ultimos-tres-anos\/","url":"https:\/\/regiaonews.net.br\/2022\/2021\/03\/29\/governo-paula-lemos-tem-menor-indice-de-casos-de-dengue-dos-ultimos-tres-anos\/","name":"Governo Paula Lemos tem menor \u00edndice de casos de dengue dos \u00faltimos tr\u00eas anos - Regi\u00e3o News","isPartOf":{"@id":"https:\/\/regiaonews.net.br\/2022\/#website"},"primaryImageOfPage":{"@id":"https:\/\/regiaonews.net.br\/2022\/2021\/03\/29\/governo-paula-lemos-tem-menor-indice-de-casos-de-dengue-dos-ultimos-tres-anos\/#primaryimage"},"image":{"@id":"https:\/\/regiaonews.net.br\/2022\/2021\/03\/29\/governo-paula-lemos-tem-menor-indice-de-casos-de-dengue-dos-ultimos-tres-anos\/#primaryimage"},"thumbnailUrl":"https:\/\/regiaonews.net.br\/2022\/wp-content\/uploads\/2021\/03\/MON6799.jpg","datePublished":"2021-03-29T22:15:03+00:00","dateModified":"2021-03-29T22:16:08+00:00","breadcrumb":{"@id":"https:\/\/regiaonews.net.br\/2022\/2021\/03\/29\/governo-paula-lemos-tem-menor-indice-de-casos-de-dengue-dos-ultimos-tres-anos\/#breadcrumb"},"inLanguage":"pt-BR","potentialAction":[{"@type":"ReadAction","target":["https:\/\/regiaonews.net.br\/2022\/2021\/03\/29\/governo-paula-lemos-tem-menor-indice-de-casos-de-dengue-dos-ultimos-tres-anos\/"]}]},{"@type":"ImageObject","inLanguage":"pt-BR","@id":"https:\/\/regiaonews.net.br\/2022\/2021\/03\/29\/governo-paula-lemos-tem-menor-indice-de-casos-de-dengue-dos-ultimos-tres-anos\/#primaryimage","url":"https:\/\/regiaonews.net.br\/2022\/wp-content\/uploads\/2021\/03\/MON6799.jpg","contentUrl":"https:\/\/regiaonews.net.br\/2022\/wp-content\/uploads\/2021\/03\/MON6799.jpg","width":2000,"height":1335},{"@type":"BreadcrumbList","@id":"https:\/\/regiaonews.net.br\/2022\/2021\/03\/29\/governo-paula-lemos-tem-menor-indice-de-casos-de-dengue-dos-ultimos-tres-anos\/#breadcrumb","itemListElement":[{"@type":"ListItem","position":1,"name":"In\u00edcio","item":"https:\/\/regiaonews.net.br\/2022\/"},{"@type":"ListItem","position":2,"name":"Governo Paula Lemos tem menor \u00edndice de casos de dengue dos \u00faltimos tr\u00eas anos"}]},{"@type":"WebSite","@id":"https:\/\/regiaonews.net.br\/2022\/#website","url":"https:\/\/regiaonews.net.br\/2022\/","name":"Regi\u00e3o News","description":"Site de Not\u00edcias de Barretos e regi\u00e3o","publisher":{"@id":"https:\/\/regiaonews.net.br\/2022\/#organization"},"potentialAction":[{"@type":"SearchAction","target":{"@type":"EntryPoint","urlTemplate":"https:\/\/regiaonews.net.br\/2022\/?s={search_term_string}"},"query-input":{"@type":"PropertyValueSpecification","valueRequired":true,"valueName":"search_term_string"}}],"inLanguage":"pt-BR"},{"@type":"Organization","@id":"https:\/\/regiaonews.net.br\/2022\/#organization","name":"Regi\u00e3o News","url":"https:\/\/regiaonews.net.br\/2022\/","logo":{"@type":"ImageObject","inLanguage":"pt-BR","@id":"https:\/\/regiaonews.net.br\/2022\/#\/schema\/logo\/image\/","url":"https:\/\/regiaonews.net.br\/2022\/wp-content\/uploads\/2026\/03\/regiao-13-anos-scaled.jpg","contentUrl":"https:\/\/regiaonews.net.br\/2022\/wp-content\/uploads\/2026\/03\/regiao-13-anos-scaled.jpg","width":2560,"height":635,"caption":"Regi\u00e3o News"},"image":{"@id":"https:\/\/regiaonews.net.br\/2022\/#\/schema\/logo\/image\/"}},{"@type":"Person","@id":"https:\/\/regiaonews.net.br\/2022\/#\/schema\/person\/2d205a608a5aa97ac279d7a5e6d89ad8","name":"Roberto","image":{"@type":"ImageObject","inLanguage":"pt-BR","@id":"https:\/\/secure.gravatar.com\/avatar\/42749d8b712ff9d59ca93dc150494e5b55a44134482993f5baeb97e61b7ecc89?s=96&d=mm&r=g","url":"https:\/\/secure.gravatar.com\/avatar\/42749d8b712ff9d59ca93dc150494e5b55a44134482993f5baeb97e61b7ecc89?s=96&d=mm&r=g","contentUrl":"https:\/\/secure.gravatar.com\/avatar\/42749d8b712ff9d59ca93dc150494e5b55a44134482993f5baeb97e61b7ecc89?s=96&d=mm&r=g","caption":"Roberto"},"url":"https:\/\/regiaonews.net.br\/2022\/author\/roberto\/"}]}},"publishpress_future_action":{"enabled":false,"date":"2026-05-02 05:32:31","action":"change-status","newStatus":"draft","terms":[],"taxonomy":"category","extraData":[]},"publishpress_future_workflow_manual_trigger":{"enabledWorkflows":[]},"_links":{"self":[{"href":"https:\/\/regiaonews.net.br\/2022\/wp-json\/wp\/v2\/posts\/44490","targetHints":{"allow":["GET"]}}],"collection":[{"href":"https:\/\/regiaonews.net.br\/2022\/wp-json\/wp\/v2\/posts"}],"about":[{"href":"https:\/\/regiaonews.net.br\/2022\/wp-json\/wp\/v2\/types\/post"}],"author":[{"embeddable":true,"href":"https:\/\/regiaonews.net.br\/2022\/wp-json\/wp\/v2\/users\/2"}],"replies":[{"embeddable":true,"href":"https:\/\/regiaonews.net.br\/2022\/wp-json\/wp\/v2\/comments?post=44490"}],"version-history":[{"count":0,"href":"https:\/\/regiaonews.net.br\/2022\/wp-json\/wp\/v2\/posts\/44490\/revisions"}],"wp:featuredmedia":[{"embeddable":true,"href":"https:\/\/regiaonews.net.br\/2022\/wp-json\/wp\/v2\/media\/44491"}],"wp:attachment":[{"href":"https:\/\/regiaonews.net.br\/2022\/wp-json\/wp\/v2\/media?parent=44490"}],"wp:term":[{"taxonomy":"category","embeddable":true,"href":"https:\/\/regiaonews.net.br\/2022\/wp-json\/wp\/v2\/categories?post=44490"},{"taxonomy":"post_tag","embeddable":true,"href":"https:\/\/regiaonews.net.br\/2022\/wp-json\/wp\/v2\/tags?post=44490"}],"curies":[{"name":"wp","href":"https:\/\/api.w.org\/{rel}","templated":true}]}}