{"id":44455,"date":"2021-03-28T20:24:45","date_gmt":"2021-03-28T23:24:45","guid":{"rendered":"https:\/\/regiaonews.net.br\/2022\/?p=44455"},"modified":"2021-03-29T08:00:17","modified_gmt":"2021-03-29T11:00:17","slug":"videos-mostram-quando-caminhao-causa-acidente-com-quatro-mortos-e-ha-explosao-em-praca-de-pedagio-na-br-050","status":"publish","type":"post","link":"https:\/\/regiaonews.net.br\/2022\/2021\/03\/28\/videos-mostram-quando-caminhao-causa-acidente-com-quatro-mortos-e-ha-explosao-em-praca-de-pedagio-na-br-050\/","title":{"rendered":"C\u00e2meras registram momento que  caminh\u00e3o colidiu em ped\u00e1gio em Goi\u00e1s"},"content":{"rendered":"<div class=\"mc-column content-text active-extra-styles \" data-block-type=\"unstyled\" data-block-weight=\"52\" data-block-id=\"2\">\n<p class=\"content-text__container \" data-track-category=\"Link no Texto\" data-track-links=\"\">V\u00eddeos mostram quando um caminh\u00e3o bate contra uma pra\u00e7a de ped\u00e1gio e provoca o acidente que\u00a0<a href=\"https:\/\/g1.globo.com\/go\/goias\/noticia\/2021\/03\/28\/acidente-com-carretas-mata-motorista-incendeia-praca-de-pedagio-e-interdita-a-br-050-em-campo-alegre-de-goias.ghtml\">causou a morte de tr\u00eas adultos e uma crian\u00e7a<\/a>\u00a0neste domingo (28), na BR-050, em\u00a0<a href=\"https:\/\/g1.globo.com\/go\/goias\/cidade\/campo-alegre-de-goias\/\">Campo Alegre de Goi\u00e1s<\/a>, regi\u00e3o sudeste do estado. Ap\u00f3s a colis\u00e3o, houve uma explos\u00e3o . Oito pessoas ficaram feridas.<\/p>\n<\/div>\n<div class=\"wall protected-content\">\n<div class=\"mc-column content-text active-extra-styles \" data-block-type=\"unstyled\" data-block-weight=\"54\" data-block-id=\"3\">\n<div style=\"width: 640px;\" class=\"wp-video\"><video class=\"wp-video-shortcode\" id=\"video-44455-1\" width=\"640\" height=\"640\" preload=\"metadata\" controls=\"controls\"><source type=\"video\/mp4\" src=\"https:\/\/regiaonews.net.br\/2022\/wp-content\/uploads\/2021\/03\/WhatsApp-Video-2021-03-28-at-20.06.59.mp4?_=1\" \/><a href=\"https:\/\/regiaonews.net.br\/2022\/wp-content\/uploads\/2021\/03\/WhatsApp-Video-2021-03-28-at-20.06.59.mp4\">https:\/\/regiaonews.net.br\/2022\/wp-content\/uploads\/2021\/03\/WhatsApp-Video-2021-03-28-at-20.06.59.mp4<\/a><\/video><\/div>\n<p class=\"content-text__container \" data-track-category=\"Link no Texto\" data-track-links=\"\">O acidente aconteceu por volta das 10h, no sentido de Bras\u00edlia a Catal\u00e3o. Uma das grava\u00e7\u00f5es \u00e9 de uma c\u00e2mera de seguran\u00e7a da rodovia e foi divulgada pelo Corpo de Bombeiros. Ela filma quando um carro preto deixa a faixa mais \u00e0 esquerda da pista e vai para uma que estava mais vazia.<\/p>\n<\/div>\n<div class=\"mc-column content-text active-extra-styles \" data-block-type=\"unstyled\" data-block-weight=\"45\" data-block-id=\"4\">\n<p class=\"content-text__container \" data-track-category=\"Link no Texto\" data-track-links=\"\">Segundo depois, aparece o caminh\u00e3o-ba\u00fa, que estava carregado com desodorantes. Ele colide contra a defensa met\u00e1lica e, depois, na traseira do carro preto, onde viajavam um casal e uma crian\u00e7a da mesma fam\u00edlia. Depois, bateu em outro ve\u00edculo com tr\u00eas pessoas, que n\u00e3o tiveram ferimentos.<\/p>\n<\/div>\n<div class=\"mc-column content-text active-extra-styles \" data-block-type=\"unstyled\" data-block-weight=\"44\" data-block-id=\"5\">\n<p class=\"content-text__container \" data-track-category=\"Link no Texto\" data-track-links=\"\">As colis\u00f5es, conforme a PRF, provocaram um inc\u00eandio, que destruiu a pra\u00e7a de ped\u00e1gio, os ve\u00edculos atingidos e um caminh\u00e3o carregado com gr\u00e3os que estava parado no local. O motorista desta carreta conseguiu desembarcar antes que o inc\u00eandio atingisse a cabine e saiu ileso.<\/p>\n<\/div>\n<div class=\"mc-column content-text active-extra-styles \" data-block-type=\"unstyled\" data-block-weight=\"38\" data-block-id=\"6\">\n<p class=\"content-text__container \" data-track-category=\"Link no Texto\" data-track-links=\"\">\n<\/div>\n<div class=\"content-ads content-ads--reveal\" data-block-type=\"ads\" data-block-id=\"7\">\n<div id=\"banner_materia2\" class=\"tag-manager-publicidade-container mc-has-reveal mc-has-ad-lazyload tag-manager-publicidade-banner_materia2 tag-manager-publicidade-container--carregado tag-manager-publicidade-container--visivel\" data-id=\"banner_materia2\" data-req=\"true\" data-cid=\"138344038185\" data-lid=\"5647872882\" data-google-query-id=\"CO_kuq-P1O8CFaQnuQYdHzEFAA\">fonte : G1<\/div>\n<\/div>\n<\/div>\n","protected":false},"excerpt":{"rendered":"<p>V\u00eddeos mostram quando um caminh\u00e3o bate contra uma pra\u00e7a de<\/p>\n","protected":false},"author":2,"featured_media":44456,"comment_status":"open","ping_status":"open","sticky":false,"template":"","format":"standard","meta":{"footnotes":""},"categories":[24,25,23],"tags":[],"class_list":["post-44455","post","type-post","status-publish","format-standard","has-post-thumbnail","hentry","category-brasil","category-cidades","category-policia"],"yoast_head":"<!-- This site is optimized with the Yoast SEO plugin v27.4 - https:\/\/yoast.com\/product\/yoast-seo-wordpress\/ -->\n<title>C\u00e2meras registram momento que caminh\u00e3o colidiu em ped\u00e1gio em Goi\u00e1s - Regi\u00e3o News<\/title>\n<meta name=\"robots\" content=\"index, follow, max-snippet:-1, max-image-preview:large, max-video-preview:-1\" \/>\n<link rel=\"canonical\" href=\"https:\/\/regiaonews.net.br\/2022\/2021\/03\/28\/videos-mostram-quando-caminhao-causa-acidente-com-quatro-mortos-e-ha-explosao-em-praca-de-pedagio-na-br-050\/\" \/>\n<meta property=\"og:locale\" content=\"pt_BR\" \/>\n<meta property=\"og:type\" content=\"article\" \/>\n<meta property=\"og:title\" content=\"C\u00e2meras registram momento que caminh\u00e3o colidiu em ped\u00e1gio em Goi\u00e1s - Regi\u00e3o News\" \/>\n<meta property=\"og:description\" content=\"V\u00eddeos mostram quando um caminh\u00e3o bate contra uma pra\u00e7a de\" \/>\n<meta property=\"og:url\" content=\"https:\/\/regiaonews.net.br\/2022\/2021\/03\/28\/videos-mostram-quando-caminhao-causa-acidente-com-quatro-mortos-e-ha-explosao-em-praca-de-pedagio-na-br-050\/\" \/>\n<meta property=\"og:site_name\" content=\"Regi\u00e3o News\" \/>\n<meta property=\"article:published_time\" content=\"2021-03-28T23:24:45+00:00\" \/>\n<meta property=\"article:modified_time\" content=\"2021-03-29T11:00:17+00:00\" \/>\n<meta property=\"og:image\" content=\"https:\/\/regiaonews.net.br\/2022\/wp-content\/uploads\/2021\/03\/fbf7b915-5b01-4e01-b289-3685cace9c95.jpg\" \/>\n\t<meta property=\"og:image:width\" content=\"1280\" \/>\n\t<meta property=\"og:image:height\" content=\"720\" \/>\n\t<meta property=\"og:image:type\" content=\"image\/jpeg\" \/>\n<meta name=\"author\" content=\"Roberto\" \/>\n<meta name=\"twitter:card\" content=\"summary_large_image\" \/>\n<meta name=\"twitter:label1\" content=\"Escrito por\" \/>\n\t<meta name=\"twitter:data1\" content=\"Roberto\" \/>\n\t<meta name=\"twitter:label2\" content=\"Est. tempo de leitura\" \/>\n\t<meta name=\"twitter:data2\" content=\"1 minuto\" \/>\n<script type=\"application\/ld+json\" class=\"yoast-schema-graph\">{\"@context\":\"https:\\\/\\\/schema.org\",\"@graph\":[{\"@type\":\"Article\",\"@id\":\"https:\\\/\\\/regiaonews.net.br\\\/2022\\\/2021\\\/03\\\/28\\\/videos-mostram-quando-caminhao-causa-acidente-com-quatro-mortos-e-ha-explosao-em-praca-de-pedagio-na-br-050\\\/#article\",\"isPartOf\":{\"@id\":\"https:\\\/\\\/regiaonews.net.br\\\/2022\\\/2021\\\/03\\\/28\\\/videos-mostram-quando-caminhao-causa-acidente-com-quatro-mortos-e-ha-explosao-em-praca-de-pedagio-na-br-050\\\/\"},\"author\":{\"name\":\"Roberto\",\"@id\":\"https:\\\/\\\/regiaonews.net.br\\\/2022\\\/#\\\/schema\\\/person\\\/2d205a608a5aa97ac279d7a5e6d89ad8\"},\"headline\":\"C\u00e2meras registram momento que caminh\u00e3o colidiu em ped\u00e1gio em Goi\u00e1s\",\"datePublished\":\"2021-03-28T23:24:45+00:00\",\"dateModified\":\"2021-03-29T11:00:17+00:00\",\"mainEntityOfPage\":{\"@id\":\"https:\\\/\\\/regiaonews.net.br\\\/2022\\\/2021\\\/03\\\/28\\\/videos-mostram-quando-caminhao-causa-acidente-com-quatro-mortos-e-ha-explosao-em-praca-de-pedagio-na-br-050\\\/\"},\"wordCount\":251,\"commentCount\":0,\"publisher\":{\"@id\":\"https:\\\/\\\/regiaonews.net.br\\\/2022\\\/#organization\"},\"image\":{\"@id\":\"https:\\\/\\\/regiaonews.net.br\\\/2022\\\/2021\\\/03\\\/28\\\/videos-mostram-quando-caminhao-causa-acidente-com-quatro-mortos-e-ha-explosao-em-praca-de-pedagio-na-br-050\\\/#primaryimage\"},\"thumbnailUrl\":\"https:\\\/\\\/regiaonews.net.br\\\/2022\\\/wp-content\\\/uploads\\\/2021\\\/03\\\/fbf7b915-5b01-4e01-b289-3685cace9c95.jpg\",\"articleSection\":[\"Brasil\",\"Cidades\",\"Policia\"],\"inLanguage\":\"pt-BR\",\"potentialAction\":[{\"@type\":\"CommentAction\",\"name\":\"Comment\",\"target\":[\"https:\\\/\\\/regiaonews.net.br\\\/2022\\\/2021\\\/03\\\/28\\\/videos-mostram-quando-caminhao-causa-acidente-com-quatro-mortos-e-ha-explosao-em-praca-de-pedagio-na-br-050\\\/#respond\"]}]},{\"@type\":\"WebPage\",\"@id\":\"https:\\\/\\\/regiaonews.net.br\\\/2022\\\/2021\\\/03\\\/28\\\/videos-mostram-quando-caminhao-causa-acidente-com-quatro-mortos-e-ha-explosao-em-praca-de-pedagio-na-br-050\\\/\",\"url\":\"https:\\\/\\\/regiaonews.net.br\\\/2022\\\/2021\\\/03\\\/28\\\/videos-mostram-quando-caminhao-causa-acidente-com-quatro-mortos-e-ha-explosao-em-praca-de-pedagio-na-br-050\\\/\",\"name\":\"C\u00e2meras registram momento que caminh\u00e3o colidiu em ped\u00e1gio em Goi\u00e1s - Regi\u00e3o News\",\"isPartOf\":{\"@id\":\"https:\\\/\\\/regiaonews.net.br\\\/2022\\\/#website\"},\"primaryImageOfPage\":{\"@id\":\"https:\\\/\\\/regiaonews.net.br\\\/2022\\\/2021\\\/03\\\/28\\\/videos-mostram-quando-caminhao-causa-acidente-com-quatro-mortos-e-ha-explosao-em-praca-de-pedagio-na-br-050\\\/#primaryimage\"},\"image\":{\"@id\":\"https:\\\/\\\/regiaonews.net.br\\\/2022\\\/2021\\\/03\\\/28\\\/videos-mostram-quando-caminhao-causa-acidente-com-quatro-mortos-e-ha-explosao-em-praca-de-pedagio-na-br-050\\\/#primaryimage\"},\"thumbnailUrl\":\"https:\\\/\\\/regiaonews.net.br\\\/2022\\\/wp-content\\\/uploads\\\/2021\\\/03\\\/fbf7b915-5b01-4e01-b289-3685cace9c95.jpg\",\"datePublished\":\"2021-03-28T23:24:45+00:00\",\"dateModified\":\"2021-03-29T11:00:17+00:00\",\"breadcrumb\":{\"@id\":\"https:\\\/\\\/regiaonews.net.br\\\/2022\\\/2021\\\/03\\\/28\\\/videos-mostram-quando-caminhao-causa-acidente-com-quatro-mortos-e-ha-explosao-em-praca-de-pedagio-na-br-050\\\/#breadcrumb\"},\"inLanguage\":\"pt-BR\",\"potentialAction\":[{\"@type\":\"ReadAction\",\"target\":[\"https:\\\/\\\/regiaonews.net.br\\\/2022\\\/2021\\\/03\\\/28\\\/videos-mostram-quando-caminhao-causa-acidente-com-quatro-mortos-e-ha-explosao-em-praca-de-pedagio-na-br-050\\\/\"]}]},{\"@type\":\"ImageObject\",\"inLanguage\":\"pt-BR\",\"@id\":\"https:\\\/\\\/regiaonews.net.br\\\/2022\\\/2021\\\/03\\\/28\\\/videos-mostram-quando-caminhao-causa-acidente-com-quatro-mortos-e-ha-explosao-em-praca-de-pedagio-na-br-050\\\/#primaryimage\",\"url\":\"https:\\\/\\\/regiaonews.net.br\\\/2022\\\/wp-content\\\/uploads\\\/2021\\\/03\\\/fbf7b915-5b01-4e01-b289-3685cace9c95.jpg\",\"contentUrl\":\"https:\\\/\\\/regiaonews.net.br\\\/2022\\\/wp-content\\\/uploads\\\/2021\\\/03\\\/fbf7b915-5b01-4e01-b289-3685cace9c95.jpg\",\"width\":1280,\"height\":720},{\"@type\":\"BreadcrumbList\",\"@id\":\"https:\\\/\\\/regiaonews.net.br\\\/2022\\\/2021\\\/03\\\/28\\\/videos-mostram-quando-caminhao-causa-acidente-com-quatro-mortos-e-ha-explosao-em-praca-de-pedagio-na-br-050\\\/#breadcrumb\",\"itemListElement\":[{\"@type\":\"ListItem\",\"position\":1,\"name\":\"In\u00edcio\",\"item\":\"https:\\\/\\\/regiaonews.net.br\\\/2022\\\/\"},{\"@type\":\"ListItem\",\"position\":2,\"name\":\"C\u00e2meras registram momento que caminh\u00e3o colidiu em ped\u00e1gio em Goi\u00e1s\"}]},{\"@type\":\"WebSite\",\"@id\":\"https:\\\/\\\/regiaonews.net.br\\\/2022\\\/#website\",\"url\":\"https:\\\/\\\/regiaonews.net.br\\\/2022\\\/\",\"name\":\"Regi\u00e3o News\",\"description\":\"Site de Not\u00edcias de Barretos e regi\u00e3o\",\"publisher\":{\"@id\":\"https:\\\/\\\/regiaonews.net.br\\\/2022\\\/#organization\"},\"potentialAction\":[{\"@type\":\"SearchAction\",\"target\":{\"@type\":\"EntryPoint\",\"urlTemplate\":\"https:\\\/\\\/regiaonews.net.br\\\/2022\\\/?s={search_term_string}\"},\"query-input\":{\"@type\":\"PropertyValueSpecification\",\"valueRequired\":true,\"valueName\":\"search_term_string\"}}],\"inLanguage\":\"pt-BR\"},{\"@type\":\"Organization\",\"@id\":\"https:\\\/\\\/regiaonews.net.br\\\/2022\\\/#organization\",\"name\":\"Regi\u00e3o News\",\"url\":\"https:\\\/\\\/regiaonews.net.br\\\/2022\\\/\",\"logo\":{\"@type\":\"ImageObject\",\"inLanguage\":\"pt-BR\",\"@id\":\"https:\\\/\\\/regiaonews.net.br\\\/2022\\\/#\\\/schema\\\/logo\\\/image\\\/\",\"url\":\"https:\\\/\\\/regiaonews.net.br\\\/2022\\\/wp-content\\\/uploads\\\/2026\\\/03\\\/regiao-13-anos-scaled.jpg\",\"contentUrl\":\"https:\\\/\\\/regiaonews.net.br\\\/2022\\\/wp-content\\\/uploads\\\/2026\\\/03\\\/regiao-13-anos-scaled.jpg\",\"width\":2560,\"height\":635,\"caption\":\"Regi\u00e3o News\"},\"image\":{\"@id\":\"https:\\\/\\\/regiaonews.net.br\\\/2022\\\/#\\\/schema\\\/logo\\\/image\\\/\"}},{\"@type\":\"Person\",\"@id\":\"https:\\\/\\\/regiaonews.net.br\\\/2022\\\/#\\\/schema\\\/person\\\/2d205a608a5aa97ac279d7a5e6d89ad8\",\"name\":\"Roberto\",\"image\":{\"@type\":\"ImageObject\",\"inLanguage\":\"pt-BR\",\"@id\":\"https:\\\/\\\/secure.gravatar.com\\\/avatar\\\/42749d8b712ff9d59ca93dc150494e5b55a44134482993f5baeb97e61b7ecc89?s=96&d=mm&r=g\",\"url\":\"https:\\\/\\\/secure.gravatar.com\\\/avatar\\\/42749d8b712ff9d59ca93dc150494e5b55a44134482993f5baeb97e61b7ecc89?s=96&d=mm&r=g\",\"contentUrl\":\"https:\\\/\\\/secure.gravatar.com\\\/avatar\\\/42749d8b712ff9d59ca93dc150494e5b55a44134482993f5baeb97e61b7ecc89?s=96&d=mm&r=g\",\"caption\":\"Roberto\"},\"url\":\"https:\\\/\\\/regiaonews.net.br\\\/2022\\\/author\\\/roberto\\\/\"}]}<\/script>\n<!-- \/ Yoast SEO plugin. -->","yoast_head_json":{"title":"C\u00e2meras registram momento que caminh\u00e3o colidiu em ped\u00e1gio em Goi\u00e1s - Regi\u00e3o News","robots":{"index":"index","follow":"follow","max-snippet":"max-snippet:-1","max-image-preview":"max-image-preview:large","max-video-preview":"max-video-preview:-1"},"canonical":"https:\/\/regiaonews.net.br\/2022\/2021\/03\/28\/videos-mostram-quando-caminhao-causa-acidente-com-quatro-mortos-e-ha-explosao-em-praca-de-pedagio-na-br-050\/","og_locale":"pt_BR","og_type":"article","og_title":"C\u00e2meras registram momento que caminh\u00e3o colidiu em ped\u00e1gio em Goi\u00e1s - Regi\u00e3o News","og_description":"V\u00eddeos mostram quando um caminh\u00e3o bate contra uma pra\u00e7a de","og_url":"https:\/\/regiaonews.net.br\/2022\/2021\/03\/28\/videos-mostram-quando-caminhao-causa-acidente-com-quatro-mortos-e-ha-explosao-em-praca-de-pedagio-na-br-050\/","og_site_name":"Regi\u00e3o News","article_published_time":"2021-03-28T23:24:45+00:00","article_modified_time":"2021-03-29T11:00:17+00:00","og_image":[{"width":1280,"height":720,"url":"https:\/\/regiaonews.net.br\/2022\/wp-content\/uploads\/2021\/03\/fbf7b915-5b01-4e01-b289-3685cace9c95.jpg","type":"image\/jpeg"}],"author":"Roberto","twitter_card":"summary_large_image","twitter_misc":{"Escrito por":"Roberto","Est. tempo de leitura":"1 minuto"},"schema":{"@context":"https:\/\/schema.org","@graph":[{"@type":"Article","@id":"https:\/\/regiaonews.net.br\/2022\/2021\/03\/28\/videos-mostram-quando-caminhao-causa-acidente-com-quatro-mortos-e-ha-explosao-em-praca-de-pedagio-na-br-050\/#article","isPartOf":{"@id":"https:\/\/regiaonews.net.br\/2022\/2021\/03\/28\/videos-mostram-quando-caminhao-causa-acidente-com-quatro-mortos-e-ha-explosao-em-praca-de-pedagio-na-br-050\/"},"author":{"name":"Roberto","@id":"https:\/\/regiaonews.net.br\/2022\/#\/schema\/person\/2d205a608a5aa97ac279d7a5e6d89ad8"},"headline":"C\u00e2meras registram momento que caminh\u00e3o colidiu em ped\u00e1gio em Goi\u00e1s","datePublished":"2021-03-28T23:24:45+00:00","dateModified":"2021-03-29T11:00:17+00:00","mainEntityOfPage":{"@id":"https:\/\/regiaonews.net.br\/2022\/2021\/03\/28\/videos-mostram-quando-caminhao-causa-acidente-com-quatro-mortos-e-ha-explosao-em-praca-de-pedagio-na-br-050\/"},"wordCount":251,"commentCount":0,"publisher":{"@id":"https:\/\/regiaonews.net.br\/2022\/#organization"},"image":{"@id":"https:\/\/regiaonews.net.br\/2022\/2021\/03\/28\/videos-mostram-quando-caminhao-causa-acidente-com-quatro-mortos-e-ha-explosao-em-praca-de-pedagio-na-br-050\/#primaryimage"},"thumbnailUrl":"https:\/\/regiaonews.net.br\/2022\/wp-content\/uploads\/2021\/03\/fbf7b915-5b01-4e01-b289-3685cace9c95.jpg","articleSection":["Brasil","Cidades","Policia"],"inLanguage":"pt-BR","potentialAction":[{"@type":"CommentAction","name":"Comment","target":["https:\/\/regiaonews.net.br\/2022\/2021\/03\/28\/videos-mostram-quando-caminhao-causa-acidente-com-quatro-mortos-e-ha-explosao-em-praca-de-pedagio-na-br-050\/#respond"]}]},{"@type":"WebPage","@id":"https:\/\/regiaonews.net.br\/2022\/2021\/03\/28\/videos-mostram-quando-caminhao-causa-acidente-com-quatro-mortos-e-ha-explosao-em-praca-de-pedagio-na-br-050\/","url":"https:\/\/regiaonews.net.br\/2022\/2021\/03\/28\/videos-mostram-quando-caminhao-causa-acidente-com-quatro-mortos-e-ha-explosao-em-praca-de-pedagio-na-br-050\/","name":"C\u00e2meras registram momento que caminh\u00e3o colidiu em ped\u00e1gio em Goi\u00e1s - Regi\u00e3o News","isPartOf":{"@id":"https:\/\/regiaonews.net.br\/2022\/#website"},"primaryImageOfPage":{"@id":"https:\/\/regiaonews.net.br\/2022\/2021\/03\/28\/videos-mostram-quando-caminhao-causa-acidente-com-quatro-mortos-e-ha-explosao-em-praca-de-pedagio-na-br-050\/#primaryimage"},"image":{"@id":"https:\/\/regiaonews.net.br\/2022\/2021\/03\/28\/videos-mostram-quando-caminhao-causa-acidente-com-quatro-mortos-e-ha-explosao-em-praca-de-pedagio-na-br-050\/#primaryimage"},"thumbnailUrl":"https:\/\/regiaonews.net.br\/2022\/wp-content\/uploads\/2021\/03\/fbf7b915-5b01-4e01-b289-3685cace9c95.jpg","datePublished":"2021-03-28T23:24:45+00:00","dateModified":"2021-03-29T11:00:17+00:00","breadcrumb":{"@id":"https:\/\/regiaonews.net.br\/2022\/2021\/03\/28\/videos-mostram-quando-caminhao-causa-acidente-com-quatro-mortos-e-ha-explosao-em-praca-de-pedagio-na-br-050\/#breadcrumb"},"inLanguage":"pt-BR","potentialAction":[{"@type":"ReadAction","target":["https:\/\/regiaonews.net.br\/2022\/2021\/03\/28\/videos-mostram-quando-caminhao-causa-acidente-com-quatro-mortos-e-ha-explosao-em-praca-de-pedagio-na-br-050\/"]}]},{"@type":"ImageObject","inLanguage":"pt-BR","@id":"https:\/\/regiaonews.net.br\/2022\/2021\/03\/28\/videos-mostram-quando-caminhao-causa-acidente-com-quatro-mortos-e-ha-explosao-em-praca-de-pedagio-na-br-050\/#primaryimage","url":"https:\/\/regiaonews.net.br\/2022\/wp-content\/uploads\/2021\/03\/fbf7b915-5b01-4e01-b289-3685cace9c95.jpg","contentUrl":"https:\/\/regiaonews.net.br\/2022\/wp-content\/uploads\/2021\/03\/fbf7b915-5b01-4e01-b289-3685cace9c95.jpg","width":1280,"height":720},{"@type":"BreadcrumbList","@id":"https:\/\/regiaonews.net.br\/2022\/2021\/03\/28\/videos-mostram-quando-caminhao-causa-acidente-com-quatro-mortos-e-ha-explosao-em-praca-de-pedagio-na-br-050\/#breadcrumb","itemListElement":[{"@type":"ListItem","position":1,"name":"In\u00edcio","item":"https:\/\/regiaonews.net.br\/2022\/"},{"@type":"ListItem","position":2,"name":"C\u00e2meras registram momento que caminh\u00e3o colidiu em ped\u00e1gio em Goi\u00e1s"}]},{"@type":"WebSite","@id":"https:\/\/regiaonews.net.br\/2022\/#website","url":"https:\/\/regiaonews.net.br\/2022\/","name":"Regi\u00e3o News","description":"Site de Not\u00edcias de Barretos e regi\u00e3o","publisher":{"@id":"https:\/\/regiaonews.net.br\/2022\/#organization"},"potentialAction":[{"@type":"SearchAction","target":{"@type":"EntryPoint","urlTemplate":"https:\/\/regiaonews.net.br\/2022\/?s={search_term_string}"},"query-input":{"@type":"PropertyValueSpecification","valueRequired":true,"valueName":"search_term_string"}}],"inLanguage":"pt-BR"},{"@type":"Organization","@id":"https:\/\/regiaonews.net.br\/2022\/#organization","name":"Regi\u00e3o News","url":"https:\/\/regiaonews.net.br\/2022\/","logo":{"@type":"ImageObject","inLanguage":"pt-BR","@id":"https:\/\/regiaonews.net.br\/2022\/#\/schema\/logo\/image\/","url":"https:\/\/regiaonews.net.br\/2022\/wp-content\/uploads\/2026\/03\/regiao-13-anos-scaled.jpg","contentUrl":"https:\/\/regiaonews.net.br\/2022\/wp-content\/uploads\/2026\/03\/regiao-13-anos-scaled.jpg","width":2560,"height":635,"caption":"Regi\u00e3o News"},"image":{"@id":"https:\/\/regiaonews.net.br\/2022\/#\/schema\/logo\/image\/"}},{"@type":"Person","@id":"https:\/\/regiaonews.net.br\/2022\/#\/schema\/person\/2d205a608a5aa97ac279d7a5e6d89ad8","name":"Roberto","image":{"@type":"ImageObject","inLanguage":"pt-BR","@id":"https:\/\/secure.gravatar.com\/avatar\/42749d8b712ff9d59ca93dc150494e5b55a44134482993f5baeb97e61b7ecc89?s=96&d=mm&r=g","url":"https:\/\/secure.gravatar.com\/avatar\/42749d8b712ff9d59ca93dc150494e5b55a44134482993f5baeb97e61b7ecc89?s=96&d=mm&r=g","contentUrl":"https:\/\/secure.gravatar.com\/avatar\/42749d8b712ff9d59ca93dc150494e5b55a44134482993f5baeb97e61b7ecc89?s=96&d=mm&r=g","caption":"Roberto"},"url":"https:\/\/regiaonews.net.br\/2022\/author\/roberto\/"}]}},"publishpress_future_action":{"enabled":false,"date":"2026-05-02 06:26:07","action":"change-status","newStatus":"draft","terms":[],"taxonomy":"category","extraData":[]},"publishpress_future_workflow_manual_trigger":{"enabledWorkflows":[]},"_links":{"self":[{"href":"https:\/\/regiaonews.net.br\/2022\/wp-json\/wp\/v2\/posts\/44455","targetHints":{"allow":["GET"]}}],"collection":[{"href":"https:\/\/regiaonews.net.br\/2022\/wp-json\/wp\/v2\/posts"}],"about":[{"href":"https:\/\/regiaonews.net.br\/2022\/wp-json\/wp\/v2\/types\/post"}],"author":[{"embeddable":true,"href":"https:\/\/regiaonews.net.br\/2022\/wp-json\/wp\/v2\/users\/2"}],"replies":[{"embeddable":true,"href":"https:\/\/regiaonews.net.br\/2022\/wp-json\/wp\/v2\/comments?post=44455"}],"version-history":[{"count":0,"href":"https:\/\/regiaonews.net.br\/2022\/wp-json\/wp\/v2\/posts\/44455\/revisions"}],"wp:featuredmedia":[{"embeddable":true,"href":"https:\/\/regiaonews.net.br\/2022\/wp-json\/wp\/v2\/media\/44456"}],"wp:attachment":[{"href":"https:\/\/regiaonews.net.br\/2022\/wp-json\/wp\/v2\/media?parent=44455"}],"wp:term":[{"taxonomy":"category","embeddable":true,"href":"https:\/\/regiaonews.net.br\/2022\/wp-json\/wp\/v2\/categories?post=44455"},{"taxonomy":"post_tag","embeddable":true,"href":"https:\/\/regiaonews.net.br\/2022\/wp-json\/wp\/v2\/tags?post=44455"}],"curies":[{"name":"wp","href":"https:\/\/api.w.org\/{rel}","templated":true}]}}