{"id":44382,"date":"2021-03-26T15:32:38","date_gmt":"2021-03-26T18:32:38","guid":{"rendered":"https:\/\/regiaonews.net.br\/2022\/?p=44382"},"modified":"2021-03-26T15:32:38","modified_gmt":"2021-03-26T18:32:38","slug":"conselho-constata-menores-acompanhados-dos-pais-em-festas-clandestinas","status":"publish","type":"post","link":"https:\/\/regiaonews.net.br\/2022\/2021\/03\/26\/conselho-constata-menores-acompanhados-dos-pais-em-festas-clandestinas\/","title":{"rendered":"Conselho constata menores acompanhados dos pais em festas clandestinas"},"content":{"rendered":"<p><a href=\"https:\/\/regiaonews.net.br\/2022\/wp-content\/uploads\/2020\/02\/conselho-carro.jpg\"><img loading=\"lazy\" decoding=\"async\" class=\"alignnone size-medium wp-image-27520\" src=\"https:\/\/regiaonews.net.br\/2022\/wp-content\/uploads\/2020\/02\/conselho-carro-300x225.jpg\" alt=\"\" width=\"300\" height=\"225\" \/><\/a><\/p>\n<p>Casos ser\u00e3o encaminhados ao Minist\u00e9rio P\u00fablico<\/p>\n<p>&nbsp;<\/p>\n<p>Foto \u2013 Sede do Conselho Tutelar de Barretos<\/p>\n<p><strong>\u00a0<\/strong><\/p>\n<p>O Conselho Tutelar de Barretos vem sendo constantemente acionado pela Vigil\u00e2ncia Sanit\u00e1ria e Pol\u00edcia Militar, diante das constata\u00e7\u00f5es de festas clandestinas, neste per\u00edodo de pandemia da Covid-19. Segundo as integrantes do \u00f3rg\u00e3o, dois casos constatados, apontou que menores estavam na companhia dos pais nos eventos. Segundo a conselheira Marcia Pina, foi constatado uma m\u00e3e com uma crian\u00e7a de colo em uma festa e outro caso onde o pai e a filha estavamno evento se divertindo. \u00a0\u201cQuando s\u00e3o encontrados nas festas, os menores s\u00e3o encaminhados para a delegacia. E agora recebemos a orienta\u00e7\u00e3o dos casos reincidentes, os menores ser\u00e3o encaminhados para o Minist\u00e9rio P\u00fablico, para a prmotoria. A conscientiza\u00e7\u00e3o come\u00e7a realmente dentro de casa\u201d, afirmou a conselheira M\u00e1rcia Pina. \u00a0Para ela, o que \u00e9 sentido pela equipe do Conselho, \u00e9 que hoje existe falta de maturidade frente a pandemia que esses jovens t\u00ebm ao se aglomerar.<\/p>\n<p>A conselheira Natalia Lizi, \u00a0presidente do Conselho Tutelar, esclareceu que o \u00f3rg\u00e3o n\u00e3o \u00e9 punitivo, mas que os casos envolvendo menores come\u00e7ar\u00e3o a ser encaminhdos para o Minist\u00e9rio P\u00fablico. \u201cSempre que formos acionadas pela pela Pol\u00edcia Militar e Vigil\u00e2ncia Sanit\u00e1ria tomaremos essas medidas\u201d, afirmou Natalia.<\/p>\n<p>J\u00e1 a\u00a0 conselheira Val\u00e9ira Pelegrini, fez um apelo para que os respons\u00e1veis observem melhor os seus filhos, estreitem os la\u00e7os afetivos e usem de sua autoridade em dizer n\u00e3o as festas clandestinas. \u201cO risco de trazer o v\u00edrus para dentro de casa \u00e9 ainda maior\u201d, orientou.<\/p>\n","protected":false},"excerpt":{"rendered":"<p>Casos ser\u00e3o encaminhados ao Minist\u00e9rio P\u00fablico &nbsp; Foto \u2013 Sede<\/p>\n","protected":false},"author":2,"featured_media":0,"comment_status":"open","ping_status":"open","sticky":false,"template":"","format":"standard","meta":{"footnotes":""},"categories":[14,25],"tags":[],"class_list":["post-44382","post","type-post","status-publish","format-standard","hentry","category-barretos","category-cidades"],"yoast_head":"<!-- This site is optimized with the Yoast SEO plugin v27.4 - https:\/\/yoast.com\/product\/yoast-seo-wordpress\/ -->\n<title>Conselho constata menores acompanhados dos pais em festas clandestinas - Regi\u00e3o News<\/title>\n<meta name=\"robots\" content=\"index, follow, max-snippet:-1, max-image-preview:large, max-video-preview:-1\" \/>\n<link rel=\"canonical\" href=\"https:\/\/regiaonews.net.br\/2022\/2021\/03\/26\/conselho-constata-menores-acompanhados-dos-pais-em-festas-clandestinas\/\" \/>\n<meta property=\"og:locale\" content=\"pt_BR\" \/>\n<meta property=\"og:type\" content=\"article\" \/>\n<meta property=\"og:title\" content=\"Conselho constata menores acompanhados dos pais em festas clandestinas - Regi\u00e3o News\" \/>\n<meta property=\"og:description\" content=\"Casos ser\u00e3o encaminhados ao Minist\u00e9rio P\u00fablico &nbsp; Foto \u2013 Sede\" \/>\n<meta property=\"og:url\" content=\"https:\/\/regiaonews.net.br\/2022\/2021\/03\/26\/conselho-constata-menores-acompanhados-dos-pais-em-festas-clandestinas\/\" \/>\n<meta property=\"og:site_name\" content=\"Regi\u00e3o News\" \/>\n<meta property=\"article:published_time\" content=\"2021-03-26T18:32:38+00:00\" \/>\n<meta property=\"og:image\" content=\"https:\/\/regiaonews.net.br\/2022\/wp-content\/uploads\/2020\/02\/conselho-carro-300x225.jpg\" \/>\n<meta name=\"author\" content=\"Roberto\" \/>\n<meta name=\"twitter:card\" content=\"summary_large_image\" \/>\n<meta name=\"twitter:label1\" content=\"Escrito por\" \/>\n\t<meta name=\"twitter:data1\" content=\"Roberto\" \/>\n\t<meta name=\"twitter:label2\" content=\"Est. tempo de leitura\" \/>\n\t<meta name=\"twitter:data2\" content=\"1 minuto\" \/>\n<script type=\"application\/ld+json\" class=\"yoast-schema-graph\">{\"@context\":\"https:\\\/\\\/schema.org\",\"@graph\":[{\"@type\":\"Article\",\"@id\":\"https:\\\/\\\/regiaonews.net.br\\\/2022\\\/2021\\\/03\\\/26\\\/conselho-constata-menores-acompanhados-dos-pais-em-festas-clandestinas\\\/#article\",\"isPartOf\":{\"@id\":\"https:\\\/\\\/regiaonews.net.br\\\/2022\\\/2021\\\/03\\\/26\\\/conselho-constata-menores-acompanhados-dos-pais-em-festas-clandestinas\\\/\"},\"author\":{\"name\":\"Roberto\",\"@id\":\"https:\\\/\\\/regiaonews.net.br\\\/2022\\\/#\\\/schema\\\/person\\\/2d205a608a5aa97ac279d7a5e6d89ad8\"},\"headline\":\"Conselho constata menores acompanhados dos pais em festas clandestinas\",\"datePublished\":\"2021-03-26T18:32:38+00:00\",\"mainEntityOfPage\":{\"@id\":\"https:\\\/\\\/regiaonews.net.br\\\/2022\\\/2021\\\/03\\\/26\\\/conselho-constata-menores-acompanhados-dos-pais-em-festas-clandestinas\\\/\"},\"wordCount\":290,\"commentCount\":0,\"publisher\":{\"@id\":\"https:\\\/\\\/regiaonews.net.br\\\/2022\\\/#organization\"},\"image\":{\"@id\":\"https:\\\/\\\/regiaonews.net.br\\\/2022\\\/2021\\\/03\\\/26\\\/conselho-constata-menores-acompanhados-dos-pais-em-festas-clandestinas\\\/#primaryimage\"},\"thumbnailUrl\":\"https:\\\/\\\/regiaonews.net.br\\\/2022\\\/wp-content\\\/uploads\\\/2020\\\/02\\\/conselho-carro-300x225.jpg\",\"articleSection\":[\"Barretos\",\"Cidades\"],\"inLanguage\":\"pt-BR\",\"potentialAction\":[{\"@type\":\"CommentAction\",\"name\":\"Comment\",\"target\":[\"https:\\\/\\\/regiaonews.net.br\\\/2022\\\/2021\\\/03\\\/26\\\/conselho-constata-menores-acompanhados-dos-pais-em-festas-clandestinas\\\/#respond\"]}]},{\"@type\":\"WebPage\",\"@id\":\"https:\\\/\\\/regiaonews.net.br\\\/2022\\\/2021\\\/03\\\/26\\\/conselho-constata-menores-acompanhados-dos-pais-em-festas-clandestinas\\\/\",\"url\":\"https:\\\/\\\/regiaonews.net.br\\\/2022\\\/2021\\\/03\\\/26\\\/conselho-constata-menores-acompanhados-dos-pais-em-festas-clandestinas\\\/\",\"name\":\"Conselho constata menores acompanhados dos pais em festas clandestinas - Regi\u00e3o News\",\"isPartOf\":{\"@id\":\"https:\\\/\\\/regiaonews.net.br\\\/2022\\\/#website\"},\"primaryImageOfPage\":{\"@id\":\"https:\\\/\\\/regiaonews.net.br\\\/2022\\\/2021\\\/03\\\/26\\\/conselho-constata-menores-acompanhados-dos-pais-em-festas-clandestinas\\\/#primaryimage\"},\"image\":{\"@id\":\"https:\\\/\\\/regiaonews.net.br\\\/2022\\\/2021\\\/03\\\/26\\\/conselho-constata-menores-acompanhados-dos-pais-em-festas-clandestinas\\\/#primaryimage\"},\"thumbnailUrl\":\"https:\\\/\\\/regiaonews.net.br\\\/2022\\\/wp-content\\\/uploads\\\/2020\\\/02\\\/conselho-carro-300x225.jpg\",\"datePublished\":\"2021-03-26T18:32:38+00:00\",\"breadcrumb\":{\"@id\":\"https:\\\/\\\/regiaonews.net.br\\\/2022\\\/2021\\\/03\\\/26\\\/conselho-constata-menores-acompanhados-dos-pais-em-festas-clandestinas\\\/#breadcrumb\"},\"inLanguage\":\"pt-BR\",\"potentialAction\":[{\"@type\":\"ReadAction\",\"target\":[\"https:\\\/\\\/regiaonews.net.br\\\/2022\\\/2021\\\/03\\\/26\\\/conselho-constata-menores-acompanhados-dos-pais-em-festas-clandestinas\\\/\"]}]},{\"@type\":\"ImageObject\",\"inLanguage\":\"pt-BR\",\"@id\":\"https:\\\/\\\/regiaonews.net.br\\\/2022\\\/2021\\\/03\\\/26\\\/conselho-constata-menores-acompanhados-dos-pais-em-festas-clandestinas\\\/#primaryimage\",\"url\":\"\",\"contentUrl\":\"\"},{\"@type\":\"BreadcrumbList\",\"@id\":\"https:\\\/\\\/regiaonews.net.br\\\/2022\\\/2021\\\/03\\\/26\\\/conselho-constata-menores-acompanhados-dos-pais-em-festas-clandestinas\\\/#breadcrumb\",\"itemListElement\":[{\"@type\":\"ListItem\",\"position\":1,\"name\":\"In\u00edcio\",\"item\":\"https:\\\/\\\/regiaonews.net.br\\\/2022\\\/\"},{\"@type\":\"ListItem\",\"position\":2,\"name\":\"Conselho constata menores acompanhados dos pais em festas clandestinas\"}]},{\"@type\":\"WebSite\",\"@id\":\"https:\\\/\\\/regiaonews.net.br\\\/2022\\\/#website\",\"url\":\"https:\\\/\\\/regiaonews.net.br\\\/2022\\\/\",\"name\":\"Regi\u00e3o News\",\"description\":\"Site de Not\u00edcias de Barretos e regi\u00e3o\",\"publisher\":{\"@id\":\"https:\\\/\\\/regiaonews.net.br\\\/2022\\\/#organization\"},\"potentialAction\":[{\"@type\":\"SearchAction\",\"target\":{\"@type\":\"EntryPoint\",\"urlTemplate\":\"https:\\\/\\\/regiaonews.net.br\\\/2022\\\/?s={search_term_string}\"},\"query-input\":{\"@type\":\"PropertyValueSpecification\",\"valueRequired\":true,\"valueName\":\"search_term_string\"}}],\"inLanguage\":\"pt-BR\"},{\"@type\":\"Organization\",\"@id\":\"https:\\\/\\\/regiaonews.net.br\\\/2022\\\/#organization\",\"name\":\"Regi\u00e3o News\",\"url\":\"https:\\\/\\\/regiaonews.net.br\\\/2022\\\/\",\"logo\":{\"@type\":\"ImageObject\",\"inLanguage\":\"pt-BR\",\"@id\":\"https:\\\/\\\/regiaonews.net.br\\\/2022\\\/#\\\/schema\\\/logo\\\/image\\\/\",\"url\":\"https:\\\/\\\/regiaonews.net.br\\\/2022\\\/wp-content\\\/uploads\\\/2026\\\/03\\\/regiao-13-anos-scaled.jpg\",\"contentUrl\":\"https:\\\/\\\/regiaonews.net.br\\\/2022\\\/wp-content\\\/uploads\\\/2026\\\/03\\\/regiao-13-anos-scaled.jpg\",\"width\":2560,\"height\":635,\"caption\":\"Regi\u00e3o News\"},\"image\":{\"@id\":\"https:\\\/\\\/regiaonews.net.br\\\/2022\\\/#\\\/schema\\\/logo\\\/image\\\/\"}},{\"@type\":\"Person\",\"@id\":\"https:\\\/\\\/regiaonews.net.br\\\/2022\\\/#\\\/schema\\\/person\\\/2d205a608a5aa97ac279d7a5e6d89ad8\",\"name\":\"Roberto\",\"image\":{\"@type\":\"ImageObject\",\"inLanguage\":\"pt-BR\",\"@id\":\"https:\\\/\\\/secure.gravatar.com\\\/avatar\\\/42749d8b712ff9d59ca93dc150494e5b55a44134482993f5baeb97e61b7ecc89?s=96&d=mm&r=g\",\"url\":\"https:\\\/\\\/secure.gravatar.com\\\/avatar\\\/42749d8b712ff9d59ca93dc150494e5b55a44134482993f5baeb97e61b7ecc89?s=96&d=mm&r=g\",\"contentUrl\":\"https:\\\/\\\/secure.gravatar.com\\\/avatar\\\/42749d8b712ff9d59ca93dc150494e5b55a44134482993f5baeb97e61b7ecc89?s=96&d=mm&r=g\",\"caption\":\"Roberto\"},\"url\":\"https:\\\/\\\/regiaonews.net.br\\\/2022\\\/author\\\/roberto\\\/\"}]}<\/script>\n<!-- \/ Yoast SEO plugin. -->","yoast_head_json":{"title":"Conselho constata menores acompanhados dos pais em festas clandestinas - Regi\u00e3o News","robots":{"index":"index","follow":"follow","max-snippet":"max-snippet:-1","max-image-preview":"max-image-preview:large","max-video-preview":"max-video-preview:-1"},"canonical":"https:\/\/regiaonews.net.br\/2022\/2021\/03\/26\/conselho-constata-menores-acompanhados-dos-pais-em-festas-clandestinas\/","og_locale":"pt_BR","og_type":"article","og_title":"Conselho constata menores acompanhados dos pais em festas clandestinas - Regi\u00e3o News","og_description":"Casos ser\u00e3o encaminhados ao Minist\u00e9rio P\u00fablico &nbsp; Foto \u2013 Sede","og_url":"https:\/\/regiaonews.net.br\/2022\/2021\/03\/26\/conselho-constata-menores-acompanhados-dos-pais-em-festas-clandestinas\/","og_site_name":"Regi\u00e3o News","article_published_time":"2021-03-26T18:32:38+00:00","og_image":[{"url":"https:\/\/regiaonews.net.br\/2022\/wp-content\/uploads\/2020\/02\/conselho-carro-300x225.jpg","type":"","width":"","height":""}],"author":"Roberto","twitter_card":"summary_large_image","twitter_misc":{"Escrito por":"Roberto","Est. tempo de leitura":"1 minuto"},"schema":{"@context":"https:\/\/schema.org","@graph":[{"@type":"Article","@id":"https:\/\/regiaonews.net.br\/2022\/2021\/03\/26\/conselho-constata-menores-acompanhados-dos-pais-em-festas-clandestinas\/#article","isPartOf":{"@id":"https:\/\/regiaonews.net.br\/2022\/2021\/03\/26\/conselho-constata-menores-acompanhados-dos-pais-em-festas-clandestinas\/"},"author":{"name":"Roberto","@id":"https:\/\/regiaonews.net.br\/2022\/#\/schema\/person\/2d205a608a5aa97ac279d7a5e6d89ad8"},"headline":"Conselho constata menores acompanhados dos pais em festas clandestinas","datePublished":"2021-03-26T18:32:38+00:00","mainEntityOfPage":{"@id":"https:\/\/regiaonews.net.br\/2022\/2021\/03\/26\/conselho-constata-menores-acompanhados-dos-pais-em-festas-clandestinas\/"},"wordCount":290,"commentCount":0,"publisher":{"@id":"https:\/\/regiaonews.net.br\/2022\/#organization"},"image":{"@id":"https:\/\/regiaonews.net.br\/2022\/2021\/03\/26\/conselho-constata-menores-acompanhados-dos-pais-em-festas-clandestinas\/#primaryimage"},"thumbnailUrl":"https:\/\/regiaonews.net.br\/2022\/wp-content\/uploads\/2020\/02\/conselho-carro-300x225.jpg","articleSection":["Barretos","Cidades"],"inLanguage":"pt-BR","potentialAction":[{"@type":"CommentAction","name":"Comment","target":["https:\/\/regiaonews.net.br\/2022\/2021\/03\/26\/conselho-constata-menores-acompanhados-dos-pais-em-festas-clandestinas\/#respond"]}]},{"@type":"WebPage","@id":"https:\/\/regiaonews.net.br\/2022\/2021\/03\/26\/conselho-constata-menores-acompanhados-dos-pais-em-festas-clandestinas\/","url":"https:\/\/regiaonews.net.br\/2022\/2021\/03\/26\/conselho-constata-menores-acompanhados-dos-pais-em-festas-clandestinas\/","name":"Conselho constata menores acompanhados dos pais em festas clandestinas - Regi\u00e3o News","isPartOf":{"@id":"https:\/\/regiaonews.net.br\/2022\/#website"},"primaryImageOfPage":{"@id":"https:\/\/regiaonews.net.br\/2022\/2021\/03\/26\/conselho-constata-menores-acompanhados-dos-pais-em-festas-clandestinas\/#primaryimage"},"image":{"@id":"https:\/\/regiaonews.net.br\/2022\/2021\/03\/26\/conselho-constata-menores-acompanhados-dos-pais-em-festas-clandestinas\/#primaryimage"},"thumbnailUrl":"https:\/\/regiaonews.net.br\/2022\/wp-content\/uploads\/2020\/02\/conselho-carro-300x225.jpg","datePublished":"2021-03-26T18:32:38+00:00","breadcrumb":{"@id":"https:\/\/regiaonews.net.br\/2022\/2021\/03\/26\/conselho-constata-menores-acompanhados-dos-pais-em-festas-clandestinas\/#breadcrumb"},"inLanguage":"pt-BR","potentialAction":[{"@type":"ReadAction","target":["https:\/\/regiaonews.net.br\/2022\/2021\/03\/26\/conselho-constata-menores-acompanhados-dos-pais-em-festas-clandestinas\/"]}]},{"@type":"ImageObject","inLanguage":"pt-BR","@id":"https:\/\/regiaonews.net.br\/2022\/2021\/03\/26\/conselho-constata-menores-acompanhados-dos-pais-em-festas-clandestinas\/#primaryimage","url":"","contentUrl":""},{"@type":"BreadcrumbList","@id":"https:\/\/regiaonews.net.br\/2022\/2021\/03\/26\/conselho-constata-menores-acompanhados-dos-pais-em-festas-clandestinas\/#breadcrumb","itemListElement":[{"@type":"ListItem","position":1,"name":"In\u00edcio","item":"https:\/\/regiaonews.net.br\/2022\/"},{"@type":"ListItem","position":2,"name":"Conselho constata menores acompanhados dos pais em festas clandestinas"}]},{"@type":"WebSite","@id":"https:\/\/regiaonews.net.br\/2022\/#website","url":"https:\/\/regiaonews.net.br\/2022\/","name":"Regi\u00e3o News","description":"Site de Not\u00edcias de Barretos e regi\u00e3o","publisher":{"@id":"https:\/\/regiaonews.net.br\/2022\/#organization"},"potentialAction":[{"@type":"SearchAction","target":{"@type":"EntryPoint","urlTemplate":"https:\/\/regiaonews.net.br\/2022\/?s={search_term_string}"},"query-input":{"@type":"PropertyValueSpecification","valueRequired":true,"valueName":"search_term_string"}}],"inLanguage":"pt-BR"},{"@type":"Organization","@id":"https:\/\/regiaonews.net.br\/2022\/#organization","name":"Regi\u00e3o News","url":"https:\/\/regiaonews.net.br\/2022\/","logo":{"@type":"ImageObject","inLanguage":"pt-BR","@id":"https:\/\/regiaonews.net.br\/2022\/#\/schema\/logo\/image\/","url":"https:\/\/regiaonews.net.br\/2022\/wp-content\/uploads\/2026\/03\/regiao-13-anos-scaled.jpg","contentUrl":"https:\/\/regiaonews.net.br\/2022\/wp-content\/uploads\/2026\/03\/regiao-13-anos-scaled.jpg","width":2560,"height":635,"caption":"Regi\u00e3o News"},"image":{"@id":"https:\/\/regiaonews.net.br\/2022\/#\/schema\/logo\/image\/"}},{"@type":"Person","@id":"https:\/\/regiaonews.net.br\/2022\/#\/schema\/person\/2d205a608a5aa97ac279d7a5e6d89ad8","name":"Roberto","image":{"@type":"ImageObject","inLanguage":"pt-BR","@id":"https:\/\/secure.gravatar.com\/avatar\/42749d8b712ff9d59ca93dc150494e5b55a44134482993f5baeb97e61b7ecc89?s=96&d=mm&r=g","url":"https:\/\/secure.gravatar.com\/avatar\/42749d8b712ff9d59ca93dc150494e5b55a44134482993f5baeb97e61b7ecc89?s=96&d=mm&r=g","contentUrl":"https:\/\/secure.gravatar.com\/avatar\/42749d8b712ff9d59ca93dc150494e5b55a44134482993f5baeb97e61b7ecc89?s=96&d=mm&r=g","caption":"Roberto"},"url":"https:\/\/regiaonews.net.br\/2022\/author\/roberto\/"}]}},"publishpress_future_action":{"enabled":false,"date":"2026-05-04 02:59:51","action":"change-status","newStatus":"draft","terms":[],"taxonomy":"category","extraData":[]},"publishpress_future_workflow_manual_trigger":{"enabledWorkflows":[]},"_links":{"self":[{"href":"https:\/\/regiaonews.net.br\/2022\/wp-json\/wp\/v2\/posts\/44382","targetHints":{"allow":["GET"]}}],"collection":[{"href":"https:\/\/regiaonews.net.br\/2022\/wp-json\/wp\/v2\/posts"}],"about":[{"href":"https:\/\/regiaonews.net.br\/2022\/wp-json\/wp\/v2\/types\/post"}],"author":[{"embeddable":true,"href":"https:\/\/regiaonews.net.br\/2022\/wp-json\/wp\/v2\/users\/2"}],"replies":[{"embeddable":true,"href":"https:\/\/regiaonews.net.br\/2022\/wp-json\/wp\/v2\/comments?post=44382"}],"version-history":[{"count":0,"href":"https:\/\/regiaonews.net.br\/2022\/wp-json\/wp\/v2\/posts\/44382\/revisions"}],"wp:attachment":[{"href":"https:\/\/regiaonews.net.br\/2022\/wp-json\/wp\/v2\/media?parent=44382"}],"wp:term":[{"taxonomy":"category","embeddable":true,"href":"https:\/\/regiaonews.net.br\/2022\/wp-json\/wp\/v2\/categories?post=44382"},{"taxonomy":"post_tag","embeddable":true,"href":"https:\/\/regiaonews.net.br\/2022\/wp-json\/wp\/v2\/tags?post=44382"}],"curies":[{"name":"wp","href":"https:\/\/api.w.org\/{rel}","templated":true}]}}