{"id":44357,"date":"2021-03-26T09:08:43","date_gmt":"2021-03-26T12:08:43","guid":{"rendered":"https:\/\/regiaonews.net.br\/2022\/?p=44357"},"modified":"2021-03-26T16:01:32","modified_gmt":"2021-03-26T19:01:32","slug":"pm-de-guaira-prende-integrantes-e-armamento-de-quadrilha-de-roubo-a-bancos","status":"publish","type":"post","link":"https:\/\/regiaonews.net.br\/2022\/2021\/03\/26\/pm-de-guaira-prende-integrantes-e-armamento-de-quadrilha-de-roubo-a-bancos\/","title":{"rendered":"PM de Gua\u00edra prende integrantes e armamento de quadrilha de roubo a bancos"},"content":{"rendered":"<p><a href=\"https:\/\/regiaonews.net.br\/2022\/wp-content\/uploads\/2021\/03\/IMG-20210326-WA0087.jpg\"><img loading=\"lazy\" decoding=\"async\" class=\"alignnone size-medium wp-image-44358\" src=\"https:\/\/regiaonews.net.br\/2022\/wp-content\/uploads\/2021\/03\/IMG-20210326-WA0087-146x300.jpg\" alt=\"\" width=\"146\" height=\"300\" \/><\/a> <a href=\"https:\/\/regiaonews.net.br\/2022\/wp-content\/uploads\/2021\/03\/IMG-20210326-WA0076.jpg\"><img loading=\"lazy\" decoding=\"async\" class=\"alignnone size-medium wp-image-44359\" src=\"https:\/\/regiaonews.net.br\/2022\/wp-content\/uploads\/2021\/03\/IMG-20210326-WA0076-300x146.jpg\" alt=\"\" width=\"300\" height=\"146\" \/><\/a> <a href=\"https:\/\/regiaonews.net.br\/2022\/wp-content\/uploads\/2021\/03\/IMG-20210326-WA0077.jpg\"><img loading=\"lazy\" decoding=\"async\" class=\"alignnone size-medium wp-image-44360\" src=\"https:\/\/regiaonews.net.br\/2022\/wp-content\/uploads\/2021\/03\/IMG-20210326-WA0077-146x300.jpg\" alt=\"\" width=\"146\" height=\"300\" \/><\/a> <a href=\"https:\/\/regiaonews.net.br\/2022\/wp-content\/uploads\/2021\/03\/IMG-20210326-WA0078.jpg\"><img loading=\"lazy\" decoding=\"async\" class=\"alignnone size-medium wp-image-44361\" src=\"https:\/\/regiaonews.net.br\/2022\/wp-content\/uploads\/2021\/03\/IMG-20210326-WA0078-146x300.jpg\" alt=\"\" width=\"146\" height=\"300\" \/><\/a> <a href=\"https:\/\/regiaonews.net.br\/2022\/wp-content\/uploads\/2021\/03\/IMG-20210326-WA0083.jpg\"><img loading=\"lazy\" decoding=\"async\" class=\"alignnone size-medium wp-image-44362\" src=\"https:\/\/regiaonews.net.br\/2022\/wp-content\/uploads\/2021\/03\/IMG-20210326-WA0083-300x146.jpg\" alt=\"\" width=\"300\" height=\"146\" \/><\/a> <a href=\"https:\/\/regiaonews.net.br\/2022\/wp-content\/uploads\/2021\/03\/IMG-20210326-WA0085.jpg\"><img loading=\"lazy\" decoding=\"async\" class=\"alignnone size-medium wp-image-44363\" src=\"https:\/\/regiaonews.net.br\/2022\/wp-content\/uploads\/2021\/03\/IMG-20210326-WA0085-300x146.jpg\" alt=\"\" width=\"300\" height=\"146\" \/><\/a> <a href=\"https:\/\/regiaonews.net.br\/2022\/wp-content\/uploads\/2021\/03\/IMG-20210326-WA0081.jpg\"><img loading=\"lazy\" decoding=\"async\" class=\"alignnone size-medium wp-image-44364\" src=\"https:\/\/regiaonews.net.br\/2022\/wp-content\/uploads\/2021\/03\/IMG-20210326-WA0081-146x300.jpg\" alt=\"\" width=\"146\" height=\"300\" \/><\/a> <a href=\"https:\/\/regiaonews.net.br\/2022\/wp-content\/uploads\/2021\/03\/IMG-20210326-WA0082.jpg\"><img loading=\"lazy\" decoding=\"async\" class=\"alignnone size-medium wp-image-44365\" src=\"https:\/\/regiaonews.net.br\/2022\/wp-content\/uploads\/2021\/03\/IMG-20210326-WA0082-300x146.jpg\" alt=\"\" width=\"300\" height=\"146\" \/><\/a><\/p>\n<p>&nbsp;<\/p>\n<p>&nbsp;<\/p>\n<p>Durante deslocamento pela rodovia Assis Chateaubriand, o Sd PM Mateus Ramos deparou com uma caminhonete Hilux,\u00a0 prata, sem placa, sendo seguida por outro ve\u00edculo, SpaceCross vermelho, diante da fundada suspeita de que algo il\u00edcito estivesse ocorrendo, realizou contato com a base da Quarta\u00a0 Companhia e solicitou apoio para averigua\u00e7\u00e3o.<br \/>\nA equipe integrada pelo sargento Matias e cabo Mendes,\u00a0 se deparou com os ve\u00edculos e iniciaram um acompanhamento, onde pela estrada do Lix\u00e3o de Gua\u00edra, os dois ve\u00edculos colidiram, e com\u00a0 o choque os condutores dos ve\u00edculos desembarcaram e adentraram uma mata, sendo que detido\u00a0 o condutor da Hilux, sendo tamb\u00e9m\u00a0 \u00a0abordado um indiv\u00edduo que estava esperando para levar a Hilux para sua resid\u00eancia e alegou que receberia R$1000,00 para guardar o ve\u00edculo, al\u00e9m de\u00a0 confessar\u00a0 ter participado de diversos roubos na cidade de Gua\u00edra e Barretos, inclusive o roubo \u00e0 Caixa Econ\u00f4mica Federal.<br \/>\nEm desdobramento da ocorr\u00eancia,\u00a0 ao serem indagados F. revelou que em sua casa tinha diversos apetrechos usados para roubo a banco, bem como armas de fogo colete balistico e ainda revelou mais duas resid\u00eancias onde teria al\u00e9m de apetrechos para roubo a banco, armas de fogo e indiv\u00edduos envolvidos no roubo a CEF.<br \/>\nNa\u00a0 resid\u00eancia de F. ,\u00a0 \u00a0foram localizados apetrechos para a pr\u00e1tica de roubo a banco bem como armas de fogo, sendo algumas utilizadas em diversos roubos pela regi\u00e3o.<br \/>\nPelo segundo local, o acusado\u00a0 indicou, tamb\u00e9m ap\u00f3s contato com morador do local,\u00a0 foram localizadas 4 armas de fogo e apetrechos para roubo a banco (coletes bal\u00edsticos e balaclavas)<br \/>\nJa em um terceiro endere\u00e7o,\u00a0 foram\u00a0 localizados um colete bal\u00edstico e um indiv\u00edduo empreendeu fuga das equipes n\u00e3o sendo localizado, por\u00e9m qualificado.<br \/>\nNo plant\u00e3o policial permaneceram presos\u00a0 03 criminosos, enquanto o infrator foi arrolado como investigado e foi liberado.<\/p>\n<p>*Apreens\u00f5es:*<\/p>\n<p>&#x2714;&#xfe0f; *02 Pistolas cal. 380*<br \/>\n&#x2714;&#xfe0f; *05 espingardas*<br \/>\n&#x2714;&#xfe0f; *04 Colete balistico*<br \/>\n&#x2714;&#xfe0f; *06 Explosivos do tipo metalon*<br \/>\n&#x2714;&#xfe0f; *Miguelitos*<br \/>\n&#x2714;&#xfe0f; *Aparelho \u00d3tico de Pontaria*<br \/>\n*\u2713R$ 4.897,00*<\/p>\n<p>A PM registrou o caso como recepta\u00e7\u00e3o\/posse irregular de arma de fogo\/posse de explosivos\/ furto a caixa eletr\u00f4nico em data anterior\/roubo a ve\u00edculo em data anterior\/roubo a resid\u00eancia em data anterior e associa\u00e7\u00e3o criminosa\/resist\u00eancia a pris\u00e3o.<\/p>\n","protected":false},"excerpt":{"rendered":"<p>&nbsp; &nbsp; Durante deslocamento pela rodovia Assis Chateaubriand, o Sd<\/p>\n","protected":false},"author":2,"featured_media":44365,"comment_status":"open","ping_status":"open","sticky":false,"template":"","format":"standard","meta":{"footnotes":""},"categories":[25,8,23],"tags":[],"class_list":["post-44357","post","type-post","status-publish","format-standard","has-post-thumbnail","hentry","category-cidades","category-guaira","category-policia"],"yoast_head":"<!-- This site is optimized with the Yoast SEO plugin v27.4 - https:\/\/yoast.com\/product\/yoast-seo-wordpress\/ -->\n<title>PM de Gua\u00edra prende integrantes e armamento de quadrilha de roubo a bancos - Regi\u00e3o News<\/title>\n<meta name=\"robots\" content=\"index, follow, max-snippet:-1, max-image-preview:large, max-video-preview:-1\" \/>\n<link rel=\"canonical\" href=\"https:\/\/regiaonews.net.br\/2022\/2021\/03\/26\/pm-de-guaira-prende-integrantes-e-armamento-de-quadrilha-de-roubo-a-bancos\/\" \/>\n<meta property=\"og:locale\" content=\"pt_BR\" \/>\n<meta property=\"og:type\" content=\"article\" \/>\n<meta property=\"og:title\" content=\"PM de Gua\u00edra prende integrantes e armamento de quadrilha de roubo a bancos - Regi\u00e3o News\" \/>\n<meta property=\"og:description\" content=\"&nbsp; &nbsp; Durante deslocamento pela rodovia Assis Chateaubriand, o Sd\" \/>\n<meta property=\"og:url\" content=\"https:\/\/regiaonews.net.br\/2022\/2021\/03\/26\/pm-de-guaira-prende-integrantes-e-armamento-de-quadrilha-de-roubo-a-bancos\/\" \/>\n<meta property=\"og:site_name\" content=\"Regi\u00e3o News\" \/>\n<meta property=\"article:published_time\" content=\"2021-03-26T12:08:43+00:00\" \/>\n<meta property=\"article:modified_time\" content=\"2021-03-26T19:01:32+00:00\" \/>\n<meta property=\"og:image\" content=\"https:\/\/regiaonews.net.br\/2022\/wp-content\/uploads\/2021\/03\/IMG-20210326-WA0082.jpg\" \/>\n\t<meta property=\"og:image:width\" content=\"1152\" \/>\n\t<meta property=\"og:image:height\" content=\"560\" \/>\n\t<meta property=\"og:image:type\" content=\"image\/jpeg\" \/>\n<meta name=\"author\" content=\"Roberto\" \/>\n<meta name=\"twitter:card\" content=\"summary_large_image\" \/>\n<meta name=\"twitter:label1\" content=\"Escrito por\" \/>\n\t<meta name=\"twitter:data1\" content=\"Roberto\" \/>\n\t<meta name=\"twitter:label2\" content=\"Est. tempo de leitura\" \/>\n\t<meta name=\"twitter:data2\" content=\"2 minutos\" \/>\n<script type=\"application\/ld+json\" class=\"yoast-schema-graph\">{\"@context\":\"https:\\\/\\\/schema.org\",\"@graph\":[{\"@type\":\"Article\",\"@id\":\"https:\\\/\\\/regiaonews.net.br\\\/2022\\\/2021\\\/03\\\/26\\\/pm-de-guaira-prende-integrantes-e-armamento-de-quadrilha-de-roubo-a-bancos\\\/#article\",\"isPartOf\":{\"@id\":\"https:\\\/\\\/regiaonews.net.br\\\/2022\\\/2021\\\/03\\\/26\\\/pm-de-guaira-prende-integrantes-e-armamento-de-quadrilha-de-roubo-a-bancos\\\/\"},\"author\":{\"name\":\"Roberto\",\"@id\":\"https:\\\/\\\/regiaonews.net.br\\\/2022\\\/#\\\/schema\\\/person\\\/2d205a608a5aa97ac279d7a5e6d89ad8\"},\"headline\":\"PM de Gua\u00edra prende integrantes e armamento de quadrilha de roubo a bancos\",\"datePublished\":\"2021-03-26T12:08:43+00:00\",\"dateModified\":\"2021-03-26T19:01:32+00:00\",\"mainEntityOfPage\":{\"@id\":\"https:\\\/\\\/regiaonews.net.br\\\/2022\\\/2021\\\/03\\\/26\\\/pm-de-guaira-prende-integrantes-e-armamento-de-quadrilha-de-roubo-a-bancos\\\/\"},\"wordCount\":418,\"commentCount\":0,\"publisher\":{\"@id\":\"https:\\\/\\\/regiaonews.net.br\\\/2022\\\/#organization\"},\"image\":{\"@id\":\"https:\\\/\\\/regiaonews.net.br\\\/2022\\\/2021\\\/03\\\/26\\\/pm-de-guaira-prende-integrantes-e-armamento-de-quadrilha-de-roubo-a-bancos\\\/#primaryimage\"},\"thumbnailUrl\":\"https:\\\/\\\/regiaonews.net.br\\\/2022\\\/wp-content\\\/uploads\\\/2021\\\/03\\\/IMG-20210326-WA0082.jpg\",\"articleSection\":[\"Cidades\",\"Gua\u00edra\",\"Policia\"],\"inLanguage\":\"pt-BR\",\"potentialAction\":[{\"@type\":\"CommentAction\",\"name\":\"Comment\",\"target\":[\"https:\\\/\\\/regiaonews.net.br\\\/2022\\\/2021\\\/03\\\/26\\\/pm-de-guaira-prende-integrantes-e-armamento-de-quadrilha-de-roubo-a-bancos\\\/#respond\"]}]},{\"@type\":\"WebPage\",\"@id\":\"https:\\\/\\\/regiaonews.net.br\\\/2022\\\/2021\\\/03\\\/26\\\/pm-de-guaira-prende-integrantes-e-armamento-de-quadrilha-de-roubo-a-bancos\\\/\",\"url\":\"https:\\\/\\\/regiaonews.net.br\\\/2022\\\/2021\\\/03\\\/26\\\/pm-de-guaira-prende-integrantes-e-armamento-de-quadrilha-de-roubo-a-bancos\\\/\",\"name\":\"PM de Gua\u00edra prende integrantes e armamento de quadrilha de roubo a bancos - Regi\u00e3o News\",\"isPartOf\":{\"@id\":\"https:\\\/\\\/regiaonews.net.br\\\/2022\\\/#website\"},\"primaryImageOfPage\":{\"@id\":\"https:\\\/\\\/regiaonews.net.br\\\/2022\\\/2021\\\/03\\\/26\\\/pm-de-guaira-prende-integrantes-e-armamento-de-quadrilha-de-roubo-a-bancos\\\/#primaryimage\"},\"image\":{\"@id\":\"https:\\\/\\\/regiaonews.net.br\\\/2022\\\/2021\\\/03\\\/26\\\/pm-de-guaira-prende-integrantes-e-armamento-de-quadrilha-de-roubo-a-bancos\\\/#primaryimage\"},\"thumbnailUrl\":\"https:\\\/\\\/regiaonews.net.br\\\/2022\\\/wp-content\\\/uploads\\\/2021\\\/03\\\/IMG-20210326-WA0082.jpg\",\"datePublished\":\"2021-03-26T12:08:43+00:00\",\"dateModified\":\"2021-03-26T19:01:32+00:00\",\"breadcrumb\":{\"@id\":\"https:\\\/\\\/regiaonews.net.br\\\/2022\\\/2021\\\/03\\\/26\\\/pm-de-guaira-prende-integrantes-e-armamento-de-quadrilha-de-roubo-a-bancos\\\/#breadcrumb\"},\"inLanguage\":\"pt-BR\",\"potentialAction\":[{\"@type\":\"ReadAction\",\"target\":[\"https:\\\/\\\/regiaonews.net.br\\\/2022\\\/2021\\\/03\\\/26\\\/pm-de-guaira-prende-integrantes-e-armamento-de-quadrilha-de-roubo-a-bancos\\\/\"]}]},{\"@type\":\"ImageObject\",\"inLanguage\":\"pt-BR\",\"@id\":\"https:\\\/\\\/regiaonews.net.br\\\/2022\\\/2021\\\/03\\\/26\\\/pm-de-guaira-prende-integrantes-e-armamento-de-quadrilha-de-roubo-a-bancos\\\/#primaryimage\",\"url\":\"https:\\\/\\\/regiaonews.net.br\\\/2022\\\/wp-content\\\/uploads\\\/2021\\\/03\\\/IMG-20210326-WA0082.jpg\",\"contentUrl\":\"https:\\\/\\\/regiaonews.net.br\\\/2022\\\/wp-content\\\/uploads\\\/2021\\\/03\\\/IMG-20210326-WA0082.jpg\",\"width\":1152,\"height\":560},{\"@type\":\"BreadcrumbList\",\"@id\":\"https:\\\/\\\/regiaonews.net.br\\\/2022\\\/2021\\\/03\\\/26\\\/pm-de-guaira-prende-integrantes-e-armamento-de-quadrilha-de-roubo-a-bancos\\\/#breadcrumb\",\"itemListElement\":[{\"@type\":\"ListItem\",\"position\":1,\"name\":\"In\u00edcio\",\"item\":\"https:\\\/\\\/regiaonews.net.br\\\/2022\\\/\"},{\"@type\":\"ListItem\",\"position\":2,\"name\":\"PM de Gua\u00edra prende integrantes e armamento de quadrilha de roubo a bancos\"}]},{\"@type\":\"WebSite\",\"@id\":\"https:\\\/\\\/regiaonews.net.br\\\/2022\\\/#website\",\"url\":\"https:\\\/\\\/regiaonews.net.br\\\/2022\\\/\",\"name\":\"Regi\u00e3o News\",\"description\":\"Site de Not\u00edcias de Barretos e regi\u00e3o\",\"publisher\":{\"@id\":\"https:\\\/\\\/regiaonews.net.br\\\/2022\\\/#organization\"},\"potentialAction\":[{\"@type\":\"SearchAction\",\"target\":{\"@type\":\"EntryPoint\",\"urlTemplate\":\"https:\\\/\\\/regiaonews.net.br\\\/2022\\\/?s={search_term_string}\"},\"query-input\":{\"@type\":\"PropertyValueSpecification\",\"valueRequired\":true,\"valueName\":\"search_term_string\"}}],\"inLanguage\":\"pt-BR\"},{\"@type\":\"Organization\",\"@id\":\"https:\\\/\\\/regiaonews.net.br\\\/2022\\\/#organization\",\"name\":\"Regi\u00e3o News\",\"url\":\"https:\\\/\\\/regiaonews.net.br\\\/2022\\\/\",\"logo\":{\"@type\":\"ImageObject\",\"inLanguage\":\"pt-BR\",\"@id\":\"https:\\\/\\\/regiaonews.net.br\\\/2022\\\/#\\\/schema\\\/logo\\\/image\\\/\",\"url\":\"https:\\\/\\\/regiaonews.net.br\\\/2022\\\/wp-content\\\/uploads\\\/2026\\\/03\\\/regiao-13-anos-scaled.jpg\",\"contentUrl\":\"https:\\\/\\\/regiaonews.net.br\\\/2022\\\/wp-content\\\/uploads\\\/2026\\\/03\\\/regiao-13-anos-scaled.jpg\",\"width\":2560,\"height\":635,\"caption\":\"Regi\u00e3o News\"},\"image\":{\"@id\":\"https:\\\/\\\/regiaonews.net.br\\\/2022\\\/#\\\/schema\\\/logo\\\/image\\\/\"}},{\"@type\":\"Person\",\"@id\":\"https:\\\/\\\/regiaonews.net.br\\\/2022\\\/#\\\/schema\\\/person\\\/2d205a608a5aa97ac279d7a5e6d89ad8\",\"name\":\"Roberto\",\"image\":{\"@type\":\"ImageObject\",\"inLanguage\":\"pt-BR\",\"@id\":\"https:\\\/\\\/secure.gravatar.com\\\/avatar\\\/42749d8b712ff9d59ca93dc150494e5b55a44134482993f5baeb97e61b7ecc89?s=96&d=mm&r=g\",\"url\":\"https:\\\/\\\/secure.gravatar.com\\\/avatar\\\/42749d8b712ff9d59ca93dc150494e5b55a44134482993f5baeb97e61b7ecc89?s=96&d=mm&r=g\",\"contentUrl\":\"https:\\\/\\\/secure.gravatar.com\\\/avatar\\\/42749d8b712ff9d59ca93dc150494e5b55a44134482993f5baeb97e61b7ecc89?s=96&d=mm&r=g\",\"caption\":\"Roberto\"},\"url\":\"https:\\\/\\\/regiaonews.net.br\\\/2022\\\/author\\\/roberto\\\/\"}]}<\/script>\n<!-- \/ Yoast SEO plugin. -->","yoast_head_json":{"title":"PM de Gua\u00edra prende integrantes e armamento de quadrilha de roubo a bancos - Regi\u00e3o News","robots":{"index":"index","follow":"follow","max-snippet":"max-snippet:-1","max-image-preview":"max-image-preview:large","max-video-preview":"max-video-preview:-1"},"canonical":"https:\/\/regiaonews.net.br\/2022\/2021\/03\/26\/pm-de-guaira-prende-integrantes-e-armamento-de-quadrilha-de-roubo-a-bancos\/","og_locale":"pt_BR","og_type":"article","og_title":"PM de Gua\u00edra prende integrantes e armamento de quadrilha de roubo a bancos - Regi\u00e3o News","og_description":"&nbsp; &nbsp; Durante deslocamento pela rodovia Assis Chateaubriand, o Sd","og_url":"https:\/\/regiaonews.net.br\/2022\/2021\/03\/26\/pm-de-guaira-prende-integrantes-e-armamento-de-quadrilha-de-roubo-a-bancos\/","og_site_name":"Regi\u00e3o News","article_published_time":"2021-03-26T12:08:43+00:00","article_modified_time":"2021-03-26T19:01:32+00:00","og_image":[{"width":1152,"height":560,"url":"https:\/\/regiaonews.net.br\/2022\/wp-content\/uploads\/2021\/03\/IMG-20210326-WA0082.jpg","type":"image\/jpeg"}],"author":"Roberto","twitter_card":"summary_large_image","twitter_misc":{"Escrito por":"Roberto","Est. tempo de leitura":"2 minutos"},"schema":{"@context":"https:\/\/schema.org","@graph":[{"@type":"Article","@id":"https:\/\/regiaonews.net.br\/2022\/2021\/03\/26\/pm-de-guaira-prende-integrantes-e-armamento-de-quadrilha-de-roubo-a-bancos\/#article","isPartOf":{"@id":"https:\/\/regiaonews.net.br\/2022\/2021\/03\/26\/pm-de-guaira-prende-integrantes-e-armamento-de-quadrilha-de-roubo-a-bancos\/"},"author":{"name":"Roberto","@id":"https:\/\/regiaonews.net.br\/2022\/#\/schema\/person\/2d205a608a5aa97ac279d7a5e6d89ad8"},"headline":"PM de Gua\u00edra prende integrantes e armamento de quadrilha de roubo a bancos","datePublished":"2021-03-26T12:08:43+00:00","dateModified":"2021-03-26T19:01:32+00:00","mainEntityOfPage":{"@id":"https:\/\/regiaonews.net.br\/2022\/2021\/03\/26\/pm-de-guaira-prende-integrantes-e-armamento-de-quadrilha-de-roubo-a-bancos\/"},"wordCount":418,"commentCount":0,"publisher":{"@id":"https:\/\/regiaonews.net.br\/2022\/#organization"},"image":{"@id":"https:\/\/regiaonews.net.br\/2022\/2021\/03\/26\/pm-de-guaira-prende-integrantes-e-armamento-de-quadrilha-de-roubo-a-bancos\/#primaryimage"},"thumbnailUrl":"https:\/\/regiaonews.net.br\/2022\/wp-content\/uploads\/2021\/03\/IMG-20210326-WA0082.jpg","articleSection":["Cidades","Gua\u00edra","Policia"],"inLanguage":"pt-BR","potentialAction":[{"@type":"CommentAction","name":"Comment","target":["https:\/\/regiaonews.net.br\/2022\/2021\/03\/26\/pm-de-guaira-prende-integrantes-e-armamento-de-quadrilha-de-roubo-a-bancos\/#respond"]}]},{"@type":"WebPage","@id":"https:\/\/regiaonews.net.br\/2022\/2021\/03\/26\/pm-de-guaira-prende-integrantes-e-armamento-de-quadrilha-de-roubo-a-bancos\/","url":"https:\/\/regiaonews.net.br\/2022\/2021\/03\/26\/pm-de-guaira-prende-integrantes-e-armamento-de-quadrilha-de-roubo-a-bancos\/","name":"PM de Gua\u00edra prende integrantes e armamento de quadrilha de roubo a bancos - Regi\u00e3o News","isPartOf":{"@id":"https:\/\/regiaonews.net.br\/2022\/#website"},"primaryImageOfPage":{"@id":"https:\/\/regiaonews.net.br\/2022\/2021\/03\/26\/pm-de-guaira-prende-integrantes-e-armamento-de-quadrilha-de-roubo-a-bancos\/#primaryimage"},"image":{"@id":"https:\/\/regiaonews.net.br\/2022\/2021\/03\/26\/pm-de-guaira-prende-integrantes-e-armamento-de-quadrilha-de-roubo-a-bancos\/#primaryimage"},"thumbnailUrl":"https:\/\/regiaonews.net.br\/2022\/wp-content\/uploads\/2021\/03\/IMG-20210326-WA0082.jpg","datePublished":"2021-03-26T12:08:43+00:00","dateModified":"2021-03-26T19:01:32+00:00","breadcrumb":{"@id":"https:\/\/regiaonews.net.br\/2022\/2021\/03\/26\/pm-de-guaira-prende-integrantes-e-armamento-de-quadrilha-de-roubo-a-bancos\/#breadcrumb"},"inLanguage":"pt-BR","potentialAction":[{"@type":"ReadAction","target":["https:\/\/regiaonews.net.br\/2022\/2021\/03\/26\/pm-de-guaira-prende-integrantes-e-armamento-de-quadrilha-de-roubo-a-bancos\/"]}]},{"@type":"ImageObject","inLanguage":"pt-BR","@id":"https:\/\/regiaonews.net.br\/2022\/2021\/03\/26\/pm-de-guaira-prende-integrantes-e-armamento-de-quadrilha-de-roubo-a-bancos\/#primaryimage","url":"https:\/\/regiaonews.net.br\/2022\/wp-content\/uploads\/2021\/03\/IMG-20210326-WA0082.jpg","contentUrl":"https:\/\/regiaonews.net.br\/2022\/wp-content\/uploads\/2021\/03\/IMG-20210326-WA0082.jpg","width":1152,"height":560},{"@type":"BreadcrumbList","@id":"https:\/\/regiaonews.net.br\/2022\/2021\/03\/26\/pm-de-guaira-prende-integrantes-e-armamento-de-quadrilha-de-roubo-a-bancos\/#breadcrumb","itemListElement":[{"@type":"ListItem","position":1,"name":"In\u00edcio","item":"https:\/\/regiaonews.net.br\/2022\/"},{"@type":"ListItem","position":2,"name":"PM de Gua\u00edra prende integrantes e armamento de quadrilha de roubo a bancos"}]},{"@type":"WebSite","@id":"https:\/\/regiaonews.net.br\/2022\/#website","url":"https:\/\/regiaonews.net.br\/2022\/","name":"Regi\u00e3o News","description":"Site de Not\u00edcias de Barretos e regi\u00e3o","publisher":{"@id":"https:\/\/regiaonews.net.br\/2022\/#organization"},"potentialAction":[{"@type":"SearchAction","target":{"@type":"EntryPoint","urlTemplate":"https:\/\/regiaonews.net.br\/2022\/?s={search_term_string}"},"query-input":{"@type":"PropertyValueSpecification","valueRequired":true,"valueName":"search_term_string"}}],"inLanguage":"pt-BR"},{"@type":"Organization","@id":"https:\/\/regiaonews.net.br\/2022\/#organization","name":"Regi\u00e3o News","url":"https:\/\/regiaonews.net.br\/2022\/","logo":{"@type":"ImageObject","inLanguage":"pt-BR","@id":"https:\/\/regiaonews.net.br\/2022\/#\/schema\/logo\/image\/","url":"https:\/\/regiaonews.net.br\/2022\/wp-content\/uploads\/2026\/03\/regiao-13-anos-scaled.jpg","contentUrl":"https:\/\/regiaonews.net.br\/2022\/wp-content\/uploads\/2026\/03\/regiao-13-anos-scaled.jpg","width":2560,"height":635,"caption":"Regi\u00e3o News"},"image":{"@id":"https:\/\/regiaonews.net.br\/2022\/#\/schema\/logo\/image\/"}},{"@type":"Person","@id":"https:\/\/regiaonews.net.br\/2022\/#\/schema\/person\/2d205a608a5aa97ac279d7a5e6d89ad8","name":"Roberto","image":{"@type":"ImageObject","inLanguage":"pt-BR","@id":"https:\/\/secure.gravatar.com\/avatar\/42749d8b712ff9d59ca93dc150494e5b55a44134482993f5baeb97e61b7ecc89?s=96&d=mm&r=g","url":"https:\/\/secure.gravatar.com\/avatar\/42749d8b712ff9d59ca93dc150494e5b55a44134482993f5baeb97e61b7ecc89?s=96&d=mm&r=g","contentUrl":"https:\/\/secure.gravatar.com\/avatar\/42749d8b712ff9d59ca93dc150494e5b55a44134482993f5baeb97e61b7ecc89?s=96&d=mm&r=g","caption":"Roberto"},"url":"https:\/\/regiaonews.net.br\/2022\/author\/roberto\/"}]}},"publishpress_future_action":{"enabled":false,"date":"2026-05-03 22:16:20","action":"change-status","newStatus":"draft","terms":[],"taxonomy":"category","extraData":[]},"publishpress_future_workflow_manual_trigger":{"enabledWorkflows":[]},"_links":{"self":[{"href":"https:\/\/regiaonews.net.br\/2022\/wp-json\/wp\/v2\/posts\/44357","targetHints":{"allow":["GET"]}}],"collection":[{"href":"https:\/\/regiaonews.net.br\/2022\/wp-json\/wp\/v2\/posts"}],"about":[{"href":"https:\/\/regiaonews.net.br\/2022\/wp-json\/wp\/v2\/types\/post"}],"author":[{"embeddable":true,"href":"https:\/\/regiaonews.net.br\/2022\/wp-json\/wp\/v2\/users\/2"}],"replies":[{"embeddable":true,"href":"https:\/\/regiaonews.net.br\/2022\/wp-json\/wp\/v2\/comments?post=44357"}],"version-history":[{"count":0,"href":"https:\/\/regiaonews.net.br\/2022\/wp-json\/wp\/v2\/posts\/44357\/revisions"}],"wp:featuredmedia":[{"embeddable":true,"href":"https:\/\/regiaonews.net.br\/2022\/wp-json\/wp\/v2\/media\/44365"}],"wp:attachment":[{"href":"https:\/\/regiaonews.net.br\/2022\/wp-json\/wp\/v2\/media?parent=44357"}],"wp:term":[{"taxonomy":"category","embeddable":true,"href":"https:\/\/regiaonews.net.br\/2022\/wp-json\/wp\/v2\/categories?post=44357"},{"taxonomy":"post_tag","embeddable":true,"href":"https:\/\/regiaonews.net.br\/2022\/wp-json\/wp\/v2\/tags?post=44357"}],"curies":[{"name":"wp","href":"https:\/\/api.w.org\/{rel}","templated":true}]}}